{"id":7146,"date":"2013-02-08T17:01:24","date_gmt":"2013-02-08T13:01:24","guid":{"rendered":"http:\/\/www.zerdab.com\/?p=7146"},"modified":"2013-02-08T17:01:24","modified_gmt":"2013-02-08T13:01:24","slug":"prezident-xalqimizi-t%c9%99brik-etdi-video","status":"publish","type":"post","link":"https:\/\/www.zerdab.com\/?p=7146","title":{"rendered":"Prezident xalq\u0131m\u0131z\u0131 t\u0259brik etdi &#8211; V\u0130DEO"},"content":{"rendered":"<p><img loading=\"lazy\" decoding=\"async\" class=\"aligncenter size-medium wp-image-7147\" alt=\"Az\u0259rbaycan Prezidenti\" src=\"http:\/\/www.zerdab.com\/wp-content\/uploads\/2013\/02\/Prezident-350x292.jpg\" width=\"350\" height=\"292\" \/>M\u0259lum oldu\u011fu kimi, C\u0259nubi Amerikada yerl\u0259\u015f\u0259n Fransan\u0131n Qviana Kosmik M\u0259rk\u0259zinin Kuru kosmodromundan Az\u0259rbaycan\u0131n ilk milli s\u00fcni telekommunikasiya peyki &#8220;Azerspace-1&#8221; geostasionar orbit\u0259 \u00e7\u0131xar\u0131l\u0131b.<\/p>\n<p>AB\u015e-\u0131n &#8220;Orbital Sciences&#8221; \u015firk\u0259ti t\u0259r\u0259find\u0259n istehsal olunan &#8220;Azerspace-1&#8221; peyk &#8220;Ariane-5&#8221; kosmik da\u015f\u0131y\u0131c\u0131s\u0131 il\u0259 orbit\u0259 \u00e7\u0131xar\u0131l\u0131b. Peykin \u00fcmumi \u00e7\u0259kisi 3 250 kq t\u0259\u015fkil edir v\u0259 onun istifad\u0259 m\u00fcdd\u0259ti 15 ildir. Peyk 36 aktiv C v\u0259 Ku siqnal transponderl\u0259r\u0259 malikdir v\u0259 Az\u0259rbaycan, M\u0259rk\u0259zi Asiya, Avropa v\u0259 Afrika \u00f6lk\u0259l\u0259ri \u00fc\u00e7\u00fcn xidm\u0259t g\u00f6st\u0259r\u0259c\u0259k. Peykin imkanlar\u0131n\u0131n 20 faizi Az\u0259rbaycan\u0131n t\u0259l\u0259bat\u0131n\u0131 \u00f6d\u0259m\u0259k \u00fc\u00e7\u00fcn, qalan 80 faizi is\u0259 kommersiya m\u0259qs\u0259dil\u0259 istifad\u0259 edil\u0259c\u0259k.<\/p>\n<p>Yer s\u0259thinin m\u00fc\u015fahid\u0259si \u00fc\u00e7\u00fcn Az\u0259rbaycan peykinin a\u015fa\u011f\u0131 yer orbitin\u0259 \u00e7\u0131xar\u0131lmas\u0131 2015-ci il\u0259, ikinci telekommunikasiya peykinin orbit\u0259 \u00e7\u0131xar\u0131lmas\u0131 is\u0259 2016-c\u0131 il\u0259 planla\u015fd\u0131r\u0131l\u0131b.<\/p>\n<p>Az\u0259rbaycan\u0131n ilk milli s\u00fcni telekommunikasiya peykinin orbit\u0259 \u00e7\u0131xar\u0131lmas\u0131 m\u00fcnasib\u0259ti il\u0259 Prezident \u0130lham \u018fliyev xalq\u0131m\u0131z\u0131 t\u0259brik edib. www.zerdab.com sayt\u0131 bununla ba\u011fl\u0131 videonu t\u0259qdim edir.<\/p>\n<p><strong>www.zerdab.com<\/strong><\/p>\n<div class=\"youtube-embed\" data-video_id=\"9wV9emv_JqQ\"><iframe loading=\"lazy\" width=\"696\" height=\"522\" src=\"https:\/\/www.youtube.com\/embed\/9wV9emv_JqQ?feature=oembed&#038;enablejsapi=1\" frameborder=\"0\" gesture=\"media\" allowfullscreen><\/iframe><\/div>\n","protected":false},"excerpt":{"rendered":"<p>M\u0259lum oldu\u011fu kimi, C\u0259nubi Amerikada yerl\u0259\u015f\u0259n Fransan\u0131n Qviana Kosmik M\u0259rk\u0259zinin Kuru kosmodromundan Az\u0259rbaycan\u0131n ilk milli s\u00fcni telekommunikasiya peyki &#8220;Azerspace-1&#8221; geostasionar orbit\u0259 \u00e7\u0131xar\u0131l\u0131b. AB\u015e-\u0131n &#8220;Orbital Sciences&#8221; \u015firk\u0259ti t\u0259r\u0259find\u0259n istehsal olunan &#8220;Azerspace-1&#8221; peyk &#8220;Ariane-5&#8221; kosmik da\u015f\u0131y\u0131c\u0131s\u0131 il\u0259 orbit\u0259 \u00e7\u0131xar\u0131l\u0131b. Peykin \u00fcmumi \u00e7\u0259kisi 3 250 kq t\u0259\u015fkil edir v\u0259 onun istifad\u0259 m\u00fcdd\u0259ti 15 ildir. Peyk 36 aktiv C [&hellip;]<\/p>\n","protected":false},"author":1,"featured_media":0,"comment_status":"open","ping_status":"open","sticky":false,"template":"","format":"standard","meta":{"footnotes":""},"categories":[5],"tags":[],"class_list":{"0":"post-7146","1":"post","2":"type-post","3":"status-publish","4":"format-standard","6":"category-knd"},"yoast_head":"<!-- This site is optimized with the Yoast SEO plugin v27.0 - https:\/\/yoast.com\/product\/yoast-seo-wordpress\/ -->\n<title>Prezident xalq\u0131m\u0131z\u0131 t\u0259brik etdi - V\u0130DEO - Z\u0259rdab.com<\/title>\n<meta name=\"robots\" content=\"index, follow, max-snippet:-1, max-image-preview:large, max-video-preview:-1\" \/>\n<link rel=\"canonical\" href=\"https:\/\/www.zerdab.com\/?p=7146\" \/>\n<meta property=\"og:locale\" content=\"az_AZ\" \/>\n<meta property=\"og:type\" content=\"article\" \/>\n<meta property=\"og:title\" content=\"Prezident xalq\u0131m\u0131z\u0131 t\u0259brik etdi - V\u0130DEO - Z\u0259rdab.com\" \/>\n<meta property=\"og:description\" content=\"M\u0259lum oldu\u011fu kimi, C\u0259nubi Amerikada yerl\u0259\u015f\u0259n Fransan\u0131n Qviana Kosmik M\u0259rk\u0259zinin Kuru kosmodromundan Az\u0259rbaycan\u0131n ilk milli s\u00fcni telekommunikasiya peyki &#8220;Azerspace-1&#8221; geostasionar orbit\u0259 \u00e7\u0131xar\u0131l\u0131b. AB\u015e-\u0131n &#8220;Orbital Sciences&#8221; \u015firk\u0259ti t\u0259r\u0259find\u0259n istehsal olunan &#8220;Azerspace-1&#8221; peyk &#8220;Ariane-5&#8221; kosmik da\u015f\u0131y\u0131c\u0131s\u0131 il\u0259 orbit\u0259 \u00e7\u0131xar\u0131l\u0131b. Peykin \u00fcmumi \u00e7\u0259kisi 3 250 kq t\u0259\u015fkil edir v\u0259 onun istifad\u0259 m\u00fcdd\u0259ti 15 ildir. Peyk 36 aktiv C [&hellip;]\" \/>\n<meta property=\"og:url\" content=\"https:\/\/www.zerdab.com\/?p=7146\" \/>\n<meta property=\"og:site_name\" content=\"Z\u0259rdab.com\" \/>\n<meta property=\"article:published_time\" content=\"2013-02-08T13:01:24+00:00\" \/>\n<meta property=\"og:image\" content=\"http:\/\/www.zerdab.com\/wp-content\/uploads\/2013\/02\/Prezident-350x292.jpg\" \/>\n<meta name=\"author\" content=\"admin\" \/>\n<meta name=\"twitter:card\" content=\"summary_large_image\" \/>\n<meta name=\"twitter:label1\" content=\"Written by\" \/>\n\t<meta name=\"twitter:data1\" content=\"admin\" \/>\n\t<meta name=\"twitter:label2\" content=\"Est. reading time\" \/>\n\t<meta name=\"twitter:data2\" content=\"1 minute\" \/>\n<script type=\"application\/ld+json\" class=\"yoast-schema-graph\">{\"@context\":\"https:\/\/schema.org\",\"@graph\":[{\"@type\":\"Article\",\"@id\":\"https:\/\/www.zerdab.com\/?p=7146#article\",\"isPartOf\":{\"@id\":\"https:\/\/www.zerdab.com\/?p=7146\"},\"author\":{\"name\":\"admin\",\"@id\":\"https:\/\/www.zerdab.com\/#\/schema\/person\/97079b7570c1e89ec0d9e138c3672136\"},\"headline\":\"Prezident xalq\u0131m\u0131z\u0131 t\u0259brik etdi &#8211; V\u0130DEO\",\"datePublished\":\"2013-02-08T13:01:24+00:00\",\"mainEntityOfPage\":{\"@id\":\"https:\/\/www.zerdab.com\/?p=7146\"},\"wordCount\":221,\"commentCount\":0,\"image\":{\"@id\":\"https:\/\/www.zerdab.com\/?p=7146#primaryimage\"},\"thumbnailUrl\":\"http:\/\/www.zerdab.com\/wp-content\/uploads\/2013\/02\/Prezident-350x292.jpg\",\"articleSection\":[\"X\u018fB\u018fRL\u018fR\"],\"inLanguage\":\"az\",\"potentialAction\":[{\"@type\":\"CommentAction\",\"name\":\"Comment\",\"target\":[\"https:\/\/www.zerdab.com\/?p=7146#respond\"]}]},{\"@type\":\"WebPage\",\"@id\":\"https:\/\/www.zerdab.com\/?p=7146\",\"url\":\"https:\/\/www.zerdab.com\/?p=7146\",\"name\":\"Prezident xalq\u0131m\u0131z\u0131 t\u0259brik etdi - V\u0130DEO - Z\u0259rdab.com\",\"isPartOf\":{\"@id\":\"https:\/\/www.zerdab.com\/#website\"},\"primaryImageOfPage\":{\"@id\":\"https:\/\/www.zerdab.com\/?p=7146#primaryimage\"},\"image\":{\"@id\":\"https:\/\/www.zerdab.com\/?p=7146#primaryimage\"},\"thumbnailUrl\":\"http:\/\/www.zerdab.com\/wp-content\/uploads\/2013\/02\/Prezident-350x292.jpg\",\"datePublished\":\"2013-02-08T13:01:24+00:00\",\"author\":{\"@id\":\"https:\/\/www.zerdab.com\/#\/schema\/person\/97079b7570c1e89ec0d9e138c3672136\"},\"breadcrumb\":{\"@id\":\"https:\/\/www.zerdab.com\/?p=7146#breadcrumb\"},\"inLanguage\":\"az\",\"potentialAction\":[{\"@type\":\"ReadAction\",\"target\":[\"https:\/\/www.zerdab.com\/?p=7146\"]}]},{\"@type\":\"ImageObject\",\"inLanguage\":\"az\",\"@id\":\"https:\/\/www.zerdab.com\/?p=7146#primaryimage\",\"url\":\"\",\"contentUrl\":\"\"},{\"@type\":\"BreadcrumbList\",\"@id\":\"https:\/\/www.zerdab.com\/?p=7146#breadcrumb\",\"itemListElement\":[{\"@type\":\"ListItem\",\"position\":1,\"name\":\"Home\",\"item\":\"https:\/\/www.zerdab.com\/\"},{\"@type\":\"ListItem\",\"position\":2,\"name\":\"Prezident xalq\u0131m\u0131z\u0131 t\u0259brik etdi &#8211; V\u0130DEO\"}]},{\"@type\":\"WebSite\",\"@id\":\"https:\/\/www.zerdab.com\/#website\",\"url\":\"https:\/\/www.zerdab.com\/\",\"name\":\"Z\u0259rdab.com\",\"description\":\"\",\"potentialAction\":[{\"@type\":\"SearchAction\",\"target\":{\"@type\":\"EntryPoint\",\"urlTemplate\":\"https:\/\/www.zerdab.com\/?s={search_term_string}\"},\"query-input\":{\"@type\":\"PropertyValueSpecification\",\"valueRequired\":true,\"valueName\":\"search_term_string\"}}],\"inLanguage\":\"az\"},{\"@type\":\"Person\",\"@id\":\"https:\/\/www.zerdab.com\/#\/schema\/person\/97079b7570c1e89ec0d9e138c3672136\",\"name\":\"admin\",\"image\":{\"@type\":\"ImageObject\",\"inLanguage\":\"az\",\"@id\":\"https:\/\/www.zerdab.com\/#\/schema\/person\/image\/\",\"url\":\"https:\/\/secure.gravatar.com\/avatar\/d9c52a9a27c32119cb6679a077fa3e2779e5f822c451cbf01098004361d466ec?s=96&d=mm&r=g\",\"contentUrl\":\"https:\/\/secure.gravatar.com\/avatar\/d9c52a9a27c32119cb6679a077fa3e2779e5f822c451cbf01098004361d466ec?s=96&d=mm&r=g\",\"caption\":\"admin\"},\"url\":\"https:\/\/www.zerdab.com\/?author=1\"}]}<\/script>\n<!-- \/ Yoast SEO plugin. -->","yoast_head_json":{"title":"Prezident xalq\u0131m\u0131z\u0131 t\u0259brik etdi - V\u0130DEO - Z\u0259rdab.com","robots":{"index":"index","follow":"follow","max-snippet":"max-snippet:-1","max-image-preview":"max-image-preview:large","max-video-preview":"max-video-preview:-1"},"canonical":"https:\/\/www.zerdab.com\/?p=7146","og_locale":"az_AZ","og_type":"article","og_title":"Prezident xalq\u0131m\u0131z\u0131 t\u0259brik etdi - V\u0130DEO - Z\u0259rdab.com","og_description":"M\u0259lum oldu\u011fu kimi, C\u0259nubi Amerikada yerl\u0259\u015f\u0259n Fransan\u0131n Qviana Kosmik M\u0259rk\u0259zinin Kuru kosmodromundan Az\u0259rbaycan\u0131n ilk milli s\u00fcni telekommunikasiya peyki &#8220;Azerspace-1&#8221; geostasionar orbit\u0259 \u00e7\u0131xar\u0131l\u0131b. AB\u015e-\u0131n &#8220;Orbital Sciences&#8221; \u015firk\u0259ti t\u0259r\u0259find\u0259n istehsal olunan &#8220;Azerspace-1&#8221; peyk &#8220;Ariane-5&#8221; kosmik da\u015f\u0131y\u0131c\u0131s\u0131 il\u0259 orbit\u0259 \u00e7\u0131xar\u0131l\u0131b. Peykin \u00fcmumi \u00e7\u0259kisi 3 250 kq t\u0259\u015fkil edir v\u0259 onun istifad\u0259 m\u00fcdd\u0259ti 15 ildir. Peyk 36 aktiv C [&hellip;]","og_url":"https:\/\/www.zerdab.com\/?p=7146","og_site_name":"Z\u0259rdab.com","article_published_time":"2013-02-08T13:01:24+00:00","og_image":[{"url":"http:\/\/www.zerdab.com\/wp-content\/uploads\/2013\/02\/Prezident-350x292.jpg","type":"","width":"","height":""}],"author":"admin","twitter_card":"summary_large_image","twitter_misc":{"Written by":"admin","Est. reading time":"1 minute"},"schema":{"@context":"https:\/\/schema.org","@graph":[{"@type":"Article","@id":"https:\/\/www.zerdab.com\/?p=7146#article","isPartOf":{"@id":"https:\/\/www.zerdab.com\/?p=7146"},"author":{"name":"admin","@id":"https:\/\/www.zerdab.com\/#\/schema\/person\/97079b7570c1e89ec0d9e138c3672136"},"headline":"Prezident xalq\u0131m\u0131z\u0131 t\u0259brik etdi &#8211; V\u0130DEO","datePublished":"2013-02-08T13:01:24+00:00","mainEntityOfPage":{"@id":"https:\/\/www.zerdab.com\/?p=7146"},"wordCount":221,"commentCount":0,"image":{"@id":"https:\/\/www.zerdab.com\/?p=7146#primaryimage"},"thumbnailUrl":"http:\/\/www.zerdab.com\/wp-content\/uploads\/2013\/02\/Prezident-350x292.jpg","articleSection":["X\u018fB\u018fRL\u018fR"],"inLanguage":"az","potentialAction":[{"@type":"CommentAction","name":"Comment","target":["https:\/\/www.zerdab.com\/?p=7146#respond"]}]},{"@type":"WebPage","@id":"https:\/\/www.zerdab.com\/?p=7146","url":"https:\/\/www.zerdab.com\/?p=7146","name":"Prezident xalq\u0131m\u0131z\u0131 t\u0259brik etdi - V\u0130DEO - Z\u0259rdab.com","isPartOf":{"@id":"https:\/\/www.zerdab.com\/#website"},"primaryImageOfPage":{"@id":"https:\/\/www.zerdab.com\/?p=7146#primaryimage"},"image":{"@id":"https:\/\/www.zerdab.com\/?p=7146#primaryimage"},"thumbnailUrl":"http:\/\/www.zerdab.com\/wp-content\/uploads\/2013\/02\/Prezident-350x292.jpg","datePublished":"2013-02-08T13:01:24+00:00","author":{"@id":"https:\/\/www.zerdab.com\/#\/schema\/person\/97079b7570c1e89ec0d9e138c3672136"},"breadcrumb":{"@id":"https:\/\/www.zerdab.com\/?p=7146#breadcrumb"},"inLanguage":"az","potentialAction":[{"@type":"ReadAction","target":["https:\/\/www.zerdab.com\/?p=7146"]}]},{"@type":"ImageObject","inLanguage":"az","@id":"https:\/\/www.zerdab.com\/?p=7146#primaryimage","url":"","contentUrl":""},{"@type":"BreadcrumbList","@id":"https:\/\/www.zerdab.com\/?p=7146#breadcrumb","itemListElement":[{"@type":"ListItem","position":1,"name":"Home","item":"https:\/\/www.zerdab.com\/"},{"@type":"ListItem","position":2,"name":"Prezident xalq\u0131m\u0131z\u0131 t\u0259brik etdi &#8211; V\u0130DEO"}]},{"@type":"WebSite","@id":"https:\/\/www.zerdab.com\/#website","url":"https:\/\/www.zerdab.com\/","name":"Z\u0259rdab.com","description":"","potentialAction":[{"@type":"SearchAction","target":{"@type":"EntryPoint","urlTemplate":"https:\/\/www.zerdab.com\/?s={search_term_string}"},"query-input":{"@type":"PropertyValueSpecification","valueRequired":true,"valueName":"search_term_string"}}],"inLanguage":"az"},{"@type":"Person","@id":"https:\/\/www.zerdab.com\/#\/schema\/person\/97079b7570c1e89ec0d9e138c3672136","name":"admin","image":{"@type":"ImageObject","inLanguage":"az","@id":"https:\/\/www.zerdab.com\/#\/schema\/person\/image\/","url":"https:\/\/secure.gravatar.com\/avatar\/d9c52a9a27c32119cb6679a077fa3e2779e5f822c451cbf01098004361d466ec?s=96&d=mm&r=g","contentUrl":"https:\/\/secure.gravatar.com\/avatar\/d9c52a9a27c32119cb6679a077fa3e2779e5f822c451cbf01098004361d466ec?s=96&d=mm&r=g","caption":"admin"},"url":"https:\/\/www.zerdab.com\/?author=1"}]}},"_links":{"self":[{"href":"https:\/\/www.zerdab.com\/index.php?rest_route=\/wp\/v2\/posts\/7146","targetHints":{"allow":["GET"]}}],"collection":[{"href":"https:\/\/www.zerdab.com\/index.php?rest_route=\/wp\/v2\/posts"}],"about":[{"href":"https:\/\/www.zerdab.com\/index.php?rest_route=\/wp\/v2\/types\/post"}],"author":[{"embeddable":true,"href":"https:\/\/www.zerdab.com\/index.php?rest_route=\/wp\/v2\/users\/1"}],"replies":[{"embeddable":true,"href":"https:\/\/www.zerdab.com\/index.php?rest_route=%2Fwp%2Fv2%2Fcomments&post=7146"}],"version-history":[{"count":1,"href":"https:\/\/www.zerdab.com\/index.php?rest_route=\/wp\/v2\/posts\/7146\/revisions"}],"predecessor-version":[{"id":7148,"href":"https:\/\/www.zerdab.com\/index.php?rest_route=\/wp\/v2\/posts\/7146\/revisions\/7148"}],"wp:attachment":[{"href":"https:\/\/www.zerdab.com\/index.php?rest_route=%2Fwp%2Fv2%2Fmedia&parent=7146"}],"wp:term":[{"taxonomy":"category","embeddable":true,"href":"https:\/\/www.zerdab.com\/index.php?rest_route=%2Fwp%2Fv2%2Fcategories&post=7146"},{"taxonomy":"post_tag","embeddable":true,"href":"https:\/\/www.zerdab.com\/index.php?rest_route=%2Fwp%2Fv2%2Ftags&post=7146"}],"curies":[{"name":"wp","href":"https:\/\/api.w.org\/{rel}","templated":true}]}}