{"id":7159,"date":"2013-02-09T13:20:07","date_gmt":"2013-02-09T09:20:07","guid":{"rendered":"http:\/\/www.zerdab.com\/?p=7159"},"modified":"2013-02-13T00:27:58","modified_gmt":"2013-02-12T20:27:58","slug":"z%c9%99rdabda-t%c9%99hsil-iscil%c9%99ri-il%c9%99-gorus-kecirildi","status":"publish","type":"post","link":"https:\/\/www.zerdab.com\/?p=7159","title":{"rendered":"Z\u0259rdabda t\u0259hsil i\u015f\u00e7il\u0259ri il\u0259 g\u00f6r\u00fc\u015f ke\u00e7irildi &#8211; fotolar"},"content":{"rendered":"<p><strong><img loading=\"lazy\" decoding=\"async\" class=\"aligncenter size-medium wp-image-7162\" alt=\"Z\u0259rdab-rayonu\" src=\"http:\/\/www.zerdab.com\/wp-content\/uploads\/2013\/02\/Zerdab-rayonu13-350x232.jpg\" width=\"350\" height=\"232\" \/>Fevral\u0131n 9-da Z\u0259rdab rayonunda t\u0259hsil i\u015f\u00e7il\u0259ri il\u0259 rayon r\u0259hb\u0259rliyinin g\u00f6r\u00fc\u015f\u00fc ke\u00e7irilib. G\u00f6r\u00fc\u015fd\u0259 2012-ci ild\u0259 rayonun ictimai-siyasi v\u0259 sosial-iqtisadi sah\u0259l\u0259rd\u0259 g\u00f6r\u00fclm\u00fc\u015f i\u015fl\u0259r v\u0259 2013-c\u00fc ild\u0259 qar\u015f\u0131da duran v\u0259zif\u0259l\u0259r bar\u0259d\u0259 Rayon \u0130cra Hakimiyy\u0259tinin ba\u015f\u00e7\u0131s\u0131 c\u0259nab L\u00fctv\u0259li Babayevin hesabat m\u0259ruz\u0259si m\u00fczakir\u0259 olunub.<\/strong><\/p>\n<p>G\u00f6r\u00fc\u015fd\u0259 i\u015ftirak ed\u0259n icra ba\u015f\u00e7\u0131s\u0131 L\u00fctv\u0259li Babayev m\u0259ruz\u0259nin b\u0259zi m\u0259qamlar\u0131 il\u0259 i\u015ftirak\u00e7\u0131lar\u0131 tan\u0131\u015f edib v\u0259 qeyd olunub ki, 2012-ci ild\u0259 rayonda b\u00fct\u00fcn sah\u0259l\u0259rd\u0259 \u0259sasl\u0131 ir\u0259lil\u0259yi\u015f\u0259 nail olunub.<\/p>\n<p>K\u0259nd t\u0259s\u0259rr\u00fcfat\u0131nda v\u0259 tikinti-abadl\u0131q sah\u0259sind\u0259 g\u00f6r\u00fcl\u0259n i\u015fl\u0259r \u00fcr\u0259ka\u00e7an olub.<\/p>\n<p>Hesabat ilinin z\u0259rdabl\u0131lar \u00fc\u00e7\u00fcn \u0259n \u0259lam\u0259tdar hadis\u0259si \u00f6lk\u0259 Prezidenti c\u0259nab \u0130lham \u018fliyevin oktyabr\u0131n 7-d\u0259 Z\u0259rdaba s\u0259f\u0259ri, \u00e7oxsayl\u0131 yeni obyektl\u0259rin, o c\u00fcml\u0259d\u0259n Heyd\u0259r \u018fliyev M\u0259rk\u0259zinin, G\u0259ncl\u0259r M\u0259rk\u0259zinin, su bula\u011f\u0131n\u0131n v\u0259 YAP rayon t\u0259\u015fkilat\u0131n\u0131n yeni inzibati binas\u0131n\u0131n a\u00e7\u0131l\u0131\u015f\u0131nda i\u015ftirak\u0131, Heyd\u0259r \u018fliyev park\u0131 v\u0259 Veteranlar Evi il\u0259 tan\u0131\u015fl\u0131\u011f\u0131 v\u0259 ictimaiyy\u0259t n\u00fcmay\u0259nd\u0259l\u0259ri il\u0259 s\u0259mimi g\u00f6r\u00fc\u015f\u00fc olub.<\/p>\n<p>\u0130cra ba\u015f\u00e7\u0131s\u0131 onu da bildirib ki, 2012-ci ild\u0259 rayonun t\u0259hsil i\u015f\u00e7il\u0259ri \u00fc\u00e7\u00fcn d\u0259 sevindirici olub. Haz\u0131rda rayonda 43 \u00fcmumt\u0259hsil m\u0259kt\u0259bi f\u0259aliyy\u0259t g\u00f6st\u0259rir. 6956 n\u0259f\u0259r \u015fagirdin t\u0259lim t\u0259rbiy\u0259si il\u0259 978 n\u0259f\u0259r pedaqoji i\u015f\u00e7i \u00e7al\u0131\u015f\u0131r. Son 5 ild\u0259 13 yeni m\u0259kt\u0259b binas\u0131 tikilib, 1 m\u0259kt\u0259b, 3 u\u015faq ba\u011f\u00e7as\u0131 \u0259sasl\u0131 t\u0259mir olunub, 4 m\u0259kt\u0259bin istilik sistemi b\u0259rpa olunub. Haz\u0131rda rayonun \u00c7all\u0131, \u0130saqba\u011f\u0131 v\u0259 A\u015fa\u011f\u0131 Seyidl\u0259r k\u0259ndl\u0259rind\u0259 yeni m\u0259kt\u0259b binalar\u0131 tikilir. 2012-ci ild\u0259 rayon \u00fczr\u0259 103 n\u0259f\u0259r ali m\u0259kt\u0259bl\u0259r\u0259 q\u0259bul olunub. Hans\u0131 ki, 2007-ci ild\u0259 bu r\u0259q\u0259m c\u0259mi 47 n\u0259f\u0259r olub. Son ill\u0259rd\u0259 7 n\u0259f\u0259r &#8220;\u018fm\u0259kdar m\u00fc\u0259llim&#8221; ad\u0131na layiq g\u00f6r\u00fcl\u00fcb, 4 n\u0259f\u0259r &#8220;T\u0259r\u0259qqi&#8221; medal\u0131 il\u0259, 3 n\u0259f\u0259r T\u0259hsil Nazirliyinin &#8220;Qabaqc\u0131l t\u0259hsil i\u015f\u00e7isi&#8221; d\u00f6\u015f ni\u015fan\u0131 il\u0259 t\u0259ltif olunub. \u00d6t\u0259n d\u0259rs ilinin yekunlar\u0131na g\u00f6r\u0259 G\u0259lm\u0259 k\u0259nd tam orta m\u0259kt\u0259bi &#8220;\u018fn yax\u015f\u0131 \u00fcmumt\u0259hsil m\u00fc\u0259ssis\u0259si&#8221; m\u00fcsabiq\u0259sinin qalibi olub, 1 n\u0259f\u0259r &#8220;\u018fm\u0259kdar m\u00fc\u0259llim&#8221; ad\u0131na layiq g\u00f6r\u00fcl\u00fcb, 1 n\u0259f\u0259r is\u0259 &#8220;T\u0259r\u0259qqi&#8221; medal\u0131 il\u0259 t\u0259ltif edilib. &#8220;U\u015faq v\u0259 yeniyetm\u0259l\u0259rin elmi-texniki yarad\u0131c\u0131l\u0131\u011f\u0131&#8221; respublika m\u00fcsabiq\u0259sind\u0259 1-ci yer tutan 2 n\u0259f\u0259r m\u0259kt\u0259bli AB\u015e t\u0259hsil m\u00fc\u0259ssis\u0259l\u0259rind\u0259 t\u0259hsil almaq h\u00fcququ qazan\u0131b v\u0259 haz\u0131rda orada t\u0259hsil al\u0131rlar.<\/p>\n<p>M\u0259kt\u0259bli idman\u00e7\u0131lar\u0131n, x\u00fcsusil\u0259 \u015fahmat\u00e7\u0131lar\u0131n v\u0259 karate\u00e7il\u0259rin beyn\u0259lxalq turnirl\u0259rd\u0259, Avropa v\u0259 D\u00fcnya Kuboku yar\u0131\u015flar\u0131nda f\u0259al i\u015ftirak\u0131, y\u00fcks\u0259k yer tutmalar\u0131 raz\u0131l\u0131q hissi il\u0259 qeyd olunub.<\/p>\n<p>T\u0259hsil i\u015f\u00e7il\u0259rinin n\u00fcmay\u0259nd\u0259l\u0259ri \u00e7\u0131x\u0131\u015f ed\u0259r\u0259k b\u00fct\u00f6vl\u00fckd\u0259 hesabat ilind\u0259 Rayon \u0130cra Hakimiyy\u0259ti Ba\u015f\u00e7\u0131s\u0131n\u0131n r\u0259hb\u0259rliyi il\u0259 rayonda g\u00f6r\u00fcl\u0259n i\u015fl\u0259ri, \u00f6lk\u0259 r\u0259hb\u0259rinin diqq\u0259t v\u0259 qay\u011f\u0131s\u0131n\u0131 y\u00fcks\u0259k qiym\u0259tl\u0259ndirib v\u0259 t\u0259hsil sah\u0259sind\u0259 h\u0259lli vacib olan bir s\u0131ra m\u0259s\u0259l\u0259l\u0259rl\u0259 ba\u011fl\u0131 t\u0259klif v\u0259 m\u00fcraci\u0259tl\u0259rini d\u0259 bildiribl\u0259r.<\/p>\n<p>Y\u0131\u011f\u0131ncaq i\u015ftirak\u00e7\u0131lar\u0131 son vaxtlar bir qrup radikal m\u00fcxalif\u0259t\u00e7il\u0259rin t\u0259hriki il\u0259 \u0130smay\u0131ll\u0131 rayonunda ba\u015f ver\u0259n hadis\u0259l\u0259rin siyasil\u0259\u015fdirilm\u0259sini q\u0259tiyy\u0259tl\u0259 pisl\u0259yib v\u0259 respublikam\u0131zdak\u0131 ictimai-siyasi sabitlikd\u0259n raz\u0131 qald\u0131qlar\u0131n\u0131, \u0259n a\u011fr\u0131l\u0131 yerimiz olan Da\u011fl\u0131q Qaraba\u011f probleminin Ali Ba\u015f Komandan\u0131m\u0131z\u0131n r\u0259hb\u0259rliyi il\u0259 tezlikl\u0259 h\u0259ll olunaca\u011f\u0131na inamlar\u0131n\u0131 ifad\u0259 edibl\u0259r.<\/p>\n<p>G\u00f6r\u00fc\u015f i\u015ftirak\u00e7\u0131lar\u0131 yaz\u0131\u00e7\u0131 \u018fkr\u0259m \u018fylislinin &#8220;Da\u015f yuxular&#8221; \u0259s\u0259rin\u0259 d\u0259 m\u00fcnasib\u0259t bildir\u0259r\u0259k onun &#8220;m\u0259n az\u0259rbaycanl\u0131yam&#8221; dem\u0259y\u0259 bundan sonra m\u0259n\u0259vi haqq\u0131 olmamas\u0131n\u0131 b\u0259yan ed\u0259r\u0259k, \u018fkr\u0259m \u018fylislinin b\u00fct\u00fcn titullar\u0131ndan m\u0259hrum edilm\u0259si il\u0259 ba\u011fl\u0131 \u00f6lk\u0259 Prezidentinin m\u00fcvafiq s\u0259r\u0259ncamlar\u0131n\u0131\u00a0 alq\u0131\u015flad\u0131qlar\u0131n\u0131 bildiribl\u0259r.<\/p>\n<p>T\u0259hsil i\u015f\u00e7il\u0259ri 2013-c\u00fc ild\u0259 \u00fcmummilli lider Heyd\u0259r \u018fliyevin 90 illik yubileyi il\u0259 \u0259laq\u0259dar z\u0259rdabl\u0131lar\u0131n rayon \u0259razisind\u0259 90 min \u0259d\u0259d a\u011fac \u0259km\u0259k bar\u0259d\u0259 t\u0259\u015f\u0259bb\u00fcs\u00fcn\u0259 f\u0259al qo\u015fulduqlar\u0131n\u0131, bu istiqam\u0259td\u0259 t\u0259hsil m\u00fc\u0259ssis\u0259l\u0259rind\u0259 geni\u015fmiqyasl\u0131 t\u0259dbirl\u0259rin ke\u00e7irilm\u0259sin\u0259 art\u0131q ba\u015flan\u0131ld\u0131\u011f\u0131n\u0131 vur\u011fulay\u0131b v\u0259 bu ilin oktyabr\u0131nda Az\u0259rbaycanda ke\u00e7iril\u0259c\u0259k n\u00f6vb\u0259ti prezident se\u00e7kil\u0259rind\u0259 xalq\u0131m\u0131z\u0131n \u0259n layiqli namiz\u0259dini d\u0259st\u0259kl\u0259y\u0259c\u0259kl\u0259rini b\u0259yan edibl\u0259r.<\/p>\n<p>Y\u0131\u011f\u0131ncaqda Milli M\u0259clisin \u00fczv\u00fc Jal\u0259 \u018fliyeva i\u015ftirak v\u0259 \u00e7\u0131x\u0131\u015f edib.<\/p>\n<p><strong>www.zerdab.com<\/strong><\/p>\n<p><img loading=\"lazy\" decoding=\"async\" class=\"aligncenter size-medium wp-image-7165\" alt=\"Z\u0259rdab-rayonu\" src=\"http:\/\/www.zerdab.com\/wp-content\/uploads\/2013\/02\/Zerdab-rayonu21-350x232.jpg\" width=\"350\" height=\"232\" \/><\/p>\n<p><img loading=\"lazy\" decoding=\"async\" class=\"aligncenter size-medium wp-image-7160\" alt=\"Zerdab-rayonu\" src=\"http:\/\/www.zerdab.com\/wp-content\/uploads\/2013\/02\/Zerdab-rayonu9-350x232.jpg\" width=\"350\" height=\"232\" \/><\/p>\n<p><img loading=\"lazy\" decoding=\"async\" class=\"aligncenter size-medium wp-image-7173\" alt=\"Zerdab\" src=\"http:\/\/www.zerdab.com\/wp-content\/uploads\/2013\/02\/Zerdab-rayonu61-350x232.jpg\" width=\"350\" height=\"232\" \/><\/p>\n<p><img loading=\"lazy\" decoding=\"async\" class=\"aligncenter size-medium wp-image-7166\" alt=\"Z\u0259rdab-rayonu\" src=\"http:\/\/www.zerdab.com\/wp-content\/uploads\/2013\/02\/Zerdab-rayonu33-350x232.jpg\" width=\"350\" height=\"232\" \/><\/p>\n<p><img loading=\"lazy\" decoding=\"async\" class=\"aligncenter size-medium wp-image-7171\" alt=\"Jal\u0259 \u018fliyeva\" src=\"http:\/\/www.zerdab.com\/wp-content\/uploads\/2013\/02\/Jal\u0259-\u018fliyeva4-350x232.jpg\" width=\"350\" height=\"232\" \/><\/p>\n<p><img loading=\"lazy\" decoding=\"async\" class=\"aligncenter size-medium wp-image-7167\" alt=\"Z\u0259rdab-rayonu\" src=\"http:\/\/www.zerdab.com\/wp-content\/uploads\/2013\/02\/Zerdab-rayonu43-350x232.jpg\" width=\"350\" height=\"232\" \/><\/p>\n<p><img loading=\"lazy\" decoding=\"async\" class=\"aligncenter size-medium wp-image-7169\" alt=\"Baba Babayev\" src=\"http:\/\/www.zerdab.com\/wp-content\/uploads\/2013\/02\/Zerdab-rayonu51-350x232.jpg\" width=\"350\" height=\"232\" \/><\/p>\n","protected":false},"excerpt":{"rendered":"<p>Fevral\u0131n 9-da Z\u0259rdab rayonunda t\u0259hsil i\u015f\u00e7il\u0259ri il\u0259 rayon r\u0259hb\u0259rliyinin g\u00f6r\u00fc\u015f\u00fc ke\u00e7irilib. G\u00f6r\u00fc\u015fd\u0259 2012-ci ild\u0259 rayonun ictimai-siyasi v\u0259 sosial-iqtisadi sah\u0259l\u0259rd\u0259 g\u00f6r\u00fclm\u00fc\u015f i\u015fl\u0259r v\u0259 2013-c\u00fc ild\u0259 qar\u015f\u0131da duran v\u0259zif\u0259l\u0259r bar\u0259d\u0259 Rayon \u0130cra Hakimiyy\u0259tinin ba\u015f\u00e7\u0131s\u0131 c\u0259nab L\u00fctv\u0259li Babayevin hesabat m\u0259ruz\u0259si m\u00fczakir\u0259 olunub. G\u00f6r\u00fc\u015fd\u0259 i\u015ftirak ed\u0259n icra ba\u015f\u00e7\u0131s\u0131 L\u00fctv\u0259li Babayev m\u0259ruz\u0259nin b\u0259zi m\u0259qamlar\u0131 il\u0259 i\u015ftirak\u00e7\u0131lar\u0131 tan\u0131\u015f edib v\u0259 qeyd [&hellip;]<\/p>\n","protected":false},"author":1,"featured_media":0,"comment_status":"open","ping_status":"open","sticky":false,"template":"","format":"standard","meta":{"footnotes":""},"categories":[21],"tags":[],"class_list":{"0":"post-7159","1":"post","2":"type-post","3":"status-publish","4":"format-standard","6":"category-zrdab"},"yoast_head":"<!-- This site is optimized with the Yoast SEO plugin v27.0 - https:\/\/yoast.com\/product\/yoast-seo-wordpress\/ -->\n<title>Z\u0259rdabda t\u0259hsil i\u015f\u00e7il\u0259ri il\u0259 g\u00f6r\u00fc\u015f ke\u00e7irildi - fotolar - Z\u0259rdab.com<\/title>\n<meta name=\"robots\" content=\"index, follow, max-snippet:-1, max-image-preview:large, max-video-preview:-1\" \/>\n<link rel=\"canonical\" href=\"https:\/\/www.zerdab.com\/?p=7159\" \/>\n<meta property=\"og:locale\" content=\"az_AZ\" \/>\n<meta property=\"og:type\" content=\"article\" \/>\n<meta property=\"og:title\" content=\"Z\u0259rdabda t\u0259hsil i\u015f\u00e7il\u0259ri il\u0259 g\u00f6r\u00fc\u015f ke\u00e7irildi - fotolar - Z\u0259rdab.com\" \/>\n<meta property=\"og:description\" content=\"Fevral\u0131n 9-da Z\u0259rdab rayonunda t\u0259hsil i\u015f\u00e7il\u0259ri il\u0259 rayon r\u0259hb\u0259rliyinin g\u00f6r\u00fc\u015f\u00fc ke\u00e7irilib. G\u00f6r\u00fc\u015fd\u0259 2012-ci ild\u0259 rayonun ictimai-siyasi v\u0259 sosial-iqtisadi sah\u0259l\u0259rd\u0259 g\u00f6r\u00fclm\u00fc\u015f i\u015fl\u0259r v\u0259 2013-c\u00fc ild\u0259 qar\u015f\u0131da duran v\u0259zif\u0259l\u0259r bar\u0259d\u0259 Rayon \u0130cra Hakimiyy\u0259tinin ba\u015f\u00e7\u0131s\u0131 c\u0259nab L\u00fctv\u0259li Babayevin hesabat m\u0259ruz\u0259si m\u00fczakir\u0259 olunub. G\u00f6r\u00fc\u015fd\u0259 i\u015ftirak ed\u0259n icra ba\u015f\u00e7\u0131s\u0131 L\u00fctv\u0259li Babayev m\u0259ruz\u0259nin b\u0259zi m\u0259qamlar\u0131 il\u0259 i\u015ftirak\u00e7\u0131lar\u0131 tan\u0131\u015f edib v\u0259 qeyd [&hellip;]\" \/>\n<meta property=\"og:url\" content=\"https:\/\/www.zerdab.com\/?p=7159\" \/>\n<meta property=\"og:site_name\" content=\"Z\u0259rdab.com\" \/>\n<meta property=\"article:published_time\" content=\"2013-02-09T09:20:07+00:00\" \/>\n<meta property=\"article:modified_time\" content=\"2013-02-12T20:27:58+00:00\" \/>\n<meta property=\"og:image\" content=\"http:\/\/www.zerdab.com\/wp-content\/uploads\/2013\/02\/Zerdab-rayonu13-350x232.jpg\" \/>\n<meta name=\"author\" content=\"admin\" \/>\n<meta name=\"twitter:card\" content=\"summary_large_image\" \/>\n<meta name=\"twitter:label1\" content=\"Written by\" \/>\n\t<meta name=\"twitter:data1\" content=\"admin\" \/>\n\t<meta name=\"twitter:label2\" content=\"Est. reading time\" \/>\n\t<meta name=\"twitter:data2\" content=\"4 minutes\" \/>\n<script type=\"application\/ld+json\" class=\"yoast-schema-graph\">{\"@context\":\"https:\/\/schema.org\",\"@graph\":[{\"@type\":\"Article\",\"@id\":\"https:\/\/www.zerdab.com\/?p=7159#article\",\"isPartOf\":{\"@id\":\"https:\/\/www.zerdab.com\/?p=7159\"},\"author\":{\"name\":\"admin\",\"@id\":\"https:\/\/www.zerdab.com\/#\/schema\/person\/97079b7570c1e89ec0d9e138c3672136\"},\"headline\":\"Z\u0259rdabda t\u0259hsil i\u015f\u00e7il\u0259ri il\u0259 g\u00f6r\u00fc\u015f ke\u00e7irildi &#8211; fotolar\",\"datePublished\":\"2013-02-09T09:20:07+00:00\",\"dateModified\":\"2013-02-12T20:27:58+00:00\",\"mainEntityOfPage\":{\"@id\":\"https:\/\/www.zerdab.com\/?p=7159\"},\"wordCount\":908,\"commentCount\":4,\"image\":{\"@id\":\"https:\/\/www.zerdab.com\/?p=7159#primaryimage\"},\"thumbnailUrl\":\"http:\/\/www.zerdab.com\/wp-content\/uploads\/2013\/02\/Zerdab-rayonu13-350x232.jpg\",\"articleSection\":[\"C\u018fM\u0130YY\u018fT\"],\"inLanguage\":\"az\",\"potentialAction\":[{\"@type\":\"CommentAction\",\"name\":\"Comment\",\"target\":[\"https:\/\/www.zerdab.com\/?p=7159#respond\"]}]},{\"@type\":\"WebPage\",\"@id\":\"https:\/\/www.zerdab.com\/?p=7159\",\"url\":\"https:\/\/www.zerdab.com\/?p=7159\",\"name\":\"Z\u0259rdabda t\u0259hsil i\u015f\u00e7il\u0259ri il\u0259 g\u00f6r\u00fc\u015f ke\u00e7irildi - fotolar - Z\u0259rdab.com\",\"isPartOf\":{\"@id\":\"https:\/\/www.zerdab.com\/#website\"},\"primaryImageOfPage\":{\"@id\":\"https:\/\/www.zerdab.com\/?p=7159#primaryimage\"},\"image\":{\"@id\":\"https:\/\/www.zerdab.com\/?p=7159#primaryimage\"},\"thumbnailUrl\":\"http:\/\/www.zerdab.com\/wp-content\/uploads\/2013\/02\/Zerdab-rayonu13-350x232.jpg\",\"datePublished\":\"2013-02-09T09:20:07+00:00\",\"dateModified\":\"2013-02-12T20:27:58+00:00\",\"author\":{\"@id\":\"https:\/\/www.zerdab.com\/#\/schema\/person\/97079b7570c1e89ec0d9e138c3672136\"},\"breadcrumb\":{\"@id\":\"https:\/\/www.zerdab.com\/?p=7159#breadcrumb\"},\"inLanguage\":\"az\",\"potentialAction\":[{\"@type\":\"ReadAction\",\"target\":[\"https:\/\/www.zerdab.com\/?p=7159\"]}]},{\"@type\":\"ImageObject\",\"inLanguage\":\"az\",\"@id\":\"https:\/\/www.zerdab.com\/?p=7159#primaryimage\",\"url\":\"\",\"contentUrl\":\"\"},{\"@type\":\"BreadcrumbList\",\"@id\":\"https:\/\/www.zerdab.com\/?p=7159#breadcrumb\",\"itemListElement\":[{\"@type\":\"ListItem\",\"position\":1,\"name\":\"Home\",\"item\":\"https:\/\/www.zerdab.com\/\"},{\"@type\":\"ListItem\",\"position\":2,\"name\":\"Z\u0259rdabda t\u0259hsil i\u015f\u00e7il\u0259ri il\u0259 g\u00f6r\u00fc\u015f ke\u00e7irildi &#8211; fotolar\"}]},{\"@type\":\"WebSite\",\"@id\":\"https:\/\/www.zerdab.com\/#website\",\"url\":\"https:\/\/www.zerdab.com\/\",\"name\":\"Z\u0259rdab.com\",\"description\":\"\",\"potentialAction\":[{\"@type\":\"SearchAction\",\"target\":{\"@type\":\"EntryPoint\",\"urlTemplate\":\"https:\/\/www.zerdab.com\/?s={search_term_string}\"},\"query-input\":{\"@type\":\"PropertyValueSpecification\",\"valueRequired\":true,\"valueName\":\"search_term_string\"}}],\"inLanguage\":\"az\"},{\"@type\":\"Person\",\"@id\":\"https:\/\/www.zerdab.com\/#\/schema\/person\/97079b7570c1e89ec0d9e138c3672136\",\"name\":\"admin\",\"image\":{\"@type\":\"ImageObject\",\"inLanguage\":\"az\",\"@id\":\"https:\/\/www.zerdab.com\/#\/schema\/person\/image\/\",\"url\":\"https:\/\/secure.gravatar.com\/avatar\/d9c52a9a27c32119cb6679a077fa3e2779e5f822c451cbf01098004361d466ec?s=96&d=mm&r=g\",\"contentUrl\":\"https:\/\/secure.gravatar.com\/avatar\/d9c52a9a27c32119cb6679a077fa3e2779e5f822c451cbf01098004361d466ec?s=96&d=mm&r=g\",\"caption\":\"admin\"},\"url\":\"https:\/\/www.zerdab.com\/?author=1\"}]}<\/script>\n<!-- \/ Yoast SEO plugin. -->","yoast_head_json":{"title":"Z\u0259rdabda t\u0259hsil i\u015f\u00e7il\u0259ri il\u0259 g\u00f6r\u00fc\u015f ke\u00e7irildi - fotolar - Z\u0259rdab.com","robots":{"index":"index","follow":"follow","max-snippet":"max-snippet:-1","max-image-preview":"max-image-preview:large","max-video-preview":"max-video-preview:-1"},"canonical":"https:\/\/www.zerdab.com\/?p=7159","og_locale":"az_AZ","og_type":"article","og_title":"Z\u0259rdabda t\u0259hsil i\u015f\u00e7il\u0259ri il\u0259 g\u00f6r\u00fc\u015f ke\u00e7irildi - fotolar - Z\u0259rdab.com","og_description":"Fevral\u0131n 9-da Z\u0259rdab rayonunda t\u0259hsil i\u015f\u00e7il\u0259ri il\u0259 rayon r\u0259hb\u0259rliyinin g\u00f6r\u00fc\u015f\u00fc ke\u00e7irilib. G\u00f6r\u00fc\u015fd\u0259 2012-ci ild\u0259 rayonun ictimai-siyasi v\u0259 sosial-iqtisadi sah\u0259l\u0259rd\u0259 g\u00f6r\u00fclm\u00fc\u015f i\u015fl\u0259r v\u0259 2013-c\u00fc ild\u0259 qar\u015f\u0131da duran v\u0259zif\u0259l\u0259r bar\u0259d\u0259 Rayon \u0130cra Hakimiyy\u0259tinin ba\u015f\u00e7\u0131s\u0131 c\u0259nab L\u00fctv\u0259li Babayevin hesabat m\u0259ruz\u0259si m\u00fczakir\u0259 olunub. G\u00f6r\u00fc\u015fd\u0259 i\u015ftirak ed\u0259n icra ba\u015f\u00e7\u0131s\u0131 L\u00fctv\u0259li Babayev m\u0259ruz\u0259nin b\u0259zi m\u0259qamlar\u0131 il\u0259 i\u015ftirak\u00e7\u0131lar\u0131 tan\u0131\u015f edib v\u0259 qeyd [&hellip;]","og_url":"https:\/\/www.zerdab.com\/?p=7159","og_site_name":"Z\u0259rdab.com","article_published_time":"2013-02-09T09:20:07+00:00","article_modified_time":"2013-02-12T20:27:58+00:00","og_image":[{"url":"http:\/\/www.zerdab.com\/wp-content\/uploads\/2013\/02\/Zerdab-rayonu13-350x232.jpg","type":"","width":"","height":""}],"author":"admin","twitter_card":"summary_large_image","twitter_misc":{"Written by":"admin","Est. reading time":"4 minutes"},"schema":{"@context":"https:\/\/schema.org","@graph":[{"@type":"Article","@id":"https:\/\/www.zerdab.com\/?p=7159#article","isPartOf":{"@id":"https:\/\/www.zerdab.com\/?p=7159"},"author":{"name":"admin","@id":"https:\/\/www.zerdab.com\/#\/schema\/person\/97079b7570c1e89ec0d9e138c3672136"},"headline":"Z\u0259rdabda t\u0259hsil i\u015f\u00e7il\u0259ri il\u0259 g\u00f6r\u00fc\u015f ke\u00e7irildi &#8211; fotolar","datePublished":"2013-02-09T09:20:07+00:00","dateModified":"2013-02-12T20:27:58+00:00","mainEntityOfPage":{"@id":"https:\/\/www.zerdab.com\/?p=7159"},"wordCount":908,"commentCount":4,"image":{"@id":"https:\/\/www.zerdab.com\/?p=7159#primaryimage"},"thumbnailUrl":"http:\/\/www.zerdab.com\/wp-content\/uploads\/2013\/02\/Zerdab-rayonu13-350x232.jpg","articleSection":["C\u018fM\u0130YY\u018fT"],"inLanguage":"az","potentialAction":[{"@type":"CommentAction","name":"Comment","target":["https:\/\/www.zerdab.com\/?p=7159#respond"]}]},{"@type":"WebPage","@id":"https:\/\/www.zerdab.com\/?p=7159","url":"https:\/\/www.zerdab.com\/?p=7159","name":"Z\u0259rdabda t\u0259hsil i\u015f\u00e7il\u0259ri il\u0259 g\u00f6r\u00fc\u015f ke\u00e7irildi - fotolar - Z\u0259rdab.com","isPartOf":{"@id":"https:\/\/www.zerdab.com\/#website"},"primaryImageOfPage":{"@id":"https:\/\/www.zerdab.com\/?p=7159#primaryimage"},"image":{"@id":"https:\/\/www.zerdab.com\/?p=7159#primaryimage"},"thumbnailUrl":"http:\/\/www.zerdab.com\/wp-content\/uploads\/2013\/02\/Zerdab-rayonu13-350x232.jpg","datePublished":"2013-02-09T09:20:07+00:00","dateModified":"2013-02-12T20:27:58+00:00","author":{"@id":"https:\/\/www.zerdab.com\/#\/schema\/person\/97079b7570c1e89ec0d9e138c3672136"},"breadcrumb":{"@id":"https:\/\/www.zerdab.com\/?p=7159#breadcrumb"},"inLanguage":"az","potentialAction":[{"@type":"ReadAction","target":["https:\/\/www.zerdab.com\/?p=7159"]}]},{"@type":"ImageObject","inLanguage":"az","@id":"https:\/\/www.zerdab.com\/?p=7159#primaryimage","url":"","contentUrl":""},{"@type":"BreadcrumbList","@id":"https:\/\/www.zerdab.com\/?p=7159#breadcrumb","itemListElement":[{"@type":"ListItem","position":1,"name":"Home","item":"https:\/\/www.zerdab.com\/"},{"@type":"ListItem","position":2,"name":"Z\u0259rdabda t\u0259hsil i\u015f\u00e7il\u0259ri il\u0259 g\u00f6r\u00fc\u015f ke\u00e7irildi &#8211; fotolar"}]},{"@type":"WebSite","@id":"https:\/\/www.zerdab.com\/#website","url":"https:\/\/www.zerdab.com\/","name":"Z\u0259rdab.com","description":"","potentialAction":[{"@type":"SearchAction","target":{"@type":"EntryPoint","urlTemplate":"https:\/\/www.zerdab.com\/?s={search_term_string}"},"query-input":{"@type":"PropertyValueSpecification","valueRequired":true,"valueName":"search_term_string"}}],"inLanguage":"az"},{"@type":"Person","@id":"https:\/\/www.zerdab.com\/#\/schema\/person\/97079b7570c1e89ec0d9e138c3672136","name":"admin","image":{"@type":"ImageObject","inLanguage":"az","@id":"https:\/\/www.zerdab.com\/#\/schema\/person\/image\/","url":"https:\/\/secure.gravatar.com\/avatar\/d9c52a9a27c32119cb6679a077fa3e2779e5f822c451cbf01098004361d466ec?s=96&d=mm&r=g","contentUrl":"https:\/\/secure.gravatar.com\/avatar\/d9c52a9a27c32119cb6679a077fa3e2779e5f822c451cbf01098004361d466ec?s=96&d=mm&r=g","caption":"admin"},"url":"https:\/\/www.zerdab.com\/?author=1"}]}},"_links":{"self":[{"href":"https:\/\/www.zerdab.com\/index.php?rest_route=\/wp\/v2\/posts\/7159","targetHints":{"allow":["GET"]}}],"collection":[{"href":"https:\/\/www.zerdab.com\/index.php?rest_route=\/wp\/v2\/posts"}],"about":[{"href":"https:\/\/www.zerdab.com\/index.php?rest_route=\/wp\/v2\/types\/post"}],"author":[{"embeddable":true,"href":"https:\/\/www.zerdab.com\/index.php?rest_route=\/wp\/v2\/users\/1"}],"replies":[{"embeddable":true,"href":"https:\/\/www.zerdab.com\/index.php?rest_route=%2Fwp%2Fv2%2Fcomments&post=7159"}],"version-history":[{"count":11,"href":"https:\/\/www.zerdab.com\/index.php?rest_route=\/wp\/v2\/posts\/7159\/revisions"}],"predecessor-version":[{"id":7264,"href":"https:\/\/www.zerdab.com\/index.php?rest_route=\/wp\/v2\/posts\/7159\/revisions\/7264"}],"wp:attachment":[{"href":"https:\/\/www.zerdab.com\/index.php?rest_route=%2Fwp%2Fv2%2Fmedia&parent=7159"}],"wp:term":[{"taxonomy":"category","embeddable":true,"href":"https:\/\/www.zerdab.com\/index.php?rest_route=%2Fwp%2Fv2%2Fcategories&post=7159"},{"taxonomy":"post_tag","embeddable":true,"href":"https:\/\/www.zerdab.com\/index.php?rest_route=%2Fwp%2Fv2%2Ftags&post=7159"}],"curies":[{"name":"wp","href":"https:\/\/api.w.org\/{rel}","templated":true}]}}