{"id":7193,"date":"2013-02-11T00:03:17","date_gmt":"2013-02-10T20:03:17","guid":{"rendered":"http:\/\/www.zerdab.com\/?p=7193"},"modified":"2013-02-11T00:12:02","modified_gmt":"2013-02-10T20:12:02","slug":"%c9%99lv%c9%99ndlil%c9%99rd%c9%99n-saytimiza-m%c9%99ktub-var-%c9%99lv%c9%99nd%c9%99-q%c9%99s%c9%99b%c9%99-statusu-verilsin","status":"publish","type":"post","link":"https:\/\/www.zerdab.com\/?p=7193","title":{"rendered":"\u018flv\u0259ndlil\u0259rd\u0259n m\u0259ktub var: \u018flv\u0259nd\u0259 q\u0259s\u0259b\u0259 statusu verilsin"},"content":{"rendered":"<p><strong><img loading=\"lazy\" decoding=\"async\" class=\"aligncenter size-medium wp-image-7194\" alt=\"x\u0259rit\u0259\" src=\"http:\/\/www.zerdab.com\/wp-content\/uploads\/2013\/02\/x\u0259rit\u0259-350x233.jpg\" width=\"350\" height=\"233\" \/>Bu g\u00fcnl\u0259rd\u0259 www.zerdab.com sayt\u0131nda yay\u0131mlanan &#8220;Az\u0259rbaycan tarixini ara\u015fd\u0131ranlar Z\u0259rdab\u0131n \u018flv\u0259nd k\u0259ndin\u0259 g\u0259lsinl\u0259r&#8221; adl\u0131 m\u0259qal\u0259y\u0259 bu k\u0259ndin ziyal\u0131lar\u0131ndan cavab g\u0259lib. M\u0259lumat \u00fc\u00e7\u00fcn bildir\u0259k ki, yaz\u0131da Z\u0259rdab rayonunun \u018flv\u0259nd k\u0259ndinin n\u0259inki \u00f6lk\u0259mizin &#8211; \u015e\u0259rqin \u0259n q\u0259dim k\u0259ndl\u0259rind\u0259n biri oldu\u011fu, bu bax\u0131mdan tarix\u00e7il\u0259rin Az\u0259rbaycan tarixini ara\u015fd\u0131rark\u0259n \u018flv\u0259nd k\u0259ndin\u0259 x\u00fcsusi \u00f6n\u0259m verm\u0259l\u0259rinin vacibliyi vur\u011fulan\u0131b v\u0259 dig\u0259r maraql\u0131 faktlar \u00f6z \u0259ksini tap\u0131b.<\/strong><\/p>\n<p>Yaz\u0131ya reaksiya \u00f6z\u00fcn\u00fc \u00e7ox g\u00f6zl\u0259tm\u0259yib v\u0259 bununla \u0259laq\u0259dar sayt\u0131m\u0131z\u0131n elektron po\u00e7tuna m\u0259ktublar daxil olur. H\u0259min m\u0259ktublardan birinin m\u00fc\u0259llifi \u018flv\u0259nd b\u0259yl\u0259rind\u0259n olan R\u0259him b\u0259yin n\u0259v\u0259si, h\u00f6rm\u0259tli Maarif Qurbanovdur. Maarif m\u00fc\u0259llim yaz\u0131r: &#8220;\u018flv\u0259ndlil\u0259r v\u0259 \u018flv\u0259ndin q\u0259dim tarixi il\u0259 ba\u011fl\u0131 xo\u015f s\u00f6zl\u0259riniz\u0259 g\u00f6r\u0259 siz\u0259 t\u0259\u015f\u0259kk\u00fcr edir\u0259m. Qeyd etdiyiniz kimi, \u018flv\u0259nd rayonumuzun v\u0259 \u00f6lk\u0259mizin \u0259n q\u0259dim ya\u015fay\u0131\u015f m\u0259sk\u0259nidir v\u0259 q\u0259dim \u0130p\u0259k yolunun \u00fcz\u0259rind\u0259 yerl\u0259\u015fmi\u015fdir. \u018flv\u0259ndd\u0259 karvansaralar, \u00e7oxlu sayda ticar\u0259t d\u00fckanlar\u0131, tiki\u015f sexi, ip\u0259k, biyan emal\u0131 m\u00fc\u0259ssis\u0259l\u0259ri, d\u0259mir\u00e7i sexl\u0259ri olmu\u015fdur. \u018flv\u0259ndd\u0259 f\u0259aliyy\u0259t g\u00f6st\u0259r\u0259n &#8220;\u015e\u0259nb\u0259 bazar\u0131&#8221; k\u0259ndin ya\u015fl\u0131 sakinl\u0259rinin dedikl\u0259rin\u0259 g\u00f6r\u0259, 1920-ci il\u0259 q\u0259d\u0259r f\u0259aliyy\u0259t g\u00f6st\u0259rmi\u015fdir&#8221;.<\/p>\n<p>Maarif Qurbanov daha sonra yaz\u0131r: &#8220;\u018flv\u0259nd k\u0259ndind\u0259 1970-ci ill\u0259r\u0259 q\u0259d\u0259r i\u015fl\u0259mi\u015f &#8211; qo\u015fa b\u0259r\u0259, K\u00fcr \u00e7ay\u0131ndan ke\u00e7m\u0259kl\u0259 \u015eirvanla &#8211; Qaraba\u011f b\u00f6lg\u0259sini birl\u0259\u015fdir\u0259n yegan\u0259 ke\u00e7id olmu\u015fdur. Do\u011fru qeyd etmisiniz, \u018flv\u0259ndin tarix\u00e7il\u0259rin v\u0259 arxeoloqlar\u0131n t\u0259dqiqat\u0131na ehtiyac\u0131 \u00e7oxdur&#8221;.<\/p>\n<p>Maarif m\u00fc\u0259llim m\u0259ktubunda bir maraql\u0131 m\u0259qama da toxunur. Dediyin\u0259 g\u00f6r\u0259, haz\u0131rda \u018flv\u0259nd k\u0259ndind\u0259 1380-ci il\u0259 aid oldu\u011fu ehtimal edil\u0259n d\u0259mir\u00e7i al\u0259ti saxlan\u0131l\u0131r. Bu yerd\u0259 bir etiraf ed\u0259k ki, Maarif m\u00fc\u0259llimin b\u0259hs etdiyi d\u0259mir\u00e7i al\u0259tind\u0259n bizim x\u0259b\u0259rimiz yoxdur. Maarif m\u00fc\u0259llimd\u0259n xahi\u015f ed\u0259rdik ki, bu bar\u0259d\u0259 bizi \u0259trafl\u0131 m\u0259lumatland\u0131rs\u0131n. B\u00f6y\u00fck m\u0259mnuniyy\u0259tl\u0259, bu bar\u0259d\u0259 yaz\u0131n\u0131 sayt\u0131m\u0131zda yay\u0131mlama\u011fa haz\u0131r\u0131q. \u018fminik ki, bu yaz\u0131 da oxucular\u0131m\u0131z\u0131n mara\u011f\u0131na s\u0259b\u0259b olacaq.<\/p>\n<p>Maarif Qurbanov yaz\u0131r: &#8220;\u018flv\u0259n k\u0259ndinin q\u0259dimliyini \u0259ks etdir\u0259n &#8211; 1380-ci il\u0259 m\u0259xsus d\u0259mir\u00e7i al\u0259tini &#8211; &#8220;D\u0259mir Zindan&#8221;\u0131 bu g\u00fcn d\u0259 \u018flv\u0259ndd\u0259 saxlay\u0131r\u0131q. Bu al\u0259t bizim \u00fc\u00e7\u00fcn olduqca \u0259h\u0259miyy\u0259tli v\u0259 d\u0259y\u0259rlidir&#8221;.<\/p>\n<p>Sonda M. Qurbanov www.zerdab.com sayt\u0131 vasit\u0259si il\u0259 \u0259lv\u0259ndlil\u0259r ad\u0131ndan icra orqanlar\u0131na m\u00fcraci\u0259t ed\u0259r\u0259k \u018flv\u0259nd\u0259 q\u0259s\u0259b\u0259 statusunun verilm\u0259sini xahi\u015f edir: &#8220;Bir arzumuz da var, k\u0259ndimizin q\u0259dimliyini v\u0259 bug\u00fcnk\u00fc m\u00fcasirliyini n\u0259z\u0259r\u0259 alaraq, \u018flv\u0259nd\u0259 ABAD Q\u018fS\u018fB\u018f statusunun verilm\u0259sini yuxar\u0131 icra orqanlar\u0131ndan \u0259lv\u0259ndlil\u0259r ad\u0131ndan xahi\u015f edirik&#8221;.<\/p>\n<p>B\u0259s \u018flv\u0259nd k\u0259ndin\u0259 q\u0259s\u0259b\u0259 statusu veril\u0259 bil\u0259rmi? Praktikada, t\u0259cr\u00fcb\u0259d\u0259 bel\u0259 bir n\u00fcmun\u0259 varm\u0131? Ara\u015fd\u0131rmalar\u0131m\u0131z zaman\u0131 m\u0259lum oldu ki, sonuncu d\u0259f\u0259 \u00f6lk\u0259mizd\u0259 bel\u0259 bir hadis\u0259 \u00f6t\u0259n il ba\u015f verib. Bel\u0259 ki, Prezident \u0130lham \u018fliyevin s\u0259r\u0259ncam\u0131 il\u0259 Astara rayonunun \u018fr\u00e7ivan k\u0259ndin\u0259 q\u0259s\u0259b\u0259 statusu verilib.<\/p>\n<p>S\u0259r\u0259ncama \u0259sas\u0259n, Nazirl\u0259r Kabinetin\u0259 tap\u015f\u0131r\u0131l\u0131b ki, \u00fc\u00e7 ay m\u00fcdd\u0259tind\u0259 Az\u0259rbaycan Respublikas\u0131 qanunlar\u0131n\u0131n v\u0259 Az\u0259rbaycan Respublikas\u0131 Prezidentinin aktlar\u0131n\u0131n &#8220;Astara rayonunun \u018fr\u00e7ivan k\u0259ndin\u0259 q\u0259s\u0259b\u0259 statusunun verilm\u0259si haqq\u0131nda&#8221; qanuna uy\u011funla\u015fd\u0131r\u0131lmas\u0131 il\u0259 ba\u011fl\u0131 t\u0259klifl\u0259rini haz\u0131rlas\u0131n v\u0259 Az\u0259rbaycan Prezidentin\u0259 t\u0259qdim etsin; \u00fc\u00e7 ay m\u00fcdd\u0259tind\u0259 Nazirl\u0259r Kabinetinin normativ h\u00fcquqi aktlar\u0131n\u0131n h\u0259min qanuna uy\u011funla\u015fd\u0131r\u0131lmas\u0131n\u0131 t\u0259min etsin v\u0259 bu bar\u0259d\u0259 Az\u0259rbaycan Prezidentin\u0259 m\u0259lumat versin; m\u0259rk\u0259zi icra hakimiyy\u0259ti orqanlar\u0131n\u0131n normativ h\u00fcquqi aktlar\u0131n\u0131n h\u0259min qanuna uy\u011funla\u015fd\u0131r\u0131lmas\u0131n\u0131 n\u0259zar\u0259td\u0259 saxlas\u0131n v\u0259 bunun icras\u0131 bar\u0259d\u0259 be\u015f ay m\u00fcdd\u0259tind\u0259 Az\u0259rbaycan Prezidentin\u0259 m\u0259lumat versin; h\u0259min qanundan ir\u0259li g\u0259l\u0259n dig\u0259r m\u0259s\u0259l\u0259l\u0259ri h\u0259ll etsin.<\/p>\n<p>\u018fdliyy\u0259 Nazirliyi m\u0259rk\u0259zi icra hakimiyy\u0259ti orqanlar\u0131n\u0131n normativ h\u00fcquqi aktlar\u0131n\u0131n v\u0259 normativ xarakterli aktlar\u0131n &#8220;Astara rayonunun \u018fr\u00e7ivan k\u0259ndin\u0259 q\u0259s\u0259b\u0259 statusunun verilm\u0259si haqq\u0131nda&#8221; qanuna uy\u011funla\u015fd\u0131r\u0131lmas\u0131n\u0131 t\u0259min etm\u0259li v\u0259 bu bar\u0259d\u0259 Nazirl\u0259r Kabinetin\u0259 m\u0259lumat verm\u0259lidir.<\/p>\n<p>S\u0259n\u0259dd\u0259 o da qeyd olunub ki, Az\u0259rbaycan Respublikas\u0131n\u0131n Astara rayonunun \u018fr\u00e7ivan k\u0259nd inzibati \u0259razi dair\u0259si t\u0259rkibind\u0259ki \u018fr\u00e7ivan k\u0259ndin\u0259 q\u0259s\u0259b\u0259 statusu verilsin, \u018fr\u00e7ivan k\u0259nd inzibati \u0259razi dair\u0259si \u018fr\u00e7ivan q\u0259s\u0259b\u0259 inzibati \u0259razi dair\u0259si hesab edilsin.<\/p>\n<p>S\u0259n\u0259dd\u0259n d\u0259 g\u00f6r\u00fcnd\u00fcy\u00fc kimi, yax\u0131n ke\u00e7mi\u015fd\u0259 \u00f6lk\u0259mizd\u0259 bel\u0259 bir hadis\u0259 olub. Onu da bildir\u0259k ki, \u018fr\u00e7ivan da \u018flv\u0259nd kimi, Az\u0259rbaycan\u0131n q\u0259dim k\u0259ndl\u0259rind\u0259n biri olub.<\/p>\n<p>\u00dcmid ed\u0259k ki, \u018flv\u0259nd k\u0259ndinin \u0259halisinin, ziyal\u0131lar\u0131n\u0131n ad\u0131ndan edil\u0259n bu t\u0259klif, Z\u0259rdab rayon \u0130cra Hakimiyy\u0259ti t\u0259r\u0259find\u0259n d\u0259y\u0259rl\u0259ndiril\u0259c\u0259k v\u0259 \u0259g\u0259r m\u0259qbul hesab edil\u0259rs\u0259, bu t\u0259klif daha yuxar\u0131 instansiyalara \u00e7atd\u0131r\u0131lacaq.<\/p>\n<p>M\u00f6vzu il\u0259 \u0259laq\u0259dar Z\u0259rdab rayon \u0130cra Hakimiy\u0259tinin d\u0259 m\u00f6vqeyini yay\u0131mlama\u011fa haz\u0131r\u0131q.<\/p>\n<p><strong>www.zerdab.com<\/strong><\/p>\n","protected":false},"excerpt":{"rendered":"<p>Bu g\u00fcnl\u0259rd\u0259 www.zerdab.com sayt\u0131nda yay\u0131mlanan &#8220;Az\u0259rbaycan tarixini ara\u015fd\u0131ranlar Z\u0259rdab\u0131n \u018flv\u0259nd k\u0259ndin\u0259 g\u0259lsinl\u0259r&#8221; adl\u0131 m\u0259qal\u0259y\u0259 bu k\u0259ndin ziyal\u0131lar\u0131ndan cavab g\u0259lib. M\u0259lumat \u00fc\u00e7\u00fcn bildir\u0259k ki, yaz\u0131da Z\u0259rdab rayonunun \u018flv\u0259nd k\u0259ndinin n\u0259inki \u00f6lk\u0259mizin &#8211; \u015e\u0259rqin \u0259n q\u0259dim k\u0259ndl\u0259rind\u0259n biri oldu\u011fu, bu bax\u0131mdan tarix\u00e7il\u0259rin Az\u0259rbaycan tarixini ara\u015fd\u0131rark\u0259n \u018flv\u0259nd k\u0259ndin\u0259 x\u00fcsusi \u00f6n\u0259m verm\u0259l\u0259rinin vacibliyi vur\u011fulan\u0131b v\u0259 dig\u0259r maraql\u0131 faktlar \u00f6z [&hellip;]<\/p>\n","protected":false},"author":1,"featured_media":0,"comment_status":"open","ping_status":"open","sticky":false,"template":"","format":"standard","meta":{"footnotes":""},"categories":[21],"tags":[],"class_list":{"0":"post-7193","1":"post","2":"type-post","3":"status-publish","4":"format-standard","6":"category-zrdab"},"yoast_head":"<!-- This site is optimized with the Yoast SEO plugin v27.0 - https:\/\/yoast.com\/product\/yoast-seo-wordpress\/ -->\n<title>\u018flv\u0259ndlil\u0259rd\u0259n m\u0259ktub var: \u018flv\u0259nd\u0259 q\u0259s\u0259b\u0259 statusu verilsin - Z\u0259rdab.com<\/title>\n<meta name=\"robots\" content=\"index, follow, max-snippet:-1, max-image-preview:large, max-video-preview:-1\" \/>\n<link rel=\"canonical\" href=\"https:\/\/www.zerdab.com\/?p=7193\" \/>\n<meta property=\"og:locale\" content=\"az_AZ\" \/>\n<meta property=\"og:type\" content=\"article\" \/>\n<meta property=\"og:title\" content=\"\u018flv\u0259ndlil\u0259rd\u0259n m\u0259ktub var: \u018flv\u0259nd\u0259 q\u0259s\u0259b\u0259 statusu verilsin - Z\u0259rdab.com\" \/>\n<meta property=\"og:description\" content=\"Bu g\u00fcnl\u0259rd\u0259 www.zerdab.com sayt\u0131nda yay\u0131mlanan &#8220;Az\u0259rbaycan tarixini ara\u015fd\u0131ranlar Z\u0259rdab\u0131n \u018flv\u0259nd k\u0259ndin\u0259 g\u0259lsinl\u0259r&#8221; adl\u0131 m\u0259qal\u0259y\u0259 bu k\u0259ndin ziyal\u0131lar\u0131ndan cavab g\u0259lib. M\u0259lumat \u00fc\u00e7\u00fcn bildir\u0259k ki, yaz\u0131da Z\u0259rdab rayonunun \u018flv\u0259nd k\u0259ndinin n\u0259inki \u00f6lk\u0259mizin &#8211; \u015e\u0259rqin \u0259n q\u0259dim k\u0259ndl\u0259rind\u0259n biri oldu\u011fu, bu bax\u0131mdan tarix\u00e7il\u0259rin Az\u0259rbaycan tarixini ara\u015fd\u0131rark\u0259n \u018flv\u0259nd k\u0259ndin\u0259 x\u00fcsusi \u00f6n\u0259m verm\u0259l\u0259rinin vacibliyi vur\u011fulan\u0131b v\u0259 dig\u0259r maraql\u0131 faktlar \u00f6z [&hellip;]\" \/>\n<meta property=\"og:url\" content=\"https:\/\/www.zerdab.com\/?p=7193\" \/>\n<meta property=\"og:site_name\" content=\"Z\u0259rdab.com\" \/>\n<meta property=\"article:published_time\" content=\"2013-02-10T20:03:17+00:00\" \/>\n<meta property=\"article:modified_time\" content=\"2013-02-10T20:12:02+00:00\" \/>\n<meta name=\"author\" content=\"admin\" \/>\n<meta name=\"twitter:card\" content=\"summary_large_image\" \/>\n<meta name=\"twitter:label1\" content=\"Written by\" \/>\n\t<meta name=\"twitter:data1\" content=\"admin\" \/>\n\t<meta name=\"twitter:label2\" content=\"Est. reading time\" \/>\n\t<meta name=\"twitter:data2\" content=\"5 minutes\" \/>\n<script type=\"application\/ld+json\" class=\"yoast-schema-graph\">{\"@context\":\"https:\/\/schema.org\",\"@graph\":[{\"@type\":\"Article\",\"@id\":\"https:\/\/www.zerdab.com\/?p=7193#article\",\"isPartOf\":{\"@id\":\"https:\/\/www.zerdab.com\/?p=7193\"},\"author\":{\"name\":\"admin\",\"@id\":\"https:\/\/www.zerdab.com\/#\/schema\/person\/97079b7570c1e89ec0d9e138c3672136\"},\"headline\":\"\u018flv\u0259ndlil\u0259rd\u0259n m\u0259ktub var: \u018flv\u0259nd\u0259 q\u0259s\u0259b\u0259 statusu verilsin\",\"datePublished\":\"2013-02-10T20:03:17+00:00\",\"dateModified\":\"2013-02-10T20:12:02+00:00\",\"mainEntityOfPage\":{\"@id\":\"https:\/\/www.zerdab.com\/?p=7193\"},\"wordCount\":1045,\"commentCount\":5,\"articleSection\":[\"C\u018fM\u0130YY\u018fT\"],\"inLanguage\":\"az\",\"potentialAction\":[{\"@type\":\"CommentAction\",\"name\":\"Comment\",\"target\":[\"https:\/\/www.zerdab.com\/?p=7193#respond\"]}]},{\"@type\":\"WebPage\",\"@id\":\"https:\/\/www.zerdab.com\/?p=7193\",\"url\":\"https:\/\/www.zerdab.com\/?p=7193\",\"name\":\"\u018flv\u0259ndlil\u0259rd\u0259n m\u0259ktub var: \u018flv\u0259nd\u0259 q\u0259s\u0259b\u0259 statusu verilsin - Z\u0259rdab.com\",\"isPartOf\":{\"@id\":\"https:\/\/www.zerdab.com\/#website\"},\"datePublished\":\"2013-02-10T20:03:17+00:00\",\"dateModified\":\"2013-02-10T20:12:02+00:00\",\"author\":{\"@id\":\"https:\/\/www.zerdab.com\/#\/schema\/person\/97079b7570c1e89ec0d9e138c3672136\"},\"breadcrumb\":{\"@id\":\"https:\/\/www.zerdab.com\/?p=7193#breadcrumb\"},\"inLanguage\":\"az\",\"potentialAction\":[{\"@type\":\"ReadAction\",\"target\":[\"https:\/\/www.zerdab.com\/?p=7193\"]}]},{\"@type\":\"BreadcrumbList\",\"@id\":\"https:\/\/www.zerdab.com\/?p=7193#breadcrumb\",\"itemListElement\":[{\"@type\":\"ListItem\",\"position\":1,\"name\":\"Home\",\"item\":\"https:\/\/www.zerdab.com\/\"},{\"@type\":\"ListItem\",\"position\":2,\"name\":\"\u018flv\u0259ndlil\u0259rd\u0259n m\u0259ktub var: \u018flv\u0259nd\u0259 q\u0259s\u0259b\u0259 statusu verilsin\"}]},{\"@type\":\"WebSite\",\"@id\":\"https:\/\/www.zerdab.com\/#website\",\"url\":\"https:\/\/www.zerdab.com\/\",\"name\":\"Z\u0259rdab.com\",\"description\":\"\",\"potentialAction\":[{\"@type\":\"SearchAction\",\"target\":{\"@type\":\"EntryPoint\",\"urlTemplate\":\"https:\/\/www.zerdab.com\/?s={search_term_string}\"},\"query-input\":{\"@type\":\"PropertyValueSpecification\",\"valueRequired\":true,\"valueName\":\"search_term_string\"}}],\"inLanguage\":\"az\"},{\"@type\":\"Person\",\"@id\":\"https:\/\/www.zerdab.com\/#\/schema\/person\/97079b7570c1e89ec0d9e138c3672136\",\"name\":\"admin\",\"image\":{\"@type\":\"ImageObject\",\"inLanguage\":\"az\",\"@id\":\"https:\/\/www.zerdab.com\/#\/schema\/person\/image\/\",\"url\":\"https:\/\/secure.gravatar.com\/avatar\/d9c52a9a27c32119cb6679a077fa3e2779e5f822c451cbf01098004361d466ec?s=96&d=mm&r=g\",\"contentUrl\":\"https:\/\/secure.gravatar.com\/avatar\/d9c52a9a27c32119cb6679a077fa3e2779e5f822c451cbf01098004361d466ec?s=96&d=mm&r=g\",\"caption\":\"admin\"},\"url\":\"https:\/\/www.zerdab.com\/?author=1\"}]}<\/script>\n<!-- \/ Yoast SEO plugin. -->","yoast_head_json":{"title":"\u018flv\u0259ndlil\u0259rd\u0259n m\u0259ktub var: \u018flv\u0259nd\u0259 q\u0259s\u0259b\u0259 statusu verilsin - Z\u0259rdab.com","robots":{"index":"index","follow":"follow","max-snippet":"max-snippet:-1","max-image-preview":"max-image-preview:large","max-video-preview":"max-video-preview:-1"},"canonical":"https:\/\/www.zerdab.com\/?p=7193","og_locale":"az_AZ","og_type":"article","og_title":"\u018flv\u0259ndlil\u0259rd\u0259n m\u0259ktub var: \u018flv\u0259nd\u0259 q\u0259s\u0259b\u0259 statusu verilsin - Z\u0259rdab.com","og_description":"Bu g\u00fcnl\u0259rd\u0259 www.zerdab.com sayt\u0131nda yay\u0131mlanan &#8220;Az\u0259rbaycan tarixini ara\u015fd\u0131ranlar Z\u0259rdab\u0131n \u018flv\u0259nd k\u0259ndin\u0259 g\u0259lsinl\u0259r&#8221; adl\u0131 m\u0259qal\u0259y\u0259 bu k\u0259ndin ziyal\u0131lar\u0131ndan cavab g\u0259lib. M\u0259lumat \u00fc\u00e7\u00fcn bildir\u0259k ki, yaz\u0131da Z\u0259rdab rayonunun \u018flv\u0259nd k\u0259ndinin n\u0259inki \u00f6lk\u0259mizin &#8211; \u015e\u0259rqin \u0259n q\u0259dim k\u0259ndl\u0259rind\u0259n biri oldu\u011fu, bu bax\u0131mdan tarix\u00e7il\u0259rin Az\u0259rbaycan tarixini ara\u015fd\u0131rark\u0259n \u018flv\u0259nd k\u0259ndin\u0259 x\u00fcsusi \u00f6n\u0259m verm\u0259l\u0259rinin vacibliyi vur\u011fulan\u0131b v\u0259 dig\u0259r maraql\u0131 faktlar \u00f6z [&hellip;]","og_url":"https:\/\/www.zerdab.com\/?p=7193","og_site_name":"Z\u0259rdab.com","article_published_time":"2013-02-10T20:03:17+00:00","article_modified_time":"2013-02-10T20:12:02+00:00","author":"admin","twitter_card":"summary_large_image","twitter_misc":{"Written by":"admin","Est. reading time":"5 minutes"},"schema":{"@context":"https:\/\/schema.org","@graph":[{"@type":"Article","@id":"https:\/\/www.zerdab.com\/?p=7193#article","isPartOf":{"@id":"https:\/\/www.zerdab.com\/?p=7193"},"author":{"name":"admin","@id":"https:\/\/www.zerdab.com\/#\/schema\/person\/97079b7570c1e89ec0d9e138c3672136"},"headline":"\u018flv\u0259ndlil\u0259rd\u0259n m\u0259ktub var: \u018flv\u0259nd\u0259 q\u0259s\u0259b\u0259 statusu verilsin","datePublished":"2013-02-10T20:03:17+00:00","dateModified":"2013-02-10T20:12:02+00:00","mainEntityOfPage":{"@id":"https:\/\/www.zerdab.com\/?p=7193"},"wordCount":1045,"commentCount":5,"articleSection":["C\u018fM\u0130YY\u018fT"],"inLanguage":"az","potentialAction":[{"@type":"CommentAction","name":"Comment","target":["https:\/\/www.zerdab.com\/?p=7193#respond"]}]},{"@type":"WebPage","@id":"https:\/\/www.zerdab.com\/?p=7193","url":"https:\/\/www.zerdab.com\/?p=7193","name":"\u018flv\u0259ndlil\u0259rd\u0259n m\u0259ktub var: \u018flv\u0259nd\u0259 q\u0259s\u0259b\u0259 statusu verilsin - Z\u0259rdab.com","isPartOf":{"@id":"https:\/\/www.zerdab.com\/#website"},"datePublished":"2013-02-10T20:03:17+00:00","dateModified":"2013-02-10T20:12:02+00:00","author":{"@id":"https:\/\/www.zerdab.com\/#\/schema\/person\/97079b7570c1e89ec0d9e138c3672136"},"breadcrumb":{"@id":"https:\/\/www.zerdab.com\/?p=7193#breadcrumb"},"inLanguage":"az","potentialAction":[{"@type":"ReadAction","target":["https:\/\/www.zerdab.com\/?p=7193"]}]},{"@type":"BreadcrumbList","@id":"https:\/\/www.zerdab.com\/?p=7193#breadcrumb","itemListElement":[{"@type":"ListItem","position":1,"name":"Home","item":"https:\/\/www.zerdab.com\/"},{"@type":"ListItem","position":2,"name":"\u018flv\u0259ndlil\u0259rd\u0259n m\u0259ktub var: \u018flv\u0259nd\u0259 q\u0259s\u0259b\u0259 statusu verilsin"}]},{"@type":"WebSite","@id":"https:\/\/www.zerdab.com\/#website","url":"https:\/\/www.zerdab.com\/","name":"Z\u0259rdab.com","description":"","potentialAction":[{"@type":"SearchAction","target":{"@type":"EntryPoint","urlTemplate":"https:\/\/www.zerdab.com\/?s={search_term_string}"},"query-input":{"@type":"PropertyValueSpecification","valueRequired":true,"valueName":"search_term_string"}}],"inLanguage":"az"},{"@type":"Person","@id":"https:\/\/www.zerdab.com\/#\/schema\/person\/97079b7570c1e89ec0d9e138c3672136","name":"admin","image":{"@type":"ImageObject","inLanguage":"az","@id":"https:\/\/www.zerdab.com\/#\/schema\/person\/image\/","url":"https:\/\/secure.gravatar.com\/avatar\/d9c52a9a27c32119cb6679a077fa3e2779e5f822c451cbf01098004361d466ec?s=96&d=mm&r=g","contentUrl":"https:\/\/secure.gravatar.com\/avatar\/d9c52a9a27c32119cb6679a077fa3e2779e5f822c451cbf01098004361d466ec?s=96&d=mm&r=g","caption":"admin"},"url":"https:\/\/www.zerdab.com\/?author=1"}]}},"_links":{"self":[{"href":"https:\/\/www.zerdab.com\/index.php?rest_route=\/wp\/v2\/posts\/7193","targetHints":{"allow":["GET"]}}],"collection":[{"href":"https:\/\/www.zerdab.com\/index.php?rest_route=\/wp\/v2\/posts"}],"about":[{"href":"https:\/\/www.zerdab.com\/index.php?rest_route=\/wp\/v2\/types\/post"}],"author":[{"embeddable":true,"href":"https:\/\/www.zerdab.com\/index.php?rest_route=\/wp\/v2\/users\/1"}],"replies":[{"embeddable":true,"href":"https:\/\/www.zerdab.com\/index.php?rest_route=%2Fwp%2Fv2%2Fcomments&post=7193"}],"version-history":[{"count":7,"href":"https:\/\/www.zerdab.com\/index.php?rest_route=\/wp\/v2\/posts\/7193\/revisions"}],"predecessor-version":[{"id":7197,"href":"https:\/\/www.zerdab.com\/index.php?rest_route=\/wp\/v2\/posts\/7193\/revisions\/7197"}],"wp:attachment":[{"href":"https:\/\/www.zerdab.com\/index.php?rest_route=%2Fwp%2Fv2%2Fmedia&parent=7193"}],"wp:term":[{"taxonomy":"category","embeddable":true,"href":"https:\/\/www.zerdab.com\/index.php?rest_route=%2Fwp%2Fv2%2Fcategories&post=7193"},{"taxonomy":"post_tag","embeddable":true,"href":"https:\/\/www.zerdab.com\/index.php?rest_route=%2Fwp%2Fv2%2Ftags&post=7193"}],"curies":[{"name":"wp","href":"https:\/\/api.w.org\/{rel}","templated":true}]}}