{"id":7202,"date":"2013-02-11T10:19:15","date_gmt":"2013-02-11T06:19:15","guid":{"rendered":"http:\/\/www.zerdab.com\/?p=7202"},"modified":"2013-02-11T10:19:15","modified_gmt":"2013-02-11T06:19:15","slug":"p%c9%99rvin-mahmudova-mubariz-suca%c9%99ti-il%c9%99-g%c9%99ncliyimiz%c9%99-basucaligi-g%c9%99tirdi","status":"publish","type":"post","link":"https:\/\/www.zerdab.com\/?p=7202","title":{"rendered":"P\u0259rvin Mahmudova: &#8220;M\u00fcbariz \u015f\u00fcca\u0259ti il\u0259 g\u0259ncliyimiz\u0259 ba\u015fucal\u0131\u011f\u0131 g\u0259tirdi&#8221;"},"content":{"rendered":"<p><img loading=\"lazy\" decoding=\"async\" class=\"aligncenter size-medium wp-image-7204\" alt=\"\" src=\"http:\/\/www.zerdab.com\/wp-content\/uploads\/2013\/02\/Yap-Zerdab-Pervin-Mahmudova-350x262.jpg\" width=\"350\" height=\"262\" \/><strong>Do\u011fum g\u00fcn\u00fc m\u00fcnasib\u0259ti il\u0259 fevral\u0131n 7-d\u0259 Z\u0259rdab rayonundan bir qrup n\u00fcmay\u0259nd\u0259 hey\u0259tinin Milli Q\u0259hr\u0259man M\u00fcbariz \u0130brahimovun m\u0259zar\u0131n\u0131 ziyar\u0259t etm\u0259si bar\u0259d\u0259 m\u0259lumat vermi\u015fdik. Qeyd ed\u0259k ki, m\u0259rasimd\u0259 Yeni Az\u0259rbaycan Partiyas\u0131 (YAP) Z\u0259rdab rayon t\u0259\u015fkilat\u0131n\u0131n s\u0259dri P\u0259rvin Mahmudova v\u0259 bir qrup YAP f\u0259al\u0131 da i\u015ftirak edib. Milli Q\u0259hr\u0259man\u0131n m\u0259zar\u0131na g\u00fcl d\u0259st\u0259l\u0259ri d\u00fcz\u00fcl\u00fcb, m\u0259rhumun ruhuna dualar verilib, onun ke\u00e7diyi \u015f\u0259r\u0259fli \u00f6m\u00fcr yolundan dan\u0131\u015f\u0131l\u0131b.<\/strong><\/p>\n<p>YAP Z\u0259rdab rayon t\u0259\u015fkilat\u0131n\u0131n s\u0259dri P\u0259rvin Mahmudova s\u0259f\u0259r t\u0259\u0259ss\u00fcratlar\u0131n\u0131 www.zerdab.com sayt\u0131 il\u0259 b\u00f6l\u00fc\u015fd\u00fc: &#8220;M\u00fcbariz \u0130brahimov \u00f6z \u015f\u0259r\u0259fli \u00f6l\u00fcm\u00fc il\u0259, q\u0259hr\u0259manl\u0131\u011f\u0131 il\u0259 Az\u0259rbaycan o\u011flunun, Az\u0259rbaycan \u0259sg\u0259rinin n\u0259y\u0259 qadir oldu\u011funu b\u00fct\u00fcn d\u00fcnyaya s\u00fcbut etdi. M\u00fcbariz bu \u015f\u00fcca\u0259ti il\u0259 Az\u0259rbaycan g\u0259ncliyin\u0259 ba\u015fucal\u0131\u011f\u0131 g\u0259tirdi&#8221;.<\/p>\n<p>P\u0259rvin Mahmudova dedi ki, M\u00fcbariz \u0130brahimov kimi o\u011fullar, q\u0259hr\u0259manlar bir evd\u0259 b\u00f6y\u00fcs\u0259l\u0259r d\u0259, sonradan g\u00f6st\u0259rdikl\u0259ri igidliy\u0259, q\u0259hr\u0259manl\u0131\u011fa g\u00f6r\u0259, bir xalq\u0131n, mill\u0259tin o\u011flu, f\u0259xri olurlar: &#8220;Bu g\u00fcn Az\u0259rbaycanda M\u00fcbariz \u0130brahimova \u00e7ox b\u00f6y\u00fck sevgi var. Az\u0259rbaycan\u0131m\u0131z\u0131n h\u0259r yerind\u0259, o c\u00fcml\u0259d\u0259n, Z\u0259rdab rayonunda da onu \u00e7ox sevirl\u0259r. \u0130st\u0259nil\u0259n insan onunla ba\u011fl\u0131 \u00fcr\u0259k dolusu dan\u0131\u015fma\u011fa haz\u0131rd\u0131r. M\u00fcbariz 22 ya\u015f\u0131nda bir g\u0259nc olaraq \u015f\u0259hidlik m\u0259qam\u0131na y\u00fcks\u0259lib. Bu y\u00fcks\u0259k pill\u0259y\u0259, m\u0259qama h\u0259r k\u0259s ucala bilmir. Atalar deyir ki, &#8220;\u0130gid \u00f6l\u0259r, ad\u0131 qalar&#8221;. Prezident \u0130lham \u018fliyevin 22 iyul 2010-cu il tarixd\u0259 M\u00fcbariz A\u011fak\u0259rim o\u011flu \u0130brahimova &#8220;Az\u0259rbaycan\u0131n Milli Q\u0259hr\u0259man\u0131&#8221; ad\u0131n\u0131n verilm\u0259si v\u0259 onun xatir\u0259sinin \u0259b\u0259dil\u0259\u015fdirilm\u0259si haqq\u0131nda s\u0259r\u0259ncam imzalamas\u0131ndan sonra igid M\u00fcbarizimizin ad\u0131 tarix\u0259 h\u0259m d\u0259 &#8220;Az\u0259rbaycan\u0131n Milli Q\u0259hr\u0259man\u0131&#8221; kimi d\u00fc\u015fd\u00fc. M\u0259n inan\u0131ram v\u0259 \u0259min\u0259m ki, bu g\u00fcn Az\u0259rbaycan\u0131m\u0131zda, el\u0259c\u0259 d\u0259 bizim Z\u0259rdab rayonumuzda M\u00fcbarizin yolunu davam etdir\u0259c\u0259k minl\u0259rl\u0259 g\u0259nc var v\u0259 yeti\u015fm\u0259kd\u0259dir. Onlar M\u00fcbarizin davam\u00e7\u0131s\u0131d\u0131rlar. Allahdan M\u00fcbariz \u0130brahimova r\u0259hm\u0259t dil\u0259yirik. O, h\u0259r zaman bizim k\u00f6n\u00fcl\u00fcm\u00fczd\u0259, ruhumuzdad\u0131r. Az\u0259rbaycan xalq\u0131 onu h\u0259r zaman sevgi v\u0259 r\u0259\u011fb\u0259t hissi il\u0259 anacaq&#8221;.<\/p>\n<p><strong>www.zerdab.com<\/strong><\/p>\n<p><img loading=\"lazy\" decoding=\"async\" class=\"aligncenter size-medium wp-image-7203\" alt=\"P\u0259rvin Mahmudova\" src=\"http:\/\/www.zerdab.com\/wp-content\/uploads\/2013\/02\/Yap-Zerdab-Pervin-Mahmudova1-350x262.jpg\" width=\"350\" height=\"262\" \/><\/p>\n","protected":false},"excerpt":{"rendered":"<p>Do\u011fum g\u00fcn\u00fc m\u00fcnasib\u0259ti il\u0259 fevral\u0131n 7-d\u0259 Z\u0259rdab rayonundan bir qrup n\u00fcmay\u0259nd\u0259 hey\u0259tinin Milli Q\u0259hr\u0259man M\u00fcbariz \u0130brahimovun m\u0259zar\u0131n\u0131 ziyar\u0259t etm\u0259si bar\u0259d\u0259 m\u0259lumat vermi\u015fdik. Qeyd ed\u0259k ki, m\u0259rasimd\u0259 Yeni Az\u0259rbaycan Partiyas\u0131 (YAP) Z\u0259rdab rayon t\u0259\u015fkilat\u0131n\u0131n s\u0259dri P\u0259rvin Mahmudova v\u0259 bir qrup YAP f\u0259al\u0131 da i\u015ftirak edib. Milli Q\u0259hr\u0259man\u0131n m\u0259zar\u0131na g\u00fcl d\u0259st\u0259l\u0259ri d\u00fcz\u00fcl\u00fcb, m\u0259rhumun ruhuna dualar verilib, onun [&hellip;]<\/p>\n","protected":false},"author":1,"featured_media":0,"comment_status":"open","ping_status":"open","sticky":false,"template":"","format":"standard","meta":{"footnotes":""},"categories":[21],"tags":[],"class_list":{"0":"post-7202","1":"post","2":"type-post","3":"status-publish","4":"format-standard","6":"category-zrdab"},"yoast_head":"<!-- This site is optimized with the Yoast SEO plugin v27.0 - https:\/\/yoast.com\/product\/yoast-seo-wordpress\/ -->\n<title>P\u0259rvin Mahmudova: &quot;M\u00fcbariz \u015f\u00fcca\u0259ti il\u0259 g\u0259ncliyimiz\u0259 ba\u015fucal\u0131\u011f\u0131 g\u0259tirdi&quot; - Z\u0259rdab.com<\/title>\n<meta name=\"robots\" content=\"index, follow, max-snippet:-1, max-image-preview:large, max-video-preview:-1\" \/>\n<link rel=\"canonical\" href=\"https:\/\/www.zerdab.com\/?p=7202\" \/>\n<meta property=\"og:locale\" content=\"az_AZ\" \/>\n<meta property=\"og:type\" content=\"article\" \/>\n<meta property=\"og:title\" content=\"P\u0259rvin Mahmudova: &quot;M\u00fcbariz \u015f\u00fcca\u0259ti il\u0259 g\u0259ncliyimiz\u0259 ba\u015fucal\u0131\u011f\u0131 g\u0259tirdi&quot; - Z\u0259rdab.com\" \/>\n<meta property=\"og:description\" content=\"Do\u011fum g\u00fcn\u00fc m\u00fcnasib\u0259ti il\u0259 fevral\u0131n 7-d\u0259 Z\u0259rdab rayonundan bir qrup n\u00fcmay\u0259nd\u0259 hey\u0259tinin Milli Q\u0259hr\u0259man M\u00fcbariz \u0130brahimovun m\u0259zar\u0131n\u0131 ziyar\u0259t etm\u0259si bar\u0259d\u0259 m\u0259lumat vermi\u015fdik. Qeyd ed\u0259k ki, m\u0259rasimd\u0259 Yeni Az\u0259rbaycan Partiyas\u0131 (YAP) Z\u0259rdab rayon t\u0259\u015fkilat\u0131n\u0131n s\u0259dri P\u0259rvin Mahmudova v\u0259 bir qrup YAP f\u0259al\u0131 da i\u015ftirak edib. Milli Q\u0259hr\u0259man\u0131n m\u0259zar\u0131na g\u00fcl d\u0259st\u0259l\u0259ri d\u00fcz\u00fcl\u00fcb, m\u0259rhumun ruhuna dualar verilib, onun [&hellip;]\" \/>\n<meta property=\"og:url\" content=\"https:\/\/www.zerdab.com\/?p=7202\" \/>\n<meta property=\"og:site_name\" content=\"Z\u0259rdab.com\" \/>\n<meta property=\"article:published_time\" content=\"2013-02-11T06:19:15+00:00\" \/>\n<meta property=\"og:image\" content=\"http:\/\/www.zerdab.com\/wp-content\/uploads\/2013\/02\/Yap-Zerdab-Pervin-Mahmudova-350x262.jpg\" \/>\n<meta name=\"author\" content=\"admin\" \/>\n<meta name=\"twitter:card\" content=\"summary_large_image\" \/>\n<meta name=\"twitter:label1\" content=\"Written by\" \/>\n\t<meta name=\"twitter:data1\" content=\"admin\" \/>\n\t<meta name=\"twitter:label2\" content=\"Est. reading time\" \/>\n\t<meta name=\"twitter:data2\" content=\"2 minutes\" \/>\n<script type=\"application\/ld+json\" class=\"yoast-schema-graph\">{\"@context\":\"https:\/\/schema.org\",\"@graph\":[{\"@type\":\"Article\",\"@id\":\"https:\/\/www.zerdab.com\/?p=7202#article\",\"isPartOf\":{\"@id\":\"https:\/\/www.zerdab.com\/?p=7202\"},\"author\":{\"name\":\"admin\",\"@id\":\"https:\/\/www.zerdab.com\/#\/schema\/person\/97079b7570c1e89ec0d9e138c3672136\"},\"headline\":\"P\u0259rvin Mahmudova: &#8220;M\u00fcbariz \u015f\u00fcca\u0259ti il\u0259 g\u0259ncliyimiz\u0259 ba\u015fucal\u0131\u011f\u0131 g\u0259tirdi&#8221;\",\"datePublished\":\"2013-02-11T06:19:15+00:00\",\"mainEntityOfPage\":{\"@id\":\"https:\/\/www.zerdab.com\/?p=7202\"},\"wordCount\":476,\"commentCount\":1,\"image\":{\"@id\":\"https:\/\/www.zerdab.com\/?p=7202#primaryimage\"},\"thumbnailUrl\":\"http:\/\/www.zerdab.com\/wp-content\/uploads\/2013\/02\/Yap-Zerdab-Pervin-Mahmudova-350x262.jpg\",\"articleSection\":[\"C\u018fM\u0130YY\u018fT\"],\"inLanguage\":\"az\",\"potentialAction\":[{\"@type\":\"CommentAction\",\"name\":\"Comment\",\"target\":[\"https:\/\/www.zerdab.com\/?p=7202#respond\"]}]},{\"@type\":\"WebPage\",\"@id\":\"https:\/\/www.zerdab.com\/?p=7202\",\"url\":\"https:\/\/www.zerdab.com\/?p=7202\",\"name\":\"P\u0259rvin Mahmudova: \\\"M\u00fcbariz \u015f\u00fcca\u0259ti il\u0259 g\u0259ncliyimiz\u0259 ba\u015fucal\u0131\u011f\u0131 g\u0259tirdi\\\" - Z\u0259rdab.com\",\"isPartOf\":{\"@id\":\"https:\/\/www.zerdab.com\/#website\"},\"primaryImageOfPage\":{\"@id\":\"https:\/\/www.zerdab.com\/?p=7202#primaryimage\"},\"image\":{\"@id\":\"https:\/\/www.zerdab.com\/?p=7202#primaryimage\"},\"thumbnailUrl\":\"http:\/\/www.zerdab.com\/wp-content\/uploads\/2013\/02\/Yap-Zerdab-Pervin-Mahmudova-350x262.jpg\",\"datePublished\":\"2013-02-11T06:19:15+00:00\",\"author\":{\"@id\":\"https:\/\/www.zerdab.com\/#\/schema\/person\/97079b7570c1e89ec0d9e138c3672136\"},\"breadcrumb\":{\"@id\":\"https:\/\/www.zerdab.com\/?p=7202#breadcrumb\"},\"inLanguage\":\"az\",\"potentialAction\":[{\"@type\":\"ReadAction\",\"target\":[\"https:\/\/www.zerdab.com\/?p=7202\"]}]},{\"@type\":\"ImageObject\",\"inLanguage\":\"az\",\"@id\":\"https:\/\/www.zerdab.com\/?p=7202#primaryimage\",\"url\":\"\",\"contentUrl\":\"\"},{\"@type\":\"BreadcrumbList\",\"@id\":\"https:\/\/www.zerdab.com\/?p=7202#breadcrumb\",\"itemListElement\":[{\"@type\":\"ListItem\",\"position\":1,\"name\":\"Home\",\"item\":\"https:\/\/www.zerdab.com\/\"},{\"@type\":\"ListItem\",\"position\":2,\"name\":\"P\u0259rvin Mahmudova: &#8220;M\u00fcbariz \u015f\u00fcca\u0259ti il\u0259 g\u0259ncliyimiz\u0259 ba\u015fucal\u0131\u011f\u0131 g\u0259tirdi&#8221;\"}]},{\"@type\":\"WebSite\",\"@id\":\"https:\/\/www.zerdab.com\/#website\",\"url\":\"https:\/\/www.zerdab.com\/\",\"name\":\"Z\u0259rdab.com\",\"description\":\"\",\"potentialAction\":[{\"@type\":\"SearchAction\",\"target\":{\"@type\":\"EntryPoint\",\"urlTemplate\":\"https:\/\/www.zerdab.com\/?s={search_term_string}\"},\"query-input\":{\"@type\":\"PropertyValueSpecification\",\"valueRequired\":true,\"valueName\":\"search_term_string\"}}],\"inLanguage\":\"az\"},{\"@type\":\"Person\",\"@id\":\"https:\/\/www.zerdab.com\/#\/schema\/person\/97079b7570c1e89ec0d9e138c3672136\",\"name\":\"admin\",\"image\":{\"@type\":\"ImageObject\",\"inLanguage\":\"az\",\"@id\":\"https:\/\/www.zerdab.com\/#\/schema\/person\/image\/\",\"url\":\"https:\/\/secure.gravatar.com\/avatar\/d9c52a9a27c32119cb6679a077fa3e2779e5f822c451cbf01098004361d466ec?s=96&d=mm&r=g\",\"contentUrl\":\"https:\/\/secure.gravatar.com\/avatar\/d9c52a9a27c32119cb6679a077fa3e2779e5f822c451cbf01098004361d466ec?s=96&d=mm&r=g\",\"caption\":\"admin\"},\"url\":\"https:\/\/www.zerdab.com\/?author=1\"}]}<\/script>\n<!-- \/ Yoast SEO plugin. -->","yoast_head_json":{"title":"P\u0259rvin Mahmudova: \"M\u00fcbariz \u015f\u00fcca\u0259ti il\u0259 g\u0259ncliyimiz\u0259 ba\u015fucal\u0131\u011f\u0131 g\u0259tirdi\" - Z\u0259rdab.com","robots":{"index":"index","follow":"follow","max-snippet":"max-snippet:-1","max-image-preview":"max-image-preview:large","max-video-preview":"max-video-preview:-1"},"canonical":"https:\/\/www.zerdab.com\/?p=7202","og_locale":"az_AZ","og_type":"article","og_title":"P\u0259rvin Mahmudova: \"M\u00fcbariz \u015f\u00fcca\u0259ti il\u0259 g\u0259ncliyimiz\u0259 ba\u015fucal\u0131\u011f\u0131 g\u0259tirdi\" - Z\u0259rdab.com","og_description":"Do\u011fum g\u00fcn\u00fc m\u00fcnasib\u0259ti il\u0259 fevral\u0131n 7-d\u0259 Z\u0259rdab rayonundan bir qrup n\u00fcmay\u0259nd\u0259 hey\u0259tinin Milli Q\u0259hr\u0259man M\u00fcbariz \u0130brahimovun m\u0259zar\u0131n\u0131 ziyar\u0259t etm\u0259si bar\u0259d\u0259 m\u0259lumat vermi\u015fdik. Qeyd ed\u0259k ki, m\u0259rasimd\u0259 Yeni Az\u0259rbaycan Partiyas\u0131 (YAP) Z\u0259rdab rayon t\u0259\u015fkilat\u0131n\u0131n s\u0259dri P\u0259rvin Mahmudova v\u0259 bir qrup YAP f\u0259al\u0131 da i\u015ftirak edib. Milli Q\u0259hr\u0259man\u0131n m\u0259zar\u0131na g\u00fcl d\u0259st\u0259l\u0259ri d\u00fcz\u00fcl\u00fcb, m\u0259rhumun ruhuna dualar verilib, onun [&hellip;]","og_url":"https:\/\/www.zerdab.com\/?p=7202","og_site_name":"Z\u0259rdab.com","article_published_time":"2013-02-11T06:19:15+00:00","og_image":[{"url":"http:\/\/www.zerdab.com\/wp-content\/uploads\/2013\/02\/Yap-Zerdab-Pervin-Mahmudova-350x262.jpg","type":"","width":"","height":""}],"author":"admin","twitter_card":"summary_large_image","twitter_misc":{"Written by":"admin","Est. reading time":"2 minutes"},"schema":{"@context":"https:\/\/schema.org","@graph":[{"@type":"Article","@id":"https:\/\/www.zerdab.com\/?p=7202#article","isPartOf":{"@id":"https:\/\/www.zerdab.com\/?p=7202"},"author":{"name":"admin","@id":"https:\/\/www.zerdab.com\/#\/schema\/person\/97079b7570c1e89ec0d9e138c3672136"},"headline":"P\u0259rvin Mahmudova: &#8220;M\u00fcbariz \u015f\u00fcca\u0259ti il\u0259 g\u0259ncliyimiz\u0259 ba\u015fucal\u0131\u011f\u0131 g\u0259tirdi&#8221;","datePublished":"2013-02-11T06:19:15+00:00","mainEntityOfPage":{"@id":"https:\/\/www.zerdab.com\/?p=7202"},"wordCount":476,"commentCount":1,"image":{"@id":"https:\/\/www.zerdab.com\/?p=7202#primaryimage"},"thumbnailUrl":"http:\/\/www.zerdab.com\/wp-content\/uploads\/2013\/02\/Yap-Zerdab-Pervin-Mahmudova-350x262.jpg","articleSection":["C\u018fM\u0130YY\u018fT"],"inLanguage":"az","potentialAction":[{"@type":"CommentAction","name":"Comment","target":["https:\/\/www.zerdab.com\/?p=7202#respond"]}]},{"@type":"WebPage","@id":"https:\/\/www.zerdab.com\/?p=7202","url":"https:\/\/www.zerdab.com\/?p=7202","name":"P\u0259rvin Mahmudova: \"M\u00fcbariz \u015f\u00fcca\u0259ti il\u0259 g\u0259ncliyimiz\u0259 ba\u015fucal\u0131\u011f\u0131 g\u0259tirdi\" - Z\u0259rdab.com","isPartOf":{"@id":"https:\/\/www.zerdab.com\/#website"},"primaryImageOfPage":{"@id":"https:\/\/www.zerdab.com\/?p=7202#primaryimage"},"image":{"@id":"https:\/\/www.zerdab.com\/?p=7202#primaryimage"},"thumbnailUrl":"http:\/\/www.zerdab.com\/wp-content\/uploads\/2013\/02\/Yap-Zerdab-Pervin-Mahmudova-350x262.jpg","datePublished":"2013-02-11T06:19:15+00:00","author":{"@id":"https:\/\/www.zerdab.com\/#\/schema\/person\/97079b7570c1e89ec0d9e138c3672136"},"breadcrumb":{"@id":"https:\/\/www.zerdab.com\/?p=7202#breadcrumb"},"inLanguage":"az","potentialAction":[{"@type":"ReadAction","target":["https:\/\/www.zerdab.com\/?p=7202"]}]},{"@type":"ImageObject","inLanguage":"az","@id":"https:\/\/www.zerdab.com\/?p=7202#primaryimage","url":"","contentUrl":""},{"@type":"BreadcrumbList","@id":"https:\/\/www.zerdab.com\/?p=7202#breadcrumb","itemListElement":[{"@type":"ListItem","position":1,"name":"Home","item":"https:\/\/www.zerdab.com\/"},{"@type":"ListItem","position":2,"name":"P\u0259rvin Mahmudova: &#8220;M\u00fcbariz \u015f\u00fcca\u0259ti il\u0259 g\u0259ncliyimiz\u0259 ba\u015fucal\u0131\u011f\u0131 g\u0259tirdi&#8221;"}]},{"@type":"WebSite","@id":"https:\/\/www.zerdab.com\/#website","url":"https:\/\/www.zerdab.com\/","name":"Z\u0259rdab.com","description":"","potentialAction":[{"@type":"SearchAction","target":{"@type":"EntryPoint","urlTemplate":"https:\/\/www.zerdab.com\/?s={search_term_string}"},"query-input":{"@type":"PropertyValueSpecification","valueRequired":true,"valueName":"search_term_string"}}],"inLanguage":"az"},{"@type":"Person","@id":"https:\/\/www.zerdab.com\/#\/schema\/person\/97079b7570c1e89ec0d9e138c3672136","name":"admin","image":{"@type":"ImageObject","inLanguage":"az","@id":"https:\/\/www.zerdab.com\/#\/schema\/person\/image\/","url":"https:\/\/secure.gravatar.com\/avatar\/d9c52a9a27c32119cb6679a077fa3e2779e5f822c451cbf01098004361d466ec?s=96&d=mm&r=g","contentUrl":"https:\/\/secure.gravatar.com\/avatar\/d9c52a9a27c32119cb6679a077fa3e2779e5f822c451cbf01098004361d466ec?s=96&d=mm&r=g","caption":"admin"},"url":"https:\/\/www.zerdab.com\/?author=1"}]}},"_links":{"self":[{"href":"https:\/\/www.zerdab.com\/index.php?rest_route=\/wp\/v2\/posts\/7202","targetHints":{"allow":["GET"]}}],"collection":[{"href":"https:\/\/www.zerdab.com\/index.php?rest_route=\/wp\/v2\/posts"}],"about":[{"href":"https:\/\/www.zerdab.com\/index.php?rest_route=\/wp\/v2\/types\/post"}],"author":[{"embeddable":true,"href":"https:\/\/www.zerdab.com\/index.php?rest_route=\/wp\/v2\/users\/1"}],"replies":[{"embeddable":true,"href":"https:\/\/www.zerdab.com\/index.php?rest_route=%2Fwp%2Fv2%2Fcomments&post=7202"}],"version-history":[{"count":2,"href":"https:\/\/www.zerdab.com\/index.php?rest_route=\/wp\/v2\/posts\/7202\/revisions"}],"predecessor-version":[{"id":7206,"href":"https:\/\/www.zerdab.com\/index.php?rest_route=\/wp\/v2\/posts\/7202\/revisions\/7206"}],"wp:attachment":[{"href":"https:\/\/www.zerdab.com\/index.php?rest_route=%2Fwp%2Fv2%2Fmedia&parent=7202"}],"wp:term":[{"taxonomy":"category","embeddable":true,"href":"https:\/\/www.zerdab.com\/index.php?rest_route=%2Fwp%2Fv2%2Fcategories&post=7202"},{"taxonomy":"post_tag","embeddable":true,"href":"https:\/\/www.zerdab.com\/index.php?rest_route=%2Fwp%2Fv2%2Ftags&post=7202"}],"curies":[{"name":"wp","href":"https:\/\/api.w.org\/{rel}","templated":true}]}}