{"id":722,"date":"2012-02-25T12:05:23","date_gmt":"2012-02-25T08:05:23","guid":{"rendered":"http:\/\/www.zerdab.com\/?p=722"},"modified":"2012-02-25T12:05:23","modified_gmt":"2012-02-25T08:05:23","slug":"heyd%c9%99r-%c9%99liyevin-1978-ci-ild%c9%99-z%c9%99rdab-rayonuna-s%c9%99f%c9%99ri-v%c9%99-o-dovrd%c9%99-m%c9%99tbuatda-yazilanlar","status":"publish","type":"post","link":"https:\/\/www.zerdab.com\/?p=722","title":{"rendered":"Heyd\u0259r \u018fliyevin 1978-ci ild\u0259 Z\u0259rdab rayonuna s\u0259f\u0259ri v\u0259 o d\u00f6vrd\u0259 m\u0259tbuatda yaz\u0131lanlar&#8230;"},"content":{"rendered":"<p><a href=\"http:\/\/www.zerdab.com\/wp-content\/uploads\/2012\/02\/6.jpg\"><img loading=\"lazy\" decoding=\"async\" class=\"alignleft size-large wp-image-723\" title=\"6\" src=\"http:\/\/www.zerdab.com\/wp-content\/uploads\/2012\/02\/6-1024x723.jpg\" alt=\"\" width=\"688\" height=\"485\" \/><\/a>Co\u011frafi m\u00f6vqeyin\u0259 g\u00f6r\u0259 Z\u0259rdab \u015f\u0259h\u0259ri K\u00fcr \u00e7ay\u0131 il\u0259 Qarasu \u00e7ay\u0131n\u0131n yaratd\u0131\u011f\u0131 yar\u0131madaya b\u0259nz\u0259r bir \u0259razid\u0259 yerl\u0259\u015fdiyin\u0259 g\u00f6r\u0259 burada da\u015fq\u0131n t\u0259hl\u00fck\u0259si daim m\u00f6vcud olub.<br \/>\nLakin bu da bir reall\u0131qd\u0131r ki, K\u00fcr \u00e7ay\u0131n\u0131n z\u0259rdabl\u0131lar\u0131n h\u0259yat\u0131nda tarix\u0259n x\u00fcsusi yeri v\u0259 \u0259h\u0259miyy\u0259ti olub, bu g\u00fcn d\u0259 var. T\u0259sad\u00fcfi deyil ki, Z\u0259rdab rayonunun 42 k\u0259ndind\u0259n 22-i m\u0259hz K\u00fcr \u00e7ay\u0131 boyunca yerl\u0259\u015fir. \u00dcmumiyy\u0259tl\u0259 , K\u00fcr \u00e7ay\u0131n\u0131n 85 kilometri, respublikam\u0131z\u0131n \u00fczr\u0259 t\u0259qrib\u0259n12 faizi Z\u0259rdab \u0259razisind\u0259n ke\u00e7ir. M\u0259rk\u0259zi Aranda yerl\u0259\u015f\u0259n Z\u0259rdab \u00fc\u00e7\u00fcn K\u00fcr \u00e7ay\u0131n\u0131n, onun bol suyunun m\u00fcst\u0259sna \u0259h\u0259miyy\u0259tini n\u0259z\u0259r\u0259 alan z\u0259rdabl\u0131lar h\u0259yatlar\u0131n\u0131 t\u0259hl\u00fck\u0259y\u0259 atmaqdan bel\u0259\u00a0 \u00e7\u0259kinm\u0259y\u0259r\u0259k zaman-zaman daha \u00e7ox ana K\u00fcr\u00fcn sahilin\u0259 s\u0131\u011f\u0131n\u0131blar.<br \/>\nM\u0259lumdur ki, K\u00fcr \u00e7ay\u0131 tez-tez da\u015far, sahill\u0259ri, oradak\u0131 \u0259kinl\u0259ri yuyub aparar, K\u00fcrk\u0259nar\u0131 k\u0259ndl\u0259rin sakinl\u0259ri sel sular\u0131ndan canlar\u0131n\u0131 g\u00f6t\u00fcr\u00fcb q\u0131raq k\u0259ndl\u0259r\u0259 qa\u00e7ar, aylarla orada m\u0259skunla\u015fard\u0131lar. Bel\u0259 hallara \u0259n q\u0259dim zamanlardan tutmu\u015f H\u0259s\u0259n b\u0259y Z\u0259rdabinin Z\u0259rdabda ya\u015fad\u0131\u011f\u0131 d\u00f6vrl\u0259rd\u0259 d\u0259, 1930-1940-c\u0131 ill\u0259rd\u0259 d\u0259 tez-tez t\u0259sad\u00fcf olunard\u0131.<br \/>\n1968-1980-ci ill\u0259rd\u0259 Z\u0259rdab rayon partiya komit\u0259sin\u0259 Fikr\u0259t \u015e\u0259rif o\u011flu \u018ff\u0259ndiyev r\u0259hb\u0259rlik edib. Bu d\u00f6vrd\u0259 rayonda pamb\u0131q\u00e7\u0131l\u0131\u011f\u0131n, heyvandarl\u0131q v\u0259 barama\u00e7\u0131l\u0131\u011f\u0131n inki\u015faf\u0131 istiqam\u0259tind\u0259 xeyli ir\u0259lil\u0259yi\u015f \u0259ld\u0259 edilmi\u015f, \u0259halinin ya\u015fay\u0131\u015f s\u0259viyy\u0259sinin y\u00fcks\u0259lm\u0259si \u00fc\u00e7\u00fcn m\u00fch\u00fcm i\u015fl\u0259r g\u00f6r\u00fclm\u00fc\u015fd\u00fcr. M\u0259d\u0259ni v\u0259 sosial obyektl\u0259rin, tarla d\u00fc\u015f\u0259rg\u0259l\u0259ri v\u0259 t\u00f6vl\u0259 binalar\u0131n\u0131n, istehsal m\u00fc\u0259ssis\u0259l\u0259rinin tikintisin\u0259 diqq\u0259t art\u0131r\u0131lm\u0131\u015fd\u0131r. Bunun n\u0259tic\u0259sidir ki, bu g\u00fcn Z\u0259rdab \u015f\u0259h\u0259rind\u0259 40-dan \u00e7ox k\u00fc\u00e7\u0259, 1500-d\u0259n \u00e7ox ev var.<br \/>\nUlu \u00f6nd\u0259rin Az\u0259rbaycana r\u0259hb\u0259rlik etdiyi d\u00f6vrd\u0259 Z\u0259rdab \u015f\u0259h\u0259rinin K\u00fcr \u00e7ay\u0131n\u0131n da\u015fq\u0131nlar\u0131ndan m\u00fchafiz\u0259si sah\u0259sind\u0259 xeyli i\u015f g\u00f6r\u00fclm\u00fc\u015f, sahil b\u0259ndb\u0259rkitm\u0259 i\u015fl\u0259ri, beton \u00fczl\u00fckl\u0259r \u00e7\u0259kilm\u0259si h\u0259yata ke\u00e7irilmi\u015fdir.<br \/>\n1978-ci ild\u0259 K\u00fcr\u00fcn n\u00f6vb\u0259ti d\u0259f\u0259 da\u015fmas\u0131 n\u0259tic\u0259sind\u0259 Z\u0259rdab \u015f\u0259h\u0259rinin k\u00f6\u00e7\u00fcr\u00fclm\u0259si t\u0259hl\u00fck\u0259si yaranark\u0259n Heyd\u0259r \u018fliyevin Z\u0259rdaba tarixi s\u0259f\u0259ri olmu\u015fdur.<br \/>\n&#8220;\u018fkin\u00e7i&#8221; q\u0259zetinin 3 iyun 1978-ci il tarixli say\u0131nda ulu \u00f6nd\u0259rin Z\u0259rdaba s\u0259f\u0259ri haqq\u0131nda a\u015fa\u011f\u0131dak\u0131 m\u0259zmunda m\u0259lumat verilmi\u015fdir: &#8220;Heyd\u0259r \u018fliyev insanlarla \u00e7ox mehriban g\u00f6r\u00fc\u015f\u00fcb, onlar\u0131n qay\u011f\u0131 v\u0259 probleml\u0259ri il\u0259 maraqland\u0131. Ulu \u00f6nd\u0259r t\u0259s\u0259rr\u00fcfatlarla tan\u0131\u015fl\u0131\u011fa da b\u00f6y\u00fck diqq\u0259t verdi. \u015e\u0259h\u0259rimizin gir\u0259c\u0259yind\u0259ki 800 ba\u015fl\u0131q mal-qara, s\u00fcd\u00e7\u00fcl\u00fck-\u0259mt\u0259\u0259 kompleksin\u0259 g\u0259ldi. Sonra is\u0259 50 min ba\u015fl\u0131q qu\u015f\u00e7uluq kompleksind\u0259, daha sonra 1977-ci ild\u0259 istifad\u0259y\u0259 veril\u0259n 1600 ba\u015fl\u0131q mal-qara k\u00f6k\u0259ltm\u0259 meydan\u00e7as\u0131nda oldu. B\u00f6y\u00fck yem zavodu da \u00f6lk\u0259 r\u0259hb\u0259rinin diqq\u0259tini c\u0259lb etdi.<br \/>\nO vaxtk\u0131 &#8220;Kommunist&#8221; (Qo\u015faoba v\u0259 T\u0259z\u0259k\u0259ndi \u0259hat\u0259 edirdi) kolxozunda \u0130ld\u0131r\u0131m K\u0259rimovun briqadas\u0131 heyd\u0259r \u018fliyevi sevincl\u0259 qar\u015f\u0131lad\u0131. Bec\u0259rm\u0259 traktor\u00e7usu \u00c7imnaz Ta\u011f\u0131yeva bildirdi ki, ke\u00e7\u0259n il briqadam\u0131z 60 hektardan d\u00f6vl\u0259t\u0259 90 ton \u0259v\u0259zin\u0259 140 ton pamb\u0131q verdi. Sizin g\u0259li\u015finiz \u015f\u0259r\u0259fin\u0259 V\u0259t\u0259n\u0259 190 ton &#8220;a\u011f q\u0131z\u0131l&#8221; verm\u0259yi \u00f6hd\u0259miz\u0259 g\u00f6t\u00fcr\u00fcr\u00fck. M\u0259n \u00f6z\u00fcm\u00a0 &#8220;mavi g\u0259mi&#8221;ml\u0259 70 ton pamb\u0131q y\u0131\u011faca\u011fam. Heyd\u0259r \u018fliyev bitkil\u0259rin v\u0259ziyy\u0259ti il\u0259 maraqland\u0131. M\u0259lumat verildi ki, h\u0259r hektarda 90-100 min pamb\u0131q kolu var. R\u0259hb\u0259r tarlan\u0131 g\u0259zdi v\u0259 dedi ki, sovkaya qar\u015f\u0131 vaxt\u0131nda \u00e7ox ciddi m\u00fcbariz\u0259 apar\u0131n, \u00fcmumiyy\u0259tl\u0259, aqrotexniki v\u0259 kimy\u0259vi kompleks bec\u0259rm\u0259l\u0259ri y\u00fcks\u0259k s\u0259viyy\u0259d\u0259 ke\u00e7irin, alaqla vaxt\u0131nda m\u00fcbariz\u0259 apar\u0131n, texnikan\u0131 s\u0259m\u0259r\u0259li i\u015fl\u0259din.<br \/>\nN\u00f6vb\u0259ti g\u00f6r\u00fc\u015f o vaxt G\u0259lm\u0259, \u018flib\u0259yli, Allahquluba\u011f\u0131, Salahl\u0131, Xanm\u0259mm\u0259dli v\u0259 H\u00fcseynxanl\u0131 k\u0259ndl\u0259rini \u0259hat\u0259 ed\u0259n K. Marks ad\u0131na kolxozda \u015eirin \u015eirinovun pamb\u0131q\u00e7\u0131l\u0131q briqadas\u0131nda oldu. Qonaq, \u0259m\u0259k\u00e7il\u0259rl\u0259 s\u0259mimi s\u00f6hb\u0259t etdi, i\u015fin gedi\u015fi il\u0259 yax\u0131ndan tan\u0131\u015f oldu. \u015eirin \u015eirinov dedi ki, V\u0259t\u0259n\u0259 200 ton pamb\u0131q verm\u0259yi \u00f6hd\u0259y\u0259 alm\u0131\u015f\u0131q v\u0259 bunu ed\u0259c\u0259yimiz\u0259 \u015f\u00fcbh\u0259 ola bilm\u0259z. Heyd\u0259r \u018fliyev dedi ki, sah\u0259 k\u0259narlar\u0131n\u0131 bo\u015f qoymay\u0131n. Ora da \u00e7iyid basd\u0131r\u0131n. Torpa\u011f\u0131n h\u0259r qar\u0131\u015f\u0131ndan, h\u0259r metrind\u0259n s\u0259m\u0259r\u0259li istifad\u0259 edin.<br \/>\nH\u00f6rm\u0259tli qonaq kolxozun ke\u00e7\u0259n il pamb\u0131q plan\u0131n\u0131 ver\u0259 bilm\u0259m\u0259sinin s\u0259b\u0259bini soru\u015fanda kolxozun s\u0259dri X\u0259l\u0259f Hac\u0131yev dedi ki, sovka pamb\u0131\u011fa k\u00fclli miqdarda ziyan vurdu. Amma ba\u015fqa sah\u0259l\u0259rd\u0259, x\u00fcsus\u0259n tax\u0131l\u00e7\u0131l\u0131qda y\u00fcks\u0259k nailiyy\u0259t qazand\u0131q.<br \/>\n\u00dcmumimilli lider dedi ki, geriliyin \u0259sas s\u0259b\u0259bini sovkan\u0131n \u00fcz\u0259rin\u0259 y\u0131xmaq olmaz. Do\u011frudur, sovka m\u00fc\u0259yy\u0259n ziyan vurmu\u015fdur. Lakin t\u0259\u015fkilati v\u0259 bec\u0259rm\u0259 i\u015fl\u0259rind\u0259 d\u0259 n\u00f6qsanlar\u0131n\u0131z olub. Bunun n\u0259tic\u0259sidir ki, sizin kolxoz kimi rayonunuz\u00a0 da ke\u00e7\u0259n il pamb\u0131q\u00e7\u0131l\u0131qda geri qald\u0131.<br \/>\nAdil Abbasovun pamb\u0131q\u00e7\u0131l\u0131q briqadas\u0131 da qona\u011f\u0131 sevincl\u0259 qar\u015f\u0131lad\u0131, su\u00e7u Sovqat \u018fl\u0259kb\u0259rov v\u0259 Az\u0259rbaycan Ali Sovetinin deputat\u0131, briqadan\u0131n \u00fczv\u00fc Q\u0259nir\u0259 Abbasova r\u0259hb\u0259ri salamlay\u0131b raport verdil\u0259r. Q\u0259nir\u0259 dedi ki, biz V\u0259t\u0259n\u0259 160 ton pamb\u0131q verm\u0259li idik. Sizin g\u0259li\u015finiz \u015f\u0259r\u0259fin\u0259 \u00f6hd\u0259liyimizi 40 ton art\u0131r\u0131r\u0131q.<br \/>\nQonaq, kolxoz\u00e7ular\u0131n istirah\u0259ti, m\u0259d\u0259ni-m\u0259i\u015f\u0259t xidm\u0259ti il\u0259 d\u0259 maraqland\u0131, v\u0259ziyy\u0259tl\u0259 yax\u0131ndan tan\u0131\u015f oldu.<br \/>\nM\u0259mm\u0259dqas\u0131ml\u0131 v\u0259 G\u00f6d\u0259kqobu k\u0259ndl\u0259rini \u0259hat\u0259 ed\u0259n, \u0259vv\u0259lki ild\u0259 1040 ton \u0259v\u0259zin\u0259 1626 ton pamb\u0131q ver\u0259n, hektardan 22 sentner tax\u0131l g\u00f6t\u00fcr\u0259n, \u0259t, s\u00fcd, yumurta, barama planlar\u0131n\u0131 art\u0131qlamas\u0131 il\u0259 yerin\u0259 yetir\u0259n Z\u0259rdabi ad\u0131na kolxozda da r\u0259hb\u0259ri b\u00f6y\u00fck sevincl\u0259 qar\u015f\u0131lad\u0131lar. Kolxozun s\u0259dri Nur\u0259hm\u0259d M\u00fcz\u0259ff\u0259rov dedi ki, ke\u00e7\u0259n il h\u0259r hektardan 38, 7 sentner pamb\u0131q \u0259ld\u0259 edib d\u00f6vl\u0259t\u0259 t\u0259hvil vermi\u015fik. Bu il is\u0259 d\u00f6vl\u0259t\u0259 2.100 ton pamb\u0131q satmaq \u00f6hd\u0259liyi g\u00f6t\u00fcrm\u00fc\u015f, pamb\u0131q\u00e7\u0131l\u0131qda be\u015filliyi 3 ild\u0259 yerin\u0259 yetirm\u0259yi \u00f6hd\u0259y\u0259 alm\u0131\u015f\u0131q.<br \/>\nHeyd\u0259r \u018fliyev kolxoz\u00e7ulara m\u00fcv\u0259ff\u0259qiyy\u0259t arzulad\u0131 v\u0259 dedi ki, siz ke\u00e7\u0259n il Z\u0259rdabda \u0259n y\u00fcks\u0259k n\u0259tic\u0259 qazanm\u0131\u015f, sovkaya qar\u015f\u0131 yax\u015f\u0131 m\u00fcbariz\u0259 aparm\u0131s\u0131n\u0131z. Bunu qon\u015fu kolxozlara da \u00f6yr\u0259din.<br \/>\nH\u00f6rm\u0259tli qonaq, briqadir C\u0259bray\u0131l Azayevl\u0259, \u00e7oxu\u015faql\u0131 kolxoz\u00e7u ana G\u00fclp\u0259ri C\u0259f\u0259rova v\u0259 b. il\u0259 s\u0259mimi s\u00f6hb\u0259t etdi.<br \/>\n\u00d6lk\u0259 r\u0259hb\u0259ri C\u0259f\u0259rovadan soru\u015fdu ki, nec\u0259 ya\u015fay\u0131rs\u0131n\u0131z?<br \/>\nG.C\u0259f\u0259rova: &#8211; \u00c7ox yax\u015f\u0131, h\u0259r \u015feyimiz var. Ail\u0259miz &#8220;Jiquli&#8221; ma\u015f\u0131n\u0131 da al\u0131b.<br \/>\nHeyd\u0259r \u018fliyev: &#8211; B\u0259s, yax\u015f\u0131 eviniz nec\u0259, varm\u0131?<br \/>\nG. C\u0259f\u0259rova: -B\u0259li, var. \u00dc\u00e7otaql\u0131 t\u0259z\u0259 ev tikdirmi\u015fik, televizorumuz, soyuducumuz var.<br \/>\nHeyd\u0259r \u018fliyev: -Televizorda \u0259n \u00e7ox n\u0259y\u0259 baxmaq ist\u0259yirsiniz?<br \/>\nG. C\u0259f\u0259rova: -Sizin \u00e7\u0131x\u0131\u015flar\u0131n\u0131za. Siz bizim v\u0259zif\u0259l\u0259rimizi sad\u0259 v\u0259 ayd\u0131n deyirsiniz. H\u0259r s\u00f6z\u00fcn\u00fcz bizi tarlada daha yax\u015f\u0131 i\u015fl\u0259m\u0259y\u0259 ruhland\u0131r\u0131r&#8230;<br \/>\nQonaq, Maarif H\u0259s\u0259novun briqadas\u0131nda 12 u\u015faq anas\u0131 M\u00fcaviyy\u0259 Vahidova il\u0259 s\u0259mimi s\u00f6hb\u0259t etdi. Kolxozun f\u0259al \u00fczv\u00fc, Q\u0259hr\u0259man ana M\u00fcaviyy\u0259 dedi ki, ail\u0259mizl\u0259 bu il 25 ton pamb\u0131q y\u0131\u011faca\u011fam.<br \/>\nRayon sovetinin deputat\u0131, kolxoz\u00e7u Saray R\u0259\u015fidova dedi ki, briqadam\u0131z V\u0259t\u0259n\u0259 300 ton pamb\u0131q ver\u0259c\u0259k.<br \/>\nHeyd\u0259r \u018fliyev briqadan\u0131n tarla d\u00fc\u015f\u0259rg\u0259sin\u0259 baxd\u0131. Dedi ki, d\u00fc\u015f\u0259rg\u0259niz yax\u015f\u0131d\u0131r, amma geni\u015fl\u0259ndirin. \u0130stirah\u0259tiniz\u0259 laz\u0131mi \u015f\u0259rait yarad\u0131lmal\u0131d\u0131r.<br \/>\n<a href=\"http:\/\/www.zerdab.com\/wp-content\/uploads\/2012\/02\/4.jpg\"><img loading=\"lazy\" decoding=\"async\" class=\"alignleft size-full wp-image-724\" title=\"Heyder Eliyev\" src=\"http:\/\/www.zerdab.com\/wp-content\/uploads\/2012\/02\/4.jpg\" alt=\"\" width=\"3880\" height=\"2660\" \/><\/a>\u00d6lk\u0259 r\u0259hb\u0259ri d\u00fc\u015f\u0259rg\u0259d\u0259ki kitabxanada k\u00f6hn\u0259lmi\u015f kitablara baxd\u0131, m\u0259sl\u0259h\u0259t bildi ki, burada kolxoz\u00e7uya laz\u0131m olan, k\u0259nd t\u0259s\u0259rr\u00fcfat\u0131 i\u015fini izah v\u0259 \u015f\u0259rh ed\u0259n \u0259d\u0259biyyat qoyulmas\u0131 vacibdir.<br \/>\nR\u0259hb\u0259r Z\u0259rdab \u015f\u0259h\u0259rinin K\u00fcr sahilin\u0259 baxd\u0131, K\u00fcr da\u015fq\u0131n\u0131n\u0131n qar\u015f\u0131s\u0131n\u0131 almaq \u00fc\u00e7\u00fcn g\u00f6r\u00fcl\u0259n i\u015fl\u0259rl\u0259 maraqland\u0131. H\u00f6rm\u0259tli qonaq K\u00fcr sahilind\u0259 B\u00f6y\u00fck V\u0259t\u0259n m\u00fcharib\u0259si i\u015ftrak\u00e7\u0131lar\u0131 v\u0259 qurbanlar\u0131n\u0131n xatir\u0259 abid\u0259 kompleksinin, yay kino-teatr\u0131n\u0131n, K\u00fcrk\u0259nar\u0131 restoran\u0131n v\u0259 b. binalar\u0131n su i\u00e7ind\u0259 olmas\u0131n\u0131, xeyli pamb\u0131q v\u0259 tax\u0131l sah\u0259sinin su alt\u0131nda qalmas\u0131n\u0131 narahatl\u0131qla m\u00fc\u015fahid\u0259 etdi. Ulu \u00f6nd\u0259r K\u00fcr sahilind\u0259 ya\u015fayan, da\u015fq\u0131ndan evl\u0259rin\u0259 ziyan d\u0259y\u0259n \u015f\u0259h\u0259r sakinl\u0259ri il\u0259 s\u0259mimi s\u00f6hb\u0259t etdi.<br \/>\nH\u00f6rm\u0259tli qonaq K\u00fcr sahilini g\u0259z\u0259rk\u0259n qocaman veteran\u00a0 A. \u0130sg\u0259nd\u0259rov onunla g\u00f6r\u00fc\u015fd\u00fc v\u0259 dedi ki, \u015f\u0259xs\u0259n Sizin yax\u0131ndan k\u00f6m\u0259yiniz say\u0259sind\u0259 sahild\u0259 ya\u015fayan \u0259hali f\u0259lak\u0259td\u0259n qorunaca\u011f\u0131na q\u0259ti \u0259mindir. \u018fg\u0259r Sizin k\u00f6m\u0259yiniz, Rayon Partiya\u00a0 komit\u0259sinin v\u0259 1-ci katib Fikr\u0259t \u018ff\u0259ndiyevin gec\u0259-g\u00fcnd\u00fcz s\u0259yl\u0259ri olmasayd\u0131 biz evsiz-e\u015fiksiz qalard\u0131q. Bu qay\u011f\u0131 \u00fc\u00e7\u00fcn \u015f\u0259xs\u0259n Siz\u0259 Z\u0259rdab z\u0259hm\u0259tke\u015fl\u0259rinin d\u0259rin minn\u0259tdarl\u0131\u011f\u0131n\u0131 bildirir\u0259m.<br \/>\n<a href=\"http:\/\/www.zerdab.com\/wp-content\/uploads\/2012\/02\/Heyder-Eliyev3.jpg\"><img loading=\"lazy\" decoding=\"async\" class=\"alignleft size-full wp-image-725\" title=\"Heyder Eliyev3\" src=\"http:\/\/www.zerdab.com\/wp-content\/uploads\/2012\/02\/Heyder-Eliyev3.jpg\" alt=\"\" width=\"3880\" height=\"2740\" \/><\/a>H\u0259min g\u00fcn m\u0259d\u0259niyy\u0259t \u015f\u00f6b\u0259sind\u0259 Heyd\u0259r \u018fliyev rayon f\u0259allar\u0131n\u0131n y\u0131\u011f\u0131nca\u011f\u0131n\u0131 ke\u00e7irdi. \u00d6lk\u0259 r\u0259hb\u0259rini z\u0259rdabl\u0131lar aya\u011fa qalxaraq gurultulu alq\u0131\u015flarla qar\u015f\u0131lad\u0131lar.<br \/>\nY\u0131\u011f\u0131nca\u011f\u0131 rayon PK-n\u0131n birinci katibi Fikr\u0259t \u018ff\u0259ndiyev a\u00e7d\u0131.<br \/>\n\u0130stehsal\u0131n s\u0259m\u0259r\u0259sini v\u0259 keyfiyy\u0259ti y\u00fcks\u0259ltm\u0259k sah\u0259sind\u0259 v\u0259zif\u0259l\u0259r, be\u015filliyin 3-c\u00fc ilinin plan v\u0259 \u00f6hd\u0259likl\u0259rinin yerin\u0259 yetirilm\u0259sin\u0259 y\u00f6n\u0259ldil\u0259n t\u0259dbirl\u0259r m\u00fczakir\u0259 olundu. Z\u0259rdabi ad\u0131na kolxozun s\u0259dri Nur\u0259hm\u0259d M\u00fcz\u0259ff\u0259rov, cam\u0131\u015f\u00e7\u0131l\u0131q sovxozunun (B\u0259yimli q\u0259s\u0259b\u0259si) ba\u015f \u00e7oban\u0131, \u00fcmumittifaq komsomolu XVIII qurultay\u0131n\u0131n i\u015ftrak\u00e7\u0131s\u0131 F. K\u0259rimov, Engels ad\u0131na kolxozun (M\u0259likli k\u0259ndi) s\u0259dri Seyid H\u00fcseynov, K. Marks ad\u0131na kolxozun pamb\u0131q\u00e7\u0131s\u0131 Q\u0259mz\u0259 \u018fmirova, Kalinin ad\u0131na kolxozun s\u0259dri Abdul\u0259ziz Nift\u0259liyev \u00e7\u0131x\u0131\u015f etdil\u0259r.<br \/>\nS\u00fcr\u0259kli alq\u0131\u015flarla qar\u015f\u0131lanan \u00f6lk\u0259r\u0259hb\u0259ri Heyd\u0259r \u018fliyev b\u00f6y\u00fck v\u0259 tarixi nitq s\u00f6yl\u0259di.<br \/>\n\u00dcmummilli lider Heyd\u0259r \u018fliyevin Z\u0259rdaba s\u0259f\u0259ri bar\u0259d\u0259 1978-ci il iyun ay\u0131n\u0131n 1-d\u0259 &#8220;Kommunist&#8221; q\u0259zetind\u0259 a\u015fa\u011f\u0131dak\u0131 m\u0259zmunda material d\u0259rc olunmu\u015fdur:<br \/>\nMing\u0259\u00e7evir su anbar\u0131 istifad\u0259y\u0259 verildikd\u0259n (1945-53-c\u00fc ill\u0259rd\u0259) sonra K\u00fcr\u00fcn da\u015f\u0131b sahill\u0259ri basmas\u0131 t\u0259sad\u00fcfd\u0259n-t\u0259sad\u00fcf\u0259 ba\u015f ver\u0259rdi. Bel\u0259 bir real t\u0259hl\u00fck\u0259 Z\u0259rdab \u00fc\u00e7\u00fcn son d\u0259f\u0259 1978-ci ilin may ay\u0131nda yaranm\u0131\u015fd\u0131. H\u0259min t\u0259hl\u00fck\u0259li vaxtda Az\u0259rbaycan Kommunist Partiyas\u0131 M\u0259rk\u0259zi Komit\u0259sinin birinci katibi Heyd\u0259r \u018fliyev yolda\u015f 1978-ci il may ay\u0131n\u0131n 29-da Z\u0259rdaba s\u0259f\u0259r etdi, yerli \u0259hali il\u0259, rayon r\u0259hb\u0259rl\u0259ri il\u0259 g\u00f6r\u00fc\u015fd\u00fc, da\u015fq\u0131n t\u0259hl\u00fck\u0259sinin qar\u015f\u0131s\u0131n\u0131 almaq \u00fc\u00e7\u00fcn t\u00f6vsiy\u0259l\u0259r v\u0259 tap\u015f\u0131r\u0131qlar verdi, respublika paytaxt\u0131ndan v\u0259 qon\u015fu rayonlardan a\u011f\u0131r texnika, torpaq da\u015f\u0131yan ma\u015f\u0131nlar, dig\u0259r mexanizml\u0259r s\u0259f\u0259rb\u0259r etdi, sahil b\u0259ndb\u0259rkitm\u0259 i\u015fl\u0259ri s\u00fcr\u0259tl\u0259ndirildi. Heyd\u0259r \u018fliyevin r\u0259hb\u0259rliyi alt\u0131nda daxili imkanlar\u0131n tam s\u0259f\u0259rb\u0259r edilm\u0259si, g\u00f6r\u00fcl\u0259n \u0259lav\u0259 ciddi t\u0259dbirl\u0259r n\u0259tic\u0259sind\u0259 Z\u0259rdab su alt\u0131nda qalmaq t\u0259hl\u00fck\u0259sind\u0259n xilas edildi. Rayon<br \/>\nkolxoz\u00e7ular\u0131 k\u0259nd \u0259m\u0259k\u00e7il\u0259rin\u0259 daimi qay\u011f\u0131 \u00fc\u00e7\u00fcn Heyd\u0259r \u018fliyev\u0259 t\u0259\u015f\u0259kk\u00fcrl\u0259rini bildirib onu \u0259min etdil\u0259r ki, q\u0259bul edilmi\u015f y\u00fcks\u0259k \u00f6hd\u0259likl\u0259rin m\u00fcv\u0259ff\u0259qiyy\u0259tl\u0259 yerin\u0259 yetirilm\u0259si \u00fc\u00e7\u00fcn var q\u00fcvv\u0259l\u0259rini \u0259sirg\u0259m\u0259y\u0259c\u0259kl\u0259r.<br \/>\nHeyd\u0259r \u018fliyev K\u00fcr\u00fcn da\u015fmas\u0131 n\u0259tic\u0259sind\u0259 su basan yerl\u0259r\u0259 getdi, da\u015fq\u0131n\u0131n n\u0259tic\u0259l\u0259rinin aradan qald\u0131r\u0131lmas\u0131 il\u0259 \u0259laq\u0259dar g\u00f6r\u00fcl\u0259n i\u015fl\u0259rl\u0259 tan\u0131\u015f oldu, tap\u015f\u0131r\u0131q v\u0259 g\u00f6st\u0259ri\u015fl\u0259r verdi.<br \/>\nXalq\u0131m\u0131z\u0131n \u00dcmummilli lideri Heyd\u0259r \u018fliyev bu s\u00f6zl\u0259ri 1978-ci il may\u0131n 29-da &#8211; K\u00fcr \u00e7ay\u0131nda da\u015fq\u0131n\u0131n qar\u015f\u0131s\u0131n\u0131 almaq m\u0259qs\u0259dil\u0259 Z\u0259rdaba s\u0259f\u0259r ed\u0259rk\u0259n rayon ictimaiyy\u0259tinin i\u015ftirak\u0131 il\u0259 ke\u00e7irdiyi m\u00fc\u015favir\u0259d\u0259 s\u00f6yl\u0259mi\u015fdir:<br \/>\n&#8220;Z\u0259rdab rayonunun z\u0259hm\u0259tke\u015fl\u0259ri t\u0259bii f\u0259lak\u0259tl\u0259r\u0259 qar\u015f\u0131 m\u00fcbariz\u0259d\u0259 irad\u0259, intizam, bacar\u0131q g\u00f6st\u0259rmi\u015fl\u0259r v\u0259 indi t\u0259bii f\u0259lak\u0259tin vurdu\u011fu z\u0259r\u0259ri m\u00fct\u0259\u015f\u0259kkil qaydada aradan qald\u0131r\u0131r, tarla v\u0259 fermalarda i\u015fi g\u00fccl\u0259ndirirl\u0259r&#8221;.<\/p>\n","protected":false},"excerpt":{"rendered":"<p>Co\u011frafi m\u00f6vqeyin\u0259 g\u00f6r\u0259 Z\u0259rdab \u015f\u0259h\u0259ri K\u00fcr \u00e7ay\u0131 il\u0259 Qarasu \u00e7ay\u0131n\u0131n yaratd\u0131\u011f\u0131 yar\u0131madaya b\u0259nz\u0259r bir \u0259razid\u0259 yerl\u0259\u015fdiyin\u0259 g\u00f6r\u0259 burada da\u015fq\u0131n t\u0259hl\u00fck\u0259si daim m\u00f6vcud olub. Lakin bu da bir reall\u0131qd\u0131r ki, K\u00fcr \u00e7ay\u0131n\u0131n z\u0259rdabl\u0131lar\u0131n h\u0259yat\u0131nda tarix\u0259n x\u00fcsusi yeri v\u0259 \u0259h\u0259miyy\u0259ti olub, bu g\u00fcn d\u0259 var. T\u0259sad\u00fcfi deyil ki, Z\u0259rdab rayonunun 42 k\u0259ndind\u0259n 22-i m\u0259hz K\u00fcr \u00e7ay\u0131 boyunca [&hellip;]<\/p>\n","protected":false},"author":1,"featured_media":0,"comment_status":"open","ping_status":"open","sticky":false,"template":"","format":"standard","meta":{"footnotes":""},"categories":[1],"tags":[],"class_list":{"0":"post-722","1":"post","2":"type-post","3":"status-publish","4":"format-standard","6":"category-tarix"},"yoast_head":"<!-- This site is optimized with the Yoast SEO plugin v27.0 - https:\/\/yoast.com\/product\/yoast-seo-wordpress\/ -->\n<title>Heyd\u0259r \u018fliyevin 1978-ci ild\u0259 Z\u0259rdab rayonuna s\u0259f\u0259ri v\u0259 o d\u00f6vrd\u0259 m\u0259tbuatda yaz\u0131lanlar...  - Z\u0259rdab.com<\/title>\n<meta name=\"robots\" content=\"index, follow, max-snippet:-1, max-image-preview:large, max-video-preview:-1\" \/>\n<link rel=\"canonical\" href=\"https:\/\/www.zerdab.com\/?p=722\" \/>\n<meta property=\"og:locale\" content=\"az_AZ\" \/>\n<meta property=\"og:type\" content=\"article\" \/>\n<meta property=\"og:title\" content=\"Heyd\u0259r \u018fliyevin 1978-ci ild\u0259 Z\u0259rdab rayonuna s\u0259f\u0259ri v\u0259 o d\u00f6vrd\u0259 m\u0259tbuatda yaz\u0131lanlar...  - Z\u0259rdab.com\" \/>\n<meta property=\"og:description\" content=\"Co\u011frafi m\u00f6vqeyin\u0259 g\u00f6r\u0259 Z\u0259rdab \u015f\u0259h\u0259ri K\u00fcr \u00e7ay\u0131 il\u0259 Qarasu \u00e7ay\u0131n\u0131n yaratd\u0131\u011f\u0131 yar\u0131madaya b\u0259nz\u0259r bir \u0259razid\u0259 yerl\u0259\u015fdiyin\u0259 g\u00f6r\u0259 burada da\u015fq\u0131n t\u0259hl\u00fck\u0259si daim m\u00f6vcud olub. Lakin bu da bir reall\u0131qd\u0131r ki, K\u00fcr \u00e7ay\u0131n\u0131n z\u0259rdabl\u0131lar\u0131n h\u0259yat\u0131nda tarix\u0259n x\u00fcsusi yeri v\u0259 \u0259h\u0259miyy\u0259ti olub, bu g\u00fcn d\u0259 var. T\u0259sad\u00fcfi deyil ki, Z\u0259rdab rayonunun 42 k\u0259ndind\u0259n 22-i m\u0259hz K\u00fcr \u00e7ay\u0131 boyunca [&hellip;]\" \/>\n<meta property=\"og:url\" content=\"https:\/\/www.zerdab.com\/?p=722\" \/>\n<meta property=\"og:site_name\" content=\"Z\u0259rdab.com\" \/>\n<meta property=\"article:published_time\" content=\"2012-02-25T08:05:23+00:00\" \/>\n<meta property=\"og:image\" content=\"http:\/\/www.zerdab.com\/wp-content\/uploads\/2012\/02\/6-1024x723.jpg\" \/>\n<meta name=\"author\" content=\"admin\" \/>\n<meta name=\"twitter:card\" content=\"summary_large_image\" \/>\n<meta name=\"twitter:label1\" content=\"Written by\" \/>\n\t<meta name=\"twitter:data1\" content=\"admin\" \/>\n\t<meta name=\"twitter:label2\" content=\"Est. reading time\" \/>\n\t<meta name=\"twitter:data2\" content=\"12 minutes\" \/>\n<script type=\"application\/ld+json\" class=\"yoast-schema-graph\">{\"@context\":\"https:\/\/schema.org\",\"@graph\":[{\"@type\":\"Article\",\"@id\":\"https:\/\/www.zerdab.com\/?p=722#article\",\"isPartOf\":{\"@id\":\"https:\/\/www.zerdab.com\/?p=722\"},\"author\":{\"name\":\"admin\",\"@id\":\"https:\/\/www.zerdab.com\/#\/schema\/person\/97079b7570c1e89ec0d9e138c3672136\"},\"headline\":\"Heyd\u0259r \u018fliyevin 1978-ci ild\u0259 Z\u0259rdab rayonuna s\u0259f\u0259ri v\u0259 o d\u00f6vrd\u0259 m\u0259tbuatda yaz\u0131lanlar&#8230;\",\"datePublished\":\"2012-02-25T08:05:23+00:00\",\"mainEntityOfPage\":{\"@id\":\"https:\/\/www.zerdab.com\/?p=722\"},\"wordCount\":2383,\"commentCount\":0,\"image\":{\"@id\":\"https:\/\/www.zerdab.com\/?p=722#primaryimage\"},\"thumbnailUrl\":\"http:\/\/www.zerdab.com\/wp-content\/uploads\/2012\/02\/6-1024x723.jpg\",\"articleSection\":[\"Z\u018fRDABIN TAR\u0130X\u0130\"],\"inLanguage\":\"az\",\"potentialAction\":[{\"@type\":\"CommentAction\",\"name\":\"Comment\",\"target\":[\"https:\/\/www.zerdab.com\/?p=722#respond\"]}]},{\"@type\":\"WebPage\",\"@id\":\"https:\/\/www.zerdab.com\/?p=722\",\"url\":\"https:\/\/www.zerdab.com\/?p=722\",\"name\":\"Heyd\u0259r \u018fliyevin 1978-ci ild\u0259 Z\u0259rdab rayonuna s\u0259f\u0259ri v\u0259 o d\u00f6vrd\u0259 m\u0259tbuatda yaz\u0131lanlar... - Z\u0259rdab.com\",\"isPartOf\":{\"@id\":\"https:\/\/www.zerdab.com\/#website\"},\"primaryImageOfPage\":{\"@id\":\"https:\/\/www.zerdab.com\/?p=722#primaryimage\"},\"image\":{\"@id\":\"https:\/\/www.zerdab.com\/?p=722#primaryimage\"},\"thumbnailUrl\":\"http:\/\/www.zerdab.com\/wp-content\/uploads\/2012\/02\/6-1024x723.jpg\",\"datePublished\":\"2012-02-25T08:05:23+00:00\",\"author\":{\"@id\":\"https:\/\/www.zerdab.com\/#\/schema\/person\/97079b7570c1e89ec0d9e138c3672136\"},\"breadcrumb\":{\"@id\":\"https:\/\/www.zerdab.com\/?p=722#breadcrumb\"},\"inLanguage\":\"az\",\"potentialAction\":[{\"@type\":\"ReadAction\",\"target\":[\"https:\/\/www.zerdab.com\/?p=722\"]}]},{\"@type\":\"ImageObject\",\"inLanguage\":\"az\",\"@id\":\"https:\/\/www.zerdab.com\/?p=722#primaryimage\",\"url\":\"\",\"contentUrl\":\"\"},{\"@type\":\"BreadcrumbList\",\"@id\":\"https:\/\/www.zerdab.com\/?p=722#breadcrumb\",\"itemListElement\":[{\"@type\":\"ListItem\",\"position\":1,\"name\":\"Home\",\"item\":\"https:\/\/www.zerdab.com\/\"},{\"@type\":\"ListItem\",\"position\":2,\"name\":\"Heyd\u0259r \u018fliyevin 1978-ci ild\u0259 Z\u0259rdab rayonuna s\u0259f\u0259ri v\u0259 o d\u00f6vrd\u0259 m\u0259tbuatda yaz\u0131lanlar&#8230;\"}]},{\"@type\":\"WebSite\",\"@id\":\"https:\/\/www.zerdab.com\/#website\",\"url\":\"https:\/\/www.zerdab.com\/\",\"name\":\"Z\u0259rdab.com\",\"description\":\"\",\"potentialAction\":[{\"@type\":\"SearchAction\",\"target\":{\"@type\":\"EntryPoint\",\"urlTemplate\":\"https:\/\/www.zerdab.com\/?s={search_term_string}\"},\"query-input\":{\"@type\":\"PropertyValueSpecification\",\"valueRequired\":true,\"valueName\":\"search_term_string\"}}],\"inLanguage\":\"az\"},{\"@type\":\"Person\",\"@id\":\"https:\/\/www.zerdab.com\/#\/schema\/person\/97079b7570c1e89ec0d9e138c3672136\",\"name\":\"admin\",\"image\":{\"@type\":\"ImageObject\",\"inLanguage\":\"az\",\"@id\":\"https:\/\/www.zerdab.com\/#\/schema\/person\/image\/\",\"url\":\"https:\/\/secure.gravatar.com\/avatar\/d9c52a9a27c32119cb6679a077fa3e2779e5f822c451cbf01098004361d466ec?s=96&d=mm&r=g\",\"contentUrl\":\"https:\/\/secure.gravatar.com\/avatar\/d9c52a9a27c32119cb6679a077fa3e2779e5f822c451cbf01098004361d466ec?s=96&d=mm&r=g\",\"caption\":\"admin\"},\"url\":\"https:\/\/www.zerdab.com\/?author=1\"}]}<\/script>\n<!-- \/ Yoast SEO plugin. -->","yoast_head_json":{"title":"Heyd\u0259r \u018fliyevin 1978-ci ild\u0259 Z\u0259rdab rayonuna s\u0259f\u0259ri v\u0259 o d\u00f6vrd\u0259 m\u0259tbuatda yaz\u0131lanlar...  - Z\u0259rdab.com","robots":{"index":"index","follow":"follow","max-snippet":"max-snippet:-1","max-image-preview":"max-image-preview:large","max-video-preview":"max-video-preview:-1"},"canonical":"https:\/\/www.zerdab.com\/?p=722","og_locale":"az_AZ","og_type":"article","og_title":"Heyd\u0259r \u018fliyevin 1978-ci ild\u0259 Z\u0259rdab rayonuna s\u0259f\u0259ri v\u0259 o d\u00f6vrd\u0259 m\u0259tbuatda yaz\u0131lanlar...  - Z\u0259rdab.com","og_description":"Co\u011frafi m\u00f6vqeyin\u0259 g\u00f6r\u0259 Z\u0259rdab \u015f\u0259h\u0259ri K\u00fcr \u00e7ay\u0131 il\u0259 Qarasu \u00e7ay\u0131n\u0131n yaratd\u0131\u011f\u0131 yar\u0131madaya b\u0259nz\u0259r bir \u0259razid\u0259 yerl\u0259\u015fdiyin\u0259 g\u00f6r\u0259 burada da\u015fq\u0131n t\u0259hl\u00fck\u0259si daim m\u00f6vcud olub. Lakin bu da bir reall\u0131qd\u0131r ki, K\u00fcr \u00e7ay\u0131n\u0131n z\u0259rdabl\u0131lar\u0131n h\u0259yat\u0131nda tarix\u0259n x\u00fcsusi yeri v\u0259 \u0259h\u0259miyy\u0259ti olub, bu g\u00fcn d\u0259 var. T\u0259sad\u00fcfi deyil ki, Z\u0259rdab rayonunun 42 k\u0259ndind\u0259n 22-i m\u0259hz K\u00fcr \u00e7ay\u0131 boyunca [&hellip;]","og_url":"https:\/\/www.zerdab.com\/?p=722","og_site_name":"Z\u0259rdab.com","article_published_time":"2012-02-25T08:05:23+00:00","og_image":[{"url":"http:\/\/www.zerdab.com\/wp-content\/uploads\/2012\/02\/6-1024x723.jpg","type":"","width":"","height":""}],"author":"admin","twitter_card":"summary_large_image","twitter_misc":{"Written by":"admin","Est. reading time":"12 minutes"},"schema":{"@context":"https:\/\/schema.org","@graph":[{"@type":"Article","@id":"https:\/\/www.zerdab.com\/?p=722#article","isPartOf":{"@id":"https:\/\/www.zerdab.com\/?p=722"},"author":{"name":"admin","@id":"https:\/\/www.zerdab.com\/#\/schema\/person\/97079b7570c1e89ec0d9e138c3672136"},"headline":"Heyd\u0259r \u018fliyevin 1978-ci ild\u0259 Z\u0259rdab rayonuna s\u0259f\u0259ri v\u0259 o d\u00f6vrd\u0259 m\u0259tbuatda yaz\u0131lanlar&#8230;","datePublished":"2012-02-25T08:05:23+00:00","mainEntityOfPage":{"@id":"https:\/\/www.zerdab.com\/?p=722"},"wordCount":2383,"commentCount":0,"image":{"@id":"https:\/\/www.zerdab.com\/?p=722#primaryimage"},"thumbnailUrl":"http:\/\/www.zerdab.com\/wp-content\/uploads\/2012\/02\/6-1024x723.jpg","articleSection":["Z\u018fRDABIN TAR\u0130X\u0130"],"inLanguage":"az","potentialAction":[{"@type":"CommentAction","name":"Comment","target":["https:\/\/www.zerdab.com\/?p=722#respond"]}]},{"@type":"WebPage","@id":"https:\/\/www.zerdab.com\/?p=722","url":"https:\/\/www.zerdab.com\/?p=722","name":"Heyd\u0259r \u018fliyevin 1978-ci ild\u0259 Z\u0259rdab rayonuna s\u0259f\u0259ri v\u0259 o d\u00f6vrd\u0259 m\u0259tbuatda yaz\u0131lanlar... - Z\u0259rdab.com","isPartOf":{"@id":"https:\/\/www.zerdab.com\/#website"},"primaryImageOfPage":{"@id":"https:\/\/www.zerdab.com\/?p=722#primaryimage"},"image":{"@id":"https:\/\/www.zerdab.com\/?p=722#primaryimage"},"thumbnailUrl":"http:\/\/www.zerdab.com\/wp-content\/uploads\/2012\/02\/6-1024x723.jpg","datePublished":"2012-02-25T08:05:23+00:00","author":{"@id":"https:\/\/www.zerdab.com\/#\/schema\/person\/97079b7570c1e89ec0d9e138c3672136"},"breadcrumb":{"@id":"https:\/\/www.zerdab.com\/?p=722#breadcrumb"},"inLanguage":"az","potentialAction":[{"@type":"ReadAction","target":["https:\/\/www.zerdab.com\/?p=722"]}]},{"@type":"ImageObject","inLanguage":"az","@id":"https:\/\/www.zerdab.com\/?p=722#primaryimage","url":"","contentUrl":""},{"@type":"BreadcrumbList","@id":"https:\/\/www.zerdab.com\/?p=722#breadcrumb","itemListElement":[{"@type":"ListItem","position":1,"name":"Home","item":"https:\/\/www.zerdab.com\/"},{"@type":"ListItem","position":2,"name":"Heyd\u0259r \u018fliyevin 1978-ci ild\u0259 Z\u0259rdab rayonuna s\u0259f\u0259ri v\u0259 o d\u00f6vrd\u0259 m\u0259tbuatda yaz\u0131lanlar&#8230;"}]},{"@type":"WebSite","@id":"https:\/\/www.zerdab.com\/#website","url":"https:\/\/www.zerdab.com\/","name":"Z\u0259rdab.com","description":"","potentialAction":[{"@type":"SearchAction","target":{"@type":"EntryPoint","urlTemplate":"https:\/\/www.zerdab.com\/?s={search_term_string}"},"query-input":{"@type":"PropertyValueSpecification","valueRequired":true,"valueName":"search_term_string"}}],"inLanguage":"az"},{"@type":"Person","@id":"https:\/\/www.zerdab.com\/#\/schema\/person\/97079b7570c1e89ec0d9e138c3672136","name":"admin","image":{"@type":"ImageObject","inLanguage":"az","@id":"https:\/\/www.zerdab.com\/#\/schema\/person\/image\/","url":"https:\/\/secure.gravatar.com\/avatar\/d9c52a9a27c32119cb6679a077fa3e2779e5f822c451cbf01098004361d466ec?s=96&d=mm&r=g","contentUrl":"https:\/\/secure.gravatar.com\/avatar\/d9c52a9a27c32119cb6679a077fa3e2779e5f822c451cbf01098004361d466ec?s=96&d=mm&r=g","caption":"admin"},"url":"https:\/\/www.zerdab.com\/?author=1"}]}},"_links":{"self":[{"href":"https:\/\/www.zerdab.com\/index.php?rest_route=\/wp\/v2\/posts\/722","targetHints":{"allow":["GET"]}}],"collection":[{"href":"https:\/\/www.zerdab.com\/index.php?rest_route=\/wp\/v2\/posts"}],"about":[{"href":"https:\/\/www.zerdab.com\/index.php?rest_route=\/wp\/v2\/types\/post"}],"author":[{"embeddable":true,"href":"https:\/\/www.zerdab.com\/index.php?rest_route=\/wp\/v2\/users\/1"}],"replies":[{"embeddable":true,"href":"https:\/\/www.zerdab.com\/index.php?rest_route=%2Fwp%2Fv2%2Fcomments&post=722"}],"version-history":[{"count":2,"href":"https:\/\/www.zerdab.com\/index.php?rest_route=\/wp\/v2\/posts\/722\/revisions"}],"predecessor-version":[{"id":727,"href":"https:\/\/www.zerdab.com\/index.php?rest_route=\/wp\/v2\/posts\/722\/revisions\/727"}],"wp:attachment":[{"href":"https:\/\/www.zerdab.com\/index.php?rest_route=%2Fwp%2Fv2%2Fmedia&parent=722"}],"wp:term":[{"taxonomy":"category","embeddable":true,"href":"https:\/\/www.zerdab.com\/index.php?rest_route=%2Fwp%2Fv2%2Fcategories&post=722"},{"taxonomy":"post_tag","embeddable":true,"href":"https:\/\/www.zerdab.com\/index.php?rest_route=%2Fwp%2Fv2%2Ftags&post=722"}],"curies":[{"name":"wp","href":"https:\/\/api.w.org\/{rel}","templated":true}]}}