{"id":7234,"date":"2013-02-12T15:38:32","date_gmt":"2013-02-12T11:38:32","guid":{"rendered":"http:\/\/www.zerdab.com\/?p=7234"},"modified":"2013-02-12T18:04:28","modified_gmt":"2013-02-12T14:04:28","slug":"baba-babayev-%c9%99kr%c9%99min-bu-x%c9%99yan%c9%99ti-bagislanasi-deyil","status":"publish","type":"post","link":"https:\/\/www.zerdab.com\/?p=7234","title":{"rendered":"Baba Babayev: &#8220;\u018fkr\u0259min bu x\u0259yan\u0259ti ba\u011f\u0131\u015flanas\u0131 deyil&#8221;"},"content":{"rendered":"<p><span style=\"color: #0000ff;\"><strong><img loading=\"lazy\" decoding=\"async\" class=\"aligncenter size-full wp-image-7235\" alt=\"\u018fkr\u0259m \u018fylisli1\" src=\"http:\/\/www.zerdab.com\/wp-content\/uploads\/2013\/02\/\u018fkr\u0259m-\u018fylisli1.jpg\" width=\"238\" height=\"238\" \/>Son g\u00fcnl\u0259r\u00a0 yaz\u0131\u00e7\u0131 \u018fkr\u0259m \u018fylislinin \u201cDrujba\u00a0 narodov<strong>\u201d<\/strong> jurnal\u0131nda \u00a0d\u0259rc edilmi\u015f \u201cDa\u015f yuxular\u201d \u0259s\u0259ri v\u0259 orada mill\u0259timizin t\u0259hqir olunmas\u0131\u00a0 biz Z\u0259rdab ziyal\u0131lar\u0131n\u0131 da hidd\u0259tl\u0259ndirmi\u015fdir.<\/strong> <\/span>&#8220;Da\u015f\u00a0 yuxular\u201d roman\u0131yla (\u0259g\u0259r buna\u00a0 roman dem\u0259k\u00a0 m\u00fcmk\u00fcnd\u00fcrs\u0259) \u018fylisli yaln\u0131z ziyal\u0131lar\u0131n deyil, b\u00fct\u00fcn xalq\u0131n q\u0259z\u0259bin\u0259 tu\u015f g\u0259ldi. Fevral ay\u0131n\u0131n 7-d\u0259 \u0130ctimai\u00a0 Televiziyada\u00a0 \u0259s\u0259rl\u0259 ba\u011fl\u0131 ke\u00e7iril\u0259n debatda da \u018fylisli erm\u0259ni t\u0259\u0259ss\u00fcbke\u015fliyind\u0259n \u0259l \u00e7\u0259km\u0259di. B\u00f6y\u00fck \u015fairimiz B. Vahabzad\u0259 bizd\u0259n \u00e7ox-\u00e7ox \u0259vv\u0259l \u018fkr\u0259m adl\u0131 adam\u0131n kimliyini, onun h\u0259l\u0259 ill\u0259rc\u0259 \u0259vv\u0259l A\u015fota, Da\u015fnaka i\u015fl\u0259diyini 1998-ci\u00a0 ild\u0259 q\u0259l\u0259m\u0259 ald\u0131\u011f\u0131 \u201cAxtar\u0131rsan\u201d \u015ferind\u0259 a\u00e7\u0131b t\u00f6km\u00fc\u015fd\u00fcr.<\/p>\n<p>M\u00f6ht\u0259r\u0259m Prezidentimizin \u018f.\u018fylislinin \u201cXalq yaz\u0131\u00e7\u0131s\u0131\u201d ad\u0131ndan v\u0259 Prezidentin f\u0259rdi t\u0259qa\u00fcd\u00fcnd\u0259n m\u0259hrum olunmas\u0131 bar\u0259d\u0259 imzalad\u0131\u011f\u0131 s\u0259r\u0259ncam xalq\u0131n irad\u0259sinin ifad\u0259sidir. \u018fkr\u0259min Az\u0259rbaycan xalq\u0131na etdiyi\u00a0 bu x\u0259yan\u0259t ba\u011f\u0131\u015flanas\u0131 deyil. Bu yaz\u0131n\u0131 qar\u0131 d\u00fc\u015fm\u0259n yaza bil\u0259rdi. \u018fkr\u0259min az\u0259rbaycanl\u0131 olmas\u0131na inanm\u0131ram.<\/p>\n<p><strong><i>Baba\u00a0 Babayev.\u00a0 Filologiya\u00a0 elml\u0259ri\u00a0 doktoru, Az\u0259rbaycan Yaz\u0131\u00e7\u0131lar\u00a0 Birliyinin\u00a0 \u00fczv\u00fc.<\/i><\/strong><\/p>\n","protected":false},"excerpt":{"rendered":"<p>Son g\u00fcnl\u0259r\u00a0 yaz\u0131\u00e7\u0131 \u018fkr\u0259m \u018fylislinin \u201cDrujba\u00a0 narodov\u201d jurnal\u0131nda \u00a0d\u0259rc edilmi\u015f \u201cDa\u015f yuxular\u201d \u0259s\u0259ri v\u0259 orada mill\u0259timizin t\u0259hqir olunmas\u0131\u00a0 biz Z\u0259rdab ziyal\u0131lar\u0131n\u0131 da hidd\u0259tl\u0259ndirmi\u015fdir. &#8220;Da\u015f\u00a0 yuxular\u201d roman\u0131yla (\u0259g\u0259r buna\u00a0 roman dem\u0259k\u00a0 m\u00fcmk\u00fcnd\u00fcrs\u0259) \u018fylisli yaln\u0131z ziyal\u0131lar\u0131n deyil, b\u00fct\u00fcn xalq\u0131n q\u0259z\u0259bin\u0259 tu\u015f g\u0259ldi. Fevral ay\u0131n\u0131n 7-d\u0259 \u0130ctimai\u00a0 Televiziyada\u00a0 \u0259s\u0259rl\u0259 ba\u011fl\u0131 ke\u00e7iril\u0259n debatda da \u018fylisli erm\u0259ni t\u0259\u0259ss\u00fcbke\u015fliyind\u0259n \u0259l \u00e7\u0259km\u0259di. [&hellip;]<\/p>\n","protected":false},"author":1,"featured_media":0,"comment_status":"open","ping_status":"open","sticky":false,"template":"","format":"standard","meta":{"footnotes":""},"categories":[21],"tags":[],"class_list":{"0":"post-7234","1":"post","2":"type-post","3":"status-publish","4":"format-standard","6":"category-zrdab"},"yoast_head":"<!-- This site is optimized with the Yoast SEO plugin v27.0 - https:\/\/yoast.com\/product\/yoast-seo-wordpress\/ -->\n<title>Baba Babayev: &quot;\u018fkr\u0259min bu x\u0259yan\u0259ti ba\u011f\u0131\u015flanas\u0131 deyil&quot; - Z\u0259rdab.com<\/title>\n<meta name=\"robots\" content=\"index, follow, max-snippet:-1, max-image-preview:large, max-video-preview:-1\" \/>\n<link rel=\"canonical\" href=\"https:\/\/www.zerdab.com\/?p=7234\" \/>\n<meta property=\"og:locale\" content=\"az_AZ\" \/>\n<meta property=\"og:type\" content=\"article\" \/>\n<meta property=\"og:title\" content=\"Baba Babayev: &quot;\u018fkr\u0259min bu x\u0259yan\u0259ti ba\u011f\u0131\u015flanas\u0131 deyil&quot; - Z\u0259rdab.com\" \/>\n<meta property=\"og:description\" content=\"Son g\u00fcnl\u0259r\u00a0 yaz\u0131\u00e7\u0131 \u018fkr\u0259m \u018fylislinin \u201cDrujba\u00a0 narodov\u201d jurnal\u0131nda \u00a0d\u0259rc edilmi\u015f \u201cDa\u015f yuxular\u201d \u0259s\u0259ri v\u0259 orada mill\u0259timizin t\u0259hqir olunmas\u0131\u00a0 biz Z\u0259rdab ziyal\u0131lar\u0131n\u0131 da hidd\u0259tl\u0259ndirmi\u015fdir. &#8220;Da\u015f\u00a0 yuxular\u201d roman\u0131yla (\u0259g\u0259r buna\u00a0 roman dem\u0259k\u00a0 m\u00fcmk\u00fcnd\u00fcrs\u0259) \u018fylisli yaln\u0131z ziyal\u0131lar\u0131n deyil, b\u00fct\u00fcn xalq\u0131n q\u0259z\u0259bin\u0259 tu\u015f g\u0259ldi. Fevral ay\u0131n\u0131n 7-d\u0259 \u0130ctimai\u00a0 Televiziyada\u00a0 \u0259s\u0259rl\u0259 ba\u011fl\u0131 ke\u00e7iril\u0259n debatda da \u018fylisli erm\u0259ni t\u0259\u0259ss\u00fcbke\u015fliyind\u0259n \u0259l \u00e7\u0259km\u0259di. [&hellip;]\" \/>\n<meta property=\"og:url\" content=\"https:\/\/www.zerdab.com\/?p=7234\" \/>\n<meta property=\"og:site_name\" content=\"Z\u0259rdab.com\" \/>\n<meta property=\"article:published_time\" content=\"2013-02-12T11:38:32+00:00\" \/>\n<meta property=\"article:modified_time\" content=\"2013-02-12T14:04:28+00:00\" \/>\n<meta name=\"author\" content=\"admin\" \/>\n<meta name=\"twitter:card\" content=\"summary_large_image\" \/>\n<meta name=\"twitter:label1\" content=\"Written by\" \/>\n\t<meta name=\"twitter:data1\" content=\"admin\" \/>\n\t<meta name=\"twitter:label2\" content=\"Est. reading time\" \/>\n\t<meta name=\"twitter:data2\" content=\"1 minute\" \/>\n<script type=\"application\/ld+json\" class=\"yoast-schema-graph\">{\"@context\":\"https:\/\/schema.org\",\"@graph\":[{\"@type\":\"Article\",\"@id\":\"https:\/\/www.zerdab.com\/?p=7234#article\",\"isPartOf\":{\"@id\":\"https:\/\/www.zerdab.com\/?p=7234\"},\"author\":{\"name\":\"admin\",\"@id\":\"https:\/\/www.zerdab.com\/#\/schema\/person\/97079b7570c1e89ec0d9e138c3672136\"},\"headline\":\"Baba Babayev: &#8220;\u018fkr\u0259min bu x\u0259yan\u0259ti ba\u011f\u0131\u015flanas\u0131 deyil&#8221;\",\"datePublished\":\"2013-02-12T11:38:32+00:00\",\"dateModified\":\"2013-02-12T14:04:28+00:00\",\"mainEntityOfPage\":{\"@id\":\"https:\/\/www.zerdab.com\/?p=7234\"},\"wordCount\":233,\"commentCount\":1,\"articleSection\":[\"C\u018fM\u0130YY\u018fT\"],\"inLanguage\":\"az\",\"potentialAction\":[{\"@type\":\"CommentAction\",\"name\":\"Comment\",\"target\":[\"https:\/\/www.zerdab.com\/?p=7234#respond\"]}]},{\"@type\":\"WebPage\",\"@id\":\"https:\/\/www.zerdab.com\/?p=7234\",\"url\":\"https:\/\/www.zerdab.com\/?p=7234\",\"name\":\"Baba Babayev: \\\"\u018fkr\u0259min bu x\u0259yan\u0259ti ba\u011f\u0131\u015flanas\u0131 deyil\\\" - Z\u0259rdab.com\",\"isPartOf\":{\"@id\":\"https:\/\/www.zerdab.com\/#website\"},\"datePublished\":\"2013-02-12T11:38:32+00:00\",\"dateModified\":\"2013-02-12T14:04:28+00:00\",\"author\":{\"@id\":\"https:\/\/www.zerdab.com\/#\/schema\/person\/97079b7570c1e89ec0d9e138c3672136\"},\"breadcrumb\":{\"@id\":\"https:\/\/www.zerdab.com\/?p=7234#breadcrumb\"},\"inLanguage\":\"az\",\"potentialAction\":[{\"@type\":\"ReadAction\",\"target\":[\"https:\/\/www.zerdab.com\/?p=7234\"]}]},{\"@type\":\"BreadcrumbList\",\"@id\":\"https:\/\/www.zerdab.com\/?p=7234#breadcrumb\",\"itemListElement\":[{\"@type\":\"ListItem\",\"position\":1,\"name\":\"Home\",\"item\":\"https:\/\/www.zerdab.com\/\"},{\"@type\":\"ListItem\",\"position\":2,\"name\":\"Baba Babayev: &#8220;\u018fkr\u0259min bu x\u0259yan\u0259ti ba\u011f\u0131\u015flanas\u0131 deyil&#8221;\"}]},{\"@type\":\"WebSite\",\"@id\":\"https:\/\/www.zerdab.com\/#website\",\"url\":\"https:\/\/www.zerdab.com\/\",\"name\":\"Z\u0259rdab.com\",\"description\":\"\",\"potentialAction\":[{\"@type\":\"SearchAction\",\"target\":{\"@type\":\"EntryPoint\",\"urlTemplate\":\"https:\/\/www.zerdab.com\/?s={search_term_string}\"},\"query-input\":{\"@type\":\"PropertyValueSpecification\",\"valueRequired\":true,\"valueName\":\"search_term_string\"}}],\"inLanguage\":\"az\"},{\"@type\":\"Person\",\"@id\":\"https:\/\/www.zerdab.com\/#\/schema\/person\/97079b7570c1e89ec0d9e138c3672136\",\"name\":\"admin\",\"image\":{\"@type\":\"ImageObject\",\"inLanguage\":\"az\",\"@id\":\"https:\/\/www.zerdab.com\/#\/schema\/person\/image\/\",\"url\":\"https:\/\/secure.gravatar.com\/avatar\/d9c52a9a27c32119cb6679a077fa3e2779e5f822c451cbf01098004361d466ec?s=96&d=mm&r=g\",\"contentUrl\":\"https:\/\/secure.gravatar.com\/avatar\/d9c52a9a27c32119cb6679a077fa3e2779e5f822c451cbf01098004361d466ec?s=96&d=mm&r=g\",\"caption\":\"admin\"},\"url\":\"https:\/\/www.zerdab.com\/?author=1\"}]}<\/script>\n<!-- \/ Yoast SEO plugin. -->","yoast_head_json":{"title":"Baba Babayev: \"\u018fkr\u0259min bu x\u0259yan\u0259ti ba\u011f\u0131\u015flanas\u0131 deyil\" - Z\u0259rdab.com","robots":{"index":"index","follow":"follow","max-snippet":"max-snippet:-1","max-image-preview":"max-image-preview:large","max-video-preview":"max-video-preview:-1"},"canonical":"https:\/\/www.zerdab.com\/?p=7234","og_locale":"az_AZ","og_type":"article","og_title":"Baba Babayev: \"\u018fkr\u0259min bu x\u0259yan\u0259ti ba\u011f\u0131\u015flanas\u0131 deyil\" - Z\u0259rdab.com","og_description":"Son g\u00fcnl\u0259r\u00a0 yaz\u0131\u00e7\u0131 \u018fkr\u0259m \u018fylislinin \u201cDrujba\u00a0 narodov\u201d jurnal\u0131nda \u00a0d\u0259rc edilmi\u015f \u201cDa\u015f yuxular\u201d \u0259s\u0259ri v\u0259 orada mill\u0259timizin t\u0259hqir olunmas\u0131\u00a0 biz Z\u0259rdab ziyal\u0131lar\u0131n\u0131 da hidd\u0259tl\u0259ndirmi\u015fdir. &#8220;Da\u015f\u00a0 yuxular\u201d roman\u0131yla (\u0259g\u0259r buna\u00a0 roman dem\u0259k\u00a0 m\u00fcmk\u00fcnd\u00fcrs\u0259) \u018fylisli yaln\u0131z ziyal\u0131lar\u0131n deyil, b\u00fct\u00fcn xalq\u0131n q\u0259z\u0259bin\u0259 tu\u015f g\u0259ldi. Fevral ay\u0131n\u0131n 7-d\u0259 \u0130ctimai\u00a0 Televiziyada\u00a0 \u0259s\u0259rl\u0259 ba\u011fl\u0131 ke\u00e7iril\u0259n debatda da \u018fylisli erm\u0259ni t\u0259\u0259ss\u00fcbke\u015fliyind\u0259n \u0259l \u00e7\u0259km\u0259di. [&hellip;]","og_url":"https:\/\/www.zerdab.com\/?p=7234","og_site_name":"Z\u0259rdab.com","article_published_time":"2013-02-12T11:38:32+00:00","article_modified_time":"2013-02-12T14:04:28+00:00","author":"admin","twitter_card":"summary_large_image","twitter_misc":{"Written by":"admin","Est. reading time":"1 minute"},"schema":{"@context":"https:\/\/schema.org","@graph":[{"@type":"Article","@id":"https:\/\/www.zerdab.com\/?p=7234#article","isPartOf":{"@id":"https:\/\/www.zerdab.com\/?p=7234"},"author":{"name":"admin","@id":"https:\/\/www.zerdab.com\/#\/schema\/person\/97079b7570c1e89ec0d9e138c3672136"},"headline":"Baba Babayev: &#8220;\u018fkr\u0259min bu x\u0259yan\u0259ti ba\u011f\u0131\u015flanas\u0131 deyil&#8221;","datePublished":"2013-02-12T11:38:32+00:00","dateModified":"2013-02-12T14:04:28+00:00","mainEntityOfPage":{"@id":"https:\/\/www.zerdab.com\/?p=7234"},"wordCount":233,"commentCount":1,"articleSection":["C\u018fM\u0130YY\u018fT"],"inLanguage":"az","potentialAction":[{"@type":"CommentAction","name":"Comment","target":["https:\/\/www.zerdab.com\/?p=7234#respond"]}]},{"@type":"WebPage","@id":"https:\/\/www.zerdab.com\/?p=7234","url":"https:\/\/www.zerdab.com\/?p=7234","name":"Baba Babayev: \"\u018fkr\u0259min bu x\u0259yan\u0259ti ba\u011f\u0131\u015flanas\u0131 deyil\" - Z\u0259rdab.com","isPartOf":{"@id":"https:\/\/www.zerdab.com\/#website"},"datePublished":"2013-02-12T11:38:32+00:00","dateModified":"2013-02-12T14:04:28+00:00","author":{"@id":"https:\/\/www.zerdab.com\/#\/schema\/person\/97079b7570c1e89ec0d9e138c3672136"},"breadcrumb":{"@id":"https:\/\/www.zerdab.com\/?p=7234#breadcrumb"},"inLanguage":"az","potentialAction":[{"@type":"ReadAction","target":["https:\/\/www.zerdab.com\/?p=7234"]}]},{"@type":"BreadcrumbList","@id":"https:\/\/www.zerdab.com\/?p=7234#breadcrumb","itemListElement":[{"@type":"ListItem","position":1,"name":"Home","item":"https:\/\/www.zerdab.com\/"},{"@type":"ListItem","position":2,"name":"Baba Babayev: &#8220;\u018fkr\u0259min bu x\u0259yan\u0259ti ba\u011f\u0131\u015flanas\u0131 deyil&#8221;"}]},{"@type":"WebSite","@id":"https:\/\/www.zerdab.com\/#website","url":"https:\/\/www.zerdab.com\/","name":"Z\u0259rdab.com","description":"","potentialAction":[{"@type":"SearchAction","target":{"@type":"EntryPoint","urlTemplate":"https:\/\/www.zerdab.com\/?s={search_term_string}"},"query-input":{"@type":"PropertyValueSpecification","valueRequired":true,"valueName":"search_term_string"}}],"inLanguage":"az"},{"@type":"Person","@id":"https:\/\/www.zerdab.com\/#\/schema\/person\/97079b7570c1e89ec0d9e138c3672136","name":"admin","image":{"@type":"ImageObject","inLanguage":"az","@id":"https:\/\/www.zerdab.com\/#\/schema\/person\/image\/","url":"https:\/\/secure.gravatar.com\/avatar\/d9c52a9a27c32119cb6679a077fa3e2779e5f822c451cbf01098004361d466ec?s=96&d=mm&r=g","contentUrl":"https:\/\/secure.gravatar.com\/avatar\/d9c52a9a27c32119cb6679a077fa3e2779e5f822c451cbf01098004361d466ec?s=96&d=mm&r=g","caption":"admin"},"url":"https:\/\/www.zerdab.com\/?author=1"}]}},"_links":{"self":[{"href":"https:\/\/www.zerdab.com\/index.php?rest_route=\/wp\/v2\/posts\/7234","targetHints":{"allow":["GET"]}}],"collection":[{"href":"https:\/\/www.zerdab.com\/index.php?rest_route=\/wp\/v2\/posts"}],"about":[{"href":"https:\/\/www.zerdab.com\/index.php?rest_route=\/wp\/v2\/types\/post"}],"author":[{"embeddable":true,"href":"https:\/\/www.zerdab.com\/index.php?rest_route=\/wp\/v2\/users\/1"}],"replies":[{"embeddable":true,"href":"https:\/\/www.zerdab.com\/index.php?rest_route=%2Fwp%2Fv2%2Fcomments&post=7234"}],"version-history":[{"count":4,"href":"https:\/\/www.zerdab.com\/index.php?rest_route=\/wp\/v2\/posts\/7234\/revisions"}],"predecessor-version":[{"id":7239,"href":"https:\/\/www.zerdab.com\/index.php?rest_route=\/wp\/v2\/posts\/7234\/revisions\/7239"}],"wp:attachment":[{"href":"https:\/\/www.zerdab.com\/index.php?rest_route=%2Fwp%2Fv2%2Fmedia&parent=7234"}],"wp:term":[{"taxonomy":"category","embeddable":true,"href":"https:\/\/www.zerdab.com\/index.php?rest_route=%2Fwp%2Fv2%2Fcategories&post=7234"},{"taxonomy":"post_tag","embeddable":true,"href":"https:\/\/www.zerdab.com\/index.php?rest_route=%2Fwp%2Fv2%2Ftags&post=7234"}],"curies":[{"name":"wp","href":"https:\/\/api.w.org\/{rel}","templated":true}]}}