{"id":7276,"date":"2013-02-13T21:11:02","date_gmt":"2013-02-13T17:11:02","guid":{"rendered":"http:\/\/www.zerdab.com\/?p=7276"},"modified":"2013-02-13T21:11:30","modified_gmt":"2013-02-13T17:11:30","slug":"%c9%99li-h%c9%99s%c9%99nov-prezidentin-qoydugu-t%c9%99l%c9%99bl%c9%99r-hamiya-aiddir-ciddi-gost%c9%99risdir","status":"publish","type":"post","link":"https:\/\/www.zerdab.com\/?p=7276","title":{"rendered":"&#8220;Prezidentin qoydu\u011fu t\u0259l\u0259bl\u0259r ham\u0131ya aiddir, ciddi g\u00f6st\u0259ri\u015fdir&#8221;"},"content":{"rendered":"<p><span style=\"color: #0000ff;\"><strong><img loading=\"lazy\" decoding=\"async\" class=\"aligncenter size-medium wp-image-7277\" alt=\"\u018fli H\u0259s\u0259nov\" src=\"http:\/\/www.zerdab.com\/wp-content\/uploads\/2013\/02\/\u018fli-H\u0259s\u0259nov-350x262.jpg\" width=\"350\" height=\"262\" \/>Prezident Administrasiyas\u0131n\u0131n ictimai-siyasi m\u0259s\u0259l\u0259l\u0259r \u015f\u00f6b\u0259sinin m\u00fcdiri \u018fli H\u0259s\u0259nov fevral\u0131n 13-d\u0259 \u201cMedia forum\u201d sayt\u0131n\u0131n suallar\u0131n\u0131 cavabland\u0131r\u0131b.<\/strong><\/span><\/p>\n<p><strong>&#8211; Fevral\u0131n 12-d\u0259 ke\u00e7iril\u0259n konfransda prezident \u0130lham \u018fliyev m\u0259murlara, onlar\u0131n \u00f6vladlar\u0131na x\u0259b\u0259rdarl\u0131q etdi. Prezidenti bel\u0259 s\u0259rt fikirl\u0259r s\u00f6yl\u0259m\u0259k m\u0259cburiyy\u0259ti qar\u015f\u0131s\u0131nda qoyan n\u0259 idi?<\/strong><\/p>\n<p>&#8211; C\u0259nab prezidentin \u00f6z\u00fcn\u0259 v\u0259 Prezident Administrasiyas\u0131na m\u0259murlar\u0131n f\u0259aliyy\u0259ti il\u0259 ba\u011fl\u0131 daxil olan \u015fikay\u0259tl\u0259rin say\u0131 art\u0131b. \u015eikay\u0259tl\u0259rd\u0259, o c\u00fcml\u0259d\u0259n ictimaiyy\u0259t n\u00fcmay\u0259nd\u0259l\u0259rind\u0259n daxil olan m\u0259lumatlarda daha \u00e7ox ayr\u0131-ayr\u0131 \u015f\u0259xsl\u0259rin f\u0259aliyy\u0259tind\u0259n naraz\u0131l\u0131q ifad\u0259 edilir. H\u0259min \u015fikay\u0259t v\u0259 m\u0259lumatlardan ayd\u0131n olur ki, m\u0259murlar\u0131n bir \u00e7oxunun, el\u0259c\u0259 d\u0259 m\u0259rk\u0259zi v\u0259 yerli icra hakimiyy\u0259ti orqanlar\u0131 r\u0259hb\u0259rl\u0259rinin davran\u0131\u015f\u0131nda, insanlara m\u00fcnasib\u0259tind\u0259 m\u00fc\u0259yy\u0259n naqis hallar var. Prezident \u0130lham \u018fliyev m\u00fc\u015favir\u0259d\u0259 bunu x\u00fcsusi qeyd etdi, n\u00f6qsanlar\u0131, naqis hallar\u0131 g\u00f6st\u0259rdi. C\u0259nab prezident hesab edir ki, b\u00fct\u00fcn bunlar d\u00f6vl\u0259t qulluq\u00e7usu, v\u0259zif\u0259li \u015f\u0259xs, v\u0259zif\u0259 da\u015f\u0131yan bir insan\u0131n \u00fcmumi m\u0259suliyy\u0259tin\u0259 v\u0259 davran\u0131\u015f\u0131na uy\u011fun deyil. \u00c7\u00fcnki bel\u0259 hallar m\u0259murlar\u0131n davran\u0131\u015f\u0131n\u0131n m\u0259qbul olmamas\u0131 fikri yarad\u0131r. Ona g\u00f6r\u0259 d\u0259 d\u00f6vl\u0259t ba\u015f\u00e7\u0131s\u0131 bel\u0259 b\u0259yanatlar verdi.<\/p>\n<p>Bu yaln\u0131z b\u0259yanat deyil, eyni zamanda c\u0259nab prezidentin m\u0259rk\u0259zi, yerli icra hakimiyy\u0259ti orqanlar\u0131, d\u00f6vl\u0259t qulluq\u00e7ular\u0131 qar\u015f\u0131s\u0131nda qoydu\u011fu \u00e7ox ciddi v\u0259 q\u0259tiyy\u0259tli t\u0259l\u0259b v\u0259 v\u0259zif\u0259dir.<\/p>\n<p><strong>&#8211; \u0130nsanlar hans\u0131 m\u0259murlardan v\u0259 n\u0259d\u0259n daha \u00e7ox \u015fikay\u0259t edirl\u0259r? M\u0259murlar\u0131n davran\u0131\u015f\u0131, yoxsa normal i\u015fl\u0259m\u0259m\u0259si daha \u00e7ox naraz\u0131l\u0131\u011fa s\u0259b\u0259b olur?<\/strong><\/p>\n<p>&#8211; \u015eikay\u0259tl\u0259rd\u0259 qeyd olunur ki, d\u00f6vl\u0259t m\u0259muru insanlara bigan\u0259 yana\u015f\u0131r, \u00f6z v\u0259zif\u0259sini yaln\u0131z m\u00f6vcud i\u015fl\u0259rin g\u00f6r\u00fclm\u0259si, konkret olaraq prezidentd\u0259n v\u0259 yuxar\u0131 orqanlardan ald\u0131\u011f\u0131 tap\u015f\u0131r\u0131qlar\u0131n icras\u0131 \u00fcz\u0259rind\u0259 qurur. Amma insanlar\u0131n bu m\u0259s\u0259l\u0259l\u0259rl\u0259 ba\u011fl\u0131 r\u0259yini, fikrini, m\u00fcnasib\u0259tini \u00f6yr\u0259nmirl\u0259r, v\u0259t\u0259nda\u015flara qay\u011f\u0131 g\u00f6st\u0259rm\u0259k, onlarla t\u0259masda olmaq, arzu, ist\u0259kl\u0259rini dinl\u0259m\u0259k kimi v\u0259zif\u0259l\u0259rini unudurlar. Bunlar da m\u0259murlar\u0131n v\u0259zif\u0259 borcudur v\u0259 yerin\u0259 yetirilm\u0259lidir.<\/p>\n<p><strong>&#8211; Haz\u0131rda g\u00f6zl\u0259nti n\u0259dir? M\u0259murlar davran\u0131\u015f v\u0259 f\u0259aliyy\u0259tl\u0259rind\u0259 n\u0259l\u0259ri d\u0259yi\u015fm\u0259lidir? Prezidentin bel\u0259 s\u0259rt \u00e7\u0131x\u0131\u015f etm\u0259sind\u0259 \u0130smay\u0131ll\u0131 hadis\u0259l\u0259ri d\u0259 rol oynay\u0131bm\u0131?<\/strong><\/p>\n<p>&#8211; C\u0259nab prezidentin \u00e7\u0131x\u0131\u015f\u0131n\u0131 bilavasit\u0259 \u0130smay\u0131ll\u0131 hadis\u0259l\u0259ri il\u0259 ba\u011flamaq ist\u0259m\u0259zdim. \u018flb\u0259tt\u0259, d\u00f6vl\u0259t ba\u015f\u00e7\u0131s\u0131 \u00f6lk\u0259d\u0259ki b\u00fct\u00fcn hadis\u0259l\u0259rd\u0259n \u00e7\u0131x\u0131\u015f ed\u0259r\u0259k bu m\u0259s\u0259l\u0259y\u0259 m\u00fcnasib\u0259t bildirdi.<\/p>\n<p>Prezident \u0130lham \u018fliyev orada bir ne\u00e7\u0259 m\u0259s\u0259l\u0259 \u0259traf\u0131nda fikirl\u0259rini formala\u015fd\u0131rd\u0131 v\u0259 a\u00e7\u0131qlad\u0131. Birincisi, icra ba\u015f\u00e7\u0131lar\u0131 il\u0259 i\u015f adamlar\u0131 aras\u0131nda olan m\u00fcnasib\u0259tl\u0259r\u0259 aiddir. C\u0259nab prezident hesab edir ki, icra ba\u015f\u00e7\u0131lar\u0131n\u0131n i\u015f adamlar\u0131na m\u00fcnasib\u0259ti m\u0259qbul hesab oluna bilm\u0259z. \u0130cra ba\u015f\u00e7\u0131lar\u0131 b\u0259z\u0259n i\u015f adamlar\u0131n\u0131 bu v\u0259 ya dig\u0259r sosial layih\u0259l\u0259r\u0259 c\u0259lb edir. Amma sonra pulunu vermir, hesab edir ki, bunlar i\u015f adam\u0131n\u0131n borcudur v\u0259 onu etm\u0259lidir. Bu da naraz\u0131l\u0131\u011fa s\u0259b\u0259b olur. Prezident d\u0259 \u00e7\u0131x\u0131\u015f\u0131nda qeyd etdi ki, bunlarla ba\u011fl\u0131 ona m\u0259lumat daxil olur v\u0259 bel\u0259 hallara kiml\u0259rin yol verdiyini bilir.<\/p>\n<p>\u0130kincisi, m\u0259rk\u0259zi icra hakimiyy\u0259ti orqanlar\u0131n\u0131n v\u0259 icra ba\u015f\u00e7\u0131lar\u0131n\u0131n yerl\u0259rd\u0259 konkret olaraq insanlarla m\u00fcnasib\u0259tl\u0259ri, g\u00f6rd\u00fckl\u0259ri i\u015fl\u0259rd\u0259 insan faktoruna s\u00f6yk\u0259nm\u0259l\u0259ri, insanlara qay\u011f\u0131, diqq\u0259t g\u00f6st\u0259rm\u0259l\u0259ri, v\u0259t\u0259nda\u015flar\u0131n arzu, ist\u0259kl\u0259rin\u0259 diqq\u0259t yetirilm\u0259l\u0259ri m\u0259s\u0259l\u0259si qabard\u0131ld\u0131.<\/p>\n<p>\u00dc\u00e7\u00fcnc\u00fcs\u00fc, m\u00fcxt\u0259lif insanlar\u0131n \u00f6zl\u0259rini qanun \u00fcz\u0259rind\u0259 hiss etm\u0259si hallar\u0131 naraz\u0131l\u0131q yarad\u0131r. M\u0259mur v\u0259 ya onlar\u0131n \u00f6vladlar\u0131 yol h\u0259r\u0259k\u0259ti qaydalar\u0131n\u0131, qanunvericiliyi pozur, avtomobill\u0259rinin \u015f\u00fc\u015f\u0259l\u0259rinin g\u00f6r\u00fcnt\u00fcs\u00fcn\u00fc m\u0259hdudla\u015fd\u0131r\u0131rlar. Bununla onlar h\u0259m m\u00f6vcud qanunlar\u0131, h\u0259m d\u0259 etik qaydalar\u0131 pozurlar. Eyni zamanda insanlar\u0131n milli-m\u0259n\u0259vi d\u0259y\u0259rl\u0259rini, ictimai davran\u0131\u015f normalar\u0131n\u0131n vacib m\u0259qamlar\u0131n\u0131 unudurlar. C\u0259nab prezident konkret olaraq g\u00f6st\u0259rdi ki, d\u00f6vl\u0259t qulluq\u00e7usu \u0259n n\u00fcmun\u0259vi davran\u0131\u015fa malik olmal\u0131, \u0259n t\u0259vaz\u00f6kar insan olmal\u0131d\u0131r. Onlar\u0131n \u00f6vladlar\u0131 da \u00f6z n\u00fcmun\u0259vi davran\u0131\u015flar\u0131 il\u0259 se\u00e7ilm\u0259li, \u0259trafdak\u0131lara \u00e7ox s\u0259mimi m\u00fcnasib\u0259t g\u00f6st\u0259rm\u0259lidirl\u0259r, t\u0259vaz\u00f6karl\u0131q n\u00fcmayi\u015f etdirm\u0259lidirl\u0259r. Bunun n\u00fcmun\u0259sini is\u0259 d\u00f6vl\u0259t ba\u015f\u00e7\u0131s\u0131 \u00f6z\u00fc orada g\u00f6st\u0259rdi.<\/p>\n<p>Bundan sonra n\u0259 g\u00f6zl\u0259ntinin olmas\u0131na g\u0259linc\u0259, c\u0259nab prezidentin qoydu\u011fu t\u0259l\u0259bl\u0259r \u0259n a\u015fa\u011f\u0131 d\u00f6vl\u0259t qulluq\u00e7usundan tutmu\u015f \u0259n yuxar\u0131 d\u00f6vl\u0259t m\u0259murunad\u0259k ham\u0131ya aiddir, ciddi g\u00f6st\u0259ri\u015fdir, t\u0259l\u0259bdir. H\u0259r bir d\u00f6vl\u0259t qulluq\u00e7usu qanunun m\u00fc\u0259yy\u0259n etdiyi m\u0259suliyy\u0259ti da\u015f\u0131y\u0131r, eyni zamanda onu bu v\u0259zif\u0259y\u0259 t\u0259yin ed\u0259n \u00f6lk\u0259 ba\u015f\u00e7\u0131s\u0131n\u0131n bilavasit\u0259 tap\u015f\u0131r\u0131qlar\u0131 qar\u015f\u0131s\u0131nda m\u0259suldur. Hesab edir\u0259m ki, bu, d\u00f6vl\u0259t m\u0259murlar\u0131n\u0131n davran\u0131\u015f\u0131na, insanlara m\u00fcnasib\u0259tin\u0259, c\u0259miyy\u0259td\u0259 ba\u015f ver\u0259n hadis\u0259l\u0259rd\u0259 d\u00f6vl\u0259t qulluq\u00e7usunun, m\u0259murun, m\u0259rk\u0259zi, yerli icra hakimiyy\u0259ti orqanlar\u0131 r\u0259hb\u0259rl\u0259rinin i\u015ftirak\u0131n\u0131n \u00f6n\u0259mli m\u0259s\u0259l\u0259l\u0259rin\u0259 t\u0259sir g\u00f6st\u0259r\u0259c\u0259k.<\/p>\n<p><strong>&#8211; Bu h\u0259m d\u0259 se\u00e7ki m\u00fc\u015favir\u0259si v\u0259 \u00e7\u0131x\u0131\u015f\u0131 idimi?<\/strong><\/p>\n<p>&#8211; M\u0259n bel\u0259 hesab etmir\u0259m. Bilirsiniz ki, konfrans regionlar\u0131n sosial-iqtisadi inki\u015faf\u0131 il\u0259 ba\u011fl\u0131 be\u015fillik proqram\u0131n son ilinin ba\u015flan\u011f\u0131c\u0131 v\u0259 \u0259vv\u0259lki d\u00f6rd ilin yekunlar\u0131na h\u0259sr olunmu\u015fdu. Orada sosial-iqtisadi inki\u015faf\u0131n b\u00fct\u00fcn m\u00fcsb\u0259t t\u0259r\u0259fl\u0259ri qeyd olundu. B\u0259zi faktorlar is\u0259 m\u00fc\u015favir\u0259d\u0259 t\u0259nqidi hal kimi vur\u011fuland\u0131.<\/p>\n","protected":false},"excerpt":{"rendered":"<p>Prezident Administrasiyas\u0131n\u0131n ictimai-siyasi m\u0259s\u0259l\u0259l\u0259r \u015f\u00f6b\u0259sinin m\u00fcdiri \u018fli H\u0259s\u0259nov fevral\u0131n 13-d\u0259 \u201cMedia forum\u201d sayt\u0131n\u0131n suallar\u0131n\u0131 cavabland\u0131r\u0131b. &#8211; Fevral\u0131n 12-d\u0259 ke\u00e7iril\u0259n konfransda prezident \u0130lham \u018fliyev m\u0259murlara, onlar\u0131n \u00f6vladlar\u0131na x\u0259b\u0259rdarl\u0131q etdi. Prezidenti bel\u0259 s\u0259rt fikirl\u0259r s\u00f6yl\u0259m\u0259k m\u0259cburiyy\u0259ti qar\u015f\u0131s\u0131nda qoyan n\u0259 idi? &#8211; C\u0259nab prezidentin \u00f6z\u00fcn\u0259 v\u0259 Prezident Administrasiyas\u0131na m\u0259murlar\u0131n f\u0259aliyy\u0259ti il\u0259 ba\u011fl\u0131 daxil olan \u015fikay\u0259tl\u0259rin say\u0131 art\u0131b. \u015eikay\u0259tl\u0259rd\u0259, [&hellip;]<\/p>\n","protected":false},"author":1,"featured_media":0,"comment_status":"open","ping_status":"open","sticky":false,"template":"","format":"standard","meta":{"footnotes":""},"categories":[21],"tags":[],"class_list":{"0":"post-7276","1":"post","2":"type-post","3":"status-publish","4":"format-standard","6":"category-zrdab"},"yoast_head":"<!-- This site is optimized with the Yoast SEO plugin v27.0 - https:\/\/yoast.com\/product\/yoast-seo-wordpress\/ -->\n<title>&quot;Prezidentin qoydu\u011fu t\u0259l\u0259bl\u0259r ham\u0131ya aiddir, ciddi g\u00f6st\u0259ri\u015fdir&quot; - Z\u0259rdab.com<\/title>\n<meta name=\"robots\" content=\"index, follow, max-snippet:-1, max-image-preview:large, max-video-preview:-1\" \/>\n<link rel=\"canonical\" href=\"https:\/\/www.zerdab.com\/?p=7276\" \/>\n<meta property=\"og:locale\" content=\"az_AZ\" \/>\n<meta property=\"og:type\" content=\"article\" \/>\n<meta property=\"og:title\" content=\"&quot;Prezidentin qoydu\u011fu t\u0259l\u0259bl\u0259r ham\u0131ya aiddir, ciddi g\u00f6st\u0259ri\u015fdir&quot; - Z\u0259rdab.com\" \/>\n<meta property=\"og:description\" content=\"Prezident Administrasiyas\u0131n\u0131n ictimai-siyasi m\u0259s\u0259l\u0259l\u0259r \u015f\u00f6b\u0259sinin m\u00fcdiri \u018fli H\u0259s\u0259nov fevral\u0131n 13-d\u0259 \u201cMedia forum\u201d sayt\u0131n\u0131n suallar\u0131n\u0131 cavabland\u0131r\u0131b. &#8211; Fevral\u0131n 12-d\u0259 ke\u00e7iril\u0259n konfransda prezident \u0130lham \u018fliyev m\u0259murlara, onlar\u0131n \u00f6vladlar\u0131na x\u0259b\u0259rdarl\u0131q etdi. Prezidenti bel\u0259 s\u0259rt fikirl\u0259r s\u00f6yl\u0259m\u0259k m\u0259cburiyy\u0259ti qar\u015f\u0131s\u0131nda qoyan n\u0259 idi? &#8211; C\u0259nab prezidentin \u00f6z\u00fcn\u0259 v\u0259 Prezident Administrasiyas\u0131na m\u0259murlar\u0131n f\u0259aliyy\u0259ti il\u0259 ba\u011fl\u0131 daxil olan \u015fikay\u0259tl\u0259rin say\u0131 art\u0131b. \u015eikay\u0259tl\u0259rd\u0259, [&hellip;]\" \/>\n<meta property=\"og:url\" content=\"https:\/\/www.zerdab.com\/?p=7276\" \/>\n<meta property=\"og:site_name\" content=\"Z\u0259rdab.com\" \/>\n<meta property=\"article:published_time\" content=\"2013-02-13T17:11:02+00:00\" \/>\n<meta property=\"article:modified_time\" content=\"2013-02-13T17:11:30+00:00\" \/>\n<meta name=\"author\" content=\"admin\" \/>\n<meta name=\"twitter:card\" content=\"summary_large_image\" \/>\n<meta name=\"twitter:label1\" content=\"Written by\" \/>\n\t<meta name=\"twitter:data1\" content=\"admin\" \/>\n\t<meta name=\"twitter:label2\" content=\"Est. reading time\" \/>\n\t<meta name=\"twitter:data2\" content=\"6 minutes\" \/>\n<script type=\"application\/ld+json\" class=\"yoast-schema-graph\">{\"@context\":\"https:\/\/schema.org\",\"@graph\":[{\"@type\":\"Article\",\"@id\":\"https:\/\/www.zerdab.com\/?p=7276#article\",\"isPartOf\":{\"@id\":\"https:\/\/www.zerdab.com\/?p=7276\"},\"author\":{\"name\":\"admin\",\"@id\":\"https:\/\/www.zerdab.com\/#\/schema\/person\/97079b7570c1e89ec0d9e138c3672136\"},\"headline\":\"&#8220;Prezidentin qoydu\u011fu t\u0259l\u0259bl\u0259r ham\u0131ya aiddir, ciddi g\u00f6st\u0259ri\u015fdir&#8221;\",\"datePublished\":\"2013-02-13T17:11:02+00:00\",\"dateModified\":\"2013-02-13T17:11:30+00:00\",\"mainEntityOfPage\":{\"@id\":\"https:\/\/www.zerdab.com\/?p=7276\"},\"wordCount\":1142,\"commentCount\":1,\"articleSection\":[\"C\u018fM\u0130YY\u018fT\"],\"inLanguage\":\"az\",\"potentialAction\":[{\"@type\":\"CommentAction\",\"name\":\"Comment\",\"target\":[\"https:\/\/www.zerdab.com\/?p=7276#respond\"]}]},{\"@type\":\"WebPage\",\"@id\":\"https:\/\/www.zerdab.com\/?p=7276\",\"url\":\"https:\/\/www.zerdab.com\/?p=7276\",\"name\":\"\\\"Prezidentin qoydu\u011fu t\u0259l\u0259bl\u0259r ham\u0131ya aiddir, ciddi g\u00f6st\u0259ri\u015fdir\\\" - Z\u0259rdab.com\",\"isPartOf\":{\"@id\":\"https:\/\/www.zerdab.com\/#website\"},\"datePublished\":\"2013-02-13T17:11:02+00:00\",\"dateModified\":\"2013-02-13T17:11:30+00:00\",\"author\":{\"@id\":\"https:\/\/www.zerdab.com\/#\/schema\/person\/97079b7570c1e89ec0d9e138c3672136\"},\"breadcrumb\":{\"@id\":\"https:\/\/www.zerdab.com\/?p=7276#breadcrumb\"},\"inLanguage\":\"az\",\"potentialAction\":[{\"@type\":\"ReadAction\",\"target\":[\"https:\/\/www.zerdab.com\/?p=7276\"]}]},{\"@type\":\"BreadcrumbList\",\"@id\":\"https:\/\/www.zerdab.com\/?p=7276#breadcrumb\",\"itemListElement\":[{\"@type\":\"ListItem\",\"position\":1,\"name\":\"Home\",\"item\":\"https:\/\/www.zerdab.com\/\"},{\"@type\":\"ListItem\",\"position\":2,\"name\":\"&#8220;Prezidentin qoydu\u011fu t\u0259l\u0259bl\u0259r ham\u0131ya aiddir, ciddi g\u00f6st\u0259ri\u015fdir&#8221;\"}]},{\"@type\":\"WebSite\",\"@id\":\"https:\/\/www.zerdab.com\/#website\",\"url\":\"https:\/\/www.zerdab.com\/\",\"name\":\"Z\u0259rdab.com\",\"description\":\"\",\"potentialAction\":[{\"@type\":\"SearchAction\",\"target\":{\"@type\":\"EntryPoint\",\"urlTemplate\":\"https:\/\/www.zerdab.com\/?s={search_term_string}\"},\"query-input\":{\"@type\":\"PropertyValueSpecification\",\"valueRequired\":true,\"valueName\":\"search_term_string\"}}],\"inLanguage\":\"az\"},{\"@type\":\"Person\",\"@id\":\"https:\/\/www.zerdab.com\/#\/schema\/person\/97079b7570c1e89ec0d9e138c3672136\",\"name\":\"admin\",\"image\":{\"@type\":\"ImageObject\",\"inLanguage\":\"az\",\"@id\":\"https:\/\/www.zerdab.com\/#\/schema\/person\/image\/\",\"url\":\"https:\/\/secure.gravatar.com\/avatar\/d9c52a9a27c32119cb6679a077fa3e2779e5f822c451cbf01098004361d466ec?s=96&d=mm&r=g\",\"contentUrl\":\"https:\/\/secure.gravatar.com\/avatar\/d9c52a9a27c32119cb6679a077fa3e2779e5f822c451cbf01098004361d466ec?s=96&d=mm&r=g\",\"caption\":\"admin\"},\"url\":\"https:\/\/www.zerdab.com\/?author=1\"}]}<\/script>\n<!-- \/ Yoast SEO plugin. -->","yoast_head_json":{"title":"\"Prezidentin qoydu\u011fu t\u0259l\u0259bl\u0259r ham\u0131ya aiddir, ciddi g\u00f6st\u0259ri\u015fdir\" - Z\u0259rdab.com","robots":{"index":"index","follow":"follow","max-snippet":"max-snippet:-1","max-image-preview":"max-image-preview:large","max-video-preview":"max-video-preview:-1"},"canonical":"https:\/\/www.zerdab.com\/?p=7276","og_locale":"az_AZ","og_type":"article","og_title":"\"Prezidentin qoydu\u011fu t\u0259l\u0259bl\u0259r ham\u0131ya aiddir, ciddi g\u00f6st\u0259ri\u015fdir\" - Z\u0259rdab.com","og_description":"Prezident Administrasiyas\u0131n\u0131n ictimai-siyasi m\u0259s\u0259l\u0259l\u0259r \u015f\u00f6b\u0259sinin m\u00fcdiri \u018fli H\u0259s\u0259nov fevral\u0131n 13-d\u0259 \u201cMedia forum\u201d sayt\u0131n\u0131n suallar\u0131n\u0131 cavabland\u0131r\u0131b. &#8211; Fevral\u0131n 12-d\u0259 ke\u00e7iril\u0259n konfransda prezident \u0130lham \u018fliyev m\u0259murlara, onlar\u0131n \u00f6vladlar\u0131na x\u0259b\u0259rdarl\u0131q etdi. Prezidenti bel\u0259 s\u0259rt fikirl\u0259r s\u00f6yl\u0259m\u0259k m\u0259cburiyy\u0259ti qar\u015f\u0131s\u0131nda qoyan n\u0259 idi? &#8211; C\u0259nab prezidentin \u00f6z\u00fcn\u0259 v\u0259 Prezident Administrasiyas\u0131na m\u0259murlar\u0131n f\u0259aliyy\u0259ti il\u0259 ba\u011fl\u0131 daxil olan \u015fikay\u0259tl\u0259rin say\u0131 art\u0131b. \u015eikay\u0259tl\u0259rd\u0259, [&hellip;]","og_url":"https:\/\/www.zerdab.com\/?p=7276","og_site_name":"Z\u0259rdab.com","article_published_time":"2013-02-13T17:11:02+00:00","article_modified_time":"2013-02-13T17:11:30+00:00","author":"admin","twitter_card":"summary_large_image","twitter_misc":{"Written by":"admin","Est. reading time":"6 minutes"},"schema":{"@context":"https:\/\/schema.org","@graph":[{"@type":"Article","@id":"https:\/\/www.zerdab.com\/?p=7276#article","isPartOf":{"@id":"https:\/\/www.zerdab.com\/?p=7276"},"author":{"name":"admin","@id":"https:\/\/www.zerdab.com\/#\/schema\/person\/97079b7570c1e89ec0d9e138c3672136"},"headline":"&#8220;Prezidentin qoydu\u011fu t\u0259l\u0259bl\u0259r ham\u0131ya aiddir, ciddi g\u00f6st\u0259ri\u015fdir&#8221;","datePublished":"2013-02-13T17:11:02+00:00","dateModified":"2013-02-13T17:11:30+00:00","mainEntityOfPage":{"@id":"https:\/\/www.zerdab.com\/?p=7276"},"wordCount":1142,"commentCount":1,"articleSection":["C\u018fM\u0130YY\u018fT"],"inLanguage":"az","potentialAction":[{"@type":"CommentAction","name":"Comment","target":["https:\/\/www.zerdab.com\/?p=7276#respond"]}]},{"@type":"WebPage","@id":"https:\/\/www.zerdab.com\/?p=7276","url":"https:\/\/www.zerdab.com\/?p=7276","name":"\"Prezidentin qoydu\u011fu t\u0259l\u0259bl\u0259r ham\u0131ya aiddir, ciddi g\u00f6st\u0259ri\u015fdir\" - Z\u0259rdab.com","isPartOf":{"@id":"https:\/\/www.zerdab.com\/#website"},"datePublished":"2013-02-13T17:11:02+00:00","dateModified":"2013-02-13T17:11:30+00:00","author":{"@id":"https:\/\/www.zerdab.com\/#\/schema\/person\/97079b7570c1e89ec0d9e138c3672136"},"breadcrumb":{"@id":"https:\/\/www.zerdab.com\/?p=7276#breadcrumb"},"inLanguage":"az","potentialAction":[{"@type":"ReadAction","target":["https:\/\/www.zerdab.com\/?p=7276"]}]},{"@type":"BreadcrumbList","@id":"https:\/\/www.zerdab.com\/?p=7276#breadcrumb","itemListElement":[{"@type":"ListItem","position":1,"name":"Home","item":"https:\/\/www.zerdab.com\/"},{"@type":"ListItem","position":2,"name":"&#8220;Prezidentin qoydu\u011fu t\u0259l\u0259bl\u0259r ham\u0131ya aiddir, ciddi g\u00f6st\u0259ri\u015fdir&#8221;"}]},{"@type":"WebSite","@id":"https:\/\/www.zerdab.com\/#website","url":"https:\/\/www.zerdab.com\/","name":"Z\u0259rdab.com","description":"","potentialAction":[{"@type":"SearchAction","target":{"@type":"EntryPoint","urlTemplate":"https:\/\/www.zerdab.com\/?s={search_term_string}"},"query-input":{"@type":"PropertyValueSpecification","valueRequired":true,"valueName":"search_term_string"}}],"inLanguage":"az"},{"@type":"Person","@id":"https:\/\/www.zerdab.com\/#\/schema\/person\/97079b7570c1e89ec0d9e138c3672136","name":"admin","image":{"@type":"ImageObject","inLanguage":"az","@id":"https:\/\/www.zerdab.com\/#\/schema\/person\/image\/","url":"https:\/\/secure.gravatar.com\/avatar\/d9c52a9a27c32119cb6679a077fa3e2779e5f822c451cbf01098004361d466ec?s=96&d=mm&r=g","contentUrl":"https:\/\/secure.gravatar.com\/avatar\/d9c52a9a27c32119cb6679a077fa3e2779e5f822c451cbf01098004361d466ec?s=96&d=mm&r=g","caption":"admin"},"url":"https:\/\/www.zerdab.com\/?author=1"}]}},"_links":{"self":[{"href":"https:\/\/www.zerdab.com\/index.php?rest_route=\/wp\/v2\/posts\/7276","targetHints":{"allow":["GET"]}}],"collection":[{"href":"https:\/\/www.zerdab.com\/index.php?rest_route=\/wp\/v2\/posts"}],"about":[{"href":"https:\/\/www.zerdab.com\/index.php?rest_route=\/wp\/v2\/types\/post"}],"author":[{"embeddable":true,"href":"https:\/\/www.zerdab.com\/index.php?rest_route=\/wp\/v2\/users\/1"}],"replies":[{"embeddable":true,"href":"https:\/\/www.zerdab.com\/index.php?rest_route=%2Fwp%2Fv2%2Fcomments&post=7276"}],"version-history":[{"count":3,"href":"https:\/\/www.zerdab.com\/index.php?rest_route=\/wp\/v2\/posts\/7276\/revisions"}],"predecessor-version":[{"id":7280,"href":"https:\/\/www.zerdab.com\/index.php?rest_route=\/wp\/v2\/posts\/7276\/revisions\/7280"}],"wp:attachment":[{"href":"https:\/\/www.zerdab.com\/index.php?rest_route=%2Fwp%2Fv2%2Fmedia&parent=7276"}],"wp:term":[{"taxonomy":"category","embeddable":true,"href":"https:\/\/www.zerdab.com\/index.php?rest_route=%2Fwp%2Fv2%2Fcategories&post=7276"},{"taxonomy":"post_tag","embeddable":true,"href":"https:\/\/www.zerdab.com\/index.php?rest_route=%2Fwp%2Fv2%2Ftags&post=7276"}],"curies":[{"name":"wp","href":"https:\/\/api.w.org\/{rel}","templated":true}]}}