{"id":7286,"date":"2013-02-13T21:46:52","date_gmt":"2013-02-13T17:46:52","guid":{"rendered":"http:\/\/www.zerdab.com\/?p=7286"},"modified":"2013-02-13T21:57:30","modified_gmt":"2013-02-13T17:57:30","slug":"butun-bunlar-dovl%c9%99t-bascisini-ciddi-narahat-edir","status":"publish","type":"post","link":"https:\/\/www.zerdab.com\/?p=7286","title":{"rendered":"&#8220;B\u00fct\u00fcn bunlar d\u00f6vl\u0259t ba\u015f\u00e7\u0131s\u0131n\u0131 ciddi narahat edir&#8221;"},"content":{"rendered":"<p><strong><img loading=\"lazy\" decoding=\"async\" class=\"aligncenter size-medium wp-image-7287\" alt=\"Azay Quliyev\" src=\"http:\/\/www.zerdab.com\/wp-content\/uploads\/2013\/02\/Azay-Quliyev-350x262.jpg\" width=\"350\" height=\"262\" \/>&#8220;\u0130nan\u0131ram ki, c\u0259nab Prezidentin verdiyi b\u00fct\u00fcn tap\u015f\u0131r\u0131qlar v\u0259 s\u0259sl\u0259ndirdiyi iradlar m\u00fctl\u0259q \u015f\u0259kild\u0259 n\u0259z\u0259r\u0259 al\u0131nacaq v\u0259 sahibkarlar\u0131n f\u0259aliyy\u0259tinin d\u0259st\u0259kl\u0259nm\u0259sind\u0259, onlar\u0131n i\u015finin geni\u015fl\u0259nm\u0259sind\u0259 v\u0259 \u00fcmumiyy\u0259tl\u0259, c\u0259miyy\u0259ti narahat ed\u0259n neqativ hallar\u0131n qar\u015f\u0131s\u0131n\u0131n al\u0131nmas\u0131nda yeni bir m\u00fchitin yaranmas\u0131na xidm\u0259t ed\u0259c\u0259k&#8221;. Bunu Trend-\u0259 mill\u0259t v\u0259kili Azay Quliyev Prezident \u0130lham \u018fliyevin fevral\u0131n 12-d\u0259 &#8220;Az\u0259rbaycan Respublikas\u0131 regionlar\u0131n\u0131n 2009-2013-c\u00fc ill\u0259rd\u0259 sosial-iqtisadi inki\u015faf\u0131 D\u00f6vl\u0259t Proqram\u0131&#8221;n\u0131n icras\u0131n\u0131n d\u00f6rd\u00fcnc\u00fc ilinin yekunlar\u0131na h\u0259sr olunmu\u015f konfransda yekun \u00e7\u0131x\u0131\u015f\u0131n\u0131 \u015f\u0259rh ed\u0259rk\u0259n deyib.<\/strong><\/p>\n<p>O qeyd edib ki, Prezident \u0130lham \u018fliyev ke\u00e7irdiyi konfransda \u00e7ox ciddi m\u0259s\u0259l\u0259l\u0259r\u0259 toxundu v\u0259 ciddi iradlar bildirdi, m\u0259murlara konkret x\u0259b\u0259rdarl\u0131qlar etdi.<\/p>\n<p>&#8220;M\u0259n hesab edir\u0259m ki, c\u0259nab Prezidentin qeyd etdiyi fikirl\u0259r h\u0259r bir v\u0259t\u0259nda\u015f\u0131n \u00fcr\u0259yinc\u0259 oldu. Prezident haql\u0131 olaraq qeyd etdi ki, sahibkarlar\u0131 rayon s\u0259viyy\u0259li probleml\u0259rin h\u0259llin\u0259 c\u0259lb etm\u0259kl\u0259, onlar\u0131n v\u0259saitl\u0259rind\u0259n istifad\u0259 edib sonradan onu qaytarmamaqla \u00e7ox b\u00f6y\u00fck haqs\u0131zl\u0131\u011fa yol verilir&#8221;, &#8211; Quliyev deyib.<\/p>\n<p>Mill\u0259t v\u0259kili vur\u011fulay\u0131b ki, sahibkarlar\u0131n f\u0259aliyy\u0259tin\u0259 ham\u0131 \u015f\u0259rait yaratmal\u0131d\u0131r.<\/p>\n<p>&#8220;C\u0259nab Prezident bu i\u015fl\u0259ri g\u00f6r\u00fcr, sahibkarlar\u0131n f\u0259aliyy\u0259tin\u0259 milyardlarla v\u0259saitl\u0259r ayr\u0131l\u0131r. Ancaq t\u0259\u0259ss\u00fcfl\u0259r olsun ki, yerli icra hakimiyy\u0259t orqanlar\u0131 bir \u00e7ox hallarda sahibkarlar t\u0259b\u0259q\u0259sin\u0259 laz\u0131mi d\u0259st\u0259k vermirl\u0259r, h\u0259tta b\u0259z\u0259n onlar\u0131 incidirl\u0259r, mane\u0259\u00e7ilik t\u00f6r\u0259dirl\u0259r, \u0259lav\u0259 haqq t\u0259l\u0259b edirl\u0259r. B\u00fct\u00fcn bunlar is\u0259 d\u00f6vl\u0259t ba\u015f\u00e7\u0131s\u0131n\u0131 ciddi narahat edir v\u0259 bu neqativ hallar\u0131n qar\u015f\u0131s\u0131n\u0131 almaq \u00fc\u00e7\u00fcn s\u0259rt t\u0259dbirl\u0259r\u0259 \u0259l atma\u011fa m\u0259cbur edir&#8221;, &#8211; Quliyev deyib.<\/p>\n<p>Mill\u0259t v\u0259kilinin s\u00f6zl\u0259rin\u0259 g\u00f6r\u0259, \u00e7ox t\u0259\u0259ss\u00fcfl\u0259r olsun ki, c\u0259nab Prezidentin ham\u0131ya n\u00fcmun\u0259 ola bil\u0259c\u0259k f\u0259aliyy\u0259tin\u0259 v\u0259 t\u0259vaz\u00f6karl\u0131\u011f\u0131na, \u00f6lk\u0259mizin inki\u015faf\u0131 v\u0259 v\u0259t\u0259nda\u015flar\u0131m\u0131z\u0131n rifah hal\u0131n\u0131 yax\u015f\u0131la\u015fd\u0131rmaq \u00fc\u00e7\u00fcn var g\u00fcc\u00fc il\u0259 \u00e7al\u0131\u015fmas\u0131na baxmayaraq, b\u0259zi v\u0259zif\u0259li \u015f\u0259xsl\u0259r bundan n\u0259tic\u0259 \u00e7\u0131xarm\u0131r, \u00f6rn\u0259k g\u00f6t\u00fcrm\u00fcrl\u0259r v\u0259 i\u015fl\u0259rini \u00e7ox a\u015fa\u011f\u0131 s\u0259viyy\u0259d\u0259 qururlar, \u00f6z f\u0259aliyy\u0259tl\u0259rind\u0259 c\u0259miyy\u0259tin, v\u0259t\u0259nda\u015flar\u0131n maraq v\u0259 m\u0259nafel\u0259rini laz\u0131mi \u015f\u0259kild\u0259 n\u0259z\u0259r\u0259 alm\u0131rlar v\u0259 insanlar\u0131 naraz\u0131 sal\u0131rlar.<\/p>\n<p>Deputat bildirib ki, Prezident korrupsiya il\u0259 ba\u011fl\u0131 d\u0259qiq m\u00f6vqeyini bir daha b\u0259yan etdi.<\/p>\n<p>&#8220;Hesab edir\u0259m ki, bundan sonra korrupsiya il\u0259 ba\u011fl\u0131 t\u0259dbirl\u0259r daha da g\u00fccl\u0259ndiril\u0259c\u0259k v\u0259 bu, h\u0259r bir m\u0259mur \u00fc\u00e7\u00fcn x\u00fcsusi bir m\u0259qam oldu ki, onlar bir daha d\u00f6vl\u0259t ba\u015f\u00e7\u0131s\u0131n\u0131n dilind\u0259n bu x\u0259b\u0259rdarl\u0131\u011f\u0131 e\u015fitdil\u0259r v\u0259 d\u00fc\u015f\u00fcn\u00fcr\u0259m ki, onlar ciddi \u015f\u0259kild\u0259 bu m\u0259s\u0259l\u0259d\u0259n n\u0259tic\u0259 \u00e7\u0131xaracaqlar&#8221;, &#8211; mill\u0259t v\u0259kili deyib.<\/p>\n<p>Quliyev qeyd edib ki, toxunulan \u00f6n\u0259mli m\u0259s\u0259l\u0259l\u0259rd\u0259n biri d\u0259 b\u0259zi m\u0259rk\u0259zi v\u0259 yerli icra hakimiyy\u0259ti ba\u015f\u00e7\u0131lar\u0131n\u0131n, ayr\u0131-ayr\u0131 v\u0259zif\u0259li \u015f\u0259xsl\u0259rin \u00f6vladlar\u0131n\u0131n davran\u0131\u015f\u0131nda olan probleml\u0259rl\u0259 ba\u011fl\u0131d\u0131r.<\/p>\n<p>&#8220;D\u00fc\u015f\u00fcn\u00fcr\u0259m ki, \u00e7ox haql\u0131 olaraq b\u0259zi v\u0259zif\u0259li \u015f\u0259xsl\u0259rin \u00f6vladlar\u0131n\u0131n \u00f6z\u00fcn\u00fc pis aparmas\u0131, insanlar\u0131 al\u00e7altmas\u0131, t\u0259hqir etm\u0259si, eyni zamanda, istifad\u0259 etdiyi avtomobill\u0259ri bir \u00e7ox hallarda nec\u0259 g\u0259ldi idar\u0259 etm\u0259si, bir s\u00f6zl\u0259 ictimaiyy\u0259t\u0259 a\u00e7\u0131q h\u00f6rm\u0259tsizlik etm\u0259si, \u015f\u00fcbh\u0259siz ki, c\u0259miyy\u0259t aras\u0131nda ciddi naraz\u0131l\u0131\u011fa s\u0259b\u0259b olmu\u015fdu v\u0259 d\u00f6vl\u0259t ba\u015f\u00e7\u0131s\u0131 sa\u011f olsun ki, bunlar\u0131n ham\u0131s\u0131na ayr\u0131-ayr\u0131l\u0131qda m\u00fcnasib\u0259t bildirdi v\u0259 \u00f6z ciddi x\u0259b\u0259rdarl\u0131\u011f\u0131n\u0131 \u00e7atd\u0131rd\u0131&#8221;, &#8211; mill\u0259t v\u0259kili deyib.<\/p>\n<p>O vur\u011fulay\u0131b ki, Prezident \u00f6z \u00e7\u0131x\u0131\u015f\u0131 il\u0259 h\u0259r bir v\u0259t\u0259nda\u015f\u0131n yan\u0131nda oldu\u011funu, b\u00fct\u00fcn ba\u015f ver\u0259n neqativ hallardan x\u0259b\u0259rdar oldu\u011funu v\u0259 haqq\u0131 tapdalanan v\u0259t\u0259nda\u015f\u0131 m\u0259mur \u00f6zba\u015f\u0131nal\u0131\u011f\u0131ndan qoruyaca\u011f\u0131n\u0131 bir daha xat\u0131rlatd\u0131 v\u0259 bu c\u00fcr v\u0259zif\u0259li \u015f\u0259xsl\u0259r\u0259 son x\u0259b\u0259rdarl\u0131\u011f\u0131n\u0131 \u00e7atd\u0131rd\u0131: &#8220;B\u00fct\u00fcn m\u0259murlar\u0131n \u0259sas v\u0259zif\u0259sinin xalqa xidm\u0259t etm\u0259li oldu\u011funu bildir\u0259n c\u0259nab Prezident \u00f6lk\u0259 v\u0259t\u0259nda\u015flar\u0131n\u0131n ona olan y\u00fcks\u0259k etimad v\u0259 inam\u0131n\u0131 daha da m\u00f6hk\u0259ml\u0259ndirmi\u015f oldu&#8221;. <strong>Trend<\/strong><\/p>\n","protected":false},"excerpt":{"rendered":"<p>&#8220;\u0130nan\u0131ram ki, c\u0259nab Prezidentin verdiyi b\u00fct\u00fcn tap\u015f\u0131r\u0131qlar v\u0259 s\u0259sl\u0259ndirdiyi iradlar m\u00fctl\u0259q \u015f\u0259kild\u0259 n\u0259z\u0259r\u0259 al\u0131nacaq v\u0259 sahibkarlar\u0131n f\u0259aliyy\u0259tinin d\u0259st\u0259kl\u0259nm\u0259sind\u0259, onlar\u0131n i\u015finin geni\u015fl\u0259nm\u0259sind\u0259 v\u0259 \u00fcmumiyy\u0259tl\u0259, c\u0259miyy\u0259ti narahat ed\u0259n neqativ hallar\u0131n qar\u015f\u0131s\u0131n\u0131n al\u0131nmas\u0131nda yeni bir m\u00fchitin yaranmas\u0131na xidm\u0259t ed\u0259c\u0259k&#8221;. Bunu Trend-\u0259 mill\u0259t v\u0259kili Azay Quliyev Prezident \u0130lham \u018fliyevin fevral\u0131n 12-d\u0259 &#8220;Az\u0259rbaycan Respublikas\u0131 regionlar\u0131n\u0131n 2009-2013-c\u00fc ill\u0259rd\u0259 sosial-iqtisadi inki\u015faf\u0131 D\u00f6vl\u0259t [&hellip;]<\/p>\n","protected":false},"author":1,"featured_media":0,"comment_status":"open","ping_status":"open","sticky":false,"template":"","format":"standard","meta":{"footnotes":""},"categories":[21],"tags":[],"class_list":{"0":"post-7286","1":"post","2":"type-post","3":"status-publish","4":"format-standard","6":"category-zrdab"},"yoast_head":"<!-- This site is optimized with the Yoast SEO plugin v27.0 - https:\/\/yoast.com\/product\/yoast-seo-wordpress\/ -->\n<title>&quot;B\u00fct\u00fcn bunlar d\u00f6vl\u0259t ba\u015f\u00e7\u0131s\u0131n\u0131 ciddi narahat edir&quot; - Z\u0259rdab.com<\/title>\n<meta name=\"robots\" content=\"index, follow, max-snippet:-1, max-image-preview:large, max-video-preview:-1\" \/>\n<link rel=\"canonical\" href=\"https:\/\/www.zerdab.com\/?p=7286\" \/>\n<meta property=\"og:locale\" content=\"az_AZ\" \/>\n<meta property=\"og:type\" content=\"article\" \/>\n<meta property=\"og:title\" content=\"&quot;B\u00fct\u00fcn bunlar d\u00f6vl\u0259t ba\u015f\u00e7\u0131s\u0131n\u0131 ciddi narahat edir&quot; - Z\u0259rdab.com\" \/>\n<meta property=\"og:description\" content=\"&#8220;\u0130nan\u0131ram ki, c\u0259nab Prezidentin verdiyi b\u00fct\u00fcn tap\u015f\u0131r\u0131qlar v\u0259 s\u0259sl\u0259ndirdiyi iradlar m\u00fctl\u0259q \u015f\u0259kild\u0259 n\u0259z\u0259r\u0259 al\u0131nacaq v\u0259 sahibkarlar\u0131n f\u0259aliyy\u0259tinin d\u0259st\u0259kl\u0259nm\u0259sind\u0259, onlar\u0131n i\u015finin geni\u015fl\u0259nm\u0259sind\u0259 v\u0259 \u00fcmumiyy\u0259tl\u0259, c\u0259miyy\u0259ti narahat ed\u0259n neqativ hallar\u0131n qar\u015f\u0131s\u0131n\u0131n al\u0131nmas\u0131nda yeni bir m\u00fchitin yaranmas\u0131na xidm\u0259t ed\u0259c\u0259k&#8221;. Bunu Trend-\u0259 mill\u0259t v\u0259kili Azay Quliyev Prezident \u0130lham \u018fliyevin fevral\u0131n 12-d\u0259 &#8220;Az\u0259rbaycan Respublikas\u0131 regionlar\u0131n\u0131n 2009-2013-c\u00fc ill\u0259rd\u0259 sosial-iqtisadi inki\u015faf\u0131 D\u00f6vl\u0259t [&hellip;]\" \/>\n<meta property=\"og:url\" content=\"https:\/\/www.zerdab.com\/?p=7286\" \/>\n<meta property=\"og:site_name\" content=\"Z\u0259rdab.com\" \/>\n<meta property=\"article:published_time\" content=\"2013-02-13T17:46:52+00:00\" \/>\n<meta property=\"article:modified_time\" content=\"2013-02-13T17:57:30+00:00\" \/>\n<meta property=\"og:image\" content=\"http:\/\/www.zerdab.com\/wp-content\/uploads\/2013\/02\/Azay-Quliyev-350x262.jpg\" \/>\n<meta name=\"author\" content=\"admin\" \/>\n<meta name=\"twitter:card\" content=\"summary_large_image\" \/>\n<meta name=\"twitter:label1\" content=\"Written by\" \/>\n\t<meta name=\"twitter:data1\" content=\"admin\" \/>\n\t<meta name=\"twitter:label2\" content=\"Est. reading time\" \/>\n\t<meta name=\"twitter:data2\" content=\"4 minutes\" \/>\n<script type=\"application\/ld+json\" class=\"yoast-schema-graph\">{\"@context\":\"https:\/\/schema.org\",\"@graph\":[{\"@type\":\"Article\",\"@id\":\"https:\/\/www.zerdab.com\/?p=7286#article\",\"isPartOf\":{\"@id\":\"https:\/\/www.zerdab.com\/?p=7286\"},\"author\":{\"name\":\"admin\",\"@id\":\"https:\/\/www.zerdab.com\/#\/schema\/person\/97079b7570c1e89ec0d9e138c3672136\"},\"headline\":\"&#8220;B\u00fct\u00fcn bunlar d\u00f6vl\u0259t ba\u015f\u00e7\u0131s\u0131n\u0131 ciddi narahat edir&#8221;\",\"datePublished\":\"2013-02-13T17:46:52+00:00\",\"dateModified\":\"2013-02-13T17:57:30+00:00\",\"mainEntityOfPage\":{\"@id\":\"https:\/\/www.zerdab.com\/?p=7286\"},\"wordCount\":853,\"commentCount\":0,\"image\":{\"@id\":\"https:\/\/www.zerdab.com\/?p=7286#primaryimage\"},\"thumbnailUrl\":\"http:\/\/www.zerdab.com\/wp-content\/uploads\/2013\/02\/Azay-Quliyev-350x262.jpg\",\"articleSection\":[\"C\u018fM\u0130YY\u018fT\"],\"inLanguage\":\"az\",\"potentialAction\":[{\"@type\":\"CommentAction\",\"name\":\"Comment\",\"target\":[\"https:\/\/www.zerdab.com\/?p=7286#respond\"]}]},{\"@type\":\"WebPage\",\"@id\":\"https:\/\/www.zerdab.com\/?p=7286\",\"url\":\"https:\/\/www.zerdab.com\/?p=7286\",\"name\":\"\\\"B\u00fct\u00fcn bunlar d\u00f6vl\u0259t ba\u015f\u00e7\u0131s\u0131n\u0131 ciddi narahat edir\\\" - Z\u0259rdab.com\",\"isPartOf\":{\"@id\":\"https:\/\/www.zerdab.com\/#website\"},\"primaryImageOfPage\":{\"@id\":\"https:\/\/www.zerdab.com\/?p=7286#primaryimage\"},\"image\":{\"@id\":\"https:\/\/www.zerdab.com\/?p=7286#primaryimage\"},\"thumbnailUrl\":\"http:\/\/www.zerdab.com\/wp-content\/uploads\/2013\/02\/Azay-Quliyev-350x262.jpg\",\"datePublished\":\"2013-02-13T17:46:52+00:00\",\"dateModified\":\"2013-02-13T17:57:30+00:00\",\"author\":{\"@id\":\"https:\/\/www.zerdab.com\/#\/schema\/person\/97079b7570c1e89ec0d9e138c3672136\"},\"breadcrumb\":{\"@id\":\"https:\/\/www.zerdab.com\/?p=7286#breadcrumb\"},\"inLanguage\":\"az\",\"potentialAction\":[{\"@type\":\"ReadAction\",\"target\":[\"https:\/\/www.zerdab.com\/?p=7286\"]}]},{\"@type\":\"ImageObject\",\"inLanguage\":\"az\",\"@id\":\"https:\/\/www.zerdab.com\/?p=7286#primaryimage\",\"url\":\"\",\"contentUrl\":\"\"},{\"@type\":\"BreadcrumbList\",\"@id\":\"https:\/\/www.zerdab.com\/?p=7286#breadcrumb\",\"itemListElement\":[{\"@type\":\"ListItem\",\"position\":1,\"name\":\"Home\",\"item\":\"https:\/\/www.zerdab.com\/\"},{\"@type\":\"ListItem\",\"position\":2,\"name\":\"&#8220;B\u00fct\u00fcn bunlar d\u00f6vl\u0259t ba\u015f\u00e7\u0131s\u0131n\u0131 ciddi narahat edir&#8221;\"}]},{\"@type\":\"WebSite\",\"@id\":\"https:\/\/www.zerdab.com\/#website\",\"url\":\"https:\/\/www.zerdab.com\/\",\"name\":\"Z\u0259rdab.com\",\"description\":\"\",\"potentialAction\":[{\"@type\":\"SearchAction\",\"target\":{\"@type\":\"EntryPoint\",\"urlTemplate\":\"https:\/\/www.zerdab.com\/?s={search_term_string}\"},\"query-input\":{\"@type\":\"PropertyValueSpecification\",\"valueRequired\":true,\"valueName\":\"search_term_string\"}}],\"inLanguage\":\"az\"},{\"@type\":\"Person\",\"@id\":\"https:\/\/www.zerdab.com\/#\/schema\/person\/97079b7570c1e89ec0d9e138c3672136\",\"name\":\"admin\",\"image\":{\"@type\":\"ImageObject\",\"inLanguage\":\"az\",\"@id\":\"https:\/\/www.zerdab.com\/#\/schema\/person\/image\/\",\"url\":\"https:\/\/secure.gravatar.com\/avatar\/d9c52a9a27c32119cb6679a077fa3e2779e5f822c451cbf01098004361d466ec?s=96&d=mm&r=g\",\"contentUrl\":\"https:\/\/secure.gravatar.com\/avatar\/d9c52a9a27c32119cb6679a077fa3e2779e5f822c451cbf01098004361d466ec?s=96&d=mm&r=g\",\"caption\":\"admin\"},\"url\":\"https:\/\/www.zerdab.com\/?author=1\"}]}<\/script>\n<!-- \/ Yoast SEO plugin. -->","yoast_head_json":{"title":"\"B\u00fct\u00fcn bunlar d\u00f6vl\u0259t ba\u015f\u00e7\u0131s\u0131n\u0131 ciddi narahat edir\" - Z\u0259rdab.com","robots":{"index":"index","follow":"follow","max-snippet":"max-snippet:-1","max-image-preview":"max-image-preview:large","max-video-preview":"max-video-preview:-1"},"canonical":"https:\/\/www.zerdab.com\/?p=7286","og_locale":"az_AZ","og_type":"article","og_title":"\"B\u00fct\u00fcn bunlar d\u00f6vl\u0259t ba\u015f\u00e7\u0131s\u0131n\u0131 ciddi narahat edir\" - Z\u0259rdab.com","og_description":"&#8220;\u0130nan\u0131ram ki, c\u0259nab Prezidentin verdiyi b\u00fct\u00fcn tap\u015f\u0131r\u0131qlar v\u0259 s\u0259sl\u0259ndirdiyi iradlar m\u00fctl\u0259q \u015f\u0259kild\u0259 n\u0259z\u0259r\u0259 al\u0131nacaq v\u0259 sahibkarlar\u0131n f\u0259aliyy\u0259tinin d\u0259st\u0259kl\u0259nm\u0259sind\u0259, onlar\u0131n i\u015finin geni\u015fl\u0259nm\u0259sind\u0259 v\u0259 \u00fcmumiyy\u0259tl\u0259, c\u0259miyy\u0259ti narahat ed\u0259n neqativ hallar\u0131n qar\u015f\u0131s\u0131n\u0131n al\u0131nmas\u0131nda yeni bir m\u00fchitin yaranmas\u0131na xidm\u0259t ed\u0259c\u0259k&#8221;. Bunu Trend-\u0259 mill\u0259t v\u0259kili Azay Quliyev Prezident \u0130lham \u018fliyevin fevral\u0131n 12-d\u0259 &#8220;Az\u0259rbaycan Respublikas\u0131 regionlar\u0131n\u0131n 2009-2013-c\u00fc ill\u0259rd\u0259 sosial-iqtisadi inki\u015faf\u0131 D\u00f6vl\u0259t [&hellip;]","og_url":"https:\/\/www.zerdab.com\/?p=7286","og_site_name":"Z\u0259rdab.com","article_published_time":"2013-02-13T17:46:52+00:00","article_modified_time":"2013-02-13T17:57:30+00:00","og_image":[{"url":"http:\/\/www.zerdab.com\/wp-content\/uploads\/2013\/02\/Azay-Quliyev-350x262.jpg","type":"","width":"","height":""}],"author":"admin","twitter_card":"summary_large_image","twitter_misc":{"Written by":"admin","Est. reading time":"4 minutes"},"schema":{"@context":"https:\/\/schema.org","@graph":[{"@type":"Article","@id":"https:\/\/www.zerdab.com\/?p=7286#article","isPartOf":{"@id":"https:\/\/www.zerdab.com\/?p=7286"},"author":{"name":"admin","@id":"https:\/\/www.zerdab.com\/#\/schema\/person\/97079b7570c1e89ec0d9e138c3672136"},"headline":"&#8220;B\u00fct\u00fcn bunlar d\u00f6vl\u0259t ba\u015f\u00e7\u0131s\u0131n\u0131 ciddi narahat edir&#8221;","datePublished":"2013-02-13T17:46:52+00:00","dateModified":"2013-02-13T17:57:30+00:00","mainEntityOfPage":{"@id":"https:\/\/www.zerdab.com\/?p=7286"},"wordCount":853,"commentCount":0,"image":{"@id":"https:\/\/www.zerdab.com\/?p=7286#primaryimage"},"thumbnailUrl":"http:\/\/www.zerdab.com\/wp-content\/uploads\/2013\/02\/Azay-Quliyev-350x262.jpg","articleSection":["C\u018fM\u0130YY\u018fT"],"inLanguage":"az","potentialAction":[{"@type":"CommentAction","name":"Comment","target":["https:\/\/www.zerdab.com\/?p=7286#respond"]}]},{"@type":"WebPage","@id":"https:\/\/www.zerdab.com\/?p=7286","url":"https:\/\/www.zerdab.com\/?p=7286","name":"\"B\u00fct\u00fcn bunlar d\u00f6vl\u0259t ba\u015f\u00e7\u0131s\u0131n\u0131 ciddi narahat edir\" - Z\u0259rdab.com","isPartOf":{"@id":"https:\/\/www.zerdab.com\/#website"},"primaryImageOfPage":{"@id":"https:\/\/www.zerdab.com\/?p=7286#primaryimage"},"image":{"@id":"https:\/\/www.zerdab.com\/?p=7286#primaryimage"},"thumbnailUrl":"http:\/\/www.zerdab.com\/wp-content\/uploads\/2013\/02\/Azay-Quliyev-350x262.jpg","datePublished":"2013-02-13T17:46:52+00:00","dateModified":"2013-02-13T17:57:30+00:00","author":{"@id":"https:\/\/www.zerdab.com\/#\/schema\/person\/97079b7570c1e89ec0d9e138c3672136"},"breadcrumb":{"@id":"https:\/\/www.zerdab.com\/?p=7286#breadcrumb"},"inLanguage":"az","potentialAction":[{"@type":"ReadAction","target":["https:\/\/www.zerdab.com\/?p=7286"]}]},{"@type":"ImageObject","inLanguage":"az","@id":"https:\/\/www.zerdab.com\/?p=7286#primaryimage","url":"","contentUrl":""},{"@type":"BreadcrumbList","@id":"https:\/\/www.zerdab.com\/?p=7286#breadcrumb","itemListElement":[{"@type":"ListItem","position":1,"name":"Home","item":"https:\/\/www.zerdab.com\/"},{"@type":"ListItem","position":2,"name":"&#8220;B\u00fct\u00fcn bunlar d\u00f6vl\u0259t ba\u015f\u00e7\u0131s\u0131n\u0131 ciddi narahat edir&#8221;"}]},{"@type":"WebSite","@id":"https:\/\/www.zerdab.com\/#website","url":"https:\/\/www.zerdab.com\/","name":"Z\u0259rdab.com","description":"","potentialAction":[{"@type":"SearchAction","target":{"@type":"EntryPoint","urlTemplate":"https:\/\/www.zerdab.com\/?s={search_term_string}"},"query-input":{"@type":"PropertyValueSpecification","valueRequired":true,"valueName":"search_term_string"}}],"inLanguage":"az"},{"@type":"Person","@id":"https:\/\/www.zerdab.com\/#\/schema\/person\/97079b7570c1e89ec0d9e138c3672136","name":"admin","image":{"@type":"ImageObject","inLanguage":"az","@id":"https:\/\/www.zerdab.com\/#\/schema\/person\/image\/","url":"https:\/\/secure.gravatar.com\/avatar\/d9c52a9a27c32119cb6679a077fa3e2779e5f822c451cbf01098004361d466ec?s=96&d=mm&r=g","contentUrl":"https:\/\/secure.gravatar.com\/avatar\/d9c52a9a27c32119cb6679a077fa3e2779e5f822c451cbf01098004361d466ec?s=96&d=mm&r=g","caption":"admin"},"url":"https:\/\/www.zerdab.com\/?author=1"}]}},"_links":{"self":[{"href":"https:\/\/www.zerdab.com\/index.php?rest_route=\/wp\/v2\/posts\/7286","targetHints":{"allow":["GET"]}}],"collection":[{"href":"https:\/\/www.zerdab.com\/index.php?rest_route=\/wp\/v2\/posts"}],"about":[{"href":"https:\/\/www.zerdab.com\/index.php?rest_route=\/wp\/v2\/types\/post"}],"author":[{"embeddable":true,"href":"https:\/\/www.zerdab.com\/index.php?rest_route=\/wp\/v2\/users\/1"}],"replies":[{"embeddable":true,"href":"https:\/\/www.zerdab.com\/index.php?rest_route=%2Fwp%2Fv2%2Fcomments&post=7286"}],"version-history":[{"count":3,"href":"https:\/\/www.zerdab.com\/index.php?rest_route=\/wp\/v2\/posts\/7286\/revisions"}],"predecessor-version":[{"id":7289,"href":"https:\/\/www.zerdab.com\/index.php?rest_route=\/wp\/v2\/posts\/7286\/revisions\/7289"}],"wp:attachment":[{"href":"https:\/\/www.zerdab.com\/index.php?rest_route=%2Fwp%2Fv2%2Fmedia&parent=7286"}],"wp:term":[{"taxonomy":"category","embeddable":true,"href":"https:\/\/www.zerdab.com\/index.php?rest_route=%2Fwp%2Fv2%2Fcategories&post=7286"},{"taxonomy":"post_tag","embeddable":true,"href":"https:\/\/www.zerdab.com\/index.php?rest_route=%2Fwp%2Fv2%2Ftags&post=7286"}],"curies":[{"name":"wp","href":"https:\/\/api.w.org\/{rel}","templated":true}]}}