{"id":7306,"date":"2013-02-14T14:34:30","date_gmt":"2013-02-14T10:34:30","guid":{"rendered":"http:\/\/www.zerdab.com\/?p=7306"},"modified":"2013-02-14T14:47:29","modified_gmt":"2013-02-14T10:47:29","slug":"z%c9%99rdabda-rayonun-qadin-ictimaiyy%c9%99tinin-numay%c9%99nd%c9%99l%c9%99ri-il%c9%99-gorus-kecirildi","status":"publish","type":"post","link":"https:\/\/www.zerdab.com\/?p=7306","title":{"rendered":"Z\u0259rdabda qad\u0131n ictimaiyy\u0259tinin n\u00fcmay\u0259nd\u0259l\u0259ri il\u0259 g\u00f6r\u00fc\u015f &#8211; foto"},"content":{"rendered":"<p align=\"center\"><span style=\"color: #0000ff;\"><strong><img loading=\"lazy\" decoding=\"async\" class=\"aligncenter size-full wp-image-7309\" alt=\"Zerdab-rayonu\" src=\"http:\/\/www.zerdab.com\/wp-content\/uploads\/2013\/02\/Zerdab-rayonu10.jpg\" width=\"1024\" height=\"683\" \/>14 fevral 2013-c\u00fc il tarixd\u0259 Z\u0259rdab rayonunda Heyd\u0259r \u018fliyev M\u0259rk\u0259zinin 150 n\u0259f\u0259rlik iclas zal\u0131nda rayonun qad\u0131n ictimaiyy\u0259tinin n\u00fcmay\u0259nd\u0259l\u0259ri il\u0259 Rayon \u0130cra Hakimiyy\u0259ti Ba\u015f\u00e7\u0131s\u0131n\u0131n 2012-ci il \u0259rzind\u0259 rayonun ictimai-siyasi v\u0259 sosial-iqtisadi sah\u0259sind\u0259 g\u00f6r\u00fcl\u0259n i\u015fl\u0259r, 2013-c\u00fc ild\u0259 qar\u015f\u0131da duran v\u0259zif\u0259l\u0259r\u0259 h\u0259sr olunmu\u015f g\u00f6r\u00fc\u015f\u00fc ke\u00e7irilmi\u015fdir.<\/strong><\/span><\/p>\n<p>G\u00f6r\u00fc\u015fd\u0259 \u00e7\u0131x\u0131\u015f ed\u0259n Z\u0259rdab Rayon \u0130cra Hakimiyy\u0259tinin Ba\u015f\u00e7\u0131s\u0131, iqtisad elml\u0259ri namiz\u0259di L\u00fctv\u0259li Babayev \u00f6t\u0259n il respublikam\u0131zda v\u0259 el\u0259c\u0259 d\u0259 rayonda g\u00f6r\u00fcl\u0259n i\u015fl\u0259r, \u0259halini narahat ed\u0259n sosial probleml\u0259rin h\u0259lli istiqam\u0259tind\u0259 at\u0131lan add\u0131mlar bar\u0259d\u0259 g\u00f6r\u00fc\u015f i\u015ftirak\u00e7\u0131lar\u0131n\u0131 m\u0259lumatland\u0131rm\u0131\u015fd\u0131r. Qeyd olunmu\u015fdur ki, 2012-ci ild\u0259 rayonda \u00dcmumi Daxili M\u0259hsul istehsal\u0131 98 milyon manatdan \u00e7ox olmu\u015fdur ki, bu da \u0259vv\u0259lki ill\u0259 m\u00fcqayis\u0259d\u0259 8,5 faiz \u00e7oxdur. \u018fsas\u0259n aqrar rayon olan Z\u0259rdabda k\u0259nd t\u0259s\u0259rr\u00fcfat\u0131n\u0131n inki\u015faf\u0131na x\u00fcsusi qay\u011f\u0131 g\u00f6st\u0259rilmi\u015f, tax\u0131l, bostan, t\u0259r\u0259v\u0259z v\u0259 heyvandarl\u0131q m\u0259hsullar\u0131 istehsal\u0131 sah\u0259sind\u0259 \u0259sasl\u0131 d\u00f6n\u00fc\u015f olmu\u015fdur. 2012-ci ild\u0259 rayonda tikinti-quruculuq i\u015fl\u0259rin\u0259 36 milyon manat v\u0259sait istiqam\u0259tl\u0259ndirilmi\u015fdir.<\/p>\n<p><img loading=\"lazy\" decoding=\"async\" class=\"aligncenter size-medium wp-image-7311\" alt=\"Zerdab-rayonu1\" src=\"http:\/\/www.zerdab.com\/wp-content\/uploads\/2013\/02\/Zerdab-rayonu14-350x233.jpg\" width=\"350\" height=\"233\" \/>\u0130cra ba\u015f\u00e7\u0131s\u0131 dig\u0259r sah\u0259l\u0259rd\u0259 d\u0259 ba\u015f ver\u0259n \u0259sasl\u0131 d\u0259yi\u015fiklikl\u0259r bar\u0259d\u0259 d\u0259 g\u00f6r\u00fc\u015f i\u015ftirak\u00e7\u0131lar\u0131na \u0259trafl\u0131 m\u0259lumat vermi\u015fdir. Rayon r\u0259hb\u0259ri \u00f6t\u0259n ilin \u0259n \u0259lam\u0259tdar g\u00fcn\u00fcn\u00fcn 7 oktyabr tarixi oldu\u011funu raz\u0131l\u0131q v\u0259 minn\u0259tdarl\u0131q hissi il\u0259 qeyd etmi\u015fdir. H\u0259min g\u00fcn Az\u0259rbaycan Respublikas\u0131n\u0131n Prezidenti c\u0259nab \u0130lham \u018fliyev Z\u0259rdaba s\u0259f\u0259r etmi\u015f, Heyd\u0259r \u018fliyev M\u0259rk\u0259zinin, G\u0259ncl\u0259r M\u0259rk\u0259zinin, su bula\u011f\u0131n\u0131n, YAP rayon t\u0259\u015fkilat\u0131n\u0131n yeni inzibati binas\u0131n\u0131n a\u00e7\u0131l\u0131\u015f\u0131nda i\u015ftirak etmi\u015fdir. D\u00f6vl\u0259t ba\u015f\u00e7\u0131s\u0131 Heyd\u0259r \u018fliyev park\u0131 v\u0259 Veteranlar evi il\u0259 tan\u0131\u015f olmu\u015f, rayon ictimaiyy\u0259tinin, o c\u00fcml\u0259d\u0259n qad\u0131nlar\u0131n n\u00fcmay\u0259nd\u0259l\u0259ri il\u0259 g\u00f6r\u00fc\u015fm\u00fc\u015fd\u00fcr.<\/p>\n<p>\u0130cra ba\u015f\u00e7\u0131s\u0131 Z\u0259rdaba v\u0259 z\u0259rdabl\u0131lara g\u00f6st\u0259rdiyi diqq\u0259t v\u0259 qay\u011f\u0131ya g\u00f6r\u0259 \u00f6lk\u0259 r\u0259hb\u0259rin\u0259 d\u0259rin minn\u0259tdarl\u0131qlar\u0131n\u0131 v\u0259 s\u0259mimi t\u0259\u015f\u0259kk\u00fcrl\u0259rini bildirmi\u015fdir.<\/p>\n<p>\u0130cra Hakimiyy\u0259tinin ba\u015f\u00e7\u0131s\u0131 2013-c\u00fc ild\u0259 g\u00f6r\u00fcl\u0259c\u0259k i\u015fl\u0259r v\u0259 D\u00f6vl\u0259t ba\u015f\u00e7\u0131s\u0131n\u0131n m\u00fcvafiq s\u0259r\u0259ncam\u0131 il\u0259 ayr\u0131lm\u0131\u015f 2 milyon manat v\u0259sait hesab\u0131na haz\u0131rda apar\u0131lan i\u015fl\u0259r bar\u0259d\u0259 d\u0259 \u0259trafl\u0131 m\u0259lumat vermi\u015fdir.<\/p>\n<p>Qad\u0131n ictimaiyy\u0259ti n\u00fcmay\u0259nd\u0259l\u0259ri &#8211; \u015f\u0259h\u0259r 1 sayl\u0131 tam orta m\u0259kt\u0259bin \u201c\u018fm\u0259kdar m\u00fc\u0259llimi\u201d Sara Sultanova, U\u015faq v\u0259 Ail\u0259l\u0259r\u0259 D\u0259st\u0259k M\u0259rk\u0259zinin direktoru K\u00f6n\u00fcl H\u0259s\u0259nova, M\u0259d\u0259niyy\u0259t v\u0259 Turizm \u015e\u00f6b\u0259si YAP ilk t\u0259\u015fkilat\u0131n\u0131n s\u0259dri G\u00fclnaz M\u0259mm\u0259dova, G\u0259lm\u0259 k\u0259nd sakini \u0130lah\u0259 \u015eirinova v\u0259 dig\u0259rl\u0259ri \u00e7\u0131x\u0131\u015f ed\u0259r\u0259k b\u00fct\u00f6vl\u00fckd\u0259 2012-ci ild\u0259 rayonda apar\u0131lan tikinti-abadl\u0131q i\u015fl\u0259rind\u0259n, insanlar\u0131 narahat ed\u0259n sosial probleml\u0259rin u\u011furla h\u0259ll edilm\u0259sind\u0259n dan\u0131\u015fm\u0131\u015f, rayonun k\u0259ndl\u0259rin\u0259 qaz x\u0259ttinin \u00e7\u0259kili\u015fini, \u015f\u0259h\u0259rd\u0259 su v\u0259 kanalizasiya x\u0259ttinin tikintisini, k\u0259nd yollar\u0131n\u0131n v\u0259 \u015f\u0259h\u0259rdaxili yollar\u0131n asfaltlanmas\u0131n\u0131, k\u00fc\u00e7\u0259l\u0259r\u0259 yeni elektrik dir\u0259kl\u0259rinin qura\u015fd\u0131r\u0131lmas\u0131n\u0131, kommunal binalar\u0131n dam \u00f6rt\u00fcy\u00fcn\u00fcn t\u0259z\u0259l\u0259nm\u0259sini, m\u0259kt\u0259b tikintil\u0259rini, yeni q\u0259s\u0259b\u0259nin sal\u0131nmas\u0131n\u0131 x\u00fcsusi vur\u011fulam\u0131\u015f v\u0259 bir daha d\u00f6vl\u0259t ba\u015f\u00e7\u0131s\u0131na minn\u0259tdarl\u0131q etmi\u015fl\u0259r. Rayonda U\u015faq v\u0259 Ail\u0259l\u0259r\u0259 D\u0259st\u0259k M\u0259rk\u0259zinin yarad\u0131lmas\u0131 v\u0259 M\u0259rk\u0259z \u00fc\u00e7\u00fcn yeni binan\u0131n istifad\u0259y\u0259 verilm\u0259sini onlara g\u00f6st\u0259ril\u0259n diqq\u0259t v\u0259 qay\u011f\u0131n\u0131n bariz n\u00fcmun\u0259si kimi qiym\u0259tl\u0259ndirmi\u015fl\u0259r. \u00c7\u0131x\u0131\u015f ed\u0259nl\u0259r h\u0259m\u00e7inin arzu v\u0259 t\u0259klifl\u0259rini d\u0259 s\u0259sl\u0259ndirmi\u015fl\u0259r.<\/p>\n<p>G\u00f6r\u00fc\u015f i\u015ftirak\u00e7\u0131lar\u0131 respublikam\u0131zda ictimai-siyasi sabitliyi, asayi\u015fi pozma\u011fa c\u0259hd ed\u0259n insanlar\u0131n \u0259m\u0259ll\u0259rini birm\u0259nal\u0131 pisl\u0259y\u0259r\u0259k, \u00f6lk\u0259mizin yenid\u0259n qarda\u015f q\u0131r\u011f\u0131n\u0131, v\u0259t\u0259nda\u015f m\u00fcharib\u0259si h\u0259ddin\u0259 g\u0259tirib \u00e7\u0131xar\u0131lmas\u0131na q\u0259tiyy\u0259tl\u0259 yox deyibl\u0259r.<\/p>\n<p>Ziyal\u0131 qad\u0131nlar\u0131m\u0131z \u018fkr\u0259m \u018fylislinin \u201cDa\u015f yuxular\u201d \u0259s\u0259rin\u0259 d\u0259 m\u00fcnasib\u0259t bildir\u0259r\u0259k, roman\u0131n v\u0259t\u0259n\u0259, mill\u0259t\u0259 x\u0259yan\u0259td\u0259n, satq\u0131nl\u0131qdan v\u0259 erm\u0259ni sevgisind\u0259n do\u011fdu\u011funu vur\u011fulam\u0131\u015f v\u0259 \u0259s\u0259rin m\u00fc\u0259llifinin titullar\u0131ndan m\u0259hrum edilm\u0259si il\u0259 ba\u011fl\u0131 \u00f6lk\u0259 Prezidentinin s\u0259r\u0259ncamlar\u0131n\u0131 alq\u0131\u015flad\u0131qlar\u0131n\u0131 b\u0259yan etmi\u015fl\u0259r.<\/p>\n<p>G\u00f6r\u00fc\u015f i\u015ftirak\u00e7\u0131lar\u0131 bu g\u00fcnl\u0259rd\u0259 Bak\u0131 Biznes M\u0259rk\u0259zind\u0259 D\u00f6vl\u0259timizin Ba\u015f\u00e7\u0131s\u0131n\u0131n s\u0259drliyi il\u0259 ke\u00e7iril\u0259n \u201cAz\u0259rbaycan Respublikas\u0131 regionlar\u0131n\u0131n 2009-2013-c\u00fc ill\u0259rd\u0259 sosial-iqtisadi inki\u015faf\u0131 D\u00f6vl\u0259t Proqram\u0131\u201dn\u0131n icras\u0131n\u0131n 4-c\u00fc ilinin yekunlar\u0131na h\u0259sr olunmu\u015f konfransda m\u00f6ht\u0259r\u0259m Prezidentimizin b\u0259zi d\u00f6vl\u0259t m\u0259murlar\u0131n\u0131n v\u0259 onlar\u0131n \u00f6vladlar\u0131n\u0131n qanunlar\u0131m\u0131za, milli ad\u0259t v\u0259 \u0259n\u0259n\u0259l\u0259rimiz\u0259 zidd \u0259m\u0259ll\u0259ri il\u0259 ba\u011fl\u0131 son d\u0259r\u0259c\u0259 q\u0259tiyy\u0259tli v\u0259 s\u0259rt \u00e7\u0131x\u0131\u015f\u0131n\u0131, n\u00f6qsanlar\u0131n aradan qald\u0131r\u0131lmas\u0131 m\u0259qs\u0259dil\u0259 verdiyi konkret tap\u015f\u0131r\u0131qlar\u0131 b\u0259y\u0259ndikl\u0259rini ifad\u0259 etmi\u015fl\u0259r.<\/p>\n<p>Rayonun qad\u0131nlar\u0131 2013-c\u00fc ild\u0259 Ulu \u00d6nd\u0259rin 90 illik yubiley t\u0259dbirl\u0259rind\u0259 v\u0259 bu il \u00f6lk\u0259mizd\u0259 ke\u00e7iril\u0259c\u0259k n\u00f6vb\u0259ti Prezident se\u00e7kil\u0259rind\u0259 yax\u0131ndan i\u015ftirak ed\u0259r\u0259k, y\u00fcks\u0259k siyasi irad\u0259 n\u00fcmayi\u015f etdir\u0259c\u0259kl\u0259rini bildiribl\u0259r.<\/p>\n<p>G\u00f6r\u00fc\u015f\u0259 yekun vuran Rayon \u0130cra Hakimiyy\u0259tinin Ba\u015f\u00e7\u0131s\u0131 c\u0259nab L\u00fctv\u0259li Babayev d\u0259y\u0259rli fikir v\u0259 t\u0259klifl\u0259r\u0259 g\u00f6r\u0259 qad\u0131nlara minn\u0259tdarl\u0131q edib, onlar\u0131n arzu v\u0259 t\u0259klifl\u0259rinin g\u0259l\u0259c\u0259kd\u0259 n\u0259z\u0259r\u0259 al\u0131naca\u011f\u0131n\u0131 qeyd edib.<\/p>\n<p><strong>www.zerdab.com<\/strong><\/p>\n","protected":false},"excerpt":{"rendered":"<p>14 fevral 2013-c\u00fc il tarixd\u0259 Z\u0259rdab rayonunda Heyd\u0259r \u018fliyev M\u0259rk\u0259zinin 150 n\u0259f\u0259rlik iclas zal\u0131nda rayonun qad\u0131n ictimaiyy\u0259tinin n\u00fcmay\u0259nd\u0259l\u0259ri il\u0259 Rayon \u0130cra Hakimiyy\u0259ti Ba\u015f\u00e7\u0131s\u0131n\u0131n 2012-ci il \u0259rzind\u0259 rayonun ictimai-siyasi v\u0259 sosial-iqtisadi sah\u0259sind\u0259 g\u00f6r\u00fcl\u0259n i\u015fl\u0259r, 2013-c\u00fc ild\u0259 qar\u015f\u0131da duran v\u0259zif\u0259l\u0259r\u0259 h\u0259sr olunmu\u015f g\u00f6r\u00fc\u015f\u00fc ke\u00e7irilmi\u015fdir. G\u00f6r\u00fc\u015fd\u0259 \u00e7\u0131x\u0131\u015f ed\u0259n Z\u0259rdab Rayon \u0130cra Hakimiyy\u0259tinin Ba\u015f\u00e7\u0131s\u0131, iqtisad elml\u0259ri namiz\u0259di L\u00fctv\u0259li Babayev [&hellip;]<\/p>\n","protected":false},"author":1,"featured_media":0,"comment_status":"open","ping_status":"open","sticky":false,"template":"","format":"standard","meta":{"footnotes":""},"categories":[21],"tags":[],"class_list":{"0":"post-7306","1":"post","2":"type-post","3":"status-publish","4":"format-standard","6":"category-zrdab"},"yoast_head":"<!-- This site is optimized with the Yoast SEO plugin v27.0 - https:\/\/yoast.com\/product\/yoast-seo-wordpress\/ -->\n<title>Z\u0259rdabda qad\u0131n ictimaiyy\u0259tinin n\u00fcmay\u0259nd\u0259l\u0259ri il\u0259 g\u00f6r\u00fc\u015f - foto - Z\u0259rdab.com<\/title>\n<meta name=\"robots\" content=\"index, follow, max-snippet:-1, max-image-preview:large, max-video-preview:-1\" \/>\n<link rel=\"canonical\" href=\"https:\/\/www.zerdab.com\/?p=7306\" \/>\n<meta property=\"og:locale\" content=\"az_AZ\" \/>\n<meta property=\"og:type\" content=\"article\" \/>\n<meta property=\"og:title\" content=\"Z\u0259rdabda qad\u0131n ictimaiyy\u0259tinin n\u00fcmay\u0259nd\u0259l\u0259ri il\u0259 g\u00f6r\u00fc\u015f - foto - Z\u0259rdab.com\" \/>\n<meta property=\"og:description\" content=\"14 fevral 2013-c\u00fc il tarixd\u0259 Z\u0259rdab rayonunda Heyd\u0259r \u018fliyev M\u0259rk\u0259zinin 150 n\u0259f\u0259rlik iclas zal\u0131nda rayonun qad\u0131n ictimaiyy\u0259tinin n\u00fcmay\u0259nd\u0259l\u0259ri il\u0259 Rayon \u0130cra Hakimiyy\u0259ti Ba\u015f\u00e7\u0131s\u0131n\u0131n 2012-ci il \u0259rzind\u0259 rayonun ictimai-siyasi v\u0259 sosial-iqtisadi sah\u0259sind\u0259 g\u00f6r\u00fcl\u0259n i\u015fl\u0259r, 2013-c\u00fc ild\u0259 qar\u015f\u0131da duran v\u0259zif\u0259l\u0259r\u0259 h\u0259sr olunmu\u015f g\u00f6r\u00fc\u015f\u00fc ke\u00e7irilmi\u015fdir. G\u00f6r\u00fc\u015fd\u0259 \u00e7\u0131x\u0131\u015f ed\u0259n Z\u0259rdab Rayon \u0130cra Hakimiyy\u0259tinin Ba\u015f\u00e7\u0131s\u0131, iqtisad elml\u0259ri namiz\u0259di L\u00fctv\u0259li Babayev [&hellip;]\" \/>\n<meta property=\"og:url\" content=\"https:\/\/www.zerdab.com\/?p=7306\" \/>\n<meta property=\"og:site_name\" content=\"Z\u0259rdab.com\" \/>\n<meta property=\"article:published_time\" content=\"2013-02-14T10:34:30+00:00\" \/>\n<meta property=\"article:modified_time\" content=\"2013-02-14T10:47:29+00:00\" \/>\n<meta property=\"og:image\" content=\"http:\/\/www.zerdab.com\/wp-content\/uploads\/2013\/02\/Zerdab-rayonu10.jpg\" \/>\n<meta name=\"author\" content=\"admin\" \/>\n<meta name=\"twitter:card\" content=\"summary_large_image\" \/>\n<meta name=\"twitter:label1\" content=\"Written by\" \/>\n\t<meta name=\"twitter:data1\" content=\"admin\" \/>\n\t<meta name=\"twitter:label2\" content=\"Est. reading time\" \/>\n\t<meta name=\"twitter:data2\" content=\"5 minutes\" \/>\n<script type=\"application\/ld+json\" class=\"yoast-schema-graph\">{\"@context\":\"https:\/\/schema.org\",\"@graph\":[{\"@type\":\"Article\",\"@id\":\"https:\/\/www.zerdab.com\/?p=7306#article\",\"isPartOf\":{\"@id\":\"https:\/\/www.zerdab.com\/?p=7306\"},\"author\":{\"name\":\"admin\",\"@id\":\"https:\/\/www.zerdab.com\/#\/schema\/person\/97079b7570c1e89ec0d9e138c3672136\"},\"headline\":\"Z\u0259rdabda qad\u0131n ictimaiyy\u0259tinin n\u00fcmay\u0259nd\u0259l\u0259ri il\u0259 g\u00f6r\u00fc\u015f &#8211; foto\",\"datePublished\":\"2013-02-14T10:34:30+00:00\",\"dateModified\":\"2013-02-14T10:47:29+00:00\",\"mainEntityOfPage\":{\"@id\":\"https:\/\/www.zerdab.com\/?p=7306\"},\"wordCount\":1107,\"commentCount\":10,\"image\":{\"@id\":\"https:\/\/www.zerdab.com\/?p=7306#primaryimage\"},\"thumbnailUrl\":\"http:\/\/www.zerdab.com\/wp-content\/uploads\/2013\/02\/Zerdab-rayonu10.jpg\",\"articleSection\":[\"C\u018fM\u0130YY\u018fT\"],\"inLanguage\":\"az\",\"potentialAction\":[{\"@type\":\"CommentAction\",\"name\":\"Comment\",\"target\":[\"https:\/\/www.zerdab.com\/?p=7306#respond\"]}]},{\"@type\":\"WebPage\",\"@id\":\"https:\/\/www.zerdab.com\/?p=7306\",\"url\":\"https:\/\/www.zerdab.com\/?p=7306\",\"name\":\"Z\u0259rdabda qad\u0131n ictimaiyy\u0259tinin n\u00fcmay\u0259nd\u0259l\u0259ri il\u0259 g\u00f6r\u00fc\u015f - foto - Z\u0259rdab.com\",\"isPartOf\":{\"@id\":\"https:\/\/www.zerdab.com\/#website\"},\"primaryImageOfPage\":{\"@id\":\"https:\/\/www.zerdab.com\/?p=7306#primaryimage\"},\"image\":{\"@id\":\"https:\/\/www.zerdab.com\/?p=7306#primaryimage\"},\"thumbnailUrl\":\"http:\/\/www.zerdab.com\/wp-content\/uploads\/2013\/02\/Zerdab-rayonu10.jpg\",\"datePublished\":\"2013-02-14T10:34:30+00:00\",\"dateModified\":\"2013-02-14T10:47:29+00:00\",\"author\":{\"@id\":\"https:\/\/www.zerdab.com\/#\/schema\/person\/97079b7570c1e89ec0d9e138c3672136\"},\"breadcrumb\":{\"@id\":\"https:\/\/www.zerdab.com\/?p=7306#breadcrumb\"},\"inLanguage\":\"az\",\"potentialAction\":[{\"@type\":\"ReadAction\",\"target\":[\"https:\/\/www.zerdab.com\/?p=7306\"]}]},{\"@type\":\"ImageObject\",\"inLanguage\":\"az\",\"@id\":\"https:\/\/www.zerdab.com\/?p=7306#primaryimage\",\"url\":\"\",\"contentUrl\":\"\"},{\"@type\":\"BreadcrumbList\",\"@id\":\"https:\/\/www.zerdab.com\/?p=7306#breadcrumb\",\"itemListElement\":[{\"@type\":\"ListItem\",\"position\":1,\"name\":\"Home\",\"item\":\"https:\/\/www.zerdab.com\/\"},{\"@type\":\"ListItem\",\"position\":2,\"name\":\"Z\u0259rdabda qad\u0131n ictimaiyy\u0259tinin n\u00fcmay\u0259nd\u0259l\u0259ri il\u0259 g\u00f6r\u00fc\u015f &#8211; foto\"}]},{\"@type\":\"WebSite\",\"@id\":\"https:\/\/www.zerdab.com\/#website\",\"url\":\"https:\/\/www.zerdab.com\/\",\"name\":\"Z\u0259rdab.com\",\"description\":\"\",\"potentialAction\":[{\"@type\":\"SearchAction\",\"target\":{\"@type\":\"EntryPoint\",\"urlTemplate\":\"https:\/\/www.zerdab.com\/?s={search_term_string}\"},\"query-input\":{\"@type\":\"PropertyValueSpecification\",\"valueRequired\":true,\"valueName\":\"search_term_string\"}}],\"inLanguage\":\"az\"},{\"@type\":\"Person\",\"@id\":\"https:\/\/www.zerdab.com\/#\/schema\/person\/97079b7570c1e89ec0d9e138c3672136\",\"name\":\"admin\",\"image\":{\"@type\":\"ImageObject\",\"inLanguage\":\"az\",\"@id\":\"https:\/\/www.zerdab.com\/#\/schema\/person\/image\/\",\"url\":\"https:\/\/secure.gravatar.com\/avatar\/d9c52a9a27c32119cb6679a077fa3e2779e5f822c451cbf01098004361d466ec?s=96&d=mm&r=g\",\"contentUrl\":\"https:\/\/secure.gravatar.com\/avatar\/d9c52a9a27c32119cb6679a077fa3e2779e5f822c451cbf01098004361d466ec?s=96&d=mm&r=g\",\"caption\":\"admin\"},\"url\":\"https:\/\/www.zerdab.com\/?author=1\"}]}<\/script>\n<!-- \/ Yoast SEO plugin. -->","yoast_head_json":{"title":"Z\u0259rdabda qad\u0131n ictimaiyy\u0259tinin n\u00fcmay\u0259nd\u0259l\u0259ri il\u0259 g\u00f6r\u00fc\u015f - foto - Z\u0259rdab.com","robots":{"index":"index","follow":"follow","max-snippet":"max-snippet:-1","max-image-preview":"max-image-preview:large","max-video-preview":"max-video-preview:-1"},"canonical":"https:\/\/www.zerdab.com\/?p=7306","og_locale":"az_AZ","og_type":"article","og_title":"Z\u0259rdabda qad\u0131n ictimaiyy\u0259tinin n\u00fcmay\u0259nd\u0259l\u0259ri il\u0259 g\u00f6r\u00fc\u015f - foto - Z\u0259rdab.com","og_description":"14 fevral 2013-c\u00fc il tarixd\u0259 Z\u0259rdab rayonunda Heyd\u0259r \u018fliyev M\u0259rk\u0259zinin 150 n\u0259f\u0259rlik iclas zal\u0131nda rayonun qad\u0131n ictimaiyy\u0259tinin n\u00fcmay\u0259nd\u0259l\u0259ri il\u0259 Rayon \u0130cra Hakimiyy\u0259ti Ba\u015f\u00e7\u0131s\u0131n\u0131n 2012-ci il \u0259rzind\u0259 rayonun ictimai-siyasi v\u0259 sosial-iqtisadi sah\u0259sind\u0259 g\u00f6r\u00fcl\u0259n i\u015fl\u0259r, 2013-c\u00fc ild\u0259 qar\u015f\u0131da duran v\u0259zif\u0259l\u0259r\u0259 h\u0259sr olunmu\u015f g\u00f6r\u00fc\u015f\u00fc ke\u00e7irilmi\u015fdir. G\u00f6r\u00fc\u015fd\u0259 \u00e7\u0131x\u0131\u015f ed\u0259n Z\u0259rdab Rayon \u0130cra Hakimiyy\u0259tinin Ba\u015f\u00e7\u0131s\u0131, iqtisad elml\u0259ri namiz\u0259di L\u00fctv\u0259li Babayev [&hellip;]","og_url":"https:\/\/www.zerdab.com\/?p=7306","og_site_name":"Z\u0259rdab.com","article_published_time":"2013-02-14T10:34:30+00:00","article_modified_time":"2013-02-14T10:47:29+00:00","og_image":[{"url":"http:\/\/www.zerdab.com\/wp-content\/uploads\/2013\/02\/Zerdab-rayonu10.jpg","type":"","width":"","height":""}],"author":"admin","twitter_card":"summary_large_image","twitter_misc":{"Written by":"admin","Est. reading time":"5 minutes"},"schema":{"@context":"https:\/\/schema.org","@graph":[{"@type":"Article","@id":"https:\/\/www.zerdab.com\/?p=7306#article","isPartOf":{"@id":"https:\/\/www.zerdab.com\/?p=7306"},"author":{"name":"admin","@id":"https:\/\/www.zerdab.com\/#\/schema\/person\/97079b7570c1e89ec0d9e138c3672136"},"headline":"Z\u0259rdabda qad\u0131n ictimaiyy\u0259tinin n\u00fcmay\u0259nd\u0259l\u0259ri il\u0259 g\u00f6r\u00fc\u015f &#8211; foto","datePublished":"2013-02-14T10:34:30+00:00","dateModified":"2013-02-14T10:47:29+00:00","mainEntityOfPage":{"@id":"https:\/\/www.zerdab.com\/?p=7306"},"wordCount":1107,"commentCount":10,"image":{"@id":"https:\/\/www.zerdab.com\/?p=7306#primaryimage"},"thumbnailUrl":"http:\/\/www.zerdab.com\/wp-content\/uploads\/2013\/02\/Zerdab-rayonu10.jpg","articleSection":["C\u018fM\u0130YY\u018fT"],"inLanguage":"az","potentialAction":[{"@type":"CommentAction","name":"Comment","target":["https:\/\/www.zerdab.com\/?p=7306#respond"]}]},{"@type":"WebPage","@id":"https:\/\/www.zerdab.com\/?p=7306","url":"https:\/\/www.zerdab.com\/?p=7306","name":"Z\u0259rdabda qad\u0131n ictimaiyy\u0259tinin n\u00fcmay\u0259nd\u0259l\u0259ri il\u0259 g\u00f6r\u00fc\u015f - foto - Z\u0259rdab.com","isPartOf":{"@id":"https:\/\/www.zerdab.com\/#website"},"primaryImageOfPage":{"@id":"https:\/\/www.zerdab.com\/?p=7306#primaryimage"},"image":{"@id":"https:\/\/www.zerdab.com\/?p=7306#primaryimage"},"thumbnailUrl":"http:\/\/www.zerdab.com\/wp-content\/uploads\/2013\/02\/Zerdab-rayonu10.jpg","datePublished":"2013-02-14T10:34:30+00:00","dateModified":"2013-02-14T10:47:29+00:00","author":{"@id":"https:\/\/www.zerdab.com\/#\/schema\/person\/97079b7570c1e89ec0d9e138c3672136"},"breadcrumb":{"@id":"https:\/\/www.zerdab.com\/?p=7306#breadcrumb"},"inLanguage":"az","potentialAction":[{"@type":"ReadAction","target":["https:\/\/www.zerdab.com\/?p=7306"]}]},{"@type":"ImageObject","inLanguage":"az","@id":"https:\/\/www.zerdab.com\/?p=7306#primaryimage","url":"","contentUrl":""},{"@type":"BreadcrumbList","@id":"https:\/\/www.zerdab.com\/?p=7306#breadcrumb","itemListElement":[{"@type":"ListItem","position":1,"name":"Home","item":"https:\/\/www.zerdab.com\/"},{"@type":"ListItem","position":2,"name":"Z\u0259rdabda qad\u0131n ictimaiyy\u0259tinin n\u00fcmay\u0259nd\u0259l\u0259ri il\u0259 g\u00f6r\u00fc\u015f &#8211; foto"}]},{"@type":"WebSite","@id":"https:\/\/www.zerdab.com\/#website","url":"https:\/\/www.zerdab.com\/","name":"Z\u0259rdab.com","description":"","potentialAction":[{"@type":"SearchAction","target":{"@type":"EntryPoint","urlTemplate":"https:\/\/www.zerdab.com\/?s={search_term_string}"},"query-input":{"@type":"PropertyValueSpecification","valueRequired":true,"valueName":"search_term_string"}}],"inLanguage":"az"},{"@type":"Person","@id":"https:\/\/www.zerdab.com\/#\/schema\/person\/97079b7570c1e89ec0d9e138c3672136","name":"admin","image":{"@type":"ImageObject","inLanguage":"az","@id":"https:\/\/www.zerdab.com\/#\/schema\/person\/image\/","url":"https:\/\/secure.gravatar.com\/avatar\/d9c52a9a27c32119cb6679a077fa3e2779e5f822c451cbf01098004361d466ec?s=96&d=mm&r=g","contentUrl":"https:\/\/secure.gravatar.com\/avatar\/d9c52a9a27c32119cb6679a077fa3e2779e5f822c451cbf01098004361d466ec?s=96&d=mm&r=g","caption":"admin"},"url":"https:\/\/www.zerdab.com\/?author=1"}]}},"_links":{"self":[{"href":"https:\/\/www.zerdab.com\/index.php?rest_route=\/wp\/v2\/posts\/7306","targetHints":{"allow":["GET"]}}],"collection":[{"href":"https:\/\/www.zerdab.com\/index.php?rest_route=\/wp\/v2\/posts"}],"about":[{"href":"https:\/\/www.zerdab.com\/index.php?rest_route=\/wp\/v2\/types\/post"}],"author":[{"embeddable":true,"href":"https:\/\/www.zerdab.com\/index.php?rest_route=\/wp\/v2\/users\/1"}],"replies":[{"embeddable":true,"href":"https:\/\/www.zerdab.com\/index.php?rest_route=%2Fwp%2Fv2%2Fcomments&post=7306"}],"version-history":[{"count":10,"href":"https:\/\/www.zerdab.com\/index.php?rest_route=\/wp\/v2\/posts\/7306\/revisions"}],"predecessor-version":[{"id":7318,"href":"https:\/\/www.zerdab.com\/index.php?rest_route=\/wp\/v2\/posts\/7306\/revisions\/7318"}],"wp:attachment":[{"href":"https:\/\/www.zerdab.com\/index.php?rest_route=%2Fwp%2Fv2%2Fmedia&parent=7306"}],"wp:term":[{"taxonomy":"category","embeddable":true,"href":"https:\/\/www.zerdab.com\/index.php?rest_route=%2Fwp%2Fv2%2Fcategories&post=7306"},{"taxonomy":"post_tag","embeddable":true,"href":"https:\/\/www.zerdab.com\/index.php?rest_route=%2Fwp%2Fv2%2Ftags&post=7306"}],"curies":[{"name":"wp","href":"https:\/\/api.w.org\/{rel}","templated":true}]}}