{"id":7329,"date":"2013-02-14T23:21:57","date_gmt":"2013-02-14T19:21:57","guid":{"rendered":"http:\/\/www.zerdab.com\/?p=7329"},"modified":"2013-02-14T23:27:38","modified_gmt":"2013-02-14T19:27:38","slug":"prezident-subsidiyalarin-bir-hiss%c9%99si-m%c9%99murlarin-cibin%c9%99-gedir-video","status":"publish","type":"post","link":"https:\/\/www.zerdab.com\/?p=7329","title":{"rendered":"\u201cSubsidiyalar\u0131n bir hiss\u0259si m\u0259murlar\u0131n cibin\u0259 gedir\u201d-V\u0130DEO"},"content":{"rendered":"<p><span style=\"color: #0000ff;\"><strong><img loading=\"lazy\" decoding=\"async\" class=\"aligncenter size-full wp-image-7330\" alt=\"Prezident\" src=\"http:\/\/www.zerdab.com\/wp-content\/uploads\/2013\/02\/Prezident2.jpg\" width=\"250\" height=\"200\" \/>\u201cH\u0259r bir d\u00f6vl\u0259t m\u0259muru \u00f6z v\u0259zif\u0259 borcunu \u015f\u0259r\u0259fl\u0259 yerin\u0259 yetirm\u0259lidir, insanlara qulluq etm\u0259lidir v\u0259 t\u0259vaz\u00f6kar olmal\u0131d\u0131r&#8221;. Bu s\u00f6zl\u0259ri Prezident \u0130lham \u018fliyev \u201cRegionlar\u0131n\u0131n 2009-2013-c\u00fc ill\u0259rd\u0259 sosial-iqtisadi inki\u015faf\u0131 D\u00f6vl\u0259t Proqram\u0131\u201dn\u0131n icras\u0131n\u0131n d\u00f6rd\u00fcnc\u00fc ilinin yekunlar\u0131na h\u0259sr olunmu\u015f konfransda b\u0259yan edib.<\/strong> <\/span><\/p>\n<p>Prezident x\u00fcsusi vur\u011fulay\u0131b ki, h\u0259r bir d\u00f6vl\u0259t m\u0259muru \u00f6z xalq\u0131na xidm\u0259t etm\u0259lidir: \u201cAz\u0259rbaycan v\u0259t\u0259nda\u015f\u0131na h\u0259r yerd\u0259 h\u00f6rm\u0259t olmal\u0131d\u0131r, d\u00f6vl\u0259t qurumlar\u0131 t\u0259r\u0259find\u0259n normal r\u0259ftar edilm\u0259lidir, t\u0259hqiq edilm\u0259lidir, incidilm\u0259m\u0259lidir. Bel\u0259 hallar var?! Var! Kim bunu edir?! D\u00f6vl\u0259t m\u0259murlar\u0131! Kim incid\u0259 bil\u0259r v\u0259t\u0259nda\u015f\u0131?! D\u00f6vl\u0259t m\u0259muru! M\u0259n yen\u0259 d\u0259 deyir\u0259m, b\u00fct\u00f6vl\u00fckd\u0259 b\u00f6lg\u0259l\u0259rd\u0259 icra n\u00fcmay\u0259nd\u0259l\u0259rinin f\u0259aliyy\u0259ti m\u00fcsb\u0259tdir, ancaq bel\u0259 hallar da vard\u0131r. Buna yol verm\u0259k olmaz\u201d.<\/p>\n<p>&nbsp;<\/p>\n<p><strong><span style=\"font-family: Tahoma,Verdana,sans-serif;\">Ax\u0131r\u0131nc\u0131 x\u0259b\u0259rdarl\u0131q<\/span><\/strong><\/p>\n<div>\u00a0<span style=\"font-family: Tahoma,Verdana,sans-serif;\">Prezident \u0130lham \u018fliyev m\u0259murlara son x\u0259b\u0259rdarl\u0131q edib: \u201cH\u0259r bir icra ba\u015f\u00e7\u0131s\u0131n\u0131 m\u0259n v\u0259zif\u0259y\u0259 t\u0259yin ed\u0259rk\u0259n, onu q\u0259bul ed\u0259rk\u0259n ona bir ne\u00e7\u0259 \u0259sas istiqam\u0259ti g\u00f6st\u0259rir\u0259m: inki\u015faf, quruculuq, s\u0259m\u0259r\u0259li i\u015f, t\u0259vaz\u00f6karl\u0131q v\u0259 insanlara xidm\u0259t! H\u0259r birin\u0259, burada oturan b\u00fct\u00fcn icra ba\u015f\u00e7\u0131lar\u0131na. Ham\u0131s\u0131n\u0131 m\u0259n t\u0259yin etmi\u015f\u0259m. B\u0259zi rayonlarda bir ne\u00e7\u0259 d\u0259f\u0259 d\u0259yi\u015fmi\u015f\u0259m. N\u0259y\u0259 g\u00f6r\u0259? \u00c7\u00fcnki etimad\u0131m\u0131 do\u011frultmurlar. H\u0259r birin\u0259 demi\u015f\u0259m ki, gedin, insanlara arxa durun, gedin, k\u00f6m\u0259klik g\u00f6st\u0259rin. Gedin, h\u00f6rm\u0259t edin insanlara. Amma b\u0259zi hallarda m\u0259n bunu g\u00f6rm\u00fcr\u0259m. G\u00f6rm\u0259y\u0259nd\u0259 d\u0259 t\u0259dbirl\u0259r g\u00f6r\u00fcr\u0259m. B\u0259zi hallarda m\u0259murlar v\u0259t\u0259nda\u015flara yuxar\u0131dan a\u015fa\u011f\u0131 bax\u0131rlar, onlar\u0131 saym\u0131rlar, onlar\u0131 t\u0259hqir edirl\u0259r, qudur\u011fanl\u0131q edirl\u0259r. B\u00fct\u00fcn bu hallar var, bunlar aradan g\u00f6t\u00fcr\u00fclm\u0259lidir\u201d.\u00a0<\/span><\/div>\n<p>&nbsp;<\/p>\n<p><strong style=\"font-family: Tahoma,Verdana,sans-serif;\"><span style=\"font-family: Tahoma,Verdana,sans-serif;\">Korrupsiya v\u0259r\u00fc\u015fv\u0259txorluqla m\u00fcbariz\u0259 g\u00fccl\u0259ndirilm\u0259lidir<\/span><\/strong><\/p>\n<div>\u00a0<span style=\"font-family: Tahoma,Verdana,sans-serif;\">Prezident \u0130lham \u018fliyev korrupsiya v\u0259 r\u00fc\u015fv\u0259txorlu\u011fa qar\u015f\u0131 m\u00fcbariz\u0259nin d\u0259 g\u00fccl\u0259ndirilm\u0259sini t\u0259l\u0259b edib: \u201cHesab edir\u0259m ki, biz bu i\u015fl\u0259rd\u0259 ist\u0259diyimiz\u0259 nail ola bilm\u0259mi\u015fik. Baxmayaraq ki, m\u00fcbariz\u0259 gedir v\u0259 ged\u0259c\u0259k. Ancaq \u0259fsuslar olsun ki, bu m\u00fcbariz\u0259 laz\u0131mi s\u0259viyy\u0259d\u0259 deyil. Korrupsiya b\u00f6y\u00fck b\u0259lad\u0131r\u201d.<\/span><\/div>\n<div><\/div>\n<div><\/div>\n<div><\/div>\n<div><strong><span style=\"font-family: Tahoma,Verdana,sans-serif;\">Sistem xarakterli islahatlar<\/span><\/strong><\/div>\n<div><\/div>\n<div><span style=\"font-family: Tahoma,Verdana,sans-serif;\">\u0130.\u018fliyev sistem xarakterli islahatlar\u0131n da daha ciddi \u015f\u0259kild\u0259 apar\u0131lmas\u0131n\u0131 qar\u015f\u0131ya v\u0259zif\u0259 kimi qoyub: \u201cOnlar\u0131n aras\u0131nda elektron xidm\u0259t, ASAN xidm\u0259ti, elektron h\u00f6kum\u0259t t\u0259\u015f\u0259bb\u00fcs\u00fc, b\u00fct\u00fcn bunlar, eyni zamanda, korrupsiyaya qar\u015f\u0131 ciddi bir al\u0259t olacaq. ASAN xidm\u0259t proqram\u0131 art\u0131q t\u0259tbiq edilir\u201d.<\/span><\/div>\n<div>\u00a0 <span style=\"font-family: Tahoma,Verdana,sans-serif;\">D\u00f6vl\u0259t ba\u015f\u00e7\u0131s\u0131 fermerl\u0259r\u0259 subsidiyalar\u0131n verilm\u0259sind\u0259 d\u0259 probleml\u0259rin oldu\u011funu bildirib: \u201cSubsidiyalar ya \u00fcnvana \u00e7atm\u0131r, ya kims\u0259 onlar\u0131 m\u0259nims\u0259yir, \u00f6z\u00fcn\u0259 g\u00f6t\u00fcr\u00fcr. B\u0259zi hallarda fermer\u0259 \u00e7atacaq subsidiyalar\u0131n bir hiss\u0259si d\u00f6vl\u0259t m\u0259murlar\u0131n\u0131n cibin\u0259 gedir. B\u0259zi hallarda \u00fcmumiyy\u0259tl\u0259, istehsal olunan m\u0259hsulun h\u0259cmi, torpaq sah\u0259l\u0259ri art\u0131r\u0131l\u0131r ki, subsidiyalar daha \u00e7ox g\u00f6t\u00fcr\u00fcls\u00fcn. B\u0259zi hallarda xaricd\u0259n laz\u0131m olan avadanl\u0131qlar v\u0259 dig\u0259r vasit\u0259l\u0259r y\u00fcks\u0259k qiym\u0259tl\u0259 g\u0259tirilir. Bu sah\u0259d\u0259 biz tam \u015f\u0259ffafl\u0131\u011f\u0131 t\u0259min etm\u0259liyik\u201d.\u00a0<\/span><\/div>\n<div><\/div>\n<div><span style=\"font-family: Tahoma,Verdana,sans-serif;\">\u0130.\u018fliyev x\u00fcsusil\u0259 fermerl\u0259r\u0259 m\u00fcraci\u0259t edib ki, onlar\u0131 narahat ed\u0259n m\u0259s\u0259l\u0259l\u0259r bar\u0259d\u0259 m\u0259lumat versinl\u0259r: \u201cM\u0259n bilir\u0259m ki, burada probleml\u0259r var, \u015f\u0259ffafl\u0131q laz\u0131mi s\u0259viyy\u0259d\u0259 t\u0259min edilm\u0259yib. Bu n\u00f6qsanlar tezlikl\u0259 aradan qald\u0131r\u0131lmal\u0131d\u0131r. Fermer\u0259 n\u0259 q\u0259d\u0259r \u00e7atmal\u0131d\u0131r, o q\u0259d\u0259r d\u0259 o, bunu almal\u0131d\u0131r. He\u00e7 kim onun puluna g\u00f6z\u00fcn\u00fc dikm\u0259sin!\u201d.<\/span><\/div>\n<div><\/div>\n<div><span style=\"font-family: Tahoma,Verdana,sans-serif;\">Prezident bu sah\u0259d\u0259 neqativ hallar\u0131n oldu\u011funu bildirib.<\/span><\/div>\n<div><\/div>\n<div><\/div>\n<div><strong><span style=\"font-family: Tahoma,Verdana,sans-serif;\">N\u00f6qsanlar\u00a0<\/span><\/strong><\/div>\n<div><\/div>\n<div>\u00a0<span style=\"font-family: Tahoma,Verdana,sans-serif;\">\u0130lham \u018fliyev sahibkarl\u0131\u011f\u0131n inki\u015faf\u0131 il\u0259 ba\u011fl\u0131 \u00e7ox ciddi add\u0131mlar at\u0131lsa da, bu sah\u0259d\u0259 d\u0259 probleml\u0259rin qald\u0131\u011f\u0131n\u0131 deyib: \u201cH\u0259l\u0259 ki, bu probleml\u0259r var \u2013 b\u00fcrokratiya, m\u00fc\u0259yy\u0259n \u0259ng\u0259ll\u0259r, onlar\u0131n i\u015fl\u0259rin\u0259 \u0259sass\u0131z m\u00fcdaxil\u0259l\u0259r. \u018flb\u0259tt\u0259, Prezident t\u0259r\u0259find\u0259n sahibkarl\u0131\u011f\u0131n inki\u015faf\u0131na, sahibkarlara veril\u0259n d\u0259st\u0259k onlar\u0131n da biznes m\u00fchitinin yax\u015f\u0131la\u015fd\u0131r\u0131lmas\u0131na xidm\u0259t g\u00f6st\u0259rir. Halbuki, bu sah\u0259d\u0259 h\u0259l\u0259 g\u00f6r\u00fcl\u0259si i\u015fl\u0259r \u00e7oxdur, n\u00f6qsanlar da vard\u0131r\u201d.<\/span><\/div>\n<div><\/div>\n<div><\/div>\n<div><strong><span style=\"font-family: Tahoma,Verdana,sans-serif;\">\u018fm\u0259khaqq\u0131 v\u0259 pensiyalar art\u0131r\u0131lacaq\u00a0<\/span><\/strong><\/div>\n<div><\/div>\n<div><span style=\"font-family: Tahoma,Verdana,sans-serif;\">Prezident \u0130lham \u018fliyev pensiya v\u0259 \u0259m\u0259khaqq\u0131 m\u0259s\u0259l\u0259sin\u0259 d\u0259 toxunub: \u201cBu r\u0259q\u0259ml\u0259r d\u0259 bizi qane etmir v\u0259 m\u0259n hesab edir\u0259m ki, orta pensiyan\u0131n, orta \u0259m\u0259khaqq\u0131n\u0131n s\u0259viyy\u0259si artmal\u0131d\u0131r v\u0259 artacaq. D\u00f6vl\u0259t m\u00fc\u0259ssis\u0259l\u0259rind\u0259 \u00e7al\u0131\u015fanlar\u0131n \u0259m\u0259k haqlar\u0131, pensiyalar\u0131 art\u0131r\u0131lacaq, eyni zamanda, sahibkarl\u0131\u011f\u0131n inki\u015faf\u0131 \u00fc\u00e7\u00fcn yarad\u0131lan \u015f\u0259rait n\u0259tic\u0259sind\u0259 \u00f6z\u0259l sektorda \u00e7al\u0131\u015fanlar da \u00f6z maliyy\u0259 v\u0259ziyy\u0259tini yax\u015f\u0131la\u015fd\u0131racaqlar\u201d.\u00a0<\/span><\/div>\n<div><\/div>\n<div><\/div>\n<p><strong>\u201cH\u0259l\u0259 ki, probleml\u0259r \u00e7oxdur&#8221;<\/strong><\/p>\n<p><span style=\"font-family: Tahoma,Verdana,sans-serif;\">D\u00f6vl\u0259t ba\u015f\u00e7\u0131s\u0131 x\u00fcsusi vur\u011fulay\u0131b ki, infrastruktur layih\u0259l\u0259ri regionlar\u0131n sosial-iqtisadi inki\u015faf\u0131 D\u00f6vl\u0259t Proqram\u0131n\u0131n t\u0259rkib hiss\u0259sidir. Art\u0131q h\u00f6kum\u0259t k\u0259nd yollar\u0131n\u0131n tikintisi il\u0259 ciddi m\u0259\u015f\u011fuldur: \u201cH\u0259l\u0259 ki, probleml\u0259r \u00e7oxdur. Biz bu probleml\u0259ri bilirik v\u0259 bu probleml\u0259ri h\u0259ll edirik. \u018flb\u0259tt\u0259 ki, bu il ikinci D\u00f6vl\u0259t Proqram\u0131 ba\u015fa \u00e7atandan sonra yeni proqramlar ortaya qoyulacaq\u201d.<\/span><\/p>\n<p><strong>&#8220;Bakupost&#8221;<\/strong><\/p>\n<div class=\"youtube-embed\" data-video_id=\"N2wIh8-h1zc\"><iframe loading=\"lazy\" width=\"696\" height=\"392\" src=\"https:\/\/www.youtube.com\/embed\/N2wIh8-h1zc?feature=oembed&#038;enablejsapi=1\" frameborder=\"0\" gesture=\"media\" allowfullscreen><\/iframe><\/div>\n","protected":false},"excerpt":{"rendered":"<p>\u201cH\u0259r bir d\u00f6vl\u0259t m\u0259muru \u00f6z v\u0259zif\u0259 borcunu \u015f\u0259r\u0259fl\u0259 yerin\u0259 yetirm\u0259lidir, insanlara qulluq etm\u0259lidir v\u0259 t\u0259vaz\u00f6kar olmal\u0131d\u0131r&#8221;. Bu s\u00f6zl\u0259ri Prezident \u0130lham \u018fliyev \u201cRegionlar\u0131n\u0131n 2009-2013-c\u00fc ill\u0259rd\u0259 sosial-iqtisadi inki\u015faf\u0131 D\u00f6vl\u0259t Proqram\u0131\u201dn\u0131n icras\u0131n\u0131n d\u00f6rd\u00fcnc\u00fc ilinin yekunlar\u0131na h\u0259sr olunmu\u015f konfransda b\u0259yan edib. Prezident x\u00fcsusi vur\u011fulay\u0131b ki, h\u0259r bir d\u00f6vl\u0259t m\u0259muru \u00f6z xalq\u0131na xidm\u0259t etm\u0259lidir: \u201cAz\u0259rbaycan v\u0259t\u0259nda\u015f\u0131na h\u0259r yerd\u0259 h\u00f6rm\u0259t olmal\u0131d\u0131r, [&hellip;]<\/p>\n","protected":false},"author":1,"featured_media":0,"comment_status":"open","ping_status":"open","sticky":false,"template":"","format":"standard","meta":{"footnotes":""},"categories":[5],"tags":[],"class_list":{"0":"post-7329","1":"post","2":"type-post","3":"status-publish","4":"format-standard","6":"category-knd"},"yoast_head":"<!-- This site is optimized with the Yoast SEO plugin v27.0 - https:\/\/yoast.com\/product\/yoast-seo-wordpress\/ -->\n<title>\u201cSubsidiyalar\u0131n bir hiss\u0259si m\u0259murlar\u0131n cibin\u0259 gedir\u201d-V\u0130DEO - Z\u0259rdab.com<\/title>\n<meta name=\"robots\" content=\"index, follow, max-snippet:-1, max-image-preview:large, max-video-preview:-1\" \/>\n<link rel=\"canonical\" href=\"https:\/\/www.zerdab.com\/?p=7329\" \/>\n<meta property=\"og:locale\" content=\"az_AZ\" \/>\n<meta property=\"og:type\" content=\"article\" \/>\n<meta property=\"og:title\" content=\"\u201cSubsidiyalar\u0131n bir hiss\u0259si m\u0259murlar\u0131n cibin\u0259 gedir\u201d-V\u0130DEO - Z\u0259rdab.com\" \/>\n<meta property=\"og:description\" content=\"\u201cH\u0259r bir d\u00f6vl\u0259t m\u0259muru \u00f6z v\u0259zif\u0259 borcunu \u015f\u0259r\u0259fl\u0259 yerin\u0259 yetirm\u0259lidir, insanlara qulluq etm\u0259lidir v\u0259 t\u0259vaz\u00f6kar olmal\u0131d\u0131r&#8221;. Bu s\u00f6zl\u0259ri Prezident \u0130lham \u018fliyev \u201cRegionlar\u0131n\u0131n 2009-2013-c\u00fc ill\u0259rd\u0259 sosial-iqtisadi inki\u015faf\u0131 D\u00f6vl\u0259t Proqram\u0131\u201dn\u0131n icras\u0131n\u0131n d\u00f6rd\u00fcnc\u00fc ilinin yekunlar\u0131na h\u0259sr olunmu\u015f konfransda b\u0259yan edib. Prezident x\u00fcsusi vur\u011fulay\u0131b ki, h\u0259r bir d\u00f6vl\u0259t m\u0259muru \u00f6z xalq\u0131na xidm\u0259t etm\u0259lidir: \u201cAz\u0259rbaycan v\u0259t\u0259nda\u015f\u0131na h\u0259r yerd\u0259 h\u00f6rm\u0259t olmal\u0131d\u0131r, [&hellip;]\" \/>\n<meta property=\"og:url\" content=\"https:\/\/www.zerdab.com\/?p=7329\" \/>\n<meta property=\"og:site_name\" content=\"Z\u0259rdab.com\" \/>\n<meta property=\"article:published_time\" content=\"2013-02-14T19:21:57+00:00\" \/>\n<meta property=\"article:modified_time\" content=\"2013-02-14T19:27:38+00:00\" \/>\n<meta property=\"og:image\" content=\"http:\/\/www.zerdab.com\/wp-content\/uploads\/2013\/02\/Prezident2.jpg\" \/>\n<meta name=\"author\" content=\"admin\" \/>\n<meta name=\"twitter:card\" content=\"summary_large_image\" \/>\n<meta name=\"twitter:label1\" content=\"Written by\" \/>\n\t<meta name=\"twitter:data1\" content=\"admin\" \/>\n\t<meta name=\"twitter:label2\" content=\"Est. reading time\" \/>\n\t<meta name=\"twitter:data2\" content=\"5 minutes\" \/>\n<script type=\"application\/ld+json\" class=\"yoast-schema-graph\">{\"@context\":\"https:\/\/schema.org\",\"@graph\":[{\"@type\":\"Article\",\"@id\":\"https:\/\/www.zerdab.com\/?p=7329#article\",\"isPartOf\":{\"@id\":\"https:\/\/www.zerdab.com\/?p=7329\"},\"author\":{\"name\":\"admin\",\"@id\":\"https:\/\/www.zerdab.com\/#\/schema\/person\/97079b7570c1e89ec0d9e138c3672136\"},\"headline\":\"\u201cSubsidiyalar\u0131n bir hiss\u0259si m\u0259murlar\u0131n cibin\u0259 gedir\u201d-V\u0130DEO\",\"datePublished\":\"2013-02-14T19:21:57+00:00\",\"dateModified\":\"2013-02-14T19:27:38+00:00\",\"mainEntityOfPage\":{\"@id\":\"https:\/\/www.zerdab.com\/?p=7329\"},\"wordCount\":1044,\"commentCount\":1,\"image\":{\"@id\":\"https:\/\/www.zerdab.com\/?p=7329#primaryimage\"},\"thumbnailUrl\":\"http:\/\/www.zerdab.com\/wp-content\/uploads\/2013\/02\/Prezident2.jpg\",\"articleSection\":[\"X\u018fB\u018fRL\u018fR\"],\"inLanguage\":\"az\",\"potentialAction\":[{\"@type\":\"CommentAction\",\"name\":\"Comment\",\"target\":[\"https:\/\/www.zerdab.com\/?p=7329#respond\"]}]},{\"@type\":\"WebPage\",\"@id\":\"https:\/\/www.zerdab.com\/?p=7329\",\"url\":\"https:\/\/www.zerdab.com\/?p=7329\",\"name\":\"\u201cSubsidiyalar\u0131n bir hiss\u0259si m\u0259murlar\u0131n cibin\u0259 gedir\u201d-V\u0130DEO - Z\u0259rdab.com\",\"isPartOf\":{\"@id\":\"https:\/\/www.zerdab.com\/#website\"},\"primaryImageOfPage\":{\"@id\":\"https:\/\/www.zerdab.com\/?p=7329#primaryimage\"},\"image\":{\"@id\":\"https:\/\/www.zerdab.com\/?p=7329#primaryimage\"},\"thumbnailUrl\":\"http:\/\/www.zerdab.com\/wp-content\/uploads\/2013\/02\/Prezident2.jpg\",\"datePublished\":\"2013-02-14T19:21:57+00:00\",\"dateModified\":\"2013-02-14T19:27:38+00:00\",\"author\":{\"@id\":\"https:\/\/www.zerdab.com\/#\/schema\/person\/97079b7570c1e89ec0d9e138c3672136\"},\"breadcrumb\":{\"@id\":\"https:\/\/www.zerdab.com\/?p=7329#breadcrumb\"},\"inLanguage\":\"az\",\"potentialAction\":[{\"@type\":\"ReadAction\",\"target\":[\"https:\/\/www.zerdab.com\/?p=7329\"]}]},{\"@type\":\"ImageObject\",\"inLanguage\":\"az\",\"@id\":\"https:\/\/www.zerdab.com\/?p=7329#primaryimage\",\"url\":\"\",\"contentUrl\":\"\"},{\"@type\":\"BreadcrumbList\",\"@id\":\"https:\/\/www.zerdab.com\/?p=7329#breadcrumb\",\"itemListElement\":[{\"@type\":\"ListItem\",\"position\":1,\"name\":\"Home\",\"item\":\"https:\/\/www.zerdab.com\/\"},{\"@type\":\"ListItem\",\"position\":2,\"name\":\"\u201cSubsidiyalar\u0131n bir hiss\u0259si m\u0259murlar\u0131n cibin\u0259 gedir\u201d-V\u0130DEO\"}]},{\"@type\":\"WebSite\",\"@id\":\"https:\/\/www.zerdab.com\/#website\",\"url\":\"https:\/\/www.zerdab.com\/\",\"name\":\"Z\u0259rdab.com\",\"description\":\"\",\"potentialAction\":[{\"@type\":\"SearchAction\",\"target\":{\"@type\":\"EntryPoint\",\"urlTemplate\":\"https:\/\/www.zerdab.com\/?s={search_term_string}\"},\"query-input\":{\"@type\":\"PropertyValueSpecification\",\"valueRequired\":true,\"valueName\":\"search_term_string\"}}],\"inLanguage\":\"az\"},{\"@type\":\"Person\",\"@id\":\"https:\/\/www.zerdab.com\/#\/schema\/person\/97079b7570c1e89ec0d9e138c3672136\",\"name\":\"admin\",\"image\":{\"@type\":\"ImageObject\",\"inLanguage\":\"az\",\"@id\":\"https:\/\/www.zerdab.com\/#\/schema\/person\/image\/\",\"url\":\"https:\/\/secure.gravatar.com\/avatar\/d9c52a9a27c32119cb6679a077fa3e2779e5f822c451cbf01098004361d466ec?s=96&d=mm&r=g\",\"contentUrl\":\"https:\/\/secure.gravatar.com\/avatar\/d9c52a9a27c32119cb6679a077fa3e2779e5f822c451cbf01098004361d466ec?s=96&d=mm&r=g\",\"caption\":\"admin\"},\"url\":\"https:\/\/www.zerdab.com\/?author=1\"}]}<\/script>\n<!-- \/ Yoast SEO plugin. -->","yoast_head_json":{"title":"\u201cSubsidiyalar\u0131n bir hiss\u0259si m\u0259murlar\u0131n cibin\u0259 gedir\u201d-V\u0130DEO - Z\u0259rdab.com","robots":{"index":"index","follow":"follow","max-snippet":"max-snippet:-1","max-image-preview":"max-image-preview:large","max-video-preview":"max-video-preview:-1"},"canonical":"https:\/\/www.zerdab.com\/?p=7329","og_locale":"az_AZ","og_type":"article","og_title":"\u201cSubsidiyalar\u0131n bir hiss\u0259si m\u0259murlar\u0131n cibin\u0259 gedir\u201d-V\u0130DEO - Z\u0259rdab.com","og_description":"\u201cH\u0259r bir d\u00f6vl\u0259t m\u0259muru \u00f6z v\u0259zif\u0259 borcunu \u015f\u0259r\u0259fl\u0259 yerin\u0259 yetirm\u0259lidir, insanlara qulluq etm\u0259lidir v\u0259 t\u0259vaz\u00f6kar olmal\u0131d\u0131r&#8221;. Bu s\u00f6zl\u0259ri Prezident \u0130lham \u018fliyev \u201cRegionlar\u0131n\u0131n 2009-2013-c\u00fc ill\u0259rd\u0259 sosial-iqtisadi inki\u015faf\u0131 D\u00f6vl\u0259t Proqram\u0131\u201dn\u0131n icras\u0131n\u0131n d\u00f6rd\u00fcnc\u00fc ilinin yekunlar\u0131na h\u0259sr olunmu\u015f konfransda b\u0259yan edib. Prezident x\u00fcsusi vur\u011fulay\u0131b ki, h\u0259r bir d\u00f6vl\u0259t m\u0259muru \u00f6z xalq\u0131na xidm\u0259t etm\u0259lidir: \u201cAz\u0259rbaycan v\u0259t\u0259nda\u015f\u0131na h\u0259r yerd\u0259 h\u00f6rm\u0259t olmal\u0131d\u0131r, [&hellip;]","og_url":"https:\/\/www.zerdab.com\/?p=7329","og_site_name":"Z\u0259rdab.com","article_published_time":"2013-02-14T19:21:57+00:00","article_modified_time":"2013-02-14T19:27:38+00:00","og_image":[{"url":"http:\/\/www.zerdab.com\/wp-content\/uploads\/2013\/02\/Prezident2.jpg","type":"","width":"","height":""}],"author":"admin","twitter_card":"summary_large_image","twitter_misc":{"Written by":"admin","Est. reading time":"5 minutes"},"schema":{"@context":"https:\/\/schema.org","@graph":[{"@type":"Article","@id":"https:\/\/www.zerdab.com\/?p=7329#article","isPartOf":{"@id":"https:\/\/www.zerdab.com\/?p=7329"},"author":{"name":"admin","@id":"https:\/\/www.zerdab.com\/#\/schema\/person\/97079b7570c1e89ec0d9e138c3672136"},"headline":"\u201cSubsidiyalar\u0131n bir hiss\u0259si m\u0259murlar\u0131n cibin\u0259 gedir\u201d-V\u0130DEO","datePublished":"2013-02-14T19:21:57+00:00","dateModified":"2013-02-14T19:27:38+00:00","mainEntityOfPage":{"@id":"https:\/\/www.zerdab.com\/?p=7329"},"wordCount":1044,"commentCount":1,"image":{"@id":"https:\/\/www.zerdab.com\/?p=7329#primaryimage"},"thumbnailUrl":"http:\/\/www.zerdab.com\/wp-content\/uploads\/2013\/02\/Prezident2.jpg","articleSection":["X\u018fB\u018fRL\u018fR"],"inLanguage":"az","potentialAction":[{"@type":"CommentAction","name":"Comment","target":["https:\/\/www.zerdab.com\/?p=7329#respond"]}]},{"@type":"WebPage","@id":"https:\/\/www.zerdab.com\/?p=7329","url":"https:\/\/www.zerdab.com\/?p=7329","name":"\u201cSubsidiyalar\u0131n bir hiss\u0259si m\u0259murlar\u0131n cibin\u0259 gedir\u201d-V\u0130DEO - Z\u0259rdab.com","isPartOf":{"@id":"https:\/\/www.zerdab.com\/#website"},"primaryImageOfPage":{"@id":"https:\/\/www.zerdab.com\/?p=7329#primaryimage"},"image":{"@id":"https:\/\/www.zerdab.com\/?p=7329#primaryimage"},"thumbnailUrl":"http:\/\/www.zerdab.com\/wp-content\/uploads\/2013\/02\/Prezident2.jpg","datePublished":"2013-02-14T19:21:57+00:00","dateModified":"2013-02-14T19:27:38+00:00","author":{"@id":"https:\/\/www.zerdab.com\/#\/schema\/person\/97079b7570c1e89ec0d9e138c3672136"},"breadcrumb":{"@id":"https:\/\/www.zerdab.com\/?p=7329#breadcrumb"},"inLanguage":"az","potentialAction":[{"@type":"ReadAction","target":["https:\/\/www.zerdab.com\/?p=7329"]}]},{"@type":"ImageObject","inLanguage":"az","@id":"https:\/\/www.zerdab.com\/?p=7329#primaryimage","url":"","contentUrl":""},{"@type":"BreadcrumbList","@id":"https:\/\/www.zerdab.com\/?p=7329#breadcrumb","itemListElement":[{"@type":"ListItem","position":1,"name":"Home","item":"https:\/\/www.zerdab.com\/"},{"@type":"ListItem","position":2,"name":"\u201cSubsidiyalar\u0131n bir hiss\u0259si m\u0259murlar\u0131n cibin\u0259 gedir\u201d-V\u0130DEO"}]},{"@type":"WebSite","@id":"https:\/\/www.zerdab.com\/#website","url":"https:\/\/www.zerdab.com\/","name":"Z\u0259rdab.com","description":"","potentialAction":[{"@type":"SearchAction","target":{"@type":"EntryPoint","urlTemplate":"https:\/\/www.zerdab.com\/?s={search_term_string}"},"query-input":{"@type":"PropertyValueSpecification","valueRequired":true,"valueName":"search_term_string"}}],"inLanguage":"az"},{"@type":"Person","@id":"https:\/\/www.zerdab.com\/#\/schema\/person\/97079b7570c1e89ec0d9e138c3672136","name":"admin","image":{"@type":"ImageObject","inLanguage":"az","@id":"https:\/\/www.zerdab.com\/#\/schema\/person\/image\/","url":"https:\/\/secure.gravatar.com\/avatar\/d9c52a9a27c32119cb6679a077fa3e2779e5f822c451cbf01098004361d466ec?s=96&d=mm&r=g","contentUrl":"https:\/\/secure.gravatar.com\/avatar\/d9c52a9a27c32119cb6679a077fa3e2779e5f822c451cbf01098004361d466ec?s=96&d=mm&r=g","caption":"admin"},"url":"https:\/\/www.zerdab.com\/?author=1"}]}},"_links":{"self":[{"href":"https:\/\/www.zerdab.com\/index.php?rest_route=\/wp\/v2\/posts\/7329","targetHints":{"allow":["GET"]}}],"collection":[{"href":"https:\/\/www.zerdab.com\/index.php?rest_route=\/wp\/v2\/posts"}],"about":[{"href":"https:\/\/www.zerdab.com\/index.php?rest_route=\/wp\/v2\/types\/post"}],"author":[{"embeddable":true,"href":"https:\/\/www.zerdab.com\/index.php?rest_route=\/wp\/v2\/users\/1"}],"replies":[{"embeddable":true,"href":"https:\/\/www.zerdab.com\/index.php?rest_route=%2Fwp%2Fv2%2Fcomments&post=7329"}],"version-history":[{"count":7,"href":"https:\/\/www.zerdab.com\/index.php?rest_route=\/wp\/v2\/posts\/7329\/revisions"}],"predecessor-version":[{"id":7337,"href":"https:\/\/www.zerdab.com\/index.php?rest_route=\/wp\/v2\/posts\/7329\/revisions\/7337"}],"wp:attachment":[{"href":"https:\/\/www.zerdab.com\/index.php?rest_route=%2Fwp%2Fv2%2Fmedia&parent=7329"}],"wp:term":[{"taxonomy":"category","embeddable":true,"href":"https:\/\/www.zerdab.com\/index.php?rest_route=%2Fwp%2Fv2%2Fcategories&post=7329"},{"taxonomy":"post_tag","embeddable":true,"href":"https:\/\/www.zerdab.com\/index.php?rest_route=%2Fwp%2Fv2%2Ftags&post=7329"}],"curies":[{"name":"wp","href":"https:\/\/api.w.org\/{rel}","templated":true}]}}