{"id":7388,"date":"2013-02-16T13:27:42","date_gmt":"2013-02-16T09:27:42","guid":{"rendered":"http:\/\/www.zerdab.com\/?p=7388"},"modified":"2013-02-16T14:06:17","modified_gmt":"2013-02-16T10:06:17","slug":"z%c9%99rdabda-tibb-iscil%c9%99ri-il%c9%99-gorus-kecirildi","status":"publish","type":"post","link":"https:\/\/www.zerdab.com\/?p=7388","title":{"rendered":"Z\u0259rdab rayonunda tibb i\u015f\u00e7il\u0259ri il\u0259 g\u00f6r\u00fc\u015f ke\u00e7irildi &#8211; fotolar"},"content":{"rendered":"<p><strong><img loading=\"lazy\" decoding=\"async\" class=\"aligncenter size-medium wp-image-7389\" alt=\"Zerdab\" src=\"http:\/\/www.zerdab.com\/wp-content\/uploads\/2013\/02\/Zerdab-350x232.jpg\" width=\"350\" height=\"232\" \/>Z\u0259rdab rayonunun ictimai-siyasi v\u0259 sosial-iqtisadi sah\u0259l\u0259rind\u0259 g\u00f6r\u00fclm\u00fc\u015f i\u015fl\u0259r v\u0259 2013-c\u00fc ild\u0259 qar\u015f\u0131da duran v\u0259zif\u0259l\u0259rl\u0259 ba\u011fl\u0131 rayon r\u0259hb\u0259rliyinin tibb i\u015f\u00e7il\u0259ri il\u0259 g\u00f6r\u00fc\u015f\u00fc ke\u00e7irilib. <\/strong><\/p>\n<p>G\u00f6r\u00fc\u015fd\u0259 i\u015ftirak ed\u0259n icra ba\u015f\u00e7\u0131s\u0131, iqtisad elml\u0259ri namiz\u0259di L\u00fctv\u0259li Babayev 2012-ci ild\u0259 rayonda g\u00f6r\u00fcl\u0259n i\u015fl\u0259rl\u0259 i\u015ftirak\u00e7\u0131lar\u0131 tan\u0131\u015f edib. Qeyd edilib ki, 2012-ci ild\u0259 rayonda b\u00fct\u00fcn sah\u0259l\u0259rd\u0259 \u0259sasl\u0131 ir\u0259lil\u0259yi\u015f\u0259 nail olunub. \u00dcmumi Daxili M\u0259hsul istehsal\u0131 98 milyon manatdan \u00e7ox olmu\u015f, tikinti-qura\u015fd\u0131rma i\u015fl\u0259rin\u0259 36 milyon manat v\u0259sait y\u00f6n\u0259ldilib.<\/p>\n<p>2012-ci ilin z\u0259rdabl\u0131lar \u00fc\u00e7\u00fcn \u0259n \u0259lam\u0259tdar hadis\u0259si \u00f6lk\u0259 Prezidenti c\u0259nab \u0130lham \u018fliyevin oktyabr\u0131n 7-d\u0259 Z\u0259rdaba s\u0259f\u0259ri, \u00e7oxsayl\u0131 yeni obyektl\u0259rin, o c\u00fcml\u0259d\u0259n Heyd\u0259r \u018fliyev M\u0259rk\u0259zinin, G\u0259ncl\u0259r M\u0259rk\u0259zinin, su bula\u011f\u0131n\u0131n v\u0259 YAP rayon t\u0259\u015fkilat\u0131n\u0131n yeni inzibati binas\u0131n\u0131n a\u00e7\u0131l\u0131\u015f\u0131nda i\u015ftirak\u0131, Heyd\u0259r \u018fliyev park\u0131 v\u0259 Veteranlar Evi il\u0259 tan\u0131\u015fl\u0131\u011f\u0131 v\u0259 ictimaiyy\u0259t n\u00fcmay\u0259nd\u0259l\u0259ri il\u0259 s\u0259mimi g\u00f6r\u00fc\u015f\u00fc olub.<\/p>\n<p><img loading=\"lazy\" decoding=\"async\" class=\"aligncenter size-medium wp-image-7393\" alt=\"Zerdab\" src=\"http:\/\/www.zerdab.com\/wp-content\/uploads\/2013\/02\/Zerdab2-350x232.jpg\" width=\"350\" height=\"232\" \/>\u0130cra ba\u015f\u00e7\u0131s\u0131 onu da bildirib ki, 2012-ci ild\u0259 rayonun s\u0259hiyy\u0259 sah\u0259sind\u0259 d\u0259 u\u011furlar qazan\u0131l\u0131b. Haz\u0131rda rayon \u0259halisin\u0259 150 \u00e7arpay\u0131l\u0131q 4 x\u0259st\u0259xana, 11 k\u0259nd h\u0259kim, 12 k\u0259nd tibb m\u0259nt\u0259q\u0259si, poliklinika v\u0259 Gigiyena v\u0259 Epidemiologiya M\u0259rk\u0259zi tibbi xidm\u0259t g\u00f6st\u0259rmi\u015fdir. Tibb m\u00fc\u0259ssis\u0259l\u0259rind\u0259 64 n\u0259f\u0259r h\u0259kim, 270 n\u0259f\u0259r tibb i\u015f\u00e7isi f\u0259aliyy\u0259t g\u00f6st\u0259rmi\u015fdir. \u00d6t\u0259n il do\u011fulanlar\u0131n say\u0131 736 n\u0259f\u0259r olmu\u015fdur. 10 n\u0259f\u0259r h\u0259kim, 82 n\u0259f\u0259r tibb i\u015f\u00e7isi ixtisasart\u0131rma kurslar\u0131ndan ke\u00e7mi\u015f, 14 n\u0259f\u0259r h\u0259kim sertifikasiya imtahan\u0131 vermi\u015fdir. 2012-ci ilin may ay\u0131nda g\u00f6rk\u0259mli oftalmoloq alim, professor \u00c7ingiz C\u0259rullazad\u0259nin r\u0259hb\u0259rlik etdiyi \u201cOfko\u201d tibb m\u0259rk\u0259zinin h\u0259kim briqadas\u0131 Rayon M\u0259rk\u0259zi X\u0259st\u0259xanas\u0131nda 200 x\u0259st\u0259ni m\u00fcayin\u0259, 30 n\u0259f\u0259r x\u0259st\u0259ni, o c\u00fcml\u0259d\u0259n 4 n\u0259f\u0259r \u015f\u0259hid ail\u0259sinin \u00fczv\u00fcn\u00fc pulsuz c\u0259rrahi \u0259m\u0259liyyat etmi\u015fdir. \u00d6t\u0259n ilin may-iyun aylar\u0131nda M.Top\u00e7uba\u015fov ad\u0131na Elmi C\u0259rrahiyy\u0259 M\u0259rk\u0259zind\u0259n \u0259sl\u0259n Z\u0259rdabdan olan akademik B\u00f6y\u00fckki\u015fi A\u011fayevin r\u0259hb\u0259rliyi il\u0259 h\u0259kim briqadas\u0131 rayonda olmu\u015f, 500 n\u0259f\u0259r x\u0259st\u0259ni pulsuz m\u00fcayin\u0259, 5 n\u0259f\u0259r x\u0259st\u0259ni c\u0259rrahi \u0259m\u0259liyyat etmi\u015fl\u0259r. H\u0259min m\u0259rk\u0259zin \u00fcmumi c\u0259rrah h\u0259kimi Teymur \u018fll\u0259rov il \u0259rzind\u0259 h\u0259r h\u0259ft\u0259nin c\u00fcm\u0259 v\u0259 \u015f\u0259nb\u0259 g\u00fcnl\u0259ri x\u0259st\u0259xanada olmu\u015f, 47 x\u0259st\u0259ni c\u0259rrahi \u0259m\u0259liyyat etmi\u015fdir. 2012-ci il \u0259rzind\u0259 rayonda 2 d\u0259f\u0259 qanverm\u0259 aksiyas\u0131 ke\u00e7irilmi\u015f, donorlar 60 litr\u0259 q\u0259d\u0259r qan vermi\u015fl\u0259r. \u0130l \u0259rzind\u0259 \u015e\u0259ft\u0259hal k\u0259ndind\u0259 tibb m\u0259nt\u0259q\u0259si, \u00c7all\u0131 k\u0259ndind\u0259 do\u011fum palatas\u0131 istifad\u0259y\u0259 verilib. B\u0131\u00e7aq\u00e7\u0131 k\u0259nd h\u0259kim m\u0259nt\u0259q\u0259sind\u0259 cari t\u0259mir i\u015fl\u0259ri apar\u0131lm\u0131\u015fd\u0131r.<\/p>\n<p><img loading=\"lazy\" decoding=\"async\" class=\"aligncenter size-medium wp-image-7395\" alt=\"Zerdab\" src=\"http:\/\/www.zerdab.com\/wp-content\/uploads\/2013\/02\/Zerdab1-350x232.jpg\" width=\"350\" height=\"232\" \/>S\u0259hiyy\u0259 i\u015f\u00e7il\u0259rinin n\u00fcmay\u0259nd\u0259l\u0259ri \u00e7\u0131x\u0131\u015f ed\u0259r\u0259k b\u00fct\u00f6vl\u00fckd\u0259 Rayon \u0130cra Hakimiyy\u0259ti Ba\u015f\u00e7\u0131s\u0131n\u0131n r\u0259hb\u0259rliyi il\u0259 rayonda g\u00f6r\u00fcl\u0259n i\u015fl\u0259ri, d\u00f6vl\u0259t ba\u015f\u00e7\u0131s\u0131n\u0131n diqq\u0259t v\u0259 qay\u011f\u0131s\u0131n\u0131 y\u00fcks\u0259k d\u0259y\u0259rl\u0259ndirm\u0259kl\u0259, \u00a0tibb sah\u0259sind\u0259 h\u0259lli vacib olan bir s\u0131ra m\u0259s\u0259l\u0259l\u0259rl\u0259 ba\u011fl\u0131 t\u0259klif v\u0259 m\u00fcraci\u0259tl\u0259rini d\u0259 bildiribl\u0259r. Haz\u0131rda rayonda 50 n\u0259f\u0259r\u0259 q\u0259d\u0259r m\u00fcxt\u0259lif ixtisasdan olan ali t\u0259hsilli h\u0259kim\u0259, M\u0259rk\u0259zi Rayon X\u0259st\u0259xanas\u0131n\u0131n v\u0259 bir ne\u00e7\u0259 k\u0259nd tibb m\u00fc\u0259ssis\u0259sinin \u0259sasl\u0131 t\u0259mirin\u0259 z\u0259ruri ehtiyac\u0131n oldu\u011fu vur\u011fulan\u0131b.<\/p>\n<p>G\u00f6r\u00fc\u015fd\u0259 i\u015ftirak ed\u0259nl\u0259r son vaxtlar \u0130smay\u0131ll\u0131 rayonunda ba\u015f ver\u0259n hadis\u0259l\u0259rin m\u0259hz h\u0259min hadis\u0259l\u0259rin t\u0259\u015fkilat\u00e7\u0131s\u0131 olan bir qrup radikal m\u00fcxalif\u0259t\u00e7il\u0259r t\u0259r\u0259find\u0259n siyasil\u0259\u015fdirilm\u0259sini q\u0259tiyy\u0259tl\u0259 pisl\u0259mi\u015f, respublikam\u0131zdak\u0131 ictimai-siyasi sabitlikd\u0259n, sosial-iqtisadi inki\u015fafdan raz\u0131 qald\u0131qlar\u0131n\u0131 qeyd etmi\u015fl\u0259r. Az\u0259rbaycan \u00fc\u00e7\u00fcn \u0259n vacib probleml\u0259rd\u0259n olan Da\u011fl\u0131q Qaraba\u011f m\u00fcnaqi\u015f\u0259sinin Ali Ba\u015f Komandan\u0131m\u0131z\u0131n r\u0259hb\u0259rliyi il\u0259 tezlikl\u0259 h\u0259ll olunaca\u011f\u0131na inamlar\u0131n\u0131 ifad\u0259 edibl\u0259r.<\/p>\n<p>\u0130\u015ftirak\u00e7\u0131lar yaz\u0131\u00e7\u0131 \u018fkr\u0259m \u018fylislinin \u201cDa\u015f yuxular\u201d \u0259s\u0259rin\u0259 d\u0259 m\u00fcnasib\u0259t bildir\u0259r\u0259k bu \u0259s\u0259rin v\u0259t\u0259n\u0259, mill\u0259t\u0259 satq\u0131nl\u0131\u011f\u0131n \u0259yani t\u0259zah\u00fcr\u00fc hesab etmi\u015fl\u0259r. Roman\u0131n m\u00fc\u0259llifinin b\u00fct\u00fcn titullar\u0131ndan m\u0259hrum edilm\u0259si il\u0259 ba\u011fl\u0131 \u00f6lk\u0259 Prezidentinin m\u00fcvafiq s\u0259r\u0259ncamlar\u0131n\u0131\u00a0 alq\u0131\u015flad\u0131qlar\u0131n\u0131 bildirmi\u015f, onun \u201cm\u0259n az\u0259rbaycanl\u0131yam\u201d dem\u0259y\u0259 bundan sonra m\u0259n\u0259vi haqq\u0131 olmamas\u0131n\u0131 b\u0259yan etmi\u015fl\u0259r.<\/p>\n<p><img loading=\"lazy\" decoding=\"async\" class=\"aligncenter size-medium wp-image-7396\" alt=\"Zerdab\" src=\"http:\/\/www.zerdab.com\/wp-content\/uploads\/2013\/02\/Zerdab3-350x232.jpg\" width=\"350\" height=\"232\" \/>S\u0259hiyy\u0259 i\u015f\u00e7il\u0259ri 2013-c\u00fc ild\u0259 \u00fcmummilli lider Heyd\u0259r \u018fliyevin v\u0259 Az\u0259rbaycan\u0131n g\u00f6rk\u0259mli oftalmoloq-alimi, tibb elml\u0259ri doktoru, professor, \u0259m\u0259kdar elm xadimi, Az\u0259rbaycan Respublikas\u0131 Elml\u0259r Akademiyas\u0131n\u0131n h\u0259qiqi \u00fczv\u00fc Z\u0259rif\u0259 xan\u0131m \u018fliyevan\u0131n 90 illik yubileyl\u0259ri il\u0259 \u0259laq\u0259dar z\u0259rdabl\u0131lar\u0131n rayon \u0259razisind\u0259 90 min \u0259d\u0259d a\u011fac \u0259km\u0259k bar\u0259d\u0259 t\u0259\u015f\u0259bb\u00fcs\u00fcn\u0259 f\u0259al qo\u015fulduqlar\u0131n\u0131, bu istiqam\u0259td\u0259 tibb m\u00fc\u0259ssis\u0259l\u0259rind\u0259 geni\u015fmiqyasl\u0131 t\u0259dbirl\u0259rin ke\u00e7irilm\u0259sin\u0259 art\u0131q ba\u015flan\u0131ld\u0131\u011f\u0131n\u0131 vur\u011fulay\u0131blar. G\u00f6r\u00fc\u015f i\u015ftirak\u00e7\u0131lar\u0131 bu ilin oktyabr\u0131nda Az\u0259rbaycanda ke\u00e7iril\u0259c\u0259k n\u00f6vb\u0259ti prezident se\u00e7kil\u0259rind\u0259 xalq\u0131m\u0131z\u0131n \u0259n layiqli namiz\u0259dini d\u0259st\u0259kl\u0259y\u0259c\u0259kl\u0259rini b\u0259yan edibl\u0259r.<\/p>\n<p><strong>www.zerdab.com<\/strong><\/p>\n","protected":false},"excerpt":{"rendered":"<p>Z\u0259rdab rayonunun ictimai-siyasi v\u0259 sosial-iqtisadi sah\u0259l\u0259rind\u0259 g\u00f6r\u00fclm\u00fc\u015f i\u015fl\u0259r v\u0259 2013-c\u00fc ild\u0259 qar\u015f\u0131da duran v\u0259zif\u0259l\u0259rl\u0259 ba\u011fl\u0131 rayon r\u0259hb\u0259rliyinin tibb i\u015f\u00e7il\u0259ri il\u0259 g\u00f6r\u00fc\u015f\u00fc ke\u00e7irilib. G\u00f6r\u00fc\u015fd\u0259 i\u015ftirak ed\u0259n icra ba\u015f\u00e7\u0131s\u0131, iqtisad elml\u0259ri namiz\u0259di L\u00fctv\u0259li Babayev 2012-ci ild\u0259 rayonda g\u00f6r\u00fcl\u0259n i\u015fl\u0259rl\u0259 i\u015ftirak\u00e7\u0131lar\u0131 tan\u0131\u015f edib. Qeyd edilib ki, 2012-ci ild\u0259 rayonda b\u00fct\u00fcn sah\u0259l\u0259rd\u0259 \u0259sasl\u0131 ir\u0259lil\u0259yi\u015f\u0259 nail olunub. \u00dcmumi Daxili M\u0259hsul [&hellip;]<\/p>\n","protected":false},"author":1,"featured_media":0,"comment_status":"open","ping_status":"open","sticky":false,"template":"","format":"standard","meta":{"footnotes":""},"categories":[21],"tags":[],"class_list":{"0":"post-7388","1":"post","2":"type-post","3":"status-publish","4":"format-standard","6":"category-zrdab"},"yoast_head":"<!-- This site is optimized with the Yoast SEO plugin v27.0 - https:\/\/yoast.com\/product\/yoast-seo-wordpress\/ -->\n<title>Z\u0259rdab rayonunda tibb i\u015f\u00e7il\u0259ri il\u0259 g\u00f6r\u00fc\u015f ke\u00e7irildi - fotolar - Z\u0259rdab.com<\/title>\n<meta name=\"robots\" content=\"index, follow, max-snippet:-1, max-image-preview:large, max-video-preview:-1\" \/>\n<link rel=\"canonical\" href=\"https:\/\/www.zerdab.com\/?p=7388\" \/>\n<meta property=\"og:locale\" content=\"az_AZ\" \/>\n<meta property=\"og:type\" content=\"article\" \/>\n<meta property=\"og:title\" content=\"Z\u0259rdab rayonunda tibb i\u015f\u00e7il\u0259ri il\u0259 g\u00f6r\u00fc\u015f ke\u00e7irildi - fotolar - Z\u0259rdab.com\" \/>\n<meta property=\"og:description\" content=\"Z\u0259rdab rayonunun ictimai-siyasi v\u0259 sosial-iqtisadi sah\u0259l\u0259rind\u0259 g\u00f6r\u00fclm\u00fc\u015f i\u015fl\u0259r v\u0259 2013-c\u00fc ild\u0259 qar\u015f\u0131da duran v\u0259zif\u0259l\u0259rl\u0259 ba\u011fl\u0131 rayon r\u0259hb\u0259rliyinin tibb i\u015f\u00e7il\u0259ri il\u0259 g\u00f6r\u00fc\u015f\u00fc ke\u00e7irilib. G\u00f6r\u00fc\u015fd\u0259 i\u015ftirak ed\u0259n icra ba\u015f\u00e7\u0131s\u0131, iqtisad elml\u0259ri namiz\u0259di L\u00fctv\u0259li Babayev 2012-ci ild\u0259 rayonda g\u00f6r\u00fcl\u0259n i\u015fl\u0259rl\u0259 i\u015ftirak\u00e7\u0131lar\u0131 tan\u0131\u015f edib. Qeyd edilib ki, 2012-ci ild\u0259 rayonda b\u00fct\u00fcn sah\u0259l\u0259rd\u0259 \u0259sasl\u0131 ir\u0259lil\u0259yi\u015f\u0259 nail olunub. \u00dcmumi Daxili M\u0259hsul [&hellip;]\" \/>\n<meta property=\"og:url\" content=\"https:\/\/www.zerdab.com\/?p=7388\" \/>\n<meta property=\"og:site_name\" content=\"Z\u0259rdab.com\" \/>\n<meta property=\"article:published_time\" content=\"2013-02-16T09:27:42+00:00\" \/>\n<meta property=\"article:modified_time\" content=\"2013-02-16T10:06:17+00:00\" \/>\n<meta property=\"og:image\" content=\"http:\/\/www.zerdab.com\/wp-content\/uploads\/2013\/02\/Zerdab-350x232.jpg\" \/>\n<meta name=\"author\" content=\"admin\" \/>\n<meta name=\"twitter:card\" content=\"summary_large_image\" \/>\n<meta name=\"twitter:label1\" content=\"Written by\" \/>\n\t<meta name=\"twitter:data1\" content=\"admin\" \/>\n\t<meta name=\"twitter:label2\" content=\"Est. reading time\" \/>\n\t<meta name=\"twitter:data2\" content=\"5 minutes\" \/>\n<script type=\"application\/ld+json\" class=\"yoast-schema-graph\">{\"@context\":\"https:\/\/schema.org\",\"@graph\":[{\"@type\":\"Article\",\"@id\":\"https:\/\/www.zerdab.com\/?p=7388#article\",\"isPartOf\":{\"@id\":\"https:\/\/www.zerdab.com\/?p=7388\"},\"author\":{\"name\":\"admin\",\"@id\":\"https:\/\/www.zerdab.com\/#\/schema\/person\/97079b7570c1e89ec0d9e138c3672136\"},\"headline\":\"Z\u0259rdab rayonunda tibb i\u015f\u00e7il\u0259ri il\u0259 g\u00f6r\u00fc\u015f ke\u00e7irildi &#8211; fotolar\",\"datePublished\":\"2013-02-16T09:27:42+00:00\",\"dateModified\":\"2013-02-16T10:06:17+00:00\",\"mainEntityOfPage\":{\"@id\":\"https:\/\/www.zerdab.com\/?p=7388\"},\"wordCount\":1031,\"commentCount\":3,\"image\":{\"@id\":\"https:\/\/www.zerdab.com\/?p=7388#primaryimage\"},\"thumbnailUrl\":\"http:\/\/www.zerdab.com\/wp-content\/uploads\/2013\/02\/Zerdab-350x232.jpg\",\"articleSection\":[\"C\u018fM\u0130YY\u018fT\"],\"inLanguage\":\"az\",\"potentialAction\":[{\"@type\":\"CommentAction\",\"name\":\"Comment\",\"target\":[\"https:\/\/www.zerdab.com\/?p=7388#respond\"]}]},{\"@type\":\"WebPage\",\"@id\":\"https:\/\/www.zerdab.com\/?p=7388\",\"url\":\"https:\/\/www.zerdab.com\/?p=7388\",\"name\":\"Z\u0259rdab rayonunda tibb i\u015f\u00e7il\u0259ri il\u0259 g\u00f6r\u00fc\u015f ke\u00e7irildi - fotolar - Z\u0259rdab.com\",\"isPartOf\":{\"@id\":\"https:\/\/www.zerdab.com\/#website\"},\"primaryImageOfPage\":{\"@id\":\"https:\/\/www.zerdab.com\/?p=7388#primaryimage\"},\"image\":{\"@id\":\"https:\/\/www.zerdab.com\/?p=7388#primaryimage\"},\"thumbnailUrl\":\"http:\/\/www.zerdab.com\/wp-content\/uploads\/2013\/02\/Zerdab-350x232.jpg\",\"datePublished\":\"2013-02-16T09:27:42+00:00\",\"dateModified\":\"2013-02-16T10:06:17+00:00\",\"author\":{\"@id\":\"https:\/\/www.zerdab.com\/#\/schema\/person\/97079b7570c1e89ec0d9e138c3672136\"},\"breadcrumb\":{\"@id\":\"https:\/\/www.zerdab.com\/?p=7388#breadcrumb\"},\"inLanguage\":\"az\",\"potentialAction\":[{\"@type\":\"ReadAction\",\"target\":[\"https:\/\/www.zerdab.com\/?p=7388\"]}]},{\"@type\":\"ImageObject\",\"inLanguage\":\"az\",\"@id\":\"https:\/\/www.zerdab.com\/?p=7388#primaryimage\",\"url\":\"\",\"contentUrl\":\"\"},{\"@type\":\"BreadcrumbList\",\"@id\":\"https:\/\/www.zerdab.com\/?p=7388#breadcrumb\",\"itemListElement\":[{\"@type\":\"ListItem\",\"position\":1,\"name\":\"Home\",\"item\":\"https:\/\/www.zerdab.com\/\"},{\"@type\":\"ListItem\",\"position\":2,\"name\":\"Z\u0259rdab rayonunda tibb i\u015f\u00e7il\u0259ri il\u0259 g\u00f6r\u00fc\u015f ke\u00e7irildi &#8211; fotolar\"}]},{\"@type\":\"WebSite\",\"@id\":\"https:\/\/www.zerdab.com\/#website\",\"url\":\"https:\/\/www.zerdab.com\/\",\"name\":\"Z\u0259rdab.com\",\"description\":\"\",\"potentialAction\":[{\"@type\":\"SearchAction\",\"target\":{\"@type\":\"EntryPoint\",\"urlTemplate\":\"https:\/\/www.zerdab.com\/?s={search_term_string}\"},\"query-input\":{\"@type\":\"PropertyValueSpecification\",\"valueRequired\":true,\"valueName\":\"search_term_string\"}}],\"inLanguage\":\"az\"},{\"@type\":\"Person\",\"@id\":\"https:\/\/www.zerdab.com\/#\/schema\/person\/97079b7570c1e89ec0d9e138c3672136\",\"name\":\"admin\",\"image\":{\"@type\":\"ImageObject\",\"inLanguage\":\"az\",\"@id\":\"https:\/\/www.zerdab.com\/#\/schema\/person\/image\/\",\"url\":\"https:\/\/secure.gravatar.com\/avatar\/d9c52a9a27c32119cb6679a077fa3e2779e5f822c451cbf01098004361d466ec?s=96&d=mm&r=g\",\"contentUrl\":\"https:\/\/secure.gravatar.com\/avatar\/d9c52a9a27c32119cb6679a077fa3e2779e5f822c451cbf01098004361d466ec?s=96&d=mm&r=g\",\"caption\":\"admin\"},\"url\":\"https:\/\/www.zerdab.com\/?author=1\"}]}<\/script>\n<!-- \/ Yoast SEO plugin. -->","yoast_head_json":{"title":"Z\u0259rdab rayonunda tibb i\u015f\u00e7il\u0259ri il\u0259 g\u00f6r\u00fc\u015f ke\u00e7irildi - fotolar - Z\u0259rdab.com","robots":{"index":"index","follow":"follow","max-snippet":"max-snippet:-1","max-image-preview":"max-image-preview:large","max-video-preview":"max-video-preview:-1"},"canonical":"https:\/\/www.zerdab.com\/?p=7388","og_locale":"az_AZ","og_type":"article","og_title":"Z\u0259rdab rayonunda tibb i\u015f\u00e7il\u0259ri il\u0259 g\u00f6r\u00fc\u015f ke\u00e7irildi - fotolar - Z\u0259rdab.com","og_description":"Z\u0259rdab rayonunun ictimai-siyasi v\u0259 sosial-iqtisadi sah\u0259l\u0259rind\u0259 g\u00f6r\u00fclm\u00fc\u015f i\u015fl\u0259r v\u0259 2013-c\u00fc ild\u0259 qar\u015f\u0131da duran v\u0259zif\u0259l\u0259rl\u0259 ba\u011fl\u0131 rayon r\u0259hb\u0259rliyinin tibb i\u015f\u00e7il\u0259ri il\u0259 g\u00f6r\u00fc\u015f\u00fc ke\u00e7irilib. G\u00f6r\u00fc\u015fd\u0259 i\u015ftirak ed\u0259n icra ba\u015f\u00e7\u0131s\u0131, iqtisad elml\u0259ri namiz\u0259di L\u00fctv\u0259li Babayev 2012-ci ild\u0259 rayonda g\u00f6r\u00fcl\u0259n i\u015fl\u0259rl\u0259 i\u015ftirak\u00e7\u0131lar\u0131 tan\u0131\u015f edib. Qeyd edilib ki, 2012-ci ild\u0259 rayonda b\u00fct\u00fcn sah\u0259l\u0259rd\u0259 \u0259sasl\u0131 ir\u0259lil\u0259yi\u015f\u0259 nail olunub. \u00dcmumi Daxili M\u0259hsul [&hellip;]","og_url":"https:\/\/www.zerdab.com\/?p=7388","og_site_name":"Z\u0259rdab.com","article_published_time":"2013-02-16T09:27:42+00:00","article_modified_time":"2013-02-16T10:06:17+00:00","og_image":[{"url":"http:\/\/www.zerdab.com\/wp-content\/uploads\/2013\/02\/Zerdab-350x232.jpg","type":"","width":"","height":""}],"author":"admin","twitter_card":"summary_large_image","twitter_misc":{"Written by":"admin","Est. reading time":"5 minutes"},"schema":{"@context":"https:\/\/schema.org","@graph":[{"@type":"Article","@id":"https:\/\/www.zerdab.com\/?p=7388#article","isPartOf":{"@id":"https:\/\/www.zerdab.com\/?p=7388"},"author":{"name":"admin","@id":"https:\/\/www.zerdab.com\/#\/schema\/person\/97079b7570c1e89ec0d9e138c3672136"},"headline":"Z\u0259rdab rayonunda tibb i\u015f\u00e7il\u0259ri il\u0259 g\u00f6r\u00fc\u015f ke\u00e7irildi &#8211; fotolar","datePublished":"2013-02-16T09:27:42+00:00","dateModified":"2013-02-16T10:06:17+00:00","mainEntityOfPage":{"@id":"https:\/\/www.zerdab.com\/?p=7388"},"wordCount":1031,"commentCount":3,"image":{"@id":"https:\/\/www.zerdab.com\/?p=7388#primaryimage"},"thumbnailUrl":"http:\/\/www.zerdab.com\/wp-content\/uploads\/2013\/02\/Zerdab-350x232.jpg","articleSection":["C\u018fM\u0130YY\u018fT"],"inLanguage":"az","potentialAction":[{"@type":"CommentAction","name":"Comment","target":["https:\/\/www.zerdab.com\/?p=7388#respond"]}]},{"@type":"WebPage","@id":"https:\/\/www.zerdab.com\/?p=7388","url":"https:\/\/www.zerdab.com\/?p=7388","name":"Z\u0259rdab rayonunda tibb i\u015f\u00e7il\u0259ri il\u0259 g\u00f6r\u00fc\u015f ke\u00e7irildi - fotolar - Z\u0259rdab.com","isPartOf":{"@id":"https:\/\/www.zerdab.com\/#website"},"primaryImageOfPage":{"@id":"https:\/\/www.zerdab.com\/?p=7388#primaryimage"},"image":{"@id":"https:\/\/www.zerdab.com\/?p=7388#primaryimage"},"thumbnailUrl":"http:\/\/www.zerdab.com\/wp-content\/uploads\/2013\/02\/Zerdab-350x232.jpg","datePublished":"2013-02-16T09:27:42+00:00","dateModified":"2013-02-16T10:06:17+00:00","author":{"@id":"https:\/\/www.zerdab.com\/#\/schema\/person\/97079b7570c1e89ec0d9e138c3672136"},"breadcrumb":{"@id":"https:\/\/www.zerdab.com\/?p=7388#breadcrumb"},"inLanguage":"az","potentialAction":[{"@type":"ReadAction","target":["https:\/\/www.zerdab.com\/?p=7388"]}]},{"@type":"ImageObject","inLanguage":"az","@id":"https:\/\/www.zerdab.com\/?p=7388#primaryimage","url":"","contentUrl":""},{"@type":"BreadcrumbList","@id":"https:\/\/www.zerdab.com\/?p=7388#breadcrumb","itemListElement":[{"@type":"ListItem","position":1,"name":"Home","item":"https:\/\/www.zerdab.com\/"},{"@type":"ListItem","position":2,"name":"Z\u0259rdab rayonunda tibb i\u015f\u00e7il\u0259ri il\u0259 g\u00f6r\u00fc\u015f ke\u00e7irildi &#8211; fotolar"}]},{"@type":"WebSite","@id":"https:\/\/www.zerdab.com\/#website","url":"https:\/\/www.zerdab.com\/","name":"Z\u0259rdab.com","description":"","potentialAction":[{"@type":"SearchAction","target":{"@type":"EntryPoint","urlTemplate":"https:\/\/www.zerdab.com\/?s={search_term_string}"},"query-input":{"@type":"PropertyValueSpecification","valueRequired":true,"valueName":"search_term_string"}}],"inLanguage":"az"},{"@type":"Person","@id":"https:\/\/www.zerdab.com\/#\/schema\/person\/97079b7570c1e89ec0d9e138c3672136","name":"admin","image":{"@type":"ImageObject","inLanguage":"az","@id":"https:\/\/www.zerdab.com\/#\/schema\/person\/image\/","url":"https:\/\/secure.gravatar.com\/avatar\/d9c52a9a27c32119cb6679a077fa3e2779e5f822c451cbf01098004361d466ec?s=96&d=mm&r=g","contentUrl":"https:\/\/secure.gravatar.com\/avatar\/d9c52a9a27c32119cb6679a077fa3e2779e5f822c451cbf01098004361d466ec?s=96&d=mm&r=g","caption":"admin"},"url":"https:\/\/www.zerdab.com\/?author=1"}]}},"_links":{"self":[{"href":"https:\/\/www.zerdab.com\/index.php?rest_route=\/wp\/v2\/posts\/7388","targetHints":{"allow":["GET"]}}],"collection":[{"href":"https:\/\/www.zerdab.com\/index.php?rest_route=\/wp\/v2\/posts"}],"about":[{"href":"https:\/\/www.zerdab.com\/index.php?rest_route=\/wp\/v2\/types\/post"}],"author":[{"embeddable":true,"href":"https:\/\/www.zerdab.com\/index.php?rest_route=\/wp\/v2\/users\/1"}],"replies":[{"embeddable":true,"href":"https:\/\/www.zerdab.com\/index.php?rest_route=%2Fwp%2Fv2%2Fcomments&post=7388"}],"version-history":[{"count":5,"href":"https:\/\/www.zerdab.com\/index.php?rest_route=\/wp\/v2\/posts\/7388\/revisions"}],"predecessor-version":[{"id":7398,"href":"https:\/\/www.zerdab.com\/index.php?rest_route=\/wp\/v2\/posts\/7388\/revisions\/7398"}],"wp:attachment":[{"href":"https:\/\/www.zerdab.com\/index.php?rest_route=%2Fwp%2Fv2%2Fmedia&parent=7388"}],"wp:term":[{"taxonomy":"category","embeddable":true,"href":"https:\/\/www.zerdab.com\/index.php?rest_route=%2Fwp%2Fv2%2Fcategories&post=7388"},{"taxonomy":"post_tag","embeddable":true,"href":"https:\/\/www.zerdab.com\/index.php?rest_route=%2Fwp%2Fv2%2Ftags&post=7388"}],"curies":[{"name":"wp","href":"https:\/\/api.w.org\/{rel}","templated":true}]}}