{"id":7404,"date":"2013-02-16T15:23:40","date_gmt":"2013-02-16T11:23:40","guid":{"rendered":"http:\/\/www.zerdab.com\/?p=7404"},"modified":"2013-02-16T15:24:17","modified_gmt":"2013-02-16T11:24:17","slug":"prezidentin-etimadini-dogrultmayanlarla-bagli-q%c9%99rar-q%c9%99bul-edil%c9%99c%c9%99k","status":"publish","type":"post","link":"https:\/\/www.zerdab.com\/?p=7404","title":{"rendered":"&#8220;Etimad\u0131 do\u011frultmayanlarla ba\u011fl\u0131 q\u0259rar q\u0259bul edil\u0259c\u0259k\u201d"},"content":{"rendered":"<div><b><i><img loading=\"lazy\" decoding=\"async\" class=\"aligncenter size-full wp-image-7405\" alt=\"\u018fli H\u0259s\u0259nov\" src=\"http:\/\/www.zerdab.com\/wp-content\/uploads\/2013\/02\/\u018fli-H\u0259s\u0259nov1.jpg\" width=\"300\" height=\"218\" \/>\u201c<\/i><\/b><span style=\"color: #ff0000;\"><strong><i>V\u0259zif\u0259sinin \u00f6hd\u0259sind\u0259n g\u0259l\u0259 bilm\u0259y\u0259nl\u0259r, prezidentin etimad\u0131n\u0131 itir\u0259n kadrlar bar\u0259sind\u0259 q\u0259rarlar q\u0259bul olunur\u201d<\/i><\/strong><\/span><\/div>\n<p>\u201cBundan sonra da prezidentin etimad\u0131n\u0131 do\u011frultmayan ist\u0259nil\u0259n kadrla ba\u011fl\u0131 m\u00fcvafiq q\u0259rar q\u0259bul edil\u0259c\u0259k\u201d.\u00a0<a href=\"http:\/\/apa.az\/\">APA<\/a>-n\u0131n m\u0259lumat\u0131na g\u00f6r\u0259, bunu Az\u0259rbaycan Prezident Administrasiyas\u0131 ictimai-siyasi m\u0259s\u0259l\u0259l\u0259r \u015f\u00f6b\u0259sinin m\u00fcdiri \u018fli H\u0259s\u0259nov deyib.<\/p>\n<p>Onun s\u00f6zl\u0259rin\u0259 g\u00f6r\u0259, prezident \u0130lham \u018fliyev sonuncu m\u00fc\u015favir\u0259d\u0259ki \u00e7\u0131x\u0131\u015f\u0131nda respublikada h\u0259yata ke\u00e7iril\u0259n quruculuq i\u015fl\u0259ri, b\u00fct\u00fcn sah\u0259l\u0259rd\u0259 ged\u0259n inki\u015fafla yana\u015f\u0131, b\u0259zi sah\u0259l\u0259rd\u0259ki n\u00f6qsanlar\u0131 da qeyd edib.<\/p>\n<p>\u201cM\u0259rk\u0259zi v\u0259 yerli icra hakimiyy\u0259ti orqanlar\u0131n\u0131n bir qisminin i\u015fini layiqinc\u0259 yerin\u0259 yetirm\u0259m\u0259si il\u0259 ba\u011fl\u0131 prezident k\u0259skin t\u0259nqidl\u0259r s\u0259sl\u0259ndirdi. D\u00fc\u015f\u00fcn\u00fcr\u0259m ki, b\u00fct\u00fcn d\u00f6vl\u0259t qulluq\u00e7ular\u0131, m\u0259rk\u0259zi v\u0259 yerli icra orqanlar\u0131n\u0131n r\u0259hb\u0259rl\u0259ri bu t\u0259nqidd\u0259n n\u0259tic\u0259l\u0259r \u00e7\u0131xaracaqlar. Art\u0131q bu istiqam\u0259td\u0259 laz\u0131mi add\u0131mlar at\u0131l\u0131r, v\u0259zif\u0259sinin \u00f6hd\u0259sind\u0259n g\u0259l\u0259 bilm\u0259y\u0259nl\u0259r, prezidentin etimad\u0131n\u0131 itirmi\u015f kadrlarla ba\u011fl\u0131 m\u0259lum q\u0259rarlar q\u0259bul olunub.<\/p>\n<p>Prezidentin etimad\u0131n\u0131 do\u011frultmayanlar haqq\u0131nda bel\u0259 q\u0259rarlar\u0131n q\u0259bulu bundan sonra da davam ed\u0259c\u0259k. Bu, b\u00fct\u00f6vl\u00fckd\u0259 Az\u0259rbaycan m\u0259murlar\u0131na, d\u00f6vl\u0259t qulluq\u00e7ular\u0131na x\u0259b\u0259rdarl\u0131q, prezident t\u0259r\u0259find\u0259n onlar\u0131n qar\u015f\u0131s\u0131nda qoyulmu\u015f \u0259sas v\u0259zif\u0259l\u0259rin yerin\u0259 yetirilm\u0259si istiqam\u0259tind\u0259 onlara \u00fcnvanlanm\u0131\u015f q\u0259tiyy\u0259tli t\u0259l\u0259b idi\u201d.<\/p>\n","protected":false},"excerpt":{"rendered":"<p>\u201cV\u0259zif\u0259sinin \u00f6hd\u0259sind\u0259n g\u0259l\u0259 bilm\u0259y\u0259nl\u0259r, prezidentin etimad\u0131n\u0131 itir\u0259n kadrlar bar\u0259sind\u0259 q\u0259rarlar q\u0259bul olunur\u201d \u201cBundan sonra da prezidentin etimad\u0131n\u0131 do\u011frultmayan ist\u0259nil\u0259n kadrla ba\u011fl\u0131 m\u00fcvafiq q\u0259rar q\u0259bul edil\u0259c\u0259k\u201d.\u00a0APA-n\u0131n m\u0259lumat\u0131na g\u00f6r\u0259, bunu Az\u0259rbaycan Prezident Administrasiyas\u0131 ictimai-siyasi m\u0259s\u0259l\u0259l\u0259r \u015f\u00f6b\u0259sinin m\u00fcdiri \u018fli H\u0259s\u0259nov deyib. Onun s\u00f6zl\u0259rin\u0259 g\u00f6r\u0259, prezident \u0130lham \u018fliyev sonuncu m\u00fc\u015favir\u0259d\u0259ki \u00e7\u0131x\u0131\u015f\u0131nda respublikada h\u0259yata ke\u00e7iril\u0259n quruculuq i\u015fl\u0259ri, b\u00fct\u00fcn sah\u0259l\u0259rd\u0259 ged\u0259n [&hellip;]<\/p>\n","protected":false},"author":1,"featured_media":0,"comment_status":"open","ping_status":"open","sticky":false,"template":"","format":"standard","meta":{"footnotes":""},"categories":[21],"tags":[],"class_list":{"0":"post-7404","1":"post","2":"type-post","3":"status-publish","4":"format-standard","6":"category-zrdab"},"yoast_head":"<!-- This site is optimized with the Yoast SEO plugin v27.0 - https:\/\/yoast.com\/product\/yoast-seo-wordpress\/ -->\n<title>&quot;Etimad\u0131 do\u011frultmayanlarla ba\u011fl\u0131 q\u0259rar q\u0259bul edil\u0259c\u0259k\u201d - Z\u0259rdab.com<\/title>\n<meta name=\"robots\" content=\"index, follow, max-snippet:-1, max-image-preview:large, max-video-preview:-1\" \/>\n<link rel=\"canonical\" href=\"https:\/\/www.zerdab.com\/?p=7404\" \/>\n<meta property=\"og:locale\" content=\"az_AZ\" \/>\n<meta property=\"og:type\" content=\"article\" \/>\n<meta property=\"og:title\" content=\"&quot;Etimad\u0131 do\u011frultmayanlarla ba\u011fl\u0131 q\u0259rar q\u0259bul edil\u0259c\u0259k\u201d - Z\u0259rdab.com\" \/>\n<meta property=\"og:description\" content=\"\u201cV\u0259zif\u0259sinin \u00f6hd\u0259sind\u0259n g\u0259l\u0259 bilm\u0259y\u0259nl\u0259r, prezidentin etimad\u0131n\u0131 itir\u0259n kadrlar bar\u0259sind\u0259 q\u0259rarlar q\u0259bul olunur\u201d \u201cBundan sonra da prezidentin etimad\u0131n\u0131 do\u011frultmayan ist\u0259nil\u0259n kadrla ba\u011fl\u0131 m\u00fcvafiq q\u0259rar q\u0259bul edil\u0259c\u0259k\u201d.\u00a0APA-n\u0131n m\u0259lumat\u0131na g\u00f6r\u0259, bunu Az\u0259rbaycan Prezident Administrasiyas\u0131 ictimai-siyasi m\u0259s\u0259l\u0259l\u0259r \u015f\u00f6b\u0259sinin m\u00fcdiri \u018fli H\u0259s\u0259nov deyib. Onun s\u00f6zl\u0259rin\u0259 g\u00f6r\u0259, prezident \u0130lham \u018fliyev sonuncu m\u00fc\u015favir\u0259d\u0259ki \u00e7\u0131x\u0131\u015f\u0131nda respublikada h\u0259yata ke\u00e7iril\u0259n quruculuq i\u015fl\u0259ri, b\u00fct\u00fcn sah\u0259l\u0259rd\u0259 ged\u0259n [&hellip;]\" \/>\n<meta property=\"og:url\" content=\"https:\/\/www.zerdab.com\/?p=7404\" \/>\n<meta property=\"og:site_name\" content=\"Z\u0259rdab.com\" \/>\n<meta property=\"article:published_time\" content=\"2013-02-16T11:23:40+00:00\" \/>\n<meta property=\"article:modified_time\" content=\"2013-02-16T11:24:17+00:00\" \/>\n<meta name=\"author\" content=\"admin\" \/>\n<meta name=\"twitter:card\" content=\"summary_large_image\" \/>\n<meta name=\"twitter:label1\" content=\"Written by\" \/>\n\t<meta name=\"twitter:data1\" content=\"admin\" \/>\n\t<meta name=\"twitter:label2\" content=\"Est. reading time\" \/>\n\t<meta name=\"twitter:data2\" content=\"1 minute\" \/>\n<script type=\"application\/ld+json\" class=\"yoast-schema-graph\">{\"@context\":\"https:\/\/schema.org\",\"@graph\":[{\"@type\":\"Article\",\"@id\":\"https:\/\/www.zerdab.com\/?p=7404#article\",\"isPartOf\":{\"@id\":\"https:\/\/www.zerdab.com\/?p=7404\"},\"author\":{\"name\":\"admin\",\"@id\":\"https:\/\/www.zerdab.com\/#\/schema\/person\/97079b7570c1e89ec0d9e138c3672136\"},\"headline\":\"&#8220;Etimad\u0131 do\u011frultmayanlarla ba\u011fl\u0131 q\u0259rar q\u0259bul edil\u0259c\u0259k\u201d\",\"datePublished\":\"2013-02-16T11:23:40+00:00\",\"dateModified\":\"2013-02-16T11:24:17+00:00\",\"mainEntityOfPage\":{\"@id\":\"https:\/\/www.zerdab.com\/?p=7404\"},\"wordCount\":310,\"commentCount\":0,\"articleSection\":[\"C\u018fM\u0130YY\u018fT\"],\"inLanguage\":\"az\",\"potentialAction\":[{\"@type\":\"CommentAction\",\"name\":\"Comment\",\"target\":[\"https:\/\/www.zerdab.com\/?p=7404#respond\"]}]},{\"@type\":\"WebPage\",\"@id\":\"https:\/\/www.zerdab.com\/?p=7404\",\"url\":\"https:\/\/www.zerdab.com\/?p=7404\",\"name\":\"\\\"Etimad\u0131 do\u011frultmayanlarla ba\u011fl\u0131 q\u0259rar q\u0259bul edil\u0259c\u0259k\u201d - Z\u0259rdab.com\",\"isPartOf\":{\"@id\":\"https:\/\/www.zerdab.com\/#website\"},\"datePublished\":\"2013-02-16T11:23:40+00:00\",\"dateModified\":\"2013-02-16T11:24:17+00:00\",\"author\":{\"@id\":\"https:\/\/www.zerdab.com\/#\/schema\/person\/97079b7570c1e89ec0d9e138c3672136\"},\"breadcrumb\":{\"@id\":\"https:\/\/www.zerdab.com\/?p=7404#breadcrumb\"},\"inLanguage\":\"az\",\"potentialAction\":[{\"@type\":\"ReadAction\",\"target\":[\"https:\/\/www.zerdab.com\/?p=7404\"]}]},{\"@type\":\"BreadcrumbList\",\"@id\":\"https:\/\/www.zerdab.com\/?p=7404#breadcrumb\",\"itemListElement\":[{\"@type\":\"ListItem\",\"position\":1,\"name\":\"Home\",\"item\":\"https:\/\/www.zerdab.com\/\"},{\"@type\":\"ListItem\",\"position\":2,\"name\":\"&#8220;Etimad\u0131 do\u011frultmayanlarla ba\u011fl\u0131 q\u0259rar q\u0259bul edil\u0259c\u0259k\u201d\"}]},{\"@type\":\"WebSite\",\"@id\":\"https:\/\/www.zerdab.com\/#website\",\"url\":\"https:\/\/www.zerdab.com\/\",\"name\":\"Z\u0259rdab.com\",\"description\":\"\",\"potentialAction\":[{\"@type\":\"SearchAction\",\"target\":{\"@type\":\"EntryPoint\",\"urlTemplate\":\"https:\/\/www.zerdab.com\/?s={search_term_string}\"},\"query-input\":{\"@type\":\"PropertyValueSpecification\",\"valueRequired\":true,\"valueName\":\"search_term_string\"}}],\"inLanguage\":\"az\"},{\"@type\":\"Person\",\"@id\":\"https:\/\/www.zerdab.com\/#\/schema\/person\/97079b7570c1e89ec0d9e138c3672136\",\"name\":\"admin\",\"image\":{\"@type\":\"ImageObject\",\"inLanguage\":\"az\",\"@id\":\"https:\/\/www.zerdab.com\/#\/schema\/person\/image\/\",\"url\":\"https:\/\/secure.gravatar.com\/avatar\/d9c52a9a27c32119cb6679a077fa3e2779e5f822c451cbf01098004361d466ec?s=96&d=mm&r=g\",\"contentUrl\":\"https:\/\/secure.gravatar.com\/avatar\/d9c52a9a27c32119cb6679a077fa3e2779e5f822c451cbf01098004361d466ec?s=96&d=mm&r=g\",\"caption\":\"admin\"},\"url\":\"https:\/\/www.zerdab.com\/?author=1\"}]}<\/script>\n<!-- \/ Yoast SEO plugin. -->","yoast_head_json":{"title":"\"Etimad\u0131 do\u011frultmayanlarla ba\u011fl\u0131 q\u0259rar q\u0259bul edil\u0259c\u0259k\u201d - Z\u0259rdab.com","robots":{"index":"index","follow":"follow","max-snippet":"max-snippet:-1","max-image-preview":"max-image-preview:large","max-video-preview":"max-video-preview:-1"},"canonical":"https:\/\/www.zerdab.com\/?p=7404","og_locale":"az_AZ","og_type":"article","og_title":"\"Etimad\u0131 do\u011frultmayanlarla ba\u011fl\u0131 q\u0259rar q\u0259bul edil\u0259c\u0259k\u201d - Z\u0259rdab.com","og_description":"\u201cV\u0259zif\u0259sinin \u00f6hd\u0259sind\u0259n g\u0259l\u0259 bilm\u0259y\u0259nl\u0259r, prezidentin etimad\u0131n\u0131 itir\u0259n kadrlar bar\u0259sind\u0259 q\u0259rarlar q\u0259bul olunur\u201d \u201cBundan sonra da prezidentin etimad\u0131n\u0131 do\u011frultmayan ist\u0259nil\u0259n kadrla ba\u011fl\u0131 m\u00fcvafiq q\u0259rar q\u0259bul edil\u0259c\u0259k\u201d.\u00a0APA-n\u0131n m\u0259lumat\u0131na g\u00f6r\u0259, bunu Az\u0259rbaycan Prezident Administrasiyas\u0131 ictimai-siyasi m\u0259s\u0259l\u0259l\u0259r \u015f\u00f6b\u0259sinin m\u00fcdiri \u018fli H\u0259s\u0259nov deyib. Onun s\u00f6zl\u0259rin\u0259 g\u00f6r\u0259, prezident \u0130lham \u018fliyev sonuncu m\u00fc\u015favir\u0259d\u0259ki \u00e7\u0131x\u0131\u015f\u0131nda respublikada h\u0259yata ke\u00e7iril\u0259n quruculuq i\u015fl\u0259ri, b\u00fct\u00fcn sah\u0259l\u0259rd\u0259 ged\u0259n [&hellip;]","og_url":"https:\/\/www.zerdab.com\/?p=7404","og_site_name":"Z\u0259rdab.com","article_published_time":"2013-02-16T11:23:40+00:00","article_modified_time":"2013-02-16T11:24:17+00:00","author":"admin","twitter_card":"summary_large_image","twitter_misc":{"Written by":"admin","Est. reading time":"1 minute"},"schema":{"@context":"https:\/\/schema.org","@graph":[{"@type":"Article","@id":"https:\/\/www.zerdab.com\/?p=7404#article","isPartOf":{"@id":"https:\/\/www.zerdab.com\/?p=7404"},"author":{"name":"admin","@id":"https:\/\/www.zerdab.com\/#\/schema\/person\/97079b7570c1e89ec0d9e138c3672136"},"headline":"&#8220;Etimad\u0131 do\u011frultmayanlarla ba\u011fl\u0131 q\u0259rar q\u0259bul edil\u0259c\u0259k\u201d","datePublished":"2013-02-16T11:23:40+00:00","dateModified":"2013-02-16T11:24:17+00:00","mainEntityOfPage":{"@id":"https:\/\/www.zerdab.com\/?p=7404"},"wordCount":310,"commentCount":0,"articleSection":["C\u018fM\u0130YY\u018fT"],"inLanguage":"az","potentialAction":[{"@type":"CommentAction","name":"Comment","target":["https:\/\/www.zerdab.com\/?p=7404#respond"]}]},{"@type":"WebPage","@id":"https:\/\/www.zerdab.com\/?p=7404","url":"https:\/\/www.zerdab.com\/?p=7404","name":"\"Etimad\u0131 do\u011frultmayanlarla ba\u011fl\u0131 q\u0259rar q\u0259bul edil\u0259c\u0259k\u201d - Z\u0259rdab.com","isPartOf":{"@id":"https:\/\/www.zerdab.com\/#website"},"datePublished":"2013-02-16T11:23:40+00:00","dateModified":"2013-02-16T11:24:17+00:00","author":{"@id":"https:\/\/www.zerdab.com\/#\/schema\/person\/97079b7570c1e89ec0d9e138c3672136"},"breadcrumb":{"@id":"https:\/\/www.zerdab.com\/?p=7404#breadcrumb"},"inLanguage":"az","potentialAction":[{"@type":"ReadAction","target":["https:\/\/www.zerdab.com\/?p=7404"]}]},{"@type":"BreadcrumbList","@id":"https:\/\/www.zerdab.com\/?p=7404#breadcrumb","itemListElement":[{"@type":"ListItem","position":1,"name":"Home","item":"https:\/\/www.zerdab.com\/"},{"@type":"ListItem","position":2,"name":"&#8220;Etimad\u0131 do\u011frultmayanlarla ba\u011fl\u0131 q\u0259rar q\u0259bul edil\u0259c\u0259k\u201d"}]},{"@type":"WebSite","@id":"https:\/\/www.zerdab.com\/#website","url":"https:\/\/www.zerdab.com\/","name":"Z\u0259rdab.com","description":"","potentialAction":[{"@type":"SearchAction","target":{"@type":"EntryPoint","urlTemplate":"https:\/\/www.zerdab.com\/?s={search_term_string}"},"query-input":{"@type":"PropertyValueSpecification","valueRequired":true,"valueName":"search_term_string"}}],"inLanguage":"az"},{"@type":"Person","@id":"https:\/\/www.zerdab.com\/#\/schema\/person\/97079b7570c1e89ec0d9e138c3672136","name":"admin","image":{"@type":"ImageObject","inLanguage":"az","@id":"https:\/\/www.zerdab.com\/#\/schema\/person\/image\/","url":"https:\/\/secure.gravatar.com\/avatar\/d9c52a9a27c32119cb6679a077fa3e2779e5f822c451cbf01098004361d466ec?s=96&d=mm&r=g","contentUrl":"https:\/\/secure.gravatar.com\/avatar\/d9c52a9a27c32119cb6679a077fa3e2779e5f822c451cbf01098004361d466ec?s=96&d=mm&r=g","caption":"admin"},"url":"https:\/\/www.zerdab.com\/?author=1"}]}},"_links":{"self":[{"href":"https:\/\/www.zerdab.com\/index.php?rest_route=\/wp\/v2\/posts\/7404","targetHints":{"allow":["GET"]}}],"collection":[{"href":"https:\/\/www.zerdab.com\/index.php?rest_route=\/wp\/v2\/posts"}],"about":[{"href":"https:\/\/www.zerdab.com\/index.php?rest_route=\/wp\/v2\/types\/post"}],"author":[{"embeddable":true,"href":"https:\/\/www.zerdab.com\/index.php?rest_route=\/wp\/v2\/users\/1"}],"replies":[{"embeddable":true,"href":"https:\/\/www.zerdab.com\/index.php?rest_route=%2Fwp%2Fv2%2Fcomments&post=7404"}],"version-history":[{"count":3,"href":"https:\/\/www.zerdab.com\/index.php?rest_route=\/wp\/v2\/posts\/7404\/revisions"}],"predecessor-version":[{"id":7408,"href":"https:\/\/www.zerdab.com\/index.php?rest_route=\/wp\/v2\/posts\/7404\/revisions\/7408"}],"wp:attachment":[{"href":"https:\/\/www.zerdab.com\/index.php?rest_route=%2Fwp%2Fv2%2Fmedia&parent=7404"}],"wp:term":[{"taxonomy":"category","embeddable":true,"href":"https:\/\/www.zerdab.com\/index.php?rest_route=%2Fwp%2Fv2%2Fcategories&post=7404"},{"taxonomy":"post_tag","embeddable":true,"href":"https:\/\/www.zerdab.com\/index.php?rest_route=%2Fwp%2Fv2%2Ftags&post=7404"}],"curies":[{"name":"wp","href":"https:\/\/api.w.org\/{rel}","templated":true}]}}