{"id":7422,"date":"2013-02-18T00:09:02","date_gmt":"2013-02-17T20:09:02","guid":{"rendered":"http:\/\/www.zerdab.com\/?p=7422"},"modified":"2013-04-11T22:40:07","modified_gmt":"2013-04-11T17:40:07","slug":"prezidentin-z%c9%99rdaba-ayirdigi-2-milyon-manat-hara-x%c9%99rcl%c9%99nib","status":"publish","type":"post","link":"https:\/\/www.zerdab.com\/?p=7422","title":{"rendered":"Prezidentin Z\u0259rdaba ay\u0131rd\u0131\u011f\u0131 2 milyon manat hara x\u0259rcl\u0259nib? &#8211; ekskl\u00fcziv"},"content":{"rendered":"<p><img loading=\"lazy\" decoding=\"async\" class=\"aligncenter size-full wp-image-7423\" alt=\"Zerdab.com\" src=\"http:\/\/www.zerdab.com\/wp-content\/uploads\/2013\/02\/Zerdab.com3_.jpg\" width=\"1024\" height=\"680\" \/><span style=\"color: #0000ff;\"><strong>Prezident \u0130lham \u018fliyev &#8220;Z\u0259rdab rayonunun sosial-iqtisadi inki\u015faf\u0131n\u0131n s\u00fcr\u0259tl\u0259ndirilm\u0259sin\u0259 dair \u0259lav\u0259 t\u0259dbirl\u0259r haqq\u0131nda&#8221; s\u0259r\u0259ncam imzalayandan sonra Z\u0259rdab rayonunda n\u0259 kimi i\u015fl\u0259r g\u00f6r\u00fcl\u00fcb? www.zerdab.com sayt\u0131 h\u0259r k\u0259si maraqland\u0131ran bu sualla ba\u011fl\u0131 ara\u015fd\u0131rma apar\u0131b v\u0259 maraql\u0131 m\u0259lumatlar ortaya \u00e7\u0131xar\u0131b. M\u0259lumat \u00fc\u00e7\u00fcn bildir\u0259k ki, s\u00f6z\u00fcged\u0259n s\u0259r\u0259ncam 2012-ci ilin oktyabr ay\u0131n\u0131n 15-d\u0259 imzalanm\u0131\u015fd\u0131.<\/strong><\/span><\/p>\n<p>Faktlara ke\u00e7m\u0259mi\u015fd\u0259n \u00f6nc\u0259 onu da \u0259lav\u0259 ed\u0259k ki, Prezidentin s\u00f6z\u00fcged\u0259n s\u0259r\u0259ncam\u0131nda qeyd olunur ki, &#8220;Az\u0259rbaycan Respublikas\u0131 regionlar\u0131n\u0131n 2009-2013-c\u00fc ill\u0259rd\u0259 sosial-iqtisadi inki\u015faf\u0131 D\u00f6vl\u0259t Proqram\u0131&#8221;n\u0131n icras\u0131 n\u0259tic\u0259sind\u0259 \u00f6lk\u0259nin b\u00fct\u00fcn b\u00f6lg\u0259l\u0259rind\u0259 oldu\u011fu kimi, Z\u0259rdab rayonunda da \u0259halini narahat ed\u0259n probleml\u0259rin h\u0259lli v\u0259 infrastruktur layih\u0259l\u0259rinin yerin\u0259 yetirilm\u0259si sah\u0259sind\u0259 m\u00fc\u0259yy\u0259n i\u015fl\u0259r g\u00f6r\u00fclm\u00fc\u015f, o c\u00fcml\u0259d\u0259n t\u0259hsil, s\u0259hiyy\u0259, m\u0259d\u0259niyy\u0259t v\u0259 dig\u0259r sosial y\u00f6n\u00fcml\u00fc obyektl\u0259r tikil\u0259r\u0259k istifad\u0259y\u0259 verilmi\u015f, yeni yollar \u00e7\u0259kilmi\u015f, abadl\u0131q-quruculuq i\u015fl\u0259ri h\u0259yata ke\u00e7irilmi\u015fdir.<\/p>\n<p>S\u0259n\u0259d\u0259 \u0259sas\u0259n, Z\u0259rdab \u015f\u0259h\u0259rind\u0259 abadl\u0131q-quruculuq i\u015fl\u0259rinin davam etdirilm\u0259si, &#8220;Az\u0259rbaycan Respublikas\u0131 regionlar\u0131n\u0131n 2009-2013-c\u00fc ill\u0259rd\u0259 sosial-iqtisadi inki\u015faf\u0131 D\u00f6vl\u0259t Proqram\u0131&#8221;nda rayon \u00fczr\u0259 m\u00fc\u0259yy\u0259n olunmu\u015f t\u0259dbirl\u0259rin h\u0259yata ke\u00e7irilm\u0259sinin s\u00fcr\u0259tl\u0259ndirilm\u0259si m\u0259qs\u0259di il\u0259 Z\u0259rdab Rayon \u0130cra Hakimiyy\u0259tin\u0259 Az\u0259rbaycan Respublikas\u0131n\u0131n 2012-ci il d\u00f6vl\u0259t b\u00fcdc\u0259sind\u0259 n\u0259z\u0259rd\u0259 tutulmu\u015f Az\u0259rbaycan Respublikas\u0131 Prezidentinin ehtiyat fondundan 2,0 (iki) milyon manat ayr\u0131l\u0131b.<\/p>\n<p>www.zerdab.com sayt\u0131na veril\u0259n m\u0259lumatda vur\u011fulan\u0131r ki, s\u0259r\u0259ncam\u0131n imzalanmas\u0131ndan sonra rayonda quruculuq, abadl\u0131q v\u0259 yenid\u0259nqurma i\u015fl\u0259ri daha da s\u00fcr\u0259tl\u0259nib. M\u0259lumatda haz\u0131rda rayonda g\u00f6r\u00fcl\u0259n i\u015fl\u0259r ard\u0131c\u0131ll\u0131qla qeyd olunub.<\/p>\n<p>M\u0259s\u0259l\u0259n, bildirilib ki, haz\u0131rda Z\u0259rdab \u015f\u0259h\u0259rinin m\u00fcxt\u0259lif istiqam\u0259tl\u0259rd\u0259 giri\u015fl\u0259rind\u0259 giri\u015f qap\u0131lar\u0131 tikilir. Bundan ba\u015fqa 100-\u0259 yax\u0131n ail\u0259nin m\u0259skunla\u015fd\u0131\u011f\u0131 27-ci ya\u015fay\u0131\u015f m\u0259h\u0259ll\u0259sin\u0259 6 metr enind\u0259 yeni yol sal\u0131n\u0131r.<\/p>\n<p>Haz\u0131rda Heyd\u0259r \u018fliyev park\u0131na yeni dekorativ da\u015flar d\u00fcz\u00fcl\u00fcr.<\/p>\n<p>&#8220;4 yol&#8221; adlanan \u0259razid\u0259 yenid\u0259nqurma v\u0259 abadl\u0131q i\u015fl\u0259ri s\u00fcr\u0259tl\u0259ndirilib.<\/p>\n<p>M\u0259lumatda \u015e\u0259hidl\u0259rin Xatir\u0259 Park\u0131n\u0131n haz\u0131rda \u0259sasl\u0131 t\u0259mir olundu\u011fu qeyd edilir.<\/p>\n<p>Bundan ba\u015fqa, 14 kommunal ya\u015fay\u0131\u015f binas\u0131n\u0131n dam \u00f6rt\u00fcy\u00fc d\u0259yi\u015fdirilir v\u0259 t\u0259mir i\u015fl\u0259ri apar\u0131l\u0131r.<\/p>\n<p>Bundan \u0259lav\u0259, haz\u0131rda Z\u0259rdab \u015f\u0259h\u0259r 3 sayl\u0131 u\u015faq ba\u011f\u00e7as\u0131 \u0259sasl\u0131 t\u0259mir olunur. K\u00f6rp\u0259l\u0259r evinin sanitar texniki qov\u015faqlar\u0131, elektrik x\u0259tl\u0259ri, qap\u0131 v\u0259 p\u0259nc\u0259r\u0259l\u0259ri, dam \u00f6rt\u00fcy\u00fc yenil\u0259nir.<\/p>\n<p>www.zerdab.com sayt\u0131na veril\u0259n m\u0259lumatda Qumlu ya\u015fay\u0131\u015f massivind\u0259 yeni i\u015f\u0131q dir\u0259kl\u0259rinin qura\u015fd\u0131r\u0131ld\u0131\u011f\u0131 da qeyd olunub. Qeyd ed\u0259k ki, Z\u0259rdab rayonunda g\u00f6r\u00fclm\u00fc\u015f, g\u00f6r\u00fcl\u0259n v\u0259 g\u00f6r\u00fcl\u0259c\u0259k i\u015fl\u0259rl\u0259 ba\u011fl\u0131 daha geni\u015f yaz\u0131 yax\u0131n g\u00fcnl\u0259rd\u0259 sayt\u0131m\u0131zda yay\u0131mlanacaq.<\/p>\n<p><strong>www.zerdab.com<\/strong><\/p>\n<p><span style=\"color: #0000ff;\"><strong>Diqq\u0259t: Yaz\u0131ya \u015f\u0259rh yazanlardan anonim adlardan istifad\u0259 etm\u0259m\u0259l\u0259ri xahi\u015f olunur.<\/strong><\/span><\/p>\n<p><img loading=\"lazy\" decoding=\"async\" class=\"aligncenter size-full wp-image-7424\" alt=\"Zerdab.com\" src=\"http:\/\/www.zerdab.com\/wp-content\/uploads\/2013\/02\/Zerdab.com2_.jpg\" width=\"1066\" height=\"800\" \/><\/p>\n","protected":false},"excerpt":{"rendered":"<p>Prezident \u0130lham \u018fliyev &#8220;Z\u0259rdab rayonunun sosial-iqtisadi inki\u015faf\u0131n\u0131n s\u00fcr\u0259tl\u0259ndirilm\u0259sin\u0259 dair \u0259lav\u0259 t\u0259dbirl\u0259r haqq\u0131nda&#8221; s\u0259r\u0259ncam imzalayandan sonra Z\u0259rdab rayonunda n\u0259 kimi i\u015fl\u0259r g\u00f6r\u00fcl\u00fcb? www.zerdab.com sayt\u0131 h\u0259r k\u0259si maraqland\u0131ran bu sualla ba\u011fl\u0131 ara\u015fd\u0131rma apar\u0131b v\u0259 maraql\u0131 m\u0259lumatlar ortaya \u00e7\u0131xar\u0131b. M\u0259lumat \u00fc\u00e7\u00fcn bildir\u0259k ki, s\u00f6z\u00fcged\u0259n s\u0259r\u0259ncam 2012-ci ilin oktyabr ay\u0131n\u0131n 15-d\u0259 imzalanm\u0131\u015fd\u0131. Faktlara ke\u00e7m\u0259mi\u015fd\u0259n \u00f6nc\u0259 onu da \u0259lav\u0259 ed\u0259k [&hellip;]<\/p>\n","protected":false},"author":1,"featured_media":0,"comment_status":"open","ping_status":"open","sticky":false,"template":"","format":"standard","meta":{"footnotes":""},"categories":[21],"tags":[],"class_list":{"0":"post-7422","1":"post","2":"type-post","3":"status-publish","4":"format-standard","6":"category-zrdab"},"yoast_head":"<!-- This site is optimized with the Yoast SEO plugin v27.0 - https:\/\/yoast.com\/product\/yoast-seo-wordpress\/ -->\n<title>Prezidentin Z\u0259rdaba ay\u0131rd\u0131\u011f\u0131 2 milyon manat hara x\u0259rcl\u0259nib? - ekskl\u00fcziv - Z\u0259rdab.com<\/title>\n<meta name=\"robots\" content=\"index, follow, max-snippet:-1, max-image-preview:large, max-video-preview:-1\" \/>\n<link rel=\"canonical\" href=\"https:\/\/www.zerdab.com\/?p=7422\" \/>\n<meta property=\"og:locale\" content=\"az_AZ\" \/>\n<meta property=\"og:type\" content=\"article\" \/>\n<meta property=\"og:title\" content=\"Prezidentin Z\u0259rdaba ay\u0131rd\u0131\u011f\u0131 2 milyon manat hara x\u0259rcl\u0259nib? - ekskl\u00fcziv - Z\u0259rdab.com\" \/>\n<meta property=\"og:description\" content=\"Prezident \u0130lham \u018fliyev &#8220;Z\u0259rdab rayonunun sosial-iqtisadi inki\u015faf\u0131n\u0131n s\u00fcr\u0259tl\u0259ndirilm\u0259sin\u0259 dair \u0259lav\u0259 t\u0259dbirl\u0259r haqq\u0131nda&#8221; s\u0259r\u0259ncam imzalayandan sonra Z\u0259rdab rayonunda n\u0259 kimi i\u015fl\u0259r g\u00f6r\u00fcl\u00fcb? www.zerdab.com sayt\u0131 h\u0259r k\u0259si maraqland\u0131ran bu sualla ba\u011fl\u0131 ara\u015fd\u0131rma apar\u0131b v\u0259 maraql\u0131 m\u0259lumatlar ortaya \u00e7\u0131xar\u0131b. M\u0259lumat \u00fc\u00e7\u00fcn bildir\u0259k ki, s\u00f6z\u00fcged\u0259n s\u0259r\u0259ncam 2012-ci ilin oktyabr ay\u0131n\u0131n 15-d\u0259 imzalanm\u0131\u015fd\u0131. Faktlara ke\u00e7m\u0259mi\u015fd\u0259n \u00f6nc\u0259 onu da \u0259lav\u0259 ed\u0259k [&hellip;]\" \/>\n<meta property=\"og:url\" content=\"https:\/\/www.zerdab.com\/?p=7422\" \/>\n<meta property=\"og:site_name\" content=\"Z\u0259rdab.com\" \/>\n<meta property=\"article:published_time\" content=\"2013-02-17T20:09:02+00:00\" \/>\n<meta property=\"article:modified_time\" content=\"2013-04-11T17:40:07+00:00\" \/>\n<meta property=\"og:image\" content=\"http:\/\/www.zerdab.com\/wp-content\/uploads\/2013\/02\/Zerdab.com3_.jpg\" \/>\n<meta name=\"author\" content=\"admin\" \/>\n<meta name=\"twitter:card\" content=\"summary_large_image\" \/>\n<meta name=\"twitter:label1\" content=\"Written by\" \/>\n\t<meta name=\"twitter:data1\" content=\"admin\" \/>\n\t<meta name=\"twitter:label2\" content=\"Est. reading time\" \/>\n\t<meta name=\"twitter:data2\" content=\"3 minutes\" \/>\n<script type=\"application\/ld+json\" class=\"yoast-schema-graph\">{\"@context\":\"https:\/\/schema.org\",\"@graph\":[{\"@type\":\"Article\",\"@id\":\"https:\/\/www.zerdab.com\/?p=7422#article\",\"isPartOf\":{\"@id\":\"https:\/\/www.zerdab.com\/?p=7422\"},\"author\":{\"name\":\"admin\",\"@id\":\"https:\/\/www.zerdab.com\/#\/schema\/person\/97079b7570c1e89ec0d9e138c3672136\"},\"headline\":\"Prezidentin Z\u0259rdaba ay\u0131rd\u0131\u011f\u0131 2 milyon manat hara x\u0259rcl\u0259nib? &#8211; ekskl\u00fcziv\",\"datePublished\":\"2013-02-17T20:09:02+00:00\",\"dateModified\":\"2013-04-11T17:40:07+00:00\",\"mainEntityOfPage\":{\"@id\":\"https:\/\/www.zerdab.com\/?p=7422\"},\"wordCount\":626,\"commentCount\":33,\"image\":{\"@id\":\"https:\/\/www.zerdab.com\/?p=7422#primaryimage\"},\"thumbnailUrl\":\"http:\/\/www.zerdab.com\/wp-content\/uploads\/2013\/02\/Zerdab.com3_.jpg\",\"articleSection\":[\"C\u018fM\u0130YY\u018fT\"],\"inLanguage\":\"az\",\"potentialAction\":[{\"@type\":\"CommentAction\",\"name\":\"Comment\",\"target\":[\"https:\/\/www.zerdab.com\/?p=7422#respond\"]}]},{\"@type\":\"WebPage\",\"@id\":\"https:\/\/www.zerdab.com\/?p=7422\",\"url\":\"https:\/\/www.zerdab.com\/?p=7422\",\"name\":\"Prezidentin Z\u0259rdaba ay\u0131rd\u0131\u011f\u0131 2 milyon manat hara x\u0259rcl\u0259nib? - ekskl\u00fcziv - Z\u0259rdab.com\",\"isPartOf\":{\"@id\":\"https:\/\/www.zerdab.com\/#website\"},\"primaryImageOfPage\":{\"@id\":\"https:\/\/www.zerdab.com\/?p=7422#primaryimage\"},\"image\":{\"@id\":\"https:\/\/www.zerdab.com\/?p=7422#primaryimage\"},\"thumbnailUrl\":\"http:\/\/www.zerdab.com\/wp-content\/uploads\/2013\/02\/Zerdab.com3_.jpg\",\"datePublished\":\"2013-02-17T20:09:02+00:00\",\"dateModified\":\"2013-04-11T17:40:07+00:00\",\"author\":{\"@id\":\"https:\/\/www.zerdab.com\/#\/schema\/person\/97079b7570c1e89ec0d9e138c3672136\"},\"breadcrumb\":{\"@id\":\"https:\/\/www.zerdab.com\/?p=7422#breadcrumb\"},\"inLanguage\":\"az\",\"potentialAction\":[{\"@type\":\"ReadAction\",\"target\":[\"https:\/\/www.zerdab.com\/?p=7422\"]}]},{\"@type\":\"ImageObject\",\"inLanguage\":\"az\",\"@id\":\"https:\/\/www.zerdab.com\/?p=7422#primaryimage\",\"url\":\"\",\"contentUrl\":\"\"},{\"@type\":\"BreadcrumbList\",\"@id\":\"https:\/\/www.zerdab.com\/?p=7422#breadcrumb\",\"itemListElement\":[{\"@type\":\"ListItem\",\"position\":1,\"name\":\"Home\",\"item\":\"https:\/\/www.zerdab.com\/\"},{\"@type\":\"ListItem\",\"position\":2,\"name\":\"Prezidentin Z\u0259rdaba ay\u0131rd\u0131\u011f\u0131 2 milyon manat hara x\u0259rcl\u0259nib? &#8211; ekskl\u00fcziv\"}]},{\"@type\":\"WebSite\",\"@id\":\"https:\/\/www.zerdab.com\/#website\",\"url\":\"https:\/\/www.zerdab.com\/\",\"name\":\"Z\u0259rdab.com\",\"description\":\"\",\"potentialAction\":[{\"@type\":\"SearchAction\",\"target\":{\"@type\":\"EntryPoint\",\"urlTemplate\":\"https:\/\/www.zerdab.com\/?s={search_term_string}\"},\"query-input\":{\"@type\":\"PropertyValueSpecification\",\"valueRequired\":true,\"valueName\":\"search_term_string\"}}],\"inLanguage\":\"az\"},{\"@type\":\"Person\",\"@id\":\"https:\/\/www.zerdab.com\/#\/schema\/person\/97079b7570c1e89ec0d9e138c3672136\",\"name\":\"admin\",\"image\":{\"@type\":\"ImageObject\",\"inLanguage\":\"az\",\"@id\":\"https:\/\/www.zerdab.com\/#\/schema\/person\/image\/\",\"url\":\"https:\/\/secure.gravatar.com\/avatar\/d9c52a9a27c32119cb6679a077fa3e2779e5f822c451cbf01098004361d466ec?s=96&d=mm&r=g\",\"contentUrl\":\"https:\/\/secure.gravatar.com\/avatar\/d9c52a9a27c32119cb6679a077fa3e2779e5f822c451cbf01098004361d466ec?s=96&d=mm&r=g\",\"caption\":\"admin\"},\"url\":\"https:\/\/www.zerdab.com\/?author=1\"}]}<\/script>\n<!-- \/ Yoast SEO plugin. -->","yoast_head_json":{"title":"Prezidentin Z\u0259rdaba ay\u0131rd\u0131\u011f\u0131 2 milyon manat hara x\u0259rcl\u0259nib? - ekskl\u00fcziv - Z\u0259rdab.com","robots":{"index":"index","follow":"follow","max-snippet":"max-snippet:-1","max-image-preview":"max-image-preview:large","max-video-preview":"max-video-preview:-1"},"canonical":"https:\/\/www.zerdab.com\/?p=7422","og_locale":"az_AZ","og_type":"article","og_title":"Prezidentin Z\u0259rdaba ay\u0131rd\u0131\u011f\u0131 2 milyon manat hara x\u0259rcl\u0259nib? - ekskl\u00fcziv - Z\u0259rdab.com","og_description":"Prezident \u0130lham \u018fliyev &#8220;Z\u0259rdab rayonunun sosial-iqtisadi inki\u015faf\u0131n\u0131n s\u00fcr\u0259tl\u0259ndirilm\u0259sin\u0259 dair \u0259lav\u0259 t\u0259dbirl\u0259r haqq\u0131nda&#8221; s\u0259r\u0259ncam imzalayandan sonra Z\u0259rdab rayonunda n\u0259 kimi i\u015fl\u0259r g\u00f6r\u00fcl\u00fcb? www.zerdab.com sayt\u0131 h\u0259r k\u0259si maraqland\u0131ran bu sualla ba\u011fl\u0131 ara\u015fd\u0131rma apar\u0131b v\u0259 maraql\u0131 m\u0259lumatlar ortaya \u00e7\u0131xar\u0131b. M\u0259lumat \u00fc\u00e7\u00fcn bildir\u0259k ki, s\u00f6z\u00fcged\u0259n s\u0259r\u0259ncam 2012-ci ilin oktyabr ay\u0131n\u0131n 15-d\u0259 imzalanm\u0131\u015fd\u0131. Faktlara ke\u00e7m\u0259mi\u015fd\u0259n \u00f6nc\u0259 onu da \u0259lav\u0259 ed\u0259k [&hellip;]","og_url":"https:\/\/www.zerdab.com\/?p=7422","og_site_name":"Z\u0259rdab.com","article_published_time":"2013-02-17T20:09:02+00:00","article_modified_time":"2013-04-11T17:40:07+00:00","og_image":[{"url":"http:\/\/www.zerdab.com\/wp-content\/uploads\/2013\/02\/Zerdab.com3_.jpg","type":"","width":"","height":""}],"author":"admin","twitter_card":"summary_large_image","twitter_misc":{"Written by":"admin","Est. reading time":"3 minutes"},"schema":{"@context":"https:\/\/schema.org","@graph":[{"@type":"Article","@id":"https:\/\/www.zerdab.com\/?p=7422#article","isPartOf":{"@id":"https:\/\/www.zerdab.com\/?p=7422"},"author":{"name":"admin","@id":"https:\/\/www.zerdab.com\/#\/schema\/person\/97079b7570c1e89ec0d9e138c3672136"},"headline":"Prezidentin Z\u0259rdaba ay\u0131rd\u0131\u011f\u0131 2 milyon manat hara x\u0259rcl\u0259nib? &#8211; ekskl\u00fcziv","datePublished":"2013-02-17T20:09:02+00:00","dateModified":"2013-04-11T17:40:07+00:00","mainEntityOfPage":{"@id":"https:\/\/www.zerdab.com\/?p=7422"},"wordCount":626,"commentCount":33,"image":{"@id":"https:\/\/www.zerdab.com\/?p=7422#primaryimage"},"thumbnailUrl":"http:\/\/www.zerdab.com\/wp-content\/uploads\/2013\/02\/Zerdab.com3_.jpg","articleSection":["C\u018fM\u0130YY\u018fT"],"inLanguage":"az","potentialAction":[{"@type":"CommentAction","name":"Comment","target":["https:\/\/www.zerdab.com\/?p=7422#respond"]}]},{"@type":"WebPage","@id":"https:\/\/www.zerdab.com\/?p=7422","url":"https:\/\/www.zerdab.com\/?p=7422","name":"Prezidentin Z\u0259rdaba ay\u0131rd\u0131\u011f\u0131 2 milyon manat hara x\u0259rcl\u0259nib? - ekskl\u00fcziv - Z\u0259rdab.com","isPartOf":{"@id":"https:\/\/www.zerdab.com\/#website"},"primaryImageOfPage":{"@id":"https:\/\/www.zerdab.com\/?p=7422#primaryimage"},"image":{"@id":"https:\/\/www.zerdab.com\/?p=7422#primaryimage"},"thumbnailUrl":"http:\/\/www.zerdab.com\/wp-content\/uploads\/2013\/02\/Zerdab.com3_.jpg","datePublished":"2013-02-17T20:09:02+00:00","dateModified":"2013-04-11T17:40:07+00:00","author":{"@id":"https:\/\/www.zerdab.com\/#\/schema\/person\/97079b7570c1e89ec0d9e138c3672136"},"breadcrumb":{"@id":"https:\/\/www.zerdab.com\/?p=7422#breadcrumb"},"inLanguage":"az","potentialAction":[{"@type":"ReadAction","target":["https:\/\/www.zerdab.com\/?p=7422"]}]},{"@type":"ImageObject","inLanguage":"az","@id":"https:\/\/www.zerdab.com\/?p=7422#primaryimage","url":"","contentUrl":""},{"@type":"BreadcrumbList","@id":"https:\/\/www.zerdab.com\/?p=7422#breadcrumb","itemListElement":[{"@type":"ListItem","position":1,"name":"Home","item":"https:\/\/www.zerdab.com\/"},{"@type":"ListItem","position":2,"name":"Prezidentin Z\u0259rdaba ay\u0131rd\u0131\u011f\u0131 2 milyon manat hara x\u0259rcl\u0259nib? &#8211; ekskl\u00fcziv"}]},{"@type":"WebSite","@id":"https:\/\/www.zerdab.com\/#website","url":"https:\/\/www.zerdab.com\/","name":"Z\u0259rdab.com","description":"","potentialAction":[{"@type":"SearchAction","target":{"@type":"EntryPoint","urlTemplate":"https:\/\/www.zerdab.com\/?s={search_term_string}"},"query-input":{"@type":"PropertyValueSpecification","valueRequired":true,"valueName":"search_term_string"}}],"inLanguage":"az"},{"@type":"Person","@id":"https:\/\/www.zerdab.com\/#\/schema\/person\/97079b7570c1e89ec0d9e138c3672136","name":"admin","image":{"@type":"ImageObject","inLanguage":"az","@id":"https:\/\/www.zerdab.com\/#\/schema\/person\/image\/","url":"https:\/\/secure.gravatar.com\/avatar\/d9c52a9a27c32119cb6679a077fa3e2779e5f822c451cbf01098004361d466ec?s=96&d=mm&r=g","contentUrl":"https:\/\/secure.gravatar.com\/avatar\/d9c52a9a27c32119cb6679a077fa3e2779e5f822c451cbf01098004361d466ec?s=96&d=mm&r=g","caption":"admin"},"url":"https:\/\/www.zerdab.com\/?author=1"}]}},"_links":{"self":[{"href":"https:\/\/www.zerdab.com\/index.php?rest_route=\/wp\/v2\/posts\/7422","targetHints":{"allow":["GET"]}}],"collection":[{"href":"https:\/\/www.zerdab.com\/index.php?rest_route=\/wp\/v2\/posts"}],"about":[{"href":"https:\/\/www.zerdab.com\/index.php?rest_route=\/wp\/v2\/types\/post"}],"author":[{"embeddable":true,"href":"https:\/\/www.zerdab.com\/index.php?rest_route=\/wp\/v2\/users\/1"}],"replies":[{"embeddable":true,"href":"https:\/\/www.zerdab.com\/index.php?rest_route=%2Fwp%2Fv2%2Fcomments&post=7422"}],"version-history":[{"count":7,"href":"https:\/\/www.zerdab.com\/index.php?rest_route=\/wp\/v2\/posts\/7422\/revisions"}],"predecessor-version":[{"id":8879,"href":"https:\/\/www.zerdab.com\/index.php?rest_route=\/wp\/v2\/posts\/7422\/revisions\/8879"}],"wp:attachment":[{"href":"https:\/\/www.zerdab.com\/index.php?rest_route=%2Fwp%2Fv2%2Fmedia&parent=7422"}],"wp:term":[{"taxonomy":"category","embeddable":true,"href":"https:\/\/www.zerdab.com\/index.php?rest_route=%2Fwp%2Fv2%2Fcategories&post=7422"},{"taxonomy":"post_tag","embeddable":true,"href":"https:\/\/www.zerdab.com\/index.php?rest_route=%2Fwp%2Fv2%2Ftags&post=7422"}],"curies":[{"name":"wp","href":"https:\/\/api.w.org\/{rel}","templated":true}]}}