{"id":7438,"date":"2013-02-19T13:27:33","date_gmt":"2013-02-19T09:27:33","guid":{"rendered":"http:\/\/www.zerdab.com\/?p=7438"},"modified":"2013-02-19T13:29:41","modified_gmt":"2013-02-19T09:29:41","slug":"z%c9%99rdab-rayonuna-prokuror-t%c9%99yin-edilib","status":"publish","type":"post","link":"https:\/\/www.zerdab.com\/?p=7438","title":{"rendered":"Z\u0259rdab rayonuna yeni prokuror t\u0259yin edildi"},"content":{"rendered":"<div>\n<figure id=\"attachment_7440\" aria-describedby=\"caption-attachment-7440\" style=\"width: 350px\" class=\"wp-caption aligncenter\"><img loading=\"lazy\" decoding=\"async\" class=\"size-medium wp-image-7440\" alt=\"Ba\u015f Prokuror Zakir Qaralov\" src=\"http:\/\/www.zerdab.com\/wp-content\/uploads\/2013\/02\/Zakir-Qaralov-imzalama-350x261.jpg\" width=\"350\" height=\"261\" \/><figcaption id=\"caption-attachment-7440\" class=\"wp-caption-text\"><span style=\"color: #0000ff;\"><strong>Ba\u015f Prokuror Zakir Qaralov<\/strong><\/span><\/figcaption><\/figure>\n<p>Z\u0259rdab rayonuna yeni prokuror t\u0259yin edilib.<strong> www.zerdab.com<\/strong> sayt\u0131n\u0131n yayd\u0131\u011f\u0131 m\u0259lumata g\u00f6r\u0259, Ba\u015f Prokuror Zakir Qaralovun imzalad\u0131\u011f\u0131 m\u00fcvafiq \u0259mr\u0259 \u0259sas\u0259n, \u00a0Z\u0259rdab rayon prokuroru v\u0259zif\u0259sini icra ed\u0259n B\u0259hruz \u0130brahimov\u00a0 h\u0259min v\u0259zif\u0259d\u0259n azad edil\u0259r\u0259k Lerik rayon prokuroru t\u0259yin edilib. Ba\u015f prokurorun imzalad\u0131\u011f\u0131 dig\u0259r \u0259mr\u0259 g\u00f6r\u0259, Z\u0259rdab rayon prokuroru v\u0259zif\u0259si Ba\u015f Prokurorlu\u011fun d\u00f6vl\u0259t ittiham\u0131n\u0131n m\u00fcdafi\u0259si \u00fczr\u0259 idar\u0259nin prokuroru S\u00fcleyman S\u00fcleymanova h\u0259val\u0259 edilib.<\/p>\n<\/div>\n<div><\/div>\n<div><strong>www.zerdab.com<\/strong><\/div>\n","protected":false},"excerpt":{"rendered":"<p>Z\u0259rdab rayonuna yeni prokuror t\u0259yin edilib. www.zerdab.com sayt\u0131n\u0131n yayd\u0131\u011f\u0131 m\u0259lumata g\u00f6r\u0259, Ba\u015f Prokuror Zakir Qaralovun imzalad\u0131\u011f\u0131 m\u00fcvafiq \u0259mr\u0259 \u0259sas\u0259n, \u00a0Z\u0259rdab rayon prokuroru v\u0259zif\u0259sini icra ed\u0259n B\u0259hruz \u0130brahimov\u00a0 h\u0259min v\u0259zif\u0259d\u0259n azad edil\u0259r\u0259k Lerik rayon prokuroru t\u0259yin edilib. Ba\u015f prokurorun imzalad\u0131\u011f\u0131 dig\u0259r \u0259mr\u0259 g\u00f6r\u0259, Z\u0259rdab rayon prokuroru v\u0259zif\u0259si Ba\u015f Prokurorlu\u011fun d\u00f6vl\u0259t ittiham\u0131n\u0131n m\u00fcdafi\u0259si \u00fczr\u0259 idar\u0259nin prokuroru S\u00fcleyman [&hellip;]<\/p>\n","protected":false},"author":1,"featured_media":0,"comment_status":"open","ping_status":"open","sticky":false,"template":"","format":"standard","meta":{"footnotes":""},"categories":[21],"tags":[],"class_list":{"0":"post-7438","1":"post","2":"type-post","3":"status-publish","4":"format-standard","6":"category-zrdab"},"yoast_head":"<!-- This site is optimized with the Yoast SEO plugin v27.0 - https:\/\/yoast.com\/product\/yoast-seo-wordpress\/ -->\n<title>Z\u0259rdab rayonuna yeni prokuror t\u0259yin edildi - Z\u0259rdab.com<\/title>\n<meta name=\"robots\" content=\"index, follow, max-snippet:-1, max-image-preview:large, max-video-preview:-1\" \/>\n<link rel=\"canonical\" href=\"https:\/\/www.zerdab.com\/?p=7438\" \/>\n<meta property=\"og:locale\" content=\"az_AZ\" \/>\n<meta property=\"og:type\" content=\"article\" \/>\n<meta property=\"og:title\" content=\"Z\u0259rdab rayonuna yeni prokuror t\u0259yin edildi - Z\u0259rdab.com\" \/>\n<meta property=\"og:description\" content=\"Z\u0259rdab rayonuna yeni prokuror t\u0259yin edilib. www.zerdab.com sayt\u0131n\u0131n yayd\u0131\u011f\u0131 m\u0259lumata g\u00f6r\u0259, Ba\u015f Prokuror Zakir Qaralovun imzalad\u0131\u011f\u0131 m\u00fcvafiq \u0259mr\u0259 \u0259sas\u0259n, \u00a0Z\u0259rdab rayon prokuroru v\u0259zif\u0259sini icra ed\u0259n B\u0259hruz \u0130brahimov\u00a0 h\u0259min v\u0259zif\u0259d\u0259n azad edil\u0259r\u0259k Lerik rayon prokuroru t\u0259yin edilib. Ba\u015f prokurorun imzalad\u0131\u011f\u0131 dig\u0259r \u0259mr\u0259 g\u00f6r\u0259, Z\u0259rdab rayon prokuroru v\u0259zif\u0259si Ba\u015f Prokurorlu\u011fun d\u00f6vl\u0259t ittiham\u0131n\u0131n m\u00fcdafi\u0259si \u00fczr\u0259 idar\u0259nin prokuroru S\u00fcleyman [&hellip;]\" \/>\n<meta property=\"og:url\" content=\"https:\/\/www.zerdab.com\/?p=7438\" \/>\n<meta property=\"og:site_name\" content=\"Z\u0259rdab.com\" \/>\n<meta property=\"article:published_time\" content=\"2013-02-19T09:27:33+00:00\" \/>\n<meta property=\"article:modified_time\" content=\"2013-02-19T09:29:41+00:00\" \/>\n<meta property=\"og:image\" content=\"http:\/\/www.zerdab.com\/wp-content\/uploads\/2013\/02\/Zakir-Qaralov-imzalama-350x261.jpg\" \/>\n<meta name=\"author\" content=\"admin\" \/>\n<meta name=\"twitter:card\" content=\"summary_large_image\" \/>\n<meta name=\"twitter:label1\" content=\"Written by\" \/>\n\t<meta name=\"twitter:data1\" content=\"admin\" \/>\n\t<meta name=\"twitter:label2\" content=\"Est. reading time\" \/>\n\t<meta name=\"twitter:data2\" content=\"1 minute\" \/>\n<script type=\"application\/ld+json\" class=\"yoast-schema-graph\">{\"@context\":\"https:\/\/schema.org\",\"@graph\":[{\"@type\":\"Article\",\"@id\":\"https:\/\/www.zerdab.com\/?p=7438#article\",\"isPartOf\":{\"@id\":\"https:\/\/www.zerdab.com\/?p=7438\"},\"author\":{\"name\":\"admin\",\"@id\":\"https:\/\/www.zerdab.com\/#\/schema\/person\/97079b7570c1e89ec0d9e138c3672136\"},\"headline\":\"Z\u0259rdab rayonuna yeni prokuror t\u0259yin edildi\",\"datePublished\":\"2013-02-19T09:27:33+00:00\",\"dateModified\":\"2013-02-19T09:29:41+00:00\",\"mainEntityOfPage\":{\"@id\":\"https:\/\/www.zerdab.com\/?p=7438\"},\"wordCount\":118,\"commentCount\":0,\"image\":{\"@id\":\"https:\/\/www.zerdab.com\/?p=7438#primaryimage\"},\"thumbnailUrl\":\"http:\/\/www.zerdab.com\/wp-content\/uploads\/2013\/02\/Zakir-Qaralov-imzalama-350x261.jpg\",\"articleSection\":[\"C\u018fM\u0130YY\u018fT\"],\"inLanguage\":\"az\",\"potentialAction\":[{\"@type\":\"CommentAction\",\"name\":\"Comment\",\"target\":[\"https:\/\/www.zerdab.com\/?p=7438#respond\"]}]},{\"@type\":\"WebPage\",\"@id\":\"https:\/\/www.zerdab.com\/?p=7438\",\"url\":\"https:\/\/www.zerdab.com\/?p=7438\",\"name\":\"Z\u0259rdab rayonuna yeni prokuror t\u0259yin edildi - Z\u0259rdab.com\",\"isPartOf\":{\"@id\":\"https:\/\/www.zerdab.com\/#website\"},\"primaryImageOfPage\":{\"@id\":\"https:\/\/www.zerdab.com\/?p=7438#primaryimage\"},\"image\":{\"@id\":\"https:\/\/www.zerdab.com\/?p=7438#primaryimage\"},\"thumbnailUrl\":\"http:\/\/www.zerdab.com\/wp-content\/uploads\/2013\/02\/Zakir-Qaralov-imzalama-350x261.jpg\",\"datePublished\":\"2013-02-19T09:27:33+00:00\",\"dateModified\":\"2013-02-19T09:29:41+00:00\",\"author\":{\"@id\":\"https:\/\/www.zerdab.com\/#\/schema\/person\/97079b7570c1e89ec0d9e138c3672136\"},\"breadcrumb\":{\"@id\":\"https:\/\/www.zerdab.com\/?p=7438#breadcrumb\"},\"inLanguage\":\"az\",\"potentialAction\":[{\"@type\":\"ReadAction\",\"target\":[\"https:\/\/www.zerdab.com\/?p=7438\"]}]},{\"@type\":\"ImageObject\",\"inLanguage\":\"az\",\"@id\":\"https:\/\/www.zerdab.com\/?p=7438#primaryimage\",\"url\":\"\",\"contentUrl\":\"\"},{\"@type\":\"BreadcrumbList\",\"@id\":\"https:\/\/www.zerdab.com\/?p=7438#breadcrumb\",\"itemListElement\":[{\"@type\":\"ListItem\",\"position\":1,\"name\":\"Home\",\"item\":\"https:\/\/www.zerdab.com\/\"},{\"@type\":\"ListItem\",\"position\":2,\"name\":\"Z\u0259rdab rayonuna yeni prokuror t\u0259yin edildi\"}]},{\"@type\":\"WebSite\",\"@id\":\"https:\/\/www.zerdab.com\/#website\",\"url\":\"https:\/\/www.zerdab.com\/\",\"name\":\"Z\u0259rdab.com\",\"description\":\"\",\"potentialAction\":[{\"@type\":\"SearchAction\",\"target\":{\"@type\":\"EntryPoint\",\"urlTemplate\":\"https:\/\/www.zerdab.com\/?s={search_term_string}\"},\"query-input\":{\"@type\":\"PropertyValueSpecification\",\"valueRequired\":true,\"valueName\":\"search_term_string\"}}],\"inLanguage\":\"az\"},{\"@type\":\"Person\",\"@id\":\"https:\/\/www.zerdab.com\/#\/schema\/person\/97079b7570c1e89ec0d9e138c3672136\",\"name\":\"admin\",\"image\":{\"@type\":\"ImageObject\",\"inLanguage\":\"az\",\"@id\":\"https:\/\/www.zerdab.com\/#\/schema\/person\/image\/\",\"url\":\"https:\/\/secure.gravatar.com\/avatar\/d9c52a9a27c32119cb6679a077fa3e2779e5f822c451cbf01098004361d466ec?s=96&d=mm&r=g\",\"contentUrl\":\"https:\/\/secure.gravatar.com\/avatar\/d9c52a9a27c32119cb6679a077fa3e2779e5f822c451cbf01098004361d466ec?s=96&d=mm&r=g\",\"caption\":\"admin\"},\"url\":\"https:\/\/www.zerdab.com\/?author=1\"}]}<\/script>\n<!-- \/ Yoast SEO plugin. -->","yoast_head_json":{"title":"Z\u0259rdab rayonuna yeni prokuror t\u0259yin edildi - Z\u0259rdab.com","robots":{"index":"index","follow":"follow","max-snippet":"max-snippet:-1","max-image-preview":"max-image-preview:large","max-video-preview":"max-video-preview:-1"},"canonical":"https:\/\/www.zerdab.com\/?p=7438","og_locale":"az_AZ","og_type":"article","og_title":"Z\u0259rdab rayonuna yeni prokuror t\u0259yin edildi - Z\u0259rdab.com","og_description":"Z\u0259rdab rayonuna yeni prokuror t\u0259yin edilib. www.zerdab.com sayt\u0131n\u0131n yayd\u0131\u011f\u0131 m\u0259lumata g\u00f6r\u0259, Ba\u015f Prokuror Zakir Qaralovun imzalad\u0131\u011f\u0131 m\u00fcvafiq \u0259mr\u0259 \u0259sas\u0259n, \u00a0Z\u0259rdab rayon prokuroru v\u0259zif\u0259sini icra ed\u0259n B\u0259hruz \u0130brahimov\u00a0 h\u0259min v\u0259zif\u0259d\u0259n azad edil\u0259r\u0259k Lerik rayon prokuroru t\u0259yin edilib. Ba\u015f prokurorun imzalad\u0131\u011f\u0131 dig\u0259r \u0259mr\u0259 g\u00f6r\u0259, Z\u0259rdab rayon prokuroru v\u0259zif\u0259si Ba\u015f Prokurorlu\u011fun d\u00f6vl\u0259t ittiham\u0131n\u0131n m\u00fcdafi\u0259si \u00fczr\u0259 idar\u0259nin prokuroru S\u00fcleyman [&hellip;]","og_url":"https:\/\/www.zerdab.com\/?p=7438","og_site_name":"Z\u0259rdab.com","article_published_time":"2013-02-19T09:27:33+00:00","article_modified_time":"2013-02-19T09:29:41+00:00","og_image":[{"url":"http:\/\/www.zerdab.com\/wp-content\/uploads\/2013\/02\/Zakir-Qaralov-imzalama-350x261.jpg","type":"","width":"","height":""}],"author":"admin","twitter_card":"summary_large_image","twitter_misc":{"Written by":"admin","Est. reading time":"1 minute"},"schema":{"@context":"https:\/\/schema.org","@graph":[{"@type":"Article","@id":"https:\/\/www.zerdab.com\/?p=7438#article","isPartOf":{"@id":"https:\/\/www.zerdab.com\/?p=7438"},"author":{"name":"admin","@id":"https:\/\/www.zerdab.com\/#\/schema\/person\/97079b7570c1e89ec0d9e138c3672136"},"headline":"Z\u0259rdab rayonuna yeni prokuror t\u0259yin edildi","datePublished":"2013-02-19T09:27:33+00:00","dateModified":"2013-02-19T09:29:41+00:00","mainEntityOfPage":{"@id":"https:\/\/www.zerdab.com\/?p=7438"},"wordCount":118,"commentCount":0,"image":{"@id":"https:\/\/www.zerdab.com\/?p=7438#primaryimage"},"thumbnailUrl":"http:\/\/www.zerdab.com\/wp-content\/uploads\/2013\/02\/Zakir-Qaralov-imzalama-350x261.jpg","articleSection":["C\u018fM\u0130YY\u018fT"],"inLanguage":"az","potentialAction":[{"@type":"CommentAction","name":"Comment","target":["https:\/\/www.zerdab.com\/?p=7438#respond"]}]},{"@type":"WebPage","@id":"https:\/\/www.zerdab.com\/?p=7438","url":"https:\/\/www.zerdab.com\/?p=7438","name":"Z\u0259rdab rayonuna yeni prokuror t\u0259yin edildi - Z\u0259rdab.com","isPartOf":{"@id":"https:\/\/www.zerdab.com\/#website"},"primaryImageOfPage":{"@id":"https:\/\/www.zerdab.com\/?p=7438#primaryimage"},"image":{"@id":"https:\/\/www.zerdab.com\/?p=7438#primaryimage"},"thumbnailUrl":"http:\/\/www.zerdab.com\/wp-content\/uploads\/2013\/02\/Zakir-Qaralov-imzalama-350x261.jpg","datePublished":"2013-02-19T09:27:33+00:00","dateModified":"2013-02-19T09:29:41+00:00","author":{"@id":"https:\/\/www.zerdab.com\/#\/schema\/person\/97079b7570c1e89ec0d9e138c3672136"},"breadcrumb":{"@id":"https:\/\/www.zerdab.com\/?p=7438#breadcrumb"},"inLanguage":"az","potentialAction":[{"@type":"ReadAction","target":["https:\/\/www.zerdab.com\/?p=7438"]}]},{"@type":"ImageObject","inLanguage":"az","@id":"https:\/\/www.zerdab.com\/?p=7438#primaryimage","url":"","contentUrl":""},{"@type":"BreadcrumbList","@id":"https:\/\/www.zerdab.com\/?p=7438#breadcrumb","itemListElement":[{"@type":"ListItem","position":1,"name":"Home","item":"https:\/\/www.zerdab.com\/"},{"@type":"ListItem","position":2,"name":"Z\u0259rdab rayonuna yeni prokuror t\u0259yin edildi"}]},{"@type":"WebSite","@id":"https:\/\/www.zerdab.com\/#website","url":"https:\/\/www.zerdab.com\/","name":"Z\u0259rdab.com","description":"","potentialAction":[{"@type":"SearchAction","target":{"@type":"EntryPoint","urlTemplate":"https:\/\/www.zerdab.com\/?s={search_term_string}"},"query-input":{"@type":"PropertyValueSpecification","valueRequired":true,"valueName":"search_term_string"}}],"inLanguage":"az"},{"@type":"Person","@id":"https:\/\/www.zerdab.com\/#\/schema\/person\/97079b7570c1e89ec0d9e138c3672136","name":"admin","image":{"@type":"ImageObject","inLanguage":"az","@id":"https:\/\/www.zerdab.com\/#\/schema\/person\/image\/","url":"https:\/\/secure.gravatar.com\/avatar\/d9c52a9a27c32119cb6679a077fa3e2779e5f822c451cbf01098004361d466ec?s=96&d=mm&r=g","contentUrl":"https:\/\/secure.gravatar.com\/avatar\/d9c52a9a27c32119cb6679a077fa3e2779e5f822c451cbf01098004361d466ec?s=96&d=mm&r=g","caption":"admin"},"url":"https:\/\/www.zerdab.com\/?author=1"}]}},"_links":{"self":[{"href":"https:\/\/www.zerdab.com\/index.php?rest_route=\/wp\/v2\/posts\/7438","targetHints":{"allow":["GET"]}}],"collection":[{"href":"https:\/\/www.zerdab.com\/index.php?rest_route=\/wp\/v2\/posts"}],"about":[{"href":"https:\/\/www.zerdab.com\/index.php?rest_route=\/wp\/v2\/types\/post"}],"author":[{"embeddable":true,"href":"https:\/\/www.zerdab.com\/index.php?rest_route=\/wp\/v2\/users\/1"}],"replies":[{"embeddable":true,"href":"https:\/\/www.zerdab.com\/index.php?rest_route=%2Fwp%2Fv2%2Fcomments&post=7438"}],"version-history":[{"count":4,"href":"https:\/\/www.zerdab.com\/index.php?rest_route=\/wp\/v2\/posts\/7438\/revisions"}],"predecessor-version":[{"id":7443,"href":"https:\/\/www.zerdab.com\/index.php?rest_route=\/wp\/v2\/posts\/7438\/revisions\/7443"}],"wp:attachment":[{"href":"https:\/\/www.zerdab.com\/index.php?rest_route=%2Fwp%2Fv2%2Fmedia&parent=7438"}],"wp:term":[{"taxonomy":"category","embeddable":true,"href":"https:\/\/www.zerdab.com\/index.php?rest_route=%2Fwp%2Fv2%2Fcategories&post=7438"},{"taxonomy":"post_tag","embeddable":true,"href":"https:\/\/www.zerdab.com\/index.php?rest_route=%2Fwp%2Fv2%2Ftags&post=7438"}],"curies":[{"name":"wp","href":"https:\/\/api.w.org\/{rel}","templated":true}]}}