{"id":7447,"date":"2013-02-19T19:09:27","date_gmt":"2013-02-19T15:09:27","guid":{"rendered":"http:\/\/www.zerdab.com\/?p=7447"},"modified":"2013-02-19T19:14:55","modified_gmt":"2013-02-19T15:14:55","slug":"z%c9%99rdab-rayonunun-qaz-t%c9%99chizatinda-m%c9%99hdudiyy%c9%99t-olacaq","status":"publish","type":"post","link":"https:\/\/www.zerdab.com\/?p=7447","title":{"rendered":"Z\u0259rdab rayonunun qaz t\u0259chizat\u0131nda m\u0259hdudiyy\u0259t olacaq"},"content":{"rendered":"<p><strong>Fevral\u0131n 20-d\u0259 Z\u0259rdab rayonunun qaz t\u0259chizat\u0131nda m\u0259hdudiyy\u0259t olacaq.\u00a0<\/strong> T\u0259mir i\u015fl\u0259ri il\u0259 \u0259laq\u0259dar olaraq 20 fevral 2013-c\u00fc il tarixd\u0259 saat 8-d\u0259n &#8220;Ucar&#8221;, &#8220;L\u0259k&#8221;, &#8220;Z\u0259rdab&#8221; v\u0259 &#8220;G\u00f6y\u00e7ay-2&#8221; qazpaylay\u0131c\u0131 stansiyalar\u0131ndan t\u0259bii qaz t\u0259chizat\u0131 dayand\u0131r\u0131lacaq.<\/p>\n<p>T\u0259mir i\u015fl\u0259ri apar\u0131lan m\u00fcdd\u0259td\u0259\u00a0 Z\u0259rdab rayonunun ya\u015fay\u0131\u015f m\u0259nt\u0259q\u0259l\u0259rin\u0259 t\u0259bii qaz\u0131n verili\u015find\u0259 fasil\u0259l\u0259r yaranacaq.<\/p>\n<p><strong>www.zerdab.com<\/strong><\/p>\n","protected":false},"excerpt":{"rendered":"<p>Fevral\u0131n 20-d\u0259 Z\u0259rdab rayonunun qaz t\u0259chizat\u0131nda m\u0259hdudiyy\u0259t olacaq.\u00a0 T\u0259mir i\u015fl\u0259ri il\u0259 \u0259laq\u0259dar olaraq 20 fevral 2013-c\u00fc il tarixd\u0259 saat 8-d\u0259n &#8220;Ucar&#8221;, &#8220;L\u0259k&#8221;, &#8220;Z\u0259rdab&#8221; v\u0259 &#8220;G\u00f6y\u00e7ay-2&#8221; qazpaylay\u0131c\u0131 stansiyalar\u0131ndan t\u0259bii qaz t\u0259chizat\u0131 dayand\u0131r\u0131lacaq. T\u0259mir i\u015fl\u0259ri apar\u0131lan m\u00fcdd\u0259td\u0259\u00a0 Z\u0259rdab rayonunun ya\u015fay\u0131\u015f m\u0259nt\u0259q\u0259l\u0259rin\u0259 t\u0259bii qaz\u0131n verili\u015find\u0259 fasil\u0259l\u0259r yaranacaq. www.zerdab.com<\/p>\n","protected":false},"author":1,"featured_media":0,"comment_status":"open","ping_status":"open","sticky":false,"template":"","format":"standard","meta":{"footnotes":""},"categories":[21],"tags":[],"class_list":{"0":"post-7447","1":"post","2":"type-post","3":"status-publish","4":"format-standard","6":"category-zrdab"},"yoast_head":"<!-- This site is optimized with the Yoast SEO plugin v27.0 - https:\/\/yoast.com\/product\/yoast-seo-wordpress\/ -->\n<title>Z\u0259rdab rayonunun qaz t\u0259chizat\u0131nda m\u0259hdudiyy\u0259t olacaq - Z\u0259rdab.com<\/title>\n<meta name=\"robots\" content=\"index, follow, max-snippet:-1, max-image-preview:large, max-video-preview:-1\" \/>\n<link rel=\"canonical\" href=\"https:\/\/www.zerdab.com\/?p=7447\" \/>\n<meta property=\"og:locale\" content=\"az_AZ\" \/>\n<meta property=\"og:type\" content=\"article\" \/>\n<meta property=\"og:title\" content=\"Z\u0259rdab rayonunun qaz t\u0259chizat\u0131nda m\u0259hdudiyy\u0259t olacaq - Z\u0259rdab.com\" \/>\n<meta property=\"og:description\" content=\"Fevral\u0131n 20-d\u0259 Z\u0259rdab rayonunun qaz t\u0259chizat\u0131nda m\u0259hdudiyy\u0259t olacaq.\u00a0 T\u0259mir i\u015fl\u0259ri il\u0259 \u0259laq\u0259dar olaraq 20 fevral 2013-c\u00fc il tarixd\u0259 saat 8-d\u0259n &#8220;Ucar&#8221;, &#8220;L\u0259k&#8221;, &#8220;Z\u0259rdab&#8221; v\u0259 &#8220;G\u00f6y\u00e7ay-2&#8221; qazpaylay\u0131c\u0131 stansiyalar\u0131ndan t\u0259bii qaz t\u0259chizat\u0131 dayand\u0131r\u0131lacaq. T\u0259mir i\u015fl\u0259ri apar\u0131lan m\u00fcdd\u0259td\u0259\u00a0 Z\u0259rdab rayonunun ya\u015fay\u0131\u015f m\u0259nt\u0259q\u0259l\u0259rin\u0259 t\u0259bii qaz\u0131n verili\u015find\u0259 fasil\u0259l\u0259r yaranacaq. www.zerdab.com\" \/>\n<meta property=\"og:url\" content=\"https:\/\/www.zerdab.com\/?p=7447\" \/>\n<meta property=\"og:site_name\" content=\"Z\u0259rdab.com\" \/>\n<meta property=\"article:published_time\" content=\"2013-02-19T15:09:27+00:00\" \/>\n<meta property=\"article:modified_time\" content=\"2013-02-19T15:14:55+00:00\" \/>\n<meta name=\"author\" content=\"admin\" \/>\n<meta name=\"twitter:card\" content=\"summary_large_image\" \/>\n<meta name=\"twitter:label1\" content=\"Written by\" \/>\n\t<meta name=\"twitter:data1\" content=\"admin\" \/>\n<script type=\"application\/ld+json\" class=\"yoast-schema-graph\">{\"@context\":\"https:\/\/schema.org\",\"@graph\":[{\"@type\":\"Article\",\"@id\":\"https:\/\/www.zerdab.com\/?p=7447#article\",\"isPartOf\":{\"@id\":\"https:\/\/www.zerdab.com\/?p=7447\"},\"author\":{\"name\":\"admin\",\"@id\":\"https:\/\/www.zerdab.com\/#\/schema\/person\/97079b7570c1e89ec0d9e138c3672136\"},\"headline\":\"Z\u0259rdab rayonunun qaz t\u0259chizat\u0131nda m\u0259hdudiyy\u0259t olacaq\",\"datePublished\":\"2013-02-19T15:09:27+00:00\",\"dateModified\":\"2013-02-19T15:14:55+00:00\",\"mainEntityOfPage\":{\"@id\":\"https:\/\/www.zerdab.com\/?p=7447\"},\"wordCount\":95,\"commentCount\":1,\"articleSection\":[\"C\u018fM\u0130YY\u018fT\"],\"inLanguage\":\"az\",\"potentialAction\":[{\"@type\":\"CommentAction\",\"name\":\"Comment\",\"target\":[\"https:\/\/www.zerdab.com\/?p=7447#respond\"]}]},{\"@type\":\"WebPage\",\"@id\":\"https:\/\/www.zerdab.com\/?p=7447\",\"url\":\"https:\/\/www.zerdab.com\/?p=7447\",\"name\":\"Z\u0259rdab rayonunun qaz t\u0259chizat\u0131nda m\u0259hdudiyy\u0259t olacaq - Z\u0259rdab.com\",\"isPartOf\":{\"@id\":\"https:\/\/www.zerdab.com\/#website\"},\"datePublished\":\"2013-02-19T15:09:27+00:00\",\"dateModified\":\"2013-02-19T15:14:55+00:00\",\"author\":{\"@id\":\"https:\/\/www.zerdab.com\/#\/schema\/person\/97079b7570c1e89ec0d9e138c3672136\"},\"breadcrumb\":{\"@id\":\"https:\/\/www.zerdab.com\/?p=7447#breadcrumb\"},\"inLanguage\":\"az\",\"potentialAction\":[{\"@type\":\"ReadAction\",\"target\":[\"https:\/\/www.zerdab.com\/?p=7447\"]}]},{\"@type\":\"BreadcrumbList\",\"@id\":\"https:\/\/www.zerdab.com\/?p=7447#breadcrumb\",\"itemListElement\":[{\"@type\":\"ListItem\",\"position\":1,\"name\":\"Home\",\"item\":\"https:\/\/www.zerdab.com\/\"},{\"@type\":\"ListItem\",\"position\":2,\"name\":\"Z\u0259rdab rayonunun qaz t\u0259chizat\u0131nda m\u0259hdudiyy\u0259t olacaq\"}]},{\"@type\":\"WebSite\",\"@id\":\"https:\/\/www.zerdab.com\/#website\",\"url\":\"https:\/\/www.zerdab.com\/\",\"name\":\"Z\u0259rdab.com\",\"description\":\"\",\"potentialAction\":[{\"@type\":\"SearchAction\",\"target\":{\"@type\":\"EntryPoint\",\"urlTemplate\":\"https:\/\/www.zerdab.com\/?s={search_term_string}\"},\"query-input\":{\"@type\":\"PropertyValueSpecification\",\"valueRequired\":true,\"valueName\":\"search_term_string\"}}],\"inLanguage\":\"az\"},{\"@type\":\"Person\",\"@id\":\"https:\/\/www.zerdab.com\/#\/schema\/person\/97079b7570c1e89ec0d9e138c3672136\",\"name\":\"admin\",\"image\":{\"@type\":\"ImageObject\",\"inLanguage\":\"az\",\"@id\":\"https:\/\/www.zerdab.com\/#\/schema\/person\/image\/\",\"url\":\"https:\/\/secure.gravatar.com\/avatar\/d9c52a9a27c32119cb6679a077fa3e2779e5f822c451cbf01098004361d466ec?s=96&d=mm&r=g\",\"contentUrl\":\"https:\/\/secure.gravatar.com\/avatar\/d9c52a9a27c32119cb6679a077fa3e2779e5f822c451cbf01098004361d466ec?s=96&d=mm&r=g\",\"caption\":\"admin\"},\"url\":\"https:\/\/www.zerdab.com\/?author=1\"}]}<\/script>\n<!-- \/ Yoast SEO plugin. -->","yoast_head_json":{"title":"Z\u0259rdab rayonunun qaz t\u0259chizat\u0131nda m\u0259hdudiyy\u0259t olacaq - Z\u0259rdab.com","robots":{"index":"index","follow":"follow","max-snippet":"max-snippet:-1","max-image-preview":"max-image-preview:large","max-video-preview":"max-video-preview:-1"},"canonical":"https:\/\/www.zerdab.com\/?p=7447","og_locale":"az_AZ","og_type":"article","og_title":"Z\u0259rdab rayonunun qaz t\u0259chizat\u0131nda m\u0259hdudiyy\u0259t olacaq - Z\u0259rdab.com","og_description":"Fevral\u0131n 20-d\u0259 Z\u0259rdab rayonunun qaz t\u0259chizat\u0131nda m\u0259hdudiyy\u0259t olacaq.\u00a0 T\u0259mir i\u015fl\u0259ri il\u0259 \u0259laq\u0259dar olaraq 20 fevral 2013-c\u00fc il tarixd\u0259 saat 8-d\u0259n &#8220;Ucar&#8221;, &#8220;L\u0259k&#8221;, &#8220;Z\u0259rdab&#8221; v\u0259 &#8220;G\u00f6y\u00e7ay-2&#8221; qazpaylay\u0131c\u0131 stansiyalar\u0131ndan t\u0259bii qaz t\u0259chizat\u0131 dayand\u0131r\u0131lacaq. T\u0259mir i\u015fl\u0259ri apar\u0131lan m\u00fcdd\u0259td\u0259\u00a0 Z\u0259rdab rayonunun ya\u015fay\u0131\u015f m\u0259nt\u0259q\u0259l\u0259rin\u0259 t\u0259bii qaz\u0131n verili\u015find\u0259 fasil\u0259l\u0259r yaranacaq. www.zerdab.com","og_url":"https:\/\/www.zerdab.com\/?p=7447","og_site_name":"Z\u0259rdab.com","article_published_time":"2013-02-19T15:09:27+00:00","article_modified_time":"2013-02-19T15:14:55+00:00","author":"admin","twitter_card":"summary_large_image","twitter_misc":{"Written by":"admin"},"schema":{"@context":"https:\/\/schema.org","@graph":[{"@type":"Article","@id":"https:\/\/www.zerdab.com\/?p=7447#article","isPartOf":{"@id":"https:\/\/www.zerdab.com\/?p=7447"},"author":{"name":"admin","@id":"https:\/\/www.zerdab.com\/#\/schema\/person\/97079b7570c1e89ec0d9e138c3672136"},"headline":"Z\u0259rdab rayonunun qaz t\u0259chizat\u0131nda m\u0259hdudiyy\u0259t olacaq","datePublished":"2013-02-19T15:09:27+00:00","dateModified":"2013-02-19T15:14:55+00:00","mainEntityOfPage":{"@id":"https:\/\/www.zerdab.com\/?p=7447"},"wordCount":95,"commentCount":1,"articleSection":["C\u018fM\u0130YY\u018fT"],"inLanguage":"az","potentialAction":[{"@type":"CommentAction","name":"Comment","target":["https:\/\/www.zerdab.com\/?p=7447#respond"]}]},{"@type":"WebPage","@id":"https:\/\/www.zerdab.com\/?p=7447","url":"https:\/\/www.zerdab.com\/?p=7447","name":"Z\u0259rdab rayonunun qaz t\u0259chizat\u0131nda m\u0259hdudiyy\u0259t olacaq - Z\u0259rdab.com","isPartOf":{"@id":"https:\/\/www.zerdab.com\/#website"},"datePublished":"2013-02-19T15:09:27+00:00","dateModified":"2013-02-19T15:14:55+00:00","author":{"@id":"https:\/\/www.zerdab.com\/#\/schema\/person\/97079b7570c1e89ec0d9e138c3672136"},"breadcrumb":{"@id":"https:\/\/www.zerdab.com\/?p=7447#breadcrumb"},"inLanguage":"az","potentialAction":[{"@type":"ReadAction","target":["https:\/\/www.zerdab.com\/?p=7447"]}]},{"@type":"BreadcrumbList","@id":"https:\/\/www.zerdab.com\/?p=7447#breadcrumb","itemListElement":[{"@type":"ListItem","position":1,"name":"Home","item":"https:\/\/www.zerdab.com\/"},{"@type":"ListItem","position":2,"name":"Z\u0259rdab rayonunun qaz t\u0259chizat\u0131nda m\u0259hdudiyy\u0259t olacaq"}]},{"@type":"WebSite","@id":"https:\/\/www.zerdab.com\/#website","url":"https:\/\/www.zerdab.com\/","name":"Z\u0259rdab.com","description":"","potentialAction":[{"@type":"SearchAction","target":{"@type":"EntryPoint","urlTemplate":"https:\/\/www.zerdab.com\/?s={search_term_string}"},"query-input":{"@type":"PropertyValueSpecification","valueRequired":true,"valueName":"search_term_string"}}],"inLanguage":"az"},{"@type":"Person","@id":"https:\/\/www.zerdab.com\/#\/schema\/person\/97079b7570c1e89ec0d9e138c3672136","name":"admin","image":{"@type":"ImageObject","inLanguage":"az","@id":"https:\/\/www.zerdab.com\/#\/schema\/person\/image\/","url":"https:\/\/secure.gravatar.com\/avatar\/d9c52a9a27c32119cb6679a077fa3e2779e5f822c451cbf01098004361d466ec?s=96&d=mm&r=g","contentUrl":"https:\/\/secure.gravatar.com\/avatar\/d9c52a9a27c32119cb6679a077fa3e2779e5f822c451cbf01098004361d466ec?s=96&d=mm&r=g","caption":"admin"},"url":"https:\/\/www.zerdab.com\/?author=1"}]}},"_links":{"self":[{"href":"https:\/\/www.zerdab.com\/index.php?rest_route=\/wp\/v2\/posts\/7447","targetHints":{"allow":["GET"]}}],"collection":[{"href":"https:\/\/www.zerdab.com\/index.php?rest_route=\/wp\/v2\/posts"}],"about":[{"href":"https:\/\/www.zerdab.com\/index.php?rest_route=\/wp\/v2\/types\/post"}],"author":[{"embeddable":true,"href":"https:\/\/www.zerdab.com\/index.php?rest_route=\/wp\/v2\/users\/1"}],"replies":[{"embeddable":true,"href":"https:\/\/www.zerdab.com\/index.php?rest_route=%2Fwp%2Fv2%2Fcomments&post=7447"}],"version-history":[{"count":8,"href":"https:\/\/www.zerdab.com\/index.php?rest_route=\/wp\/v2\/posts\/7447\/revisions"}],"predecessor-version":[{"id":7455,"href":"https:\/\/www.zerdab.com\/index.php?rest_route=\/wp\/v2\/posts\/7447\/revisions\/7455"}],"wp:attachment":[{"href":"https:\/\/www.zerdab.com\/index.php?rest_route=%2Fwp%2Fv2%2Fmedia&parent=7447"}],"wp:term":[{"taxonomy":"category","embeddable":true,"href":"https:\/\/www.zerdab.com\/index.php?rest_route=%2Fwp%2Fv2%2Fcategories&post=7447"},{"taxonomy":"post_tag","embeddable":true,"href":"https:\/\/www.zerdab.com\/index.php?rest_route=%2Fwp%2Fv2%2Ftags&post=7447"}],"curies":[{"name":"wp","href":"https:\/\/api.w.org\/{rel}","templated":true}]}}