{"id":7834,"date":"2013-03-04T11:45:15","date_gmt":"2013-03-04T07:45:15","guid":{"rendered":"http:\/\/www.zerdab.com\/?p=7834"},"modified":"2013-03-09T13:12:25","modified_gmt":"2013-03-09T09:12:25","slug":"z%c9%99rdab-rayonunda-moht%c9%99s%c9%99m-novruz-s%c9%99nliyi","status":"publish","type":"post","link":"https:\/\/www.zerdab.com\/?p=7834","title":{"rendered":"Z\u0259rdab rayonunda m\u00f6ht\u0259\u015f\u0259m Novruz \u015f\u0259nliyi &#8211; fotolar"},"content":{"rendered":"<p><img loading=\"lazy\" decoding=\"async\" class=\"aligncenter size-medium wp-image-7835\" alt=\"Novruz bayram\u0131\" src=\"http:\/\/www.zerdab.com\/wp-content\/uploads\/2013\/03\/Zerdab-Novruz-350x262.jpg\" width=\"350\" height=\"262\" \/>\u0130<span style=\"color: #0000ff;\"><strong>lk Novruz \u015f\u0259nlikl\u0259rin\u0259 su v\u0259 od \u00e7\u0259r\u015f\u0259nb\u0259l\u0259ri \u0259r\u0259f\u0259sind\u0259 Az\u0259rbaycan Televiziya v\u0259 Radio Verili\u015fl\u0259ri QSC il\u0259 Rayon \u0130cra Hakimiyy\u0259tinin birg\u0259 ke\u00e7irdikl\u0259ri m\u00f6ht\u0259\u015f\u0259m t\u0259dbirl\u0259rl\u0259 Z\u0259rdab rayonunda start verilmi\u015fdir.\u00a0www.zerdab.com sayt\u0131na veril\u0259n m\u0259lumata g\u00f6r\u0259, \u00f6nc\u0259 milli geyimli y\u00fczl\u0259rl\u0259 o\u011flan v\u0259 q\u0131z, idman\u00e7\u0131lar, atl\u0131lar, ictimaiyy\u0259tin, g\u0259ncl\u0259rin n\u00fcmay\u0259nd\u0259l\u0259ri v\u0259 ozan, kosa, ke\u00e7\u0259l Novruzsaya\u011f\u0131 b\u0259z\u0259nmi\u015f faytonda zurna s\u0259dalar\u0131 alt\u0131nda Z\u0259rdab \u015f\u0259h\u0259rinin giri\u015find\u0259 tikilmi\u015f \u0259z\u0259m\u0259tli giri\u015f qap\u0131s\u0131ndan rayona daxil olmu\u015flar.<\/strong><\/span><\/p>\n<p>Sonra onlar Bayraq meydan\u0131nda y\u0131\u011f\u0131\u015faraq \u015f\u0259h\u0259r m\u0259rk\u0259zind\u0259ki \u00fcmumi \u0259razisi 5 hektara q\u0259d\u0259r olan Heyd\u0259r \u018fliyev park\u0131nda \u00fcmumrayon Novruz \u015f\u0259nliyini qeyd etm\u0259y\u0259 topla\u015fan minl\u0259rl\u0259 rayon sakinin\u0259 qo\u015fulmu\u015flar.<\/p>\n<p>Ozan haray \u00e7\u0259k\u0259r\u0259k insanlar\u0131 Novruzun g\u0259li\u015fi, ilk \u00e7\u0259r\u015f\u0259nb\u0259l\u0259r m\u00fcnasib\u0259til\u0259 t\u0259brik etmi\u015f v\u0259 tonqallar yand\u0131r\u0131lm\u0131\u015fd\u0131r.<\/p>\n<p>Milli geyimli o\u011flan v\u0259 q\u0131zlar tonqal\u0131n \u0259traf\u0131nda yall\u0131 ifa etmi\u015fl\u0259r.<\/p>\n<p>T\u0259dbir\u0259 topla\u015fanlar rayonun 42 ya\u015fay\u0131\u015f m\u0259nt\u0259q\u0259sind\u0259n Heyd\u0259r \u018fliyev park\u0131nda t\u0259\u015fkil olunan milli-m\u0259n\u0259vi d\u0259y\u0259rl\u0259rimizi \u00f6z\u00fcnd\u0259 \u0259ks etdir\u0259n q\u0259dim s\u0259n\u0259t n\u00fcmun\u0259l\u0259ri, sacda bal\u0131q bi\u015firilm\u0259si, plov, yarpaq dolmas\u0131, k\u0259t\u0259 v\u0259 dig\u0259r onlarla milli x\u00f6r\u0259kl\u0259rimizin bi\u015firilm\u0259si, dib\u0259kd\u0259 d\u0259n d\u00f6y\u00fclm\u0259si, xal\u00e7a toxunmas\u0131, t\u0259kn\u0259d\u0259n bal\u0131n k\u0259silm\u0259si il\u0259 tan\u0131\u015f olmu\u015flar. Milli oyunlar\u0131n, o c\u00fcml\u0259d\u0259n b\u0259n\u00f6v\u015f\u0259, k\u0259ndirdartma, qolg\u00fcc\u00fc, dir\u0259d\u00f6ym\u0259 n\u00fcmayi\u015fi olmu\u015fdur.<\/p>\n<p>K\u0259ndirbazlar\u0131n \u00e7\u0131x\u0131\u015flar\u0131 Novruz \u015f\u0259nliyinin i\u015ftirak\u00e7\u0131lar\u0131 t\u0259r\u0259find\u0259n y\u00fcks\u0259k alq\u0131\u015flarla qar\u015f\u0131lanm\u0131\u015fd\u0131r.<\/p>\n<p>Karate, taekvondo, s\u0259rb\u0259st g\u00fcl\u0259\u015f, \u015fahmat v\u0259 dig\u0259r n\u00f6vl\u0259r \u00fczr\u0259 idman\u00e7\u0131lar, Rayon M\u0259d\u0259niyy\u0259t v\u0259 Turizm \u015e\u00f6b\u0259sinin milli geyimli r\u0259qs qrupu, Z\u0259rdab U\u015faq \u0130nc\u0259s\u0259n\u0259t M\u0259kt\u0259binin xor kollektivi x\u00fcsusi haz\u0131rlanm\u0131\u015f proqramla i\u015ftirak\u00e7\u0131lar qar\u015f\u0131s\u0131nda geni\u015f \u00e7\u0131x\u0131\u015f etmi\u015fl\u0259r.<\/p>\n<p>99 ya\u015fl\u0131 N\u0259rgiz xalan\u0131n 200 il bundan \u0259vv\u0259l n\u0259n\u0259sind\u0259n qalm\u0131\u015f q\u0259dimi samovarda haz\u0131rlad\u0131\u011f\u0131 \u00e7ay onu i\u00e7\u0259nl\u0259r\u0259 x\u00fcsusi l\u0259zz\u0259t etmi\u015fdir.<\/p>\n<p>Az\u0259rbaycan Televiziyas\u0131n\u0131n solistl\u0259ri G\u00fclyaz M\u0259mm\u0259dova, Zabit\u0259 Al\u0131yeva, Kamil\u0259 N\u0259biyeva, \u0130lah\u0259 \u018ff\u0259ndiyeva, S\u0259bin\u0259 \u018fr\u0259bli, Zeyn\u0259b Quliyeva, Ramil Qas\u0131mov, M\u0259mm\u0259d N\u0259c\u0259fov, G\u00fcnay \u0130mamverdiyeva, Mir\u0259l\u0259m Mir\u0259l\u0259mov, xalq artisti professor Ramiz Quliyev v\u0259 dig\u0259rl\u0259rinin y\u00fcks\u0259k s\u0259viyy\u0259li ifalar\u0131 bayram \u0259hval-ruhiyy\u0259sind\u0259 olan z\u0259rdabl\u0131lara daha xo\u015f ovqat b\u0259x\u015f etmi\u015fdir.<\/p>\n<p>Novruz \u015f\u0259nlikl\u0259ri K\u00fcr \u00e7ay\u0131 sahilind\u0259 v\u0259 bayramsaya\u011f\u0131 b\u0259z\u0259dilmi\u015f g\u0259mid\u0259 davam etdirilmi\u015fdir. Novruz m\u0259rasiminin ke\u00e7irildiyi \u0259razil\u0259rin Novruz ruhlu t\u0259rtibat\u0131, t\u0259dbir yerl\u0259rin d\u00fcz\u00fclm\u00fc\u015f 5 mind\u0259n \u00e7ox s\u0259m\u0259ni, Heyd\u0259r \u018fliyev park\u0131ndak\u0131 fontanlar, \u015f\u0259lal\u0259, minl\u0259rl\u0259 \u00e7i\u00e7\u0259k v\u0259 g\u00fcll\u0259rd\u0259n haz\u0131rlanm\u0131\u015f butalar da i\u015ftirak\u00e7\u0131lar\u0131n ruhunu ox\u015fam\u0131\u015fd\u0131r.<\/p>\n<p>Bu m\u00f6ht\u0259\u015f\u0259m t\u0259dbiri lent\u0259 alan AzTV, X\u0259z\u0259r TV, ATV, Space v\u0259 dig\u0259r \u00e7oxsayl\u0131 televiziya kanallar\u0131na m\u00fcsahib\u0259 ver\u0259n Z\u0259rdab ictimaiyy\u0259tinin n\u00fcmay\u0259nd\u0259l\u0259ri milli-m\u0259n\u0259vi d\u0259y\u0259rl\u0259rimizin qorunmas\u0131n\u0131n, vaxt\u0131 il\u0259 qeyd edilm\u0259si insanlara yasaq olunan milli bayramlar\u0131m\u0131z\u0131n, ad\u0259t v\u0259 \u0259n\u0259n\u0259l\u0259rimizin \u00fcmummilli liderimiz Heyd\u0259r \u018fliyevin t\u0259\u015f\u0259bb\u00fcs\u00fc il\u0259 d\u00f6vl\u0259t s\u0259viyy\u0259sind\u0259 bayram edilm\u0259sinin bu g\u00fcn m\u00f6ht\u0259r\u0259m Prezidentimiz c\u0259nab \u0130lham \u018fliyev t\u0259r\u0259find\u0259n u\u011furla davam etdirilm\u0259sin\u0259 g\u00f6r\u0259 d\u00f6vl\u0259timizin ba\u015f\u00e7\u0131s\u0131na minn\u0259tdarl\u0131q etmi\u015fl\u0259r.<\/p>\n<p><span style=\"color: #0000ff;\"><strong>www.zerdab.com<\/strong><\/span><\/p>\n<p><img loading=\"lazy\" decoding=\"async\" class=\"aligncenter size-large wp-image-7840\" alt=\"Zerdab-Novruz\" src=\"http:\/\/www.zerdab.com\/wp-content\/uploads\/2013\/03\/Zerdab-Novruz4-1100x825.jpg\" width=\"688\" height=\"516\" \/><\/p>\n<p><img loading=\"lazy\" decoding=\"async\" class=\"aligncenter size-large wp-image-7841\" alt=\"Zerdab-Novruz\" src=\"http:\/\/www.zerdab.com\/wp-content\/uploads\/2013\/03\/Zerdab-Novruz6-1100x825.jpg\" width=\"688\" height=\"516\" \/><\/p>\n<p><img loading=\"lazy\" decoding=\"async\" class=\"aligncenter size-large wp-image-7844\" alt=\"Zerdab-Novruz\" src=\"http:\/\/www.zerdab.com\/wp-content\/uploads\/2013\/03\/Zerdab-Novruz7-1100x825.jpg\" width=\"688\" height=\"516\" \/><\/p>\n<p><img loading=\"lazy\" decoding=\"async\" class=\"aligncenter size-large wp-image-7845\" alt=\"Zerdab-Novruz\" src=\"http:\/\/www.zerdab.com\/wp-content\/uploads\/2013\/03\/Zerdab-Novruz5-1100x825.jpg\" width=\"688\" height=\"516\" \/><\/p>\n<p><img loading=\"lazy\" decoding=\"async\" class=\"aligncenter size-large wp-image-7846\" alt=\"Zerdab-Novruz\" src=\"http:\/\/www.zerdab.com\/wp-content\/uploads\/2013\/03\/Zerdab-Novruz10-825x1100.jpg\" width=\"688\" height=\"917\" \/><\/p>\n<p><img loading=\"lazy\" decoding=\"async\" class=\"aligncenter size-large wp-image-7847\" alt=\"Zerdab-Novruz\" src=\"http:\/\/www.zerdab.com\/wp-content\/uploads\/2013\/03\/Zerdab-Novruz2-1100x825.jpg\" width=\"688\" height=\"516\" \/><\/p>\n<p><img loading=\"lazy\" decoding=\"async\" class=\"aligncenter size-large wp-image-7850\" alt=\"Zerdab-Novruz\" src=\"http:\/\/www.zerdab.com\/wp-content\/uploads\/2013\/03\/Zerdab-Novruz8-1100x825.jpg\" width=\"688\" height=\"516\" \/><\/p>\n<p><img loading=\"lazy\" decoding=\"async\" class=\"aligncenter size-large wp-image-7851\" alt=\"Zerdab-Novruz\" src=\"http:\/\/www.zerdab.com\/wp-content\/uploads\/2013\/03\/Zerdab-Novruz9-1100x825.jpg\" width=\"688\" height=\"516\" \/><\/p>\n<p><img loading=\"lazy\" decoding=\"async\" class=\"aligncenter size-large wp-image-7835\" alt=\"Novruz bayram\u0131\" src=\"http:\/\/www.zerdab.com\/wp-content\/uploads\/2013\/03\/Zerdab-Novruz-1100x825.jpg\" width=\"688\" height=\"516\" \/><\/p>\n<p><img loading=\"lazy\" decoding=\"async\" class=\"aligncenter size-large wp-image-7853\" alt=\"Zerdab-Novruz\" src=\"http:\/\/www.zerdab.com\/wp-content\/uploads\/2013\/03\/Zerdab-Novruz1-1100x825.jpg\" width=\"688\" height=\"516\" \/><\/p>\n<p><img loading=\"lazy\" decoding=\"async\" class=\"aligncenter size-large wp-image-7854\" alt=\"Zerdab-Novruz\" src=\"http:\/\/www.zerdab.com\/wp-content\/uploads\/2013\/03\/Zerdab-Novruz3-1100x825.jpg\" width=\"688\" height=\"516\" \/><\/p>\n","protected":false},"excerpt":{"rendered":"<p>\u0130lk Novruz \u015f\u0259nlikl\u0259rin\u0259 su v\u0259 od \u00e7\u0259r\u015f\u0259nb\u0259l\u0259ri \u0259r\u0259f\u0259sind\u0259 Az\u0259rbaycan Televiziya v\u0259 Radio Verili\u015fl\u0259ri QSC il\u0259 Rayon \u0130cra Hakimiyy\u0259tinin birg\u0259 ke\u00e7irdikl\u0259ri m\u00f6ht\u0259\u015f\u0259m t\u0259dbirl\u0259rl\u0259 Z\u0259rdab rayonunda start verilmi\u015fdir.\u00a0www.zerdab.com sayt\u0131na veril\u0259n m\u0259lumata g\u00f6r\u0259, \u00f6nc\u0259 milli geyimli y\u00fczl\u0259rl\u0259 o\u011flan v\u0259 q\u0131z, idman\u00e7\u0131lar, atl\u0131lar, ictimaiyy\u0259tin, g\u0259ncl\u0259rin n\u00fcmay\u0259nd\u0259l\u0259ri v\u0259 ozan, kosa, ke\u00e7\u0259l Novruzsaya\u011f\u0131 b\u0259z\u0259nmi\u015f faytonda zurna s\u0259dalar\u0131 alt\u0131nda Z\u0259rdab \u015f\u0259h\u0259rinin giri\u015find\u0259 [&hellip;]<\/p>\n","protected":false},"author":1,"featured_media":0,"comment_status":"open","ping_status":"open","sticky":false,"template":"","format":"standard","meta":{"footnotes":""},"categories":[21],"tags":[],"class_list":{"0":"post-7834","1":"post","2":"type-post","3":"status-publish","4":"format-standard","6":"category-zrdab"},"yoast_head":"<!-- This site is optimized with the Yoast SEO plugin v27.0 - https:\/\/yoast.com\/product\/yoast-seo-wordpress\/ -->\n<title>Z\u0259rdab rayonunda m\u00f6ht\u0259\u015f\u0259m Novruz \u015f\u0259nliyi - fotolar - Z\u0259rdab.com<\/title>\n<meta name=\"robots\" content=\"index, follow, max-snippet:-1, max-image-preview:large, max-video-preview:-1\" \/>\n<link rel=\"canonical\" href=\"https:\/\/www.zerdab.com\/?p=7834\" \/>\n<meta property=\"og:locale\" content=\"az_AZ\" \/>\n<meta property=\"og:type\" content=\"article\" \/>\n<meta property=\"og:title\" content=\"Z\u0259rdab rayonunda m\u00f6ht\u0259\u015f\u0259m Novruz \u015f\u0259nliyi - fotolar - Z\u0259rdab.com\" \/>\n<meta property=\"og:description\" content=\"\u0130lk Novruz \u015f\u0259nlikl\u0259rin\u0259 su v\u0259 od \u00e7\u0259r\u015f\u0259nb\u0259l\u0259ri \u0259r\u0259f\u0259sind\u0259 Az\u0259rbaycan Televiziya v\u0259 Radio Verili\u015fl\u0259ri QSC il\u0259 Rayon \u0130cra Hakimiyy\u0259tinin birg\u0259 ke\u00e7irdikl\u0259ri m\u00f6ht\u0259\u015f\u0259m t\u0259dbirl\u0259rl\u0259 Z\u0259rdab rayonunda start verilmi\u015fdir.\u00a0www.zerdab.com sayt\u0131na veril\u0259n m\u0259lumata g\u00f6r\u0259, \u00f6nc\u0259 milli geyimli y\u00fczl\u0259rl\u0259 o\u011flan v\u0259 q\u0131z, idman\u00e7\u0131lar, atl\u0131lar, ictimaiyy\u0259tin, g\u0259ncl\u0259rin n\u00fcmay\u0259nd\u0259l\u0259ri v\u0259 ozan, kosa, ke\u00e7\u0259l Novruzsaya\u011f\u0131 b\u0259z\u0259nmi\u015f faytonda zurna s\u0259dalar\u0131 alt\u0131nda Z\u0259rdab \u015f\u0259h\u0259rinin giri\u015find\u0259 [&hellip;]\" \/>\n<meta property=\"og:url\" content=\"https:\/\/www.zerdab.com\/?p=7834\" \/>\n<meta property=\"og:site_name\" content=\"Z\u0259rdab.com\" \/>\n<meta property=\"article:published_time\" content=\"2013-03-04T07:45:15+00:00\" \/>\n<meta property=\"article:modified_time\" content=\"2013-03-09T09:12:25+00:00\" \/>\n<meta property=\"og:image\" content=\"http:\/\/www.zerdab.com\/wp-content\/uploads\/2013\/03\/Zerdab-Novruz-350x262.jpg\" \/>\n<meta name=\"author\" content=\"admin\" \/>\n<meta name=\"twitter:card\" content=\"summary_large_image\" \/>\n<meta name=\"twitter:label1\" content=\"Written by\" \/>\n\t<meta name=\"twitter:data1\" content=\"admin\" \/>\n\t<meta name=\"twitter:label2\" content=\"Est. reading time\" \/>\n\t<meta name=\"twitter:data2\" content=\"3 minutes\" \/>\n<script type=\"application\/ld+json\" class=\"yoast-schema-graph\">{\"@context\":\"https:\/\/schema.org\",\"@graph\":[{\"@type\":\"Article\",\"@id\":\"https:\/\/www.zerdab.com\/?p=7834#article\",\"isPartOf\":{\"@id\":\"https:\/\/www.zerdab.com\/?p=7834\"},\"author\":{\"name\":\"admin\",\"@id\":\"https:\/\/www.zerdab.com\/#\/schema\/person\/97079b7570c1e89ec0d9e138c3672136\"},\"headline\":\"Z\u0259rdab rayonunda m\u00f6ht\u0259\u015f\u0259m Novruz \u015f\u0259nliyi &#8211; fotolar\",\"datePublished\":\"2013-03-04T07:45:15+00:00\",\"dateModified\":\"2013-03-09T09:12:25+00:00\",\"mainEntityOfPage\":{\"@id\":\"https:\/\/www.zerdab.com\/?p=7834\"},\"wordCount\":700,\"commentCount\":8,\"image\":{\"@id\":\"https:\/\/www.zerdab.com\/?p=7834#primaryimage\"},\"thumbnailUrl\":\"http:\/\/www.zerdab.com\/wp-content\/uploads\/2013\/03\/Zerdab-Novruz-350x262.jpg\",\"articleSection\":[\"C\u018fM\u0130YY\u018fT\"],\"inLanguage\":\"az\",\"potentialAction\":[{\"@type\":\"CommentAction\",\"name\":\"Comment\",\"target\":[\"https:\/\/www.zerdab.com\/?p=7834#respond\"]}]},{\"@type\":\"WebPage\",\"@id\":\"https:\/\/www.zerdab.com\/?p=7834\",\"url\":\"https:\/\/www.zerdab.com\/?p=7834\",\"name\":\"Z\u0259rdab rayonunda m\u00f6ht\u0259\u015f\u0259m Novruz \u015f\u0259nliyi - fotolar - Z\u0259rdab.com\",\"isPartOf\":{\"@id\":\"https:\/\/www.zerdab.com\/#website\"},\"primaryImageOfPage\":{\"@id\":\"https:\/\/www.zerdab.com\/?p=7834#primaryimage\"},\"image\":{\"@id\":\"https:\/\/www.zerdab.com\/?p=7834#primaryimage\"},\"thumbnailUrl\":\"http:\/\/www.zerdab.com\/wp-content\/uploads\/2013\/03\/Zerdab-Novruz-350x262.jpg\",\"datePublished\":\"2013-03-04T07:45:15+00:00\",\"dateModified\":\"2013-03-09T09:12:25+00:00\",\"author\":{\"@id\":\"https:\/\/www.zerdab.com\/#\/schema\/person\/97079b7570c1e89ec0d9e138c3672136\"},\"breadcrumb\":{\"@id\":\"https:\/\/www.zerdab.com\/?p=7834#breadcrumb\"},\"inLanguage\":\"az\",\"potentialAction\":[{\"@type\":\"ReadAction\",\"target\":[\"https:\/\/www.zerdab.com\/?p=7834\"]}]},{\"@type\":\"ImageObject\",\"inLanguage\":\"az\",\"@id\":\"https:\/\/www.zerdab.com\/?p=7834#primaryimage\",\"url\":\"\",\"contentUrl\":\"\"},{\"@type\":\"BreadcrumbList\",\"@id\":\"https:\/\/www.zerdab.com\/?p=7834#breadcrumb\",\"itemListElement\":[{\"@type\":\"ListItem\",\"position\":1,\"name\":\"Home\",\"item\":\"https:\/\/www.zerdab.com\/\"},{\"@type\":\"ListItem\",\"position\":2,\"name\":\"Z\u0259rdab rayonunda m\u00f6ht\u0259\u015f\u0259m Novruz \u015f\u0259nliyi &#8211; fotolar\"}]},{\"@type\":\"WebSite\",\"@id\":\"https:\/\/www.zerdab.com\/#website\",\"url\":\"https:\/\/www.zerdab.com\/\",\"name\":\"Z\u0259rdab.com\",\"description\":\"\",\"potentialAction\":[{\"@type\":\"SearchAction\",\"target\":{\"@type\":\"EntryPoint\",\"urlTemplate\":\"https:\/\/www.zerdab.com\/?s={search_term_string}\"},\"query-input\":{\"@type\":\"PropertyValueSpecification\",\"valueRequired\":true,\"valueName\":\"search_term_string\"}}],\"inLanguage\":\"az\"},{\"@type\":\"Person\",\"@id\":\"https:\/\/www.zerdab.com\/#\/schema\/person\/97079b7570c1e89ec0d9e138c3672136\",\"name\":\"admin\",\"image\":{\"@type\":\"ImageObject\",\"inLanguage\":\"az\",\"@id\":\"https:\/\/www.zerdab.com\/#\/schema\/person\/image\/\",\"url\":\"https:\/\/secure.gravatar.com\/avatar\/d9c52a9a27c32119cb6679a077fa3e2779e5f822c451cbf01098004361d466ec?s=96&d=mm&r=g\",\"contentUrl\":\"https:\/\/secure.gravatar.com\/avatar\/d9c52a9a27c32119cb6679a077fa3e2779e5f822c451cbf01098004361d466ec?s=96&d=mm&r=g\",\"caption\":\"admin\"},\"url\":\"https:\/\/www.zerdab.com\/?author=1\"}]}<\/script>\n<!-- \/ Yoast SEO plugin. -->","yoast_head_json":{"title":"Z\u0259rdab rayonunda m\u00f6ht\u0259\u015f\u0259m Novruz \u015f\u0259nliyi - fotolar - Z\u0259rdab.com","robots":{"index":"index","follow":"follow","max-snippet":"max-snippet:-1","max-image-preview":"max-image-preview:large","max-video-preview":"max-video-preview:-1"},"canonical":"https:\/\/www.zerdab.com\/?p=7834","og_locale":"az_AZ","og_type":"article","og_title":"Z\u0259rdab rayonunda m\u00f6ht\u0259\u015f\u0259m Novruz \u015f\u0259nliyi - fotolar - Z\u0259rdab.com","og_description":"\u0130lk Novruz \u015f\u0259nlikl\u0259rin\u0259 su v\u0259 od \u00e7\u0259r\u015f\u0259nb\u0259l\u0259ri \u0259r\u0259f\u0259sind\u0259 Az\u0259rbaycan Televiziya v\u0259 Radio Verili\u015fl\u0259ri QSC il\u0259 Rayon \u0130cra Hakimiyy\u0259tinin birg\u0259 ke\u00e7irdikl\u0259ri m\u00f6ht\u0259\u015f\u0259m t\u0259dbirl\u0259rl\u0259 Z\u0259rdab rayonunda start verilmi\u015fdir.\u00a0www.zerdab.com sayt\u0131na veril\u0259n m\u0259lumata g\u00f6r\u0259, \u00f6nc\u0259 milli geyimli y\u00fczl\u0259rl\u0259 o\u011flan v\u0259 q\u0131z, idman\u00e7\u0131lar, atl\u0131lar, ictimaiyy\u0259tin, g\u0259ncl\u0259rin n\u00fcmay\u0259nd\u0259l\u0259ri v\u0259 ozan, kosa, ke\u00e7\u0259l Novruzsaya\u011f\u0131 b\u0259z\u0259nmi\u015f faytonda zurna s\u0259dalar\u0131 alt\u0131nda Z\u0259rdab \u015f\u0259h\u0259rinin giri\u015find\u0259 [&hellip;]","og_url":"https:\/\/www.zerdab.com\/?p=7834","og_site_name":"Z\u0259rdab.com","article_published_time":"2013-03-04T07:45:15+00:00","article_modified_time":"2013-03-09T09:12:25+00:00","og_image":[{"url":"http:\/\/www.zerdab.com\/wp-content\/uploads\/2013\/03\/Zerdab-Novruz-350x262.jpg","type":"","width":"","height":""}],"author":"admin","twitter_card":"summary_large_image","twitter_misc":{"Written by":"admin","Est. reading time":"3 minutes"},"schema":{"@context":"https:\/\/schema.org","@graph":[{"@type":"Article","@id":"https:\/\/www.zerdab.com\/?p=7834#article","isPartOf":{"@id":"https:\/\/www.zerdab.com\/?p=7834"},"author":{"name":"admin","@id":"https:\/\/www.zerdab.com\/#\/schema\/person\/97079b7570c1e89ec0d9e138c3672136"},"headline":"Z\u0259rdab rayonunda m\u00f6ht\u0259\u015f\u0259m Novruz \u015f\u0259nliyi &#8211; fotolar","datePublished":"2013-03-04T07:45:15+00:00","dateModified":"2013-03-09T09:12:25+00:00","mainEntityOfPage":{"@id":"https:\/\/www.zerdab.com\/?p=7834"},"wordCount":700,"commentCount":8,"image":{"@id":"https:\/\/www.zerdab.com\/?p=7834#primaryimage"},"thumbnailUrl":"http:\/\/www.zerdab.com\/wp-content\/uploads\/2013\/03\/Zerdab-Novruz-350x262.jpg","articleSection":["C\u018fM\u0130YY\u018fT"],"inLanguage":"az","potentialAction":[{"@type":"CommentAction","name":"Comment","target":["https:\/\/www.zerdab.com\/?p=7834#respond"]}]},{"@type":"WebPage","@id":"https:\/\/www.zerdab.com\/?p=7834","url":"https:\/\/www.zerdab.com\/?p=7834","name":"Z\u0259rdab rayonunda m\u00f6ht\u0259\u015f\u0259m Novruz \u015f\u0259nliyi - fotolar - Z\u0259rdab.com","isPartOf":{"@id":"https:\/\/www.zerdab.com\/#website"},"primaryImageOfPage":{"@id":"https:\/\/www.zerdab.com\/?p=7834#primaryimage"},"image":{"@id":"https:\/\/www.zerdab.com\/?p=7834#primaryimage"},"thumbnailUrl":"http:\/\/www.zerdab.com\/wp-content\/uploads\/2013\/03\/Zerdab-Novruz-350x262.jpg","datePublished":"2013-03-04T07:45:15+00:00","dateModified":"2013-03-09T09:12:25+00:00","author":{"@id":"https:\/\/www.zerdab.com\/#\/schema\/person\/97079b7570c1e89ec0d9e138c3672136"},"breadcrumb":{"@id":"https:\/\/www.zerdab.com\/?p=7834#breadcrumb"},"inLanguage":"az","potentialAction":[{"@type":"ReadAction","target":["https:\/\/www.zerdab.com\/?p=7834"]}]},{"@type":"ImageObject","inLanguage":"az","@id":"https:\/\/www.zerdab.com\/?p=7834#primaryimage","url":"","contentUrl":""},{"@type":"BreadcrumbList","@id":"https:\/\/www.zerdab.com\/?p=7834#breadcrumb","itemListElement":[{"@type":"ListItem","position":1,"name":"Home","item":"https:\/\/www.zerdab.com\/"},{"@type":"ListItem","position":2,"name":"Z\u0259rdab rayonunda m\u00f6ht\u0259\u015f\u0259m Novruz \u015f\u0259nliyi &#8211; fotolar"}]},{"@type":"WebSite","@id":"https:\/\/www.zerdab.com\/#website","url":"https:\/\/www.zerdab.com\/","name":"Z\u0259rdab.com","description":"","potentialAction":[{"@type":"SearchAction","target":{"@type":"EntryPoint","urlTemplate":"https:\/\/www.zerdab.com\/?s={search_term_string}"},"query-input":{"@type":"PropertyValueSpecification","valueRequired":true,"valueName":"search_term_string"}}],"inLanguage":"az"},{"@type":"Person","@id":"https:\/\/www.zerdab.com\/#\/schema\/person\/97079b7570c1e89ec0d9e138c3672136","name":"admin","image":{"@type":"ImageObject","inLanguage":"az","@id":"https:\/\/www.zerdab.com\/#\/schema\/person\/image\/","url":"https:\/\/secure.gravatar.com\/avatar\/d9c52a9a27c32119cb6679a077fa3e2779e5f822c451cbf01098004361d466ec?s=96&d=mm&r=g","contentUrl":"https:\/\/secure.gravatar.com\/avatar\/d9c52a9a27c32119cb6679a077fa3e2779e5f822c451cbf01098004361d466ec?s=96&d=mm&r=g","caption":"admin"},"url":"https:\/\/www.zerdab.com\/?author=1"}]}},"_links":{"self":[{"href":"https:\/\/www.zerdab.com\/index.php?rest_route=\/wp\/v2\/posts\/7834","targetHints":{"allow":["GET"]}}],"collection":[{"href":"https:\/\/www.zerdab.com\/index.php?rest_route=\/wp\/v2\/posts"}],"about":[{"href":"https:\/\/www.zerdab.com\/index.php?rest_route=\/wp\/v2\/types\/post"}],"author":[{"embeddable":true,"href":"https:\/\/www.zerdab.com\/index.php?rest_route=\/wp\/v2\/users\/1"}],"replies":[{"embeddable":true,"href":"https:\/\/www.zerdab.com\/index.php?rest_route=%2Fwp%2Fv2%2Fcomments&post=7834"}],"version-history":[{"count":15,"href":"https:\/\/www.zerdab.com\/index.php?rest_route=\/wp\/v2\/posts\/7834\/revisions"}],"predecessor-version":[{"id":7838,"href":"https:\/\/www.zerdab.com\/index.php?rest_route=\/wp\/v2\/posts\/7834\/revisions\/7838"}],"wp:attachment":[{"href":"https:\/\/www.zerdab.com\/index.php?rest_route=%2Fwp%2Fv2%2Fmedia&parent=7834"}],"wp:term":[{"taxonomy":"category","embeddable":true,"href":"https:\/\/www.zerdab.com\/index.php?rest_route=%2Fwp%2Fv2%2Fcategories&post=7834"},{"taxonomy":"post_tag","embeddable":true,"href":"https:\/\/www.zerdab.com\/index.php?rest_route=%2Fwp%2Fv2%2Ftags&post=7834"}],"curies":[{"name":"wp","href":"https:\/\/api.w.org\/{rel}","templated":true}]}}