{"id":7920,"date":"2013-03-06T16:15:54","date_gmt":"2013-03-06T12:15:54","guid":{"rendered":"http:\/\/www.zerdab.com\/?p=7920"},"modified":"2013-03-06T16:28:36","modified_gmt":"2013-03-06T12:28:36","slug":"z%c9%99rdab-rayonunun-yuxari-seyidl%c9%99r-k%c9%99ndind%c9%99-s%c9%99yyar-q%c9%99bul","status":"publish","type":"post","link":"https:\/\/www.zerdab.com\/?p=7920","title":{"rendered":"Z\u0259rdab rayonunun Yuxar\u0131 Seyidl\u0259r k\u0259ndind\u0259 s\u0259yyar q\u0259bul"},"content":{"rendered":"<p align=\"center\"><span style=\"color: #0000ff;\"><strong>6 mart 2013-c\u00fc il tarixd\u0259 Z\u0259rdab rayonunun Yuxar\u0131 Seyidl\u0259r k\u0259ndind\u0259 Yuxar\u0131 Seyidl\u0259r v\u0259 Sil\u0259yli k\u0259nd sakinl\u0259ri \u00fc\u00e7\u00fcn Rayon \u0130cra Hakimiyy\u0259ti Ba\u015f\u00e7\u0131s\u0131n\u0131n s\u0259yyar q\u0259bulu ke\u00e7irilib.\u00a0<strong>Z\u0259rdab R\u0130HB Aparat\u0131n\u0131n informasiya t\u0259minat\u0131 v\u0259 t\u0259hlil sektorunun yayd\u0131\u011f\u0131 m\u0259lumata g\u00f6r\u0259, \u00a0<\/strong><\/strong><\/span>\u00f6nc\u0259 rayon r\u0259hb\u0259ri son ill\u0259r \u00f6lk\u0259mizd\u0259 v\u0259 rayonda g\u00f6r\u00fcl\u0259n geni\u015fmiqyasl\u0131 tikinti-quruculuq i\u015fl\u0259ri, rayonun sosial-iqtisadi v\u0259 m\u0259d\u0259ni h\u0259yat\u0131nda ba\u015f ver\u0259n yenilikl\u0259rl\u0259, insanlar\u0131 narahat ed\u0259n probleml\u0259rin h\u0259lli sah\u0259sind\u0259 h\u0259yata ke\u00e7iril\u0259n t\u0259dbirl\u0259r bar\u0259d\u0259 q\u0259bul i\u015ftirak\u00e7\u0131lar\u0131na m\u0259lumat verib.<\/p>\n<p>K\u0259nd sakinl\u0259rind\u0259n a\u011fsaqqal din xadimi H\u0259mid Q\u0259dirov, \u015f\u0259hid anas\u0131 \u015e\u00f6vk\u0259t B\u0259kirova, sakin Qabil M\u0259mm\u0259dov v\u0259 dig\u0259rl\u0259ri son d\u00f6vrd\u0259 respublikam\u0131zda v\u0259 rayonda g\u00f6r\u00fcl\u0259n i\u015fl\u0259ri y\u00fcks\u0259k qiym\u0259tl\u0259ndirmi\u015fl\u0259r. Onlar \u00f6lk\u0259 Prezidentinin m\u00fcvafiq s\u0259r\u0259ncam\u0131 il\u0259 Z\u0259rdab-Yuxar\u0131 Seyidl\u0259r-Sil\u0259yli avtomobil yolunun asfaltla\u015fd\u0131r\u0131lmas\u0131na, bu i\u015fl\u0259rin bu g\u00fcn d\u0259 u\u011furla davam etdirilm\u0259sin\u0259 g\u00f6r\u0259 \u00f6lk\u0259 Prezidentin\u0259 minn\u0259tdarl\u0131q etmi\u015fl\u0259r.<\/p>\n<p>K\u0259ndd\u0259 modul tipli su t\u0259mizl\u0259yici qur\u011funun tikilm\u0259sini d\u0259 k\u0259nd adamlar\u0131 raz\u0131l\u0131qla qar\u015f\u0131lam\u0131\u015flar.<\/p>\n<p>\u00c7\u0131x\u0131\u015f ed\u0259nl\u0259r k\u0259nd \u0259halisini narahat ed\u0259n bir s\u0131ra t\u0259klif v\u0259 m\u00fcraci\u0259tl\u0259rini d\u0259 bildirmi\u015fl\u0259r.<\/p>\n<p>S\u0259yyar q\u0259bulda qald\u0131r\u0131lan m\u0259s\u0259l\u0259l\u0259rl\u0259 ba\u011fl\u0131 aidiyy\u0259ti orqanlar\u0131n r\u0259hb\u0259rl\u0259rin\u0259 icra ba\u015f\u00e7\u0131s\u0131 t\u0259r\u0259find\u0259n tap\u015f\u0131r\u0131qlar verilmi\u015f, m\u00fcvafiq m\u0259rk\u0259zi orqanlara r\u0259smi m\u00fcraci\u0259t olunmu\u015fdur.<\/p>\n<p>www.zerdab.com<\/p>\n","protected":false},"excerpt":{"rendered":"<p>6 mart 2013-c\u00fc il tarixd\u0259 Z\u0259rdab rayonunun Yuxar\u0131 Seyidl\u0259r k\u0259ndind\u0259 Yuxar\u0131 Seyidl\u0259r v\u0259 Sil\u0259yli k\u0259nd sakinl\u0259ri \u00fc\u00e7\u00fcn Rayon \u0130cra Hakimiyy\u0259ti Ba\u015f\u00e7\u0131s\u0131n\u0131n s\u0259yyar q\u0259bulu ke\u00e7irilib.\u00a0Z\u0259rdab R\u0130HB Aparat\u0131n\u0131n informasiya t\u0259minat\u0131 v\u0259 t\u0259hlil sektorunun yayd\u0131\u011f\u0131 m\u0259lumata g\u00f6r\u0259, \u00a0\u00f6nc\u0259 rayon r\u0259hb\u0259ri son ill\u0259r \u00f6lk\u0259mizd\u0259 v\u0259 rayonda g\u00f6r\u00fcl\u0259n geni\u015fmiqyasl\u0131 tikinti-quruculuq i\u015fl\u0259ri, rayonun sosial-iqtisadi v\u0259 m\u0259d\u0259ni h\u0259yat\u0131nda ba\u015f ver\u0259n yenilikl\u0259rl\u0259, insanlar\u0131 [&hellip;]<\/p>\n","protected":false},"author":1,"featured_media":0,"comment_status":"open","ping_status":"open","sticky":false,"template":"","format":"standard","meta":{"footnotes":""},"categories":[21],"tags":[],"class_list":{"0":"post-7920","1":"post","2":"type-post","3":"status-publish","4":"format-standard","6":"category-zrdab"},"yoast_head":"<!-- This site is optimized with the Yoast SEO plugin v27.0 - https:\/\/yoast.com\/product\/yoast-seo-wordpress\/ -->\n<title>Z\u0259rdab rayonunun Yuxar\u0131 Seyidl\u0259r k\u0259ndind\u0259 s\u0259yyar q\u0259bul  - Z\u0259rdab.com<\/title>\n<meta name=\"robots\" content=\"index, follow, max-snippet:-1, max-image-preview:large, max-video-preview:-1\" \/>\n<link rel=\"canonical\" href=\"https:\/\/www.zerdab.com\/?p=7920\" \/>\n<meta property=\"og:locale\" content=\"az_AZ\" \/>\n<meta property=\"og:type\" content=\"article\" \/>\n<meta property=\"og:title\" content=\"Z\u0259rdab rayonunun Yuxar\u0131 Seyidl\u0259r k\u0259ndind\u0259 s\u0259yyar q\u0259bul  - Z\u0259rdab.com\" \/>\n<meta property=\"og:description\" content=\"6 mart 2013-c\u00fc il tarixd\u0259 Z\u0259rdab rayonunun Yuxar\u0131 Seyidl\u0259r k\u0259ndind\u0259 Yuxar\u0131 Seyidl\u0259r v\u0259 Sil\u0259yli k\u0259nd sakinl\u0259ri \u00fc\u00e7\u00fcn Rayon \u0130cra Hakimiyy\u0259ti Ba\u015f\u00e7\u0131s\u0131n\u0131n s\u0259yyar q\u0259bulu ke\u00e7irilib.\u00a0Z\u0259rdab R\u0130HB Aparat\u0131n\u0131n informasiya t\u0259minat\u0131 v\u0259 t\u0259hlil sektorunun yayd\u0131\u011f\u0131 m\u0259lumata g\u00f6r\u0259, \u00a0\u00f6nc\u0259 rayon r\u0259hb\u0259ri son ill\u0259r \u00f6lk\u0259mizd\u0259 v\u0259 rayonda g\u00f6r\u00fcl\u0259n geni\u015fmiqyasl\u0131 tikinti-quruculuq i\u015fl\u0259ri, rayonun sosial-iqtisadi v\u0259 m\u0259d\u0259ni h\u0259yat\u0131nda ba\u015f ver\u0259n yenilikl\u0259rl\u0259, insanlar\u0131 [&hellip;]\" \/>\n<meta property=\"og:url\" content=\"https:\/\/www.zerdab.com\/?p=7920\" \/>\n<meta property=\"og:site_name\" content=\"Z\u0259rdab.com\" \/>\n<meta property=\"article:published_time\" content=\"2013-03-06T12:15:54+00:00\" \/>\n<meta property=\"article:modified_time\" content=\"2013-03-06T12:28:36+00:00\" \/>\n<meta name=\"author\" content=\"admin\" \/>\n<meta name=\"twitter:card\" content=\"summary_large_image\" \/>\n<meta name=\"twitter:label1\" content=\"Written by\" \/>\n\t<meta name=\"twitter:data1\" content=\"admin\" \/>\n\t<meta name=\"twitter:label2\" content=\"Est. reading time\" \/>\n\t<meta name=\"twitter:data2\" content=\"2 minutes\" \/>\n<script type=\"application\/ld+json\" class=\"yoast-schema-graph\">{\"@context\":\"https:\/\/schema.org\",\"@graph\":[{\"@type\":\"Article\",\"@id\":\"https:\/\/www.zerdab.com\/?p=7920#article\",\"isPartOf\":{\"@id\":\"https:\/\/www.zerdab.com\/?p=7920\"},\"author\":{\"name\":\"admin\",\"@id\":\"https:\/\/www.zerdab.com\/#\/schema\/person\/97079b7570c1e89ec0d9e138c3672136\"},\"headline\":\"Z\u0259rdab rayonunun Yuxar\u0131 Seyidl\u0259r k\u0259ndind\u0259 s\u0259yyar q\u0259bul\",\"datePublished\":\"2013-03-06T12:15:54+00:00\",\"dateModified\":\"2013-03-06T12:28:36+00:00\",\"mainEntityOfPage\":{\"@id\":\"https:\/\/www.zerdab.com\/?p=7920\"},\"wordCount\":322,\"commentCount\":1,\"articleSection\":[\"C\u018fM\u0130YY\u018fT\"],\"inLanguage\":\"az\",\"potentialAction\":[{\"@type\":\"CommentAction\",\"name\":\"Comment\",\"target\":[\"https:\/\/www.zerdab.com\/?p=7920#respond\"]}]},{\"@type\":\"WebPage\",\"@id\":\"https:\/\/www.zerdab.com\/?p=7920\",\"url\":\"https:\/\/www.zerdab.com\/?p=7920\",\"name\":\"Z\u0259rdab rayonunun Yuxar\u0131 Seyidl\u0259r k\u0259ndind\u0259 s\u0259yyar q\u0259bul - Z\u0259rdab.com\",\"isPartOf\":{\"@id\":\"https:\/\/www.zerdab.com\/#website\"},\"datePublished\":\"2013-03-06T12:15:54+00:00\",\"dateModified\":\"2013-03-06T12:28:36+00:00\",\"author\":{\"@id\":\"https:\/\/www.zerdab.com\/#\/schema\/person\/97079b7570c1e89ec0d9e138c3672136\"},\"breadcrumb\":{\"@id\":\"https:\/\/www.zerdab.com\/?p=7920#breadcrumb\"},\"inLanguage\":\"az\",\"potentialAction\":[{\"@type\":\"ReadAction\",\"target\":[\"https:\/\/www.zerdab.com\/?p=7920\"]}]},{\"@type\":\"BreadcrumbList\",\"@id\":\"https:\/\/www.zerdab.com\/?p=7920#breadcrumb\",\"itemListElement\":[{\"@type\":\"ListItem\",\"position\":1,\"name\":\"Home\",\"item\":\"https:\/\/www.zerdab.com\/\"},{\"@type\":\"ListItem\",\"position\":2,\"name\":\"Z\u0259rdab rayonunun Yuxar\u0131 Seyidl\u0259r k\u0259ndind\u0259 s\u0259yyar q\u0259bul\"}]},{\"@type\":\"WebSite\",\"@id\":\"https:\/\/www.zerdab.com\/#website\",\"url\":\"https:\/\/www.zerdab.com\/\",\"name\":\"Z\u0259rdab.com\",\"description\":\"\",\"potentialAction\":[{\"@type\":\"SearchAction\",\"target\":{\"@type\":\"EntryPoint\",\"urlTemplate\":\"https:\/\/www.zerdab.com\/?s={search_term_string}\"},\"query-input\":{\"@type\":\"PropertyValueSpecification\",\"valueRequired\":true,\"valueName\":\"search_term_string\"}}],\"inLanguage\":\"az\"},{\"@type\":\"Person\",\"@id\":\"https:\/\/www.zerdab.com\/#\/schema\/person\/97079b7570c1e89ec0d9e138c3672136\",\"name\":\"admin\",\"image\":{\"@type\":\"ImageObject\",\"inLanguage\":\"az\",\"@id\":\"https:\/\/www.zerdab.com\/#\/schema\/person\/image\/\",\"url\":\"https:\/\/secure.gravatar.com\/avatar\/d9c52a9a27c32119cb6679a077fa3e2779e5f822c451cbf01098004361d466ec?s=96&d=mm&r=g\",\"contentUrl\":\"https:\/\/secure.gravatar.com\/avatar\/d9c52a9a27c32119cb6679a077fa3e2779e5f822c451cbf01098004361d466ec?s=96&d=mm&r=g\",\"caption\":\"admin\"},\"url\":\"https:\/\/www.zerdab.com\/?author=1\"}]}<\/script>\n<!-- \/ Yoast SEO plugin. -->","yoast_head_json":{"title":"Z\u0259rdab rayonunun Yuxar\u0131 Seyidl\u0259r k\u0259ndind\u0259 s\u0259yyar q\u0259bul  - Z\u0259rdab.com","robots":{"index":"index","follow":"follow","max-snippet":"max-snippet:-1","max-image-preview":"max-image-preview:large","max-video-preview":"max-video-preview:-1"},"canonical":"https:\/\/www.zerdab.com\/?p=7920","og_locale":"az_AZ","og_type":"article","og_title":"Z\u0259rdab rayonunun Yuxar\u0131 Seyidl\u0259r k\u0259ndind\u0259 s\u0259yyar q\u0259bul  - Z\u0259rdab.com","og_description":"6 mart 2013-c\u00fc il tarixd\u0259 Z\u0259rdab rayonunun Yuxar\u0131 Seyidl\u0259r k\u0259ndind\u0259 Yuxar\u0131 Seyidl\u0259r v\u0259 Sil\u0259yli k\u0259nd sakinl\u0259ri \u00fc\u00e7\u00fcn Rayon \u0130cra Hakimiyy\u0259ti Ba\u015f\u00e7\u0131s\u0131n\u0131n s\u0259yyar q\u0259bulu ke\u00e7irilib.\u00a0Z\u0259rdab R\u0130HB Aparat\u0131n\u0131n informasiya t\u0259minat\u0131 v\u0259 t\u0259hlil sektorunun yayd\u0131\u011f\u0131 m\u0259lumata g\u00f6r\u0259, \u00a0\u00f6nc\u0259 rayon r\u0259hb\u0259ri son ill\u0259r \u00f6lk\u0259mizd\u0259 v\u0259 rayonda g\u00f6r\u00fcl\u0259n geni\u015fmiqyasl\u0131 tikinti-quruculuq i\u015fl\u0259ri, rayonun sosial-iqtisadi v\u0259 m\u0259d\u0259ni h\u0259yat\u0131nda ba\u015f ver\u0259n yenilikl\u0259rl\u0259, insanlar\u0131 [&hellip;]","og_url":"https:\/\/www.zerdab.com\/?p=7920","og_site_name":"Z\u0259rdab.com","article_published_time":"2013-03-06T12:15:54+00:00","article_modified_time":"2013-03-06T12:28:36+00:00","author":"admin","twitter_card":"summary_large_image","twitter_misc":{"Written by":"admin","Est. reading time":"2 minutes"},"schema":{"@context":"https:\/\/schema.org","@graph":[{"@type":"Article","@id":"https:\/\/www.zerdab.com\/?p=7920#article","isPartOf":{"@id":"https:\/\/www.zerdab.com\/?p=7920"},"author":{"name":"admin","@id":"https:\/\/www.zerdab.com\/#\/schema\/person\/97079b7570c1e89ec0d9e138c3672136"},"headline":"Z\u0259rdab rayonunun Yuxar\u0131 Seyidl\u0259r k\u0259ndind\u0259 s\u0259yyar q\u0259bul","datePublished":"2013-03-06T12:15:54+00:00","dateModified":"2013-03-06T12:28:36+00:00","mainEntityOfPage":{"@id":"https:\/\/www.zerdab.com\/?p=7920"},"wordCount":322,"commentCount":1,"articleSection":["C\u018fM\u0130YY\u018fT"],"inLanguage":"az","potentialAction":[{"@type":"CommentAction","name":"Comment","target":["https:\/\/www.zerdab.com\/?p=7920#respond"]}]},{"@type":"WebPage","@id":"https:\/\/www.zerdab.com\/?p=7920","url":"https:\/\/www.zerdab.com\/?p=7920","name":"Z\u0259rdab rayonunun Yuxar\u0131 Seyidl\u0259r k\u0259ndind\u0259 s\u0259yyar q\u0259bul - Z\u0259rdab.com","isPartOf":{"@id":"https:\/\/www.zerdab.com\/#website"},"datePublished":"2013-03-06T12:15:54+00:00","dateModified":"2013-03-06T12:28:36+00:00","author":{"@id":"https:\/\/www.zerdab.com\/#\/schema\/person\/97079b7570c1e89ec0d9e138c3672136"},"breadcrumb":{"@id":"https:\/\/www.zerdab.com\/?p=7920#breadcrumb"},"inLanguage":"az","potentialAction":[{"@type":"ReadAction","target":["https:\/\/www.zerdab.com\/?p=7920"]}]},{"@type":"BreadcrumbList","@id":"https:\/\/www.zerdab.com\/?p=7920#breadcrumb","itemListElement":[{"@type":"ListItem","position":1,"name":"Home","item":"https:\/\/www.zerdab.com\/"},{"@type":"ListItem","position":2,"name":"Z\u0259rdab rayonunun Yuxar\u0131 Seyidl\u0259r k\u0259ndind\u0259 s\u0259yyar q\u0259bul"}]},{"@type":"WebSite","@id":"https:\/\/www.zerdab.com\/#website","url":"https:\/\/www.zerdab.com\/","name":"Z\u0259rdab.com","description":"","potentialAction":[{"@type":"SearchAction","target":{"@type":"EntryPoint","urlTemplate":"https:\/\/www.zerdab.com\/?s={search_term_string}"},"query-input":{"@type":"PropertyValueSpecification","valueRequired":true,"valueName":"search_term_string"}}],"inLanguage":"az"},{"@type":"Person","@id":"https:\/\/www.zerdab.com\/#\/schema\/person\/97079b7570c1e89ec0d9e138c3672136","name":"admin","image":{"@type":"ImageObject","inLanguage":"az","@id":"https:\/\/www.zerdab.com\/#\/schema\/person\/image\/","url":"https:\/\/secure.gravatar.com\/avatar\/d9c52a9a27c32119cb6679a077fa3e2779e5f822c451cbf01098004361d466ec?s=96&d=mm&r=g","contentUrl":"https:\/\/secure.gravatar.com\/avatar\/d9c52a9a27c32119cb6679a077fa3e2779e5f822c451cbf01098004361d466ec?s=96&d=mm&r=g","caption":"admin"},"url":"https:\/\/www.zerdab.com\/?author=1"}]}},"_links":{"self":[{"href":"https:\/\/www.zerdab.com\/index.php?rest_route=\/wp\/v2\/posts\/7920","targetHints":{"allow":["GET"]}}],"collection":[{"href":"https:\/\/www.zerdab.com\/index.php?rest_route=\/wp\/v2\/posts"}],"about":[{"href":"https:\/\/www.zerdab.com\/index.php?rest_route=\/wp\/v2\/types\/post"}],"author":[{"embeddable":true,"href":"https:\/\/www.zerdab.com\/index.php?rest_route=\/wp\/v2\/users\/1"}],"replies":[{"embeddable":true,"href":"https:\/\/www.zerdab.com\/index.php?rest_route=%2Fwp%2Fv2%2Fcomments&post=7920"}],"version-history":[{"count":5,"href":"https:\/\/www.zerdab.com\/index.php?rest_route=\/wp\/v2\/posts\/7920\/revisions"}],"predecessor-version":[{"id":7925,"href":"https:\/\/www.zerdab.com\/index.php?rest_route=\/wp\/v2\/posts\/7920\/revisions\/7925"}],"wp:attachment":[{"href":"https:\/\/www.zerdab.com\/index.php?rest_route=%2Fwp%2Fv2%2Fmedia&parent=7920"}],"wp:term":[{"taxonomy":"category","embeddable":true,"href":"https:\/\/www.zerdab.com\/index.php?rest_route=%2Fwp%2Fv2%2Fcategories&post=7920"},{"taxonomy":"post_tag","embeddable":true,"href":"https:\/\/www.zerdab.com\/index.php?rest_route=%2Fwp%2Fv2%2Ftags&post=7920"}],"curies":[{"name":"wp","href":"https:\/\/api.w.org\/{rel}","templated":true}]}}