{"id":7926,"date":"2013-03-06T18:08:33","date_gmt":"2013-03-06T14:08:33","guid":{"rendered":"http:\/\/www.zerdab.com\/?p=7926"},"modified":"2013-03-06T18:42:54","modified_gmt":"2013-03-06T14:42:54","slug":"z%c9%99rdab-rayonunda-8-mart-t%c9%99briki-fotolar","status":"publish","type":"post","link":"https:\/\/www.zerdab.com\/?p=7926","title":{"rendered":"Z\u0259rdab rayonunda 8 MART t\u0259briki &#8211; fotolar"},"content":{"rendered":"<p><span style=\"color: #0000ff;\"><strong><img loading=\"lazy\" decoding=\"async\" class=\"aligncenter size-medium wp-image-7927\" alt=\"Zerdab-8 mart\" src=\"http:\/\/www.zerdab.com\/wp-content\/uploads\/2013\/03\/Zerdab-8-mart13-232x350.jpg\" width=\"232\" height=\"350\" \/>Z\u0259rdab rayonunda Heyd\u0259r \u018fliyev M\u0259rk\u0259zind\u0259 Rayon \u0130cra Hakimiyy\u0259tinin v\u0259 YAP rayon t\u0259\u015fkilat\u0131n\u0131n birg\u0259 t\u0259\u015fkilat\u00e7\u0131l\u0131\u011f\u0131 il\u0259 8 Mart Beyn\u0259lxalq Qad\u0131nlar G\u00fcn\u00fc m\u00fcnasib\u0259til\u0259 t\u0259nt\u0259n\u0259li y\u0131\u011f\u0131ncaq ke\u00e7irilmi\u015fdir. Z\u0259rdab R\u0130HB Aparat\u0131n\u0131n informasiya t\u0259minat\u0131 v\u0259 t\u0259hlil sektorundan www.zerdab.com sayt\u0131na veril\u0259n m\u0259lumata g\u00f6r\u0259, y\u0131\u011f\u0131ncaqda rayonun qad\u0131n ictimaiyy\u0259tinin 200 n\u0259f\u0259r\u0259 q\u0259d\u0259r n\u00fcmay\u0259nd\u0259si i\u015ftirak etmi\u015fdir.<\/strong><\/span><\/p>\n<p>Toplant\u0131da \u00e7\u0131x\u0131\u015f ed\u0259n Rayon \u0130cra hakimiyy\u0259tinin ba\u015f\u00e7\u0131s\u0131, iqtisad elml\u0259ri namiz\u0259di L\u00fctv\u0259li Babayev 8 mart qad\u0131nlar bayram\u0131 m\u00fcnasib\u0259til\u0259 i\u015ftirak\u00e7\u0131lar\u0131 v\u0259 onlar\u0131n \u015f\u0259xsind\u0259 rayonun b\u00fct\u00fcn qad\u0131nlar\u0131n\u0131 t\u0259brik etmi\u015fdir. L. Babayev son ill\u0259r \u00f6lk\u0259mizd\u0259 v\u0259 rayonumuzda qad\u0131nlara g\u00f6st\u0259ril\u0259n y\u00fcks\u0259k diqq\u0259t v\u0259 qay\u011f\u0131dan dan\u0131\u015fm\u0131\u015f, onlar\u0131n ictimai-siyasi f\u0259all\u0131\u011f\u0131n\u0131, rayonun sosial-iqtisadi v\u0259 m\u0259d\u0259ni h\u0259yat\u0131nda rolunu y\u00fcks\u0259k d\u0259y\u0259rl\u0259ndirmi\u015fdir.<\/p>\n<p>T\u0259dbird\u0259 f\u0259al qad\u0131nlar\u0131n bir qrupuna qiym\u0259tli h\u0259diyy\u0259l\u0259r verilmi\u015fdir.<\/p>\n<p>Y\u0131\u011f\u0131ncaqda \u00e7\u0131x\u0131\u015f ed\u0259n H\u00fcseynxanl\u0131 k\u0259nd \u00fcmumi orta m\u0259kt\u0259bin direktoru M\u0259kk\u0259 H\u0259midova, \u015eu\u015fa \u015f\u0259h\u0259rind\u0259n m\u0259cburi k\u00f6\u00e7k\u00fcn Sitar\u0259 \u018fliyeva, Yeni Az\u0259rbaycan Partiyas\u0131 rayon t\u0259\u015fkilat\u0131n\u0131n s\u0259dri P\u0259rvin Mahmudova qad\u0131nlara g\u00f6st\u0259ril\u0259n diqq\u0259t v\u0259 qay\u011f\u0131ya g\u00f6r\u0259 \u00f6lk\u0259 Prezidentin\u0259 minn\u0259tdarl\u0131q etmi\u015f v\u0259 2013-c\u00fc ilin Prezident se\u00e7kil\u0259rind\u0259 xalq\u0131m\u0131z\u0131n \u0259n layiqli namiz\u0259dini d\u0259st\u0259kl\u0259y\u0259c\u0259kl\u0259rini b\u0259yan etmi\u015fl\u0259r.<\/p>\n<p><strong>www.zerdab.com<\/strong><\/p>\n<p><img loading=\"lazy\" decoding=\"async\" class=\"aligncenter size-full wp-image-7928\" alt=\"Zerdab-8 mart\" src=\"http:\/\/www.zerdab.com\/wp-content\/uploads\/2013\/03\/Zerdab-8-mart4.jpg\" width=\"1024\" height=\"680\" \/><\/p>\n<p><img loading=\"lazy\" decoding=\"async\" class=\"aligncenter size-medium wp-image-7930\" alt=\"Zerdab-8 mart\" src=\"http:\/\/www.zerdab.com\/wp-content\/uploads\/2013\/03\/Zerdab-8-mart7-350x232.jpg\" width=\"350\" height=\"232\" \/><\/p>\n<p><img loading=\"lazy\" decoding=\"async\" class=\"aligncenter size-full wp-image-7932\" alt=\"Zerdab-8 mart\" src=\"http:\/\/www.zerdab.com\/wp-content\/uploads\/2013\/03\/Zerdab-8-mart3.jpg\" width=\"1024\" height=\"680\" \/><\/p>\n<p>&nbsp;<\/p>\n<p><img loading=\"lazy\" decoding=\"async\" class=\"aligncenter size-medium wp-image-7934\" alt=\"Zerdab-8 mart\" src=\"http:\/\/www.zerdab.com\/wp-content\/uploads\/2013\/03\/Zerdab-8-mart5-350x232.jpg\" width=\"350\" height=\"232\" \/><\/p>\n<p><img loading=\"lazy\" decoding=\"async\" class=\"aligncenter size-medium wp-image-7933\" alt=\"Zerdab-8 mart\" src=\"http:\/\/www.zerdab.com\/wp-content\/uploads\/2013\/03\/Zerdab-8-mart6-350x232.jpg\" width=\"350\" height=\"232\" \/><\/p>\n<p><img loading=\"lazy\" decoding=\"async\" class=\"aligncenter size-medium wp-image-7940\" alt=\"Zerdab-8 mart\" src=\"http:\/\/www.zerdab.com\/wp-content\/uploads\/2013\/03\/Zerdab-8-mart8-350x232.jpg\" width=\"350\" height=\"232\" \/><\/p>\n<p><img loading=\"lazy\" decoding=\"async\" class=\"aligncenter size-medium wp-image-7935\" alt=\"Zerdab-8 mart\" src=\"http:\/\/www.zerdab.com\/wp-content\/uploads\/2013\/03\/Zerdab-8-mart2-232x350.jpg\" width=\"232\" height=\"350\" \/><\/p>\n<p><img loading=\"lazy\" decoding=\"async\" class=\"aligncenter size-medium wp-image-7937\" alt=\"Zerdab-8 mart\" src=\"http:\/\/www.zerdab.com\/wp-content\/uploads\/2013\/03\/Zerdab-8-mart9-350x232.jpg\" width=\"350\" height=\"232\" \/><\/p>\n<p><img loading=\"lazy\" decoding=\"async\" class=\"aligncenter size-medium wp-image-7938\" alt=\"Zerdab-8 mart\" src=\"http:\/\/www.zerdab.com\/wp-content\/uploads\/2013\/03\/Zerdab-8-mart11-350x232.jpg\" width=\"350\" height=\"232\" \/><\/p>\n<p><img loading=\"lazy\" decoding=\"async\" class=\"aligncenter size-medium wp-image-7941\" alt=\"Zerdab-8 mart\" src=\"http:\/\/www.zerdab.com\/wp-content\/uploads\/2013\/03\/Zerdab-8-mart-350x232.jpg\" width=\"350\" height=\"232\" \/><\/p>\n<p><img loading=\"lazy\" decoding=\"async\" class=\"aligncenter size-medium wp-image-7942\" alt=\"Zerdab-8 mart\" src=\"http:\/\/www.zerdab.com\/wp-content\/uploads\/2013\/03\/Zerdab-8-mart12-350x232.jpg\" width=\"350\" height=\"232\" \/><\/p>\n<p><img loading=\"lazy\" decoding=\"async\" class=\"aligncenter size-medium wp-image-7943\" alt=\"Zerdab-8 mart\" src=\"http:\/\/www.zerdab.com\/wp-content\/uploads\/2013\/03\/Zerdab-8-mart10-350x232.jpg\" width=\"350\" height=\"232\" \/><\/p>\n<p><img loading=\"lazy\" decoding=\"async\" class=\"aligncenter size-medium wp-image-7945\" alt=\"Zerdab-8 mart\" src=\"http:\/\/www.zerdab.com\/wp-content\/uploads\/2013\/03\/Zerdab-8-mart131-232x350.jpg\" width=\"232\" height=\"350\" \/><\/p>\n<p><img loading=\"lazy\" decoding=\"async\" class=\"aligncenter size-medium wp-image-7946\" alt=\"Zerdab-8 mar\" src=\"http:\/\/www.zerdab.com\/wp-content\/uploads\/2013\/03\/Zerdab-8-mart1-232x350.jpg\" width=\"232\" height=\"350\" \/><\/p>\n","protected":false},"excerpt":{"rendered":"<p>Z\u0259rdab rayonunda Heyd\u0259r \u018fliyev M\u0259rk\u0259zind\u0259 Rayon \u0130cra Hakimiyy\u0259tinin v\u0259 YAP rayon t\u0259\u015fkilat\u0131n\u0131n birg\u0259 t\u0259\u015fkilat\u00e7\u0131l\u0131\u011f\u0131 il\u0259 8 Mart Beyn\u0259lxalq Qad\u0131nlar G\u00fcn\u00fc m\u00fcnasib\u0259til\u0259 t\u0259nt\u0259n\u0259li y\u0131\u011f\u0131ncaq ke\u00e7irilmi\u015fdir. Z\u0259rdab R\u0130HB Aparat\u0131n\u0131n informasiya t\u0259minat\u0131 v\u0259 t\u0259hlil sektorundan www.zerdab.com sayt\u0131na veril\u0259n m\u0259lumata g\u00f6r\u0259, y\u0131\u011f\u0131ncaqda rayonun qad\u0131n ictimaiyy\u0259tinin 200 n\u0259f\u0259r\u0259 q\u0259d\u0259r n\u00fcmay\u0259nd\u0259si i\u015ftirak etmi\u015fdir. Toplant\u0131da \u00e7\u0131x\u0131\u015f ed\u0259n Rayon \u0130cra hakimiyy\u0259tinin ba\u015f\u00e7\u0131s\u0131, iqtisad [&hellip;]<\/p>\n","protected":false},"author":1,"featured_media":0,"comment_status":"open","ping_status":"open","sticky":false,"template":"","format":"standard","meta":{"footnotes":""},"categories":[21],"tags":[],"class_list":{"0":"post-7926","1":"post","2":"type-post","3":"status-publish","4":"format-standard","6":"category-zrdab"},"yoast_head":"<!-- This site is optimized with the Yoast SEO plugin v27.0 - https:\/\/yoast.com\/product\/yoast-seo-wordpress\/ -->\n<title>Z\u0259rdab rayonunda 8 MART t\u0259briki - fotolar - Z\u0259rdab.com<\/title>\n<meta name=\"robots\" content=\"index, follow, max-snippet:-1, max-image-preview:large, max-video-preview:-1\" \/>\n<link rel=\"canonical\" href=\"https:\/\/www.zerdab.com\/?p=7926\" \/>\n<meta property=\"og:locale\" content=\"az_AZ\" \/>\n<meta property=\"og:type\" content=\"article\" \/>\n<meta property=\"og:title\" content=\"Z\u0259rdab rayonunda 8 MART t\u0259briki - fotolar - Z\u0259rdab.com\" \/>\n<meta property=\"og:description\" content=\"Z\u0259rdab rayonunda Heyd\u0259r \u018fliyev M\u0259rk\u0259zind\u0259 Rayon \u0130cra Hakimiyy\u0259tinin v\u0259 YAP rayon t\u0259\u015fkilat\u0131n\u0131n birg\u0259 t\u0259\u015fkilat\u00e7\u0131l\u0131\u011f\u0131 il\u0259 8 Mart Beyn\u0259lxalq Qad\u0131nlar G\u00fcn\u00fc m\u00fcnasib\u0259til\u0259 t\u0259nt\u0259n\u0259li y\u0131\u011f\u0131ncaq ke\u00e7irilmi\u015fdir. Z\u0259rdab R\u0130HB Aparat\u0131n\u0131n informasiya t\u0259minat\u0131 v\u0259 t\u0259hlil sektorundan www.zerdab.com sayt\u0131na veril\u0259n m\u0259lumata g\u00f6r\u0259, y\u0131\u011f\u0131ncaqda rayonun qad\u0131n ictimaiyy\u0259tinin 200 n\u0259f\u0259r\u0259 q\u0259d\u0259r n\u00fcmay\u0259nd\u0259si i\u015ftirak etmi\u015fdir. Toplant\u0131da \u00e7\u0131x\u0131\u015f ed\u0259n Rayon \u0130cra hakimiyy\u0259tinin ba\u015f\u00e7\u0131s\u0131, iqtisad [&hellip;]\" \/>\n<meta property=\"og:url\" content=\"https:\/\/www.zerdab.com\/?p=7926\" \/>\n<meta property=\"og:site_name\" content=\"Z\u0259rdab.com\" \/>\n<meta property=\"article:published_time\" content=\"2013-03-06T14:08:33+00:00\" \/>\n<meta property=\"article:modified_time\" content=\"2013-03-06T14:42:54+00:00\" \/>\n<meta property=\"og:image\" content=\"http:\/\/www.zerdab.com\/wp-content\/uploads\/2013\/03\/Zerdab-8-mart13-232x350.jpg\" \/>\n<meta name=\"author\" content=\"admin\" \/>\n<meta name=\"twitter:card\" content=\"summary_large_image\" \/>\n<meta name=\"twitter:label1\" content=\"Written by\" \/>\n\t<meta name=\"twitter:data1\" content=\"admin\" \/>\n\t<meta name=\"twitter:label2\" content=\"Est. reading time\" \/>\n\t<meta name=\"twitter:data2\" content=\"1 minute\" \/>\n<script type=\"application\/ld+json\" class=\"yoast-schema-graph\">{\"@context\":\"https:\/\/schema.org\",\"@graph\":[{\"@type\":\"Article\",\"@id\":\"https:\/\/www.zerdab.com\/?p=7926#article\",\"isPartOf\":{\"@id\":\"https:\/\/www.zerdab.com\/?p=7926\"},\"author\":{\"name\":\"admin\",\"@id\":\"https:\/\/www.zerdab.com\/#\/schema\/person\/97079b7570c1e89ec0d9e138c3672136\"},\"headline\":\"Z\u0259rdab rayonunda 8 MART t\u0259briki &#8211; fotolar\",\"datePublished\":\"2013-03-06T14:08:33+00:00\",\"dateModified\":\"2013-03-06T14:42:54+00:00\",\"mainEntityOfPage\":{\"@id\":\"https:\/\/www.zerdab.com\/?p=7926\"},\"wordCount\":304,\"commentCount\":5,\"image\":{\"@id\":\"https:\/\/www.zerdab.com\/?p=7926#primaryimage\"},\"thumbnailUrl\":\"http:\/\/www.zerdab.com\/wp-content\/uploads\/2013\/03\/Zerdab-8-mart13-232x350.jpg\",\"articleSection\":[\"C\u018fM\u0130YY\u018fT\"],\"inLanguage\":\"az\",\"potentialAction\":[{\"@type\":\"CommentAction\",\"name\":\"Comment\",\"target\":[\"https:\/\/www.zerdab.com\/?p=7926#respond\"]}]},{\"@type\":\"WebPage\",\"@id\":\"https:\/\/www.zerdab.com\/?p=7926\",\"url\":\"https:\/\/www.zerdab.com\/?p=7926\",\"name\":\"Z\u0259rdab rayonunda 8 MART t\u0259briki - fotolar - Z\u0259rdab.com\",\"isPartOf\":{\"@id\":\"https:\/\/www.zerdab.com\/#website\"},\"primaryImageOfPage\":{\"@id\":\"https:\/\/www.zerdab.com\/?p=7926#primaryimage\"},\"image\":{\"@id\":\"https:\/\/www.zerdab.com\/?p=7926#primaryimage\"},\"thumbnailUrl\":\"http:\/\/www.zerdab.com\/wp-content\/uploads\/2013\/03\/Zerdab-8-mart13-232x350.jpg\",\"datePublished\":\"2013-03-06T14:08:33+00:00\",\"dateModified\":\"2013-03-06T14:42:54+00:00\",\"author\":{\"@id\":\"https:\/\/www.zerdab.com\/#\/schema\/person\/97079b7570c1e89ec0d9e138c3672136\"},\"breadcrumb\":{\"@id\":\"https:\/\/www.zerdab.com\/?p=7926#breadcrumb\"},\"inLanguage\":\"az\",\"potentialAction\":[{\"@type\":\"ReadAction\",\"target\":[\"https:\/\/www.zerdab.com\/?p=7926\"]}]},{\"@type\":\"ImageObject\",\"inLanguage\":\"az\",\"@id\":\"https:\/\/www.zerdab.com\/?p=7926#primaryimage\",\"url\":\"\",\"contentUrl\":\"\"},{\"@type\":\"BreadcrumbList\",\"@id\":\"https:\/\/www.zerdab.com\/?p=7926#breadcrumb\",\"itemListElement\":[{\"@type\":\"ListItem\",\"position\":1,\"name\":\"Home\",\"item\":\"https:\/\/www.zerdab.com\/\"},{\"@type\":\"ListItem\",\"position\":2,\"name\":\"Z\u0259rdab rayonunda 8 MART t\u0259briki &#8211; fotolar\"}]},{\"@type\":\"WebSite\",\"@id\":\"https:\/\/www.zerdab.com\/#website\",\"url\":\"https:\/\/www.zerdab.com\/\",\"name\":\"Z\u0259rdab.com\",\"description\":\"\",\"potentialAction\":[{\"@type\":\"SearchAction\",\"target\":{\"@type\":\"EntryPoint\",\"urlTemplate\":\"https:\/\/www.zerdab.com\/?s={search_term_string}\"},\"query-input\":{\"@type\":\"PropertyValueSpecification\",\"valueRequired\":true,\"valueName\":\"search_term_string\"}}],\"inLanguage\":\"az\"},{\"@type\":\"Person\",\"@id\":\"https:\/\/www.zerdab.com\/#\/schema\/person\/97079b7570c1e89ec0d9e138c3672136\",\"name\":\"admin\",\"image\":{\"@type\":\"ImageObject\",\"inLanguage\":\"az\",\"@id\":\"https:\/\/www.zerdab.com\/#\/schema\/person\/image\/\",\"url\":\"https:\/\/secure.gravatar.com\/avatar\/d9c52a9a27c32119cb6679a077fa3e2779e5f822c451cbf01098004361d466ec?s=96&d=mm&r=g\",\"contentUrl\":\"https:\/\/secure.gravatar.com\/avatar\/d9c52a9a27c32119cb6679a077fa3e2779e5f822c451cbf01098004361d466ec?s=96&d=mm&r=g\",\"caption\":\"admin\"},\"url\":\"https:\/\/www.zerdab.com\/?author=1\"}]}<\/script>\n<!-- \/ Yoast SEO plugin. -->","yoast_head_json":{"title":"Z\u0259rdab rayonunda 8 MART t\u0259briki - fotolar - Z\u0259rdab.com","robots":{"index":"index","follow":"follow","max-snippet":"max-snippet:-1","max-image-preview":"max-image-preview:large","max-video-preview":"max-video-preview:-1"},"canonical":"https:\/\/www.zerdab.com\/?p=7926","og_locale":"az_AZ","og_type":"article","og_title":"Z\u0259rdab rayonunda 8 MART t\u0259briki - fotolar - Z\u0259rdab.com","og_description":"Z\u0259rdab rayonunda Heyd\u0259r \u018fliyev M\u0259rk\u0259zind\u0259 Rayon \u0130cra Hakimiyy\u0259tinin v\u0259 YAP rayon t\u0259\u015fkilat\u0131n\u0131n birg\u0259 t\u0259\u015fkilat\u00e7\u0131l\u0131\u011f\u0131 il\u0259 8 Mart Beyn\u0259lxalq Qad\u0131nlar G\u00fcn\u00fc m\u00fcnasib\u0259til\u0259 t\u0259nt\u0259n\u0259li y\u0131\u011f\u0131ncaq ke\u00e7irilmi\u015fdir. Z\u0259rdab R\u0130HB Aparat\u0131n\u0131n informasiya t\u0259minat\u0131 v\u0259 t\u0259hlil sektorundan www.zerdab.com sayt\u0131na veril\u0259n m\u0259lumata g\u00f6r\u0259, y\u0131\u011f\u0131ncaqda rayonun qad\u0131n ictimaiyy\u0259tinin 200 n\u0259f\u0259r\u0259 q\u0259d\u0259r n\u00fcmay\u0259nd\u0259si i\u015ftirak etmi\u015fdir. Toplant\u0131da \u00e7\u0131x\u0131\u015f ed\u0259n Rayon \u0130cra hakimiyy\u0259tinin ba\u015f\u00e7\u0131s\u0131, iqtisad [&hellip;]","og_url":"https:\/\/www.zerdab.com\/?p=7926","og_site_name":"Z\u0259rdab.com","article_published_time":"2013-03-06T14:08:33+00:00","article_modified_time":"2013-03-06T14:42:54+00:00","og_image":[{"url":"http:\/\/www.zerdab.com\/wp-content\/uploads\/2013\/03\/Zerdab-8-mart13-232x350.jpg","type":"","width":"","height":""}],"author":"admin","twitter_card":"summary_large_image","twitter_misc":{"Written by":"admin","Est. reading time":"1 minute"},"schema":{"@context":"https:\/\/schema.org","@graph":[{"@type":"Article","@id":"https:\/\/www.zerdab.com\/?p=7926#article","isPartOf":{"@id":"https:\/\/www.zerdab.com\/?p=7926"},"author":{"name":"admin","@id":"https:\/\/www.zerdab.com\/#\/schema\/person\/97079b7570c1e89ec0d9e138c3672136"},"headline":"Z\u0259rdab rayonunda 8 MART t\u0259briki &#8211; fotolar","datePublished":"2013-03-06T14:08:33+00:00","dateModified":"2013-03-06T14:42:54+00:00","mainEntityOfPage":{"@id":"https:\/\/www.zerdab.com\/?p=7926"},"wordCount":304,"commentCount":5,"image":{"@id":"https:\/\/www.zerdab.com\/?p=7926#primaryimage"},"thumbnailUrl":"http:\/\/www.zerdab.com\/wp-content\/uploads\/2013\/03\/Zerdab-8-mart13-232x350.jpg","articleSection":["C\u018fM\u0130YY\u018fT"],"inLanguage":"az","potentialAction":[{"@type":"CommentAction","name":"Comment","target":["https:\/\/www.zerdab.com\/?p=7926#respond"]}]},{"@type":"WebPage","@id":"https:\/\/www.zerdab.com\/?p=7926","url":"https:\/\/www.zerdab.com\/?p=7926","name":"Z\u0259rdab rayonunda 8 MART t\u0259briki - fotolar - Z\u0259rdab.com","isPartOf":{"@id":"https:\/\/www.zerdab.com\/#website"},"primaryImageOfPage":{"@id":"https:\/\/www.zerdab.com\/?p=7926#primaryimage"},"image":{"@id":"https:\/\/www.zerdab.com\/?p=7926#primaryimage"},"thumbnailUrl":"http:\/\/www.zerdab.com\/wp-content\/uploads\/2013\/03\/Zerdab-8-mart13-232x350.jpg","datePublished":"2013-03-06T14:08:33+00:00","dateModified":"2013-03-06T14:42:54+00:00","author":{"@id":"https:\/\/www.zerdab.com\/#\/schema\/person\/97079b7570c1e89ec0d9e138c3672136"},"breadcrumb":{"@id":"https:\/\/www.zerdab.com\/?p=7926#breadcrumb"},"inLanguage":"az","potentialAction":[{"@type":"ReadAction","target":["https:\/\/www.zerdab.com\/?p=7926"]}]},{"@type":"ImageObject","inLanguage":"az","@id":"https:\/\/www.zerdab.com\/?p=7926#primaryimage","url":"","contentUrl":""},{"@type":"BreadcrumbList","@id":"https:\/\/www.zerdab.com\/?p=7926#breadcrumb","itemListElement":[{"@type":"ListItem","position":1,"name":"Home","item":"https:\/\/www.zerdab.com\/"},{"@type":"ListItem","position":2,"name":"Z\u0259rdab rayonunda 8 MART t\u0259briki &#8211; fotolar"}]},{"@type":"WebSite","@id":"https:\/\/www.zerdab.com\/#website","url":"https:\/\/www.zerdab.com\/","name":"Z\u0259rdab.com","description":"","potentialAction":[{"@type":"SearchAction","target":{"@type":"EntryPoint","urlTemplate":"https:\/\/www.zerdab.com\/?s={search_term_string}"},"query-input":{"@type":"PropertyValueSpecification","valueRequired":true,"valueName":"search_term_string"}}],"inLanguage":"az"},{"@type":"Person","@id":"https:\/\/www.zerdab.com\/#\/schema\/person\/97079b7570c1e89ec0d9e138c3672136","name":"admin","image":{"@type":"ImageObject","inLanguage":"az","@id":"https:\/\/www.zerdab.com\/#\/schema\/person\/image\/","url":"https:\/\/secure.gravatar.com\/avatar\/d9c52a9a27c32119cb6679a077fa3e2779e5f822c451cbf01098004361d466ec?s=96&d=mm&r=g","contentUrl":"https:\/\/secure.gravatar.com\/avatar\/d9c52a9a27c32119cb6679a077fa3e2779e5f822c451cbf01098004361d466ec?s=96&d=mm&r=g","caption":"admin"},"url":"https:\/\/www.zerdab.com\/?author=1"}]}},"_links":{"self":[{"href":"https:\/\/www.zerdab.com\/index.php?rest_route=\/wp\/v2\/posts\/7926","targetHints":{"allow":["GET"]}}],"collection":[{"href":"https:\/\/www.zerdab.com\/index.php?rest_route=\/wp\/v2\/posts"}],"about":[{"href":"https:\/\/www.zerdab.com\/index.php?rest_route=\/wp\/v2\/types\/post"}],"author":[{"embeddable":true,"href":"https:\/\/www.zerdab.com\/index.php?rest_route=\/wp\/v2\/users\/1"}],"replies":[{"embeddable":true,"href":"https:\/\/www.zerdab.com\/index.php?rest_route=%2Fwp%2Fv2%2Fcomments&post=7926"}],"version-history":[{"count":11,"href":"https:\/\/www.zerdab.com\/index.php?rest_route=\/wp\/v2\/posts\/7926\/revisions"}],"predecessor-version":[{"id":7952,"href":"https:\/\/www.zerdab.com\/index.php?rest_route=\/wp\/v2\/posts\/7926\/revisions\/7952"}],"wp:attachment":[{"href":"https:\/\/www.zerdab.com\/index.php?rest_route=%2Fwp%2Fv2%2Fmedia&parent=7926"}],"wp:term":[{"taxonomy":"category","embeddable":true,"href":"https:\/\/www.zerdab.com\/index.php?rest_route=%2Fwp%2Fv2%2Fcategories&post=7926"},{"taxonomy":"post_tag","embeddable":true,"href":"https:\/\/www.zerdab.com\/index.php?rest_route=%2Fwp%2Fv2%2Ftags&post=7926"}],"curies":[{"name":"wp","href":"https:\/\/api.w.org\/{rel}","templated":true}]}}