{"id":8001,"date":"2013-03-08T13:10:11","date_gmt":"2013-03-08T09:10:11","guid":{"rendered":"http:\/\/www.zerdab.com\/?p=8001"},"modified":"2013-03-08T13:14:27","modified_gmt":"2013-03-08T09:14:27","slug":"z%c9%99rdab-rayonunda-70-min-agac-5-min-gul-kolu-%c9%99kilib-fotolar","status":"publish","type":"post","link":"https:\/\/www.zerdab.com\/?p=8001","title":{"rendered":"Z\u0259rdab rayonunda 70 min a\u011fac, 5 min g\u00fcl kolu \u0259kildi &#8211; fotolar"},"content":{"rendered":"<p><img loading=\"lazy\" decoding=\"async\" class=\"aligncenter size-medium wp-image-8002\" alt=\"A\u011fac\u0259km\u0259\" src=\"http:\/\/www.zerdab.com\/wp-content\/uploads\/2013\/03\/Zerdab-rayonu-350x232.jpg\" width=\"350\" height=\"232\" \/>Az\u0259rbaycan Respublikas\u0131 Prezidentinin \u201cAz\u0259rbaycan xalq\u0131n\u0131n \u00fcmummilli lideri Heyd\u0259r \u018fliyevin 90 illik yubileyi haqq\u0131nda\u201d 21 yanvar 2013-c\u00fc il tarixli s\u0259r\u0259ncam\u0131 il\u0259 ba\u011fl\u0131 z\u0259rdabl\u0131lar rayon \u0259razisind\u0259, o c\u00fcml\u0259d\u0259n magistral yollar\u0131n k\u0259narlar\u0131nda 2013-c\u00fc ild\u0259 90000 \u0259d\u0259d m\u00fcxt\u0259lif n\u00f6vd\u0259n ola a\u011faclar\u0131n \u0259kilm\u0259si t\u0259\u015f\u0259bb\u00fcs\u00fcn\u00fc ir\u0259li s\u00fcrm\u00fc\u015fl\u0259r. 25 yanvar 2013-c\u00fc il tarixd\u0259 rayon \u0259razisind\u0259 im\u0259cilikl\u0259r ke\u00e7irilm\u0259sin\u0259 start verilmi\u015fdir. Bu g\u00fcn t\u0259\u015fkil olunan k\u00f6n\u00fcll\u00fc a\u011fac\u0259km\u0259 kampaniyas\u0131nda rayonun idar\u0259, m\u00fc\u0259ssis\u0259 v\u0259 t\u0259\u015fkilatlar\u0131ndan, m\u0259d\u0259niyy\u0259t, t\u0259hsil v\u0259 s\u0259hiyy\u0259 ocaqlar\u0131ndan minl\u0259rl\u0259 adam i\u015ftirak etmi\u015fdir. Bu g\u00fcn\u0259d\u0259k Z\u0259rdab-Ucar magistral yolunun k\u0259nar\u0131nda, t\u0259bii f\u0259lak\u0259td\u0259n ziyan \u00e7\u0259kmi\u015f ail\u0259l\u0259r \u00fc\u00e7\u00fcn yeni sal\u0131nm\u0131\u015f q\u0259s\u0259b\u0259d\u0259 v\u0259 Heyd\u0259r \u018fliyev park\u0131nda 70000 \u0259d\u0259d s\u0259rv, k\u00fcknar, \u015fam v\u0259 t\u00fcrk qova\u011f\u0131, 5 mind\u0259n \u00e7ox g\u00fcl kollar\u0131 v\u0259 \u00e7i\u00e7\u0259k \u0259kilmi\u015fdir.<\/p>\n<p>\u00dcmummilli liderimiz Heyd\u0259r \u018fliyevin xatir\u0259sin\u0259 ehtiram \u0259lam\u0259ti olaraq may ay\u0131na q\u0259d\u0259r rayon m\u0259rk\u0259zind\u0259, Z\u0259rdab-Ucar, Z\u0259rdab-Mollak\u0259nd, Z\u0259rdab-A\u011fcab\u0259di magistral avtomobil yollar\u0131n\u0131n k\u0259narlar\u0131nda v\u0259 42 ya\u015fay\u0131\u015f m\u0259nt\u0259q\u0259sinin \u0259razisind\u0259 daha 20000 \u0259d\u0259d a\u011fac\u0131n \u0259kilm\u0259si n\u0259z\u0259rd\u0259 tutulmu\u015fdur. \u00dcmumiyy\u0259tl\u0259, son ill\u0259r rayonda 250\u00a0000-\u0259 q\u0259d\u0259r a\u011fac v\u0259 g\u00fcl kolu sal\u0131n\u0131b. T\u0259kc\u0259 Heyd\u0259r \u018fliyev park\u0131nda 55000 \u0259d\u0259d a\u011fac v\u0259 g\u00fcl kollar\u0131 \u0259kilmi\u015fdir.<\/p>\n<p><img loading=\"lazy\" decoding=\"async\" class=\"aligncenter size-full wp-image-8005\" alt=\"Z\u0259rdab rayonu-a\u011fac\u0259km\u0259\" src=\"http:\/\/www.zerdab.com\/wp-content\/uploads\/2013\/03\/Z\u0259rdab-rayonu-a\u011fac\u0259km\u0259.jpg\" width=\"800\" height=\"531\" \/><\/p>\n<p><img loading=\"lazy\" decoding=\"async\" class=\"aligncenter size-full wp-image-8002\" alt=\"A\u011fac\u0259km\u0259\" src=\"http:\/\/www.zerdab.com\/wp-content\/uploads\/2013\/03\/Zerdab-rayonu.jpg\" width=\"800\" height=\"531\" \/><\/p>\n<p><img loading=\"lazy\" decoding=\"async\" class=\"aligncenter size-medium wp-image-8006\" alt=\"Z\u0259rdab-rayonu-a\u011fac\u0259km\u0259\" src=\"http:\/\/www.zerdab.com\/wp-content\/uploads\/2013\/03\/Z\u0259rdab-rayonu-a\u011fac\u0259km\u02591-232x350.jpg\" width=\"232\" height=\"350\" \/><\/p>\n","protected":false},"excerpt":{"rendered":"<p>Az\u0259rbaycan Respublikas\u0131 Prezidentinin \u201cAz\u0259rbaycan xalq\u0131n\u0131n \u00fcmummilli lideri Heyd\u0259r \u018fliyevin 90 illik yubileyi haqq\u0131nda\u201d 21 yanvar 2013-c\u00fc il tarixli s\u0259r\u0259ncam\u0131 il\u0259 ba\u011fl\u0131 z\u0259rdabl\u0131lar rayon \u0259razisind\u0259, o c\u00fcml\u0259d\u0259n magistral yollar\u0131n k\u0259narlar\u0131nda 2013-c\u00fc ild\u0259 90000 \u0259d\u0259d m\u00fcxt\u0259lif n\u00f6vd\u0259n ola a\u011faclar\u0131n \u0259kilm\u0259si t\u0259\u015f\u0259bb\u00fcs\u00fcn\u00fc ir\u0259li s\u00fcrm\u00fc\u015fl\u0259r. 25 yanvar 2013-c\u00fc il tarixd\u0259 rayon \u0259razisind\u0259 im\u0259cilikl\u0259r ke\u00e7irilm\u0259sin\u0259 start verilmi\u015fdir. Bu g\u00fcn t\u0259\u015fkil [&hellip;]<\/p>\n","protected":false},"author":1,"featured_media":0,"comment_status":"open","ping_status":"open","sticky":false,"template":"","format":"standard","meta":{"footnotes":""},"categories":[21],"tags":[],"class_list":{"0":"post-8001","1":"post","2":"type-post","3":"status-publish","4":"format-standard","6":"category-zrdab"},"yoast_head":"<!-- This site is optimized with the Yoast SEO plugin v27.0 - https:\/\/yoast.com\/product\/yoast-seo-wordpress\/ -->\n<title>Z\u0259rdab rayonunda 70 min a\u011fac, 5 min g\u00fcl kolu \u0259kildi - fotolar - Z\u0259rdab.com<\/title>\n<meta name=\"robots\" content=\"index, follow, max-snippet:-1, max-image-preview:large, max-video-preview:-1\" \/>\n<link rel=\"canonical\" href=\"https:\/\/www.zerdab.com\/?p=8001\" \/>\n<meta property=\"og:locale\" content=\"az_AZ\" \/>\n<meta property=\"og:type\" content=\"article\" \/>\n<meta property=\"og:title\" content=\"Z\u0259rdab rayonunda 70 min a\u011fac, 5 min g\u00fcl kolu \u0259kildi - fotolar - Z\u0259rdab.com\" \/>\n<meta property=\"og:description\" content=\"Az\u0259rbaycan Respublikas\u0131 Prezidentinin \u201cAz\u0259rbaycan xalq\u0131n\u0131n \u00fcmummilli lideri Heyd\u0259r \u018fliyevin 90 illik yubileyi haqq\u0131nda\u201d 21 yanvar 2013-c\u00fc il tarixli s\u0259r\u0259ncam\u0131 il\u0259 ba\u011fl\u0131 z\u0259rdabl\u0131lar rayon \u0259razisind\u0259, o c\u00fcml\u0259d\u0259n magistral yollar\u0131n k\u0259narlar\u0131nda 2013-c\u00fc ild\u0259 90000 \u0259d\u0259d m\u00fcxt\u0259lif n\u00f6vd\u0259n ola a\u011faclar\u0131n \u0259kilm\u0259si t\u0259\u015f\u0259bb\u00fcs\u00fcn\u00fc ir\u0259li s\u00fcrm\u00fc\u015fl\u0259r. 25 yanvar 2013-c\u00fc il tarixd\u0259 rayon \u0259razisind\u0259 im\u0259cilikl\u0259r ke\u00e7irilm\u0259sin\u0259 start verilmi\u015fdir. Bu g\u00fcn t\u0259\u015fkil [&hellip;]\" \/>\n<meta property=\"og:url\" content=\"https:\/\/www.zerdab.com\/?p=8001\" \/>\n<meta property=\"og:site_name\" content=\"Z\u0259rdab.com\" \/>\n<meta property=\"article:published_time\" content=\"2013-03-08T09:10:11+00:00\" \/>\n<meta property=\"article:modified_time\" content=\"2013-03-08T09:14:27+00:00\" \/>\n<meta property=\"og:image\" content=\"http:\/\/www.zerdab.com\/wp-content\/uploads\/2013\/03\/Zerdab-rayonu-350x232.jpg\" \/>\n<meta name=\"author\" content=\"admin\" \/>\n<meta name=\"twitter:card\" content=\"summary_large_image\" \/>\n<meta name=\"twitter:label1\" content=\"Written by\" \/>\n\t<meta name=\"twitter:data1\" content=\"admin\" \/>\n\t<meta name=\"twitter:label2\" content=\"Est. reading time\" \/>\n\t<meta name=\"twitter:data2\" content=\"1 minute\" \/>\n<script type=\"application\/ld+json\" class=\"yoast-schema-graph\">{\"@context\":\"https:\/\/schema.org\",\"@graph\":[{\"@type\":\"Article\",\"@id\":\"https:\/\/www.zerdab.com\/?p=8001#article\",\"isPartOf\":{\"@id\":\"https:\/\/www.zerdab.com\/?p=8001\"},\"author\":{\"name\":\"admin\",\"@id\":\"https:\/\/www.zerdab.com\/#\/schema\/person\/97079b7570c1e89ec0d9e138c3672136\"},\"headline\":\"Z\u0259rdab rayonunda 70 min a\u011fac, 5 min g\u00fcl kolu \u0259kildi &#8211; fotolar\",\"datePublished\":\"2013-03-08T09:10:11+00:00\",\"dateModified\":\"2013-03-08T09:14:27+00:00\",\"mainEntityOfPage\":{\"@id\":\"https:\/\/www.zerdab.com\/?p=8001\"},\"wordCount\":292,\"commentCount\":3,\"image\":{\"@id\":\"https:\/\/www.zerdab.com\/?p=8001#primaryimage\"},\"thumbnailUrl\":\"http:\/\/www.zerdab.com\/wp-content\/uploads\/2013\/03\/Zerdab-rayonu-350x232.jpg\",\"articleSection\":[\"C\u018fM\u0130YY\u018fT\"],\"inLanguage\":\"az\",\"potentialAction\":[{\"@type\":\"CommentAction\",\"name\":\"Comment\",\"target\":[\"https:\/\/www.zerdab.com\/?p=8001#respond\"]}]},{\"@type\":\"WebPage\",\"@id\":\"https:\/\/www.zerdab.com\/?p=8001\",\"url\":\"https:\/\/www.zerdab.com\/?p=8001\",\"name\":\"Z\u0259rdab rayonunda 70 min a\u011fac, 5 min g\u00fcl kolu \u0259kildi - fotolar - Z\u0259rdab.com\",\"isPartOf\":{\"@id\":\"https:\/\/www.zerdab.com\/#website\"},\"primaryImageOfPage\":{\"@id\":\"https:\/\/www.zerdab.com\/?p=8001#primaryimage\"},\"image\":{\"@id\":\"https:\/\/www.zerdab.com\/?p=8001#primaryimage\"},\"thumbnailUrl\":\"http:\/\/www.zerdab.com\/wp-content\/uploads\/2013\/03\/Zerdab-rayonu-350x232.jpg\",\"datePublished\":\"2013-03-08T09:10:11+00:00\",\"dateModified\":\"2013-03-08T09:14:27+00:00\",\"author\":{\"@id\":\"https:\/\/www.zerdab.com\/#\/schema\/person\/97079b7570c1e89ec0d9e138c3672136\"},\"breadcrumb\":{\"@id\":\"https:\/\/www.zerdab.com\/?p=8001#breadcrumb\"},\"inLanguage\":\"az\",\"potentialAction\":[{\"@type\":\"ReadAction\",\"target\":[\"https:\/\/www.zerdab.com\/?p=8001\"]}]},{\"@type\":\"ImageObject\",\"inLanguage\":\"az\",\"@id\":\"https:\/\/www.zerdab.com\/?p=8001#primaryimage\",\"url\":\"\",\"contentUrl\":\"\"},{\"@type\":\"BreadcrumbList\",\"@id\":\"https:\/\/www.zerdab.com\/?p=8001#breadcrumb\",\"itemListElement\":[{\"@type\":\"ListItem\",\"position\":1,\"name\":\"Home\",\"item\":\"https:\/\/www.zerdab.com\/\"},{\"@type\":\"ListItem\",\"position\":2,\"name\":\"Z\u0259rdab rayonunda 70 min a\u011fac, 5 min g\u00fcl kolu \u0259kildi &#8211; fotolar\"}]},{\"@type\":\"WebSite\",\"@id\":\"https:\/\/www.zerdab.com\/#website\",\"url\":\"https:\/\/www.zerdab.com\/\",\"name\":\"Z\u0259rdab.com\",\"description\":\"\",\"potentialAction\":[{\"@type\":\"SearchAction\",\"target\":{\"@type\":\"EntryPoint\",\"urlTemplate\":\"https:\/\/www.zerdab.com\/?s={search_term_string}\"},\"query-input\":{\"@type\":\"PropertyValueSpecification\",\"valueRequired\":true,\"valueName\":\"search_term_string\"}}],\"inLanguage\":\"az\"},{\"@type\":\"Person\",\"@id\":\"https:\/\/www.zerdab.com\/#\/schema\/person\/97079b7570c1e89ec0d9e138c3672136\",\"name\":\"admin\",\"image\":{\"@type\":\"ImageObject\",\"inLanguage\":\"az\",\"@id\":\"https:\/\/www.zerdab.com\/#\/schema\/person\/image\/\",\"url\":\"https:\/\/secure.gravatar.com\/avatar\/d9c52a9a27c32119cb6679a077fa3e2779e5f822c451cbf01098004361d466ec?s=96&d=mm&r=g\",\"contentUrl\":\"https:\/\/secure.gravatar.com\/avatar\/d9c52a9a27c32119cb6679a077fa3e2779e5f822c451cbf01098004361d466ec?s=96&d=mm&r=g\",\"caption\":\"admin\"},\"url\":\"https:\/\/www.zerdab.com\/?author=1\"}]}<\/script>\n<!-- \/ Yoast SEO plugin. -->","yoast_head_json":{"title":"Z\u0259rdab rayonunda 70 min a\u011fac, 5 min g\u00fcl kolu \u0259kildi - fotolar - Z\u0259rdab.com","robots":{"index":"index","follow":"follow","max-snippet":"max-snippet:-1","max-image-preview":"max-image-preview:large","max-video-preview":"max-video-preview:-1"},"canonical":"https:\/\/www.zerdab.com\/?p=8001","og_locale":"az_AZ","og_type":"article","og_title":"Z\u0259rdab rayonunda 70 min a\u011fac, 5 min g\u00fcl kolu \u0259kildi - fotolar - Z\u0259rdab.com","og_description":"Az\u0259rbaycan Respublikas\u0131 Prezidentinin \u201cAz\u0259rbaycan xalq\u0131n\u0131n \u00fcmummilli lideri Heyd\u0259r \u018fliyevin 90 illik yubileyi haqq\u0131nda\u201d 21 yanvar 2013-c\u00fc il tarixli s\u0259r\u0259ncam\u0131 il\u0259 ba\u011fl\u0131 z\u0259rdabl\u0131lar rayon \u0259razisind\u0259, o c\u00fcml\u0259d\u0259n magistral yollar\u0131n k\u0259narlar\u0131nda 2013-c\u00fc ild\u0259 90000 \u0259d\u0259d m\u00fcxt\u0259lif n\u00f6vd\u0259n ola a\u011faclar\u0131n \u0259kilm\u0259si t\u0259\u015f\u0259bb\u00fcs\u00fcn\u00fc ir\u0259li s\u00fcrm\u00fc\u015fl\u0259r. 25 yanvar 2013-c\u00fc il tarixd\u0259 rayon \u0259razisind\u0259 im\u0259cilikl\u0259r ke\u00e7irilm\u0259sin\u0259 start verilmi\u015fdir. Bu g\u00fcn t\u0259\u015fkil [&hellip;]","og_url":"https:\/\/www.zerdab.com\/?p=8001","og_site_name":"Z\u0259rdab.com","article_published_time":"2013-03-08T09:10:11+00:00","article_modified_time":"2013-03-08T09:14:27+00:00","og_image":[{"url":"http:\/\/www.zerdab.com\/wp-content\/uploads\/2013\/03\/Zerdab-rayonu-350x232.jpg","type":"","width":"","height":""}],"author":"admin","twitter_card":"summary_large_image","twitter_misc":{"Written by":"admin","Est. reading time":"1 minute"},"schema":{"@context":"https:\/\/schema.org","@graph":[{"@type":"Article","@id":"https:\/\/www.zerdab.com\/?p=8001#article","isPartOf":{"@id":"https:\/\/www.zerdab.com\/?p=8001"},"author":{"name":"admin","@id":"https:\/\/www.zerdab.com\/#\/schema\/person\/97079b7570c1e89ec0d9e138c3672136"},"headline":"Z\u0259rdab rayonunda 70 min a\u011fac, 5 min g\u00fcl kolu \u0259kildi &#8211; fotolar","datePublished":"2013-03-08T09:10:11+00:00","dateModified":"2013-03-08T09:14:27+00:00","mainEntityOfPage":{"@id":"https:\/\/www.zerdab.com\/?p=8001"},"wordCount":292,"commentCount":3,"image":{"@id":"https:\/\/www.zerdab.com\/?p=8001#primaryimage"},"thumbnailUrl":"http:\/\/www.zerdab.com\/wp-content\/uploads\/2013\/03\/Zerdab-rayonu-350x232.jpg","articleSection":["C\u018fM\u0130YY\u018fT"],"inLanguage":"az","potentialAction":[{"@type":"CommentAction","name":"Comment","target":["https:\/\/www.zerdab.com\/?p=8001#respond"]}]},{"@type":"WebPage","@id":"https:\/\/www.zerdab.com\/?p=8001","url":"https:\/\/www.zerdab.com\/?p=8001","name":"Z\u0259rdab rayonunda 70 min a\u011fac, 5 min g\u00fcl kolu \u0259kildi - fotolar - Z\u0259rdab.com","isPartOf":{"@id":"https:\/\/www.zerdab.com\/#website"},"primaryImageOfPage":{"@id":"https:\/\/www.zerdab.com\/?p=8001#primaryimage"},"image":{"@id":"https:\/\/www.zerdab.com\/?p=8001#primaryimage"},"thumbnailUrl":"http:\/\/www.zerdab.com\/wp-content\/uploads\/2013\/03\/Zerdab-rayonu-350x232.jpg","datePublished":"2013-03-08T09:10:11+00:00","dateModified":"2013-03-08T09:14:27+00:00","author":{"@id":"https:\/\/www.zerdab.com\/#\/schema\/person\/97079b7570c1e89ec0d9e138c3672136"},"breadcrumb":{"@id":"https:\/\/www.zerdab.com\/?p=8001#breadcrumb"},"inLanguage":"az","potentialAction":[{"@type":"ReadAction","target":["https:\/\/www.zerdab.com\/?p=8001"]}]},{"@type":"ImageObject","inLanguage":"az","@id":"https:\/\/www.zerdab.com\/?p=8001#primaryimage","url":"","contentUrl":""},{"@type":"BreadcrumbList","@id":"https:\/\/www.zerdab.com\/?p=8001#breadcrumb","itemListElement":[{"@type":"ListItem","position":1,"name":"Home","item":"https:\/\/www.zerdab.com\/"},{"@type":"ListItem","position":2,"name":"Z\u0259rdab rayonunda 70 min a\u011fac, 5 min g\u00fcl kolu \u0259kildi &#8211; fotolar"}]},{"@type":"WebSite","@id":"https:\/\/www.zerdab.com\/#website","url":"https:\/\/www.zerdab.com\/","name":"Z\u0259rdab.com","description":"","potentialAction":[{"@type":"SearchAction","target":{"@type":"EntryPoint","urlTemplate":"https:\/\/www.zerdab.com\/?s={search_term_string}"},"query-input":{"@type":"PropertyValueSpecification","valueRequired":true,"valueName":"search_term_string"}}],"inLanguage":"az"},{"@type":"Person","@id":"https:\/\/www.zerdab.com\/#\/schema\/person\/97079b7570c1e89ec0d9e138c3672136","name":"admin","image":{"@type":"ImageObject","inLanguage":"az","@id":"https:\/\/www.zerdab.com\/#\/schema\/person\/image\/","url":"https:\/\/secure.gravatar.com\/avatar\/d9c52a9a27c32119cb6679a077fa3e2779e5f822c451cbf01098004361d466ec?s=96&d=mm&r=g","contentUrl":"https:\/\/secure.gravatar.com\/avatar\/d9c52a9a27c32119cb6679a077fa3e2779e5f822c451cbf01098004361d466ec?s=96&d=mm&r=g","caption":"admin"},"url":"https:\/\/www.zerdab.com\/?author=1"}]}},"_links":{"self":[{"href":"https:\/\/www.zerdab.com\/index.php?rest_route=\/wp\/v2\/posts\/8001","targetHints":{"allow":["GET"]}}],"collection":[{"href":"https:\/\/www.zerdab.com\/index.php?rest_route=\/wp\/v2\/posts"}],"about":[{"href":"https:\/\/www.zerdab.com\/index.php?rest_route=\/wp\/v2\/types\/post"}],"author":[{"embeddable":true,"href":"https:\/\/www.zerdab.com\/index.php?rest_route=\/wp\/v2\/users\/1"}],"replies":[{"embeddable":true,"href":"https:\/\/www.zerdab.com\/index.php?rest_route=%2Fwp%2Fv2%2Fcomments&post=8001"}],"version-history":[{"count":4,"href":"https:\/\/www.zerdab.com\/index.php?rest_route=\/wp\/v2\/posts\/8001\/revisions"}],"predecessor-version":[{"id":8008,"href":"https:\/\/www.zerdab.com\/index.php?rest_route=\/wp\/v2\/posts\/8001\/revisions\/8008"}],"wp:attachment":[{"href":"https:\/\/www.zerdab.com\/index.php?rest_route=%2Fwp%2Fv2%2Fmedia&parent=8001"}],"wp:term":[{"taxonomy":"category","embeddable":true,"href":"https:\/\/www.zerdab.com\/index.php?rest_route=%2Fwp%2Fv2%2Fcategories&post=8001"},{"taxonomy":"post_tag","embeddable":true,"href":"https:\/\/www.zerdab.com\/index.php?rest_route=%2Fwp%2Fv2%2Ftags&post=8001"}],"curies":[{"name":"wp","href":"https:\/\/api.w.org\/{rel}","templated":true}]}}