{"id":8038,"date":"2013-03-10T20:43:03","date_gmt":"2013-03-10T16:43:03","guid":{"rendered":"http:\/\/www.zerdab.com\/?p=8038"},"modified":"2013-03-10T23:46:28","modified_gmt":"2013-03-10T19:46:28","slug":"martin-16-da-z%c9%99rdab-rayonunda-sinaq-imtahani-keciril%c9%99c%c9%99k","status":"publish","type":"post","link":"https:\/\/www.zerdab.com\/?p=8038","title":{"rendered":"Mart\u0131n 16-da Z\u0259rdab rayonunda s\u0131naq imtahan\u0131 ke\u00e7iril\u0259c\u0259k"},"content":{"rendered":"<p><strong><img loading=\"lazy\" decoding=\"async\" class=\"aligncenter size-medium wp-image-8039\" alt=\"s\u0131naq imtahan\u0131\" src=\"http:\/\/www.zerdab.com\/wp-content\/uploads\/2013\/03\/s\u0131naq-imtahan\u0131-350x262.jpg\" width=\"350\" height=\"262\" \/>Mart ay\u0131n\u0131n 16-da Z\u0259rdab rayonunda 3, 4, 5, 6, 7, 8-ci sinif \u015fagirdl\u0259ri \u00fc\u00e7\u00fcn s\u0131naq imtahan\u0131 ke\u00e7iril\u0259c\u0259k.<\/strong> Bu bar\u0259d\u0259 m\u0259lumat ver\u0259n &#8220;Z\u018fRDAB\u0130 YOLU&#8221; T\u0259dris M\u0259rk\u0259zinin t\u0259sis\u00e7isi Natiq Eyvazovun s\u00f6zl\u0259rin\u0259 g\u00f6r\u0259, s\u0131naq imtahan\u0131 Z\u0259rdab rayonu 1 n\u00f6mr\u0259li tam orta m\u0259kt\u0259bd\u0259 t\u0259\u015fkil olunacaq. S\u0131naq imtahan\u0131 Az\u0259rbaycan dili, Riyaziyyat, \u0130ngilis dili v\u0259 M\u0259ntiq \u00fczr\u0259 olacaq. \u0130mtahanda istifad\u0259 edil\u0259n suallar ancaq ke\u00e7ilmi\u015f m\u00f6vzular\u0131 \u0259hat\u0259 ed\u0259c\u0259k. \u0130mtahanda h\u0259r m\u00f6vzu \u00fczr\u0259 15 sual olmaqla c\u0259mi 60 sual istifad\u0259 edil\u0259c\u0259k. H\u0259r sual 1 balla qiym\u0259tl\u0259ndiril\u0259c\u0259k. H\u0259r 4 s\u0259hv sual 1 d\u00fczg\u00fcn cavab\u0131 sil\u0259c\u0259k!<\/p>\n<p>\u0130mtahan saat 09:30-da ba\u015flanacaq.<\/p>\n<p>S\u0131naq imtahan\u0131nda texnikumlara haz\u0131rla\u015fan \u015fagirdl\u0259r d\u0259 \u00f6z g\u00fccl\u0259rini s\u0131naya bil\u0259c\u0259kl\u0259r.<\/p>\n<p>Maraqlanan \u015fagirdl\u0259r mart ay\u0131n\u0131n 14-d\u0259k &#8220;Z\u018fRDAB\u0130 YOLU&#8221; T\u0259dris M\u0259rk\u0259zin\u0259 m\u00fcraci\u0259t ed\u0259 bil\u0259rl\u0259r.<\/p>\n<p><span style=\"color: #ff0000;\"><strong><em>\u00dcnvan: Z\u0259rdab rayonu, 1 sayl\u0131 orta m\u0259kt\u0259b.<\/em><\/strong><\/span><\/p>\n<p><span style=\"color: #ff0000;\"><strong><em>Tel: 050 375 30 84, 050 383 76 52<\/em><\/strong><\/span><\/p>\n","protected":false},"excerpt":{"rendered":"<p>Mart ay\u0131n\u0131n 16-da Z\u0259rdab rayonunda 3, 4, 5, 6, 7, 8-ci sinif \u015fagirdl\u0259ri \u00fc\u00e7\u00fcn s\u0131naq imtahan\u0131 ke\u00e7iril\u0259c\u0259k. Bu bar\u0259d\u0259 m\u0259lumat ver\u0259n &#8220;Z\u018fRDAB\u0130 YOLU&#8221; T\u0259dris M\u0259rk\u0259zinin t\u0259sis\u00e7isi Natiq Eyvazovun s\u00f6zl\u0259rin\u0259 g\u00f6r\u0259, s\u0131naq imtahan\u0131 Z\u0259rdab rayonu 1 n\u00f6mr\u0259li tam orta m\u0259kt\u0259bd\u0259 t\u0259\u015fkil olunacaq. S\u0131naq imtahan\u0131 Az\u0259rbaycan dili, Riyaziyyat, \u0130ngilis dili v\u0259 M\u0259ntiq \u00fczr\u0259 olacaq. \u0130mtahanda istifad\u0259 edil\u0259n [&hellip;]<\/p>\n","protected":false},"author":1,"featured_media":0,"comment_status":"open","ping_status":"open","sticky":false,"template":"","format":"standard","meta":{"footnotes":""},"categories":[21],"tags":[],"class_list":{"0":"post-8038","1":"post","2":"type-post","3":"status-publish","4":"format-standard","6":"category-zrdab"},"yoast_head":"<!-- This site is optimized with the Yoast SEO plugin v27.0 - https:\/\/yoast.com\/product\/yoast-seo-wordpress\/ -->\n<title>Mart\u0131n 16-da Z\u0259rdab rayonunda s\u0131naq imtahan\u0131 ke\u00e7iril\u0259c\u0259k - Z\u0259rdab.com<\/title>\n<meta name=\"robots\" content=\"index, follow, max-snippet:-1, max-image-preview:large, max-video-preview:-1\" \/>\n<link rel=\"canonical\" href=\"https:\/\/www.zerdab.com\/?p=8038\" \/>\n<meta property=\"og:locale\" content=\"az_AZ\" \/>\n<meta property=\"og:type\" content=\"article\" \/>\n<meta property=\"og:title\" content=\"Mart\u0131n 16-da Z\u0259rdab rayonunda s\u0131naq imtahan\u0131 ke\u00e7iril\u0259c\u0259k - Z\u0259rdab.com\" \/>\n<meta property=\"og:description\" content=\"Mart ay\u0131n\u0131n 16-da Z\u0259rdab rayonunda 3, 4, 5, 6, 7, 8-ci sinif \u015fagirdl\u0259ri \u00fc\u00e7\u00fcn s\u0131naq imtahan\u0131 ke\u00e7iril\u0259c\u0259k. Bu bar\u0259d\u0259 m\u0259lumat ver\u0259n &#8220;Z\u018fRDAB\u0130 YOLU&#8221; T\u0259dris M\u0259rk\u0259zinin t\u0259sis\u00e7isi Natiq Eyvazovun s\u00f6zl\u0259rin\u0259 g\u00f6r\u0259, s\u0131naq imtahan\u0131 Z\u0259rdab rayonu 1 n\u00f6mr\u0259li tam orta m\u0259kt\u0259bd\u0259 t\u0259\u015fkil olunacaq. S\u0131naq imtahan\u0131 Az\u0259rbaycan dili, Riyaziyyat, \u0130ngilis dili v\u0259 M\u0259ntiq \u00fczr\u0259 olacaq. \u0130mtahanda istifad\u0259 edil\u0259n [&hellip;]\" \/>\n<meta property=\"og:url\" content=\"https:\/\/www.zerdab.com\/?p=8038\" \/>\n<meta property=\"og:site_name\" content=\"Z\u0259rdab.com\" \/>\n<meta property=\"article:published_time\" content=\"2013-03-10T16:43:03+00:00\" \/>\n<meta property=\"article:modified_time\" content=\"2013-03-10T19:46:28+00:00\" \/>\n<meta name=\"author\" content=\"admin\" \/>\n<meta name=\"twitter:card\" content=\"summary_large_image\" \/>\n<meta name=\"twitter:label1\" content=\"Written by\" \/>\n\t<meta name=\"twitter:data1\" content=\"admin\" \/>\n\t<meta name=\"twitter:label2\" content=\"Est. reading time\" \/>\n\t<meta name=\"twitter:data2\" content=\"1 minute\" \/>\n<script type=\"application\/ld+json\" class=\"yoast-schema-graph\">{\"@context\":\"https:\/\/schema.org\",\"@graph\":[{\"@type\":\"Article\",\"@id\":\"https:\/\/www.zerdab.com\/?p=8038#article\",\"isPartOf\":{\"@id\":\"https:\/\/www.zerdab.com\/?p=8038\"},\"author\":{\"name\":\"admin\",\"@id\":\"https:\/\/www.zerdab.com\/#\/schema\/person\/97079b7570c1e89ec0d9e138c3672136\"},\"headline\":\"Mart\u0131n 16-da Z\u0259rdab rayonunda s\u0131naq imtahan\u0131 ke\u00e7iril\u0259c\u0259k\",\"datePublished\":\"2013-03-10T16:43:03+00:00\",\"dateModified\":\"2013-03-10T19:46:28+00:00\",\"mainEntityOfPage\":{\"@id\":\"https:\/\/www.zerdab.com\/?p=8038\"},\"wordCount\":199,\"commentCount\":1,\"articleSection\":[\"C\u018fM\u0130YY\u018fT\"],\"inLanguage\":\"az\",\"potentialAction\":[{\"@type\":\"CommentAction\",\"name\":\"Comment\",\"target\":[\"https:\/\/www.zerdab.com\/?p=8038#respond\"]}]},{\"@type\":\"WebPage\",\"@id\":\"https:\/\/www.zerdab.com\/?p=8038\",\"url\":\"https:\/\/www.zerdab.com\/?p=8038\",\"name\":\"Mart\u0131n 16-da Z\u0259rdab rayonunda s\u0131naq imtahan\u0131 ke\u00e7iril\u0259c\u0259k - Z\u0259rdab.com\",\"isPartOf\":{\"@id\":\"https:\/\/www.zerdab.com\/#website\"},\"datePublished\":\"2013-03-10T16:43:03+00:00\",\"dateModified\":\"2013-03-10T19:46:28+00:00\",\"author\":{\"@id\":\"https:\/\/www.zerdab.com\/#\/schema\/person\/97079b7570c1e89ec0d9e138c3672136\"},\"breadcrumb\":{\"@id\":\"https:\/\/www.zerdab.com\/?p=8038#breadcrumb\"},\"inLanguage\":\"az\",\"potentialAction\":[{\"@type\":\"ReadAction\",\"target\":[\"https:\/\/www.zerdab.com\/?p=8038\"]}]},{\"@type\":\"BreadcrumbList\",\"@id\":\"https:\/\/www.zerdab.com\/?p=8038#breadcrumb\",\"itemListElement\":[{\"@type\":\"ListItem\",\"position\":1,\"name\":\"Home\",\"item\":\"https:\/\/www.zerdab.com\/\"},{\"@type\":\"ListItem\",\"position\":2,\"name\":\"Mart\u0131n 16-da Z\u0259rdab rayonunda s\u0131naq imtahan\u0131 ke\u00e7iril\u0259c\u0259k\"}]},{\"@type\":\"WebSite\",\"@id\":\"https:\/\/www.zerdab.com\/#website\",\"url\":\"https:\/\/www.zerdab.com\/\",\"name\":\"Z\u0259rdab.com\",\"description\":\"\",\"potentialAction\":[{\"@type\":\"SearchAction\",\"target\":{\"@type\":\"EntryPoint\",\"urlTemplate\":\"https:\/\/www.zerdab.com\/?s={search_term_string}\"},\"query-input\":{\"@type\":\"PropertyValueSpecification\",\"valueRequired\":true,\"valueName\":\"search_term_string\"}}],\"inLanguage\":\"az\"},{\"@type\":\"Person\",\"@id\":\"https:\/\/www.zerdab.com\/#\/schema\/person\/97079b7570c1e89ec0d9e138c3672136\",\"name\":\"admin\",\"image\":{\"@type\":\"ImageObject\",\"inLanguage\":\"az\",\"@id\":\"https:\/\/www.zerdab.com\/#\/schema\/person\/image\/\",\"url\":\"https:\/\/secure.gravatar.com\/avatar\/d9c52a9a27c32119cb6679a077fa3e2779e5f822c451cbf01098004361d466ec?s=96&d=mm&r=g\",\"contentUrl\":\"https:\/\/secure.gravatar.com\/avatar\/d9c52a9a27c32119cb6679a077fa3e2779e5f822c451cbf01098004361d466ec?s=96&d=mm&r=g\",\"caption\":\"admin\"},\"url\":\"https:\/\/www.zerdab.com\/?author=1\"}]}<\/script>\n<!-- \/ Yoast SEO plugin. -->","yoast_head_json":{"title":"Mart\u0131n 16-da Z\u0259rdab rayonunda s\u0131naq imtahan\u0131 ke\u00e7iril\u0259c\u0259k - Z\u0259rdab.com","robots":{"index":"index","follow":"follow","max-snippet":"max-snippet:-1","max-image-preview":"max-image-preview:large","max-video-preview":"max-video-preview:-1"},"canonical":"https:\/\/www.zerdab.com\/?p=8038","og_locale":"az_AZ","og_type":"article","og_title":"Mart\u0131n 16-da Z\u0259rdab rayonunda s\u0131naq imtahan\u0131 ke\u00e7iril\u0259c\u0259k - Z\u0259rdab.com","og_description":"Mart ay\u0131n\u0131n 16-da Z\u0259rdab rayonunda 3, 4, 5, 6, 7, 8-ci sinif \u015fagirdl\u0259ri \u00fc\u00e7\u00fcn s\u0131naq imtahan\u0131 ke\u00e7iril\u0259c\u0259k. Bu bar\u0259d\u0259 m\u0259lumat ver\u0259n &#8220;Z\u018fRDAB\u0130 YOLU&#8221; T\u0259dris M\u0259rk\u0259zinin t\u0259sis\u00e7isi Natiq Eyvazovun s\u00f6zl\u0259rin\u0259 g\u00f6r\u0259, s\u0131naq imtahan\u0131 Z\u0259rdab rayonu 1 n\u00f6mr\u0259li tam orta m\u0259kt\u0259bd\u0259 t\u0259\u015fkil olunacaq. S\u0131naq imtahan\u0131 Az\u0259rbaycan dili, Riyaziyyat, \u0130ngilis dili v\u0259 M\u0259ntiq \u00fczr\u0259 olacaq. \u0130mtahanda istifad\u0259 edil\u0259n [&hellip;]","og_url":"https:\/\/www.zerdab.com\/?p=8038","og_site_name":"Z\u0259rdab.com","article_published_time":"2013-03-10T16:43:03+00:00","article_modified_time":"2013-03-10T19:46:28+00:00","author":"admin","twitter_card":"summary_large_image","twitter_misc":{"Written by":"admin","Est. reading time":"1 minute"},"schema":{"@context":"https:\/\/schema.org","@graph":[{"@type":"Article","@id":"https:\/\/www.zerdab.com\/?p=8038#article","isPartOf":{"@id":"https:\/\/www.zerdab.com\/?p=8038"},"author":{"name":"admin","@id":"https:\/\/www.zerdab.com\/#\/schema\/person\/97079b7570c1e89ec0d9e138c3672136"},"headline":"Mart\u0131n 16-da Z\u0259rdab rayonunda s\u0131naq imtahan\u0131 ke\u00e7iril\u0259c\u0259k","datePublished":"2013-03-10T16:43:03+00:00","dateModified":"2013-03-10T19:46:28+00:00","mainEntityOfPage":{"@id":"https:\/\/www.zerdab.com\/?p=8038"},"wordCount":199,"commentCount":1,"articleSection":["C\u018fM\u0130YY\u018fT"],"inLanguage":"az","potentialAction":[{"@type":"CommentAction","name":"Comment","target":["https:\/\/www.zerdab.com\/?p=8038#respond"]}]},{"@type":"WebPage","@id":"https:\/\/www.zerdab.com\/?p=8038","url":"https:\/\/www.zerdab.com\/?p=8038","name":"Mart\u0131n 16-da Z\u0259rdab rayonunda s\u0131naq imtahan\u0131 ke\u00e7iril\u0259c\u0259k - Z\u0259rdab.com","isPartOf":{"@id":"https:\/\/www.zerdab.com\/#website"},"datePublished":"2013-03-10T16:43:03+00:00","dateModified":"2013-03-10T19:46:28+00:00","author":{"@id":"https:\/\/www.zerdab.com\/#\/schema\/person\/97079b7570c1e89ec0d9e138c3672136"},"breadcrumb":{"@id":"https:\/\/www.zerdab.com\/?p=8038#breadcrumb"},"inLanguage":"az","potentialAction":[{"@type":"ReadAction","target":["https:\/\/www.zerdab.com\/?p=8038"]}]},{"@type":"BreadcrumbList","@id":"https:\/\/www.zerdab.com\/?p=8038#breadcrumb","itemListElement":[{"@type":"ListItem","position":1,"name":"Home","item":"https:\/\/www.zerdab.com\/"},{"@type":"ListItem","position":2,"name":"Mart\u0131n 16-da Z\u0259rdab rayonunda s\u0131naq imtahan\u0131 ke\u00e7iril\u0259c\u0259k"}]},{"@type":"WebSite","@id":"https:\/\/www.zerdab.com\/#website","url":"https:\/\/www.zerdab.com\/","name":"Z\u0259rdab.com","description":"","potentialAction":[{"@type":"SearchAction","target":{"@type":"EntryPoint","urlTemplate":"https:\/\/www.zerdab.com\/?s={search_term_string}"},"query-input":{"@type":"PropertyValueSpecification","valueRequired":true,"valueName":"search_term_string"}}],"inLanguage":"az"},{"@type":"Person","@id":"https:\/\/www.zerdab.com\/#\/schema\/person\/97079b7570c1e89ec0d9e138c3672136","name":"admin","image":{"@type":"ImageObject","inLanguage":"az","@id":"https:\/\/www.zerdab.com\/#\/schema\/person\/image\/","url":"https:\/\/secure.gravatar.com\/avatar\/d9c52a9a27c32119cb6679a077fa3e2779e5f822c451cbf01098004361d466ec?s=96&d=mm&r=g","contentUrl":"https:\/\/secure.gravatar.com\/avatar\/d9c52a9a27c32119cb6679a077fa3e2779e5f822c451cbf01098004361d466ec?s=96&d=mm&r=g","caption":"admin"},"url":"https:\/\/www.zerdab.com\/?author=1"}]}},"_links":{"self":[{"href":"https:\/\/www.zerdab.com\/index.php?rest_route=\/wp\/v2\/posts\/8038","targetHints":{"allow":["GET"]}}],"collection":[{"href":"https:\/\/www.zerdab.com\/index.php?rest_route=\/wp\/v2\/posts"}],"about":[{"href":"https:\/\/www.zerdab.com\/index.php?rest_route=\/wp\/v2\/types\/post"}],"author":[{"embeddable":true,"href":"https:\/\/www.zerdab.com\/index.php?rest_route=\/wp\/v2\/users\/1"}],"replies":[{"embeddable":true,"href":"https:\/\/www.zerdab.com\/index.php?rest_route=%2Fwp%2Fv2%2Fcomments&post=8038"}],"version-history":[{"count":3,"href":"https:\/\/www.zerdab.com\/index.php?rest_route=\/wp\/v2\/posts\/8038\/revisions"}],"predecessor-version":[{"id":8041,"href":"https:\/\/www.zerdab.com\/index.php?rest_route=\/wp\/v2\/posts\/8038\/revisions\/8041"}],"wp:attachment":[{"href":"https:\/\/www.zerdab.com\/index.php?rest_route=%2Fwp%2Fv2%2Fmedia&parent=8038"}],"wp:term":[{"taxonomy":"category","embeddable":true,"href":"https:\/\/www.zerdab.com\/index.php?rest_route=%2Fwp%2Fv2%2Fcategories&post=8038"},{"taxonomy":"post_tag","embeddable":true,"href":"https:\/\/www.zerdab.com\/index.php?rest_route=%2Fwp%2Fv2%2Ftags&post=8038"}],"curies":[{"name":"wp","href":"https:\/\/api.w.org\/{rel}","templated":true}]}}