{"id":8072,"date":"2013-03-11T23:38:34","date_gmt":"2013-03-11T19:38:34","guid":{"rendered":"http:\/\/www.zerdab.com\/?p=8072"},"modified":"2013-03-11T23:40:09","modified_gmt":"2013-03-11T19:40:09","slug":"416-ci-diviziyanin-bayraqdari-berlini-f%c9%99th-ed%c9%99n-h%c9%99myerlimiz-c%c9%99lal-cavadov","status":"publish","type":"post","link":"https:\/\/www.zerdab.com\/?p=8072","title":{"rendered":"416-c\u0131 diviziyan\u0131n bayraqdar\u0131, Berlini f\u0259th ed\u0259n h\u0259myerlimiz C\u0259lal Cavadov"},"content":{"rendered":"<figure id=\"attachment_8073\" aria-describedby=\"caption-attachment-8073\" style=\"width: 800px\" class=\"wp-caption aligncenter\"><img loading=\"lazy\" decoding=\"async\" class=\"size-full wp-image-8073\" alt=\"C\u018fLAL CAVADOV\" src=\"http:\/\/www.zerdab.com\/wp-content\/uploads\/2013\/03\/C\u018fLAL-\u018fHM\u018fD-O\u011eLU-CAVADOV.jpg\" width=\"800\" height=\"557\" \/><figcaption id=\"caption-attachment-8073\" class=\"wp-caption-text\"><span style=\"color: #0000ff;\"><strong>\u015e\u0259kild\u0259: Sa\u011fdan 1-ci C\u0259lal Cavadov Brandenburq darvazas\u0131 \u00f6n\u00fcnd\u0259. Berlin \u015f\u0259h\u0259ri, 2 may 1945-ci il.<\/strong><\/span><\/figcaption><\/figure>\n<p><span style=\"color: #0000ff;\"><strong><span style=\"color: #0000ff;\">C\u0259lal \u018f<\/span>hm\u0259d o\u011flu Cavadov 1925-ci ild\u0259 Z\u0259rdab rayonunun M\u0259mm\u0259dqas\u0131ml\u0131 k\u0259ndind\u0259 do\u011fulmu\u015f, do\u011fma k\u0259ndd\u0259ki 5 sinifli ibtidai m\u0259kt\u0259bi 1938-ci ild\u0259 bitirmi\u015f, 13 ya\u015f\u0131ndan kolxozda i\u015fl\u0259mi\u015fdir.<\/strong><\/span><\/p>\n<p>1943-c\u00fc ilin mart\u0131nda B\u00f6y\u00fck V\u0259t\u0259n m\u00fcharib\u0259sin\u0259 \u00e7a\u011f\u0131r\u0131lm\u0131\u015f, 416-c\u0131 Az\u0259rbaycan diviziyas\u0131n\u0131n t\u0259rkibin\u0259 daxil edilmi\u015fdir. O, avqustda d\u00fc\u015fm\u0259n i\u015f\u011fal\u0131 alt\u0131nda olan Taqanroq \u015f\u0259h\u0259rin\u0259 h\u00fccumun \u00f6n\u00fcnd\u0259 gedir. 1943-c\u00fc il avqustun 27-d\u0259 bu diviziya d\u00fc\u015fm\u0259nin m\u00fcdafi\u0259sini yar\u0131b c\u0259bh\u0259nin i\u00e7\u0259ril\u0259rin\u0259 do\u011fru 20 km. Ir\u0259lil\u0259yir, bir g\u00fcnd\u0259 5 iri ya\u015fay\u0131\u015f m\u0259nt\u0259q\u0259sini azad ed\u0259r\u0259k 3 min fa\u015fist \u0259sg\u0259r v\u0259 zabitini, \u00e7oxlu h\u0259rbi texnikas\u0131n\u0131 m\u0259hv edir. Avqustun 30-da d\u00fc\u015fm\u0259n m\u00fchasir\u0259y\u0259 al\u0131n\u0131r, k\u00fc\u00e7\u0259 d\u00f6y\u00fc\u015fl\u0259rind\u0259 tam m\u0259\u011flub olur. Bu q\u0259hr\u0259manl\u0131\u011f\u0131na g\u00f6r\u0259 Ali Ba\u015f Komandan Stalinin \u0259mri il\u0259 416-c\u0131 diviziyaya Az\u0259rbaycan Taqanroq diviziyas\u0131 f\u0259xri ad\u0131 verilir. Sentyabrda diviziya Mariopol u\u011frunda qanl\u0131 d\u00f6y\u00fc\u015fd\u0259 d\u00fc\u015fm\u0259nin m\u00fcdafi\u0259sini yararaq i\u00e7\u0259riy\u0259 do\u011fru 14 km. ir\u0259lil\u0259yir. Bu d\u00f6y\u00fc\u015fd\u0259 f\u0259rql\u0259n\u0259n h\u0259myerlimiz \u201c\u0130gidliy\u0259 g\u00f6r\u0259\u201d medal\u0131 il\u0259 t\u0259ltif olunur. Melitopolun azad edilm\u0259si u\u011frunda\u00a0 vuru\u015fda C\u0259lal Cavadov q\u0259hr\u0259manl\u0131qla vuru\u015faraq yaralan\u0131r, bu c\u0259sur d\u00f6y\u00fc\u015f\u00e7\u00fcy\u0259 II d\u0259r\u0259c\u0259li \u015e\u00f6hr\u0259t ordeni verilir. 1944-c\u00fc ilin mart\u0131nda Ukraynan\u0131n Nikolayev \u015f\u0259h\u0259rini azad ed\u0259rk\u0259n diviziya 1500 d\u00fc\u015fm\u0259n \u0259sg\u0259rini m\u0259hv etdi, 150 n\u0259f\u0259ri \u0259sir tutdu. 1944-c\u00fc ilin aprelind\u0259 Odessa u\u011frunda d\u00f6y\u00fc\u015fl\u0259rd\u0259 d\u0259 C. Cavadov c\u0259sar\u0259tl\u0259 vuru\u015faraq f\u0259xri f\u0259rman, 416-c\u0131 diviziya II d\u0259r\u0259c\u0259li Suvorov ordeni, Stalinin 5-ci d\u0259f\u0259 t\u0259\u015f\u0259kk\u00fcr\u00fcn\u00fc ald\u0131. 1944-c\u00fc ilin avqustunda Moldovan\u0131n paytaxt\u0131 Ki\u015finyovun azad edilm\u0259sind\u0259 x\u00fcsusil\u0259 f\u0259rql\u0259n\u0259n elo\u011flumuz 2-ci d\u0259f\u0259 Ali Ba\u015f Komandan\u0131n t\u0259\u015f\u0259kk\u00fcr\u00fcn\u00fc ald\u0131.<\/p>\n<p>416-c\u0131 diviziya 1945-ci ilin qarl\u0131-\u015faxtal\u0131 yanvar ay\u0131nda Var\u015fava u\u011frunda qanl\u0131 d\u00f6y\u00fc\u015fl\u0259r\u0259 girdi. C\u0259lal Cavadovgilin polku Visla v\u0259 Oder \u00e7aylar\u0131 \u0259traf\u0131nda vuru\u015flarda g\u00f6st\u0259rdiyi q\u0259hr\u0259manl\u0131\u011fa g\u00f6r\u0259 Q\u0131rm\u0131z\u0131 bayraq ordeni, polkun pulemyot\u00e7usu, serjant C\u0259lal Cavadov is\u0259 Ali Ba\u015f Komandan Stalinin 16 yanvar v\u0259 18 yanvar tarixli 2 t\u0259\u015f\u0259kk\u00fcr\u00fcn\u00fc ald\u0131.<\/p>\n<p>1945-ci ilin fevral\u0131nda C\u0259lalgilin diviziyas\u0131 295-ci diviziya il\u0259 b\u0259rab\u0259r alman torpa\u011f\u0131nda \u2013 Berlinin qap\u0131s\u0131 hesab olunan, 7 d\u0259mir yolunun v\u0259 4 \u015fose yolunun ayr\u0131c\u0131nda yerl\u0259\u015f\u0259n, 10-dan \u00e7ox vzvod v\u0259 dig\u0259r q\u00fcvv\u0259l\u0259r t\u0259r\u0259find\u0259n qorunan, g\u00fccl\u0259ndirilmi\u015f m\u00fcdafi\u0259 sistemi qurulmu\u015f K\u00fcstrin \u015f\u0259h\u0259ri u\u011frunda \u00e7ox amans\u0131z d\u00f6y\u00fc\u015f\u0259 girdi v\u0259 mart\u0131n 12-d\u0259 \u015f\u0259h\u0259r tamamil\u0259 sovet \u0259sg\u0259rl\u0259rinin \u0259lin\u0259 ke\u00e7di. Bu d\u00f6y\u00fc\u015fl\u0259rd\u0259 d\u0259 b\u00f6y\u00fck \u015f\u00fcca\u0259t g\u00f6st\u0259r\u0259n 20 ya\u015fl\u0131 pulemyot\u00e7u h\u0259myerlimiz Berlin\u0259 birincil\u0259r s\u0131ras\u0131nda yol a\u00e7d\u0131\u011f\u0131na g\u00f6r\u0259 Ali Ba\u015f Komandan \u0130osif Stalinin t\u0259\u015f\u0259kk\u00fcr\u00fcn\u00fc ald\u0131. Apreld\u0259 is\u0259 416-c\u0131 Az\u0259rbaycan diviziyas\u0131n\u0131n 2 batalyonu almanlar\u0131n bir ne\u00e7\u0259 \u015f\u0259h\u0259rini g\u00fccl\u00fc h\u00fccumla \u0259l\u0259 ke\u00e7ir\u0259r\u0259k ay\u0131n 21-d\u0259 Berlin \u015f\u0259h\u0259rinin q\u0259rb t\u0259r\u0259find\u0259ki \u015etrausberq\u0259 n\u0259zar\u0259ti t\u0259min etdi, bununla da Berlinin qala divarlar\u0131na \u00e7atd\u0131. Aprelin 26-da diviziya fa\u015fizmin son \u0259sas s\u0131\u011f\u0131naca\u011f\u0131 olan\u00a0 Berlin \u015f\u0259h\u0259ri u\u011frunda amans\u0131z, qanl\u0131 d\u00f6y\u00fc\u015fl\u0259rd\u0259 misilsiz q\u0259hr\u0259manl\u0131qlar g\u00f6st\u0259rdi. Az\u0259rbaycan d\u00f6y\u00fc\u015f\u00e7\u00fcl\u0259ri aprelin 26-da Berlinin m\u0259rk\u0259zin\u0259 &#8212; Sileziya va\u011fzal\u0131 v\u0259 reyxstaq istiqam\u0259tind\u0259 h\u0259lledici h\u00fccuma ke\u00e7di. May\u0131n 2-d\u0259 416-c\u0131 Az\u0259rbaycan diviziyas\u0131 d\u00f6y\u00fc\u015f\u00e7\u00fcl\u0259rinin \u00f6nd\u0259ki qrupu, onlar\u0131n s\u0131ras\u0131nda 20 ya\u015fl\u0131 z\u0259rdabl\u0131 igid C\u0259lfl Cavadov olmaqla m\u0259\u015fhur Brandenburq darvazas\u0131n\u0131n \u00fcz\u0259rin\u0259 q\u0259l\u0259b\u0259 bayra\u011f\u0131n\u0131 sancd\u0131. Berlin u\u011frunda d\u00f6y\u00fc\u015fl\u0259rd\u0259 g\u00f6st\u0259rdiyi \u015f\u00fcca\u0259t\u0259 g\u00f6r\u0259 C. Cavadov I d\u0259r\u0259c\u0259li \u015e\u00f6hr\u0259t ordeni il\u0259 t\u0259ltif edildi.<\/p>\n<figure id=\"attachment_8074\" aria-describedby=\"caption-attachment-8074\" style=\"width: 384px\" class=\"wp-caption aligncenter\"><img loading=\"lazy\" decoding=\"async\" class=\"size-full wp-image-8074\" alt=\"C\u018fLAL CAVADOV\" src=\"http:\/\/www.zerdab.com\/wp-content\/uploads\/2013\/03\/C\u0259lal-Cavadov.jpg\" width=\"384\" height=\"576\" \/><figcaption id=\"caption-attachment-8074\" class=\"wp-caption-text\"><span style=\"color: #0000ff;\"><strong>C\u018fLAL CAVADOV<\/strong><\/span><\/figcaption><\/figure>\n<p>416-c\u0131 diviziyan\u0131n bayra\u011f\u0131n\u0131 Brandenburq darvazas\u0131 \u00f6n\u00fcn\u0259 g\u0259tirm\u0259k v\u0259 bu bayra\u011f\u0131n \u00f6n\u00fcnd\u0259 xatir\u0259 \u015f\u0259kli \u00e7\u0259kdirm\u0259k kimi b\u00f6y\u00fck \u015f\u0259r\u0259f C\u0259lal Cavadova n\u0259sib oldu.\u00a0 O, h\u0259mk\u0259ndlisi Muradal\u0131 Heyd\u0259rov kimi reyxstaq\u0131n divar\u0131na ad\u0131n\u0131 s\u00fcng\u00fc il\u0259 yazm\u0131\u015fd\u0131r.<\/p>\n<p>B\u00f6y\u00fck V\u0259t\u0259n m\u00fcharib\u0259si c\u0259bh\u0259l\u0259rind\u0259 g\u00f6st\u0259rdiyi q\u0259hr\u0259manl\u0131qlara g\u00f6r\u0259 C\u0259lal Cavadov iki \u015e\u00f6hr\u0259t ordeni, \u00fcmumiyy\u0259tl\u0259 is\u0259 12 orden v\u0259 medallarla t\u0259ltif olunmu\u015fdur.<\/p>\n<p>O, 1950-ci ild\u0259 h\u0259rbi xidm\u0259td\u0259n t\u0259rxis edil\u0259r\u0259k ehtiyata burax\u0131lm\u0131\u015f, uzun ill\u0259r do\u011fma M\u0259mm\u0259dqas\u0131ml\u0131 k\u0259ndind\u0259&#8211;Z\u0259rdabi ad\u0131na kolxozda s\u00fcr\u00fcc\u00fc i\u015fl\u0259mi\u015f, vicdanl\u0131, namuslu, m\u0259suliyy\u0259tli v\u0259 \u0259m\u0259ksev\u0259r bir insan kimi d\u0259rin h\u00f6rm\u0259t qazanm\u0131\u015fd\u0131r.<\/p>\n<figure id=\"attachment_8075\" aria-describedby=\"caption-attachment-8075\" style=\"width: 259px\" class=\"wp-caption aligncenter\"><img loading=\"lazy\" decoding=\"async\" class=\"size-medium wp-image-8075\" alt=\"C\u018fLAL CAVADOV\" src=\"http:\/\/www.zerdab.com\/wp-content\/uploads\/2013\/03\/C\u0259lal-Cavadov1-259x350.jpg\" width=\"259\" height=\"350\" \/><figcaption id=\"caption-attachment-8075\" class=\"wp-caption-text\"><span style=\"color: #0000ff;\"><strong>C\u018fLAL CAVADOV<\/strong><\/span><\/figcaption><\/figure>\n<p>C\u0259lal Cavadovun ad\u0131 Rusiyan\u0131n, Ukraynan\u0131n, Moldovan\u0131n bir \u00e7ox \u015f\u0259h\u0259r v\u0259 k\u0259ndl\u0259rinin \u201cBizi alman fa\u015fizmind\u0259n xilas ed\u0259nl\u0259r\u201d xatir\u0259 memorial l\u00f6vh\u0259l\u0259rind\u0259 h\u0259kk olunmu\u015fdur.<\/p>\n<p>C. Cavadov 2001-ci ild\u0259 M\u0259mm\u0259dqas\u0131ml\u0131 k\u0259ndind\u0259 v\u0259fat etmi\u015fdir. Allah r\u0259hm\u0259t el\u0259sin.<\/p>\n<p><span style=\"color: #0000ff;\"><strong>\u0130sam\u0259ddin \u018fhm\u0259dov, &#8220;\u018fkin\u00e7i&#8221; q\u0259zetinin redaktoru<\/strong> <\/span><\/p>\n","protected":false},"excerpt":{"rendered":"<p>C\u0259lal \u018fhm\u0259d o\u011flu Cavadov 1925-ci ild\u0259 Z\u0259rdab rayonunun M\u0259mm\u0259dqas\u0131ml\u0131 k\u0259ndind\u0259 do\u011fulmu\u015f, do\u011fma k\u0259ndd\u0259ki 5 sinifli ibtidai m\u0259kt\u0259bi 1938-ci ild\u0259 bitirmi\u015f, 13 ya\u015f\u0131ndan kolxozda i\u015fl\u0259mi\u015fdir. 1943-c\u00fc ilin mart\u0131nda B\u00f6y\u00fck V\u0259t\u0259n m\u00fcharib\u0259sin\u0259 \u00e7a\u011f\u0131r\u0131lm\u0131\u015f, 416-c\u0131 Az\u0259rbaycan diviziyas\u0131n\u0131n t\u0259rkibin\u0259 daxil edilmi\u015fdir. O, avqustda d\u00fc\u015fm\u0259n i\u015f\u011fal\u0131 alt\u0131nda olan Taqanroq \u015f\u0259h\u0259rin\u0259 h\u00fccumun \u00f6n\u00fcnd\u0259 gedir. 1943-c\u00fc il avqustun 27-d\u0259 bu diviziya d\u00fc\u015fm\u0259nin [&hellip;]<\/p>\n","protected":false},"author":1,"featured_media":0,"comment_status":"open","ping_status":"open","sticky":false,"template":"","format":"standard","meta":{"footnotes":""},"categories":[7],"tags":[],"class_list":{"0":"post-8072","1":"post","2":"type-post","3":"status-publish","4":"format-standard","6":"category-ziyalilar"},"yoast_head":"<!-- This site is optimized with the Yoast SEO plugin v27.0 - https:\/\/yoast.com\/product\/yoast-seo-wordpress\/ -->\n<title>416-c\u0131 diviziyan\u0131n bayraqdar\u0131, Berlini f\u0259th ed\u0259n h\u0259myerlimiz C\u0259lal Cavadov - Z\u0259rdab.com<\/title>\n<meta name=\"robots\" content=\"index, follow, max-snippet:-1, max-image-preview:large, max-video-preview:-1\" \/>\n<link rel=\"canonical\" href=\"https:\/\/www.zerdab.com\/?p=8072\" \/>\n<meta property=\"og:locale\" content=\"az_AZ\" \/>\n<meta property=\"og:type\" content=\"article\" \/>\n<meta property=\"og:title\" content=\"416-c\u0131 diviziyan\u0131n bayraqdar\u0131, Berlini f\u0259th ed\u0259n h\u0259myerlimiz C\u0259lal Cavadov - Z\u0259rdab.com\" \/>\n<meta property=\"og:description\" content=\"C\u0259lal \u018fhm\u0259d o\u011flu Cavadov 1925-ci ild\u0259 Z\u0259rdab rayonunun M\u0259mm\u0259dqas\u0131ml\u0131 k\u0259ndind\u0259 do\u011fulmu\u015f, do\u011fma k\u0259ndd\u0259ki 5 sinifli ibtidai m\u0259kt\u0259bi 1938-ci ild\u0259 bitirmi\u015f, 13 ya\u015f\u0131ndan kolxozda i\u015fl\u0259mi\u015fdir. 1943-c\u00fc ilin mart\u0131nda B\u00f6y\u00fck V\u0259t\u0259n m\u00fcharib\u0259sin\u0259 \u00e7a\u011f\u0131r\u0131lm\u0131\u015f, 416-c\u0131 Az\u0259rbaycan diviziyas\u0131n\u0131n t\u0259rkibin\u0259 daxil edilmi\u015fdir. O, avqustda d\u00fc\u015fm\u0259n i\u015f\u011fal\u0131 alt\u0131nda olan Taqanroq \u015f\u0259h\u0259rin\u0259 h\u00fccumun \u00f6n\u00fcnd\u0259 gedir. 1943-c\u00fc il avqustun 27-d\u0259 bu diviziya d\u00fc\u015fm\u0259nin [&hellip;]\" \/>\n<meta property=\"og:url\" content=\"https:\/\/www.zerdab.com\/?p=8072\" \/>\n<meta property=\"og:site_name\" content=\"Z\u0259rdab.com\" \/>\n<meta property=\"article:published_time\" content=\"2013-03-11T19:38:34+00:00\" \/>\n<meta property=\"article:modified_time\" content=\"2013-03-11T19:40:09+00:00\" \/>\n<meta name=\"author\" content=\"admin\" \/>\n<meta name=\"twitter:card\" content=\"summary_large_image\" \/>\n<meta name=\"twitter:label1\" content=\"Written by\" \/>\n\t<meta name=\"twitter:data1\" content=\"admin\" \/>\n\t<meta name=\"twitter:label2\" content=\"Est. reading time\" \/>\n\t<meta name=\"twitter:data2\" content=\"5 minutes\" \/>\n<script type=\"application\/ld+json\" class=\"yoast-schema-graph\">{\"@context\":\"https:\/\/schema.org\",\"@graph\":[{\"@type\":\"Article\",\"@id\":\"https:\/\/www.zerdab.com\/?p=8072#article\",\"isPartOf\":{\"@id\":\"https:\/\/www.zerdab.com\/?p=8072\"},\"author\":{\"name\":\"admin\",\"@id\":\"https:\/\/www.zerdab.com\/#\/schema\/person\/97079b7570c1e89ec0d9e138c3672136\"},\"headline\":\"416-c\u0131 diviziyan\u0131n bayraqdar\u0131, Berlini f\u0259th ed\u0259n h\u0259myerlimiz C\u0259lal Cavadov\",\"datePublished\":\"2013-03-11T19:38:34+00:00\",\"dateModified\":\"2013-03-11T19:40:09+00:00\",\"mainEntityOfPage\":{\"@id\":\"https:\/\/www.zerdab.com\/?p=8072\"},\"wordCount\":998,\"commentCount\":4,\"articleSection\":[\"F\u018fXRL\u018fR\u0130M\u0130Z\"],\"inLanguage\":\"az\",\"potentialAction\":[{\"@type\":\"CommentAction\",\"name\":\"Comment\",\"target\":[\"https:\/\/www.zerdab.com\/?p=8072#respond\"]}]},{\"@type\":\"WebPage\",\"@id\":\"https:\/\/www.zerdab.com\/?p=8072\",\"url\":\"https:\/\/www.zerdab.com\/?p=8072\",\"name\":\"416-c\u0131 diviziyan\u0131n bayraqdar\u0131, Berlini f\u0259th ed\u0259n h\u0259myerlimiz C\u0259lal Cavadov - Z\u0259rdab.com\",\"isPartOf\":{\"@id\":\"https:\/\/www.zerdab.com\/#website\"},\"datePublished\":\"2013-03-11T19:38:34+00:00\",\"dateModified\":\"2013-03-11T19:40:09+00:00\",\"author\":{\"@id\":\"https:\/\/www.zerdab.com\/#\/schema\/person\/97079b7570c1e89ec0d9e138c3672136\"},\"breadcrumb\":{\"@id\":\"https:\/\/www.zerdab.com\/?p=8072#breadcrumb\"},\"inLanguage\":\"az\",\"potentialAction\":[{\"@type\":\"ReadAction\",\"target\":[\"https:\/\/www.zerdab.com\/?p=8072\"]}]},{\"@type\":\"BreadcrumbList\",\"@id\":\"https:\/\/www.zerdab.com\/?p=8072#breadcrumb\",\"itemListElement\":[{\"@type\":\"ListItem\",\"position\":1,\"name\":\"Home\",\"item\":\"https:\/\/www.zerdab.com\/\"},{\"@type\":\"ListItem\",\"position\":2,\"name\":\"416-c\u0131 diviziyan\u0131n bayraqdar\u0131, Berlini f\u0259th ed\u0259n h\u0259myerlimiz C\u0259lal Cavadov\"}]},{\"@type\":\"WebSite\",\"@id\":\"https:\/\/www.zerdab.com\/#website\",\"url\":\"https:\/\/www.zerdab.com\/\",\"name\":\"Z\u0259rdab.com\",\"description\":\"\",\"potentialAction\":[{\"@type\":\"SearchAction\",\"target\":{\"@type\":\"EntryPoint\",\"urlTemplate\":\"https:\/\/www.zerdab.com\/?s={search_term_string}\"},\"query-input\":{\"@type\":\"PropertyValueSpecification\",\"valueRequired\":true,\"valueName\":\"search_term_string\"}}],\"inLanguage\":\"az\"},{\"@type\":\"Person\",\"@id\":\"https:\/\/www.zerdab.com\/#\/schema\/person\/97079b7570c1e89ec0d9e138c3672136\",\"name\":\"admin\",\"image\":{\"@type\":\"ImageObject\",\"inLanguage\":\"az\",\"@id\":\"https:\/\/www.zerdab.com\/#\/schema\/person\/image\/\",\"url\":\"https:\/\/secure.gravatar.com\/avatar\/d9c52a9a27c32119cb6679a077fa3e2779e5f822c451cbf01098004361d466ec?s=96&d=mm&r=g\",\"contentUrl\":\"https:\/\/secure.gravatar.com\/avatar\/d9c52a9a27c32119cb6679a077fa3e2779e5f822c451cbf01098004361d466ec?s=96&d=mm&r=g\",\"caption\":\"admin\"},\"url\":\"https:\/\/www.zerdab.com\/?author=1\"}]}<\/script>\n<!-- \/ Yoast SEO plugin. -->","yoast_head_json":{"title":"416-c\u0131 diviziyan\u0131n bayraqdar\u0131, Berlini f\u0259th ed\u0259n h\u0259myerlimiz C\u0259lal Cavadov - Z\u0259rdab.com","robots":{"index":"index","follow":"follow","max-snippet":"max-snippet:-1","max-image-preview":"max-image-preview:large","max-video-preview":"max-video-preview:-1"},"canonical":"https:\/\/www.zerdab.com\/?p=8072","og_locale":"az_AZ","og_type":"article","og_title":"416-c\u0131 diviziyan\u0131n bayraqdar\u0131, Berlini f\u0259th ed\u0259n h\u0259myerlimiz C\u0259lal Cavadov - Z\u0259rdab.com","og_description":"C\u0259lal \u018fhm\u0259d o\u011flu Cavadov 1925-ci ild\u0259 Z\u0259rdab rayonunun M\u0259mm\u0259dqas\u0131ml\u0131 k\u0259ndind\u0259 do\u011fulmu\u015f, do\u011fma k\u0259ndd\u0259ki 5 sinifli ibtidai m\u0259kt\u0259bi 1938-ci ild\u0259 bitirmi\u015f, 13 ya\u015f\u0131ndan kolxozda i\u015fl\u0259mi\u015fdir. 1943-c\u00fc ilin mart\u0131nda B\u00f6y\u00fck V\u0259t\u0259n m\u00fcharib\u0259sin\u0259 \u00e7a\u011f\u0131r\u0131lm\u0131\u015f, 416-c\u0131 Az\u0259rbaycan diviziyas\u0131n\u0131n t\u0259rkibin\u0259 daxil edilmi\u015fdir. O, avqustda d\u00fc\u015fm\u0259n i\u015f\u011fal\u0131 alt\u0131nda olan Taqanroq \u015f\u0259h\u0259rin\u0259 h\u00fccumun \u00f6n\u00fcnd\u0259 gedir. 1943-c\u00fc il avqustun 27-d\u0259 bu diviziya d\u00fc\u015fm\u0259nin [&hellip;]","og_url":"https:\/\/www.zerdab.com\/?p=8072","og_site_name":"Z\u0259rdab.com","article_published_time":"2013-03-11T19:38:34+00:00","article_modified_time":"2013-03-11T19:40:09+00:00","author":"admin","twitter_card":"summary_large_image","twitter_misc":{"Written by":"admin","Est. reading time":"5 minutes"},"schema":{"@context":"https:\/\/schema.org","@graph":[{"@type":"Article","@id":"https:\/\/www.zerdab.com\/?p=8072#article","isPartOf":{"@id":"https:\/\/www.zerdab.com\/?p=8072"},"author":{"name":"admin","@id":"https:\/\/www.zerdab.com\/#\/schema\/person\/97079b7570c1e89ec0d9e138c3672136"},"headline":"416-c\u0131 diviziyan\u0131n bayraqdar\u0131, Berlini f\u0259th ed\u0259n h\u0259myerlimiz C\u0259lal Cavadov","datePublished":"2013-03-11T19:38:34+00:00","dateModified":"2013-03-11T19:40:09+00:00","mainEntityOfPage":{"@id":"https:\/\/www.zerdab.com\/?p=8072"},"wordCount":998,"commentCount":4,"articleSection":["F\u018fXRL\u018fR\u0130M\u0130Z"],"inLanguage":"az","potentialAction":[{"@type":"CommentAction","name":"Comment","target":["https:\/\/www.zerdab.com\/?p=8072#respond"]}]},{"@type":"WebPage","@id":"https:\/\/www.zerdab.com\/?p=8072","url":"https:\/\/www.zerdab.com\/?p=8072","name":"416-c\u0131 diviziyan\u0131n bayraqdar\u0131, Berlini f\u0259th ed\u0259n h\u0259myerlimiz C\u0259lal Cavadov - Z\u0259rdab.com","isPartOf":{"@id":"https:\/\/www.zerdab.com\/#website"},"datePublished":"2013-03-11T19:38:34+00:00","dateModified":"2013-03-11T19:40:09+00:00","author":{"@id":"https:\/\/www.zerdab.com\/#\/schema\/person\/97079b7570c1e89ec0d9e138c3672136"},"breadcrumb":{"@id":"https:\/\/www.zerdab.com\/?p=8072#breadcrumb"},"inLanguage":"az","potentialAction":[{"@type":"ReadAction","target":["https:\/\/www.zerdab.com\/?p=8072"]}]},{"@type":"BreadcrumbList","@id":"https:\/\/www.zerdab.com\/?p=8072#breadcrumb","itemListElement":[{"@type":"ListItem","position":1,"name":"Home","item":"https:\/\/www.zerdab.com\/"},{"@type":"ListItem","position":2,"name":"416-c\u0131 diviziyan\u0131n bayraqdar\u0131, Berlini f\u0259th ed\u0259n h\u0259myerlimiz C\u0259lal Cavadov"}]},{"@type":"WebSite","@id":"https:\/\/www.zerdab.com\/#website","url":"https:\/\/www.zerdab.com\/","name":"Z\u0259rdab.com","description":"","potentialAction":[{"@type":"SearchAction","target":{"@type":"EntryPoint","urlTemplate":"https:\/\/www.zerdab.com\/?s={search_term_string}"},"query-input":{"@type":"PropertyValueSpecification","valueRequired":true,"valueName":"search_term_string"}}],"inLanguage":"az"},{"@type":"Person","@id":"https:\/\/www.zerdab.com\/#\/schema\/person\/97079b7570c1e89ec0d9e138c3672136","name":"admin","image":{"@type":"ImageObject","inLanguage":"az","@id":"https:\/\/www.zerdab.com\/#\/schema\/person\/image\/","url":"https:\/\/secure.gravatar.com\/avatar\/d9c52a9a27c32119cb6679a077fa3e2779e5f822c451cbf01098004361d466ec?s=96&d=mm&r=g","contentUrl":"https:\/\/secure.gravatar.com\/avatar\/d9c52a9a27c32119cb6679a077fa3e2779e5f822c451cbf01098004361d466ec?s=96&d=mm&r=g","caption":"admin"},"url":"https:\/\/www.zerdab.com\/?author=1"}]}},"_links":{"self":[{"href":"https:\/\/www.zerdab.com\/index.php?rest_route=\/wp\/v2\/posts\/8072","targetHints":{"allow":["GET"]}}],"collection":[{"href":"https:\/\/www.zerdab.com\/index.php?rest_route=\/wp\/v2\/posts"}],"about":[{"href":"https:\/\/www.zerdab.com\/index.php?rest_route=\/wp\/v2\/types\/post"}],"author":[{"embeddable":true,"href":"https:\/\/www.zerdab.com\/index.php?rest_route=\/wp\/v2\/users\/1"}],"replies":[{"embeddable":true,"href":"https:\/\/www.zerdab.com\/index.php?rest_route=%2Fwp%2Fv2%2Fcomments&post=8072"}],"version-history":[{"count":3,"href":"https:\/\/www.zerdab.com\/index.php?rest_route=\/wp\/v2\/posts\/8072\/revisions"}],"predecessor-version":[{"id":8077,"href":"https:\/\/www.zerdab.com\/index.php?rest_route=\/wp\/v2\/posts\/8072\/revisions\/8077"}],"wp:attachment":[{"href":"https:\/\/www.zerdab.com\/index.php?rest_route=%2Fwp%2Fv2%2Fmedia&parent=8072"}],"wp:term":[{"taxonomy":"category","embeddable":true,"href":"https:\/\/www.zerdab.com\/index.php?rest_route=%2Fwp%2Fv2%2Fcategories&post=8072"},{"taxonomy":"post_tag","embeddable":true,"href":"https:\/\/www.zerdab.com\/index.php?rest_route=%2Fwp%2Fv2%2Ftags&post=8072"}],"curies":[{"name":"wp","href":"https:\/\/api.w.org\/{rel}","templated":true}]}}