{"id":8207,"date":"2013-03-15T22:02:57","date_gmt":"2013-03-15T18:02:57","guid":{"rendered":"http:\/\/www.zerdab.com\/?p=8207"},"modified":"2013-03-15T22:05:23","modified_gmt":"2013-03-15T18:05:23","slug":"az%c9%99rbaycan-dovl%c9%99t-iqtisad-universitetinin-prorektoru-h%c9%99myerlimiz-dam%c9%99t-bagirov","status":"publish","type":"post","link":"https:\/\/www.zerdab.com\/?p=8207","title":{"rendered":"\u0130qtisad Universitetinin prorektoru, h\u0259myerlimiz Dam\u0259t Ba\u011f\u0131rov"},"content":{"rendered":"<p><span><img loading=\"lazy\" decoding=\"async\" class=\"aligncenter size-full wp-image-8208\" alt=\"Ba\u011f\u0131rov Dam\u0259t Abbas o\u011flu\" src=\"http:\/\/www.zerdab.com\/wp-content\/uploads\/2013\/03\/Dam\u0259t-Ba\u011f\u0131rov.jpg\" width=\"200\" height=\"260\" \/><\/span><span style=\"color: #333333; font-family: Arial;\">Ba\u011f\u0131rov Dam\u0259t Abbas o\u011flu <\/span>1961-ci ild\u0259 may ay\u0131n\u0131n 5-d\u0259 Z\u0259rdab rayonunun Xanm\u0259mm\u0259dli k\u0259ndind\u0259 anadan olub. 1978-ci ild\u0259 Z\u0259rdab rayonunda orta m\u0259kt\u0259bi bitirib. 1978-ci ild\u0259 D. B\u00fcnyadzad\u0259 ad\u0131na Az\u0259rbaycan Xalq T\u0259s\u0259rr\u00fcfat\u0131 \u0130nstitutuna daxil olub, 1985-ci ild\u0259 institutu bitirib. \u0130nstitutu bitirdikd\u0259n sonra D\u00f6vl\u0259t Aqrar S\u0259naye Komit\u0259sinin ba\u015f elm idar\u0259sind\u0259 apar\u0131c\u0131 iqtisad\u00e7\u0131, <a title=\"1989\" href=\"http:\/\/az.wikipedia.org\/wiki\/1989\">1989<\/a>&#8211;<a title=\"1994\" href=\"http:\/\/az.wikipedia.org\/wiki\/1994\">1994<\/a>-c\u00fc ill\u0259rd\u0259 Az\u0259rbaycan D\u00f6vl\u0259t \u0130qtisad Universitetind\u0259 t\u0259dris lobaratoriyas\u0131n\u0131n m\u00fcdiri, m\u00fc\u0259llim v\u0259zif\u0259l\u0259rind\u0259 \u00e7al\u0131\u015f\u0131b, <a title=\"1986\" href=\"http:\/\/az.wikipedia.org\/wiki\/1986\">1986<\/a>-c\u0131 ild\u0259 Az\u0259rbaycan Xalq T\u0259s\u0259rr\u00fcfat\u0131 \u0130nstitutunun aspiranturas\u0131na daxil olub, <a title=\"1991\" href=\"http:\/\/az.wikipedia.org\/wiki\/1991\">1991<\/a>-ci ild\u0259 <a title=\"M.V.Lomonosov ad\u0131na Moskva D\u00f6vl\u0259t Universiteti\" href=\"http:\/\/az.wikipedia.org\/wiki\/M.V.Lomonosov_ad%C4%B1na_Moskva_D%C3%B6vl%C9%99t_Universiteti\">M.V.Lomonosov ad\u0131na Moskva D\u00f6vl\u0259t Universitetind<\/a>\u0259 namiz\u0259dlik disertasiyas\u0131 m\u00fcdafi\u0259 edib, iqtisad elml\u0259ri namiz\u0259di alimlik d\u0259r\u0259c\u0259si ad\u0131 al\u0131b. <a title=\"1994\" href=\"http:\/\/az.wikipedia.org\/wiki\/1994\">1994<\/a>&#8211;<a title=\"1995\" href=\"http:\/\/az.wikipedia.org\/wiki\/1995\">1995<\/a>-ci ill\u0259rd\u0259 \u201cTuqay\u201d kommersiya bank\u0131n\u0131n idar\u0259 heyy\u0259tinin s\u0259dri v\u0259zif\u0259sind\u0259, <a title=\"1995\" href=\"http:\/\/az.wikipedia.org\/wiki\/1995\">1995<\/a>&#8211;<a title=\"1999\" href=\"http:\/\/az.wikipedia.org\/wiki\/1999\">1999<\/a>-cu ill\u0259rd\u0259 X\u0259tai rayonu \u00fczr\u0259 D\u00f6vl\u0259t Vergi M\u00fcf\u0259tti\u015fliyind\u0259 ba\u015f d\u00f6vl\u0259t vergi m\u00fcf\u0259tti\u015fi, \u015f\u00f6b\u0259 r\u0259isi, r\u0259is m\u00fcavini v\u0259zif\u0259l\u0259rind\u0259 i\u015fl\u0259yib. <a title=\"2000\" href=\"http:\/\/az.wikipedia.org\/wiki\/2000\">2000<\/a>-ci ilin fevral\u0131ndan <a title=\"Az\u0259rbaycan Respublikas\u0131 \u0130qtisadi \u0130nki\u015faf Nazirliyi\" href=\"http:\/\/az.wikipedia.org\/wiki\/Az%C9%99rbaycan_Respublikas%C4%B1_%C4%B0qtisadi_%C4%B0nki%C5%9Faf_Nazirliyi\">Az\u0259rbaycan Respublikas\u0131 \u0130qtisadi \u0130nki\u015faf Nazirliyi<\/a> D\u00f6vl\u0259t \u0259mlak\u0131n\u0131n idar\u0259 olunmas\u0131 v\u0259 \u00f6z\u0259ll\u0259\u015fdirilm\u0259si departamentind\u0259 ba\u015f m\u00fct\u0259x\u0259ssis, \u015f\u00f6b\u0259 r\u0259isi, ba\u015f m\u0259sl\u0259h\u0259t\u00e7i v\u0259zif\u0259l\u0259rind\u0259 i\u015fl\u0259yib. <a title=\"1995\" href=\"http:\/\/az.wikipedia.org\/wiki\/1995\">1995<\/a>&#8211;<a title=\"1998\" href=\"http:\/\/az.wikipedia.org\/wiki\/1998\">1998<\/a>-ci ill\u0259rd\u0259 <a title=\"Sankt Peterburq D\u00f6vl\u0259t Maliyy\u0259 \u0130qtisad Universitetini (s\u0259hif\u0259 m\u00f6vcud deyil)\" href=\"http:\/\/az.wikipedia.org\/w\/index.php?title=Sankt_Peterburq_D%C3%B6vl%C9%99t_Maliyy%C9%99_%C4%B0qtisad_Universitetini&amp;action=edit&amp;redlink=1\">Sankt Peterburq D\u00f6vl\u0259t Maliyy\u0259 \u0130qtisad Universitetinin<\/a> doktoranturas\u0131nda oxuub, <a title=\"1998\" href=\"http:\/\/az.wikipedia.org\/wiki\/1998\">1998<\/a>-ci ild\u0259 h\u0259min universitetd\u0259 \u201cMaliyy\u0259, pul t\u0259dav\u00fcl\u00fc v\u0259 kredit\u201d ixtisas\u0131 \u00fczr\u0259 doktorluq disertasiyas\u0131 m\u00fcdafi\u0259 edib, el\u0259 h\u0259min ild\u0259 Rusiya Fedarasiyas\u0131n\u0131n D\u00f6vl\u0259t Ali Attestasiya Komit\u0259sinin q\u0259rar\u0131 il\u0259 iqtisad elml\u0259ri doktoru alimlik d\u0259r\u0259c\u0259si v\u0259 <a title=\"2000\" href=\"http:\/\/az.wikipedia.org\/wiki\/2000\">2000<\/a>-ci ild\u0259 Az\u0259rbaycan Respublikas\u0131n\u0131n Ali Atestasiya Komit\u0259sinin t\u0259r\u0259find\u0259n t\u0259krar attestasiyadan ke\u00e7iril\u0259r\u0259k \u00f6lk\u0259mizin doktorluq, <a title=\"2005\" href=\"http:\/\/az.wikipedia.org\/wiki\/2005\">2005<\/a>-ci ild\u0259 is\u0259 <a title=\"Az\u0259rbaycan Respublikas\u0131 Prezidenti yan\u0131nda Ali Attestasiya Komissiyas\u0131\" href=\"http:\/\/az.wikipedia.org\/wiki\/Az%C9%99rbaycan_Respublikas%C4%B1_Prezidenti_yan%C4%B1nda_Ali_Attestasiya_Komissiyas%C4%B1\">Az\u0259rbaycan Respublikas\u0131 Prezidenti yan\u0131nda Ali Attestasiya Komissiyas\u0131<\/a> t\u0259r\u0259find\u0259n professor elmi ad\u0131n\u0131 al\u0131b.<\/p>\n<div align=\"justify\">\n<p><a title=\"1999\" href=\"http:\/\/az.wikipedia.org\/wiki\/1999\">1999<\/a>-cu ilin sentyabr\u0131ndan Az\u0259rbaycan D\u00f6vl\u0259t \u0130qtisad Universitetind\u0259 \u201cMaliyy\u0259\u201d kafedras\u0131n\u0131n dosenti, <a title=\"31 avqust\" href=\"http:\/\/az.wikipedia.org\/wiki\/31_avqust\">31 avqust<\/a> <a title=\"2001\" href=\"http:\/\/az.wikipedia.org\/wiki\/2001\">2001<\/a>-ci il tarixind\u0259n is\u0259 \u201cVergi v\u0259 vergiqoyma\u201d kafedras\u0131n\u0131n professoru v\u0259zif\u0259sind\u0259 i\u015fl\u0259yib. <a title=\"2005\" href=\"http:\/\/az.wikipedia.org\/wiki\/2005\">2005<\/a>-ci ilin fevral ay\u0131ndan etibar\u0259n \u201cVergi v\u0259 vergiqoyma\u201d kafedras\u0131n\u0131n tam \u015ftatla professoru v\u0259 \u201cMaliyy\u0259\u201d fak\u00fclt\u0259sinindekan\u0131 v\u0259zif\u0259sind\u0259 \u00e7al\u0131\u015fm\u0131\u015fd\u0131r. <a title=\"2008\" href=\"http:\/\/az.wikipedia.org\/wiki\/2008\">2008<\/a>-ci ilin sentyabr\u0131ndan t\u0259dris i\u015fl\u0259ri \u00fczr\u0259 prorektor \u0259v\u0259zi v\u0259zif\u0259sind\u0259 \u00e7al\u0131\u015f\u0131r. <a title=\"2009\" href=\"http:\/\/az.wikipedia.org\/wiki\/2009\">2009<\/a>-cu ilin <a title=\"24 fevral\" href=\"http:\/\/az.wikipedia.org\/wiki\/24_fevral\">fevral ay\u0131n\u0131n 24-d\u0259n<\/a> universitetin t\u0259dris i\u015fl\u0259ri \u00fczr\u0259 prorektoru v\u0259zif\u0259sin\u0259 t\u0259yin olunub.<\/p>\n<p>\u0130\u015fl\u0259diyi m\u00fcdd\u0259td\u0259 rektorluq t\u0259r\u0259find\u0259n bir ne\u00e7\u0259 d\u0259f\u0259 t\u0259\u015f\u0259kk\u00fcr v\u0259 T\u0259hsil Nazirinin \u0259mri il\u0259 \u201cQabaqc\u0131l t\u0259hsil i\u015f\u00e7isi\u201d d\u00f6\u015f ni\u015fan\u0131 il\u0259 t\u0259ltif olunmu\u015fdur.<\/p>\n<p>2000-ci ild\u0259n Az\u0259rbaycan D\u00f6vl\u0259t \u0130qtisad Universitetind\u0259 iqtisad elml\u0259ri namiz\u0259di alimlik d\u0259r\u0259c\u0259si almaq \u00fc\u00e7\u00fcn yaranm\u0131\u015f disertasiya \u015furas\u0131n\u0131n, sonradan is\u0259 iqtisad elml\u0259ri doktoru alimlik d\u0259r\u0259c\u0259si almaq \u00fc\u00e7\u00fcn yarad\u0131lm\u0131\u015f disertasiya \u015furas\u0131n\u0131n, \u201dAudit\u201d jurnal\u0131n\u0131n redaksiya heyy\u0259tinin \u00fczv\u00fcd\u00fcr.<\/p>\n<p>Maliyy\u0259 v\u0259 vergi auditi sah\u0259sind\u0259 elmi ara\u015fd\u0131rmalar\u0131n\u0131 ard\u0131c\u0131ll\u0131qla davam etdirir, 8 monoqrafiya v\u0259 d\u0259rs v\u0259saitinin, 10 t\u0259dris proqram\u0131 v\u0259 metodik g\u00f6st\u0259ri\u015fin, 60-dan \u00e7ox elmi m\u0259qal\u0259l\u0259rin m\u00fc\u0259llifidir. D\u0259y\u0259rli h\u0259myerlimiz\u0259 h\u0259m ail\u0259, h\u0259m d\u0259 i\u015f h\u0259yat\u0131nda u\u011furlar arzulay\u0131r\u0131q.<\/p>\n<\/div>\n<div align=\"justify\"><span style=\"color: #0000ff;\"><strong>www.zerdab.com<\/strong><\/span><\/div>\n","protected":false},"excerpt":{"rendered":"<p>Ba\u011f\u0131rov Dam\u0259t Abbas o\u011flu 1961-ci ild\u0259 may ay\u0131n\u0131n 5-d\u0259 Z\u0259rdab rayonunun Xanm\u0259mm\u0259dli k\u0259ndind\u0259 anadan olub. 1978-ci ild\u0259 Z\u0259rdab rayonunda orta m\u0259kt\u0259bi bitirib. 1978-ci ild\u0259 D. B\u00fcnyadzad\u0259 ad\u0131na Az\u0259rbaycan Xalq T\u0259s\u0259rr\u00fcfat\u0131 \u0130nstitutuna daxil olub, 1985-ci ild\u0259 institutu bitirib. \u0130nstitutu bitirdikd\u0259n sonra D\u00f6vl\u0259t Aqrar S\u0259naye Komit\u0259sinin ba\u015f elm idar\u0259sind\u0259 apar\u0131c\u0131 iqtisad\u00e7\u0131, 1989&#8211;1994-c\u00fc ill\u0259rd\u0259 Az\u0259rbaycan D\u00f6vl\u0259t \u0130qtisad Universitetind\u0259 [&hellip;]<\/p>\n","protected":false},"author":1,"featured_media":0,"comment_status":"open","ping_status":"open","sticky":false,"template":"","format":"standard","meta":{"footnotes":""},"categories":[7],"tags":[],"class_list":{"0":"post-8207","1":"post","2":"type-post","3":"status-publish","4":"format-standard","6":"category-ziyalilar"},"yoast_head":"<!-- This site is optimized with the Yoast SEO plugin v27.0 - https:\/\/yoast.com\/product\/yoast-seo-wordpress\/ -->\n<title>\u0130qtisad Universitetinin prorektoru, h\u0259myerlimiz Dam\u0259t Ba\u011f\u0131rov - Z\u0259rdab.com<\/title>\n<meta name=\"robots\" content=\"index, follow, max-snippet:-1, max-image-preview:large, max-video-preview:-1\" \/>\n<link rel=\"canonical\" href=\"https:\/\/www.zerdab.com\/?p=8207\" \/>\n<meta property=\"og:locale\" content=\"az_AZ\" \/>\n<meta property=\"og:type\" content=\"article\" \/>\n<meta property=\"og:title\" content=\"\u0130qtisad Universitetinin prorektoru, h\u0259myerlimiz Dam\u0259t Ba\u011f\u0131rov - Z\u0259rdab.com\" \/>\n<meta property=\"og:description\" content=\"Ba\u011f\u0131rov Dam\u0259t Abbas o\u011flu 1961-ci ild\u0259 may ay\u0131n\u0131n 5-d\u0259 Z\u0259rdab rayonunun Xanm\u0259mm\u0259dli k\u0259ndind\u0259 anadan olub. 1978-ci ild\u0259 Z\u0259rdab rayonunda orta m\u0259kt\u0259bi bitirib. 1978-ci ild\u0259 D. B\u00fcnyadzad\u0259 ad\u0131na Az\u0259rbaycan Xalq T\u0259s\u0259rr\u00fcfat\u0131 \u0130nstitutuna daxil olub, 1985-ci ild\u0259 institutu bitirib. \u0130nstitutu bitirdikd\u0259n sonra D\u00f6vl\u0259t Aqrar S\u0259naye Komit\u0259sinin ba\u015f elm idar\u0259sind\u0259 apar\u0131c\u0131 iqtisad\u00e7\u0131, 1989&#8211;1994-c\u00fc ill\u0259rd\u0259 Az\u0259rbaycan D\u00f6vl\u0259t \u0130qtisad Universitetind\u0259 [&hellip;]\" \/>\n<meta property=\"og:url\" content=\"https:\/\/www.zerdab.com\/?p=8207\" \/>\n<meta property=\"og:site_name\" content=\"Z\u0259rdab.com\" \/>\n<meta property=\"article:published_time\" content=\"2013-03-15T18:02:57+00:00\" \/>\n<meta property=\"article:modified_time\" content=\"2013-03-15T18:05:23+00:00\" \/>\n<meta name=\"author\" content=\"admin\" \/>\n<meta name=\"twitter:card\" content=\"summary_large_image\" \/>\n<meta name=\"twitter:label1\" content=\"Written by\" \/>\n\t<meta name=\"twitter:data1\" content=\"admin\" \/>\n\t<meta name=\"twitter:label2\" content=\"Est. reading time\" \/>\n\t<meta name=\"twitter:data2\" content=\"3 minutes\" \/>\n<script type=\"application\/ld+json\" class=\"yoast-schema-graph\">{\"@context\":\"https:\/\/schema.org\",\"@graph\":[{\"@type\":\"Article\",\"@id\":\"https:\/\/www.zerdab.com\/?p=8207#article\",\"isPartOf\":{\"@id\":\"https:\/\/www.zerdab.com\/?p=8207\"},\"author\":{\"name\":\"admin\",\"@id\":\"https:\/\/www.zerdab.com\/#\/schema\/person\/97079b7570c1e89ec0d9e138c3672136\"},\"headline\":\"\u0130qtisad Universitetinin prorektoru, h\u0259myerlimiz Dam\u0259t Ba\u011f\u0131rov\",\"datePublished\":\"2013-03-15T18:02:57+00:00\",\"dateModified\":\"2013-03-15T18:05:23+00:00\",\"mainEntityOfPage\":{\"@id\":\"https:\/\/www.zerdab.com\/?p=8207\"},\"wordCount\":625,\"commentCount\":3,\"articleSection\":[\"F\u018fXRL\u018fR\u0130M\u0130Z\"],\"inLanguage\":\"az\",\"potentialAction\":[{\"@type\":\"CommentAction\",\"name\":\"Comment\",\"target\":[\"https:\/\/www.zerdab.com\/?p=8207#respond\"]}]},{\"@type\":\"WebPage\",\"@id\":\"https:\/\/www.zerdab.com\/?p=8207\",\"url\":\"https:\/\/www.zerdab.com\/?p=8207\",\"name\":\"\u0130qtisad Universitetinin prorektoru, h\u0259myerlimiz Dam\u0259t Ba\u011f\u0131rov - Z\u0259rdab.com\",\"isPartOf\":{\"@id\":\"https:\/\/www.zerdab.com\/#website\"},\"datePublished\":\"2013-03-15T18:02:57+00:00\",\"dateModified\":\"2013-03-15T18:05:23+00:00\",\"author\":{\"@id\":\"https:\/\/www.zerdab.com\/#\/schema\/person\/97079b7570c1e89ec0d9e138c3672136\"},\"breadcrumb\":{\"@id\":\"https:\/\/www.zerdab.com\/?p=8207#breadcrumb\"},\"inLanguage\":\"az\",\"potentialAction\":[{\"@type\":\"ReadAction\",\"target\":[\"https:\/\/www.zerdab.com\/?p=8207\"]}]},{\"@type\":\"BreadcrumbList\",\"@id\":\"https:\/\/www.zerdab.com\/?p=8207#breadcrumb\",\"itemListElement\":[{\"@type\":\"ListItem\",\"position\":1,\"name\":\"Home\",\"item\":\"https:\/\/www.zerdab.com\/\"},{\"@type\":\"ListItem\",\"position\":2,\"name\":\"\u0130qtisad Universitetinin prorektoru, h\u0259myerlimiz Dam\u0259t Ba\u011f\u0131rov\"}]},{\"@type\":\"WebSite\",\"@id\":\"https:\/\/www.zerdab.com\/#website\",\"url\":\"https:\/\/www.zerdab.com\/\",\"name\":\"Z\u0259rdab.com\",\"description\":\"\",\"potentialAction\":[{\"@type\":\"SearchAction\",\"target\":{\"@type\":\"EntryPoint\",\"urlTemplate\":\"https:\/\/www.zerdab.com\/?s={search_term_string}\"},\"query-input\":{\"@type\":\"PropertyValueSpecification\",\"valueRequired\":true,\"valueName\":\"search_term_string\"}}],\"inLanguage\":\"az\"},{\"@type\":\"Person\",\"@id\":\"https:\/\/www.zerdab.com\/#\/schema\/person\/97079b7570c1e89ec0d9e138c3672136\",\"name\":\"admin\",\"image\":{\"@type\":\"ImageObject\",\"inLanguage\":\"az\",\"@id\":\"https:\/\/www.zerdab.com\/#\/schema\/person\/image\/\",\"url\":\"https:\/\/secure.gravatar.com\/avatar\/d9c52a9a27c32119cb6679a077fa3e2779e5f822c451cbf01098004361d466ec?s=96&d=mm&r=g\",\"contentUrl\":\"https:\/\/secure.gravatar.com\/avatar\/d9c52a9a27c32119cb6679a077fa3e2779e5f822c451cbf01098004361d466ec?s=96&d=mm&r=g\",\"caption\":\"admin\"},\"url\":\"https:\/\/www.zerdab.com\/?author=1\"}]}<\/script>\n<!-- \/ Yoast SEO plugin. -->","yoast_head_json":{"title":"\u0130qtisad Universitetinin prorektoru, h\u0259myerlimiz Dam\u0259t Ba\u011f\u0131rov - Z\u0259rdab.com","robots":{"index":"index","follow":"follow","max-snippet":"max-snippet:-1","max-image-preview":"max-image-preview:large","max-video-preview":"max-video-preview:-1"},"canonical":"https:\/\/www.zerdab.com\/?p=8207","og_locale":"az_AZ","og_type":"article","og_title":"\u0130qtisad Universitetinin prorektoru, h\u0259myerlimiz Dam\u0259t Ba\u011f\u0131rov - Z\u0259rdab.com","og_description":"Ba\u011f\u0131rov Dam\u0259t Abbas o\u011flu 1961-ci ild\u0259 may ay\u0131n\u0131n 5-d\u0259 Z\u0259rdab rayonunun Xanm\u0259mm\u0259dli k\u0259ndind\u0259 anadan olub. 1978-ci ild\u0259 Z\u0259rdab rayonunda orta m\u0259kt\u0259bi bitirib. 1978-ci ild\u0259 D. B\u00fcnyadzad\u0259 ad\u0131na Az\u0259rbaycan Xalq T\u0259s\u0259rr\u00fcfat\u0131 \u0130nstitutuna daxil olub, 1985-ci ild\u0259 institutu bitirib. \u0130nstitutu bitirdikd\u0259n sonra D\u00f6vl\u0259t Aqrar S\u0259naye Komit\u0259sinin ba\u015f elm idar\u0259sind\u0259 apar\u0131c\u0131 iqtisad\u00e7\u0131, 1989&#8211;1994-c\u00fc ill\u0259rd\u0259 Az\u0259rbaycan D\u00f6vl\u0259t \u0130qtisad Universitetind\u0259 [&hellip;]","og_url":"https:\/\/www.zerdab.com\/?p=8207","og_site_name":"Z\u0259rdab.com","article_published_time":"2013-03-15T18:02:57+00:00","article_modified_time":"2013-03-15T18:05:23+00:00","author":"admin","twitter_card":"summary_large_image","twitter_misc":{"Written by":"admin","Est. reading time":"3 minutes"},"schema":{"@context":"https:\/\/schema.org","@graph":[{"@type":"Article","@id":"https:\/\/www.zerdab.com\/?p=8207#article","isPartOf":{"@id":"https:\/\/www.zerdab.com\/?p=8207"},"author":{"name":"admin","@id":"https:\/\/www.zerdab.com\/#\/schema\/person\/97079b7570c1e89ec0d9e138c3672136"},"headline":"\u0130qtisad Universitetinin prorektoru, h\u0259myerlimiz Dam\u0259t Ba\u011f\u0131rov","datePublished":"2013-03-15T18:02:57+00:00","dateModified":"2013-03-15T18:05:23+00:00","mainEntityOfPage":{"@id":"https:\/\/www.zerdab.com\/?p=8207"},"wordCount":625,"commentCount":3,"articleSection":["F\u018fXRL\u018fR\u0130M\u0130Z"],"inLanguage":"az","potentialAction":[{"@type":"CommentAction","name":"Comment","target":["https:\/\/www.zerdab.com\/?p=8207#respond"]}]},{"@type":"WebPage","@id":"https:\/\/www.zerdab.com\/?p=8207","url":"https:\/\/www.zerdab.com\/?p=8207","name":"\u0130qtisad Universitetinin prorektoru, h\u0259myerlimiz Dam\u0259t Ba\u011f\u0131rov - Z\u0259rdab.com","isPartOf":{"@id":"https:\/\/www.zerdab.com\/#website"},"datePublished":"2013-03-15T18:02:57+00:00","dateModified":"2013-03-15T18:05:23+00:00","author":{"@id":"https:\/\/www.zerdab.com\/#\/schema\/person\/97079b7570c1e89ec0d9e138c3672136"},"breadcrumb":{"@id":"https:\/\/www.zerdab.com\/?p=8207#breadcrumb"},"inLanguage":"az","potentialAction":[{"@type":"ReadAction","target":["https:\/\/www.zerdab.com\/?p=8207"]}]},{"@type":"BreadcrumbList","@id":"https:\/\/www.zerdab.com\/?p=8207#breadcrumb","itemListElement":[{"@type":"ListItem","position":1,"name":"Home","item":"https:\/\/www.zerdab.com\/"},{"@type":"ListItem","position":2,"name":"\u0130qtisad Universitetinin prorektoru, h\u0259myerlimiz Dam\u0259t Ba\u011f\u0131rov"}]},{"@type":"WebSite","@id":"https:\/\/www.zerdab.com\/#website","url":"https:\/\/www.zerdab.com\/","name":"Z\u0259rdab.com","description":"","potentialAction":[{"@type":"SearchAction","target":{"@type":"EntryPoint","urlTemplate":"https:\/\/www.zerdab.com\/?s={search_term_string}"},"query-input":{"@type":"PropertyValueSpecification","valueRequired":true,"valueName":"search_term_string"}}],"inLanguage":"az"},{"@type":"Person","@id":"https:\/\/www.zerdab.com\/#\/schema\/person\/97079b7570c1e89ec0d9e138c3672136","name":"admin","image":{"@type":"ImageObject","inLanguage":"az","@id":"https:\/\/www.zerdab.com\/#\/schema\/person\/image\/","url":"https:\/\/secure.gravatar.com\/avatar\/d9c52a9a27c32119cb6679a077fa3e2779e5f822c451cbf01098004361d466ec?s=96&d=mm&r=g","contentUrl":"https:\/\/secure.gravatar.com\/avatar\/d9c52a9a27c32119cb6679a077fa3e2779e5f822c451cbf01098004361d466ec?s=96&d=mm&r=g","caption":"admin"},"url":"https:\/\/www.zerdab.com\/?author=1"}]}},"_links":{"self":[{"href":"https:\/\/www.zerdab.com\/index.php?rest_route=\/wp\/v2\/posts\/8207","targetHints":{"allow":["GET"]}}],"collection":[{"href":"https:\/\/www.zerdab.com\/index.php?rest_route=\/wp\/v2\/posts"}],"about":[{"href":"https:\/\/www.zerdab.com\/index.php?rest_route=\/wp\/v2\/types\/post"}],"author":[{"embeddable":true,"href":"https:\/\/www.zerdab.com\/index.php?rest_route=\/wp\/v2\/users\/1"}],"replies":[{"embeddable":true,"href":"https:\/\/www.zerdab.com\/index.php?rest_route=%2Fwp%2Fv2%2Fcomments&post=8207"}],"version-history":[{"count":3,"href":"https:\/\/www.zerdab.com\/index.php?rest_route=\/wp\/v2\/posts\/8207\/revisions"}],"predecessor-version":[{"id":8211,"href":"https:\/\/www.zerdab.com\/index.php?rest_route=\/wp\/v2\/posts\/8207\/revisions\/8211"}],"wp:attachment":[{"href":"https:\/\/www.zerdab.com\/index.php?rest_route=%2Fwp%2Fv2%2Fmedia&parent=8207"}],"wp:term":[{"taxonomy":"category","embeddable":true,"href":"https:\/\/www.zerdab.com\/index.php?rest_route=%2Fwp%2Fv2%2Fcategories&post=8207"},{"taxonomy":"post_tag","embeddable":true,"href":"https:\/\/www.zerdab.com\/index.php?rest_route=%2Fwp%2Fv2%2Ftags&post=8207"}],"curies":[{"name":"wp","href":"https:\/\/api.w.org\/{rel}","templated":true}]}}