{"id":8226,"date":"2013-03-16T13:06:48","date_gmt":"2013-03-16T09:06:48","guid":{"rendered":"http:\/\/www.zerdab.com\/?p=8226"},"modified":"2013-03-16T13:31:42","modified_gmt":"2013-03-16T09:31:42","slug":"z%c9%99rdab-rayon-tarix-diyarsunasliq-muzeyind%c9%99-bayram-t%c9%99dbiri","status":"publish","type":"post","link":"https:\/\/www.zerdab.com\/?p=8226","title":{"rendered":"Z\u0259rdab Rayon Tarix-Diyar\u015f\u00fcnasl\u0131q Muzeyind\u0259 bayram t\u0259dbiri"},"content":{"rendered":"<p><span style=\"color: #339966;\"><strong><img loading=\"lazy\" decoding=\"async\" class=\"aligncenter size-medium wp-image-8227\" alt=\"Z\u0259rdab rayonu\" src=\"http:\/\/www.zerdab.com\/wp-content\/uploads\/2013\/03\/Z\u0259rdab-rayonu23-350x262.jpg\" width=\"350\" height=\"262\" \/>Z\u0259rdab Rayon Tarix-Diyar\u015f\u00fcnasl\u0131q Muzeyind\u0259 \u201cElimiz\u0259 Bahar g\u0259lir\u201d adl\u0131 t\u0259dbir ke\u00e7irilib. <strong>www.zerdab.com sayt\u0131na veril<strong>\u0259n m<strong>\u0259lumata g\u00f6r<strong>\u0259,\u00a0<\/strong><\/strong><\/strong>t<\/strong>\u0259dbir m\u00fcnasib\u0259ti il\u0259 muzeyin ekspozisiyas\u0131nda Novruz bayram\u0131n\u0131 \u0259ks etdir\u0259n s\u0259rgi t\u0259\u015fkil edilib. Burada ke\u00e7mi\u015f ad\u0259t v\u0259 \u0259n\u0259n\u0259l\u0259ri \u00f6z\u00fcnd\u0259 ya\u015fadan eksponatlar v\u0259 m\u00fcxt\u0259lif \u015firniyyatlarla b\u0259z\u0259dilmi\u015f xon\u00e7alar, s\u0259m\u0259nil\u0259r n\u00fcmayi\u015f etdirilib.<\/strong><\/span><\/p>\n<p>T\u0259dbird\u0259 muzeyin direktoru \u015eahnaz Mustafayeva Novruz bayram\u0131n\u0131 &#8211; yaz\u0131n g\u0259li\u015fini simvoliz\u0259 ed\u0259n xalq bayram\u0131 oldu\u011funu qeyd ed\u0259r\u0259k, t\u0259dbir i\u015ftirak\u00e7\u0131lar\u0131n\u0131 bu m\u00fcnasib\u0259tl\u0259 \u00fcr\u0259kd\u0259n t\u0259brik edib. Qeyd edib ki, Novruz bayram\u0131n\u0131n tarixi, onunla ba\u011fl\u0131 \u0259satirl\u0259r, mifl\u0259r \u00e7ox q\u0259dimdir. Bir s\u0131ra xalqlar yaz f\u0259slinin g\u0259lm\u0259sini t\u0259bi\u0259tin canlanmas\u0131 il\u0259 ba\u011flam\u0131\u015f, bu m\u00fcnasib\u0259tl\u0259 \u015f\u0259nlikl\u0259r ke\u00e7irmi\u015f, onu yeni ilin ba\u015flan\u011f\u0131c\u0131 kimi bayram etmi\u015fl\u0259r. 2009-cu il sentyabr\u0131n 30-da Novruz YUNESKO t\u0259r\u0259find\u0259n qeyri-maddi m\u0259d\u0259ni irs siyah\u0131s\u0131na daxil olunmu\u015f, 23 fevral 2010-cu ild\u0259 BMT Ba\u015f Assambleyas\u0131n\u0131n 64-c\u00fc sessiyas\u0131n\u0131n iclas\u0131nda mart ay\u0131n\u0131 21-i \u201cBeyn\u0259lxalq Novruz g\u00fcn\u00fc\u201d elan edilmi\u015fdir.<\/p>\n<p>Muzeyin elmi i\u015f\u00e7isi \u015e\u0259lal\u0259 \u018fliyeva v\u0259 fond m\u00fchafizi Mais\u0259 Babayeva Novruz bayram\u0131n\u0131n tarixi v\u0259 \u00e7\u0259r\u015f\u0259nb\u0259l\u0259r haqq\u0131nda geni\u015f m\u0259lumat veribl\u0259r. T\u0259dbird\u0259 \u015f\u0259h\u0259r 1 sayl\u0131 u\u015faq ba\u011f\u00e7as\u0131n\u0131n m\u00fc\u0259llim v\u0259 u\u015faqlar\u0131 kompozisiya il\u0259 \u00e7\u0131x\u0131\u015f edibl\u0259r. Kosa, Ke\u00e7\u0259l, Bahar q\u0131z\u0131n ifas\u0131 t\u0259dbir i\u015ftirak\u00e7\u0131lar\u0131 t\u0259r\u0259find\u0259n maraqla qar\u015f\u0131lan\u0131b. Bahar q\u0131z\u0131 &#8211; Zeynalova \u018fsm\u0259r, Kosa &#8211; Bilalov V\u00fcsal, Ke\u00e7\u0259l &#8211; M\u0259mm\u0259dli \u018flisa v\u0259 dig\u0259r u\u015faqlar &#8211; Musayeva R\u0259na, X\u0259lilova X\u0259dic\u0259, X\u0259lilli Aydan, A\u011fayev Cavid, Abdullayev S\u0259id, A\u011fayev R\u0259him bahar \u0259hval-ruhiyy\u0259li r\u0259qsl\u0259r ifa edibl\u0259r.<\/p>\n<p>T\u0259dbird\u0259 \u015f\u0259h\u0259r 1 sayl\u0131 m\u0259kt\u0259b-liseyin m\u00fc\u0259llim v\u0259 \u015fagirdl\u0259ri, m\u0259d\u0259niyy\u0259t evinin i\u015f\u00e7il\u0259ri i\u015ftirak edirdi.<\/p>\n<p>T\u0259dbirin sonunda xatir\u0259 \u015f\u0259kill\u0259ri \u00e7\u0259kilib.<\/p>\n<p><strong>www.zerdab.com<\/strong><\/p>\n<p><img loading=\"lazy\" decoding=\"async\" class=\"aligncenter size-medium wp-image-8232\" alt=\"Z\u0259rdab rayonu\" src=\"http:\/\/www.zerdab.com\/wp-content\/uploads\/2013\/03\/Z\u0259rdab-rayonu12-350x262.jpg\" width=\"350\" height=\"262\" \/><\/p>\n<p><img loading=\"lazy\" decoding=\"async\" class=\"aligncenter size-medium wp-image-8234\" alt=\"Z\u0259rdab rayonu\" src=\"http:\/\/www.zerdab.com\/wp-content\/uploads\/2013\/03\/Z\u0259rdab-rayonu13-262x350.jpg\" width=\"262\" height=\"350\" \/><\/p>\n<p><img loading=\"lazy\" decoding=\"async\" class=\"aligncenter size-medium wp-image-8236\" alt=\"Z\u0259rdab rayonu\" src=\"http:\/\/www.zerdab.com\/wp-content\/uploads\/2013\/03\/Z\u0259rdab-rayonu31-350x262.jpg\" width=\"350\" height=\"262\" \/><img loading=\"lazy\" decoding=\"async\" class=\"aligncenter size-medium wp-image-8236\" alt=\"Z\u0259rdab rayonu\" src=\"http:\/\/www.zerdab.com\/wp-content\/uploads\/2013\/03\/Z\u0259rdab-rayonu31-350x262.jpg\" width=\"350\" height=\"262\" \/><\/p>\n<p><img loading=\"lazy\" decoding=\"async\" class=\"aligncenter size-medium wp-image-8239\" alt=\"Z\u0259rdab rayonu\" src=\"http:\/\/www.zerdab.com\/wp-content\/uploads\/2013\/03\/Z\u0259rdab-rayonu42-262x350.jpg\" width=\"262\" height=\"350\" \/><\/p>\n<p><img loading=\"lazy\" decoding=\"async\" class=\"aligncenter size-medium wp-image-8240\" alt=\"Z\u0259rdab rayonu\" src=\"http:\/\/www.zerdab.com\/wp-content\/uploads\/2013\/03\/Z\u0259rdab-rayonu91-262x350.jpg\" width=\"262\" height=\"350\" \/><\/p>\n<p><img loading=\"lazy\" decoding=\"async\" class=\"aligncenter size-medium wp-image-8241\" alt=\"Z\u0259rdab rayonu\" src=\"http:\/\/www.zerdab.com\/wp-content\/uploads\/2013\/03\/Z\u0259rdab-rayonu101-350x262.jpg\" width=\"350\" height=\"262\" \/><\/p>\n<p><img loading=\"lazy\" decoding=\"async\" class=\"aligncenter size-medium wp-image-8242\" alt=\"Z\u0259rdab rayonu\" src=\"http:\/\/www.zerdab.com\/wp-content\/uploads\/2013\/03\/Z\u0259rdab-rayonu81-350x262.jpg\" width=\"350\" height=\"262\" \/><\/p>\n","protected":false},"excerpt":{"rendered":"<p>Z\u0259rdab Rayon Tarix-Diyar\u015f\u00fcnasl\u0131q Muzeyind\u0259 \u201cElimiz\u0259 Bahar g\u0259lir\u201d adl\u0131 t\u0259dbir ke\u00e7irilib. www.zerdab.com sayt\u0131na veril\u0259n m\u0259lumata g\u00f6r\u0259,\u00a0t\u0259dbir m\u00fcnasib\u0259ti il\u0259 muzeyin ekspozisiyas\u0131nda Novruz bayram\u0131n\u0131 \u0259ks etdir\u0259n s\u0259rgi t\u0259\u015fkil edilib. Burada ke\u00e7mi\u015f ad\u0259t v\u0259 \u0259n\u0259n\u0259l\u0259ri \u00f6z\u00fcnd\u0259 ya\u015fadan eksponatlar v\u0259 m\u00fcxt\u0259lif \u015firniyyatlarla b\u0259z\u0259dilmi\u015f xon\u00e7alar, s\u0259m\u0259nil\u0259r n\u00fcmayi\u015f etdirilib. T\u0259dbird\u0259 muzeyin direktoru \u015eahnaz Mustafayeva Novruz bayram\u0131n\u0131 &#8211; yaz\u0131n g\u0259li\u015fini simvoliz\u0259 ed\u0259n xalq [&hellip;]<\/p>\n","protected":false},"author":1,"featured_media":0,"comment_status":"open","ping_status":"open","sticky":false,"template":"","format":"standard","meta":{"footnotes":""},"categories":[21],"tags":[],"class_list":{"0":"post-8226","1":"post","2":"type-post","3":"status-publish","4":"format-standard","6":"category-zrdab"},"yoast_head":"<!-- This site is optimized with the Yoast SEO plugin v27.0 - https:\/\/yoast.com\/product\/yoast-seo-wordpress\/ -->\n<title>Z\u0259rdab Rayon Tarix-Diyar\u015f\u00fcnasl\u0131q Muzeyind\u0259 bayram t\u0259dbiri - Z\u0259rdab.com<\/title>\n<meta name=\"robots\" content=\"index, follow, max-snippet:-1, max-image-preview:large, max-video-preview:-1\" \/>\n<link rel=\"canonical\" href=\"https:\/\/www.zerdab.com\/?p=8226\" \/>\n<meta property=\"og:locale\" content=\"az_AZ\" \/>\n<meta property=\"og:type\" content=\"article\" \/>\n<meta property=\"og:title\" content=\"Z\u0259rdab Rayon Tarix-Diyar\u015f\u00fcnasl\u0131q Muzeyind\u0259 bayram t\u0259dbiri - Z\u0259rdab.com\" \/>\n<meta property=\"og:description\" content=\"Z\u0259rdab Rayon Tarix-Diyar\u015f\u00fcnasl\u0131q Muzeyind\u0259 \u201cElimiz\u0259 Bahar g\u0259lir\u201d adl\u0131 t\u0259dbir ke\u00e7irilib. www.zerdab.com sayt\u0131na veril\u0259n m\u0259lumata g\u00f6r\u0259,\u00a0t\u0259dbir m\u00fcnasib\u0259ti il\u0259 muzeyin ekspozisiyas\u0131nda Novruz bayram\u0131n\u0131 \u0259ks etdir\u0259n s\u0259rgi t\u0259\u015fkil edilib. Burada ke\u00e7mi\u015f ad\u0259t v\u0259 \u0259n\u0259n\u0259l\u0259ri \u00f6z\u00fcnd\u0259 ya\u015fadan eksponatlar v\u0259 m\u00fcxt\u0259lif \u015firniyyatlarla b\u0259z\u0259dilmi\u015f xon\u00e7alar, s\u0259m\u0259nil\u0259r n\u00fcmayi\u015f etdirilib. T\u0259dbird\u0259 muzeyin direktoru \u015eahnaz Mustafayeva Novruz bayram\u0131n\u0131 &#8211; yaz\u0131n g\u0259li\u015fini simvoliz\u0259 ed\u0259n xalq [&hellip;]\" \/>\n<meta property=\"og:url\" content=\"https:\/\/www.zerdab.com\/?p=8226\" \/>\n<meta property=\"og:site_name\" content=\"Z\u0259rdab.com\" \/>\n<meta property=\"article:published_time\" content=\"2013-03-16T09:06:48+00:00\" \/>\n<meta property=\"article:modified_time\" content=\"2013-03-16T09:31:42+00:00\" \/>\n<meta name=\"author\" content=\"admin\" \/>\n<meta name=\"twitter:card\" content=\"summary_large_image\" \/>\n<meta name=\"twitter:label1\" content=\"Written by\" \/>\n\t<meta name=\"twitter:data1\" content=\"admin\" \/>\n\t<meta name=\"twitter:label2\" content=\"Est. reading time\" \/>\n\t<meta name=\"twitter:data2\" content=\"2 minutes\" \/>\n<script type=\"application\/ld+json\" class=\"yoast-schema-graph\">{\"@context\":\"https:\/\/schema.org\",\"@graph\":[{\"@type\":\"Article\",\"@id\":\"https:\/\/www.zerdab.com\/?p=8226#article\",\"isPartOf\":{\"@id\":\"https:\/\/www.zerdab.com\/?p=8226\"},\"author\":{\"name\":\"admin\",\"@id\":\"https:\/\/www.zerdab.com\/#\/schema\/person\/97079b7570c1e89ec0d9e138c3672136\"},\"headline\":\"Z\u0259rdab Rayon Tarix-Diyar\u015f\u00fcnasl\u0131q Muzeyind\u0259 bayram t\u0259dbiri\",\"datePublished\":\"2013-03-16T09:06:48+00:00\",\"dateModified\":\"2013-03-16T09:31:42+00:00\",\"mainEntityOfPage\":{\"@id\":\"https:\/\/www.zerdab.com\/?p=8226\"},\"wordCount\":391,\"commentCount\":0,\"articleSection\":[\"C\u018fM\u0130YY\u018fT\"],\"inLanguage\":\"az\",\"potentialAction\":[{\"@type\":\"CommentAction\",\"name\":\"Comment\",\"target\":[\"https:\/\/www.zerdab.com\/?p=8226#respond\"]}]},{\"@type\":\"WebPage\",\"@id\":\"https:\/\/www.zerdab.com\/?p=8226\",\"url\":\"https:\/\/www.zerdab.com\/?p=8226\",\"name\":\"Z\u0259rdab Rayon Tarix-Diyar\u015f\u00fcnasl\u0131q Muzeyind\u0259 bayram t\u0259dbiri - Z\u0259rdab.com\",\"isPartOf\":{\"@id\":\"https:\/\/www.zerdab.com\/#website\"},\"datePublished\":\"2013-03-16T09:06:48+00:00\",\"dateModified\":\"2013-03-16T09:31:42+00:00\",\"author\":{\"@id\":\"https:\/\/www.zerdab.com\/#\/schema\/person\/97079b7570c1e89ec0d9e138c3672136\"},\"breadcrumb\":{\"@id\":\"https:\/\/www.zerdab.com\/?p=8226#breadcrumb\"},\"inLanguage\":\"az\",\"potentialAction\":[{\"@type\":\"ReadAction\",\"target\":[\"https:\/\/www.zerdab.com\/?p=8226\"]}]},{\"@type\":\"BreadcrumbList\",\"@id\":\"https:\/\/www.zerdab.com\/?p=8226#breadcrumb\",\"itemListElement\":[{\"@type\":\"ListItem\",\"position\":1,\"name\":\"Home\",\"item\":\"https:\/\/www.zerdab.com\/\"},{\"@type\":\"ListItem\",\"position\":2,\"name\":\"Z\u0259rdab Rayon Tarix-Diyar\u015f\u00fcnasl\u0131q Muzeyind\u0259 bayram t\u0259dbiri\"}]},{\"@type\":\"WebSite\",\"@id\":\"https:\/\/www.zerdab.com\/#website\",\"url\":\"https:\/\/www.zerdab.com\/\",\"name\":\"Z\u0259rdab.com\",\"description\":\"\",\"potentialAction\":[{\"@type\":\"SearchAction\",\"target\":{\"@type\":\"EntryPoint\",\"urlTemplate\":\"https:\/\/www.zerdab.com\/?s={search_term_string}\"},\"query-input\":{\"@type\":\"PropertyValueSpecification\",\"valueRequired\":true,\"valueName\":\"search_term_string\"}}],\"inLanguage\":\"az\"},{\"@type\":\"Person\",\"@id\":\"https:\/\/www.zerdab.com\/#\/schema\/person\/97079b7570c1e89ec0d9e138c3672136\",\"name\":\"admin\",\"image\":{\"@type\":\"ImageObject\",\"inLanguage\":\"az\",\"@id\":\"https:\/\/www.zerdab.com\/#\/schema\/person\/image\/\",\"url\":\"https:\/\/secure.gravatar.com\/avatar\/d9c52a9a27c32119cb6679a077fa3e2779e5f822c451cbf01098004361d466ec?s=96&d=mm&r=g\",\"contentUrl\":\"https:\/\/secure.gravatar.com\/avatar\/d9c52a9a27c32119cb6679a077fa3e2779e5f822c451cbf01098004361d466ec?s=96&d=mm&r=g\",\"caption\":\"admin\"},\"url\":\"https:\/\/www.zerdab.com\/?author=1\"}]}<\/script>\n<!-- \/ Yoast SEO plugin. -->","yoast_head_json":{"title":"Z\u0259rdab Rayon Tarix-Diyar\u015f\u00fcnasl\u0131q Muzeyind\u0259 bayram t\u0259dbiri - Z\u0259rdab.com","robots":{"index":"index","follow":"follow","max-snippet":"max-snippet:-1","max-image-preview":"max-image-preview:large","max-video-preview":"max-video-preview:-1"},"canonical":"https:\/\/www.zerdab.com\/?p=8226","og_locale":"az_AZ","og_type":"article","og_title":"Z\u0259rdab Rayon Tarix-Diyar\u015f\u00fcnasl\u0131q Muzeyind\u0259 bayram t\u0259dbiri - Z\u0259rdab.com","og_description":"Z\u0259rdab Rayon Tarix-Diyar\u015f\u00fcnasl\u0131q Muzeyind\u0259 \u201cElimiz\u0259 Bahar g\u0259lir\u201d adl\u0131 t\u0259dbir ke\u00e7irilib. www.zerdab.com sayt\u0131na veril\u0259n m\u0259lumata g\u00f6r\u0259,\u00a0t\u0259dbir m\u00fcnasib\u0259ti il\u0259 muzeyin ekspozisiyas\u0131nda Novruz bayram\u0131n\u0131 \u0259ks etdir\u0259n s\u0259rgi t\u0259\u015fkil edilib. Burada ke\u00e7mi\u015f ad\u0259t v\u0259 \u0259n\u0259n\u0259l\u0259ri \u00f6z\u00fcnd\u0259 ya\u015fadan eksponatlar v\u0259 m\u00fcxt\u0259lif \u015firniyyatlarla b\u0259z\u0259dilmi\u015f xon\u00e7alar, s\u0259m\u0259nil\u0259r n\u00fcmayi\u015f etdirilib. T\u0259dbird\u0259 muzeyin direktoru \u015eahnaz Mustafayeva Novruz bayram\u0131n\u0131 &#8211; yaz\u0131n g\u0259li\u015fini simvoliz\u0259 ed\u0259n xalq [&hellip;]","og_url":"https:\/\/www.zerdab.com\/?p=8226","og_site_name":"Z\u0259rdab.com","article_published_time":"2013-03-16T09:06:48+00:00","article_modified_time":"2013-03-16T09:31:42+00:00","author":"admin","twitter_card":"summary_large_image","twitter_misc":{"Written by":"admin","Est. reading time":"2 minutes"},"schema":{"@context":"https:\/\/schema.org","@graph":[{"@type":"Article","@id":"https:\/\/www.zerdab.com\/?p=8226#article","isPartOf":{"@id":"https:\/\/www.zerdab.com\/?p=8226"},"author":{"name":"admin","@id":"https:\/\/www.zerdab.com\/#\/schema\/person\/97079b7570c1e89ec0d9e138c3672136"},"headline":"Z\u0259rdab Rayon Tarix-Diyar\u015f\u00fcnasl\u0131q Muzeyind\u0259 bayram t\u0259dbiri","datePublished":"2013-03-16T09:06:48+00:00","dateModified":"2013-03-16T09:31:42+00:00","mainEntityOfPage":{"@id":"https:\/\/www.zerdab.com\/?p=8226"},"wordCount":391,"commentCount":0,"articleSection":["C\u018fM\u0130YY\u018fT"],"inLanguage":"az","potentialAction":[{"@type":"CommentAction","name":"Comment","target":["https:\/\/www.zerdab.com\/?p=8226#respond"]}]},{"@type":"WebPage","@id":"https:\/\/www.zerdab.com\/?p=8226","url":"https:\/\/www.zerdab.com\/?p=8226","name":"Z\u0259rdab Rayon Tarix-Diyar\u015f\u00fcnasl\u0131q Muzeyind\u0259 bayram t\u0259dbiri - Z\u0259rdab.com","isPartOf":{"@id":"https:\/\/www.zerdab.com\/#website"},"datePublished":"2013-03-16T09:06:48+00:00","dateModified":"2013-03-16T09:31:42+00:00","author":{"@id":"https:\/\/www.zerdab.com\/#\/schema\/person\/97079b7570c1e89ec0d9e138c3672136"},"breadcrumb":{"@id":"https:\/\/www.zerdab.com\/?p=8226#breadcrumb"},"inLanguage":"az","potentialAction":[{"@type":"ReadAction","target":["https:\/\/www.zerdab.com\/?p=8226"]}]},{"@type":"BreadcrumbList","@id":"https:\/\/www.zerdab.com\/?p=8226#breadcrumb","itemListElement":[{"@type":"ListItem","position":1,"name":"Home","item":"https:\/\/www.zerdab.com\/"},{"@type":"ListItem","position":2,"name":"Z\u0259rdab Rayon Tarix-Diyar\u015f\u00fcnasl\u0131q Muzeyind\u0259 bayram t\u0259dbiri"}]},{"@type":"WebSite","@id":"https:\/\/www.zerdab.com\/#website","url":"https:\/\/www.zerdab.com\/","name":"Z\u0259rdab.com","description":"","potentialAction":[{"@type":"SearchAction","target":{"@type":"EntryPoint","urlTemplate":"https:\/\/www.zerdab.com\/?s={search_term_string}"},"query-input":{"@type":"PropertyValueSpecification","valueRequired":true,"valueName":"search_term_string"}}],"inLanguage":"az"},{"@type":"Person","@id":"https:\/\/www.zerdab.com\/#\/schema\/person\/97079b7570c1e89ec0d9e138c3672136","name":"admin","image":{"@type":"ImageObject","inLanguage":"az","@id":"https:\/\/www.zerdab.com\/#\/schema\/person\/image\/","url":"https:\/\/secure.gravatar.com\/avatar\/d9c52a9a27c32119cb6679a077fa3e2779e5f822c451cbf01098004361d466ec?s=96&d=mm&r=g","contentUrl":"https:\/\/secure.gravatar.com\/avatar\/d9c52a9a27c32119cb6679a077fa3e2779e5f822c451cbf01098004361d466ec?s=96&d=mm&r=g","caption":"admin"},"url":"https:\/\/www.zerdab.com\/?author=1"}]}},"_links":{"self":[{"href":"https:\/\/www.zerdab.com\/index.php?rest_route=\/wp\/v2\/posts\/8226","targetHints":{"allow":["GET"]}}],"collection":[{"href":"https:\/\/www.zerdab.com\/index.php?rest_route=\/wp\/v2\/posts"}],"about":[{"href":"https:\/\/www.zerdab.com\/index.php?rest_route=\/wp\/v2\/types\/post"}],"author":[{"embeddable":true,"href":"https:\/\/www.zerdab.com\/index.php?rest_route=\/wp\/v2\/users\/1"}],"replies":[{"embeddable":true,"href":"https:\/\/www.zerdab.com\/index.php?rest_route=%2Fwp%2Fv2%2Fcomments&post=8226"}],"version-history":[{"count":10,"href":"https:\/\/www.zerdab.com\/index.php?rest_route=\/wp\/v2\/posts\/8226\/revisions"}],"predecessor-version":[{"id":8245,"href":"https:\/\/www.zerdab.com\/index.php?rest_route=\/wp\/v2\/posts\/8226\/revisions\/8245"}],"wp:attachment":[{"href":"https:\/\/www.zerdab.com\/index.php?rest_route=%2Fwp%2Fv2%2Fmedia&parent=8226"}],"wp:term":[{"taxonomy":"category","embeddable":true,"href":"https:\/\/www.zerdab.com\/index.php?rest_route=%2Fwp%2Fv2%2Fcategories&post=8226"},{"taxonomy":"post_tag","embeddable":true,"href":"https:\/\/www.zerdab.com\/index.php?rest_route=%2Fwp%2Fv2%2Ftags&post=8226"}],"curies":[{"name":"wp","href":"https:\/\/api.w.org\/{rel}","templated":true}]}}