{"id":838,"date":"2012-03-01T12:18:37","date_gmt":"2012-03-01T08:18:37","guid":{"rendered":"http:\/\/www.zerdab.com\/?p=838"},"modified":"2012-03-01T12:18:37","modified_gmt":"2012-03-01T08:18:37","slug":"z%c9%99rdab-rayon-komsomol-komit%c9%99sinin-birinci-katibi-v%c9%99zif%c9%99sind%c9%99-calisanlar","status":"publish","type":"post","link":"https:\/\/www.zerdab.com\/?p=838","title":{"rendered":"Z\u0259rdab rayon Komsomol Komit\u0259sinin birinci katibi v\u0259zif\u0259sind\u0259 \u00e7al\u0131\u015fanlar"},"content":{"rendered":"<p>SSR\u0130-nin kommunist partiyas\u0131ndan sonra \u0259sas daya\u011f\u0131 olan komsomol t\u0259\u015fkilatlar\u0131 Z\u0259rdab\u0131n da b\u00fct\u00fcn ya\u015fay\u0131\u015f m\u0259nt\u0259q\u0259l\u0259rind\u0259, idar\u0259, m\u00fc\u0259ssis\u0259 v\u0259 t\u0259\u015fkilatlar\u0131nda oxuyub i\u015fl\u0259y\u0259n g\u0259ncl\u0259ri birl\u0259\u015fdirirdi. Komsomol s\u0131ralar\u0131na 14 ya\u015f\u0131ndan 21 ya\u015fad\u0259k olan g\u0259ncl\u0259r guya k\u00f6n\u00fcll\u00fcl\u00fck \u0259sas\u0131nda daxil olurdular. Lakin \u0259slind\u0259 komsomola ke\u00e7m\u0259k m\u0259cburi idi.<br \/>\nO d\u00f6vrd\u0259 g\u0259ncl\u0259rin \u0259n b\u00f6y\u00fck siyasi t\u0259\u015fkilat\u0131 olan komsomolun &#8211; \u00dcmumittifaq Lenin Kommunist G\u0259ncl\u0259r \u0130ttifaq\u0131n\u0131n Z\u0259rdab<br \/>\nRayon Komit\u0259sin\u0259 r\u0259hb\u0259r- birinci katib t\u0259yin olunmaq etimad hesab olunurdu. B\u0259s Z\u0259rdab rayon Komsomol Komit\u0259sinin birinci katibi v\u0259zif\u0259sind\u0259 kiml\u0259r \u00e7al\u0131\u015f\u0131blar? \u018flimizd\u0259 olan m\u0259lumatlar bunlard\u0131r:<br \/>\nAbbasov \u018fliyullah \u0130bad o\u011flu &#8211; ke\u00e7\u0259n \u0259srin 30-32-ci ill\u0259rind\u0259 Z\u0259rdabda komsomol \u00f6z\u0259k katibi olub.<br \/>\nN\u0259riman \u0130mranov<br \/>\nMehdi Xanm\u0259mm\u0259dov<br \/>\nMirz\u0259k\u0259rim K\u0259rimov<br \/>\nS\u0259xav\u0259t F\u0259t\u0259liyev<br \/>\nR\u0259hman Feyzullayev<br \/>\nAlmaz K\u0259rimova<br \/>\nR\u0259qib\u0259 \u018fmir\u0259liyeva<br \/>\nL\u0259tif Eminov<br \/>\nN\u0259simi H\u00fcseynov<br \/>\nBah\u0259ddin Z\u0259rdabi<br \/>\nTello \u0130brahimova<br \/>\nK\u0259rim \u018fliyev<br \/>\nVoro\u015fil F\u0259rz\u0259liyev<\/p>\n","protected":false},"excerpt":{"rendered":"<p>SSR\u0130-nin kommunist partiyas\u0131ndan sonra \u0259sas daya\u011f\u0131 olan komsomol t\u0259\u015fkilatlar\u0131 Z\u0259rdab\u0131n da b\u00fct\u00fcn ya\u015fay\u0131\u015f m\u0259nt\u0259q\u0259l\u0259rind\u0259, idar\u0259, m\u00fc\u0259ssis\u0259 v\u0259 t\u0259\u015fkilatlar\u0131nda oxuyub i\u015fl\u0259y\u0259n g\u0259ncl\u0259ri birl\u0259\u015fdirirdi. Komsomol s\u0131ralar\u0131na 14 ya\u015f\u0131ndan 21 ya\u015fad\u0259k olan g\u0259ncl\u0259r guya k\u00f6n\u00fcll\u00fcl\u00fck \u0259sas\u0131nda daxil olurdular. Lakin \u0259slind\u0259 komsomola ke\u00e7m\u0259k m\u0259cburi idi. O d\u00f6vrd\u0259 g\u0259ncl\u0259rin \u0259n b\u00f6y\u00fck siyasi t\u0259\u015fkilat\u0131 olan komsomolun &#8211; \u00dcmumittifaq Lenin Kommunist G\u0259ncl\u0259r [&hellip;]<\/p>\n","protected":false},"author":1,"featured_media":0,"comment_status":"open","ping_status":"open","sticky":false,"template":"","format":"standard","meta":{"footnotes":""},"categories":[1],"tags":[],"class_list":{"0":"post-838","1":"post","2":"type-post","3":"status-publish","4":"format-standard","6":"category-tarix"},"yoast_head":"<!-- This site is optimized with the Yoast SEO plugin v27.0 - https:\/\/yoast.com\/product\/yoast-seo-wordpress\/ -->\n<title>Z\u0259rdab rayon Komsomol Komit\u0259sinin birinci katibi v\u0259zif\u0259sind\u0259 \u00e7al\u0131\u015fanlar - Z\u0259rdab.com<\/title>\n<meta name=\"robots\" content=\"index, follow, max-snippet:-1, max-image-preview:large, max-video-preview:-1\" \/>\n<link rel=\"canonical\" href=\"https:\/\/www.zerdab.com\/?p=838\" \/>\n<meta property=\"og:locale\" content=\"az_AZ\" \/>\n<meta property=\"og:type\" content=\"article\" \/>\n<meta property=\"og:title\" content=\"Z\u0259rdab rayon Komsomol Komit\u0259sinin birinci katibi v\u0259zif\u0259sind\u0259 \u00e7al\u0131\u015fanlar - Z\u0259rdab.com\" \/>\n<meta property=\"og:description\" content=\"SSR\u0130-nin kommunist partiyas\u0131ndan sonra \u0259sas daya\u011f\u0131 olan komsomol t\u0259\u015fkilatlar\u0131 Z\u0259rdab\u0131n da b\u00fct\u00fcn ya\u015fay\u0131\u015f m\u0259nt\u0259q\u0259l\u0259rind\u0259, idar\u0259, m\u00fc\u0259ssis\u0259 v\u0259 t\u0259\u015fkilatlar\u0131nda oxuyub i\u015fl\u0259y\u0259n g\u0259ncl\u0259ri birl\u0259\u015fdirirdi. Komsomol s\u0131ralar\u0131na 14 ya\u015f\u0131ndan 21 ya\u015fad\u0259k olan g\u0259ncl\u0259r guya k\u00f6n\u00fcll\u00fcl\u00fck \u0259sas\u0131nda daxil olurdular. Lakin \u0259slind\u0259 komsomola ke\u00e7m\u0259k m\u0259cburi idi. O d\u00f6vrd\u0259 g\u0259ncl\u0259rin \u0259n b\u00f6y\u00fck siyasi t\u0259\u015fkilat\u0131 olan komsomolun &#8211; \u00dcmumittifaq Lenin Kommunist G\u0259ncl\u0259r [&hellip;]\" \/>\n<meta property=\"og:url\" content=\"https:\/\/www.zerdab.com\/?p=838\" \/>\n<meta property=\"og:site_name\" content=\"Z\u0259rdab.com\" \/>\n<meta property=\"article:published_time\" content=\"2012-03-01T08:18:37+00:00\" \/>\n<meta name=\"author\" content=\"admin\" \/>\n<meta name=\"twitter:card\" content=\"summary_large_image\" \/>\n<meta name=\"twitter:label1\" content=\"Written by\" \/>\n\t<meta name=\"twitter:data1\" content=\"admin\" \/>\n\t<meta name=\"twitter:label2\" content=\"Est. reading time\" \/>\n\t<meta name=\"twitter:data2\" content=\"1 minute\" \/>\n<script type=\"application\/ld+json\" class=\"yoast-schema-graph\">{\"@context\":\"https:\/\/schema.org\",\"@graph\":[{\"@type\":\"Article\",\"@id\":\"https:\/\/www.zerdab.com\/?p=838#article\",\"isPartOf\":{\"@id\":\"https:\/\/www.zerdab.com\/?p=838\"},\"author\":{\"name\":\"admin\",\"@id\":\"https:\/\/www.zerdab.com\/#\/schema\/person\/97079b7570c1e89ec0d9e138c3672136\"},\"headline\":\"Z\u0259rdab rayon Komsomol Komit\u0259sinin birinci katibi v\u0259zif\u0259sind\u0259 \u00e7al\u0131\u015fanlar\",\"datePublished\":\"2012-03-01T08:18:37+00:00\",\"mainEntityOfPage\":{\"@id\":\"https:\/\/www.zerdab.com\/?p=838\"},\"wordCount\":221,\"commentCount\":0,\"articleSection\":[\"Z\u018fRDABIN TAR\u0130X\u0130\"],\"inLanguage\":\"az\",\"potentialAction\":[{\"@type\":\"CommentAction\",\"name\":\"Comment\",\"target\":[\"https:\/\/www.zerdab.com\/?p=838#respond\"]}]},{\"@type\":\"WebPage\",\"@id\":\"https:\/\/www.zerdab.com\/?p=838\",\"url\":\"https:\/\/www.zerdab.com\/?p=838\",\"name\":\"Z\u0259rdab rayon Komsomol Komit\u0259sinin birinci katibi v\u0259zif\u0259sind\u0259 \u00e7al\u0131\u015fanlar - Z\u0259rdab.com\",\"isPartOf\":{\"@id\":\"https:\/\/www.zerdab.com\/#website\"},\"datePublished\":\"2012-03-01T08:18:37+00:00\",\"author\":{\"@id\":\"https:\/\/www.zerdab.com\/#\/schema\/person\/97079b7570c1e89ec0d9e138c3672136\"},\"breadcrumb\":{\"@id\":\"https:\/\/www.zerdab.com\/?p=838#breadcrumb\"},\"inLanguage\":\"az\",\"potentialAction\":[{\"@type\":\"ReadAction\",\"target\":[\"https:\/\/www.zerdab.com\/?p=838\"]}]},{\"@type\":\"BreadcrumbList\",\"@id\":\"https:\/\/www.zerdab.com\/?p=838#breadcrumb\",\"itemListElement\":[{\"@type\":\"ListItem\",\"position\":1,\"name\":\"Home\",\"item\":\"https:\/\/www.zerdab.com\/\"},{\"@type\":\"ListItem\",\"position\":2,\"name\":\"Z\u0259rdab rayon Komsomol Komit\u0259sinin birinci katibi v\u0259zif\u0259sind\u0259 \u00e7al\u0131\u015fanlar\"}]},{\"@type\":\"WebSite\",\"@id\":\"https:\/\/www.zerdab.com\/#website\",\"url\":\"https:\/\/www.zerdab.com\/\",\"name\":\"Z\u0259rdab.com\",\"description\":\"\",\"potentialAction\":[{\"@type\":\"SearchAction\",\"target\":{\"@type\":\"EntryPoint\",\"urlTemplate\":\"https:\/\/www.zerdab.com\/?s={search_term_string}\"},\"query-input\":{\"@type\":\"PropertyValueSpecification\",\"valueRequired\":true,\"valueName\":\"search_term_string\"}}],\"inLanguage\":\"az\"},{\"@type\":\"Person\",\"@id\":\"https:\/\/www.zerdab.com\/#\/schema\/person\/97079b7570c1e89ec0d9e138c3672136\",\"name\":\"admin\",\"image\":{\"@type\":\"ImageObject\",\"inLanguage\":\"az\",\"@id\":\"https:\/\/www.zerdab.com\/#\/schema\/person\/image\/\",\"url\":\"https:\/\/secure.gravatar.com\/avatar\/d9c52a9a27c32119cb6679a077fa3e2779e5f822c451cbf01098004361d466ec?s=96&d=mm&r=g\",\"contentUrl\":\"https:\/\/secure.gravatar.com\/avatar\/d9c52a9a27c32119cb6679a077fa3e2779e5f822c451cbf01098004361d466ec?s=96&d=mm&r=g\",\"caption\":\"admin\"},\"url\":\"https:\/\/www.zerdab.com\/?author=1\"}]}<\/script>\n<!-- \/ Yoast SEO plugin. -->","yoast_head_json":{"title":"Z\u0259rdab rayon Komsomol Komit\u0259sinin birinci katibi v\u0259zif\u0259sind\u0259 \u00e7al\u0131\u015fanlar - Z\u0259rdab.com","robots":{"index":"index","follow":"follow","max-snippet":"max-snippet:-1","max-image-preview":"max-image-preview:large","max-video-preview":"max-video-preview:-1"},"canonical":"https:\/\/www.zerdab.com\/?p=838","og_locale":"az_AZ","og_type":"article","og_title":"Z\u0259rdab rayon Komsomol Komit\u0259sinin birinci katibi v\u0259zif\u0259sind\u0259 \u00e7al\u0131\u015fanlar - Z\u0259rdab.com","og_description":"SSR\u0130-nin kommunist partiyas\u0131ndan sonra \u0259sas daya\u011f\u0131 olan komsomol t\u0259\u015fkilatlar\u0131 Z\u0259rdab\u0131n da b\u00fct\u00fcn ya\u015fay\u0131\u015f m\u0259nt\u0259q\u0259l\u0259rind\u0259, idar\u0259, m\u00fc\u0259ssis\u0259 v\u0259 t\u0259\u015fkilatlar\u0131nda oxuyub i\u015fl\u0259y\u0259n g\u0259ncl\u0259ri birl\u0259\u015fdirirdi. Komsomol s\u0131ralar\u0131na 14 ya\u015f\u0131ndan 21 ya\u015fad\u0259k olan g\u0259ncl\u0259r guya k\u00f6n\u00fcll\u00fcl\u00fck \u0259sas\u0131nda daxil olurdular. Lakin \u0259slind\u0259 komsomola ke\u00e7m\u0259k m\u0259cburi idi. O d\u00f6vrd\u0259 g\u0259ncl\u0259rin \u0259n b\u00f6y\u00fck siyasi t\u0259\u015fkilat\u0131 olan komsomolun &#8211; \u00dcmumittifaq Lenin Kommunist G\u0259ncl\u0259r [&hellip;]","og_url":"https:\/\/www.zerdab.com\/?p=838","og_site_name":"Z\u0259rdab.com","article_published_time":"2012-03-01T08:18:37+00:00","author":"admin","twitter_card":"summary_large_image","twitter_misc":{"Written by":"admin","Est. reading time":"1 minute"},"schema":{"@context":"https:\/\/schema.org","@graph":[{"@type":"Article","@id":"https:\/\/www.zerdab.com\/?p=838#article","isPartOf":{"@id":"https:\/\/www.zerdab.com\/?p=838"},"author":{"name":"admin","@id":"https:\/\/www.zerdab.com\/#\/schema\/person\/97079b7570c1e89ec0d9e138c3672136"},"headline":"Z\u0259rdab rayon Komsomol Komit\u0259sinin birinci katibi v\u0259zif\u0259sind\u0259 \u00e7al\u0131\u015fanlar","datePublished":"2012-03-01T08:18:37+00:00","mainEntityOfPage":{"@id":"https:\/\/www.zerdab.com\/?p=838"},"wordCount":221,"commentCount":0,"articleSection":["Z\u018fRDABIN TAR\u0130X\u0130"],"inLanguage":"az","potentialAction":[{"@type":"CommentAction","name":"Comment","target":["https:\/\/www.zerdab.com\/?p=838#respond"]}]},{"@type":"WebPage","@id":"https:\/\/www.zerdab.com\/?p=838","url":"https:\/\/www.zerdab.com\/?p=838","name":"Z\u0259rdab rayon Komsomol Komit\u0259sinin birinci katibi v\u0259zif\u0259sind\u0259 \u00e7al\u0131\u015fanlar - Z\u0259rdab.com","isPartOf":{"@id":"https:\/\/www.zerdab.com\/#website"},"datePublished":"2012-03-01T08:18:37+00:00","author":{"@id":"https:\/\/www.zerdab.com\/#\/schema\/person\/97079b7570c1e89ec0d9e138c3672136"},"breadcrumb":{"@id":"https:\/\/www.zerdab.com\/?p=838#breadcrumb"},"inLanguage":"az","potentialAction":[{"@type":"ReadAction","target":["https:\/\/www.zerdab.com\/?p=838"]}]},{"@type":"BreadcrumbList","@id":"https:\/\/www.zerdab.com\/?p=838#breadcrumb","itemListElement":[{"@type":"ListItem","position":1,"name":"Home","item":"https:\/\/www.zerdab.com\/"},{"@type":"ListItem","position":2,"name":"Z\u0259rdab rayon Komsomol Komit\u0259sinin birinci katibi v\u0259zif\u0259sind\u0259 \u00e7al\u0131\u015fanlar"}]},{"@type":"WebSite","@id":"https:\/\/www.zerdab.com\/#website","url":"https:\/\/www.zerdab.com\/","name":"Z\u0259rdab.com","description":"","potentialAction":[{"@type":"SearchAction","target":{"@type":"EntryPoint","urlTemplate":"https:\/\/www.zerdab.com\/?s={search_term_string}"},"query-input":{"@type":"PropertyValueSpecification","valueRequired":true,"valueName":"search_term_string"}}],"inLanguage":"az"},{"@type":"Person","@id":"https:\/\/www.zerdab.com\/#\/schema\/person\/97079b7570c1e89ec0d9e138c3672136","name":"admin","image":{"@type":"ImageObject","inLanguage":"az","@id":"https:\/\/www.zerdab.com\/#\/schema\/person\/image\/","url":"https:\/\/secure.gravatar.com\/avatar\/d9c52a9a27c32119cb6679a077fa3e2779e5f822c451cbf01098004361d466ec?s=96&d=mm&r=g","contentUrl":"https:\/\/secure.gravatar.com\/avatar\/d9c52a9a27c32119cb6679a077fa3e2779e5f822c451cbf01098004361d466ec?s=96&d=mm&r=g","caption":"admin"},"url":"https:\/\/www.zerdab.com\/?author=1"}]}},"_links":{"self":[{"href":"https:\/\/www.zerdab.com\/index.php?rest_route=\/wp\/v2\/posts\/838","targetHints":{"allow":["GET"]}}],"collection":[{"href":"https:\/\/www.zerdab.com\/index.php?rest_route=\/wp\/v2\/posts"}],"about":[{"href":"https:\/\/www.zerdab.com\/index.php?rest_route=\/wp\/v2\/types\/post"}],"author":[{"embeddable":true,"href":"https:\/\/www.zerdab.com\/index.php?rest_route=\/wp\/v2\/users\/1"}],"replies":[{"embeddable":true,"href":"https:\/\/www.zerdab.com\/index.php?rest_route=%2Fwp%2Fv2%2Fcomments&post=838"}],"version-history":[{"count":1,"href":"https:\/\/www.zerdab.com\/index.php?rest_route=\/wp\/v2\/posts\/838\/revisions"}],"predecessor-version":[{"id":839,"href":"https:\/\/www.zerdab.com\/index.php?rest_route=\/wp\/v2\/posts\/838\/revisions\/839"}],"wp:attachment":[{"href":"https:\/\/www.zerdab.com\/index.php?rest_route=%2Fwp%2Fv2%2Fmedia&parent=838"}],"wp:term":[{"taxonomy":"category","embeddable":true,"href":"https:\/\/www.zerdab.com\/index.php?rest_route=%2Fwp%2Fv2%2Fcategories&post=838"},{"taxonomy":"post_tag","embeddable":true,"href":"https:\/\/www.zerdab.com\/index.php?rest_route=%2Fwp%2Fv2%2Ftags&post=838"}],"curies":[{"name":"wp","href":"https:\/\/api.w.org\/{rel}","templated":true}]}}