{"id":8390,"date":"2013-03-24T10:26:41","date_gmt":"2013-03-24T06:26:41","guid":{"rendered":"http:\/\/www.zerdab.com\/?p=8390"},"modified":"2013-03-24T10:33:24","modified_gmt":"2013-03-24T06:33:24","slug":"t%c9%99crub%c9%99li-t%c9%99yyar%c9%99-komandiri-adil-q%c9%99niyev-ad-gununuz-mubar%c9%99k","status":"publish","type":"post","link":"https:\/\/www.zerdab.com\/?p=8390","title":{"rendered":"T\u0259cr\u00fcb\u0259li t\u0259yyar\u0259 komandiri: Adil Q\u0259niyev, ad g\u00fcn\u00fcn\u00fcz m\u00fcbar\u0259k!"},"content":{"rendered":"<figure id=\"attachment_8391\" aria-describedby=\"caption-attachment-8391\" style=\"width: 800px\" class=\"wp-caption aligncenter\"><img loading=\"lazy\" decoding=\"async\" class=\"size-full wp-image-8391\" alt=\"T\u018fCR\u00dcB\u018fL\u0130 T\u018fYYAR\u018f KOMAND\u0130R\u0130 AD\u0130L Q\u018fN\u0130YEV\" src=\"http:\/\/www.zerdab.com\/wp-content\/uploads\/2013\/03\/Adil-Q\u0259niyev.jpg\" width=\"800\" height=\"392\" \/><figcaption id=\"caption-attachment-8391\" class=\"wp-caption-text\"><span style=\"color: #000080;\"><strong>T\u018fCR\u00dcB\u018fL\u0130 T\u018fYYAR\u018f KOMAND\u0130R\u0130 AD\u0130L Q\u018fN\u0130YEV<\/strong><\/span><\/figcaption><\/figure>\n<p><span style=\"color: #000080;\"><strong>S\u0259mimiyy\u0259ti, sad\u0259liyi v\u0259 d\u00fczg\u00fcnl\u00fcy\u00fc il\u0259 h\u0259mi\u015f\u0259 f\u0259rql\u0259nmi\u015f AD\u0130L Q\u018fN\u0130YEV haqda onun \u00fc\u00e7\u00fcn unudulmaz olan AD G\u00dcN\u00dcND\u018f xo\u015f s\u00f6zl\u0259r dem\u0259k biz \u018flv\u0259ndlil\u0259r \u00fc\u00e7\u00fcn \u00e7ox sevindiricidir. AD\u0130L SURU O\u011eLU Q\u018fN\u0130YEV \u00a024 mart 1950-ci ild\u0259 Z\u018fRDAB rayonunun \u018fLV\u018fND k\u0259ndind\u0259 sad\u0259 bir z\u0259hm\u0259tke\u015f ail\u0259d\u0259 anadan olmu\u015fdur.<\/strong> <\/span>Orta m\u0259kt\u0259bi bitirdikd\u0259n sonra, \u00f6z\u00fcn\u00fcn dediyi kimi, arzular\u0131n qanad\u0131nda D\u00dcNYA turnesin\u0259 yollan\u0131b. H\u0259rbi xidm\u0259ti ba\u015fa vurub, sonra 1970-ci ild\u0259n Rusiya federasiyas\u0131n\u0131n \u00c7\u0130TA \u015f\u0259h\u0259r Aviasiya Texnikomunu bitir\u0259r\u0259k Novosibirsk \u015f\u0259h\u0259r m\u00fclki aviasiya d\u0259st\u0259sind\u0259 art\u0131q t\u0259cr\u00fcb\u0259li pilot kimi u\u00e7u\u015flara ba\u015flay\u0131r. Bir ne\u00e7\u0259 il sonra is\u0259 AD\u0130L m\u00fc\u0259llim SANKT-PETERBURQ Milli Aviasiya Akademiyas\u0131na daxil olur. AKADEM\u0130YANI f\u0259rql\u0259nm\u0259 diplomu il\u0259 bitir\u0259r\u0259k \u00f6z sevimli pe\u015f\u0259sini davam etdirir, t\u0259yyar\u0259 komandiri, eskadriliya komandiri, aviasiya inspektoru kimi v\u0259zif\u0259l\u0259rd\u0259 \u00e7al\u0131\u015faraq 20 il\u0259 yax\u0131n Rusiyada i\u015fl\u0259dikd\u0259n sonra, 1990-c\u0131 ild\u0259 V\u0259t\u0259nimizin o a\u011f\u0131r, \u00e7\u0259tin g\u00fcnl\u0259rind\u0259 \u00f6lk\u0259miz\u0259 qay\u0131daraq, d\u00f6vl\u0259t milli aviasiya \u015firk\u0259tind\u0259 i\u015f\u0259 ba\u015flay\u0131r. AD\u0130L m\u00fc\u0259llim Q\u018fN\u0130YEV \u00a02 il sonra yeni yaranm\u0131\u015f Az\u0259rbaycan Hava Yollar\u0131 (AZAL, \u0410\u0417\u0410\u041b, \u201dAzerbaijan Airlines\u201d) \u015firk\u0259tinin t\u0259yyar\u0259 bazas\u0131n\u0131 m\u00f6hk\u0259ml\u0259ndirm\u0259k m\u0259qs\u0259di il\u0259 h\u0259m t\u0259hsilini bir daha art\u0131rmaq v\u0259 yeni m\u00fcasir tipli s\u0259rni\u015fin t\u0259yyar\u0259si g\u0259tirm\u0259k m\u0259qs\u0259di il\u0259 AB\u015e-a g\u00f6nd\u0259rilir. Amerikanin Dallas \u015f\u0259h\u0259ri aviasiya \u015firk\u0259tind\u0259 t\u0259hsilini ba\u015fa vurduqdan sonra, yenic\u0259 m\u00fcst\u0259qil olmu\u015f \u00f6lk\u0259miz\u0259 Az\u0259rbaycan Hava Yollar\u0131 (AZAL, \u0410\u0417\u0410\u041b, \u201dAzerbaijan Airlines\u201d) \u015firk\u0259tin\u0259 ilk BO\u0130NQ s\u0259rni\u015fin t\u0259yyar\u0259sini g\u0259tirir. H\u0259min vaxtdan etibar\u0259n BO\u0130NQ s\u0259rni\u015fin laynerinin komandiri kimi \u00e7al\u0131\u015fan AD\u0130L m\u00fc\u0259llim \u00f6z sevimli pe\u015f\u0259sini g\u0259nc n\u0259slin n\u00fcmay\u0259nd\u0259si olan \u00f6z sevimli \u00f6vlad\u0131na da sevdirmi\u015fdir. Bel\u0259c\u0259, b\u00f6y\u00fck \u00f6vlad\u0131 RUSLAN \u00a0da M\u0130LLi AV\u0130AS\u0130YA \u00a0AKADEM\u0130YASINI \u0259la qiym\u0259tl\u0259rl\u0259 bitir\u0259r\u0259k, Az\u0259rbaycan Hava Yollar\u0131 (AZAL, \u0410\u0417\u0410\u041b, \u201dAzerbaijan Airlines\u201d) \u015firk\u0259tind\u0259 s\u0259rni\u015fin t\u0259yyar\u0259sind\u0259 u\u00e7u\u015flara ba\u015flay\u0131r. Hal-haz\u0131rda \u00a0RUSLAN g\u0259nc olmas\u0131na baxmayaraq, ma\u015fallah olsun, Aerobus A-320 s\u0259rni\u015fin laynerinin t\u0259cr\u00fcb\u0259li pilotudur. Avropa ,YAXIN \u015e\u0259rq v\u0259 MDB \u00f6lk\u0259l\u0259rin\u0259 s\u0259rni\u015fin da\u015f\u0131mas\u0131n\u0131 h\u0259yata ke\u00e7irir. Sonda h\u00f6rm\u0259tli AD\u0130L m\u00fc\u0259llim, AD G\u00dcN\u00dcN\u00dcZ m\u00fcnasib\u0259ti il\u0259 sizi s\u0259mimi q\u0259lbd\u0259n t\u0259brik edirik , siz\u0259 uzun \u00f6m\u00fcr can sa\u011fl\u0131\u011f\u0131, \u00e7ox \u00e7\u0259tin v\u0259 \u015f\u0259r\u0259fli i\u015finizd\u0259 u\u011furlar arzu edirik. Ruslan, siz\u0259 d\u0259 bu \u015f\u0259r\u0259fli i\u015finizd\u0259 u\u011furlar. Siz pilotlarin dili il\u0259 des\u0259k, h\u0259mi\u015f\u0259 \u00a0sizl\u0259r\u0259 &#8211; &#8220;Myakaya posadka&#8221;. Tanr\u0131 sizl\u0259ri qorusun.<\/p>\n<p><span style=\"color: #000080;\"><strong>T\u0259brik etdi : MAAR\u0130F QURBANOV, \u018fLV\u018fND<\/strong><\/span><\/p>\n<figure id=\"attachment_8394\" aria-describedby=\"caption-attachment-8394\" style=\"width: 800px\" class=\"wp-caption aligncenter\"><img loading=\"lazy\" decoding=\"async\" class=\"size-full wp-image-8394\" alt=\"T\u018fCR\u00dcB\u018fL\u0130 T\u018fYYAR\u018f KOMAND\u0130R\u0130 AD\u0130L Q\u018fN\u0130YEV\" src=\"http:\/\/www.zerdab.com\/wp-content\/uploads\/2013\/03\/Adil-Q\u0259niyev1.jpg\" width=\"800\" height=\"528\" \/><figcaption id=\"caption-attachment-8394\" class=\"wp-caption-text\"><span style=\"color: #000080;\"><strong>T\u018fCR\u00dcB\u018fL\u0130 T\u018fYYAR\u018f KOMAND\u0130R\u0130 AD\u0130L Q\u018fN\u0130YEV<\/strong><\/span><\/figcaption><\/figure>\n<figure id=\"attachment_8397\" aria-describedby=\"caption-attachment-8397\" style=\"width: 640px\" class=\"wp-caption aligncenter\"><img loading=\"lazy\" decoding=\"async\" class=\"size-full wp-image-8397\" alt=\"H\u00d6RM\u018fTL\u0130 AD\u0130L M\u00dc\u018fLL\u0130M\u0130N O\u011eLU - RUSLAN Q\u018fN\u0130YEV\" src=\"http:\/\/www.zerdab.com\/wp-content\/uploads\/2013\/03\/Ruslan-Q\u0259niyev.jpg\" width=\"640\" height=\"480\" \/><figcaption id=\"caption-attachment-8397\" class=\"wp-caption-text\"><span style=\"color: #000080;\"><strong>H\u00d6RM\u018fTL\u0130 AD\u0130L M\u00dc\u018fLL\u0130M\u0130N O\u011eLU &#8211; RUSLAN Q\u018fN\u0130YEV<\/strong><\/span><\/figcaption><\/figure>\n<figure id=\"attachment_8399\" aria-describedby=\"caption-attachment-8399\" style=\"width: 360px\" class=\"wp-caption aligncenter\"><img loading=\"lazy\" decoding=\"async\" class=\"size-full wp-image-8399\" alt=\"H\u00d6RM\u018fTL\u0130 AD\u0130L M\u00dc\u018fLL\u0130M\u0130N O\u011eLU - RUSLAN Q\u018fN\u0130YEV\" src=\"http:\/\/www.zerdab.com\/wp-content\/uploads\/2013\/03\/Ruslan-Q\u0259niyev1.jpg\" width=\"360\" height=\"480\" \/><figcaption id=\"caption-attachment-8399\" class=\"wp-caption-text\">\u00a0<span style=\"color: #000080;\"><strong>RUSLAN Q\u018fN\u0130YEV<\/strong><\/span><\/figcaption><\/figure>\n<p>&nbsp;<\/p>\n<p>&nbsp;<\/p>\n","protected":false},"excerpt":{"rendered":"<p>S\u0259mimiyy\u0259ti, sad\u0259liyi v\u0259 d\u00fczg\u00fcnl\u00fcy\u00fc il\u0259 h\u0259mi\u015f\u0259 f\u0259rql\u0259nmi\u015f AD\u0130L Q\u018fN\u0130YEV haqda onun \u00fc\u00e7\u00fcn unudulmaz olan AD G\u00dcN\u00dcND\u018f xo\u015f s\u00f6zl\u0259r dem\u0259k biz \u018flv\u0259ndlil\u0259r \u00fc\u00e7\u00fcn \u00e7ox sevindiricidir. AD\u0130L SURU O\u011eLU Q\u018fN\u0130YEV \u00a024 mart 1950-ci ild\u0259 Z\u018fRDAB rayonunun \u018fLV\u018fND k\u0259ndind\u0259 sad\u0259 bir z\u0259hm\u0259tke\u015f ail\u0259d\u0259 anadan olmu\u015fdur. Orta m\u0259kt\u0259bi bitirdikd\u0259n sonra, \u00f6z\u00fcn\u00fcn dediyi kimi, arzular\u0131n qanad\u0131nda D\u00dcNYA turnesin\u0259 yollan\u0131b. H\u0259rbi [&hellip;]<\/p>\n","protected":false},"author":1,"featured_media":0,"comment_status":"open","ping_status":"open","sticky":false,"template":"","format":"standard","meta":{"footnotes":""},"categories":[7],"tags":[],"class_list":{"0":"post-8390","1":"post","2":"type-post","3":"status-publish","4":"format-standard","6":"category-ziyalilar"},"yoast_head":"<!-- This site is optimized with the Yoast SEO plugin v27.0 - https:\/\/yoast.com\/product\/yoast-seo-wordpress\/ -->\n<title>T\u0259cr\u00fcb\u0259li t\u0259yyar\u0259 komandiri: Adil Q\u0259niyev, ad g\u00fcn\u00fcn\u00fcz m\u00fcbar\u0259k! - Z\u0259rdab.com<\/title>\n<meta name=\"robots\" content=\"index, follow, max-snippet:-1, max-image-preview:large, max-video-preview:-1\" \/>\n<link rel=\"canonical\" href=\"https:\/\/www.zerdab.com\/?p=8390\" \/>\n<meta property=\"og:locale\" content=\"az_AZ\" \/>\n<meta property=\"og:type\" content=\"article\" \/>\n<meta property=\"og:title\" content=\"T\u0259cr\u00fcb\u0259li t\u0259yyar\u0259 komandiri: Adil Q\u0259niyev, ad g\u00fcn\u00fcn\u00fcz m\u00fcbar\u0259k! - Z\u0259rdab.com\" \/>\n<meta property=\"og:description\" content=\"S\u0259mimiyy\u0259ti, sad\u0259liyi v\u0259 d\u00fczg\u00fcnl\u00fcy\u00fc il\u0259 h\u0259mi\u015f\u0259 f\u0259rql\u0259nmi\u015f AD\u0130L Q\u018fN\u0130YEV haqda onun \u00fc\u00e7\u00fcn unudulmaz olan AD G\u00dcN\u00dcND\u018f xo\u015f s\u00f6zl\u0259r dem\u0259k biz \u018flv\u0259ndlil\u0259r \u00fc\u00e7\u00fcn \u00e7ox sevindiricidir. AD\u0130L SURU O\u011eLU Q\u018fN\u0130YEV \u00a024 mart 1950-ci ild\u0259 Z\u018fRDAB rayonunun \u018fLV\u018fND k\u0259ndind\u0259 sad\u0259 bir z\u0259hm\u0259tke\u015f ail\u0259d\u0259 anadan olmu\u015fdur. Orta m\u0259kt\u0259bi bitirdikd\u0259n sonra, \u00f6z\u00fcn\u00fcn dediyi kimi, arzular\u0131n qanad\u0131nda D\u00dcNYA turnesin\u0259 yollan\u0131b. H\u0259rbi [&hellip;]\" \/>\n<meta property=\"og:url\" content=\"https:\/\/www.zerdab.com\/?p=8390\" \/>\n<meta property=\"og:site_name\" content=\"Z\u0259rdab.com\" \/>\n<meta property=\"article:published_time\" content=\"2013-03-24T06:26:41+00:00\" \/>\n<meta property=\"article:modified_time\" content=\"2013-03-24T06:33:24+00:00\" \/>\n<meta name=\"author\" content=\"admin\" \/>\n<meta name=\"twitter:card\" content=\"summary_large_image\" \/>\n<meta name=\"twitter:label1\" content=\"Written by\" \/>\n\t<meta name=\"twitter:data1\" content=\"admin\" \/>\n\t<meta name=\"twitter:label2\" content=\"Est. reading time\" \/>\n\t<meta name=\"twitter:data2\" content=\"3 minutes\" \/>\n<script type=\"application\/ld+json\" class=\"yoast-schema-graph\">{\"@context\":\"https:\/\/schema.org\",\"@graph\":[{\"@type\":\"Article\",\"@id\":\"https:\/\/www.zerdab.com\/?p=8390#article\",\"isPartOf\":{\"@id\":\"https:\/\/www.zerdab.com\/?p=8390\"},\"author\":{\"name\":\"admin\",\"@id\":\"https:\/\/www.zerdab.com\/#\/schema\/person\/97079b7570c1e89ec0d9e138c3672136\"},\"headline\":\"T\u0259cr\u00fcb\u0259li t\u0259yyar\u0259 komandiri: Adil Q\u0259niyev, ad g\u00fcn\u00fcn\u00fcz m\u00fcbar\u0259k!\",\"datePublished\":\"2013-03-24T06:26:41+00:00\",\"dateModified\":\"2013-03-24T06:33:24+00:00\",\"mainEntityOfPage\":{\"@id\":\"https:\/\/www.zerdab.com\/?p=8390\"},\"wordCount\":708,\"commentCount\":5,\"articleSection\":[\"F\u018fXRL\u018fR\u0130M\u0130Z\"],\"inLanguage\":\"az\",\"potentialAction\":[{\"@type\":\"CommentAction\",\"name\":\"Comment\",\"target\":[\"https:\/\/www.zerdab.com\/?p=8390#respond\"]}]},{\"@type\":\"WebPage\",\"@id\":\"https:\/\/www.zerdab.com\/?p=8390\",\"url\":\"https:\/\/www.zerdab.com\/?p=8390\",\"name\":\"T\u0259cr\u00fcb\u0259li t\u0259yyar\u0259 komandiri: Adil Q\u0259niyev, ad g\u00fcn\u00fcn\u00fcz m\u00fcbar\u0259k! - Z\u0259rdab.com\",\"isPartOf\":{\"@id\":\"https:\/\/www.zerdab.com\/#website\"},\"datePublished\":\"2013-03-24T06:26:41+00:00\",\"dateModified\":\"2013-03-24T06:33:24+00:00\",\"author\":{\"@id\":\"https:\/\/www.zerdab.com\/#\/schema\/person\/97079b7570c1e89ec0d9e138c3672136\"},\"breadcrumb\":{\"@id\":\"https:\/\/www.zerdab.com\/?p=8390#breadcrumb\"},\"inLanguage\":\"az\",\"potentialAction\":[{\"@type\":\"ReadAction\",\"target\":[\"https:\/\/www.zerdab.com\/?p=8390\"]}]},{\"@type\":\"BreadcrumbList\",\"@id\":\"https:\/\/www.zerdab.com\/?p=8390#breadcrumb\",\"itemListElement\":[{\"@type\":\"ListItem\",\"position\":1,\"name\":\"Home\",\"item\":\"https:\/\/www.zerdab.com\/\"},{\"@type\":\"ListItem\",\"position\":2,\"name\":\"T\u0259cr\u00fcb\u0259li t\u0259yyar\u0259 komandiri: Adil Q\u0259niyev, ad g\u00fcn\u00fcn\u00fcz m\u00fcbar\u0259k!\"}]},{\"@type\":\"WebSite\",\"@id\":\"https:\/\/www.zerdab.com\/#website\",\"url\":\"https:\/\/www.zerdab.com\/\",\"name\":\"Z\u0259rdab.com\",\"description\":\"\",\"potentialAction\":[{\"@type\":\"SearchAction\",\"target\":{\"@type\":\"EntryPoint\",\"urlTemplate\":\"https:\/\/www.zerdab.com\/?s={search_term_string}\"},\"query-input\":{\"@type\":\"PropertyValueSpecification\",\"valueRequired\":true,\"valueName\":\"search_term_string\"}}],\"inLanguage\":\"az\"},{\"@type\":\"Person\",\"@id\":\"https:\/\/www.zerdab.com\/#\/schema\/person\/97079b7570c1e89ec0d9e138c3672136\",\"name\":\"admin\",\"image\":{\"@type\":\"ImageObject\",\"inLanguage\":\"az\",\"@id\":\"https:\/\/www.zerdab.com\/#\/schema\/person\/image\/\",\"url\":\"https:\/\/secure.gravatar.com\/avatar\/d9c52a9a27c32119cb6679a077fa3e2779e5f822c451cbf01098004361d466ec?s=96&d=mm&r=g\",\"contentUrl\":\"https:\/\/secure.gravatar.com\/avatar\/d9c52a9a27c32119cb6679a077fa3e2779e5f822c451cbf01098004361d466ec?s=96&d=mm&r=g\",\"caption\":\"admin\"},\"url\":\"https:\/\/www.zerdab.com\/?author=1\"}]}<\/script>\n<!-- \/ Yoast SEO plugin. -->","yoast_head_json":{"title":"T\u0259cr\u00fcb\u0259li t\u0259yyar\u0259 komandiri: Adil Q\u0259niyev, ad g\u00fcn\u00fcn\u00fcz m\u00fcbar\u0259k! - Z\u0259rdab.com","robots":{"index":"index","follow":"follow","max-snippet":"max-snippet:-1","max-image-preview":"max-image-preview:large","max-video-preview":"max-video-preview:-1"},"canonical":"https:\/\/www.zerdab.com\/?p=8390","og_locale":"az_AZ","og_type":"article","og_title":"T\u0259cr\u00fcb\u0259li t\u0259yyar\u0259 komandiri: Adil Q\u0259niyev, ad g\u00fcn\u00fcn\u00fcz m\u00fcbar\u0259k! - Z\u0259rdab.com","og_description":"S\u0259mimiyy\u0259ti, sad\u0259liyi v\u0259 d\u00fczg\u00fcnl\u00fcy\u00fc il\u0259 h\u0259mi\u015f\u0259 f\u0259rql\u0259nmi\u015f AD\u0130L Q\u018fN\u0130YEV haqda onun \u00fc\u00e7\u00fcn unudulmaz olan AD G\u00dcN\u00dcND\u018f xo\u015f s\u00f6zl\u0259r dem\u0259k biz \u018flv\u0259ndlil\u0259r \u00fc\u00e7\u00fcn \u00e7ox sevindiricidir. AD\u0130L SURU O\u011eLU Q\u018fN\u0130YEV \u00a024 mart 1950-ci ild\u0259 Z\u018fRDAB rayonunun \u018fLV\u018fND k\u0259ndind\u0259 sad\u0259 bir z\u0259hm\u0259tke\u015f ail\u0259d\u0259 anadan olmu\u015fdur. Orta m\u0259kt\u0259bi bitirdikd\u0259n sonra, \u00f6z\u00fcn\u00fcn dediyi kimi, arzular\u0131n qanad\u0131nda D\u00dcNYA turnesin\u0259 yollan\u0131b. H\u0259rbi [&hellip;]","og_url":"https:\/\/www.zerdab.com\/?p=8390","og_site_name":"Z\u0259rdab.com","article_published_time":"2013-03-24T06:26:41+00:00","article_modified_time":"2013-03-24T06:33:24+00:00","author":"admin","twitter_card":"summary_large_image","twitter_misc":{"Written by":"admin","Est. reading time":"3 minutes"},"schema":{"@context":"https:\/\/schema.org","@graph":[{"@type":"Article","@id":"https:\/\/www.zerdab.com\/?p=8390#article","isPartOf":{"@id":"https:\/\/www.zerdab.com\/?p=8390"},"author":{"name":"admin","@id":"https:\/\/www.zerdab.com\/#\/schema\/person\/97079b7570c1e89ec0d9e138c3672136"},"headline":"T\u0259cr\u00fcb\u0259li t\u0259yyar\u0259 komandiri: Adil Q\u0259niyev, ad g\u00fcn\u00fcn\u00fcz m\u00fcbar\u0259k!","datePublished":"2013-03-24T06:26:41+00:00","dateModified":"2013-03-24T06:33:24+00:00","mainEntityOfPage":{"@id":"https:\/\/www.zerdab.com\/?p=8390"},"wordCount":708,"commentCount":5,"articleSection":["F\u018fXRL\u018fR\u0130M\u0130Z"],"inLanguage":"az","potentialAction":[{"@type":"CommentAction","name":"Comment","target":["https:\/\/www.zerdab.com\/?p=8390#respond"]}]},{"@type":"WebPage","@id":"https:\/\/www.zerdab.com\/?p=8390","url":"https:\/\/www.zerdab.com\/?p=8390","name":"T\u0259cr\u00fcb\u0259li t\u0259yyar\u0259 komandiri: Adil Q\u0259niyev, ad g\u00fcn\u00fcn\u00fcz m\u00fcbar\u0259k! - Z\u0259rdab.com","isPartOf":{"@id":"https:\/\/www.zerdab.com\/#website"},"datePublished":"2013-03-24T06:26:41+00:00","dateModified":"2013-03-24T06:33:24+00:00","author":{"@id":"https:\/\/www.zerdab.com\/#\/schema\/person\/97079b7570c1e89ec0d9e138c3672136"},"breadcrumb":{"@id":"https:\/\/www.zerdab.com\/?p=8390#breadcrumb"},"inLanguage":"az","potentialAction":[{"@type":"ReadAction","target":["https:\/\/www.zerdab.com\/?p=8390"]}]},{"@type":"BreadcrumbList","@id":"https:\/\/www.zerdab.com\/?p=8390#breadcrumb","itemListElement":[{"@type":"ListItem","position":1,"name":"Home","item":"https:\/\/www.zerdab.com\/"},{"@type":"ListItem","position":2,"name":"T\u0259cr\u00fcb\u0259li t\u0259yyar\u0259 komandiri: Adil Q\u0259niyev, ad g\u00fcn\u00fcn\u00fcz m\u00fcbar\u0259k!"}]},{"@type":"WebSite","@id":"https:\/\/www.zerdab.com\/#website","url":"https:\/\/www.zerdab.com\/","name":"Z\u0259rdab.com","description":"","potentialAction":[{"@type":"SearchAction","target":{"@type":"EntryPoint","urlTemplate":"https:\/\/www.zerdab.com\/?s={search_term_string}"},"query-input":{"@type":"PropertyValueSpecification","valueRequired":true,"valueName":"search_term_string"}}],"inLanguage":"az"},{"@type":"Person","@id":"https:\/\/www.zerdab.com\/#\/schema\/person\/97079b7570c1e89ec0d9e138c3672136","name":"admin","image":{"@type":"ImageObject","inLanguage":"az","@id":"https:\/\/www.zerdab.com\/#\/schema\/person\/image\/","url":"https:\/\/secure.gravatar.com\/avatar\/d9c52a9a27c32119cb6679a077fa3e2779e5f822c451cbf01098004361d466ec?s=96&d=mm&r=g","contentUrl":"https:\/\/secure.gravatar.com\/avatar\/d9c52a9a27c32119cb6679a077fa3e2779e5f822c451cbf01098004361d466ec?s=96&d=mm&r=g","caption":"admin"},"url":"https:\/\/www.zerdab.com\/?author=1"}]}},"_links":{"self":[{"href":"https:\/\/www.zerdab.com\/index.php?rest_route=\/wp\/v2\/posts\/8390","targetHints":{"allow":["GET"]}}],"collection":[{"href":"https:\/\/www.zerdab.com\/index.php?rest_route=\/wp\/v2\/posts"}],"about":[{"href":"https:\/\/www.zerdab.com\/index.php?rest_route=\/wp\/v2\/types\/post"}],"author":[{"embeddable":true,"href":"https:\/\/www.zerdab.com\/index.php?rest_route=\/wp\/v2\/users\/1"}],"replies":[{"embeddable":true,"href":"https:\/\/www.zerdab.com\/index.php?rest_route=%2Fwp%2Fv2%2Fcomments&post=8390"}],"version-history":[{"count":6,"href":"https:\/\/www.zerdab.com\/index.php?rest_route=\/wp\/v2\/posts\/8390\/revisions"}],"predecessor-version":[{"id":8393,"href":"https:\/\/www.zerdab.com\/index.php?rest_route=\/wp\/v2\/posts\/8390\/revisions\/8393"}],"wp:attachment":[{"href":"https:\/\/www.zerdab.com\/index.php?rest_route=%2Fwp%2Fv2%2Fmedia&parent=8390"}],"wp:term":[{"taxonomy":"category","embeddable":true,"href":"https:\/\/www.zerdab.com\/index.php?rest_route=%2Fwp%2Fv2%2Fcategories&post=8390"},{"taxonomy":"post_tag","embeddable":true,"href":"https:\/\/www.zerdab.com\/index.php?rest_route=%2Fwp%2Fv2%2Ftags&post=8390"}],"curies":[{"name":"wp","href":"https:\/\/api.w.org\/{rel}","templated":true}]}}