{"id":8448,"date":"2013-03-28T23:10:11","date_gmt":"2013-03-28T19:10:11","guid":{"rendered":"http:\/\/www.zerdab.com\/?p=8448"},"modified":"2017-02-10T13:11:58","modified_gmt":"2017-02-10T09:11:58","slug":"z%c9%99rdabin-tarixi-siyasi-cografiyasi-arasdirma","status":"publish","type":"post","link":"https:\/\/www.zerdab.com\/?p=8448","title":{"rendered":"Z\u0259rdab\u0131n tarixi-siyasi co\u011frafiyas\u0131na dair yeni faktlar &#8211; ARA\u015eDIRMA"},"content":{"rendered":"<p style=\"text-align: left;\" align=\"center\"><strong>Az\u0259rbaycan Milli Elml\u0259r Akademiyas\u0131n\u0131n (AMEA) Arxeologiya v\u0259 Etnoqrafiya \u0130nstitutunun elmi i\u015f\u00e7isi <span style=\"color: #ff0000;\">Taleh Vasif o\u011flu \u018fliyev<\/span> &#8220;Z\u0259rdab\u0131n tarixi-siyasi co\u011frafiyas\u0131&#8221; adl\u0131 yaz\u0131s\u0131n\u0131 <span style=\"color: #ff0000;\">www.zerdab.com<\/span> sayt\u0131na t\u0259qdim edib. M\u0259qal\u0259d\u0259\u00a0Z\u0259rdab\u0131n tarixi-siyasi co\u011frafiyas\u0131 il\u0259 ba\u011fl\u0131 maraql\u0131 v\u0259 yeni faktlar \u00fcz\u0259 \u00e7\u0131xar\u0131l\u0131b. H\u0259min yaz\u0131n\u0131 hiss\u0259-hiss\u0259 sayt\u0131m\u0131zda yay\u0131mlayaca\u011f\u0131q.\u00a0Taleh \u018fliyevin yaz\u0131s\u0131n\u0131n birinci hiss\u0259sini t\u0259qdim edirik. <\/strong><\/p>\n<p>&#8211; <span style=\"color: #000080;\"><strong>\u015eimali Az\u0259rbaycan \u0259razisind\u0259 yerl\u0259\u015f\u0259n m\u00fcasir Z\u0259rdab rayonu tarix boyu yerli tayfalar\u0131n m\u0259skunla\u015fd\u0131\u011f\u0131 yerl\u0259rd\u0259n olmu\u015fdur. Tunc d\u00f6vr\u00fcnd\u0259 bu \u0259razi K\u00fcr \u00e7ay\u0131n\u0131n sahili boyu torpaqlarla birlikd\u0259 K\u00fcr \u2013 Araz m\u0259d\u0259niyy\u0259tinin da\u015f\u0131y\u0131c\u0131lar\u0131n\u0131n yurdu olmu\u015fdur. Bunu arxeoloji v\u0259 antropoloji materiallardan ayd\u0131n g\u00f6rm\u0259k m\u00fcmk\u00fcnd\u00fcr.<\/strong><\/span><\/p>\n<p>E.\u0259. IV \u0259srin sonlar\u0131nda \u015eimali Az\u0259rbaycan \u0259razisind\u0259 Qafqaz albanlar\u0131n\u0131n d\u00f6vl\u0259ti meydana g\u0259lir. M\u00fcasir Z\u0259rdab \u0259razisi Qafqaz Albaniyas\u0131n\u0131n t\u0259rkibind\u0259 haz\u0131rki Ucar rayonunun \u0259razisi il\u0259 birlikd\u0259 \u018fc\u0259ri vilay\u0259tin\u0259 daxil olmu\u015fdur. \u201cAlban tarixi\u201d \u0259s\u0259rinin m\u00fc\u0259llifi, alban tarix\u00e7isi Musa Kalankaytuklu \u00f6z \u0259s\u0259rind\u0259 \u018fc\u0259ri vilay\u0259tinin \u0259kin\u00e7ilik \u00fc\u00e7\u00fcn yararl\u0131 oldu\u011funu s\u00f6yl\u0259yir v\u0259 vilay\u0259tin \u0259halisinin \u0259sas\u0259n \u0259kin\u00e7i albanlardan, qism\u0259n d\u0259 maldarlardan ibar\u0259t oldu\u011funu yaz\u0131r.<\/p>\n<p>M\u0259nb\u0259l\u0259rin verdiyi m\u0259lumatlardan ayd\u0131n olur ki, \u018fc\u0259ri vilay\u0259tinin maldarlar\u0131 yay aylar\u0131nda \u00f6z mal-qaras\u0131n\u0131 Lpina v\u0259 \u015e\u0259ki vilay\u0259tin\u0259 apar\u0131rd\u0131. T\u0259dqiqatlar g\u00f6st\u0259rir ki, Z\u0259rdab \u0259razisi \u018fc\u0259ri vilay\u0259tinin c\u0259nub hiss\u0259sini \u0259hat\u0259 etmi\u015fdir. Vilay\u0259tin tarixi ad\u0131 is\u0259 m\u00fcasir Ucar toponimind\u0259 \u00f6z\u00fcn\u00fc qoruyub saxlam\u0131\u015fd\u0131r. \u018frazid\u0259 qeyd\u0259 al\u0131nm\u0131\u015f k\u00fcp q\u0259birl\u0259ri bir daha buran\u0131n yerli alban \u0259halisin\u0259 m\u0259xsus oldu\u011funu g\u00f6st\u0259rir. Qeyd etm\u0259k laz\u0131md\u0131r ki, Z\u0259rdab \u0259razisi antik v\u0259 erk\u0259n orta \u0259srl\u0259r d\u00f6vr\u00fcn\u00fc \u0259hat\u0259 ed\u0259n Alban K\u00fcp q\u0259birl\u0259ri arxeoloji m\u0259d\u0259niyy\u0259tinin t\u0259rkib hiss\u0259sidir.<\/p>\n<p>Xilaf\u0259t d\u00f6vr\u00fcnd\u0259 burada ya\u015fayan albanlar \u0130slam\u0131 q\u0259bul etmi\u015f v\u0259 \u0259r\u0259bl\u0259rin \u0259mirlik inzibati sistemin\u0259 uy\u011fun olaraq Az\u0259rbaycan s\u0259rh\u0259dl\u0259ri daxilind\u0259 ya\u015fam\u0131\u015flar. Qeyd ed\u0259k ki, \u018fr\u0259b Xilaf\u0259ti zaman\u0131nda Az\u0259rbaycan torpaqlar\u0131n\u0131n tarixi s\u0259rh\u0259ddi \u015fimalda D\u0259rb\u0259nd ke\u00e7idi, c\u0259nubda is\u0259 H\u0259m\u0259dan \u2013 Q\u0259zvin \u0259razisi hesab olunmu\u015fdur. \u018fr\u0259b Xilaf\u0259tinin z\u0259ifl\u0259m\u0259si n\u0259tic\u0259sind\u0259 K\u00fcrd\u0259n D\u0259rb\u0259nd\u0259 q\u0259d\u0259r olan \u0259razil\u0259rd\u0259 \u015eirvan\u015fahlar d\u00f6vl\u0259ti yaran\u0131r v\u0259 Z\u0259rdab \u0259razisi XVI \u0259srin 30-cu ill\u0259rinin sonuna kimi bu d\u00f6vl\u0259tin t\u0259rkibind\u0259 olmu\u015fdur. H\u0259min d\u00f6vrd\u0259 \u0259razid\u0259 ayr\u0131-ayr\u0131 ya\u015fay\u0131\u015f m\u0259sk\u0259nl\u0259ri m\u00f6vcud olmu\u015fdur. Lakin qeyd olunan d\u00f6vrd\u0259 &#8211; XI \u2013 XIII \u0259srl\u0259rd\u0259 \u0259razi S\u0259lcuq imperiyas\u0131 v\u0259 Az\u0259rbaycan Atab\u0259yl\u0259r d\u00f6vl\u0259tin\u0259 tabe edilmi\u015f, XIII \u0259srin II yar\u0131s\u0131 v\u0259 XIV \u0259srd\u0259 is\u0259 H\u00fclak\u00fc v\u0259 C\u0259lairi d\u00f6vl\u0259tl\u0259rind\u0259n as\u0131l\u0131 hala d\u00fc\u015fm\u00fc\u015fd\u00fcr. \u018frazid\u0259n Atab\u0259yl\u0259r (Eld\u0259nizl\u0259r) d\u00f6vr\u00fcn\u0259 aid mis pullar da tap\u0131lm\u0131\u015fd\u0131r. XIV \u0259sr H\u00fclak\u00fc m\u0259nb\u0259l\u0259rind\u0259 ad\u0131 \u00e7\u0259kil\u0259n Delan Naur (70 g\u00f6l) \u0259razisinin q\u0259rb hiss\u0259si m\u0259hz Z\u0259rdab torpaqlar\u0131d\u0131r.<\/p>\n<p>Tarixi qaynaqlarda Z\u0259rdab ad\u0131na ilk d\u0259f\u0259 XV \u0259sr A\u011fqoyunlu d\u00f6vr\u00fc m\u0259nb\u0259l\u0259rind\u0259 rast g\u0259linir. Rayon \u0259razisind\u0259 yerl\u0259\u015f\u0259n \u018flv\u0259nd k\u0259ndi d\u0259 m\u0259hz A\u011fqoyunlu \u018flv\u0259nd Mirz\u0259nin d\u00f6vr\u00fcnd\u0259n iri ya\u015fay\u0131\u015f m\u0259sk\u0259nin\u0259 \u00e7evrilmi\u015fdir. Bel\u0259 ki 1500-c\u00fc ild\u0259 A\u011fqoyunlu d\u00f6vl\u0259tinin \u018fbh\u0259r sazi\u015fin\u0259 \u0259sas\u0259n iki yer\u0259 par\u00e7alanmas\u0131ndan sonra d\u00f6vl\u0259tin \u0259sas m\u0259rk\u0259zi hesab olunan Az\u0259rbaycan torpaqlar\u0131 \u018flv\u0259nd Mirz\u0259nin hakimiyy\u0259ti alt\u0131nda qald\u0131. M\u0259hz bu hadis\u0259 \u0259r\u0259f\u0259sind\u0259 A\u011fqoyunlu m\u0259nb\u0259l\u0259ri Z\u0259rdab\u0131n ad\u0131n\u0131 \u00e7\u0259kir. T\u0259bii ki bunu h\u0259m d\u0259 A\u011fqoyunlular\u0131n \u015eirvan\u015fahlarla s\u0131x \u0259laq\u0259 saxlamas\u0131 kimi d\u0259 d\u0259y\u0259rl\u0259ndirm\u0259k olar.<\/p>\n<p>1538-ci ild\u0259 \u015eirvan\u015fahlar d\u00f6vl\u0259tin\u0259 S\u0259v\u0259fi \u015fah\u0131 I T\u0259hmasib t\u0259r\u0259find\u0259n son qoyuldu v\u0259 yaranm\u0131\u015f \u015eirvan b\u0259yl\u0259rb\u0259yliyinin c\u0259nub torpaqlar\u0131na Z\u0259rdab \u0259razisi d\u0259 m\u0259hz Z\u0259rdab ad\u0131 il\u0259 daxil olmu\u015fdur. \u00dcmumiyy\u0259tl\u0259, bu vaxta q\u0259d\u0259r S\u0259f\u0259vi m\u0259nb\u0259l\u0259rind\u0259 \u0259razi xat\u0131rlansa da Z\u0259rdab toponiminin ad\u0131 \u00e7\u0259kilmirdi. M\u0259s\u0259l\u0259n, \u015eah I \u0130smay\u0131l Caban\u0131 d\u00f6y\u00fc\u015f\u00fcnd\u0259n \u0259vv\u0259l \u015eamax\u0131ya do\u011fru y\u00fcr\u00fc\u015f ed\u0259rk\u0259n \u201cQoyun \u00fclumu\u201dndan ke\u00e7diyi bildirilir. Yuxar\u0131da az \u0259vv\u0259l qeyd etdiyimiz hadis\u0259l\u0259rd\u0259, o c\u00fcml\u0259d\u0259n, vahid Az\u0259rbaycan S\u0259f\u0259vi d\u00f6vl\u0259tinin yarad\u0131lmas\u0131 prosesind\u0259 \u015eah I T\u0259hmasib d\u0259 bu \u0259razid\u0259n ke\u00e7mi\u015f v\u0259 m\u0259nb\u0259l\u0259r qeyd olunan Z\u0259rdab \u0259razisini \u201cQoyun \u00fclumu\u201d adland\u0131rm\u0131\u015fd\u0131r. Bel\u0259 hesab edirik ki, \u0259razid\u0259 maldarl\u0131\u011f\u0131n y\u00fcks\u0259k inki\u015faf\u0131 il\u0259 \u0259laq\u0259dar bu yerl\u0259r S\u0259f\u0259vi tarix\u00e7il\u0259ri t\u0259r\u0259find\u0259n bu c\u00fcr adland\u0131r\u0131lm\u0131\u015fd\u0131r.<\/p>\n<p>Abdulla xan Ustacl\u0131 XVI \u0259srin ortalar\u0131nda \u015eirvan b\u0259yl\u0259rb\u0259yi oldu\u011fu zaman Z\u0259rdab \u0259razisind\u0259ki ya\u015fay\u0131\u015f m\u0259sk\u0259nl\u0259ri b\u00f6y\u00fcm\u00fc\u015f v\u0259 \u0259razinin m\u00f6vqeyi artm\u0131\u015fd\u0131r. \u015eah M\u0259h\u0259mm\u0259d Xudab\u0259nd\u0259nin hakimiyy\u0259ti (1578-1587) d\u00f6vr\u00fcnd\u0259 Osmanl\u0131lar \u015eirvan \u0259razisini imperiyan\u0131n t\u0259rkibin\u0259 qat\u0131r. M\u0259hz Osmanl\u0131 m\u0259nb\u0259l\u0259ri \u015eirvan \u0259razisi haqq\u0131nda yaz\u0131lar\u0131nda Z\u0259rdab\u0131n ad\u0131n\u0131 qeyd edirl\u0259r. \u015eah I Abbas\u0131n hakimiyy\u0259ti zaman\u0131 bu torpaqlar yenid\u0259n S\u0259f\u0259vil\u0259rin \u0259razisin\u0259 \u00e7evrilir.<\/p>\n<p>S\u0259f\u0259vil\u0259r d\u00f6vl\u0259tinin z\u0259ifl\u0259diyi d\u00f6vrd\u0259 feodal \u00f6zba\u015f\u0131nal\u0131qlar\u0131 geni\u015f v\u00fcs\u0259t ald\u0131\u011f\u0131 zaman onlara qar\u015f\u0131 yerl\u0259rd\u0259 \u00fcsyanlar ba\u015f qald\u0131r\u0131r. \u015eirvan \u00fcsyan\u00e7\u0131lar\u0131n\u0131n \u0259sas m\u0259nt\u0259q\u0259l\u0259rind\u0259n biri d\u0259 Z\u0259rdab \u0259razisi olmu\u015f, burada M\u00fcsk\u00fcrl\u00fc \u00fcsyan\u00e7\u0131lar\u0131 x\u00fcsusil\u0259 f\u0259rl\u0259nmi\u015fl\u0259r. M\u0259hz 1724-c\u00fc il \u0130stanbul s\u00fclh\u00fcnd\u0259n sonra Rusiya Hac\u0131 Davud M\u00fcsk\u00fcrl\u00fcn\u00fc \u015eirvan xan\u0131 kimi tan\u0131m\u0131\u015f v\u0259 Z\u0259rdab \u0259razisi d\u0259 onun idar\u0259 etdiyi \u0259raziy\u0259 daxil edilmi\u015fdir. Lakin 1727-ci il Nabur s\u00fclh\u00fcnd\u0259n sonra \u0259raziy\u0259 r\u0259hb\u0259rlik rus meyilli hakim Qaz\u0131qumuxlu Surxay xan\u0131n \u0259lin\u0259 ke\u00e7mi\u015fdir. 1736-1747-ci ill\u0259rd\u0259 Z\u0259rdab \u0259razisi b\u00fct\u00fcn Az\u0259rbaycan torpaqlar\u0131 kimi Nadir \u015fah\u0131n yaratd\u0131\u011f\u0131 \u018ff\u015farlar imperiyas\u0131n\u0131n t\u0259rkibind\u0259 Az\u0259rbaycan vilay\u0259tinin bir hiss\u0259si olmu\u015fdur. Nadir \u015fah\u0131n \u00f6ld\u00fcr\u00fclm\u0259sind\u0259n sonra Z\u0259rdab \u0259razisi \u015eamax\u0131 xanl\u0131\u011f\u0131n\u0131n t\u0259rkibind\u0259 olmu\u015fdur. Bu d\u00f6vrd\u0259 yen\u0259 d\u0259 Z\u0259rdab v\u0259 Ucar rayonlar\u0131n\u0131n \u0259razisi birlikd\u0259 Qarasubasar mahal\u0131na daxil olmu\u015fdur. N.Bayramova \u201c\u015eamax\u0131 xanl\u0131\u011f\u0131\u201d \u0259s\u0259rind\u0259 yaz\u0131r: \u201cQarasubasar mahal\u0131na \u015eilyan, I L\u0259ki, II L\u0259ki, \u018flv\u0259nd, Muradxan, X\u0259l\u0259c, Z\u0259rdab, \u00c7all\u0131 v\u0259 s. k\u0259ndl\u0259r daxil idi. Mahal\u0131n \u0259halisinin \u00e7ox hiss\u0259si \u0259kin\u00e7ilikl\u0259 m\u0259\u015f\u011ful olurdu\u201d. Qubal\u0131 F\u0259t\u0259li xan \u015eirvan\u0131 tabe etdikd\u0259n sonra bir m\u00fcdd\u0259t \u0259razi (1768-1790-c\u0131 ill\u0259rd\u0259) Quba xanl\u0131\u011f\u0131n\u0131n t\u0259rkib hiss\u0259sin\u0259 \u00e7evrilmi\u015fdir. Onun \u00f6l\u00fcm\u00fcnd\u0259n sonra yenid\u0259n \u015eamax\u0131 xanl\u0131\u011f\u0131n\u0131n \u0259razisi olmu\u015fdur.<\/p>\n<p><span style=\"color: #ff0000;\"><strong>Ard\u0131 var&#8230;<\/strong><\/span><\/p>\n","protected":false},"excerpt":{"rendered":"<p>Az\u0259rbaycan Milli Elml\u0259r Akademiyas\u0131n\u0131n (AMEA) Arxeologiya v\u0259 Etnoqrafiya \u0130nstitutunun elmi i\u015f\u00e7isi Taleh Vasif o\u011flu \u018fliyev &#8220;Z\u0259rdab\u0131n tarixi-siyasi co\u011frafiyas\u0131&#8221; adl\u0131 yaz\u0131s\u0131n\u0131 www.zerdab.com sayt\u0131na t\u0259qdim edib. M\u0259qal\u0259d\u0259\u00a0Z\u0259rdab\u0131n tarixi-siyasi co\u011frafiyas\u0131 il\u0259 ba\u011fl\u0131 maraql\u0131 v\u0259 yeni faktlar \u00fcz\u0259 \u00e7\u0131xar\u0131l\u0131b. H\u0259min yaz\u0131n\u0131 hiss\u0259-hiss\u0259 sayt\u0131m\u0131zda yay\u0131mlayaca\u011f\u0131q.\u00a0Taleh \u018fliyevin yaz\u0131s\u0131n\u0131n birinci hiss\u0259sini t\u0259qdim edirik. &#8211; \u015eimali Az\u0259rbaycan \u0259razisind\u0259 yerl\u0259\u015f\u0259n m\u00fcasir Z\u0259rdab rayonu tarix [&hellip;]<\/p>\n","protected":false},"author":1,"featured_media":0,"comment_status":"open","ping_status":"open","sticky":false,"template":"","format":"standard","meta":{"footnotes":""},"categories":[1],"tags":[],"class_list":{"0":"post-8448","1":"post","2":"type-post","3":"status-publish","4":"format-standard","6":"category-tarix"},"yoast_head":"<!-- This site is optimized with the Yoast SEO plugin v27.0 - https:\/\/yoast.com\/product\/yoast-seo-wordpress\/ -->\n<title>Z\u0259rdab\u0131n tarixi-siyasi co\u011frafiyas\u0131na dair yeni faktlar - ARA\u015eDIRMA - Z\u0259rdab.com<\/title>\n<meta name=\"robots\" content=\"index, follow, max-snippet:-1, max-image-preview:large, max-video-preview:-1\" \/>\n<link rel=\"canonical\" href=\"https:\/\/www.zerdab.com\/?p=8448\" \/>\n<meta property=\"og:locale\" content=\"az_AZ\" \/>\n<meta property=\"og:type\" content=\"article\" \/>\n<meta property=\"og:title\" content=\"Z\u0259rdab\u0131n tarixi-siyasi co\u011frafiyas\u0131na dair yeni faktlar - ARA\u015eDIRMA - Z\u0259rdab.com\" \/>\n<meta property=\"og:description\" content=\"Az\u0259rbaycan Milli Elml\u0259r Akademiyas\u0131n\u0131n (AMEA) Arxeologiya v\u0259 Etnoqrafiya \u0130nstitutunun elmi i\u015f\u00e7isi Taleh Vasif o\u011flu \u018fliyev &#8220;Z\u0259rdab\u0131n tarixi-siyasi co\u011frafiyas\u0131&#8221; adl\u0131 yaz\u0131s\u0131n\u0131 www.zerdab.com sayt\u0131na t\u0259qdim edib. M\u0259qal\u0259d\u0259\u00a0Z\u0259rdab\u0131n tarixi-siyasi co\u011frafiyas\u0131 il\u0259 ba\u011fl\u0131 maraql\u0131 v\u0259 yeni faktlar \u00fcz\u0259 \u00e7\u0131xar\u0131l\u0131b. H\u0259min yaz\u0131n\u0131 hiss\u0259-hiss\u0259 sayt\u0131m\u0131zda yay\u0131mlayaca\u011f\u0131q.\u00a0Taleh \u018fliyevin yaz\u0131s\u0131n\u0131n birinci hiss\u0259sini t\u0259qdim edirik. &#8211; \u015eimali Az\u0259rbaycan \u0259razisind\u0259 yerl\u0259\u015f\u0259n m\u00fcasir Z\u0259rdab rayonu tarix [&hellip;]\" \/>\n<meta property=\"og:url\" content=\"https:\/\/www.zerdab.com\/?p=8448\" \/>\n<meta property=\"og:site_name\" content=\"Z\u0259rdab.com\" \/>\n<meta property=\"article:published_time\" content=\"2013-03-28T19:10:11+00:00\" \/>\n<meta property=\"article:modified_time\" content=\"2017-02-10T09:11:58+00:00\" \/>\n<meta name=\"author\" content=\"admin\" \/>\n<meta name=\"twitter:card\" content=\"summary_large_image\" \/>\n<meta name=\"twitter:label1\" content=\"Written by\" \/>\n\t<meta name=\"twitter:data1\" content=\"admin\" \/>\n\t<meta name=\"twitter:label2\" content=\"Est. reading time\" \/>\n\t<meta name=\"twitter:data2\" content=\"7 minutes\" \/>\n<script type=\"application\/ld+json\" class=\"yoast-schema-graph\">{\"@context\":\"https:\/\/schema.org\",\"@graph\":[{\"@type\":\"Article\",\"@id\":\"https:\/\/www.zerdab.com\/?p=8448#article\",\"isPartOf\":{\"@id\":\"https:\/\/www.zerdab.com\/?p=8448\"},\"author\":{\"name\":\"admin\",\"@id\":\"https:\/\/www.zerdab.com\/#\/schema\/person\/97079b7570c1e89ec0d9e138c3672136\"},\"headline\":\"Z\u0259rdab\u0131n tarixi-siyasi co\u011frafiyas\u0131na dair yeni faktlar &#8211; ARA\u015eDIRMA\",\"datePublished\":\"2013-03-28T19:10:11+00:00\",\"dateModified\":\"2017-02-10T09:11:58+00:00\",\"mainEntityOfPage\":{\"@id\":\"https:\/\/www.zerdab.com\/?p=8448\"},\"wordCount\":1320,\"commentCount\":0,\"articleSection\":[\"Z\u018fRDABIN TAR\u0130X\u0130\"],\"inLanguage\":\"az\",\"potentialAction\":[{\"@type\":\"CommentAction\",\"name\":\"Comment\",\"target\":[\"https:\/\/www.zerdab.com\/?p=8448#respond\"]}]},{\"@type\":\"WebPage\",\"@id\":\"https:\/\/www.zerdab.com\/?p=8448\",\"url\":\"https:\/\/www.zerdab.com\/?p=8448\",\"name\":\"Z\u0259rdab\u0131n tarixi-siyasi co\u011frafiyas\u0131na dair yeni faktlar - ARA\u015eDIRMA - Z\u0259rdab.com\",\"isPartOf\":{\"@id\":\"https:\/\/www.zerdab.com\/#website\"},\"datePublished\":\"2013-03-28T19:10:11+00:00\",\"dateModified\":\"2017-02-10T09:11:58+00:00\",\"author\":{\"@id\":\"https:\/\/www.zerdab.com\/#\/schema\/person\/97079b7570c1e89ec0d9e138c3672136\"},\"breadcrumb\":{\"@id\":\"https:\/\/www.zerdab.com\/?p=8448#breadcrumb\"},\"inLanguage\":\"az\",\"potentialAction\":[{\"@type\":\"ReadAction\",\"target\":[\"https:\/\/www.zerdab.com\/?p=8448\"]}]},{\"@type\":\"BreadcrumbList\",\"@id\":\"https:\/\/www.zerdab.com\/?p=8448#breadcrumb\",\"itemListElement\":[{\"@type\":\"ListItem\",\"position\":1,\"name\":\"Home\",\"item\":\"https:\/\/www.zerdab.com\/\"},{\"@type\":\"ListItem\",\"position\":2,\"name\":\"Z\u0259rdab\u0131n tarixi-siyasi co\u011frafiyas\u0131na dair yeni faktlar &#8211; ARA\u015eDIRMA\"}]},{\"@type\":\"WebSite\",\"@id\":\"https:\/\/www.zerdab.com\/#website\",\"url\":\"https:\/\/www.zerdab.com\/\",\"name\":\"Z\u0259rdab.com\",\"description\":\"\",\"potentialAction\":[{\"@type\":\"SearchAction\",\"target\":{\"@type\":\"EntryPoint\",\"urlTemplate\":\"https:\/\/www.zerdab.com\/?s={search_term_string}\"},\"query-input\":{\"@type\":\"PropertyValueSpecification\",\"valueRequired\":true,\"valueName\":\"search_term_string\"}}],\"inLanguage\":\"az\"},{\"@type\":\"Person\",\"@id\":\"https:\/\/www.zerdab.com\/#\/schema\/person\/97079b7570c1e89ec0d9e138c3672136\",\"name\":\"admin\",\"image\":{\"@type\":\"ImageObject\",\"inLanguage\":\"az\",\"@id\":\"https:\/\/www.zerdab.com\/#\/schema\/person\/image\/\",\"url\":\"https:\/\/secure.gravatar.com\/avatar\/d9c52a9a27c32119cb6679a077fa3e2779e5f822c451cbf01098004361d466ec?s=96&d=mm&r=g\",\"contentUrl\":\"https:\/\/secure.gravatar.com\/avatar\/d9c52a9a27c32119cb6679a077fa3e2779e5f822c451cbf01098004361d466ec?s=96&d=mm&r=g\",\"caption\":\"admin\"},\"url\":\"https:\/\/www.zerdab.com\/?author=1\"}]}<\/script>\n<!-- \/ Yoast SEO plugin. -->","yoast_head_json":{"title":"Z\u0259rdab\u0131n tarixi-siyasi co\u011frafiyas\u0131na dair yeni faktlar - ARA\u015eDIRMA - Z\u0259rdab.com","robots":{"index":"index","follow":"follow","max-snippet":"max-snippet:-1","max-image-preview":"max-image-preview:large","max-video-preview":"max-video-preview:-1"},"canonical":"https:\/\/www.zerdab.com\/?p=8448","og_locale":"az_AZ","og_type":"article","og_title":"Z\u0259rdab\u0131n tarixi-siyasi co\u011frafiyas\u0131na dair yeni faktlar - ARA\u015eDIRMA - Z\u0259rdab.com","og_description":"Az\u0259rbaycan Milli Elml\u0259r Akademiyas\u0131n\u0131n (AMEA) Arxeologiya v\u0259 Etnoqrafiya \u0130nstitutunun elmi i\u015f\u00e7isi Taleh Vasif o\u011flu \u018fliyev &#8220;Z\u0259rdab\u0131n tarixi-siyasi co\u011frafiyas\u0131&#8221; adl\u0131 yaz\u0131s\u0131n\u0131 www.zerdab.com sayt\u0131na t\u0259qdim edib. M\u0259qal\u0259d\u0259\u00a0Z\u0259rdab\u0131n tarixi-siyasi co\u011frafiyas\u0131 il\u0259 ba\u011fl\u0131 maraql\u0131 v\u0259 yeni faktlar \u00fcz\u0259 \u00e7\u0131xar\u0131l\u0131b. H\u0259min yaz\u0131n\u0131 hiss\u0259-hiss\u0259 sayt\u0131m\u0131zda yay\u0131mlayaca\u011f\u0131q.\u00a0Taleh \u018fliyevin yaz\u0131s\u0131n\u0131n birinci hiss\u0259sini t\u0259qdim edirik. &#8211; \u015eimali Az\u0259rbaycan \u0259razisind\u0259 yerl\u0259\u015f\u0259n m\u00fcasir Z\u0259rdab rayonu tarix [&hellip;]","og_url":"https:\/\/www.zerdab.com\/?p=8448","og_site_name":"Z\u0259rdab.com","article_published_time":"2013-03-28T19:10:11+00:00","article_modified_time":"2017-02-10T09:11:58+00:00","author":"admin","twitter_card":"summary_large_image","twitter_misc":{"Written by":"admin","Est. reading time":"7 minutes"},"schema":{"@context":"https:\/\/schema.org","@graph":[{"@type":"Article","@id":"https:\/\/www.zerdab.com\/?p=8448#article","isPartOf":{"@id":"https:\/\/www.zerdab.com\/?p=8448"},"author":{"name":"admin","@id":"https:\/\/www.zerdab.com\/#\/schema\/person\/97079b7570c1e89ec0d9e138c3672136"},"headline":"Z\u0259rdab\u0131n tarixi-siyasi co\u011frafiyas\u0131na dair yeni faktlar &#8211; ARA\u015eDIRMA","datePublished":"2013-03-28T19:10:11+00:00","dateModified":"2017-02-10T09:11:58+00:00","mainEntityOfPage":{"@id":"https:\/\/www.zerdab.com\/?p=8448"},"wordCount":1320,"commentCount":0,"articleSection":["Z\u018fRDABIN TAR\u0130X\u0130"],"inLanguage":"az","potentialAction":[{"@type":"CommentAction","name":"Comment","target":["https:\/\/www.zerdab.com\/?p=8448#respond"]}]},{"@type":"WebPage","@id":"https:\/\/www.zerdab.com\/?p=8448","url":"https:\/\/www.zerdab.com\/?p=8448","name":"Z\u0259rdab\u0131n tarixi-siyasi co\u011frafiyas\u0131na dair yeni faktlar - ARA\u015eDIRMA - Z\u0259rdab.com","isPartOf":{"@id":"https:\/\/www.zerdab.com\/#website"},"datePublished":"2013-03-28T19:10:11+00:00","dateModified":"2017-02-10T09:11:58+00:00","author":{"@id":"https:\/\/www.zerdab.com\/#\/schema\/person\/97079b7570c1e89ec0d9e138c3672136"},"breadcrumb":{"@id":"https:\/\/www.zerdab.com\/?p=8448#breadcrumb"},"inLanguage":"az","potentialAction":[{"@type":"ReadAction","target":["https:\/\/www.zerdab.com\/?p=8448"]}]},{"@type":"BreadcrumbList","@id":"https:\/\/www.zerdab.com\/?p=8448#breadcrumb","itemListElement":[{"@type":"ListItem","position":1,"name":"Home","item":"https:\/\/www.zerdab.com\/"},{"@type":"ListItem","position":2,"name":"Z\u0259rdab\u0131n tarixi-siyasi co\u011frafiyas\u0131na dair yeni faktlar &#8211; ARA\u015eDIRMA"}]},{"@type":"WebSite","@id":"https:\/\/www.zerdab.com\/#website","url":"https:\/\/www.zerdab.com\/","name":"Z\u0259rdab.com","description":"","potentialAction":[{"@type":"SearchAction","target":{"@type":"EntryPoint","urlTemplate":"https:\/\/www.zerdab.com\/?s={search_term_string}"},"query-input":{"@type":"PropertyValueSpecification","valueRequired":true,"valueName":"search_term_string"}}],"inLanguage":"az"},{"@type":"Person","@id":"https:\/\/www.zerdab.com\/#\/schema\/person\/97079b7570c1e89ec0d9e138c3672136","name":"admin","image":{"@type":"ImageObject","inLanguage":"az","@id":"https:\/\/www.zerdab.com\/#\/schema\/person\/image\/","url":"https:\/\/secure.gravatar.com\/avatar\/d9c52a9a27c32119cb6679a077fa3e2779e5f822c451cbf01098004361d466ec?s=96&d=mm&r=g","contentUrl":"https:\/\/secure.gravatar.com\/avatar\/d9c52a9a27c32119cb6679a077fa3e2779e5f822c451cbf01098004361d466ec?s=96&d=mm&r=g","caption":"admin"},"url":"https:\/\/www.zerdab.com\/?author=1"}]}},"_links":{"self":[{"href":"https:\/\/www.zerdab.com\/index.php?rest_route=\/wp\/v2\/posts\/8448","targetHints":{"allow":["GET"]}}],"collection":[{"href":"https:\/\/www.zerdab.com\/index.php?rest_route=\/wp\/v2\/posts"}],"about":[{"href":"https:\/\/www.zerdab.com\/index.php?rest_route=\/wp\/v2\/types\/post"}],"author":[{"embeddable":true,"href":"https:\/\/www.zerdab.com\/index.php?rest_route=\/wp\/v2\/users\/1"}],"replies":[{"embeddable":true,"href":"https:\/\/www.zerdab.com\/index.php?rest_route=%2Fwp%2Fv2%2Fcomments&post=8448"}],"version-history":[{"count":7,"href":"https:\/\/www.zerdab.com\/index.php?rest_route=\/wp\/v2\/posts\/8448\/revisions"}],"predecessor-version":[{"id":24199,"href":"https:\/\/www.zerdab.com\/index.php?rest_route=\/wp\/v2\/posts\/8448\/revisions\/24199"}],"wp:attachment":[{"href":"https:\/\/www.zerdab.com\/index.php?rest_route=%2Fwp%2Fv2%2Fmedia&parent=8448"}],"wp:term":[{"taxonomy":"category","embeddable":true,"href":"https:\/\/www.zerdab.com\/index.php?rest_route=%2Fwp%2Fv2%2Fcategories&post=8448"},{"taxonomy":"post_tag","embeddable":true,"href":"https:\/\/www.zerdab.com\/index.php?rest_route=%2Fwp%2Fv2%2Ftags&post=8448"}],"curies":[{"name":"wp","href":"https:\/\/api.w.org\/{rel}","templated":true}]}}