{"id":8457,"date":"2013-03-29T12:37:26","date_gmt":"2013-03-29T08:37:26","guid":{"rendered":"http:\/\/www.zerdab.com\/?p=8457"},"modified":"2013-03-29T12:41:29","modified_gmt":"2013-03-29T08:41:29","slug":"soyqirim-qurbanlari-z%c9%99rdab-rayonunda-anildilar-fotolar","status":"publish","type":"post","link":"https:\/\/www.zerdab.com\/?p=8457","title":{"rendered":"Soyq\u0131r\u0131m\u0131 qurbanlar\u0131 Z\u0259rdab rayonunda an\u0131ld\u0131 &#8211; fotolar"},"content":{"rendered":"<p><span style=\"color: #0000ff;\"><strong><img loading=\"lazy\" decoding=\"async\" class=\"aligncenter size-medium wp-image-8458\" alt=\"Zerdab\" src=\"http:\/\/www.zerdab.com\/wp-content\/uploads\/2013\/03\/Zerdab32-350x232.jpg\" width=\"350\" height=\"232\" \/>31 mart Az\u0259rbaycanl\u0131lar\u0131n soyq\u0131r\u0131m\u0131 g\u00fcn\u00fc il\u0259 \u0259laq\u0259dar olaraq Z\u0259rdab rayonunda silsil\u0259 t\u0259dbirl\u0259r ke\u00e7irilm\u0259kd\u0259dir. Bu g\u00fcnl\u0259rd\u0259 rayonun t\u0259hsil, s\u0259hiyy\u0259 v\u0259 m\u0259d\u0259niyy\u0259t m\u00fc\u0259ssis\u0259l\u0259rind\u0259 Az\u0259rbaycanl\u0131lar\u0131n soyq\u0131r\u0131m\u0131 il\u0259 ba\u011fl\u0131 m\u00fcxt\u0259lif m\u0259d\u0259ni k\u00fctl\u0259vi t\u0259dbirl\u0259r t\u0259\u015fkil olunub.<\/strong><\/span><\/p>\n<p>29 mart 2013-c\u00fc il tarixd\u0259 \u015f\u0259h\u0259rin 1, 2 v\u0259 3 sayl\u0131 k\u00f6rp\u0259l\u0259r evi &#8211; u\u015faq ba\u011f\u00e7alar\u0131n\u0131n u\u015faqlar\u0131, \u015f\u0259h\u0259r 1, 2 v\u0259 3 sayl\u0131 tam orta m\u0259kt\u0259bl\u0259rinin a\u015fa\u011f\u0131 sinif \u015fagirdl\u0259ri Z\u0259rdab \u015f\u0259h\u0259rinin m\u0259rk\u0259zind\u0259 yerl\u0259\u015f\u0259n \u015e\u0259hidl\u0259r\u0259 Xatir\u0259 park\u0131nda ucald\u0131lm\u0131\u015f \u201cAz\u0259rbaycanl\u0131lar\u0131n soyq\u0131r\u0131m\u0131 qurbanlar\u0131n\u0131n xatir\u0259sin\u0259\u201d, \u201cAz\u0259rbaycan\u0131n \u0259razi b\u00fct\u00f6vl\u00fcy\u00fc u\u011frunda \u015f\u0259hid olanlar\u0131n xatir\u0259sin\u0259\u201d v\u0259 \u201c20 Yanvar faci\u0259si qurbanlar\u0131n\u0131n xatir\u0259sin\u0259\u201d abid\u0259 kompleksl\u0259rinin \u00f6n\u00fcn\u0259 g\u00fcl d\u0259st\u0259l\u0259ri qoyublar.<\/p>\n<p><span style=\"color: #0000ff;\"><strong>H\u00f6rm\u0259tl\u0259,\u00a0Z\u0259rdab R\u0130HB Aparat\u0131n\u0131n informasiya t\u0259minat\u0131 v\u0259 t\u0259hlil sektoru<\/strong><\/span><\/p>\n<p><img loading=\"lazy\" decoding=\"async\" class=\"aligncenter size-full wp-image-8460\" alt=\"Zerdab\" src=\"http:\/\/www.zerdab.com\/wp-content\/uploads\/2013\/03\/Zerdab81.jpg\" width=\"1024\" height=\"680\" \/><\/p>\n<p><img loading=\"lazy\" decoding=\"async\" class=\"aligncenter size-full wp-image-8461\" alt=\"Zerdab\" src=\"http:\/\/www.zerdab.com\/wp-content\/uploads\/2013\/03\/Zerdab7.jpg\" width=\"1024\" height=\"680\" \/><\/p>\n<p><img loading=\"lazy\" decoding=\"async\" class=\"aligncenter size-full wp-image-8462\" alt=\"Zerdab\" src=\"http:\/\/www.zerdab.com\/wp-content\/uploads\/2013\/03\/Zerdab22.jpg\" width=\"1024\" height=\"680\" \/><\/p>\n<p><img loading=\"lazy\" decoding=\"async\" class=\"aligncenter size-full wp-image-8463\" alt=\"Zerdab\" src=\"http:\/\/www.zerdab.com\/wp-content\/uploads\/2013\/03\/Zerdab13.jpg\" width=\"1024\" height=\"680\" \/><\/p>\n<p><img loading=\"lazy\" decoding=\"async\" class=\"aligncenter size-full wp-image-8464\" alt=\"Zerdab\" src=\"http:\/\/www.zerdab.com\/wp-content\/uploads\/2013\/03\/Zerdab42.jpg\" width=\"1024\" height=\"680\" \/><img loading=\"lazy\" decoding=\"async\" class=\"aligncenter size-full wp-image-8458\" alt=\"Zerdab\" src=\"http:\/\/www.zerdab.com\/wp-content\/uploads\/2013\/03\/Zerdab32.jpg\" width=\"1024\" height=\"680\" \/><\/p>\n<p><img loading=\"lazy\" decoding=\"async\" class=\"aligncenter size-full wp-image-8467\" alt=\"Zerdab\" src=\"http:\/\/www.zerdab.com\/wp-content\/uploads\/2013\/03\/Zerdab71.jpg\" width=\"1024\" height=\"680\" \/><\/p>\n<p><img loading=\"lazy\" decoding=\"async\" class=\"aligncenter size-full wp-image-8469\" alt=\"Zerdab\" src=\"http:\/\/www.zerdab.com\/wp-content\/uploads\/2013\/03\/Zerdab52.jpg\" width=\"1024\" height=\"680\" \/><\/p>\n","protected":false},"excerpt":{"rendered":"<p>31 mart Az\u0259rbaycanl\u0131lar\u0131n soyq\u0131r\u0131m\u0131 g\u00fcn\u00fc il\u0259 \u0259laq\u0259dar olaraq Z\u0259rdab rayonunda silsil\u0259 t\u0259dbirl\u0259r ke\u00e7irilm\u0259kd\u0259dir. Bu g\u00fcnl\u0259rd\u0259 rayonun t\u0259hsil, s\u0259hiyy\u0259 v\u0259 m\u0259d\u0259niyy\u0259t m\u00fc\u0259ssis\u0259l\u0259rind\u0259 Az\u0259rbaycanl\u0131lar\u0131n soyq\u0131r\u0131m\u0131 il\u0259 ba\u011fl\u0131 m\u00fcxt\u0259lif m\u0259d\u0259ni k\u00fctl\u0259vi t\u0259dbirl\u0259r t\u0259\u015fkil olunub. 29 mart 2013-c\u00fc il tarixd\u0259 \u015f\u0259h\u0259rin 1, 2 v\u0259 3 sayl\u0131 k\u00f6rp\u0259l\u0259r evi &#8211; u\u015faq ba\u011f\u00e7alar\u0131n\u0131n u\u015faqlar\u0131, \u015f\u0259h\u0259r 1, 2 v\u0259 3 sayl\u0131 tam [&hellip;]<\/p>\n","protected":false},"author":1,"featured_media":0,"comment_status":"open","ping_status":"open","sticky":false,"template":"","format":"standard","meta":{"footnotes":""},"categories":[21],"tags":[],"class_list":{"0":"post-8457","1":"post","2":"type-post","3":"status-publish","4":"format-standard","6":"category-zrdab"},"yoast_head":"<!-- This site is optimized with the Yoast SEO plugin v27.0 - https:\/\/yoast.com\/product\/yoast-seo-wordpress\/ -->\n<title>Soyq\u0131r\u0131m\u0131 qurbanlar\u0131 Z\u0259rdab rayonunda an\u0131ld\u0131 - fotolar - Z\u0259rdab.com<\/title>\n<meta name=\"robots\" content=\"index, follow, max-snippet:-1, max-image-preview:large, max-video-preview:-1\" \/>\n<link rel=\"canonical\" href=\"https:\/\/www.zerdab.com\/?p=8457\" \/>\n<meta property=\"og:locale\" content=\"az_AZ\" \/>\n<meta property=\"og:type\" content=\"article\" \/>\n<meta property=\"og:title\" content=\"Soyq\u0131r\u0131m\u0131 qurbanlar\u0131 Z\u0259rdab rayonunda an\u0131ld\u0131 - fotolar - Z\u0259rdab.com\" \/>\n<meta property=\"og:description\" content=\"31 mart Az\u0259rbaycanl\u0131lar\u0131n soyq\u0131r\u0131m\u0131 g\u00fcn\u00fc il\u0259 \u0259laq\u0259dar olaraq Z\u0259rdab rayonunda silsil\u0259 t\u0259dbirl\u0259r ke\u00e7irilm\u0259kd\u0259dir. Bu g\u00fcnl\u0259rd\u0259 rayonun t\u0259hsil, s\u0259hiyy\u0259 v\u0259 m\u0259d\u0259niyy\u0259t m\u00fc\u0259ssis\u0259l\u0259rind\u0259 Az\u0259rbaycanl\u0131lar\u0131n soyq\u0131r\u0131m\u0131 il\u0259 ba\u011fl\u0131 m\u00fcxt\u0259lif m\u0259d\u0259ni k\u00fctl\u0259vi t\u0259dbirl\u0259r t\u0259\u015fkil olunub. 29 mart 2013-c\u00fc il tarixd\u0259 \u015f\u0259h\u0259rin 1, 2 v\u0259 3 sayl\u0131 k\u00f6rp\u0259l\u0259r evi &#8211; u\u015faq ba\u011f\u00e7alar\u0131n\u0131n u\u015faqlar\u0131, \u015f\u0259h\u0259r 1, 2 v\u0259 3 sayl\u0131 tam [&hellip;]\" \/>\n<meta property=\"og:url\" content=\"https:\/\/www.zerdab.com\/?p=8457\" \/>\n<meta property=\"og:site_name\" content=\"Z\u0259rdab.com\" \/>\n<meta property=\"article:published_time\" content=\"2013-03-29T08:37:26+00:00\" \/>\n<meta property=\"article:modified_time\" content=\"2013-03-29T08:41:29+00:00\" \/>\n<meta property=\"og:image\" content=\"http:\/\/www.zerdab.com\/wp-content\/uploads\/2013\/03\/Zerdab32-350x232.jpg\" \/>\n<meta name=\"author\" content=\"admin\" \/>\n<meta name=\"twitter:card\" content=\"summary_large_image\" \/>\n<meta name=\"twitter:label1\" content=\"Written by\" \/>\n\t<meta name=\"twitter:data1\" content=\"admin\" \/>\n\t<meta name=\"twitter:label2\" content=\"Est. reading time\" \/>\n\t<meta name=\"twitter:data2\" content=\"1 minute\" \/>\n<script type=\"application\/ld+json\" class=\"yoast-schema-graph\">{\"@context\":\"https:\/\/schema.org\",\"@graph\":[{\"@type\":\"Article\",\"@id\":\"https:\/\/www.zerdab.com\/?p=8457#article\",\"isPartOf\":{\"@id\":\"https:\/\/www.zerdab.com\/?p=8457\"},\"author\":{\"name\":\"admin\",\"@id\":\"https:\/\/www.zerdab.com\/#\/schema\/person\/97079b7570c1e89ec0d9e138c3672136\"},\"headline\":\"Soyq\u0131r\u0131m\u0131 qurbanlar\u0131 Z\u0259rdab rayonunda an\u0131ld\u0131 &#8211; fotolar\",\"datePublished\":\"2013-03-29T08:37:26+00:00\",\"dateModified\":\"2013-03-29T08:41:29+00:00\",\"mainEntityOfPage\":{\"@id\":\"https:\/\/www.zerdab.com\/?p=8457\"},\"wordCount\":197,\"commentCount\":0,\"image\":{\"@id\":\"https:\/\/www.zerdab.com\/?p=8457#primaryimage\"},\"thumbnailUrl\":\"http:\/\/www.zerdab.com\/wp-content\/uploads\/2013\/03\/Zerdab32-350x232.jpg\",\"articleSection\":[\"C\u018fM\u0130YY\u018fT\"],\"inLanguage\":\"az\",\"potentialAction\":[{\"@type\":\"CommentAction\",\"name\":\"Comment\",\"target\":[\"https:\/\/www.zerdab.com\/?p=8457#respond\"]}]},{\"@type\":\"WebPage\",\"@id\":\"https:\/\/www.zerdab.com\/?p=8457\",\"url\":\"https:\/\/www.zerdab.com\/?p=8457\",\"name\":\"Soyq\u0131r\u0131m\u0131 qurbanlar\u0131 Z\u0259rdab rayonunda an\u0131ld\u0131 - fotolar - Z\u0259rdab.com\",\"isPartOf\":{\"@id\":\"https:\/\/www.zerdab.com\/#website\"},\"primaryImageOfPage\":{\"@id\":\"https:\/\/www.zerdab.com\/?p=8457#primaryimage\"},\"image\":{\"@id\":\"https:\/\/www.zerdab.com\/?p=8457#primaryimage\"},\"thumbnailUrl\":\"http:\/\/www.zerdab.com\/wp-content\/uploads\/2013\/03\/Zerdab32-350x232.jpg\",\"datePublished\":\"2013-03-29T08:37:26+00:00\",\"dateModified\":\"2013-03-29T08:41:29+00:00\",\"author\":{\"@id\":\"https:\/\/www.zerdab.com\/#\/schema\/person\/97079b7570c1e89ec0d9e138c3672136\"},\"breadcrumb\":{\"@id\":\"https:\/\/www.zerdab.com\/?p=8457#breadcrumb\"},\"inLanguage\":\"az\",\"potentialAction\":[{\"@type\":\"ReadAction\",\"target\":[\"https:\/\/www.zerdab.com\/?p=8457\"]}]},{\"@type\":\"ImageObject\",\"inLanguage\":\"az\",\"@id\":\"https:\/\/www.zerdab.com\/?p=8457#primaryimage\",\"url\":\"\",\"contentUrl\":\"\"},{\"@type\":\"BreadcrumbList\",\"@id\":\"https:\/\/www.zerdab.com\/?p=8457#breadcrumb\",\"itemListElement\":[{\"@type\":\"ListItem\",\"position\":1,\"name\":\"Home\",\"item\":\"https:\/\/www.zerdab.com\/\"},{\"@type\":\"ListItem\",\"position\":2,\"name\":\"Soyq\u0131r\u0131m\u0131 qurbanlar\u0131 Z\u0259rdab rayonunda an\u0131ld\u0131 &#8211; fotolar\"}]},{\"@type\":\"WebSite\",\"@id\":\"https:\/\/www.zerdab.com\/#website\",\"url\":\"https:\/\/www.zerdab.com\/\",\"name\":\"Z\u0259rdab.com\",\"description\":\"\",\"potentialAction\":[{\"@type\":\"SearchAction\",\"target\":{\"@type\":\"EntryPoint\",\"urlTemplate\":\"https:\/\/www.zerdab.com\/?s={search_term_string}\"},\"query-input\":{\"@type\":\"PropertyValueSpecification\",\"valueRequired\":true,\"valueName\":\"search_term_string\"}}],\"inLanguage\":\"az\"},{\"@type\":\"Person\",\"@id\":\"https:\/\/www.zerdab.com\/#\/schema\/person\/97079b7570c1e89ec0d9e138c3672136\",\"name\":\"admin\",\"image\":{\"@type\":\"ImageObject\",\"inLanguage\":\"az\",\"@id\":\"https:\/\/www.zerdab.com\/#\/schema\/person\/image\/\",\"url\":\"https:\/\/secure.gravatar.com\/avatar\/d9c52a9a27c32119cb6679a077fa3e2779e5f822c451cbf01098004361d466ec?s=96&d=mm&r=g\",\"contentUrl\":\"https:\/\/secure.gravatar.com\/avatar\/d9c52a9a27c32119cb6679a077fa3e2779e5f822c451cbf01098004361d466ec?s=96&d=mm&r=g\",\"caption\":\"admin\"},\"url\":\"https:\/\/www.zerdab.com\/?author=1\"}]}<\/script>\n<!-- \/ Yoast SEO plugin. -->","yoast_head_json":{"title":"Soyq\u0131r\u0131m\u0131 qurbanlar\u0131 Z\u0259rdab rayonunda an\u0131ld\u0131 - fotolar - Z\u0259rdab.com","robots":{"index":"index","follow":"follow","max-snippet":"max-snippet:-1","max-image-preview":"max-image-preview:large","max-video-preview":"max-video-preview:-1"},"canonical":"https:\/\/www.zerdab.com\/?p=8457","og_locale":"az_AZ","og_type":"article","og_title":"Soyq\u0131r\u0131m\u0131 qurbanlar\u0131 Z\u0259rdab rayonunda an\u0131ld\u0131 - fotolar - Z\u0259rdab.com","og_description":"31 mart Az\u0259rbaycanl\u0131lar\u0131n soyq\u0131r\u0131m\u0131 g\u00fcn\u00fc il\u0259 \u0259laq\u0259dar olaraq Z\u0259rdab rayonunda silsil\u0259 t\u0259dbirl\u0259r ke\u00e7irilm\u0259kd\u0259dir. Bu g\u00fcnl\u0259rd\u0259 rayonun t\u0259hsil, s\u0259hiyy\u0259 v\u0259 m\u0259d\u0259niyy\u0259t m\u00fc\u0259ssis\u0259l\u0259rind\u0259 Az\u0259rbaycanl\u0131lar\u0131n soyq\u0131r\u0131m\u0131 il\u0259 ba\u011fl\u0131 m\u00fcxt\u0259lif m\u0259d\u0259ni k\u00fctl\u0259vi t\u0259dbirl\u0259r t\u0259\u015fkil olunub. 29 mart 2013-c\u00fc il tarixd\u0259 \u015f\u0259h\u0259rin 1, 2 v\u0259 3 sayl\u0131 k\u00f6rp\u0259l\u0259r evi &#8211; u\u015faq ba\u011f\u00e7alar\u0131n\u0131n u\u015faqlar\u0131, \u015f\u0259h\u0259r 1, 2 v\u0259 3 sayl\u0131 tam [&hellip;]","og_url":"https:\/\/www.zerdab.com\/?p=8457","og_site_name":"Z\u0259rdab.com","article_published_time":"2013-03-29T08:37:26+00:00","article_modified_time":"2013-03-29T08:41:29+00:00","og_image":[{"url":"http:\/\/www.zerdab.com\/wp-content\/uploads\/2013\/03\/Zerdab32-350x232.jpg","type":"","width":"","height":""}],"author":"admin","twitter_card":"summary_large_image","twitter_misc":{"Written by":"admin","Est. reading time":"1 minute"},"schema":{"@context":"https:\/\/schema.org","@graph":[{"@type":"Article","@id":"https:\/\/www.zerdab.com\/?p=8457#article","isPartOf":{"@id":"https:\/\/www.zerdab.com\/?p=8457"},"author":{"name":"admin","@id":"https:\/\/www.zerdab.com\/#\/schema\/person\/97079b7570c1e89ec0d9e138c3672136"},"headline":"Soyq\u0131r\u0131m\u0131 qurbanlar\u0131 Z\u0259rdab rayonunda an\u0131ld\u0131 &#8211; fotolar","datePublished":"2013-03-29T08:37:26+00:00","dateModified":"2013-03-29T08:41:29+00:00","mainEntityOfPage":{"@id":"https:\/\/www.zerdab.com\/?p=8457"},"wordCount":197,"commentCount":0,"image":{"@id":"https:\/\/www.zerdab.com\/?p=8457#primaryimage"},"thumbnailUrl":"http:\/\/www.zerdab.com\/wp-content\/uploads\/2013\/03\/Zerdab32-350x232.jpg","articleSection":["C\u018fM\u0130YY\u018fT"],"inLanguage":"az","potentialAction":[{"@type":"CommentAction","name":"Comment","target":["https:\/\/www.zerdab.com\/?p=8457#respond"]}]},{"@type":"WebPage","@id":"https:\/\/www.zerdab.com\/?p=8457","url":"https:\/\/www.zerdab.com\/?p=8457","name":"Soyq\u0131r\u0131m\u0131 qurbanlar\u0131 Z\u0259rdab rayonunda an\u0131ld\u0131 - fotolar - Z\u0259rdab.com","isPartOf":{"@id":"https:\/\/www.zerdab.com\/#website"},"primaryImageOfPage":{"@id":"https:\/\/www.zerdab.com\/?p=8457#primaryimage"},"image":{"@id":"https:\/\/www.zerdab.com\/?p=8457#primaryimage"},"thumbnailUrl":"http:\/\/www.zerdab.com\/wp-content\/uploads\/2013\/03\/Zerdab32-350x232.jpg","datePublished":"2013-03-29T08:37:26+00:00","dateModified":"2013-03-29T08:41:29+00:00","author":{"@id":"https:\/\/www.zerdab.com\/#\/schema\/person\/97079b7570c1e89ec0d9e138c3672136"},"breadcrumb":{"@id":"https:\/\/www.zerdab.com\/?p=8457#breadcrumb"},"inLanguage":"az","potentialAction":[{"@type":"ReadAction","target":["https:\/\/www.zerdab.com\/?p=8457"]}]},{"@type":"ImageObject","inLanguage":"az","@id":"https:\/\/www.zerdab.com\/?p=8457#primaryimage","url":"","contentUrl":""},{"@type":"BreadcrumbList","@id":"https:\/\/www.zerdab.com\/?p=8457#breadcrumb","itemListElement":[{"@type":"ListItem","position":1,"name":"Home","item":"https:\/\/www.zerdab.com\/"},{"@type":"ListItem","position":2,"name":"Soyq\u0131r\u0131m\u0131 qurbanlar\u0131 Z\u0259rdab rayonunda an\u0131ld\u0131 &#8211; fotolar"}]},{"@type":"WebSite","@id":"https:\/\/www.zerdab.com\/#website","url":"https:\/\/www.zerdab.com\/","name":"Z\u0259rdab.com","description":"","potentialAction":[{"@type":"SearchAction","target":{"@type":"EntryPoint","urlTemplate":"https:\/\/www.zerdab.com\/?s={search_term_string}"},"query-input":{"@type":"PropertyValueSpecification","valueRequired":true,"valueName":"search_term_string"}}],"inLanguage":"az"},{"@type":"Person","@id":"https:\/\/www.zerdab.com\/#\/schema\/person\/97079b7570c1e89ec0d9e138c3672136","name":"admin","image":{"@type":"ImageObject","inLanguage":"az","@id":"https:\/\/www.zerdab.com\/#\/schema\/person\/image\/","url":"https:\/\/secure.gravatar.com\/avatar\/d9c52a9a27c32119cb6679a077fa3e2779e5f822c451cbf01098004361d466ec?s=96&d=mm&r=g","contentUrl":"https:\/\/secure.gravatar.com\/avatar\/d9c52a9a27c32119cb6679a077fa3e2779e5f822c451cbf01098004361d466ec?s=96&d=mm&r=g","caption":"admin"},"url":"https:\/\/www.zerdab.com\/?author=1"}]}},"_links":{"self":[{"href":"https:\/\/www.zerdab.com\/index.php?rest_route=\/wp\/v2\/posts\/8457","targetHints":{"allow":["GET"]}}],"collection":[{"href":"https:\/\/www.zerdab.com\/index.php?rest_route=\/wp\/v2\/posts"}],"about":[{"href":"https:\/\/www.zerdab.com\/index.php?rest_route=\/wp\/v2\/types\/post"}],"author":[{"embeddable":true,"href":"https:\/\/www.zerdab.com\/index.php?rest_route=\/wp\/v2\/users\/1"}],"replies":[{"embeddable":true,"href":"https:\/\/www.zerdab.com\/index.php?rest_route=%2Fwp%2Fv2%2Fcomments&post=8457"}],"version-history":[{"count":6,"href":"https:\/\/www.zerdab.com\/index.php?rest_route=\/wp\/v2\/posts\/8457\/revisions"}],"predecessor-version":[{"id":8472,"href":"https:\/\/www.zerdab.com\/index.php?rest_route=\/wp\/v2\/posts\/8457\/revisions\/8472"}],"wp:attachment":[{"href":"https:\/\/www.zerdab.com\/index.php?rest_route=%2Fwp%2Fv2%2Fmedia&parent=8457"}],"wp:term":[{"taxonomy":"category","embeddable":true,"href":"https:\/\/www.zerdab.com\/index.php?rest_route=%2Fwp%2Fv2%2Fcategories&post=8457"},{"taxonomy":"post_tag","embeddable":true,"href":"https:\/\/www.zerdab.com\/index.php?rest_route=%2Fwp%2Fv2%2Ftags&post=8457"}],"curies":[{"name":"wp","href":"https:\/\/api.w.org\/{rel}","templated":true}]}}