{"id":8482,"date":"2013-03-29T15:59:04","date_gmt":"2013-03-29T11:59:04","guid":{"rendered":"http:\/\/www.zerdab.com\/?p=8482"},"modified":"2013-03-29T16:47:08","modified_gmt":"2013-03-29T12:47:08","slug":"z%c9%99rdabi-muzeyinin-kollektivind%c9%99n-31-mart-soyqirimi-gunu-t%c9%99dbiri","status":"publish","type":"post","link":"https:\/\/www.zerdab.com\/?p=8482","title":{"rendered":"Z\u0259rdabi Muzeyinin kollektivind\u0259n \u201c31 mart \u2013 soyq\u0131r\u0131m\u0131 g\u00fcn\u00fc\u201d t\u0259dbiri"},"content":{"rendered":"<p><strong><img loading=\"lazy\" decoding=\"async\" class=\"aligncenter size-large wp-image-8483\" alt=\"Zerdab-tedbir\" src=\"http:\/\/www.zerdab.com\/wp-content\/uploads\/2013\/03\/Zerdab-tedbir2-1100x730.jpg\" width=\"688\" height=\"456\" \/>Z\u0259rdab rayon m\u0259d\u0259niyy\u0259t v\u0259 turizm \u015f\u00f6b\u0259sind\u0259 H\u0259s\u0259n b\u0259y Z\u0259rdabi muzeyi kollektivinin t\u0259\u015fkilat\u00e7\u0131l\u0131\u011f\u0131 il\u0259 \u201cAz\u0259rbaycan tarixinin qanl\u0131 s\u0259hif\u0259si\u201431 mart soyq\u0131r\u0131m\u0131 g\u00fcn\u00fc\u201d t\u0259dbiri ke\u00e7irildi.<\/strong><\/p>\n<p>\u00d6nc\u0259 i\u015ftirak\u00e7\u0131lar 31 mart soyq\u0131r\u0131m\u0131 qurbanlar\u0131n\u0131n xatir\u0259sini yad etdil\u0259r.<\/p>\n<p>Z\u0259rdabi muzeyinin direktoru V\u0259fa Bayramova erm\u0259nil\u0259rin zaman-zaman xalq\u0131m\u0131za qar\u015f\u0131 t\u00f6r\u0259tdikl\u0259ri soyq\u0131r\u0131m\u0131n tarixind\u0259n dan\u0131\u015fd\u0131.<\/p>\n<p>Muzeyin \u0259m\u0259kda\u015flar\u0131 Tamilla M\u0259mm\u0259dova, Tavad Qurbanova, G\u00fcnay \u015eirinova, R\u0259him\u0259 R\u0259himli az\u0259rbaycanl\u0131lar\u0131n m\u0259ruz qald\u0131\u011f\u0131 soyq\u0131r\u0131m\u0131 hadis\u0259l\u0259rinin ayr\u0131-ayr\u0131 d\u00f6vrl\u0259rini \u015f\u0259rh etdil\u0259r, bu qanl\u0131 genosidin qurbanlar\u0131n\u0131n xatir\u0259sinin h\u0259r zaman ehtiramla yad edilm\u0259sind\u0259n s\u00f6z a\u00e7d\u0131lar.<\/p>\n<p>\u015e\u0259h\u0259r 1 v\u0259 2 sayl\u0131 tam orta m\u0259kt\u0259bl\u0259ri \u015fagirdl\u0259rinin ifas\u0131nda \u0259d\u0259bii-b\u0259dii kompozisiya n\u00fcmayi\u015f etdirildi.<\/p>\n<p>T\u0259dbir i\u015ftirak\u00e7\u0131lar\u0131 \u00e7\u0131x\u0131\u015f ed\u0259r\u0259k xalq\u0131m\u0131za qar\u015f\u0131 soyq\u0131r\u0131m\u0131 t\u00f6r\u0259d\u0259nl\u0259ri l\u0259n\u0259tl\u0259dil\u0259r, genosid qurbanlar\u0131n\u0131n xatir\u0259sinin h\u0259r zaman \u0259ziz tutulmas\u0131ndan raz\u0131l\u0131qla dan\u0131\u015fd\u0131lar, bu faci\u0259l\u0259rin qisas\u0131n\u0131n d\u00fc\u015fm\u0259nd\u0259n m\u00fctl\u0259q al\u0131naca\u011f\u0131na \u0259minlik ifad\u0259 etdil\u0259r.<\/p>\n<p><img loading=\"lazy\" decoding=\"async\" class=\"aligncenter size-large wp-image-8484\" alt=\"Zerdab-tedbir\" src=\"http:\/\/www.zerdab.com\/wp-content\/uploads\/2013\/03\/Zerdab-tedbir-1100x730.jpg\" width=\"688\" height=\"456\" \/><\/p>\n","protected":false},"excerpt":{"rendered":"<p>Z\u0259rdab rayon m\u0259d\u0259niyy\u0259t v\u0259 turizm \u015f\u00f6b\u0259sind\u0259 H\u0259s\u0259n b\u0259y Z\u0259rdabi muzeyi kollektivinin t\u0259\u015fkilat\u00e7\u0131l\u0131\u011f\u0131 il\u0259 \u201cAz\u0259rbaycan tarixinin qanl\u0131 s\u0259hif\u0259si\u201431 mart soyq\u0131r\u0131m\u0131 g\u00fcn\u00fc\u201d t\u0259dbiri ke\u00e7irildi. \u00d6nc\u0259 i\u015ftirak\u00e7\u0131lar 31 mart soyq\u0131r\u0131m\u0131 qurbanlar\u0131n\u0131n xatir\u0259sini yad etdil\u0259r. Z\u0259rdabi muzeyinin direktoru V\u0259fa Bayramova erm\u0259nil\u0259rin zaman-zaman xalq\u0131m\u0131za qar\u015f\u0131 t\u00f6r\u0259tdikl\u0259ri soyq\u0131r\u0131m\u0131n tarixind\u0259n dan\u0131\u015fd\u0131. Muzeyin \u0259m\u0259kda\u015flar\u0131 Tamilla M\u0259mm\u0259dova, Tavad Qurbanova, G\u00fcnay \u015eirinova, R\u0259him\u0259 R\u0259himli az\u0259rbaycanl\u0131lar\u0131n [&hellip;]<\/p>\n","protected":false},"author":1,"featured_media":0,"comment_status":"open","ping_status":"open","sticky":false,"template":"","format":"standard","meta":{"footnotes":""},"categories":[21],"tags":[],"class_list":{"0":"post-8482","1":"post","2":"type-post","3":"status-publish","4":"format-standard","6":"category-zrdab"},"yoast_head":"<!-- This site is optimized with the Yoast SEO plugin v27.0 - https:\/\/yoast.com\/product\/yoast-seo-wordpress\/ -->\n<title>Z\u0259rdabi Muzeyinin kollektivind\u0259n \u201c31 mart \u2013 soyq\u0131r\u0131m\u0131 g\u00fcn\u00fc\u201d t\u0259dbiri - Z\u0259rdab.com<\/title>\n<meta name=\"robots\" content=\"index, follow, max-snippet:-1, max-image-preview:large, max-video-preview:-1\" \/>\n<link rel=\"canonical\" href=\"https:\/\/www.zerdab.com\/?p=8482\" \/>\n<meta property=\"og:locale\" content=\"az_AZ\" \/>\n<meta property=\"og:type\" content=\"article\" \/>\n<meta property=\"og:title\" content=\"Z\u0259rdabi Muzeyinin kollektivind\u0259n \u201c31 mart \u2013 soyq\u0131r\u0131m\u0131 g\u00fcn\u00fc\u201d t\u0259dbiri - Z\u0259rdab.com\" \/>\n<meta property=\"og:description\" content=\"Z\u0259rdab rayon m\u0259d\u0259niyy\u0259t v\u0259 turizm \u015f\u00f6b\u0259sind\u0259 H\u0259s\u0259n b\u0259y Z\u0259rdabi muzeyi kollektivinin t\u0259\u015fkilat\u00e7\u0131l\u0131\u011f\u0131 il\u0259 \u201cAz\u0259rbaycan tarixinin qanl\u0131 s\u0259hif\u0259si\u201431 mart soyq\u0131r\u0131m\u0131 g\u00fcn\u00fc\u201d t\u0259dbiri ke\u00e7irildi. \u00d6nc\u0259 i\u015ftirak\u00e7\u0131lar 31 mart soyq\u0131r\u0131m\u0131 qurbanlar\u0131n\u0131n xatir\u0259sini yad etdil\u0259r. Z\u0259rdabi muzeyinin direktoru V\u0259fa Bayramova erm\u0259nil\u0259rin zaman-zaman xalq\u0131m\u0131za qar\u015f\u0131 t\u00f6r\u0259tdikl\u0259ri soyq\u0131r\u0131m\u0131n tarixind\u0259n dan\u0131\u015fd\u0131. Muzeyin \u0259m\u0259kda\u015flar\u0131 Tamilla M\u0259mm\u0259dova, Tavad Qurbanova, G\u00fcnay \u015eirinova, R\u0259him\u0259 R\u0259himli az\u0259rbaycanl\u0131lar\u0131n [&hellip;]\" \/>\n<meta property=\"og:url\" content=\"https:\/\/www.zerdab.com\/?p=8482\" \/>\n<meta property=\"og:site_name\" content=\"Z\u0259rdab.com\" \/>\n<meta property=\"article:published_time\" content=\"2013-03-29T11:59:04+00:00\" \/>\n<meta property=\"article:modified_time\" content=\"2013-03-29T12:47:08+00:00\" \/>\n<meta property=\"og:image\" content=\"http:\/\/www.zerdab.com\/wp-content\/uploads\/2013\/03\/Zerdab-tedbir2-1100x730.jpg\" \/>\n<meta name=\"author\" content=\"admin\" \/>\n<meta name=\"twitter:card\" content=\"summary_large_image\" \/>\n<meta name=\"twitter:label1\" content=\"Written by\" \/>\n\t<meta name=\"twitter:data1\" content=\"admin\" \/>\n\t<meta name=\"twitter:label2\" content=\"Est. reading time\" \/>\n\t<meta name=\"twitter:data2\" content=\"1 minute\" \/>\n<script type=\"application\/ld+json\" class=\"yoast-schema-graph\">{\"@context\":\"https:\/\/schema.org\",\"@graph\":[{\"@type\":\"Article\",\"@id\":\"https:\/\/www.zerdab.com\/?p=8482#article\",\"isPartOf\":{\"@id\":\"https:\/\/www.zerdab.com\/?p=8482\"},\"author\":{\"name\":\"admin\",\"@id\":\"https:\/\/www.zerdab.com\/#\/schema\/person\/97079b7570c1e89ec0d9e138c3672136\"},\"headline\":\"Z\u0259rdabi Muzeyinin kollektivind\u0259n \u201c31 mart \u2013 soyq\u0131r\u0131m\u0131 g\u00fcn\u00fc\u201d t\u0259dbiri\",\"datePublished\":\"2013-03-29T11:59:04+00:00\",\"dateModified\":\"2013-03-29T12:47:08+00:00\",\"mainEntityOfPage\":{\"@id\":\"https:\/\/www.zerdab.com\/?p=8482\"},\"wordCount\":242,\"commentCount\":0,\"image\":{\"@id\":\"https:\/\/www.zerdab.com\/?p=8482#primaryimage\"},\"thumbnailUrl\":\"http:\/\/www.zerdab.com\/wp-content\/uploads\/2013\/03\/Zerdab-tedbir2-1100x730.jpg\",\"articleSection\":[\"C\u018fM\u0130YY\u018fT\"],\"inLanguage\":\"az\",\"potentialAction\":[{\"@type\":\"CommentAction\",\"name\":\"Comment\",\"target\":[\"https:\/\/www.zerdab.com\/?p=8482#respond\"]}]},{\"@type\":\"WebPage\",\"@id\":\"https:\/\/www.zerdab.com\/?p=8482\",\"url\":\"https:\/\/www.zerdab.com\/?p=8482\",\"name\":\"Z\u0259rdabi Muzeyinin kollektivind\u0259n \u201c31 mart \u2013 soyq\u0131r\u0131m\u0131 g\u00fcn\u00fc\u201d t\u0259dbiri - Z\u0259rdab.com\",\"isPartOf\":{\"@id\":\"https:\/\/www.zerdab.com\/#website\"},\"primaryImageOfPage\":{\"@id\":\"https:\/\/www.zerdab.com\/?p=8482#primaryimage\"},\"image\":{\"@id\":\"https:\/\/www.zerdab.com\/?p=8482#primaryimage\"},\"thumbnailUrl\":\"http:\/\/www.zerdab.com\/wp-content\/uploads\/2013\/03\/Zerdab-tedbir2-1100x730.jpg\",\"datePublished\":\"2013-03-29T11:59:04+00:00\",\"dateModified\":\"2013-03-29T12:47:08+00:00\",\"author\":{\"@id\":\"https:\/\/www.zerdab.com\/#\/schema\/person\/97079b7570c1e89ec0d9e138c3672136\"},\"breadcrumb\":{\"@id\":\"https:\/\/www.zerdab.com\/?p=8482#breadcrumb\"},\"inLanguage\":\"az\",\"potentialAction\":[{\"@type\":\"ReadAction\",\"target\":[\"https:\/\/www.zerdab.com\/?p=8482\"]}]},{\"@type\":\"ImageObject\",\"inLanguage\":\"az\",\"@id\":\"https:\/\/www.zerdab.com\/?p=8482#primaryimage\",\"url\":\"\",\"contentUrl\":\"\"},{\"@type\":\"BreadcrumbList\",\"@id\":\"https:\/\/www.zerdab.com\/?p=8482#breadcrumb\",\"itemListElement\":[{\"@type\":\"ListItem\",\"position\":1,\"name\":\"Home\",\"item\":\"https:\/\/www.zerdab.com\/\"},{\"@type\":\"ListItem\",\"position\":2,\"name\":\"Z\u0259rdabi Muzeyinin kollektivind\u0259n \u201c31 mart \u2013 soyq\u0131r\u0131m\u0131 g\u00fcn\u00fc\u201d t\u0259dbiri\"}]},{\"@type\":\"WebSite\",\"@id\":\"https:\/\/www.zerdab.com\/#website\",\"url\":\"https:\/\/www.zerdab.com\/\",\"name\":\"Z\u0259rdab.com\",\"description\":\"\",\"potentialAction\":[{\"@type\":\"SearchAction\",\"target\":{\"@type\":\"EntryPoint\",\"urlTemplate\":\"https:\/\/www.zerdab.com\/?s={search_term_string}\"},\"query-input\":{\"@type\":\"PropertyValueSpecification\",\"valueRequired\":true,\"valueName\":\"search_term_string\"}}],\"inLanguage\":\"az\"},{\"@type\":\"Person\",\"@id\":\"https:\/\/www.zerdab.com\/#\/schema\/person\/97079b7570c1e89ec0d9e138c3672136\",\"name\":\"admin\",\"image\":{\"@type\":\"ImageObject\",\"inLanguage\":\"az\",\"@id\":\"https:\/\/www.zerdab.com\/#\/schema\/person\/image\/\",\"url\":\"https:\/\/secure.gravatar.com\/avatar\/d9c52a9a27c32119cb6679a077fa3e2779e5f822c451cbf01098004361d466ec?s=96&d=mm&r=g\",\"contentUrl\":\"https:\/\/secure.gravatar.com\/avatar\/d9c52a9a27c32119cb6679a077fa3e2779e5f822c451cbf01098004361d466ec?s=96&d=mm&r=g\",\"caption\":\"admin\"},\"url\":\"https:\/\/www.zerdab.com\/?author=1\"}]}<\/script>\n<!-- \/ Yoast SEO plugin. -->","yoast_head_json":{"title":"Z\u0259rdabi Muzeyinin kollektivind\u0259n \u201c31 mart \u2013 soyq\u0131r\u0131m\u0131 g\u00fcn\u00fc\u201d t\u0259dbiri - Z\u0259rdab.com","robots":{"index":"index","follow":"follow","max-snippet":"max-snippet:-1","max-image-preview":"max-image-preview:large","max-video-preview":"max-video-preview:-1"},"canonical":"https:\/\/www.zerdab.com\/?p=8482","og_locale":"az_AZ","og_type":"article","og_title":"Z\u0259rdabi Muzeyinin kollektivind\u0259n \u201c31 mart \u2013 soyq\u0131r\u0131m\u0131 g\u00fcn\u00fc\u201d t\u0259dbiri - Z\u0259rdab.com","og_description":"Z\u0259rdab rayon m\u0259d\u0259niyy\u0259t v\u0259 turizm \u015f\u00f6b\u0259sind\u0259 H\u0259s\u0259n b\u0259y Z\u0259rdabi muzeyi kollektivinin t\u0259\u015fkilat\u00e7\u0131l\u0131\u011f\u0131 il\u0259 \u201cAz\u0259rbaycan tarixinin qanl\u0131 s\u0259hif\u0259si\u201431 mart soyq\u0131r\u0131m\u0131 g\u00fcn\u00fc\u201d t\u0259dbiri ke\u00e7irildi. \u00d6nc\u0259 i\u015ftirak\u00e7\u0131lar 31 mart soyq\u0131r\u0131m\u0131 qurbanlar\u0131n\u0131n xatir\u0259sini yad etdil\u0259r. Z\u0259rdabi muzeyinin direktoru V\u0259fa Bayramova erm\u0259nil\u0259rin zaman-zaman xalq\u0131m\u0131za qar\u015f\u0131 t\u00f6r\u0259tdikl\u0259ri soyq\u0131r\u0131m\u0131n tarixind\u0259n dan\u0131\u015fd\u0131. Muzeyin \u0259m\u0259kda\u015flar\u0131 Tamilla M\u0259mm\u0259dova, Tavad Qurbanova, G\u00fcnay \u015eirinova, R\u0259him\u0259 R\u0259himli az\u0259rbaycanl\u0131lar\u0131n [&hellip;]","og_url":"https:\/\/www.zerdab.com\/?p=8482","og_site_name":"Z\u0259rdab.com","article_published_time":"2013-03-29T11:59:04+00:00","article_modified_time":"2013-03-29T12:47:08+00:00","og_image":[{"url":"http:\/\/www.zerdab.com\/wp-content\/uploads\/2013\/03\/Zerdab-tedbir2-1100x730.jpg","type":"","width":"","height":""}],"author":"admin","twitter_card":"summary_large_image","twitter_misc":{"Written by":"admin","Est. reading time":"1 minute"},"schema":{"@context":"https:\/\/schema.org","@graph":[{"@type":"Article","@id":"https:\/\/www.zerdab.com\/?p=8482#article","isPartOf":{"@id":"https:\/\/www.zerdab.com\/?p=8482"},"author":{"name":"admin","@id":"https:\/\/www.zerdab.com\/#\/schema\/person\/97079b7570c1e89ec0d9e138c3672136"},"headline":"Z\u0259rdabi Muzeyinin kollektivind\u0259n \u201c31 mart \u2013 soyq\u0131r\u0131m\u0131 g\u00fcn\u00fc\u201d t\u0259dbiri","datePublished":"2013-03-29T11:59:04+00:00","dateModified":"2013-03-29T12:47:08+00:00","mainEntityOfPage":{"@id":"https:\/\/www.zerdab.com\/?p=8482"},"wordCount":242,"commentCount":0,"image":{"@id":"https:\/\/www.zerdab.com\/?p=8482#primaryimage"},"thumbnailUrl":"http:\/\/www.zerdab.com\/wp-content\/uploads\/2013\/03\/Zerdab-tedbir2-1100x730.jpg","articleSection":["C\u018fM\u0130YY\u018fT"],"inLanguage":"az","potentialAction":[{"@type":"CommentAction","name":"Comment","target":["https:\/\/www.zerdab.com\/?p=8482#respond"]}]},{"@type":"WebPage","@id":"https:\/\/www.zerdab.com\/?p=8482","url":"https:\/\/www.zerdab.com\/?p=8482","name":"Z\u0259rdabi Muzeyinin kollektivind\u0259n \u201c31 mart \u2013 soyq\u0131r\u0131m\u0131 g\u00fcn\u00fc\u201d t\u0259dbiri - Z\u0259rdab.com","isPartOf":{"@id":"https:\/\/www.zerdab.com\/#website"},"primaryImageOfPage":{"@id":"https:\/\/www.zerdab.com\/?p=8482#primaryimage"},"image":{"@id":"https:\/\/www.zerdab.com\/?p=8482#primaryimage"},"thumbnailUrl":"http:\/\/www.zerdab.com\/wp-content\/uploads\/2013\/03\/Zerdab-tedbir2-1100x730.jpg","datePublished":"2013-03-29T11:59:04+00:00","dateModified":"2013-03-29T12:47:08+00:00","author":{"@id":"https:\/\/www.zerdab.com\/#\/schema\/person\/97079b7570c1e89ec0d9e138c3672136"},"breadcrumb":{"@id":"https:\/\/www.zerdab.com\/?p=8482#breadcrumb"},"inLanguage":"az","potentialAction":[{"@type":"ReadAction","target":["https:\/\/www.zerdab.com\/?p=8482"]}]},{"@type":"ImageObject","inLanguage":"az","@id":"https:\/\/www.zerdab.com\/?p=8482#primaryimage","url":"","contentUrl":""},{"@type":"BreadcrumbList","@id":"https:\/\/www.zerdab.com\/?p=8482#breadcrumb","itemListElement":[{"@type":"ListItem","position":1,"name":"Home","item":"https:\/\/www.zerdab.com\/"},{"@type":"ListItem","position":2,"name":"Z\u0259rdabi Muzeyinin kollektivind\u0259n \u201c31 mart \u2013 soyq\u0131r\u0131m\u0131 g\u00fcn\u00fc\u201d t\u0259dbiri"}]},{"@type":"WebSite","@id":"https:\/\/www.zerdab.com\/#website","url":"https:\/\/www.zerdab.com\/","name":"Z\u0259rdab.com","description":"","potentialAction":[{"@type":"SearchAction","target":{"@type":"EntryPoint","urlTemplate":"https:\/\/www.zerdab.com\/?s={search_term_string}"},"query-input":{"@type":"PropertyValueSpecification","valueRequired":true,"valueName":"search_term_string"}}],"inLanguage":"az"},{"@type":"Person","@id":"https:\/\/www.zerdab.com\/#\/schema\/person\/97079b7570c1e89ec0d9e138c3672136","name":"admin","image":{"@type":"ImageObject","inLanguage":"az","@id":"https:\/\/www.zerdab.com\/#\/schema\/person\/image\/","url":"https:\/\/secure.gravatar.com\/avatar\/d9c52a9a27c32119cb6679a077fa3e2779e5f822c451cbf01098004361d466ec?s=96&d=mm&r=g","contentUrl":"https:\/\/secure.gravatar.com\/avatar\/d9c52a9a27c32119cb6679a077fa3e2779e5f822c451cbf01098004361d466ec?s=96&d=mm&r=g","caption":"admin"},"url":"https:\/\/www.zerdab.com\/?author=1"}]}},"_links":{"self":[{"href":"https:\/\/www.zerdab.com\/index.php?rest_route=\/wp\/v2\/posts\/8482","targetHints":{"allow":["GET"]}}],"collection":[{"href":"https:\/\/www.zerdab.com\/index.php?rest_route=\/wp\/v2\/posts"}],"about":[{"href":"https:\/\/www.zerdab.com\/index.php?rest_route=\/wp\/v2\/types\/post"}],"author":[{"embeddable":true,"href":"https:\/\/www.zerdab.com\/index.php?rest_route=\/wp\/v2\/users\/1"}],"replies":[{"embeddable":true,"href":"https:\/\/www.zerdab.com\/index.php?rest_route=%2Fwp%2Fv2%2Fcomments&post=8482"}],"version-history":[{"count":2,"href":"https:\/\/www.zerdab.com\/index.php?rest_route=\/wp\/v2\/posts\/8482\/revisions"}],"predecessor-version":[{"id":8486,"href":"https:\/\/www.zerdab.com\/index.php?rest_route=\/wp\/v2\/posts\/8482\/revisions\/8486"}],"wp:attachment":[{"href":"https:\/\/www.zerdab.com\/index.php?rest_route=%2Fwp%2Fv2%2Fmedia&parent=8482"}],"wp:term":[{"taxonomy":"category","embeddable":true,"href":"https:\/\/www.zerdab.com\/index.php?rest_route=%2Fwp%2Fv2%2Fcategories&post=8482"},{"taxonomy":"post_tag","embeddable":true,"href":"https:\/\/www.zerdab.com\/index.php?rest_route=%2Fwp%2Fv2%2Ftags&post=8482"}],"curies":[{"name":"wp","href":"https:\/\/api.w.org\/{rel}","templated":true}]}}