{"id":8487,"date":"2013-03-29T16:16:19","date_gmt":"2013-03-29T12:16:19","guid":{"rendered":"http:\/\/www.zerdab.com\/?p=8487"},"modified":"2013-03-29T23:15:14","modified_gmt":"2013-03-29T19:15:14","slug":"z%c9%99rdabda-az%c9%99rbaycanlilarin-soyqirimi-gunu-il%c9%99-bagli-t%c9%99dbirl%c9%99r-fotolar","status":"publish","type":"post","link":"https:\/\/www.zerdab.com\/?p=8487","title":{"rendered":"Z\u0259rdabda Az\u0259rbaycanl\u0131lar\u0131n Soyq\u0131r\u0131m\u0131 G\u00fcn\u00fc il\u0259 ba\u011fl\u0131 t\u0259dbirl\u0259r &#8211; fotolar"},"content":{"rendered":"<p><img loading=\"lazy\" decoding=\"async\" class=\"aligncenter size-large wp-image-8489\" alt=\"Z\u0259rdab \u015f\u0259h\u0259r 2 sayl\u0131 tam orta m\u0259kt\u0259bi\" src=\"http:\/\/www.zerdab.com\/wp-content\/uploads\/2013\/03\/\u015f\u0259h\u0259r-2-sayl\u0131-tam-orta-m\u0259kt\u0259b-1100x825.jpg\" width=\"688\" height=\"516\" \/><span style=\"color: #000000;\"><strong>29 mart 2013-c\u00fc il tarixd\u0259 Z\u0259rdab \u015f\u0259h\u0259r 2 sayl\u0131 tam orta m\u0259kt\u0259bind\u0259 31 mart\u00a0Az\u0259rbaycanl\u0131lar\u0131n Soyq\u0131r\u0131m\u0131 G\u00fcn\u00fc qeyd edilib. Z\u0259rdab Rayon \u0130HB Aparat\u0131n\u0131n informasiya t\u0259minat\u0131 v\u0259 t\u0259hlil sektorundan sayt\u0131m\u0131za veril\u0259n m\u0259lumatda qeyd olunur ki, t\u0259dbiri giri\u015f s\u00f6z\u00fc il\u0259 m\u0259kt\u0259bin direktoru Ramo Hac\u0131yev a\u00e7araq qeyd edib ki, 1998-ci ild\u0259n 31 mart Az\u0259rbaycan Respublikas\u0131nda d\u00f6vl\u0259t s\u0259viyy\u0259sind\u0259 Az\u0259rbaycanl\u0131lar\u0131n soyq\u0131r\u0131m\u0131 g\u00fcn\u00fc kimi qeyd edilir.<\/strong> <\/span>Az\u0259rbaycanl\u0131lar\u0131n k\u00fctl\u0259vi sur\u0259td\u0259 q\u0131r\u011f\u0131n\u0131, repressiyalara m\u0259ruz qalmas\u0131, do\u011fma yurdlar\u0131ndan s\u00fcrg\u00fcn edilm\u0259si v\u0259 did\u0259rgin sal\u0131nmas\u0131 XX \u0259sr tarixinin \u0259n faci\u0259li v\u0259 d\u0259h\u015f\u0259tli s\u0259hif\u0259l\u0259rind\u0259ndir.<\/p>\n<p>Soyq\u0131r\u0131m\u0131 qurbanlar\u0131n\u0131n xatir\u0259si bir d\u0259qiq\u0259lik s\u00fckutla yad edilib. T\u0259dbird\u0259 m\u0259kt\u0259bin t\u0259dris i\u015fl\u0259ri \u00fczr\u0259 direktor m\u00fcavini, tarix\u00e7i Kamil\u0259 Y\u0259hyayeva geni\u015f m\u0259ruz\u0259 il\u0259 \u00e7\u0131x\u0131\u015f ed\u0259r\u0259k bildirib ki, 1918-ci ild\u0259 erm\u0259nil\u0259r Bak\u0131 quberniyas\u0131n\u0131n Bak\u0131, \u015eamax\u0131 Quba \u015f\u0259h\u0259ri, G\u00f6y\u00e7ay q\u0259zas\u0131nda, Qaraba\u011fda, Z\u0259ng\u0259zurda, \u0130r\u0259vanda v\u0259 Nax\u00e7\u0131vanda az\u0259rbaycanl\u0131lara qar\u015f\u0131 talanlar, yan\u011f\u0131nlar, terror v\u0259 dig\u0259r zorak\u0131l\u0131q aktlar\u0131 h\u0259yata ke\u00e7iribl\u0259r. Erm\u0259nil\u0259rin t\u00f6r\u0259tdiyi soyq\u0131r\u0131m\u0131 n\u0259tic\u0259sind\u0259 on minl\u0259rl\u0259 dinc az\u0259rbaycanl\u0131 \u0259hali &#8211; qad\u0131n, u\u015faq, qoca yaln\u0131z milli m\u0259nsubiyy\u0259tl\u0259rin\u0259 g\u00f6r\u0259 v\u0259h\u015fic\u0259sin\u0259 q\u0259tl\u0259 yetirilib, ya\u015fay\u0131\u015f yerl\u0259ri yand\u0131r\u0131l\u0131b, talan edilib, milli m\u0259d\u0259niyy\u0259t abid\u0259l\u0259rimiz, dini ibad\u0259t yerl\u0259ri da\u011f\u0131d\u0131l\u0131b.<\/p>\n<p>Daha sonra t\u0259dbir i\u015ftirak\u00e7\u0131lar\u0131 31 mart Az\u0259rbaycanl\u0131lar\u0131n soyq\u0131r\u0131m\u0131 il\u0259 ba\u011fl\u0131 video-\u00e7arxa baxm\u0131\u015flar.<\/p>\n<p><span style=\"color: #000000;\"><strong>M\u018fRK\u018fZ\u0130 K\u0130TABXANADA SOYQIRIMI QURBANLARI YAD ED\u0130LD\u0130L\u018fR<\/strong><\/span><\/p>\n<p><strong>31 mart\u00a0Az\u0259rbaycanl\u0131lar\u0131n Soyq\u0131r\u0131m\u0131 G\u00fcn\u00fc il\u0259 \u0259laq\u0259dar Z\u0259rdab rayon M\u0259rk\u0259zi Kitabxanas\u0131nda \u201cTarixin qan yadda\u015f\u0131\u201d adl\u0131 kompozisiya ke\u00e7irilib. www.zerdab.com-a veril\u0259n m\u0259lumata g\u00f6r\u0259, t\u0259dbiri giri\u015f s\u00f6z\u00fc il\u0259 M\u0259rk\u0259zl\u0259\u015fdirilmi\u015f Kitabxana Sisteminin direktoru G\u00fclnar M\u0259h\u0259rr\u0259mova a\u00e7\u0131b.<\/strong> Soyq\u0131r\u0131m\u0131 qurbanlar\u0131n\u0131n xatir\u0259si bir d\u0259qiq\u0259lik s\u00fckutla yad edilib. T\u0259dbird\u0259 \u015f\u0259h\u0259r 3 sayl\u0131 tam orta m\u0259kt\u0259bin m\u00fc\u0259llim v\u0259 \u015fagirdl\u0259ri f\u0259al i\u015ftirak edibl\u0259r.<\/p>\n<p>T\u0259dbir i\u015ftirak\u00e7\u0131lar\u0131 \u015f\u0259h\u0259r 3 sayl\u0131 tam orta m\u0259kt\u0259binin 7-ci v\u0259 8-ci sinif \u015fagirdl\u0259rinin 31 mart Az\u0259rbaycanl\u0131lar\u0131n soyq\u0131r\u0131m\u0131 qurbanlar\u0131n\u0131n \u0259ziz xatir\u0259sin\u0259 haz\u0131rlad\u0131qlar\u0131 kompozisiyan\u0131 izl\u0259yibl\u0259r. M\u0259rk\u0259zi kitabxanan\u0131n \u0259m\u0259kda\u015flar\u0131 M. S\u0259f\u0259r\u0259liyeva, G. Qas\u0131mova, G. M\u0259mm\u0259dova, R. Qas\u0131mova v\u0259 ba\u015fqalar\u0131 31 mart soyq\u0131r\u0131m\u0131 il\u0259 ba\u011fl\u0131 \u00f6z fikirl\u0259rini s\u00f6yl\u0259yibl\u0259r.<\/p>\n<p>T\u0259dbirin sonunda i\u015ftirak\u00e7\u0131lar \u201cTorpa\u011f\u0131 V\u0259t\u0259n eyl\u0259y\u0259n o\u011fullar\u201d, \u201cAz\u0259rbaycan \u2013 d\u00fcnyam m\u0259nim\u201d adl\u0131 s\u0259rgil\u0259rin qar\u015f\u0131s\u0131nda xatir\u0259 \u015f\u0259kill\u0259ri \u00e7\u0259kdiribl\u0259r.<\/p>\n<p><img loading=\"lazy\" decoding=\"async\" class=\"aligncenter size-full wp-image-8488\" alt=\"Z\u0259rdab rayon M\u0259rk\u0259zi Kitabxana\" src=\"http:\/\/www.zerdab.com\/wp-content\/uploads\/2013\/03\/Z\u0259rdab-rayon-M\u0259rk\u0259zi-Kitabxana.jpg\" width=\"845\" height=\"552\" \/><\/p>\n","protected":false},"excerpt":{"rendered":"<p>29 mart 2013-c\u00fc il tarixd\u0259 Z\u0259rdab \u015f\u0259h\u0259r 2 sayl\u0131 tam orta m\u0259kt\u0259bind\u0259 31 mart\u00a0Az\u0259rbaycanl\u0131lar\u0131n Soyq\u0131r\u0131m\u0131 G\u00fcn\u00fc qeyd edilib. Z\u0259rdab Rayon \u0130HB Aparat\u0131n\u0131n informasiya t\u0259minat\u0131 v\u0259 t\u0259hlil sektorundan sayt\u0131m\u0131za veril\u0259n m\u0259lumatda qeyd olunur ki, t\u0259dbiri giri\u015f s\u00f6z\u00fc il\u0259 m\u0259kt\u0259bin direktoru Ramo Hac\u0131yev a\u00e7araq qeyd edib ki, 1998-ci ild\u0259n 31 mart Az\u0259rbaycan Respublikas\u0131nda d\u00f6vl\u0259t s\u0259viyy\u0259sind\u0259 Az\u0259rbaycanl\u0131lar\u0131n soyq\u0131r\u0131m\u0131 [&hellip;]<\/p>\n","protected":false},"author":1,"featured_media":0,"comment_status":"open","ping_status":"open","sticky":false,"template":"","format":"standard","meta":{"footnotes":""},"categories":[21],"tags":[],"class_list":{"0":"post-8487","1":"post","2":"type-post","3":"status-publish","4":"format-standard","6":"category-zrdab"},"yoast_head":"<!-- This site is optimized with the Yoast SEO plugin v27.0 - https:\/\/yoast.com\/product\/yoast-seo-wordpress\/ -->\n<title>Z\u0259rdabda Az\u0259rbaycanl\u0131lar\u0131n Soyq\u0131r\u0131m\u0131 G\u00fcn\u00fc il\u0259 ba\u011fl\u0131 t\u0259dbirl\u0259r - fotolar - Z\u0259rdab.com<\/title>\n<meta name=\"robots\" content=\"index, follow, max-snippet:-1, max-image-preview:large, max-video-preview:-1\" \/>\n<link rel=\"canonical\" href=\"https:\/\/www.zerdab.com\/?p=8487\" \/>\n<meta property=\"og:locale\" content=\"az_AZ\" \/>\n<meta property=\"og:type\" content=\"article\" \/>\n<meta property=\"og:title\" content=\"Z\u0259rdabda Az\u0259rbaycanl\u0131lar\u0131n Soyq\u0131r\u0131m\u0131 G\u00fcn\u00fc il\u0259 ba\u011fl\u0131 t\u0259dbirl\u0259r - fotolar - Z\u0259rdab.com\" \/>\n<meta property=\"og:description\" content=\"29 mart 2013-c\u00fc il tarixd\u0259 Z\u0259rdab \u015f\u0259h\u0259r 2 sayl\u0131 tam orta m\u0259kt\u0259bind\u0259 31 mart\u00a0Az\u0259rbaycanl\u0131lar\u0131n Soyq\u0131r\u0131m\u0131 G\u00fcn\u00fc qeyd edilib. Z\u0259rdab Rayon \u0130HB Aparat\u0131n\u0131n informasiya t\u0259minat\u0131 v\u0259 t\u0259hlil sektorundan sayt\u0131m\u0131za veril\u0259n m\u0259lumatda qeyd olunur ki, t\u0259dbiri giri\u015f s\u00f6z\u00fc il\u0259 m\u0259kt\u0259bin direktoru Ramo Hac\u0131yev a\u00e7araq qeyd edib ki, 1998-ci ild\u0259n 31 mart Az\u0259rbaycan Respublikas\u0131nda d\u00f6vl\u0259t s\u0259viyy\u0259sind\u0259 Az\u0259rbaycanl\u0131lar\u0131n soyq\u0131r\u0131m\u0131 [&hellip;]\" \/>\n<meta property=\"og:url\" content=\"https:\/\/www.zerdab.com\/?p=8487\" \/>\n<meta property=\"og:site_name\" content=\"Z\u0259rdab.com\" \/>\n<meta property=\"article:published_time\" content=\"2013-03-29T12:16:19+00:00\" \/>\n<meta property=\"article:modified_time\" content=\"2013-03-29T19:15:14+00:00\" \/>\n<meta name=\"author\" content=\"admin\" \/>\n<meta name=\"twitter:card\" content=\"summary_large_image\" \/>\n<meta name=\"twitter:label1\" content=\"Written by\" \/>\n\t<meta name=\"twitter:data1\" content=\"admin\" \/>\n\t<meta name=\"twitter:label2\" content=\"Est. reading time\" \/>\n\t<meta name=\"twitter:data2\" content=\"3 minutes\" \/>\n<script type=\"application\/ld+json\" class=\"yoast-schema-graph\">{\"@context\":\"https:\/\/schema.org\",\"@graph\":[{\"@type\":\"Article\",\"@id\":\"https:\/\/www.zerdab.com\/?p=8487#article\",\"isPartOf\":{\"@id\":\"https:\/\/www.zerdab.com\/?p=8487\"},\"author\":{\"name\":\"admin\",\"@id\":\"https:\/\/www.zerdab.com\/#\/schema\/person\/97079b7570c1e89ec0d9e138c3672136\"},\"headline\":\"Z\u0259rdabda Az\u0259rbaycanl\u0131lar\u0131n Soyq\u0131r\u0131m\u0131 G\u00fcn\u00fc il\u0259 ba\u011fl\u0131 t\u0259dbirl\u0259r &#8211; fotolar\",\"datePublished\":\"2013-03-29T12:16:19+00:00\",\"dateModified\":\"2013-03-29T19:15:14+00:00\",\"mainEntityOfPage\":{\"@id\":\"https:\/\/www.zerdab.com\/?p=8487\"},\"wordCount\":563,\"commentCount\":0,\"articleSection\":[\"C\u018fM\u0130YY\u018fT\"],\"inLanguage\":\"az\",\"potentialAction\":[{\"@type\":\"CommentAction\",\"name\":\"Comment\",\"target\":[\"https:\/\/www.zerdab.com\/?p=8487#respond\"]}]},{\"@type\":\"WebPage\",\"@id\":\"https:\/\/www.zerdab.com\/?p=8487\",\"url\":\"https:\/\/www.zerdab.com\/?p=8487\",\"name\":\"Z\u0259rdabda Az\u0259rbaycanl\u0131lar\u0131n Soyq\u0131r\u0131m\u0131 G\u00fcn\u00fc il\u0259 ba\u011fl\u0131 t\u0259dbirl\u0259r - fotolar - Z\u0259rdab.com\",\"isPartOf\":{\"@id\":\"https:\/\/www.zerdab.com\/#website\"},\"datePublished\":\"2013-03-29T12:16:19+00:00\",\"dateModified\":\"2013-03-29T19:15:14+00:00\",\"author\":{\"@id\":\"https:\/\/www.zerdab.com\/#\/schema\/person\/97079b7570c1e89ec0d9e138c3672136\"},\"breadcrumb\":{\"@id\":\"https:\/\/www.zerdab.com\/?p=8487#breadcrumb\"},\"inLanguage\":\"az\",\"potentialAction\":[{\"@type\":\"ReadAction\",\"target\":[\"https:\/\/www.zerdab.com\/?p=8487\"]}]},{\"@type\":\"BreadcrumbList\",\"@id\":\"https:\/\/www.zerdab.com\/?p=8487#breadcrumb\",\"itemListElement\":[{\"@type\":\"ListItem\",\"position\":1,\"name\":\"Home\",\"item\":\"https:\/\/www.zerdab.com\/\"},{\"@type\":\"ListItem\",\"position\":2,\"name\":\"Z\u0259rdabda Az\u0259rbaycanl\u0131lar\u0131n Soyq\u0131r\u0131m\u0131 G\u00fcn\u00fc il\u0259 ba\u011fl\u0131 t\u0259dbirl\u0259r &#8211; fotolar\"}]},{\"@type\":\"WebSite\",\"@id\":\"https:\/\/www.zerdab.com\/#website\",\"url\":\"https:\/\/www.zerdab.com\/\",\"name\":\"Z\u0259rdab.com\",\"description\":\"\",\"potentialAction\":[{\"@type\":\"SearchAction\",\"target\":{\"@type\":\"EntryPoint\",\"urlTemplate\":\"https:\/\/www.zerdab.com\/?s={search_term_string}\"},\"query-input\":{\"@type\":\"PropertyValueSpecification\",\"valueRequired\":true,\"valueName\":\"search_term_string\"}}],\"inLanguage\":\"az\"},{\"@type\":\"Person\",\"@id\":\"https:\/\/www.zerdab.com\/#\/schema\/person\/97079b7570c1e89ec0d9e138c3672136\",\"name\":\"admin\",\"image\":{\"@type\":\"ImageObject\",\"inLanguage\":\"az\",\"@id\":\"https:\/\/www.zerdab.com\/#\/schema\/person\/image\/\",\"url\":\"https:\/\/secure.gravatar.com\/avatar\/d9c52a9a27c32119cb6679a077fa3e2779e5f822c451cbf01098004361d466ec?s=96&d=mm&r=g\",\"contentUrl\":\"https:\/\/secure.gravatar.com\/avatar\/d9c52a9a27c32119cb6679a077fa3e2779e5f822c451cbf01098004361d466ec?s=96&d=mm&r=g\",\"caption\":\"admin\"},\"url\":\"https:\/\/www.zerdab.com\/?author=1\"}]}<\/script>\n<!-- \/ Yoast SEO plugin. -->","yoast_head_json":{"title":"Z\u0259rdabda Az\u0259rbaycanl\u0131lar\u0131n Soyq\u0131r\u0131m\u0131 G\u00fcn\u00fc il\u0259 ba\u011fl\u0131 t\u0259dbirl\u0259r - fotolar - Z\u0259rdab.com","robots":{"index":"index","follow":"follow","max-snippet":"max-snippet:-1","max-image-preview":"max-image-preview:large","max-video-preview":"max-video-preview:-1"},"canonical":"https:\/\/www.zerdab.com\/?p=8487","og_locale":"az_AZ","og_type":"article","og_title":"Z\u0259rdabda Az\u0259rbaycanl\u0131lar\u0131n Soyq\u0131r\u0131m\u0131 G\u00fcn\u00fc il\u0259 ba\u011fl\u0131 t\u0259dbirl\u0259r - fotolar - Z\u0259rdab.com","og_description":"29 mart 2013-c\u00fc il tarixd\u0259 Z\u0259rdab \u015f\u0259h\u0259r 2 sayl\u0131 tam orta m\u0259kt\u0259bind\u0259 31 mart\u00a0Az\u0259rbaycanl\u0131lar\u0131n Soyq\u0131r\u0131m\u0131 G\u00fcn\u00fc qeyd edilib. Z\u0259rdab Rayon \u0130HB Aparat\u0131n\u0131n informasiya t\u0259minat\u0131 v\u0259 t\u0259hlil sektorundan sayt\u0131m\u0131za veril\u0259n m\u0259lumatda qeyd olunur ki, t\u0259dbiri giri\u015f s\u00f6z\u00fc il\u0259 m\u0259kt\u0259bin direktoru Ramo Hac\u0131yev a\u00e7araq qeyd edib ki, 1998-ci ild\u0259n 31 mart Az\u0259rbaycan Respublikas\u0131nda d\u00f6vl\u0259t s\u0259viyy\u0259sind\u0259 Az\u0259rbaycanl\u0131lar\u0131n soyq\u0131r\u0131m\u0131 [&hellip;]","og_url":"https:\/\/www.zerdab.com\/?p=8487","og_site_name":"Z\u0259rdab.com","article_published_time":"2013-03-29T12:16:19+00:00","article_modified_time":"2013-03-29T19:15:14+00:00","author":"admin","twitter_card":"summary_large_image","twitter_misc":{"Written by":"admin","Est. reading time":"3 minutes"},"schema":{"@context":"https:\/\/schema.org","@graph":[{"@type":"Article","@id":"https:\/\/www.zerdab.com\/?p=8487#article","isPartOf":{"@id":"https:\/\/www.zerdab.com\/?p=8487"},"author":{"name":"admin","@id":"https:\/\/www.zerdab.com\/#\/schema\/person\/97079b7570c1e89ec0d9e138c3672136"},"headline":"Z\u0259rdabda Az\u0259rbaycanl\u0131lar\u0131n Soyq\u0131r\u0131m\u0131 G\u00fcn\u00fc il\u0259 ba\u011fl\u0131 t\u0259dbirl\u0259r &#8211; fotolar","datePublished":"2013-03-29T12:16:19+00:00","dateModified":"2013-03-29T19:15:14+00:00","mainEntityOfPage":{"@id":"https:\/\/www.zerdab.com\/?p=8487"},"wordCount":563,"commentCount":0,"articleSection":["C\u018fM\u0130YY\u018fT"],"inLanguage":"az","potentialAction":[{"@type":"CommentAction","name":"Comment","target":["https:\/\/www.zerdab.com\/?p=8487#respond"]}]},{"@type":"WebPage","@id":"https:\/\/www.zerdab.com\/?p=8487","url":"https:\/\/www.zerdab.com\/?p=8487","name":"Z\u0259rdabda Az\u0259rbaycanl\u0131lar\u0131n Soyq\u0131r\u0131m\u0131 G\u00fcn\u00fc il\u0259 ba\u011fl\u0131 t\u0259dbirl\u0259r - fotolar - Z\u0259rdab.com","isPartOf":{"@id":"https:\/\/www.zerdab.com\/#website"},"datePublished":"2013-03-29T12:16:19+00:00","dateModified":"2013-03-29T19:15:14+00:00","author":{"@id":"https:\/\/www.zerdab.com\/#\/schema\/person\/97079b7570c1e89ec0d9e138c3672136"},"breadcrumb":{"@id":"https:\/\/www.zerdab.com\/?p=8487#breadcrumb"},"inLanguage":"az","potentialAction":[{"@type":"ReadAction","target":["https:\/\/www.zerdab.com\/?p=8487"]}]},{"@type":"BreadcrumbList","@id":"https:\/\/www.zerdab.com\/?p=8487#breadcrumb","itemListElement":[{"@type":"ListItem","position":1,"name":"Home","item":"https:\/\/www.zerdab.com\/"},{"@type":"ListItem","position":2,"name":"Z\u0259rdabda Az\u0259rbaycanl\u0131lar\u0131n Soyq\u0131r\u0131m\u0131 G\u00fcn\u00fc il\u0259 ba\u011fl\u0131 t\u0259dbirl\u0259r &#8211; fotolar"}]},{"@type":"WebSite","@id":"https:\/\/www.zerdab.com\/#website","url":"https:\/\/www.zerdab.com\/","name":"Z\u0259rdab.com","description":"","potentialAction":[{"@type":"SearchAction","target":{"@type":"EntryPoint","urlTemplate":"https:\/\/www.zerdab.com\/?s={search_term_string}"},"query-input":{"@type":"PropertyValueSpecification","valueRequired":true,"valueName":"search_term_string"}}],"inLanguage":"az"},{"@type":"Person","@id":"https:\/\/www.zerdab.com\/#\/schema\/person\/97079b7570c1e89ec0d9e138c3672136","name":"admin","image":{"@type":"ImageObject","inLanguage":"az","@id":"https:\/\/www.zerdab.com\/#\/schema\/person\/image\/","url":"https:\/\/secure.gravatar.com\/avatar\/d9c52a9a27c32119cb6679a077fa3e2779e5f822c451cbf01098004361d466ec?s=96&d=mm&r=g","contentUrl":"https:\/\/secure.gravatar.com\/avatar\/d9c52a9a27c32119cb6679a077fa3e2779e5f822c451cbf01098004361d466ec?s=96&d=mm&r=g","caption":"admin"},"url":"https:\/\/www.zerdab.com\/?author=1"}]}},"_links":{"self":[{"href":"https:\/\/www.zerdab.com\/index.php?rest_route=\/wp\/v2\/posts\/8487","targetHints":{"allow":["GET"]}}],"collection":[{"href":"https:\/\/www.zerdab.com\/index.php?rest_route=\/wp\/v2\/posts"}],"about":[{"href":"https:\/\/www.zerdab.com\/index.php?rest_route=\/wp\/v2\/types\/post"}],"author":[{"embeddable":true,"href":"https:\/\/www.zerdab.com\/index.php?rest_route=\/wp\/v2\/users\/1"}],"replies":[{"embeddable":true,"href":"https:\/\/www.zerdab.com\/index.php?rest_route=%2Fwp%2Fv2%2Fcomments&post=8487"}],"version-history":[{"count":8,"href":"https:\/\/www.zerdab.com\/index.php?rest_route=\/wp\/v2\/posts\/8487\/revisions"}],"predecessor-version":[{"id":8497,"href":"https:\/\/www.zerdab.com\/index.php?rest_route=\/wp\/v2\/posts\/8487\/revisions\/8497"}],"wp:attachment":[{"href":"https:\/\/www.zerdab.com\/index.php?rest_route=%2Fwp%2Fv2%2Fmedia&parent=8487"}],"wp:term":[{"taxonomy":"category","embeddable":true,"href":"https:\/\/www.zerdab.com\/index.php?rest_route=%2Fwp%2Fv2%2Fcategories&post=8487"},{"taxonomy":"post_tag","embeddable":true,"href":"https:\/\/www.zerdab.com\/index.php?rest_route=%2Fwp%2Fv2%2Ftags&post=8487"}],"curies":[{"name":"wp","href":"https:\/\/api.w.org\/{rel}","templated":true}]}}