{"id":8508,"date":"2013-03-30T13:08:24","date_gmt":"2013-03-30T09:08:24","guid":{"rendered":"http:\/\/www.zerdab.com\/?p=8508"},"modified":"2013-03-30T13:15:40","modified_gmt":"2013-03-30T09:15:40","slug":"icra-bascisi-31-mart-soyqirimi-oz-siyasi-huquqi-qiym%c9%99tini-almalidir","status":"publish","type":"post","link":"https:\/\/www.zerdab.com\/?p=8508","title":{"rendered":"\u0130cra ba\u015f\u00e7\u0131s\u0131: \u201c31 mart soyq\u0131r\u0131m\u0131 \u00f6z siyasi-h\u00fcquqi qiym\u0259tini almal\u0131d\u0131r&#8221;"},"content":{"rendered":"<p><span style=\"color: #000000;\"><strong><img loading=\"lazy\" decoding=\"async\" class=\"aligncenter size-large wp-image-8509\" alt=\"31 mart soyqirimi\" src=\"http:\/\/www.zerdab.com\/wp-content\/uploads\/2013\/03\/31-mart-soyqirimi-1100x825.jpg\" width=\"688\" height=\"516\" \/>Art\u0131q 29 mart 2013-c\u00fc il tarixd\u0259n etibar\u0259n Z\u0259rdab rayonunda Az\u0259rbaycanl\u0131lar\u0131n mart soyq\u0131r\u0131m\u0131 il\u0259 ba\u011fl\u0131 silsil\u0259 t\u0259dbirl\u0259r ke\u00e7irilir. \u015e\u0259h\u0259r m\u0259rk\u0259zind\u0259 yerl\u0259\u015f\u0259n \u015e\u0259hidl\u0259r\u0259 Xatir\u0259 park\u0131nda 31 mart Az\u0259rbaycanl\u0131lar\u0131n soyq\u0131r\u0131m\u0131 g\u00fcn\u00fc il\u0259 ba\u011fl\u0131 \u00a0\u015e\u0259hidl\u0259rin Xatir\u0259 Kompleksi \u00f6n\u00fcn\u0259 u\u015faq ba\u011f\u00e7alar\u0131n\u0131n v\u0259 m\u0259kt\u0259blil\u0259rin i\u015ftirakl\u0131 il\u0259 g\u00fclqoyma m\u0259rasiml\u0259ri ke\u00e7irilib. Rayonun b\u00fct\u00fcn idar\u0259 v\u0259 t\u0259\u015fkilatlar\u0131nda, t\u0259hsil, s\u0259hiyy\u0259 v\u0259 m\u0259d\u0259niyy\u0259t m\u00fc\u0259ssis\u0259l\u0259rind\u0259 soyq\u0131r\u0131m\u0131 qurbanlar\u0131 an\u0131l\u0131b.<\/strong><\/span><\/p>\n<p>30 mart 2013-c\u00fc il tarixd\u0259 \u015e\u0259hidl\u0259r\u0259 Xatir\u0259 park\u0131nda Az\u0259rbaycanl\u0131lar\u0131n mart soyq\u0131r\u0131m\u0131 il\u0259 ba\u011fl\u0131 \u00a0\u00fcmumrayon an\u0131m m\u0259rasimi ke\u00e7irilib. H\u00fcznl\u00fc musiqi s\u0259dalar\u0131 alt\u0131nda Z\u0259rdab Rayon \u0130cra Hakimiyy\u0259tinin ba\u015f\u00e7\u0131s\u0131 L\u00fctv\u0259li Babayev v\u0259 h\u00fcquq m\u00fchafiz\u0259 orqanlar\u0131n\u0131n r\u0259hb\u0259rl\u0259ri Az\u0259rbaycanl\u0131lar\u0131n soyq\u0131r\u0131m\u0131na h\u0259sr olunmu\u015f r\u0259sml\u0259r\u0259 v\u0259 divar q\u0259zetl\u0259rin\u0259 bax\u0131blar. Rayon r\u0259hb\u0259rliyi park\u0131 ziyar\u0259t ed\u0259r\u0259k Az\u0259rbaycanl\u0131lar\u0131n soyq\u0131r\u0131m\u0131 qurbanlar\u0131n\u0131n xatir\u0259sin\u0259 ucald\u0131lm\u0131\u015f abid\u0259 kompleksinin \u00f6n\u00fcn\u0259 g\u00fcl d\u0259st\u0259l\u0259ri qoyub.<\/p>\n<p>M\u0259rasimd\u0259 Rayon \u0130cra Hakimiyy\u0259tinin ba\u015f\u00e7\u0131s\u0131 L\u00fctv\u0259li Babayev \u201c31 mart \u2013 Az\u0259rbaycanl\u0131lar\u0131n soyq\u0131r\u0131m\u0131 g\u00fcn\u00fcd\u00fcr\u201d m\u00f6vzusunda geni\u015f m\u0259ruz\u0259 il\u0259 \u00e7\u0131x\u0131\u015f edib. O, qeyd edib ki, Az\u0259rbaycan xalq\u0131na qar\u015f\u0131 d\u0259f\u0259l\u0259rl\u0259 t\u00f6r\u0259dilmi\u015f v\u0259 uzun ill\u0259rd\u0259n b\u0259ri \u00f6z siyasi-h\u00fcquqi qiym\u0259tini almam\u0131\u015f soyq\u0131r\u0131m\u0131 da tarixin a\u00e7\u0131lmam\u0131\u015f s\u0259hif\u0259l\u0259rind\u0259n biridir. 1813-c\u00fc v\u0259 1828-ci ill\u0259rd\u0259 imzalanan G\u00fcl\u00fcstan v\u0259 T\u00fcrkm\u0259n\u00e7ay m\u00fcqavil\u0259l\u0259ri Az\u0259rbaycan xalq\u0131n\u0131n par\u00e7alanmas\u0131n\u0131n, tarixi torpaqlar\u0131m\u0131z\u0131n b\u00f6l\u00fcnm\u0259sinin \u0259sas\u0131n\u0131 qoydu. Q\u0131sa bir m\u00fcdd\u0259td\u0259 bu siyas\u0259t ger\u00e7\u0259kl\u0259\u015fdiril\u0259r\u0259k erm\u0259nil\u0259rin Az\u0259rbaycan torpaqlar\u0131na k\u00fctl\u0259vi sur\u0259td\u0259 k\u00f6\u00e7\u00fcr\u00fclm\u0259si h\u0259yata ke\u00e7irildi. Az\u0259rbaycan xalq\u0131n\u0131n bu milli faci\u0259sinin davam\u0131 kimi onun torpaqlar\u0131n\u0131n z\u0259bti ba\u015fland\u0131.<\/p>\n<p>Soyq\u0131r\u0131m\u0131na h\u0259sr olunmu\u015f m\u0259rasim rayon m\u0259d\u0259niyy\u0259t evinin kollektivinin ifas\u0131nda kompozisiya il\u0259 davam edib.<\/p>\n<p>M\u0259rasim i\u015ftirak\u00e7\u0131lar\u0131 \u015e\u0259hidl\u0259r\u0259 Xatir\u0259 park\u0131ndak\u0131 abid\u0259l\u0259r \u00f6n\u00fcn\u0259 g\u00fcl d\u0259st\u0259l\u0259ri qoyaraq soyq\u0131r\u0131m\u0131 qurbanlar\u0131n\u0131n \u0259ziz xatir\u0259sini yad edibl\u0259r.<\/p>\n<p>Soyq\u0131r\u0131m\u0131 qurbanlar\u0131n\u0131n xatir\u0259sini yad etm\u0259k \u00fc\u00e7\u00fcn bu g\u00fcnl\u0259rd\u0259 Z\u0259rdab rayonunun b\u00fct\u00fcn inzibati \u0259razil\u0259rind\u0259 \u015f\u0259hidl\u0259rin xatir\u0259sin\u0259 ucald\u0131lm\u0131\u015f abid\u0259l\u0259r m\u0259kt\u0259blil\u0259r v\u0259 k\u0259nd ictimaiyy\u0259ti t\u0259r\u0259find\u0259n ziyar\u0259t olunaraq abid\u0259l\u0259r \u00f6n\u00fcn\u0259 g\u00fcl-\u00e7i\u00e7\u0259k qoyulub.<\/p>\n<p>Soyq\u0131r\u0131m\u0131 g\u00fcn\u00fc \u0259r\u0259f\u0259sind\u0259 rayon g\u0259ncl\u0259rinin v\u0259 YAP f\u0259allar\u0131n\u0131n bir qrupu Quba k\u00fctl\u0259vi m\u0259zarl\u0131\u011f\u0131n\u0131 ziyar\u0259t edibl\u0259r.<\/p>\n<p>Rayonun b\u00fct\u00fcn m\u0259scidl\u0259rind\u0259 soyq\u0131r\u0131m\u0131 qurbanlar\u0131n\u0131n xatir\u0259sin\u0259 dini m\u0259rasiml\u0259rin t\u0259\u015fkil olunub.<\/p>\n<p><span style=\"color: #000000;\"><strong>Z\u0259rdab Rayon \u0130HB Aparat\u0131n\u0131n informasiya t\u0259minat\u0131 v\u0259 t\u0259hlil sektoru.<\/strong><\/span><\/p>\n<p><img loading=\"lazy\" decoding=\"async\" class=\"aligncenter size-large wp-image-8510\" alt=\"Zerdab-31 mart tedbiri\" src=\"http:\/\/www.zerdab.com\/wp-content\/uploads\/2013\/03\/Zerdab-31-mart-1100x825.jpg\" width=\"688\" height=\"516\" \/><\/p>\n<p><img loading=\"lazy\" decoding=\"async\" class=\"aligncenter size-large wp-image-8511\" alt=\"31 mart\" src=\"http:\/\/www.zerdab.com\/wp-content\/uploads\/2013\/03\/31-mart-1100x825.jpg\" width=\"688\" height=\"516\" \/><img loading=\"lazy\" decoding=\"async\" class=\"aligncenter size-large wp-image-8512\" alt=\"soyqirimi-kitab\" src=\"http:\/\/www.zerdab.com\/wp-content\/uploads\/2013\/03\/soyqirimi-kitab-1100x825.jpg\" width=\"688\" height=\"516\" \/><\/p>\n<p>&nbsp;<\/p>\n","protected":false},"excerpt":{"rendered":"<p>Art\u0131q 29 mart 2013-c\u00fc il tarixd\u0259n etibar\u0259n Z\u0259rdab rayonunda Az\u0259rbaycanl\u0131lar\u0131n mart soyq\u0131r\u0131m\u0131 il\u0259 ba\u011fl\u0131 silsil\u0259 t\u0259dbirl\u0259r ke\u00e7irilir. \u015e\u0259h\u0259r m\u0259rk\u0259zind\u0259 yerl\u0259\u015f\u0259n \u015e\u0259hidl\u0259r\u0259 Xatir\u0259 park\u0131nda 31 mart Az\u0259rbaycanl\u0131lar\u0131n soyq\u0131r\u0131m\u0131 g\u00fcn\u00fc il\u0259 ba\u011fl\u0131 \u00a0\u015e\u0259hidl\u0259rin Xatir\u0259 Kompleksi \u00f6n\u00fcn\u0259 u\u015faq ba\u011f\u00e7alar\u0131n\u0131n v\u0259 m\u0259kt\u0259blil\u0259rin i\u015ftirakl\u0131 il\u0259 g\u00fclqoyma m\u0259rasiml\u0259ri ke\u00e7irilib. Rayonun b\u00fct\u00fcn idar\u0259 v\u0259 t\u0259\u015fkilatlar\u0131nda, t\u0259hsil, s\u0259hiyy\u0259 v\u0259 m\u0259d\u0259niyy\u0259t m\u00fc\u0259ssis\u0259l\u0259rind\u0259 soyq\u0131r\u0131m\u0131 qurbanlar\u0131 [&hellip;]<\/p>\n","protected":false},"author":1,"featured_media":0,"comment_status":"open","ping_status":"open","sticky":false,"template":"","format":"standard","meta":{"footnotes":""},"categories":[21],"tags":[],"class_list":{"0":"post-8508","1":"post","2":"type-post","3":"status-publish","4":"format-standard","6":"category-zrdab"},"yoast_head":"<!-- This site is optimized with the Yoast SEO plugin v27.0 - https:\/\/yoast.com\/product\/yoast-seo-wordpress\/ -->\n<title>\u0130cra ba\u015f\u00e7\u0131s\u0131: \u201c31 mart soyq\u0131r\u0131m\u0131 \u00f6z siyasi-h\u00fcquqi qiym\u0259tini almal\u0131d\u0131r&quot; - Z\u0259rdab.com<\/title>\n<meta name=\"robots\" content=\"index, follow, max-snippet:-1, max-image-preview:large, max-video-preview:-1\" \/>\n<link rel=\"canonical\" href=\"https:\/\/www.zerdab.com\/?p=8508\" \/>\n<meta property=\"og:locale\" content=\"az_AZ\" \/>\n<meta property=\"og:type\" content=\"article\" \/>\n<meta property=\"og:title\" content=\"\u0130cra ba\u015f\u00e7\u0131s\u0131: \u201c31 mart soyq\u0131r\u0131m\u0131 \u00f6z siyasi-h\u00fcquqi qiym\u0259tini almal\u0131d\u0131r&quot; - Z\u0259rdab.com\" \/>\n<meta property=\"og:description\" content=\"Art\u0131q 29 mart 2013-c\u00fc il tarixd\u0259n etibar\u0259n Z\u0259rdab rayonunda Az\u0259rbaycanl\u0131lar\u0131n mart soyq\u0131r\u0131m\u0131 il\u0259 ba\u011fl\u0131 silsil\u0259 t\u0259dbirl\u0259r ke\u00e7irilir. \u015e\u0259h\u0259r m\u0259rk\u0259zind\u0259 yerl\u0259\u015f\u0259n \u015e\u0259hidl\u0259r\u0259 Xatir\u0259 park\u0131nda 31 mart Az\u0259rbaycanl\u0131lar\u0131n soyq\u0131r\u0131m\u0131 g\u00fcn\u00fc il\u0259 ba\u011fl\u0131 \u00a0\u015e\u0259hidl\u0259rin Xatir\u0259 Kompleksi \u00f6n\u00fcn\u0259 u\u015faq ba\u011f\u00e7alar\u0131n\u0131n v\u0259 m\u0259kt\u0259blil\u0259rin i\u015ftirakl\u0131 il\u0259 g\u00fclqoyma m\u0259rasiml\u0259ri ke\u00e7irilib. Rayonun b\u00fct\u00fcn idar\u0259 v\u0259 t\u0259\u015fkilatlar\u0131nda, t\u0259hsil, s\u0259hiyy\u0259 v\u0259 m\u0259d\u0259niyy\u0259t m\u00fc\u0259ssis\u0259l\u0259rind\u0259 soyq\u0131r\u0131m\u0131 qurbanlar\u0131 [&hellip;]\" \/>\n<meta property=\"og:url\" content=\"https:\/\/www.zerdab.com\/?p=8508\" \/>\n<meta property=\"og:site_name\" content=\"Z\u0259rdab.com\" \/>\n<meta property=\"article:published_time\" content=\"2013-03-30T09:08:24+00:00\" \/>\n<meta property=\"article:modified_time\" content=\"2013-03-30T09:15:40+00:00\" \/>\n<meta property=\"og:image\" content=\"http:\/\/www.zerdab.com\/wp-content\/uploads\/2013\/03\/31-mart-soyqirimi-1100x825.jpg\" \/>\n<meta name=\"author\" content=\"admin\" \/>\n<meta name=\"twitter:card\" content=\"summary_large_image\" \/>\n<meta name=\"twitter:label1\" content=\"Written by\" \/>\n\t<meta name=\"twitter:data1\" content=\"admin\" \/>\n\t<meta name=\"twitter:label2\" content=\"Est. reading time\" \/>\n\t<meta name=\"twitter:data2\" content=\"3 minutes\" \/>\n<script type=\"application\/ld+json\" class=\"yoast-schema-graph\">{\"@context\":\"https:\/\/schema.org\",\"@graph\":[{\"@type\":\"Article\",\"@id\":\"https:\/\/www.zerdab.com\/?p=8508#article\",\"isPartOf\":{\"@id\":\"https:\/\/www.zerdab.com\/?p=8508\"},\"author\":{\"name\":\"admin\",\"@id\":\"https:\/\/www.zerdab.com\/#\/schema\/person\/97079b7570c1e89ec0d9e138c3672136\"},\"headline\":\"\u0130cra ba\u015f\u00e7\u0131s\u0131: \u201c31 mart soyq\u0131r\u0131m\u0131 \u00f6z siyasi-h\u00fcquqi qiym\u0259tini almal\u0131d\u0131r&#8221;\",\"datePublished\":\"2013-03-30T09:08:24+00:00\",\"dateModified\":\"2013-03-30T09:15:40+00:00\",\"mainEntityOfPage\":{\"@id\":\"https:\/\/www.zerdab.com\/?p=8508\"},\"wordCount\":589,\"commentCount\":1,\"image\":{\"@id\":\"https:\/\/www.zerdab.com\/?p=8508#primaryimage\"},\"thumbnailUrl\":\"http:\/\/www.zerdab.com\/wp-content\/uploads\/2013\/03\/31-mart-soyqirimi-1100x825.jpg\",\"articleSection\":[\"C\u018fM\u0130YY\u018fT\"],\"inLanguage\":\"az\",\"potentialAction\":[{\"@type\":\"CommentAction\",\"name\":\"Comment\",\"target\":[\"https:\/\/www.zerdab.com\/?p=8508#respond\"]}]},{\"@type\":\"WebPage\",\"@id\":\"https:\/\/www.zerdab.com\/?p=8508\",\"url\":\"https:\/\/www.zerdab.com\/?p=8508\",\"name\":\"\u0130cra ba\u015f\u00e7\u0131s\u0131: \u201c31 mart soyq\u0131r\u0131m\u0131 \u00f6z siyasi-h\u00fcquqi qiym\u0259tini almal\u0131d\u0131r\\\" - Z\u0259rdab.com\",\"isPartOf\":{\"@id\":\"https:\/\/www.zerdab.com\/#website\"},\"primaryImageOfPage\":{\"@id\":\"https:\/\/www.zerdab.com\/?p=8508#primaryimage\"},\"image\":{\"@id\":\"https:\/\/www.zerdab.com\/?p=8508#primaryimage\"},\"thumbnailUrl\":\"http:\/\/www.zerdab.com\/wp-content\/uploads\/2013\/03\/31-mart-soyqirimi-1100x825.jpg\",\"datePublished\":\"2013-03-30T09:08:24+00:00\",\"dateModified\":\"2013-03-30T09:15:40+00:00\",\"author\":{\"@id\":\"https:\/\/www.zerdab.com\/#\/schema\/person\/97079b7570c1e89ec0d9e138c3672136\"},\"breadcrumb\":{\"@id\":\"https:\/\/www.zerdab.com\/?p=8508#breadcrumb\"},\"inLanguage\":\"az\",\"potentialAction\":[{\"@type\":\"ReadAction\",\"target\":[\"https:\/\/www.zerdab.com\/?p=8508\"]}]},{\"@type\":\"ImageObject\",\"inLanguage\":\"az\",\"@id\":\"https:\/\/www.zerdab.com\/?p=8508#primaryimage\",\"url\":\"\",\"contentUrl\":\"\"},{\"@type\":\"BreadcrumbList\",\"@id\":\"https:\/\/www.zerdab.com\/?p=8508#breadcrumb\",\"itemListElement\":[{\"@type\":\"ListItem\",\"position\":1,\"name\":\"Home\",\"item\":\"https:\/\/www.zerdab.com\/\"},{\"@type\":\"ListItem\",\"position\":2,\"name\":\"\u0130cra ba\u015f\u00e7\u0131s\u0131: \u201c31 mart soyq\u0131r\u0131m\u0131 \u00f6z siyasi-h\u00fcquqi qiym\u0259tini almal\u0131d\u0131r&#8221;\"}]},{\"@type\":\"WebSite\",\"@id\":\"https:\/\/www.zerdab.com\/#website\",\"url\":\"https:\/\/www.zerdab.com\/\",\"name\":\"Z\u0259rdab.com\",\"description\":\"\",\"potentialAction\":[{\"@type\":\"SearchAction\",\"target\":{\"@type\":\"EntryPoint\",\"urlTemplate\":\"https:\/\/www.zerdab.com\/?s={search_term_string}\"},\"query-input\":{\"@type\":\"PropertyValueSpecification\",\"valueRequired\":true,\"valueName\":\"search_term_string\"}}],\"inLanguage\":\"az\"},{\"@type\":\"Person\",\"@id\":\"https:\/\/www.zerdab.com\/#\/schema\/person\/97079b7570c1e89ec0d9e138c3672136\",\"name\":\"admin\",\"image\":{\"@type\":\"ImageObject\",\"inLanguage\":\"az\",\"@id\":\"https:\/\/www.zerdab.com\/#\/schema\/person\/image\/\",\"url\":\"https:\/\/secure.gravatar.com\/avatar\/d9c52a9a27c32119cb6679a077fa3e2779e5f822c451cbf01098004361d466ec?s=96&d=mm&r=g\",\"contentUrl\":\"https:\/\/secure.gravatar.com\/avatar\/d9c52a9a27c32119cb6679a077fa3e2779e5f822c451cbf01098004361d466ec?s=96&d=mm&r=g\",\"caption\":\"admin\"},\"url\":\"https:\/\/www.zerdab.com\/?author=1\"}]}<\/script>\n<!-- \/ Yoast SEO plugin. -->","yoast_head_json":{"title":"\u0130cra ba\u015f\u00e7\u0131s\u0131: \u201c31 mart soyq\u0131r\u0131m\u0131 \u00f6z siyasi-h\u00fcquqi qiym\u0259tini almal\u0131d\u0131r\" - Z\u0259rdab.com","robots":{"index":"index","follow":"follow","max-snippet":"max-snippet:-1","max-image-preview":"max-image-preview:large","max-video-preview":"max-video-preview:-1"},"canonical":"https:\/\/www.zerdab.com\/?p=8508","og_locale":"az_AZ","og_type":"article","og_title":"\u0130cra ba\u015f\u00e7\u0131s\u0131: \u201c31 mart soyq\u0131r\u0131m\u0131 \u00f6z siyasi-h\u00fcquqi qiym\u0259tini almal\u0131d\u0131r\" - Z\u0259rdab.com","og_description":"Art\u0131q 29 mart 2013-c\u00fc il tarixd\u0259n etibar\u0259n Z\u0259rdab rayonunda Az\u0259rbaycanl\u0131lar\u0131n mart soyq\u0131r\u0131m\u0131 il\u0259 ba\u011fl\u0131 silsil\u0259 t\u0259dbirl\u0259r ke\u00e7irilir. \u015e\u0259h\u0259r m\u0259rk\u0259zind\u0259 yerl\u0259\u015f\u0259n \u015e\u0259hidl\u0259r\u0259 Xatir\u0259 park\u0131nda 31 mart Az\u0259rbaycanl\u0131lar\u0131n soyq\u0131r\u0131m\u0131 g\u00fcn\u00fc il\u0259 ba\u011fl\u0131 \u00a0\u015e\u0259hidl\u0259rin Xatir\u0259 Kompleksi \u00f6n\u00fcn\u0259 u\u015faq ba\u011f\u00e7alar\u0131n\u0131n v\u0259 m\u0259kt\u0259blil\u0259rin i\u015ftirakl\u0131 il\u0259 g\u00fclqoyma m\u0259rasiml\u0259ri ke\u00e7irilib. Rayonun b\u00fct\u00fcn idar\u0259 v\u0259 t\u0259\u015fkilatlar\u0131nda, t\u0259hsil, s\u0259hiyy\u0259 v\u0259 m\u0259d\u0259niyy\u0259t m\u00fc\u0259ssis\u0259l\u0259rind\u0259 soyq\u0131r\u0131m\u0131 qurbanlar\u0131 [&hellip;]","og_url":"https:\/\/www.zerdab.com\/?p=8508","og_site_name":"Z\u0259rdab.com","article_published_time":"2013-03-30T09:08:24+00:00","article_modified_time":"2013-03-30T09:15:40+00:00","og_image":[{"url":"http:\/\/www.zerdab.com\/wp-content\/uploads\/2013\/03\/31-mart-soyqirimi-1100x825.jpg","type":"","width":"","height":""}],"author":"admin","twitter_card":"summary_large_image","twitter_misc":{"Written by":"admin","Est. reading time":"3 minutes"},"schema":{"@context":"https:\/\/schema.org","@graph":[{"@type":"Article","@id":"https:\/\/www.zerdab.com\/?p=8508#article","isPartOf":{"@id":"https:\/\/www.zerdab.com\/?p=8508"},"author":{"name":"admin","@id":"https:\/\/www.zerdab.com\/#\/schema\/person\/97079b7570c1e89ec0d9e138c3672136"},"headline":"\u0130cra ba\u015f\u00e7\u0131s\u0131: \u201c31 mart soyq\u0131r\u0131m\u0131 \u00f6z siyasi-h\u00fcquqi qiym\u0259tini almal\u0131d\u0131r&#8221;","datePublished":"2013-03-30T09:08:24+00:00","dateModified":"2013-03-30T09:15:40+00:00","mainEntityOfPage":{"@id":"https:\/\/www.zerdab.com\/?p=8508"},"wordCount":589,"commentCount":1,"image":{"@id":"https:\/\/www.zerdab.com\/?p=8508#primaryimage"},"thumbnailUrl":"http:\/\/www.zerdab.com\/wp-content\/uploads\/2013\/03\/31-mart-soyqirimi-1100x825.jpg","articleSection":["C\u018fM\u0130YY\u018fT"],"inLanguage":"az","potentialAction":[{"@type":"CommentAction","name":"Comment","target":["https:\/\/www.zerdab.com\/?p=8508#respond"]}]},{"@type":"WebPage","@id":"https:\/\/www.zerdab.com\/?p=8508","url":"https:\/\/www.zerdab.com\/?p=8508","name":"\u0130cra ba\u015f\u00e7\u0131s\u0131: \u201c31 mart soyq\u0131r\u0131m\u0131 \u00f6z siyasi-h\u00fcquqi qiym\u0259tini almal\u0131d\u0131r\" - Z\u0259rdab.com","isPartOf":{"@id":"https:\/\/www.zerdab.com\/#website"},"primaryImageOfPage":{"@id":"https:\/\/www.zerdab.com\/?p=8508#primaryimage"},"image":{"@id":"https:\/\/www.zerdab.com\/?p=8508#primaryimage"},"thumbnailUrl":"http:\/\/www.zerdab.com\/wp-content\/uploads\/2013\/03\/31-mart-soyqirimi-1100x825.jpg","datePublished":"2013-03-30T09:08:24+00:00","dateModified":"2013-03-30T09:15:40+00:00","author":{"@id":"https:\/\/www.zerdab.com\/#\/schema\/person\/97079b7570c1e89ec0d9e138c3672136"},"breadcrumb":{"@id":"https:\/\/www.zerdab.com\/?p=8508#breadcrumb"},"inLanguage":"az","potentialAction":[{"@type":"ReadAction","target":["https:\/\/www.zerdab.com\/?p=8508"]}]},{"@type":"ImageObject","inLanguage":"az","@id":"https:\/\/www.zerdab.com\/?p=8508#primaryimage","url":"","contentUrl":""},{"@type":"BreadcrumbList","@id":"https:\/\/www.zerdab.com\/?p=8508#breadcrumb","itemListElement":[{"@type":"ListItem","position":1,"name":"Home","item":"https:\/\/www.zerdab.com\/"},{"@type":"ListItem","position":2,"name":"\u0130cra ba\u015f\u00e7\u0131s\u0131: \u201c31 mart soyq\u0131r\u0131m\u0131 \u00f6z siyasi-h\u00fcquqi qiym\u0259tini almal\u0131d\u0131r&#8221;"}]},{"@type":"WebSite","@id":"https:\/\/www.zerdab.com\/#website","url":"https:\/\/www.zerdab.com\/","name":"Z\u0259rdab.com","description":"","potentialAction":[{"@type":"SearchAction","target":{"@type":"EntryPoint","urlTemplate":"https:\/\/www.zerdab.com\/?s={search_term_string}"},"query-input":{"@type":"PropertyValueSpecification","valueRequired":true,"valueName":"search_term_string"}}],"inLanguage":"az"},{"@type":"Person","@id":"https:\/\/www.zerdab.com\/#\/schema\/person\/97079b7570c1e89ec0d9e138c3672136","name":"admin","image":{"@type":"ImageObject","inLanguage":"az","@id":"https:\/\/www.zerdab.com\/#\/schema\/person\/image\/","url":"https:\/\/secure.gravatar.com\/avatar\/d9c52a9a27c32119cb6679a077fa3e2779e5f822c451cbf01098004361d466ec?s=96&d=mm&r=g","contentUrl":"https:\/\/secure.gravatar.com\/avatar\/d9c52a9a27c32119cb6679a077fa3e2779e5f822c451cbf01098004361d466ec?s=96&d=mm&r=g","caption":"admin"},"url":"https:\/\/www.zerdab.com\/?author=1"}]}},"_links":{"self":[{"href":"https:\/\/www.zerdab.com\/index.php?rest_route=\/wp\/v2\/posts\/8508","targetHints":{"allow":["GET"]}}],"collection":[{"href":"https:\/\/www.zerdab.com\/index.php?rest_route=\/wp\/v2\/posts"}],"about":[{"href":"https:\/\/www.zerdab.com\/index.php?rest_route=\/wp\/v2\/types\/post"}],"author":[{"embeddable":true,"href":"https:\/\/www.zerdab.com\/index.php?rest_route=\/wp\/v2\/users\/1"}],"replies":[{"embeddable":true,"href":"https:\/\/www.zerdab.com\/index.php?rest_route=%2Fwp%2Fv2%2Fcomments&post=8508"}],"version-history":[{"count":4,"href":"https:\/\/www.zerdab.com\/index.php?rest_route=\/wp\/v2\/posts\/8508\/revisions"}],"predecessor-version":[{"id":8514,"href":"https:\/\/www.zerdab.com\/index.php?rest_route=\/wp\/v2\/posts\/8508\/revisions\/8514"}],"wp:attachment":[{"href":"https:\/\/www.zerdab.com\/index.php?rest_route=%2Fwp%2Fv2%2Fmedia&parent=8508"}],"wp:term":[{"taxonomy":"category","embeddable":true,"href":"https:\/\/www.zerdab.com\/index.php?rest_route=%2Fwp%2Fv2%2Fcategories&post=8508"},{"taxonomy":"post_tag","embeddable":true,"href":"https:\/\/www.zerdab.com\/index.php?rest_route=%2Fwp%2Fv2%2Ftags&post=8508"}],"curies":[{"name":"wp","href":"https:\/\/api.w.org\/{rel}","templated":true}]}}