{"id":8528,"date":"2013-03-30T18:41:39","date_gmt":"2013-03-30T14:41:39","guid":{"rendered":"http:\/\/www.zerdab.com\/?p=8528"},"modified":"2013-03-30T18:53:34","modified_gmt":"2013-03-30T14:53:34","slug":"g%c9%99ncl%c9%99rimiz-qubadaki-kutl%c9%99vi-soyqirimi-m%c9%99zarligini-ziyar%c9%99t-etdil%c9%99r-foto","status":"publish","type":"post","link":"https:\/\/www.zerdab.com\/?p=8528","title":{"rendered":"G\u0259ncl\u0259rimiz Qubadak\u0131 k\u00fctl\u0259vi soyq\u0131r\u0131m\u0131 m\u0259zarl\u0131\u011f\u0131n\u0131 ziyar\u0259t etdil\u0259r &#8211; foto"},"content":{"rendered":"<p><span style=\"color: #000000;\"><strong><img loading=\"lazy\" decoding=\"async\" class=\"aligncenter size-full wp-image-8530\" alt=\"Zerdab-g\u0259ncl\u0259ri\" src=\"http:\/\/www.zerdab.com\/wp-content\/uploads\/2013\/03\/Zerdab-g\u0259ncl\u0259ri5.jpg\" width=\"640\" height=\"480\" \/>31 mart &#8211; Az\u0259rbaycanl\u0131lar\u0131n Soyq\u0131r\u0131m\u0131 G\u00fcn\u00fc \u0259r\u0259f\u0259sind\u0259 \u00f6lk\u0259mizd\u0259, o c\u00fcml\u0259d\u0259n, Z\u0259rdab rayonunda soyq\u0131r\u0131m qurbanlar\u0131n\u0131n xatir\u0259sin\u0259 silsil\u0259 t\u0259dbirl\u0259r h\u0259yata ke\u00e7irilmi\u015fdir. Rayon \u0130cra Hakimiyy\u0259tinin ba\u015f\u00e7\u0131s\u0131 t\u0259r\u0259find\u0259n t\u0259dbirl\u0259r plan\u0131 t\u0259sdiq olunmu\u015f v\u0259 plana m\u00fcvafiq olaraq Z\u0259rdab rayonundan bir qrup g\u0259nc Quba \u015f\u0259h\u0259rind\u0259 a\u015fkar olunmu\u015f xalq\u0131m\u0131z\u0131n m\u00fcxt\u0259lif vaxtlarda ba\u015f\u0131na g\u0259tiril\u0259n etnik t\u0259mizl\u0259m\u0259nin &#8211; soyq\u0131r\u0131m\u0131n \u0259yani s\u00fcbutu olan k\u00fctl\u0259vi m\u0259zarl\u0131\u011f\u0131 ziyar\u0259t etdil\u0259r.\u00a0<\/strong><\/span><\/p>\n<p>Quba rayonuna ziyar\u0259t\u0259 ged\u0259n Z\u0259rdab g\u0259ncl\u0259rini qar\u015f\u0131layan Quba Rayon G\u0259ncl\u0259r v\u0259 \u0130dman \u0130dar\u0259sinin \u0259m\u0259kda\u015flar\u0131 il\u0259 birlikd\u0259 k\u00fctl\u0259vi m\u0259zarl\u0131\u011fa yolland\u0131q. Rayonumzdan ged\u0259n n\u00fcmay\u0259nd\u0259 hey\u0259tin\u0259 m\u0259zarl\u0131q haqq\u0131nda geni\u015f m\u0259lumat verildi v\u0259 soyq\u0131r\u0131m\u0131 qurbanlar\u0131n\u0131n m\u0259ruz qald\u0131qlar\u0131 i\u015fg\u0259nc\u0259l\u0259rd\u0259n dan\u0131\u015f\u0131ld\u0131. Quba rayon G\u0259ncl\u0259r v\u0259 \u0130dman \u0130dar\u0259sinin r\u0259is m\u00fcavini M\u0259nsur m\u00fc\u0259llim bildirdi ki, burada 1918-ci ild\u0259 erm\u0259nil\u0259r v\u0259 bol\u015fevikl\u0259r t\u0259r\u0259find\u0259n v\u0259h\u015fic\u0259sin\u0259 q\u0259tl\u0259 yetirilmi\u015f Az\u0259rbaycanl\u0131lar v\u0259 Y\u0259hudil\u0259r basd\u0131r\u0131l\u0131b: &#8220;\u0130ndiy\u0259d\u0259k burada 400 insan qal\u0131\u011f\u0131 tap\u0131l\u0131b. M\u0259zarl\u0131q 2007-ci ild\u0259 Qubada stadionun tikintisi zaman\u0131 a\u015fkarlan\u0131b. Qubadak\u0131 k\u00fctl\u0259vi m\u0259zarl\u0131qda a\u015fkar edil\u0259n iki arx skeletl\u0259rl\u0259 doludur. Bu, erm\u0259nil\u0259rin 90 il \u0259vv\u0259l Qubada soyq\u0131r\u0131m\u0131 h\u0259yata ke\u00e7irdiyini s\u00fcbut edir. S\u00fcm\u00fckl\u0259rin antropoloji t\u0259dqiqat\u0131 onlar\u0131n m\u00fcs\u0259lmanlara aid oldu\u011funu t\u0259sdiql\u0259yir. Quba \u0259razisind\u0259, Qudyal\u00e7ay\u0131n sa\u011f sahilind\u0259 idman kompleksinin yenid\u0259n tikilm\u0259si zaman\u0131 \u00fcz\u0259 \u00e7\u0131xan insan s\u00fcm\u00fckl\u0259rinin t\u00f6k\u00fcld\u00fcy\u00fc yerd\u0259 s\u00fcm\u00fckl\u0259r bir-birinin \u00fcst\u00fcnd\u0259 tap\u0131l\u0131b. S\u00fcm\u00fckl\u0259r \u00e7ay\u0131n sahilind\u0259ki iki quyuda a\u015fkarlan\u0131b. B\u00f6y\u00fck quyunun diametri 5, ki\u00e7ik quyunun diametri is\u0259 2,5 metrdir. Quyular aras\u0131nda 2 metr m\u0259saf\u0259 var. B\u00f6y\u00fck quyuda y\u00fczl\u0259rl\u0259 insan skeleti a\u015fkarlan\u0131b. Skeletl\u0259rin b\u00fct\u00f6v halda tap\u0131lmamas\u0131 insanlar\u0131n \u00f6ld\u00fcr\u00fcld\u00fckd\u0259n sonra, sanki \u015faqqalanaraq bura at\u0131ld\u0131\u011f\u0131n\u0131 g\u00f6st\u0259rir. U\u015faq s\u00fcm\u00fckl\u0259ri aras\u0131ndan yaln\u0131z 35 skeleti b\u00fct\u00f6v halda g\u00f6t\u00fcrm\u0259k m\u00fcmk\u00fcn olub. Quyudan insana aid olan h\u0259r hans\u0131 bir s\u00fcbut &#8211; sa\u00e7, geyim, \u0259\u015fya tap\u0131lmay\u0131b. S\u00fcm\u00fckl\u0259rin t\u0259dqiqat\u0131 zaman\u0131 \u00f6l\u00fcm fakt\u0131n\u0131n n\u0259 vaxt ba\u015f verdiyi d\u0259qiql\u0259\u015fib. Arxeoloqun bildirdiyin\u0259 g\u00f6r\u0259, q\u0259dim s\u00fcm\u00fckl\u0259rd\u0259 sementl\u0259\u015fm\u0259 gedir, amma Qubada tap\u0131lan s\u00fcm\u00fckl\u0259r h\u0259l\u0259 n\u0259mliyini qoruyub. Bu is\u0259 \u00f6l\u00fcm tarixinin t\u0259xmin\u0259n 80-90 il \u00f6nc\u0259 oldu\u011funu \u00fcz\u0259 \u00e7\u0131xar\u0131r. Quyunun \u0259traf\u0131n\u0131n ilkin t\u0259dqiqin\u0259 \u0259sas\u0259n, q\u0259tliamlar\u0131n burada ba\u015f verm\u0259diyi g\u00fcman olunur. Erm\u0259nil\u0259r q\u0259tliamlar\u0131n \u00fcst\u00fcn\u00fc \u00f6rtm\u0259k \u00fc\u00e7\u00fcn, \u00e7ox g\u00fcman ki, suyun yuyub aparaca\u011f\u0131 g\u00fcman\u0131 il\u0259 s\u00fcm\u00fckl\u0259ri \u00e7ay\u0131n sahilin\u0259 t\u00f6k\u00fcbl\u0259r&#8221;.<\/p>\n<p>Quba hadis\u0259l\u0259ri zaman\u0131 17 min\u0259d\u0259k insan\u0131n q\u0259tl\u0259 yetirildiyini, 22 k\u0259ndin tamam\u0259n yand\u0131r\u0131ld\u0131\u011f\u0131n\u0131 bildir\u0259n M\u0259nsur m\u00fc\u0259llim t\u0259dqiqatlar\u0131n bu g\u00fcn d\u0259 davam etdiyini v\u0259 c\u0259nab Prezidentin tap\u015f\u0131r\u0131\u011f\u0131na uy\u011fun olaraq m\u0259zarl\u0131q \u0259traf\u0131nda muzey kompleksinin tikildiyini, i\u015fl\u0259rin y\u00fcks\u0259k keyfiyy\u0259t v\u0259 s\u00fcr\u0259tl\u0259 apar\u0131ld\u0131\u011f\u0131n\u0131 qeyd etdi.<\/p>\n<p>Rayonumuzdan ged\u0259n n\u00fcmay\u0259nd\u0259 hey\u0259tinin r\u0259hb\u0259ri Z\u0259rdab rayon G\u0259ncl\u0259r v\u0259 \u0130dman \u0130dar\u0259sinin r\u0259isi \u0130lkin \u018fliyev bu g\u00fcn \u00f6lk\u0259mizd\u0259 oldu\u011fu kimi rayonumuzda da soyq\u0131r\u0131m qurbanlar\u0131n\u0131n xatir\u0259sini yad edilm\u0259kd\u0259 oldu\u011funu v\u0259 Z\u0259rdab Rayon \u0130cra Hakimiyy\u0259ti Ba\u015f\u00e7\u0131s\u0131 L\u00fctv\u0259li Babayev t\u0259r\u0259find\u0259n x\u00fcsusi t\u0259dbirl\u0259r plan\u0131 t\u0259sdiq edildiyini v\u0259 ziyar\u0259tin t\u0259dbirl\u0259r plan\u0131na m\u00fcvafiq oldu\u011funu bildir\u0259r\u0259k g\u0259ncl\u0259rin bu c\u00fcr faktlardan istifad\u0259 ed\u0259r\u0259k, yalan\u00e7\u0131 soyq\u0131r\u0131m\u0131 iddias\u0131nda olan v\u0259 he\u00e7 bir s\u00fcbutu, \u0259sas\u0131 olmayan erm\u0259nil\u0259r\u0259 qar\u015f\u0131 informasiya m\u00fcbariz\u0259sin\u0259 qo\u015fularaq beyn\u0259lxalq ictimaiyy\u0259t\u0259 bir daha \u00e7atd\u0131r\u0131lmas\u0131nda \u00f6z imkanlar\u0131ndan istifad\u0259 etm\u0259l\u0259rinin vacibliyini bildirdi.<\/p>\n<p>Bu ziyar\u0259td\u0259 i\u015ftirak ed\u0259n g\u0259nc YAP-\u00e7\u0131lar sosial \u015f\u0259b\u0259k\u0259l\u0259rd\u0259n v\u0259 dig\u0259r vasit\u0259l\u0259rd\u0259n istifad\u0259 ed\u0259r\u0259k ziyar\u0259tin onlarda yaratd\u0131\u011f\u0131 t\u0259\u0259ss\u00fcratlar\u0131 daha geni\u015f \u0259hat\u0259d\u0259, o c\u00fcml\u0259d\u0259n, rayon ictimaiyy\u0259ti il\u0259 b\u00f6l\u00fc\u015fm\u0259k bar\u0259d\u0259 fikirl\u0259rini bildirdil\u0259r.<\/p>\n<p>N\u00fcmay\u0259nd\u0259l\u0259rimizin ziyar\u0259ti Quba \u015f\u0259h\u0259rind\u0259 f\u0259aliyy\u0259t g\u00f6st\u0259r\u0259n X\u0259yal TV-nin d\u0259 diqq\u0259tini c\u0259lb etmi\u015f v\u0259 Rayon \u0130cra Hakimiyy\u0259ti Ba\u015f\u00e7\u0131s\u0131 Aparat\u0131n\u0131n m\u0259sul i\u015f\u00e7isi Murad H\u0259s\u0259novdan, Rayon G\u0259ncl\u0259r v\u0259 \u0130dman \u0130dar\u0259sinin r\u0259isi \u0130lkin \u018fliyevd\u0259n v\u0259 Yeni Az\u0259rbaycan Partiyas\u0131 (YAP) rayon t\u0259\u015fkilat\u0131n\u0131n aparat r\u0259hb\u0259ri Zeynal \u0130manovdan soyq\u0131r\u0131m\u0131 m\u0259zarl\u0131\u011f\u0131n\u0131 ziyar\u0259tl\u0259 ba\u011fl\u0131 t\u0259\u0259ss\u00fcratlar\u0131 bar\u0259d\u0259 m\u00fcsahib\u0259l\u0259r al\u0131nm\u0131\u015fd\u0131r.<\/p>\n<p>Xat\u0131rladaq ki, g\u0259ncl\u0259rin bu t\u0259\u015f\u0259bb\u00fcs\u00fcn\u0259 YAP Z\u0259rdab rayon t\u0259\u015fkilat\u0131 aparat\u0131n\u0131n, Rayon T\u0259hsil \u015e\u00f6b\u0259sinin, Suvarma Sisteml\u0259ri \u0130dar\u0259sinin, Rayon M\u0259rk\u0259zi X\u0259st\u0259xanas\u0131n\u0131n, Gigiyena v\u0259 Epidemiologiya M\u0259rk\u0259zinin v\u0259 M\u0259d\u0259niyy\u0259t v\u0259 Turizm \u015e\u00f6b\u0259sinin g\u0259nc \u0259m\u0259kda\u015flar\u0131 da qo\u015fulmu\u015f v\u0259 ziyar\u0259td\u0259 i\u015ftirak etmi\u015fl\u0259r.<\/p>\n<p><span style=\"color: #000080;\"><strong>Z\u0259rdab Rayon G\u0259ncl\u0259r v\u0259 \u0130dman \u0130dar\u0259sinin \u0259m\u0259kda\u015f\u0131 B\u0259xtiyar Nur\u0259liyev<\/strong><\/span><\/p>\n<p><img loading=\"lazy\" decoding=\"async\" class=\"aligncenter size-full wp-image-8531\" alt=\"Zerdab-g\u0259ncl\u0259ri\" src=\"http:\/\/www.zerdab.com\/wp-content\/uploads\/2013\/03\/Zerdab-g\u0259ncl\u0259ri6.jpg\" width=\"640\" height=\"480\" \/><img loading=\"lazy\" decoding=\"async\" class=\"aligncenter size-full wp-image-8532\" alt=\"Z\u0259rdab-g\u0259ncl\u0259ri\" src=\"http:\/\/www.zerdab.com\/wp-content\/uploads\/2013\/03\/Z\u0259rdab-g\u0259ncl\u0259ri-1.jpg\" width=\"640\" height=\"480\" \/><img loading=\"lazy\" decoding=\"async\" class=\"aligncenter size-full wp-image-8533\" alt=\"Z\u0259rdab-g\u0259ncl\u0259ri\" src=\"http:\/\/www.zerdab.com\/wp-content\/uploads\/2013\/03\/Z\u0259rdab-g\u0259ncl\u0259ri9.jpg\" width=\"640\" height=\"480\" \/><img loading=\"lazy\" decoding=\"async\" class=\"aligncenter size-full wp-image-8534\" alt=\"Zerdab-g\u0259ncl\u0259ri\" src=\"http:\/\/www.zerdab.com\/wp-content\/uploads\/2013\/03\/Zerdab-g\u0259ncl\u0259ri3.jpg\" width=\"640\" height=\"480\" \/><img loading=\"lazy\" decoding=\"async\" class=\"aligncenter size-full wp-image-8535\" alt=\"Zerdab-g\u0259ncl\u0259ri\" src=\"http:\/\/www.zerdab.com\/wp-content\/uploads\/2013\/03\/Zerdab-g\u0259ncl\u0259ri7.jpg\" width=\"640\" height=\"480\" \/><img loading=\"lazy\" decoding=\"async\" class=\"aligncenter size-full wp-image-8536\" alt=\"Zerdab-g\u0259ncl\u0259ri\" src=\"http:\/\/www.zerdab.com\/wp-content\/uploads\/2013\/03\/Zerdab-g\u0259ncl\u0259ri1.jpg\" width=\"640\" height=\"480\" \/><img loading=\"lazy\" decoding=\"async\" class=\"aligncenter size-full wp-image-8537\" alt=\"Z\u0259rdab-g\u0259ncl\u0259ri\" src=\"http:\/\/www.zerdab.com\/wp-content\/uploads\/2013\/03\/Z\u0259rdab-g\u0259ncl\u0259ri4.jpg\" width=\"640\" height=\"480\" \/><img loading=\"lazy\" decoding=\"async\" class=\"aligncenter size-full wp-image-8538\" alt=\"Qubadak\u0131 k\u00fctl\u0259vi soyq\u0131r\u0131m\u0131 m\u0259zarl\u0131\u011f\u0131\" src=\"http:\/\/www.zerdab.com\/wp-content\/uploads\/2013\/03\/Qubadak\u0131-k\u00fctl\u0259vi-soyq\u0131r\u0131m\u0131-m\u0259zarl\u0131\u011f\u0131.jpg\" width=\"640\" height=\"480\" \/><img loading=\"lazy\" decoding=\"async\" class=\"aligncenter size-full wp-image-8539\" alt=\"Qubadak\u0131 k\u00fctl\u0259vi soyq\u0131r\u0131m\u0131 m\u0259zarl\u0131\u011f\u0131\" src=\"http:\/\/www.zerdab.com\/wp-content\/uploads\/2013\/03\/Qubadak\u0131-k\u00fctl\u0259vi-soyq\u0131r\u0131m\u0131-m\u0259zarl\u0131\u011f\u01312.jpg\" width=\"640\" height=\"480\" \/><img loading=\"lazy\" decoding=\"async\" class=\"aligncenter size-full wp-image-8540\" alt=\"Z\u0259rdab-g\u0259ncl\u0259ri\" src=\"http:\/\/www.zerdab.com\/wp-content\/uploads\/2013\/03\/Z\u0259rdab-g\u0259ncl\u0259ri6.jpg\" width=\"640\" height=\"480\" \/><img loading=\"lazy\" decoding=\"async\" class=\"aligncenter size-full wp-image-8541\" alt=\"Z\u0259rdab-g\u0259ncl\u0259ri\" src=\"http:\/\/www.zerdab.com\/wp-content\/uploads\/2013\/03\/Z\u0259rdab-g\u0259ncl\u0259ri7.jpg\" width=\"640\" height=\"480\" \/><\/p>\n","protected":false},"excerpt":{"rendered":"<p>31 mart &#8211; Az\u0259rbaycanl\u0131lar\u0131n Soyq\u0131r\u0131m\u0131 G\u00fcn\u00fc \u0259r\u0259f\u0259sind\u0259 \u00f6lk\u0259mizd\u0259, o c\u00fcml\u0259d\u0259n, Z\u0259rdab rayonunda soyq\u0131r\u0131m qurbanlar\u0131n\u0131n xatir\u0259sin\u0259 silsil\u0259 t\u0259dbirl\u0259r h\u0259yata ke\u00e7irilmi\u015fdir. Rayon \u0130cra Hakimiyy\u0259tinin ba\u015f\u00e7\u0131s\u0131 t\u0259r\u0259find\u0259n t\u0259dbirl\u0259r plan\u0131 t\u0259sdiq olunmu\u015f v\u0259 plana m\u00fcvafiq olaraq Z\u0259rdab rayonundan bir qrup g\u0259nc Quba \u015f\u0259h\u0259rind\u0259 a\u015fkar olunmu\u015f xalq\u0131m\u0131z\u0131n m\u00fcxt\u0259lif vaxtlarda ba\u015f\u0131na g\u0259tiril\u0259n etnik t\u0259mizl\u0259m\u0259nin &#8211; soyq\u0131r\u0131m\u0131n \u0259yani s\u00fcbutu olan k\u00fctl\u0259vi m\u0259zarl\u0131\u011f\u0131 [&hellip;]<\/p>\n","protected":false},"author":1,"featured_media":0,"comment_status":"open","ping_status":"open","sticky":false,"template":"","format":"standard","meta":{"footnotes":""},"categories":[5],"tags":[],"class_list":{"0":"post-8528","1":"post","2":"type-post","3":"status-publish","4":"format-standard","6":"category-knd"},"yoast_head":"<!-- This site is optimized with the Yoast SEO plugin v27.0 - https:\/\/yoast.com\/product\/yoast-seo-wordpress\/ -->\n<title>G\u0259ncl\u0259rimiz Qubadak\u0131 k\u00fctl\u0259vi soyq\u0131r\u0131m\u0131 m\u0259zarl\u0131\u011f\u0131n\u0131 ziyar\u0259t etdil\u0259r - foto - Z\u0259rdab.com<\/title>\n<meta name=\"robots\" content=\"index, follow, max-snippet:-1, max-image-preview:large, max-video-preview:-1\" \/>\n<link rel=\"canonical\" href=\"https:\/\/www.zerdab.com\/?p=8528\" \/>\n<meta property=\"og:locale\" content=\"az_AZ\" \/>\n<meta property=\"og:type\" content=\"article\" \/>\n<meta property=\"og:title\" content=\"G\u0259ncl\u0259rimiz Qubadak\u0131 k\u00fctl\u0259vi soyq\u0131r\u0131m\u0131 m\u0259zarl\u0131\u011f\u0131n\u0131 ziyar\u0259t etdil\u0259r - foto - Z\u0259rdab.com\" \/>\n<meta property=\"og:description\" content=\"31 mart &#8211; Az\u0259rbaycanl\u0131lar\u0131n Soyq\u0131r\u0131m\u0131 G\u00fcn\u00fc \u0259r\u0259f\u0259sind\u0259 \u00f6lk\u0259mizd\u0259, o c\u00fcml\u0259d\u0259n, Z\u0259rdab rayonunda soyq\u0131r\u0131m qurbanlar\u0131n\u0131n xatir\u0259sin\u0259 silsil\u0259 t\u0259dbirl\u0259r h\u0259yata ke\u00e7irilmi\u015fdir. Rayon \u0130cra Hakimiyy\u0259tinin ba\u015f\u00e7\u0131s\u0131 t\u0259r\u0259find\u0259n t\u0259dbirl\u0259r plan\u0131 t\u0259sdiq olunmu\u015f v\u0259 plana m\u00fcvafiq olaraq Z\u0259rdab rayonundan bir qrup g\u0259nc Quba \u015f\u0259h\u0259rind\u0259 a\u015fkar olunmu\u015f xalq\u0131m\u0131z\u0131n m\u00fcxt\u0259lif vaxtlarda ba\u015f\u0131na g\u0259tiril\u0259n etnik t\u0259mizl\u0259m\u0259nin &#8211; soyq\u0131r\u0131m\u0131n \u0259yani s\u00fcbutu olan k\u00fctl\u0259vi m\u0259zarl\u0131\u011f\u0131 [&hellip;]\" \/>\n<meta property=\"og:url\" content=\"https:\/\/www.zerdab.com\/?p=8528\" \/>\n<meta property=\"og:site_name\" content=\"Z\u0259rdab.com\" \/>\n<meta property=\"article:published_time\" content=\"2013-03-30T14:41:39+00:00\" \/>\n<meta property=\"article:modified_time\" content=\"2013-03-30T14:53:34+00:00\" \/>\n<meta name=\"author\" content=\"admin\" \/>\n<meta name=\"twitter:card\" content=\"summary_large_image\" \/>\n<meta name=\"twitter:label1\" content=\"Written by\" \/>\n\t<meta name=\"twitter:data1\" content=\"admin\" \/>\n\t<meta name=\"twitter:label2\" content=\"Est. reading time\" \/>\n\t<meta name=\"twitter:data2\" content=\"5 minutes\" \/>\n<script type=\"application\/ld+json\" class=\"yoast-schema-graph\">{\"@context\":\"https:\/\/schema.org\",\"@graph\":[{\"@type\":\"Article\",\"@id\":\"https:\/\/www.zerdab.com\/?p=8528#article\",\"isPartOf\":{\"@id\":\"https:\/\/www.zerdab.com\/?p=8528\"},\"author\":{\"name\":\"admin\",\"@id\":\"https:\/\/www.zerdab.com\/#\/schema\/person\/97079b7570c1e89ec0d9e138c3672136\"},\"headline\":\"G\u0259ncl\u0259rimiz Qubadak\u0131 k\u00fctl\u0259vi soyq\u0131r\u0131m\u0131 m\u0259zarl\u0131\u011f\u0131n\u0131 ziyar\u0259t etdil\u0259r &#8211; foto\",\"datePublished\":\"2013-03-30T14:41:39+00:00\",\"dateModified\":\"2013-03-30T14:53:34+00:00\",\"mainEntityOfPage\":{\"@id\":\"https:\/\/www.zerdab.com\/?p=8528\"},\"wordCount\":1037,\"commentCount\":10,\"articleSection\":[\"X\u018fB\u018fRL\u018fR\"],\"inLanguage\":\"az\",\"potentialAction\":[{\"@type\":\"CommentAction\",\"name\":\"Comment\",\"target\":[\"https:\/\/www.zerdab.com\/?p=8528#respond\"]}]},{\"@type\":\"WebPage\",\"@id\":\"https:\/\/www.zerdab.com\/?p=8528\",\"url\":\"https:\/\/www.zerdab.com\/?p=8528\",\"name\":\"G\u0259ncl\u0259rimiz Qubadak\u0131 k\u00fctl\u0259vi soyq\u0131r\u0131m\u0131 m\u0259zarl\u0131\u011f\u0131n\u0131 ziyar\u0259t etdil\u0259r - foto - Z\u0259rdab.com\",\"isPartOf\":{\"@id\":\"https:\/\/www.zerdab.com\/#website\"},\"datePublished\":\"2013-03-30T14:41:39+00:00\",\"dateModified\":\"2013-03-30T14:53:34+00:00\",\"author\":{\"@id\":\"https:\/\/www.zerdab.com\/#\/schema\/person\/97079b7570c1e89ec0d9e138c3672136\"},\"breadcrumb\":{\"@id\":\"https:\/\/www.zerdab.com\/?p=8528#breadcrumb\"},\"inLanguage\":\"az\",\"potentialAction\":[{\"@type\":\"ReadAction\",\"target\":[\"https:\/\/www.zerdab.com\/?p=8528\"]}]},{\"@type\":\"BreadcrumbList\",\"@id\":\"https:\/\/www.zerdab.com\/?p=8528#breadcrumb\",\"itemListElement\":[{\"@type\":\"ListItem\",\"position\":1,\"name\":\"Home\",\"item\":\"https:\/\/www.zerdab.com\/\"},{\"@type\":\"ListItem\",\"position\":2,\"name\":\"G\u0259ncl\u0259rimiz Qubadak\u0131 k\u00fctl\u0259vi soyq\u0131r\u0131m\u0131 m\u0259zarl\u0131\u011f\u0131n\u0131 ziyar\u0259t etdil\u0259r &#8211; foto\"}]},{\"@type\":\"WebSite\",\"@id\":\"https:\/\/www.zerdab.com\/#website\",\"url\":\"https:\/\/www.zerdab.com\/\",\"name\":\"Z\u0259rdab.com\",\"description\":\"\",\"potentialAction\":[{\"@type\":\"SearchAction\",\"target\":{\"@type\":\"EntryPoint\",\"urlTemplate\":\"https:\/\/www.zerdab.com\/?s={search_term_string}\"},\"query-input\":{\"@type\":\"PropertyValueSpecification\",\"valueRequired\":true,\"valueName\":\"search_term_string\"}}],\"inLanguage\":\"az\"},{\"@type\":\"Person\",\"@id\":\"https:\/\/www.zerdab.com\/#\/schema\/person\/97079b7570c1e89ec0d9e138c3672136\",\"name\":\"admin\",\"image\":{\"@type\":\"ImageObject\",\"inLanguage\":\"az\",\"@id\":\"https:\/\/www.zerdab.com\/#\/schema\/person\/image\/\",\"url\":\"https:\/\/secure.gravatar.com\/avatar\/d9c52a9a27c32119cb6679a077fa3e2779e5f822c451cbf01098004361d466ec?s=96&d=mm&r=g\",\"contentUrl\":\"https:\/\/secure.gravatar.com\/avatar\/d9c52a9a27c32119cb6679a077fa3e2779e5f822c451cbf01098004361d466ec?s=96&d=mm&r=g\",\"caption\":\"admin\"},\"url\":\"https:\/\/www.zerdab.com\/?author=1\"}]}<\/script>\n<!-- \/ Yoast SEO plugin. -->","yoast_head_json":{"title":"G\u0259ncl\u0259rimiz Qubadak\u0131 k\u00fctl\u0259vi soyq\u0131r\u0131m\u0131 m\u0259zarl\u0131\u011f\u0131n\u0131 ziyar\u0259t etdil\u0259r - foto - Z\u0259rdab.com","robots":{"index":"index","follow":"follow","max-snippet":"max-snippet:-1","max-image-preview":"max-image-preview:large","max-video-preview":"max-video-preview:-1"},"canonical":"https:\/\/www.zerdab.com\/?p=8528","og_locale":"az_AZ","og_type":"article","og_title":"G\u0259ncl\u0259rimiz Qubadak\u0131 k\u00fctl\u0259vi soyq\u0131r\u0131m\u0131 m\u0259zarl\u0131\u011f\u0131n\u0131 ziyar\u0259t etdil\u0259r - foto - Z\u0259rdab.com","og_description":"31 mart &#8211; Az\u0259rbaycanl\u0131lar\u0131n Soyq\u0131r\u0131m\u0131 G\u00fcn\u00fc \u0259r\u0259f\u0259sind\u0259 \u00f6lk\u0259mizd\u0259, o c\u00fcml\u0259d\u0259n, Z\u0259rdab rayonunda soyq\u0131r\u0131m qurbanlar\u0131n\u0131n xatir\u0259sin\u0259 silsil\u0259 t\u0259dbirl\u0259r h\u0259yata ke\u00e7irilmi\u015fdir. Rayon \u0130cra Hakimiyy\u0259tinin ba\u015f\u00e7\u0131s\u0131 t\u0259r\u0259find\u0259n t\u0259dbirl\u0259r plan\u0131 t\u0259sdiq olunmu\u015f v\u0259 plana m\u00fcvafiq olaraq Z\u0259rdab rayonundan bir qrup g\u0259nc Quba \u015f\u0259h\u0259rind\u0259 a\u015fkar olunmu\u015f xalq\u0131m\u0131z\u0131n m\u00fcxt\u0259lif vaxtlarda ba\u015f\u0131na g\u0259tiril\u0259n etnik t\u0259mizl\u0259m\u0259nin &#8211; soyq\u0131r\u0131m\u0131n \u0259yani s\u00fcbutu olan k\u00fctl\u0259vi m\u0259zarl\u0131\u011f\u0131 [&hellip;]","og_url":"https:\/\/www.zerdab.com\/?p=8528","og_site_name":"Z\u0259rdab.com","article_published_time":"2013-03-30T14:41:39+00:00","article_modified_time":"2013-03-30T14:53:34+00:00","author":"admin","twitter_card":"summary_large_image","twitter_misc":{"Written by":"admin","Est. reading time":"5 minutes"},"schema":{"@context":"https:\/\/schema.org","@graph":[{"@type":"Article","@id":"https:\/\/www.zerdab.com\/?p=8528#article","isPartOf":{"@id":"https:\/\/www.zerdab.com\/?p=8528"},"author":{"name":"admin","@id":"https:\/\/www.zerdab.com\/#\/schema\/person\/97079b7570c1e89ec0d9e138c3672136"},"headline":"G\u0259ncl\u0259rimiz Qubadak\u0131 k\u00fctl\u0259vi soyq\u0131r\u0131m\u0131 m\u0259zarl\u0131\u011f\u0131n\u0131 ziyar\u0259t etdil\u0259r &#8211; foto","datePublished":"2013-03-30T14:41:39+00:00","dateModified":"2013-03-30T14:53:34+00:00","mainEntityOfPage":{"@id":"https:\/\/www.zerdab.com\/?p=8528"},"wordCount":1037,"commentCount":10,"articleSection":["X\u018fB\u018fRL\u018fR"],"inLanguage":"az","potentialAction":[{"@type":"CommentAction","name":"Comment","target":["https:\/\/www.zerdab.com\/?p=8528#respond"]}]},{"@type":"WebPage","@id":"https:\/\/www.zerdab.com\/?p=8528","url":"https:\/\/www.zerdab.com\/?p=8528","name":"G\u0259ncl\u0259rimiz Qubadak\u0131 k\u00fctl\u0259vi soyq\u0131r\u0131m\u0131 m\u0259zarl\u0131\u011f\u0131n\u0131 ziyar\u0259t etdil\u0259r - foto - Z\u0259rdab.com","isPartOf":{"@id":"https:\/\/www.zerdab.com\/#website"},"datePublished":"2013-03-30T14:41:39+00:00","dateModified":"2013-03-30T14:53:34+00:00","author":{"@id":"https:\/\/www.zerdab.com\/#\/schema\/person\/97079b7570c1e89ec0d9e138c3672136"},"breadcrumb":{"@id":"https:\/\/www.zerdab.com\/?p=8528#breadcrumb"},"inLanguage":"az","potentialAction":[{"@type":"ReadAction","target":["https:\/\/www.zerdab.com\/?p=8528"]}]},{"@type":"BreadcrumbList","@id":"https:\/\/www.zerdab.com\/?p=8528#breadcrumb","itemListElement":[{"@type":"ListItem","position":1,"name":"Home","item":"https:\/\/www.zerdab.com\/"},{"@type":"ListItem","position":2,"name":"G\u0259ncl\u0259rimiz Qubadak\u0131 k\u00fctl\u0259vi soyq\u0131r\u0131m\u0131 m\u0259zarl\u0131\u011f\u0131n\u0131 ziyar\u0259t etdil\u0259r &#8211; foto"}]},{"@type":"WebSite","@id":"https:\/\/www.zerdab.com\/#website","url":"https:\/\/www.zerdab.com\/","name":"Z\u0259rdab.com","description":"","potentialAction":[{"@type":"SearchAction","target":{"@type":"EntryPoint","urlTemplate":"https:\/\/www.zerdab.com\/?s={search_term_string}"},"query-input":{"@type":"PropertyValueSpecification","valueRequired":true,"valueName":"search_term_string"}}],"inLanguage":"az"},{"@type":"Person","@id":"https:\/\/www.zerdab.com\/#\/schema\/person\/97079b7570c1e89ec0d9e138c3672136","name":"admin","image":{"@type":"ImageObject","inLanguage":"az","@id":"https:\/\/www.zerdab.com\/#\/schema\/person\/image\/","url":"https:\/\/secure.gravatar.com\/avatar\/d9c52a9a27c32119cb6679a077fa3e2779e5f822c451cbf01098004361d466ec?s=96&d=mm&r=g","contentUrl":"https:\/\/secure.gravatar.com\/avatar\/d9c52a9a27c32119cb6679a077fa3e2779e5f822c451cbf01098004361d466ec?s=96&d=mm&r=g","caption":"admin"},"url":"https:\/\/www.zerdab.com\/?author=1"}]}},"_links":{"self":[{"href":"https:\/\/www.zerdab.com\/index.php?rest_route=\/wp\/v2\/posts\/8528","targetHints":{"allow":["GET"]}}],"collection":[{"href":"https:\/\/www.zerdab.com\/index.php?rest_route=\/wp\/v2\/posts"}],"about":[{"href":"https:\/\/www.zerdab.com\/index.php?rest_route=\/wp\/v2\/types\/post"}],"author":[{"embeddable":true,"href":"https:\/\/www.zerdab.com\/index.php?rest_route=\/wp\/v2\/users\/1"}],"replies":[{"embeddable":true,"href":"https:\/\/www.zerdab.com\/index.php?rest_route=%2Fwp%2Fv2%2Fcomments&post=8528"}],"version-history":[{"count":6,"href":"https:\/\/www.zerdab.com\/index.php?rest_route=\/wp\/v2\/posts\/8528\/revisions"}],"predecessor-version":[{"id":8543,"href":"https:\/\/www.zerdab.com\/index.php?rest_route=\/wp\/v2\/posts\/8528\/revisions\/8543"}],"wp:attachment":[{"href":"https:\/\/www.zerdab.com\/index.php?rest_route=%2Fwp%2Fv2%2Fmedia&parent=8528"}],"wp:term":[{"taxonomy":"category","embeddable":true,"href":"https:\/\/www.zerdab.com\/index.php?rest_route=%2Fwp%2Fv2%2Fcategories&post=8528"},{"taxonomy":"post_tag","embeddable":true,"href":"https:\/\/www.zerdab.com\/index.php?rest_route=%2Fwp%2Fv2%2Ftags&post=8528"}],"curies":[{"name":"wp","href":"https:\/\/api.w.org\/{rel}","templated":true}]}}