{"id":8842,"date":"2013-04-10T16:51:51","date_gmt":"2013-04-10T11:51:51","guid":{"rendered":"http:\/\/www.zerdab.com\/?p=8842"},"modified":"2013-04-11T22:46:39","modified_gmt":"2013-04-11T17:46:39","slug":"z%c9%99rdab-rayonunda-s%c9%99hiyy%c9%99-iscil%c9%99ri-akademik-z%c9%99rif%c9%99-%c9%99liyevani-andilar","status":"publish","type":"post","link":"https:\/\/www.zerdab.com\/?p=8842","title":{"rendered":"Z\u0259rdab rayonunda s\u0259hiyy\u0259 i\u015f\u00e7il\u0259ri akademik Z\u0259rif\u0259 \u018fliyevan\u0131 and\u0131lar &#8211; fotolar"},"content":{"rendered":"<p><img loading=\"lazy\" decoding=\"async\" class=\"aligncenter size-medium wp-image-8843\" alt=\"Z\u0259rdab Rayon M\u0259rk\u0259zi X\u0259st\u0259xanas\u0131\" src=\"http:\/\/www.zerdab.com\/wp-content\/uploads\/2013\/04\/Z\u0259rdab-Rayon-M\u0259rk\u0259zi-X\u0259st\u0259xanas\u0131-350x262.jpg\" width=\"350\" height=\"262\" \/><strong>Z\u0259rdab Rayon M\u0259rk\u0259zi X\u0259st\u0259xanas\u0131nda tibb elminin inki\u015faf\u0131nda g\u00f6st\u0259rdiyi xidm\u0259tl\u0259ri il\u0259 xalq\u0131n q\u0259lbind\u0259 \u00f6z\u00fcn\u0259 \u0259b\u0259di m\u0259b\u0259d tikmi\u015f g\u00f6rk\u0259mli alim Z\u0259rif\u0259 xan\u0131m \u018fliyevan\u0131n anadan olmas\u0131n\u0131n 90 illiyi m\u00fcnasib\u0259til\u0259 \u201cNovator alim, nadir insan\u201d adl\u0131 konfrans ke\u00e7irilib. <a href=\"http:\/\/www.zerdab.com\/\">Zerdab.com<\/a> sayt\u0131 Z\u0259rdab R\u0130HB Aparat\u0131n\u0131n informasiya t\u0259minat\u0131 v\u0259 t\u0259hlil sektoruna istinad\u0259n x\u0259b\u0259r verir ki, t\u0259dbird\u0259 akademik Z\u0259rif\u0259 xan\u0131m \u018fliyevan\u0131n h\u0259yat f\u0259ls\u0259f\u0259sind\u0259n, m\u0259n\u0259vi d\u00fcnyas\u0131ndan oftalmologiya elminin inki\u015faf\u0131ndak\u0131 b\u00f6y\u00fck xidm\u0259tl\u0259rind\u0259n \u0259trafl\u0131 s\u00f6z a\u00e7\u0131l\u0131b.<\/strong> \u201cUnudulmaz alim, mehriban ana, qay\u011f\u0131ke\u015f insan\u201d m\u00f6vzusunda \u00e7\u0131x\u0131\u015f ed\u0259n Z\u0259rdab Rayon M\u0259rk\u0259zi X\u0259st\u0259xanas\u0131n\u0131n ba\u015f h\u0259kimi Ruslan Nem\u0259tov bildirib ki, Z\u0259rif\u0259 xan\u0131m fitri istedada malik novator alim, pak v\u0259 nadir insan kimi ya\u015fad\u0131\u011f\u0131 d\u0259rin v\u0259 m\u0259nal\u0131 \u00f6mr\u00fc, ke\u00e7diyi \u015f\u0259r\u0259fli h\u0259yat yolu il\u0259 h\u0259r bir Az\u0259rbaycan v\u0259t\u0259nda\u015f\u0131 \u00fc\u00e7\u00fcn kamillik, m\u00fcdriklik m\u0259kt\u0259bidir.<\/p>\n<p>G\u00f6rk\u0259mli alim \u00e7ox\u015fax\u0259li elmi pedaqoji f\u0259aliyy\u0259tind\u0259 t\u0259kc\u0259 t\u0259dqiqat i\u015fl\u0259ri aparmaqla kifay\u0259tl\u0259nm\u0259yib, y\u00fcks\u0259k ixtisasl\u0131 g\u0259nc alim kadrlar\u0131n yeti\u015fdirilm\u0259sin\u0259, oftalmoloq h\u0259kiml\u0259rin bilik v\u0259 t\u0259cr\u00fcb\u0259l\u0259rin art\u0131r\u0131lmas\u0131 i\u015fin\u0259 x\u00fcsusi diqq\u0259t yetirib. O, eyni zamanda qay\u011f\u0131ke\u015f ana, v\u0259fal\u0131 \u00f6m\u00fcr-g\u00fcn yolda\u015f\u0131 olub. Eni\u015fli-yoxu\u015flu \u00f6m\u00fcr yollar\u0131nda birg\u0259 add\u0131mlad\u0131\u011f\u0131 h\u0259yat yolda\u015f\u0131 \u00fcmummilli liderimiz Heyd\u0259r \u018fliyevl\u0259 yorulmadan m\u00fcq\u0259dd\u0259s amallar u\u011frunda bacar\u0131\u011f\u0131n\u0131 \u0259sirg\u0259m\u0259yib.<\/p>\n<p>Konfransda \u00e7\u0131x\u0131\u015f ed\u0259n dig\u0259r natiql\u0259r b\u00f6y\u00fck alimin xeyirxahl\u0131q missiyas\u0131na diqq\u0259ti daha \u00e7ox c\u0259lb edibl\u0259r. Bildiribl\u0259r ki, z\u0259rif barmaqlar\u0131 il\u0259 insanlar\u0131n g\u00f6zl\u0259rin\u0259 nur b\u0259x\u015f ed\u0259n Z\u0259rif\u0259 xan\u0131m\u0131n n\u0259cib x\u00fcsusiyy\u0259tl\u0259ri onu b\u00f6y\u00fck q\u0259lb\u0259 malik bir insan kimi d\u0259 q\u0259lbl\u0259rd\u0259 ya\u015fad\u0131r. Z\u0259rdab\u0131n s\u0259hiyy\u0259 i\u015f\u00e7il\u0259ri g\u00f6rk\u0259mli akademikin 90 illik yubileyinin ke\u00e7irilm\u0259si il\u0259 ba\u011fl\u0131 Prezident s\u0259r\u0259ncam\u0131n\u0131n da \u0259h\u0259miyy\u0259tini y\u00fcks\u0259k qiym\u0259tl\u0259ndiribl\u0259r.<\/p>\n<p>Zerdab.com<\/p>\n<p><img loading=\"lazy\" decoding=\"async\" class=\"aligncenter size-full wp-image-8844\" alt=\"Z\u0259rdab Rayon M\u0259rk\u0259zi X\u0259st\u0259xanas\u01313\" src=\"http:\/\/www.zerdab.com\/wp-content\/uploads\/2013\/04\/Z\u0259rdab-Rayon-M\u0259rk\u0259zi-X\u0259st\u0259xanas\u01313.jpg\" width=\"1024\" height=\"768\" \/><\/p>\n<p><img loading=\"lazy\" decoding=\"async\" class=\"aligncenter size-full wp-image-8845\" alt=\"Z\u0259rdab Rayon M\u0259rk\u0259zi X\u0259st\u0259xanas\u0131\" src=\"http:\/\/www.zerdab.com\/wp-content\/uploads\/2013\/04\/Z\u0259rdab-Rayon-M\u0259rk\u0259zi-X\u0259st\u0259xanas\u01312.jpg\" width=\"1024\" height=\"768\" \/><\/p>\n","protected":false},"excerpt":{"rendered":"<p>Z\u0259rdab Rayon M\u0259rk\u0259zi X\u0259st\u0259xanas\u0131nda tibb elminin inki\u015faf\u0131nda g\u00f6st\u0259rdiyi xidm\u0259tl\u0259ri il\u0259 xalq\u0131n q\u0259lbind\u0259 \u00f6z\u00fcn\u0259 \u0259b\u0259di m\u0259b\u0259d tikmi\u015f g\u00f6rk\u0259mli alim Z\u0259rif\u0259 xan\u0131m \u018fliyevan\u0131n anadan olmas\u0131n\u0131n 90 illiyi m\u00fcnasib\u0259til\u0259 \u201cNovator alim, nadir insan\u201d adl\u0131 konfrans ke\u00e7irilib. Zerdab.com sayt\u0131 Z\u0259rdab R\u0130HB Aparat\u0131n\u0131n informasiya t\u0259minat\u0131 v\u0259 t\u0259hlil sektoruna istinad\u0259n x\u0259b\u0259r verir ki, t\u0259dbird\u0259 akademik Z\u0259rif\u0259 xan\u0131m \u018fliyevan\u0131n h\u0259yat f\u0259ls\u0259f\u0259sind\u0259n, m\u0259n\u0259vi [&hellip;]<\/p>\n","protected":false},"author":1,"featured_media":0,"comment_status":"open","ping_status":"open","sticky":false,"template":"","format":"standard","meta":{"footnotes":""},"categories":[21],"tags":[],"class_list":{"0":"post-8842","1":"post","2":"type-post","3":"status-publish","4":"format-standard","6":"category-zrdab"},"yoast_head":"<!-- This site is optimized with the Yoast SEO plugin v27.0 - https:\/\/yoast.com\/product\/yoast-seo-wordpress\/ -->\n<title>Z\u0259rdab rayonunda s\u0259hiyy\u0259 i\u015f\u00e7il\u0259ri akademik Z\u0259rif\u0259 \u018fliyevan\u0131 and\u0131lar - fotolar - Z\u0259rdab.com<\/title>\n<meta name=\"robots\" content=\"index, follow, max-snippet:-1, max-image-preview:large, max-video-preview:-1\" \/>\n<link rel=\"canonical\" href=\"https:\/\/www.zerdab.com\/?p=8842\" \/>\n<meta property=\"og:locale\" content=\"az_AZ\" \/>\n<meta property=\"og:type\" content=\"article\" \/>\n<meta property=\"og:title\" content=\"Z\u0259rdab rayonunda s\u0259hiyy\u0259 i\u015f\u00e7il\u0259ri akademik Z\u0259rif\u0259 \u018fliyevan\u0131 and\u0131lar - fotolar - Z\u0259rdab.com\" \/>\n<meta property=\"og:description\" content=\"Z\u0259rdab Rayon M\u0259rk\u0259zi X\u0259st\u0259xanas\u0131nda tibb elminin inki\u015faf\u0131nda g\u00f6st\u0259rdiyi xidm\u0259tl\u0259ri il\u0259 xalq\u0131n q\u0259lbind\u0259 \u00f6z\u00fcn\u0259 \u0259b\u0259di m\u0259b\u0259d tikmi\u015f g\u00f6rk\u0259mli alim Z\u0259rif\u0259 xan\u0131m \u018fliyevan\u0131n anadan olmas\u0131n\u0131n 90 illiyi m\u00fcnasib\u0259til\u0259 \u201cNovator alim, nadir insan\u201d adl\u0131 konfrans ke\u00e7irilib. Zerdab.com sayt\u0131 Z\u0259rdab R\u0130HB Aparat\u0131n\u0131n informasiya t\u0259minat\u0131 v\u0259 t\u0259hlil sektoruna istinad\u0259n x\u0259b\u0259r verir ki, t\u0259dbird\u0259 akademik Z\u0259rif\u0259 xan\u0131m \u018fliyevan\u0131n h\u0259yat f\u0259ls\u0259f\u0259sind\u0259n, m\u0259n\u0259vi [&hellip;]\" \/>\n<meta property=\"og:url\" content=\"https:\/\/www.zerdab.com\/?p=8842\" \/>\n<meta property=\"og:site_name\" content=\"Z\u0259rdab.com\" \/>\n<meta property=\"article:published_time\" content=\"2013-04-10T11:51:51+00:00\" \/>\n<meta property=\"article:modified_time\" content=\"2013-04-11T17:46:39+00:00\" \/>\n<meta name=\"author\" content=\"admin\" \/>\n<meta name=\"twitter:card\" content=\"summary_large_image\" \/>\n<meta name=\"twitter:label1\" content=\"Written by\" \/>\n\t<meta name=\"twitter:data1\" content=\"admin\" \/>\n\t<meta name=\"twitter:label2\" content=\"Est. reading time\" \/>\n\t<meta name=\"twitter:data2\" content=\"2 minutes\" \/>\n<script type=\"application\/ld+json\" class=\"yoast-schema-graph\">{\"@context\":\"https:\/\/schema.org\",\"@graph\":[{\"@type\":\"Article\",\"@id\":\"https:\/\/www.zerdab.com\/?p=8842#article\",\"isPartOf\":{\"@id\":\"https:\/\/www.zerdab.com\/?p=8842\"},\"author\":{\"name\":\"admin\",\"@id\":\"https:\/\/www.zerdab.com\/#\/schema\/person\/97079b7570c1e89ec0d9e138c3672136\"},\"headline\":\"Z\u0259rdab rayonunda s\u0259hiyy\u0259 i\u015f\u00e7il\u0259ri akademik Z\u0259rif\u0259 \u018fliyevan\u0131 and\u0131lar &#8211; fotolar\",\"datePublished\":\"2013-04-10T11:51:51+00:00\",\"dateModified\":\"2013-04-11T17:46:39+00:00\",\"mainEntityOfPage\":{\"@id\":\"https:\/\/www.zerdab.com\/?p=8842\"},\"wordCount\":425,\"commentCount\":0,\"articleSection\":[\"C\u018fM\u0130YY\u018fT\"],\"inLanguage\":\"az\",\"potentialAction\":[{\"@type\":\"CommentAction\",\"name\":\"Comment\",\"target\":[\"https:\/\/www.zerdab.com\/?p=8842#respond\"]}]},{\"@type\":\"WebPage\",\"@id\":\"https:\/\/www.zerdab.com\/?p=8842\",\"url\":\"https:\/\/www.zerdab.com\/?p=8842\",\"name\":\"Z\u0259rdab rayonunda s\u0259hiyy\u0259 i\u015f\u00e7il\u0259ri akademik Z\u0259rif\u0259 \u018fliyevan\u0131 and\u0131lar - fotolar - Z\u0259rdab.com\",\"isPartOf\":{\"@id\":\"https:\/\/www.zerdab.com\/#website\"},\"datePublished\":\"2013-04-10T11:51:51+00:00\",\"dateModified\":\"2013-04-11T17:46:39+00:00\",\"author\":{\"@id\":\"https:\/\/www.zerdab.com\/#\/schema\/person\/97079b7570c1e89ec0d9e138c3672136\"},\"breadcrumb\":{\"@id\":\"https:\/\/www.zerdab.com\/?p=8842#breadcrumb\"},\"inLanguage\":\"az\",\"potentialAction\":[{\"@type\":\"ReadAction\",\"target\":[\"https:\/\/www.zerdab.com\/?p=8842\"]}]},{\"@type\":\"BreadcrumbList\",\"@id\":\"https:\/\/www.zerdab.com\/?p=8842#breadcrumb\",\"itemListElement\":[{\"@type\":\"ListItem\",\"position\":1,\"name\":\"Home\",\"item\":\"https:\/\/www.zerdab.com\/\"},{\"@type\":\"ListItem\",\"position\":2,\"name\":\"Z\u0259rdab rayonunda s\u0259hiyy\u0259 i\u015f\u00e7il\u0259ri akademik Z\u0259rif\u0259 \u018fliyevan\u0131 and\u0131lar &#8211; fotolar\"}]},{\"@type\":\"WebSite\",\"@id\":\"https:\/\/www.zerdab.com\/#website\",\"url\":\"https:\/\/www.zerdab.com\/\",\"name\":\"Z\u0259rdab.com\",\"description\":\"\",\"potentialAction\":[{\"@type\":\"SearchAction\",\"target\":{\"@type\":\"EntryPoint\",\"urlTemplate\":\"https:\/\/www.zerdab.com\/?s={search_term_string}\"},\"query-input\":{\"@type\":\"PropertyValueSpecification\",\"valueRequired\":true,\"valueName\":\"search_term_string\"}}],\"inLanguage\":\"az\"},{\"@type\":\"Person\",\"@id\":\"https:\/\/www.zerdab.com\/#\/schema\/person\/97079b7570c1e89ec0d9e138c3672136\",\"name\":\"admin\",\"image\":{\"@type\":\"ImageObject\",\"inLanguage\":\"az\",\"@id\":\"https:\/\/www.zerdab.com\/#\/schema\/person\/image\/\",\"url\":\"https:\/\/secure.gravatar.com\/avatar\/d9c52a9a27c32119cb6679a077fa3e2779e5f822c451cbf01098004361d466ec?s=96&d=mm&r=g\",\"contentUrl\":\"https:\/\/secure.gravatar.com\/avatar\/d9c52a9a27c32119cb6679a077fa3e2779e5f822c451cbf01098004361d466ec?s=96&d=mm&r=g\",\"caption\":\"admin\"},\"url\":\"https:\/\/www.zerdab.com\/?author=1\"}]}<\/script>\n<!-- \/ Yoast SEO plugin. -->","yoast_head_json":{"title":"Z\u0259rdab rayonunda s\u0259hiyy\u0259 i\u015f\u00e7il\u0259ri akademik Z\u0259rif\u0259 \u018fliyevan\u0131 and\u0131lar - fotolar - Z\u0259rdab.com","robots":{"index":"index","follow":"follow","max-snippet":"max-snippet:-1","max-image-preview":"max-image-preview:large","max-video-preview":"max-video-preview:-1"},"canonical":"https:\/\/www.zerdab.com\/?p=8842","og_locale":"az_AZ","og_type":"article","og_title":"Z\u0259rdab rayonunda s\u0259hiyy\u0259 i\u015f\u00e7il\u0259ri akademik Z\u0259rif\u0259 \u018fliyevan\u0131 and\u0131lar - fotolar - Z\u0259rdab.com","og_description":"Z\u0259rdab Rayon M\u0259rk\u0259zi X\u0259st\u0259xanas\u0131nda tibb elminin inki\u015faf\u0131nda g\u00f6st\u0259rdiyi xidm\u0259tl\u0259ri il\u0259 xalq\u0131n q\u0259lbind\u0259 \u00f6z\u00fcn\u0259 \u0259b\u0259di m\u0259b\u0259d tikmi\u015f g\u00f6rk\u0259mli alim Z\u0259rif\u0259 xan\u0131m \u018fliyevan\u0131n anadan olmas\u0131n\u0131n 90 illiyi m\u00fcnasib\u0259til\u0259 \u201cNovator alim, nadir insan\u201d adl\u0131 konfrans ke\u00e7irilib. Zerdab.com sayt\u0131 Z\u0259rdab R\u0130HB Aparat\u0131n\u0131n informasiya t\u0259minat\u0131 v\u0259 t\u0259hlil sektoruna istinad\u0259n x\u0259b\u0259r verir ki, t\u0259dbird\u0259 akademik Z\u0259rif\u0259 xan\u0131m \u018fliyevan\u0131n h\u0259yat f\u0259ls\u0259f\u0259sind\u0259n, m\u0259n\u0259vi [&hellip;]","og_url":"https:\/\/www.zerdab.com\/?p=8842","og_site_name":"Z\u0259rdab.com","article_published_time":"2013-04-10T11:51:51+00:00","article_modified_time":"2013-04-11T17:46:39+00:00","author":"admin","twitter_card":"summary_large_image","twitter_misc":{"Written by":"admin","Est. reading time":"2 minutes"},"schema":{"@context":"https:\/\/schema.org","@graph":[{"@type":"Article","@id":"https:\/\/www.zerdab.com\/?p=8842#article","isPartOf":{"@id":"https:\/\/www.zerdab.com\/?p=8842"},"author":{"name":"admin","@id":"https:\/\/www.zerdab.com\/#\/schema\/person\/97079b7570c1e89ec0d9e138c3672136"},"headline":"Z\u0259rdab rayonunda s\u0259hiyy\u0259 i\u015f\u00e7il\u0259ri akademik Z\u0259rif\u0259 \u018fliyevan\u0131 and\u0131lar &#8211; fotolar","datePublished":"2013-04-10T11:51:51+00:00","dateModified":"2013-04-11T17:46:39+00:00","mainEntityOfPage":{"@id":"https:\/\/www.zerdab.com\/?p=8842"},"wordCount":425,"commentCount":0,"articleSection":["C\u018fM\u0130YY\u018fT"],"inLanguage":"az","potentialAction":[{"@type":"CommentAction","name":"Comment","target":["https:\/\/www.zerdab.com\/?p=8842#respond"]}]},{"@type":"WebPage","@id":"https:\/\/www.zerdab.com\/?p=8842","url":"https:\/\/www.zerdab.com\/?p=8842","name":"Z\u0259rdab rayonunda s\u0259hiyy\u0259 i\u015f\u00e7il\u0259ri akademik Z\u0259rif\u0259 \u018fliyevan\u0131 and\u0131lar - fotolar - Z\u0259rdab.com","isPartOf":{"@id":"https:\/\/www.zerdab.com\/#website"},"datePublished":"2013-04-10T11:51:51+00:00","dateModified":"2013-04-11T17:46:39+00:00","author":{"@id":"https:\/\/www.zerdab.com\/#\/schema\/person\/97079b7570c1e89ec0d9e138c3672136"},"breadcrumb":{"@id":"https:\/\/www.zerdab.com\/?p=8842#breadcrumb"},"inLanguage":"az","potentialAction":[{"@type":"ReadAction","target":["https:\/\/www.zerdab.com\/?p=8842"]}]},{"@type":"BreadcrumbList","@id":"https:\/\/www.zerdab.com\/?p=8842#breadcrumb","itemListElement":[{"@type":"ListItem","position":1,"name":"Home","item":"https:\/\/www.zerdab.com\/"},{"@type":"ListItem","position":2,"name":"Z\u0259rdab rayonunda s\u0259hiyy\u0259 i\u015f\u00e7il\u0259ri akademik Z\u0259rif\u0259 \u018fliyevan\u0131 and\u0131lar &#8211; fotolar"}]},{"@type":"WebSite","@id":"https:\/\/www.zerdab.com\/#website","url":"https:\/\/www.zerdab.com\/","name":"Z\u0259rdab.com","description":"","potentialAction":[{"@type":"SearchAction","target":{"@type":"EntryPoint","urlTemplate":"https:\/\/www.zerdab.com\/?s={search_term_string}"},"query-input":{"@type":"PropertyValueSpecification","valueRequired":true,"valueName":"search_term_string"}}],"inLanguage":"az"},{"@type":"Person","@id":"https:\/\/www.zerdab.com\/#\/schema\/person\/97079b7570c1e89ec0d9e138c3672136","name":"admin","image":{"@type":"ImageObject","inLanguage":"az","@id":"https:\/\/www.zerdab.com\/#\/schema\/person\/image\/","url":"https:\/\/secure.gravatar.com\/avatar\/d9c52a9a27c32119cb6679a077fa3e2779e5f822c451cbf01098004361d466ec?s=96&d=mm&r=g","contentUrl":"https:\/\/secure.gravatar.com\/avatar\/d9c52a9a27c32119cb6679a077fa3e2779e5f822c451cbf01098004361d466ec?s=96&d=mm&r=g","caption":"admin"},"url":"https:\/\/www.zerdab.com\/?author=1"}]}},"_links":{"self":[{"href":"https:\/\/www.zerdab.com\/index.php?rest_route=\/wp\/v2\/posts\/8842","targetHints":{"allow":["GET"]}}],"collection":[{"href":"https:\/\/www.zerdab.com\/index.php?rest_route=\/wp\/v2\/posts"}],"about":[{"href":"https:\/\/www.zerdab.com\/index.php?rest_route=\/wp\/v2\/types\/post"}],"author":[{"embeddable":true,"href":"https:\/\/www.zerdab.com\/index.php?rest_route=\/wp\/v2\/users\/1"}],"replies":[{"embeddable":true,"href":"https:\/\/www.zerdab.com\/index.php?rest_route=%2Fwp%2Fv2%2Fcomments&post=8842"}],"version-history":[{"count":5,"href":"https:\/\/www.zerdab.com\/index.php?rest_route=\/wp\/v2\/posts\/8842\/revisions"}],"predecessor-version":[{"id":8884,"href":"https:\/\/www.zerdab.com\/index.php?rest_route=\/wp\/v2\/posts\/8842\/revisions\/8884"}],"wp:attachment":[{"href":"https:\/\/www.zerdab.com\/index.php?rest_route=%2Fwp%2Fv2%2Fmedia&parent=8842"}],"wp:term":[{"taxonomy":"category","embeddable":true,"href":"https:\/\/www.zerdab.com\/index.php?rest_route=%2Fwp%2Fv2%2Fcategories&post=8842"},{"taxonomy":"post_tag","embeddable":true,"href":"https:\/\/www.zerdab.com\/index.php?rest_route=%2Fwp%2Fv2%2Ftags&post=8842"}],"curies":[{"name":"wp","href":"https:\/\/api.w.org\/{rel}","templated":true}]}}