{"id":8870,"date":"2013-04-11T17:07:02","date_gmt":"2013-04-11T12:07:02","guid":{"rendered":"http:\/\/www.zerdab.com\/?p=8870"},"modified":"2013-04-11T22:36:32","modified_gmt":"2013-04-11T17:36:32","slug":"z%c9%99rdabda-sahibkarlara-maarifl%c9%99ndirici-treninq-kecdil%c9%99r-foto","status":"publish","type":"post","link":"https:\/\/www.zerdab.com\/?p=8870","title":{"rendered":"Z\u0259rdabda sahibkarlara maarifl\u0259ndirici treninq ke\u00e7dil\u0259r &#8211; foto"},"content":{"rendered":"<p><strong><img loading=\"lazy\" decoding=\"async\" class=\"aligncenter size-full wp-image-8871\" alt=\"OLYMPUS DIGITAL CAMERA\" src=\"http:\/\/www.zerdab.com\/wp-content\/uploads\/2013\/04\/Zerdab-Z\u0259rdab.jpg\" width=\"1024\" height=\"768\" \/>\u0130qtisadi \u0130nki\u015faf Nazirliyi v\u0259 Z\u0259rdab Rayon \u0130cra Hakimiyy\u0259tinin birg\u0259 t\u0259\u015fkilat\u00e7\u0131l\u0131\u011f\u0131 il\u0259 Z\u0259rdab rayonunda f\u0259aliyy\u0259t g\u00f6st\u0259r\u0259n sahibkarlar v\u0259 sahibkarl\u0131q f\u0259aliyy\u0259tin\u0259 yeni ba\u015flayanlar \u00fc\u00e7\u00fcn maarifl\u0259ndirici treninq ke\u00e7irilib.<\/strong><\/p>\n<p>T\u0259dbird\u0259 Z\u0259rdab Rayon \u0130cra Hakimiyy\u0259ti Ba\u015f\u00e7\u0131s\u0131n\u0131n m\u00fcavini, sosial-iqtisadi inki\u015faf\u0131n t\u0259hlili v\u0259 proqnozla\u015fd\u0131r\u0131lmas\u0131 \u015f\u00f6b\u0259sinin m\u00fcdiri P\u0259rvin Mahmudova, \u0130qtisadi \u0130nki\u015faf Nazirliyinin Bak\u0131 Biznes T\u0259dris M\u0259rk\u0259zinin G\u00f6y\u00e7ay n\u00fcmay\u0259nd\u0259liyinin r\u0259hb\u0259ri Akif Abbasov, Yevlax n\u00fcmay\u0259nd\u0259liyinin r\u0259hb\u0259ri R\u0259\u015fad Abbasov v\u0259 rayonda f\u0259aliyy\u0259t g\u00f6st\u0259r\u0259n 100-d\u0259n \u00e7ox sahibkar i\u015ftirak edibl\u0259r.<\/p>\n<p>T\u0259dbiri Z\u0259rdab Rayon \u0130cra Hakimiyy\u0259ti Ba\u015f\u00e7\u0131s\u0131n\u0131n m\u00fcavini P\u0259rvin Mahmudova a\u00e7araq respublika Prezidenti c\u0259nab \u0130lham \u018fliyev t\u0259r\u0259find\u0259n h\u0259yata ke\u00e7iril\u0259n iqtisadi siyas\u0259tin u\u011furlar\u0131ndan, sahibkarl\u0131\u011f\u0131n v\u0259 \u00f6z\u0259l sektorun inki\u015faf etdirilm\u0259si \u00fc\u00e7\u00fcn m\u0259qs\u0259dy\u00f6nl\u00fc \u015f\u0259kild\u0259 h\u0259yata ke\u00e7iril\u0259n t\u0259dbirl\u0259rd\u0259n, sahibkarl\u0131\u011f\u0131n inki\u015faf\u0131na d\u00f6vl\u0259t d\u0259st\u0259yind\u0259n \u0259trafl\u0131 m\u0259lumat verib.<\/p>\n<p>\u0130qtisadi \u0130nki\u015faf Nazirliyinin Bak\u0131 Biznes T\u0259dris M\u0259rk\u0259zinin G\u00f6y\u00e7ay n\u00fcmay\u0259nd\u0259liyinin r\u0259hb\u0259ri Akif Abbasov \u00e7\u0131x\u0131\u015f\u0131nda sahibkarl\u0131q f\u0259aliyy\u0259tinin geni\u015fl\u0259ndirilm\u0259sind\u0259 maarifl\u0259ndirm\u0259nin x\u00fcsusi \u0259h\u0259miyy\u0259tini vur\u011fulay\u0131b, sahibkarlar\u0131n v\u0259 sahibkarl\u0131q f\u0259aliyy\u0259tin\u0259 yeni ba\u015flamaq ist\u0259y\u0259nl\u0259r\u0259 t\u0259dris-metodiki, innovasiya v\u0259 konsaltinq xidm\u0259tl\u0259rinin g\u00f6st\u0259rilm\u0259si, onlara beyn\u0259lxalq t\u0259cr\u00fcb\u0259nin \u00f6yr\u0259dilm\u0259si, biznes t\u0259drisi sisteminin t\u0259kmill\u0259\u015fdirilm\u0259si v\u0259 m\u00fcasir t\u0259l\u0259bl\u0259r s\u0259viyy\u0259sind\u0259 qurulmas\u0131 istiqam\u0259tind\u0259 g\u00f6r\u00fcl\u0259n i\u015fl\u0259r bar\u0259d\u0259 m\u0259lumat verib.<\/p>\n<p>Bununla yana\u015f\u0131, \u0130qtisadi \u0130nki\u015faf Nazirliyi t\u0259r\u0259find\u0259n g\u00f6st\u0259ril\u0259n elektron xidm\u0259tl\u0259r, <a href=\"http:\/\/www.icazeler.gov.az\/\">www.icazeler.gov.az<\/a> v\u0259 www.b2b.az elektron portallar\u0131 v\u0259 onlardan istifad\u0259 qaydalar\u0131, portallar\u0131n biznesin s\u0259m\u0259r\u0259li t\u0259\u015fkili v\u0259 inki\u015faf\u0131 \u00fc\u00e7\u00fcn yaratd\u0131\u011f\u0131 \u0259lveri\u015fli imkanlar v\u0259 s. bar\u0259d\u0259 m\u0259lumatlar da i\u015ftirak\u00e7\u0131lar\u0131n diqq\u0259tin\u0259 \u00e7atd\u0131r\u0131lm\u0131\u015fd\u0131r.<\/p>\n<p>Sonda \u201cKorporativ idar\u0259etm\u0259\u201d, \u201cBiznes planlar\u0131n\u0131n haz\u0131rlanmas\u0131\u201d, \u201c\u0130qtisadi \u0130nki\u015faf Nazirliyi t\u0259r\u0259find\u0259n g\u00f6st\u0259ril\u0259n elektron xidm\u0259tl\u0259r\u201d m\u00f6vzular\u0131nda \u00e7\u0131x\u0131\u015flar dinl\u0259nilmi\u015f v\u0259 t\u0259qdimatlar ke\u00e7irilmi\u015f, i\u015ftirak\u00e7\u0131lara m\u0259lumat kitab\u00e7alar\u0131 v\u0259 dig\u0259r metodiki v\u0259saitl\u0259r paylan\u0131lm\u0131\u015f, dinl\u0259yicil\u0259rin suallar\u0131na cavablar verilmi\u015fdir.<\/p>\n<p><strong>Z\u0259rdab Rayon \u0130HB Aparat\u0131n\u0131n informasiya t\u0259minat\u0131 v\u0259 t\u0259hlil sektoru<\/strong><\/p>\n<p><img loading=\"lazy\" decoding=\"async\" class=\"aligncenter size-medium wp-image-8872\" alt=\"Zerdab\" src=\"http:\/\/www.zerdab.com\/wp-content\/uploads\/2013\/04\/Zerdab-350x262.jpg\" width=\"350\" height=\"262\" \/><\/p>\n<p><img loading=\"lazy\" decoding=\"async\" class=\"aligncenter size-medium wp-image-8873\" alt=\"Z\u0259rdab\" src=\"http:\/\/www.zerdab.com\/wp-content\/uploads\/2013\/04\/Zerdab-11-350x262.jpg\" width=\"350\" height=\"262\" \/><\/p>\n","protected":false},"excerpt":{"rendered":"<p>\u0130qtisadi \u0130nki\u015faf Nazirliyi v\u0259 Z\u0259rdab Rayon \u0130cra Hakimiyy\u0259tinin birg\u0259 t\u0259\u015fkilat\u00e7\u0131l\u0131\u011f\u0131 il\u0259 Z\u0259rdab rayonunda f\u0259aliyy\u0259t g\u00f6st\u0259r\u0259n sahibkarlar v\u0259 sahibkarl\u0131q f\u0259aliyy\u0259tin\u0259 yeni ba\u015flayanlar \u00fc\u00e7\u00fcn maarifl\u0259ndirici treninq ke\u00e7irilib. T\u0259dbird\u0259 Z\u0259rdab Rayon \u0130cra Hakimiyy\u0259ti Ba\u015f\u00e7\u0131s\u0131n\u0131n m\u00fcavini, sosial-iqtisadi inki\u015faf\u0131n t\u0259hlili v\u0259 proqnozla\u015fd\u0131r\u0131lmas\u0131 \u015f\u00f6b\u0259sinin m\u00fcdiri P\u0259rvin Mahmudova, \u0130qtisadi \u0130nki\u015faf Nazirliyinin Bak\u0131 Biznes T\u0259dris M\u0259rk\u0259zinin G\u00f6y\u00e7ay n\u00fcmay\u0259nd\u0259liyinin r\u0259hb\u0259ri Akif Abbasov, Yevlax n\u00fcmay\u0259nd\u0259liyinin [&hellip;]<\/p>\n","protected":false},"author":1,"featured_media":0,"comment_status":"open","ping_status":"open","sticky":false,"template":"","format":"standard","meta":{"footnotes":""},"categories":[5],"tags":[],"class_list":{"0":"post-8870","1":"post","2":"type-post","3":"status-publish","4":"format-standard","6":"category-knd"},"yoast_head":"<!-- This site is optimized with the Yoast SEO plugin v27.0 - https:\/\/yoast.com\/product\/yoast-seo-wordpress\/ -->\n<title>Z\u0259rdabda sahibkarlara maarifl\u0259ndirici treninq ke\u00e7dil\u0259r - foto - Z\u0259rdab.com<\/title>\n<meta name=\"robots\" content=\"index, follow, max-snippet:-1, max-image-preview:large, max-video-preview:-1\" \/>\n<link rel=\"canonical\" href=\"https:\/\/www.zerdab.com\/?p=8870\" \/>\n<meta property=\"og:locale\" content=\"az_AZ\" \/>\n<meta property=\"og:type\" content=\"article\" \/>\n<meta property=\"og:title\" content=\"Z\u0259rdabda sahibkarlara maarifl\u0259ndirici treninq ke\u00e7dil\u0259r - foto - Z\u0259rdab.com\" \/>\n<meta property=\"og:description\" content=\"\u0130qtisadi \u0130nki\u015faf Nazirliyi v\u0259 Z\u0259rdab Rayon \u0130cra Hakimiyy\u0259tinin birg\u0259 t\u0259\u015fkilat\u00e7\u0131l\u0131\u011f\u0131 il\u0259 Z\u0259rdab rayonunda f\u0259aliyy\u0259t g\u00f6st\u0259r\u0259n sahibkarlar v\u0259 sahibkarl\u0131q f\u0259aliyy\u0259tin\u0259 yeni ba\u015flayanlar \u00fc\u00e7\u00fcn maarifl\u0259ndirici treninq ke\u00e7irilib. T\u0259dbird\u0259 Z\u0259rdab Rayon \u0130cra Hakimiyy\u0259ti Ba\u015f\u00e7\u0131s\u0131n\u0131n m\u00fcavini, sosial-iqtisadi inki\u015faf\u0131n t\u0259hlili v\u0259 proqnozla\u015fd\u0131r\u0131lmas\u0131 \u015f\u00f6b\u0259sinin m\u00fcdiri P\u0259rvin Mahmudova, \u0130qtisadi \u0130nki\u015faf Nazirliyinin Bak\u0131 Biznes T\u0259dris M\u0259rk\u0259zinin G\u00f6y\u00e7ay n\u00fcmay\u0259nd\u0259liyinin r\u0259hb\u0259ri Akif Abbasov, Yevlax n\u00fcmay\u0259nd\u0259liyinin [&hellip;]\" \/>\n<meta property=\"og:url\" content=\"https:\/\/www.zerdab.com\/?p=8870\" \/>\n<meta property=\"og:site_name\" content=\"Z\u0259rdab.com\" \/>\n<meta property=\"article:published_time\" content=\"2013-04-11T12:07:02+00:00\" \/>\n<meta property=\"article:modified_time\" content=\"2013-04-11T17:36:32+00:00\" \/>\n<meta property=\"og:image\" content=\"http:\/\/www.zerdab.com\/wp-content\/uploads\/2013\/04\/Zerdab-350x262.jpg\" \/>\n<meta name=\"author\" content=\"admin\" \/>\n<meta name=\"twitter:card\" content=\"summary_large_image\" \/>\n<meta name=\"twitter:label1\" content=\"Written by\" \/>\n\t<meta name=\"twitter:data1\" content=\"admin\" \/>\n\t<meta name=\"twitter:label2\" content=\"Est. reading time\" \/>\n\t<meta name=\"twitter:data2\" content=\"2 minutes\" \/>\n<script type=\"application\/ld+json\" class=\"yoast-schema-graph\">{\"@context\":\"https:\/\/schema.org\",\"@graph\":[{\"@type\":\"Article\",\"@id\":\"https:\/\/www.zerdab.com\/?p=8870#article\",\"isPartOf\":{\"@id\":\"https:\/\/www.zerdab.com\/?p=8870\"},\"author\":{\"name\":\"admin\",\"@id\":\"https:\/\/www.zerdab.com\/#\/schema\/person\/97079b7570c1e89ec0d9e138c3672136\"},\"headline\":\"Z\u0259rdabda sahibkarlara maarifl\u0259ndirici treninq ke\u00e7dil\u0259r &#8211; foto\",\"datePublished\":\"2013-04-11T12:07:02+00:00\",\"dateModified\":\"2013-04-11T17:36:32+00:00\",\"mainEntityOfPage\":{\"@id\":\"https:\/\/www.zerdab.com\/?p=8870\"},\"wordCount\":476,\"commentCount\":0,\"image\":{\"@id\":\"https:\/\/www.zerdab.com\/?p=8870#primaryimage\"},\"thumbnailUrl\":\"http:\/\/www.zerdab.com\/wp-content\/uploads\/2013\/04\/Zerdab-350x262.jpg\",\"articleSection\":[\"X\u018fB\u018fRL\u018fR\"],\"inLanguage\":\"az\",\"potentialAction\":[{\"@type\":\"CommentAction\",\"name\":\"Comment\",\"target\":[\"https:\/\/www.zerdab.com\/?p=8870#respond\"]}]},{\"@type\":\"WebPage\",\"@id\":\"https:\/\/www.zerdab.com\/?p=8870\",\"url\":\"https:\/\/www.zerdab.com\/?p=8870\",\"name\":\"Z\u0259rdabda sahibkarlara maarifl\u0259ndirici treninq ke\u00e7dil\u0259r - foto - Z\u0259rdab.com\",\"isPartOf\":{\"@id\":\"https:\/\/www.zerdab.com\/#website\"},\"primaryImageOfPage\":{\"@id\":\"https:\/\/www.zerdab.com\/?p=8870#primaryimage\"},\"image\":{\"@id\":\"https:\/\/www.zerdab.com\/?p=8870#primaryimage\"},\"thumbnailUrl\":\"http:\/\/www.zerdab.com\/wp-content\/uploads\/2013\/04\/Zerdab-350x262.jpg\",\"datePublished\":\"2013-04-11T12:07:02+00:00\",\"dateModified\":\"2013-04-11T17:36:32+00:00\",\"author\":{\"@id\":\"https:\/\/www.zerdab.com\/#\/schema\/person\/97079b7570c1e89ec0d9e138c3672136\"},\"breadcrumb\":{\"@id\":\"https:\/\/www.zerdab.com\/?p=8870#breadcrumb\"},\"inLanguage\":\"az\",\"potentialAction\":[{\"@type\":\"ReadAction\",\"target\":[\"https:\/\/www.zerdab.com\/?p=8870\"]}]},{\"@type\":\"ImageObject\",\"inLanguage\":\"az\",\"@id\":\"https:\/\/www.zerdab.com\/?p=8870#primaryimage\",\"url\":\"\",\"contentUrl\":\"\"},{\"@type\":\"BreadcrumbList\",\"@id\":\"https:\/\/www.zerdab.com\/?p=8870#breadcrumb\",\"itemListElement\":[{\"@type\":\"ListItem\",\"position\":1,\"name\":\"Home\",\"item\":\"https:\/\/www.zerdab.com\/\"},{\"@type\":\"ListItem\",\"position\":2,\"name\":\"Z\u0259rdabda sahibkarlara maarifl\u0259ndirici treninq ke\u00e7dil\u0259r &#8211; foto\"}]},{\"@type\":\"WebSite\",\"@id\":\"https:\/\/www.zerdab.com\/#website\",\"url\":\"https:\/\/www.zerdab.com\/\",\"name\":\"Z\u0259rdab.com\",\"description\":\"\",\"potentialAction\":[{\"@type\":\"SearchAction\",\"target\":{\"@type\":\"EntryPoint\",\"urlTemplate\":\"https:\/\/www.zerdab.com\/?s={search_term_string}\"},\"query-input\":{\"@type\":\"PropertyValueSpecification\",\"valueRequired\":true,\"valueName\":\"search_term_string\"}}],\"inLanguage\":\"az\"},{\"@type\":\"Person\",\"@id\":\"https:\/\/www.zerdab.com\/#\/schema\/person\/97079b7570c1e89ec0d9e138c3672136\",\"name\":\"admin\",\"image\":{\"@type\":\"ImageObject\",\"inLanguage\":\"az\",\"@id\":\"https:\/\/www.zerdab.com\/#\/schema\/person\/image\/\",\"url\":\"https:\/\/secure.gravatar.com\/avatar\/d9c52a9a27c32119cb6679a077fa3e2779e5f822c451cbf01098004361d466ec?s=96&d=mm&r=g\",\"contentUrl\":\"https:\/\/secure.gravatar.com\/avatar\/d9c52a9a27c32119cb6679a077fa3e2779e5f822c451cbf01098004361d466ec?s=96&d=mm&r=g\",\"caption\":\"admin\"},\"url\":\"https:\/\/www.zerdab.com\/?author=1\"}]}<\/script>\n<!-- \/ Yoast SEO plugin. -->","yoast_head_json":{"title":"Z\u0259rdabda sahibkarlara maarifl\u0259ndirici treninq ke\u00e7dil\u0259r - foto - Z\u0259rdab.com","robots":{"index":"index","follow":"follow","max-snippet":"max-snippet:-1","max-image-preview":"max-image-preview:large","max-video-preview":"max-video-preview:-1"},"canonical":"https:\/\/www.zerdab.com\/?p=8870","og_locale":"az_AZ","og_type":"article","og_title":"Z\u0259rdabda sahibkarlara maarifl\u0259ndirici treninq ke\u00e7dil\u0259r - foto - Z\u0259rdab.com","og_description":"\u0130qtisadi \u0130nki\u015faf Nazirliyi v\u0259 Z\u0259rdab Rayon \u0130cra Hakimiyy\u0259tinin birg\u0259 t\u0259\u015fkilat\u00e7\u0131l\u0131\u011f\u0131 il\u0259 Z\u0259rdab rayonunda f\u0259aliyy\u0259t g\u00f6st\u0259r\u0259n sahibkarlar v\u0259 sahibkarl\u0131q f\u0259aliyy\u0259tin\u0259 yeni ba\u015flayanlar \u00fc\u00e7\u00fcn maarifl\u0259ndirici treninq ke\u00e7irilib. T\u0259dbird\u0259 Z\u0259rdab Rayon \u0130cra Hakimiyy\u0259ti Ba\u015f\u00e7\u0131s\u0131n\u0131n m\u00fcavini, sosial-iqtisadi inki\u015faf\u0131n t\u0259hlili v\u0259 proqnozla\u015fd\u0131r\u0131lmas\u0131 \u015f\u00f6b\u0259sinin m\u00fcdiri P\u0259rvin Mahmudova, \u0130qtisadi \u0130nki\u015faf Nazirliyinin Bak\u0131 Biznes T\u0259dris M\u0259rk\u0259zinin G\u00f6y\u00e7ay n\u00fcmay\u0259nd\u0259liyinin r\u0259hb\u0259ri Akif Abbasov, Yevlax n\u00fcmay\u0259nd\u0259liyinin [&hellip;]","og_url":"https:\/\/www.zerdab.com\/?p=8870","og_site_name":"Z\u0259rdab.com","article_published_time":"2013-04-11T12:07:02+00:00","article_modified_time":"2013-04-11T17:36:32+00:00","og_image":[{"url":"http:\/\/www.zerdab.com\/wp-content\/uploads\/2013\/04\/Zerdab-350x262.jpg","type":"","width":"","height":""}],"author":"admin","twitter_card":"summary_large_image","twitter_misc":{"Written by":"admin","Est. reading time":"2 minutes"},"schema":{"@context":"https:\/\/schema.org","@graph":[{"@type":"Article","@id":"https:\/\/www.zerdab.com\/?p=8870#article","isPartOf":{"@id":"https:\/\/www.zerdab.com\/?p=8870"},"author":{"name":"admin","@id":"https:\/\/www.zerdab.com\/#\/schema\/person\/97079b7570c1e89ec0d9e138c3672136"},"headline":"Z\u0259rdabda sahibkarlara maarifl\u0259ndirici treninq ke\u00e7dil\u0259r &#8211; foto","datePublished":"2013-04-11T12:07:02+00:00","dateModified":"2013-04-11T17:36:32+00:00","mainEntityOfPage":{"@id":"https:\/\/www.zerdab.com\/?p=8870"},"wordCount":476,"commentCount":0,"image":{"@id":"https:\/\/www.zerdab.com\/?p=8870#primaryimage"},"thumbnailUrl":"http:\/\/www.zerdab.com\/wp-content\/uploads\/2013\/04\/Zerdab-350x262.jpg","articleSection":["X\u018fB\u018fRL\u018fR"],"inLanguage":"az","potentialAction":[{"@type":"CommentAction","name":"Comment","target":["https:\/\/www.zerdab.com\/?p=8870#respond"]}]},{"@type":"WebPage","@id":"https:\/\/www.zerdab.com\/?p=8870","url":"https:\/\/www.zerdab.com\/?p=8870","name":"Z\u0259rdabda sahibkarlara maarifl\u0259ndirici treninq ke\u00e7dil\u0259r - foto - Z\u0259rdab.com","isPartOf":{"@id":"https:\/\/www.zerdab.com\/#website"},"primaryImageOfPage":{"@id":"https:\/\/www.zerdab.com\/?p=8870#primaryimage"},"image":{"@id":"https:\/\/www.zerdab.com\/?p=8870#primaryimage"},"thumbnailUrl":"http:\/\/www.zerdab.com\/wp-content\/uploads\/2013\/04\/Zerdab-350x262.jpg","datePublished":"2013-04-11T12:07:02+00:00","dateModified":"2013-04-11T17:36:32+00:00","author":{"@id":"https:\/\/www.zerdab.com\/#\/schema\/person\/97079b7570c1e89ec0d9e138c3672136"},"breadcrumb":{"@id":"https:\/\/www.zerdab.com\/?p=8870#breadcrumb"},"inLanguage":"az","potentialAction":[{"@type":"ReadAction","target":["https:\/\/www.zerdab.com\/?p=8870"]}]},{"@type":"ImageObject","inLanguage":"az","@id":"https:\/\/www.zerdab.com\/?p=8870#primaryimage","url":"","contentUrl":""},{"@type":"BreadcrumbList","@id":"https:\/\/www.zerdab.com\/?p=8870#breadcrumb","itemListElement":[{"@type":"ListItem","position":1,"name":"Home","item":"https:\/\/www.zerdab.com\/"},{"@type":"ListItem","position":2,"name":"Z\u0259rdabda sahibkarlara maarifl\u0259ndirici treninq ke\u00e7dil\u0259r &#8211; foto"}]},{"@type":"WebSite","@id":"https:\/\/www.zerdab.com\/#website","url":"https:\/\/www.zerdab.com\/","name":"Z\u0259rdab.com","description":"","potentialAction":[{"@type":"SearchAction","target":{"@type":"EntryPoint","urlTemplate":"https:\/\/www.zerdab.com\/?s={search_term_string}"},"query-input":{"@type":"PropertyValueSpecification","valueRequired":true,"valueName":"search_term_string"}}],"inLanguage":"az"},{"@type":"Person","@id":"https:\/\/www.zerdab.com\/#\/schema\/person\/97079b7570c1e89ec0d9e138c3672136","name":"admin","image":{"@type":"ImageObject","inLanguage":"az","@id":"https:\/\/www.zerdab.com\/#\/schema\/person\/image\/","url":"https:\/\/secure.gravatar.com\/avatar\/d9c52a9a27c32119cb6679a077fa3e2779e5f822c451cbf01098004361d466ec?s=96&d=mm&r=g","contentUrl":"https:\/\/secure.gravatar.com\/avatar\/d9c52a9a27c32119cb6679a077fa3e2779e5f822c451cbf01098004361d466ec?s=96&d=mm&r=g","caption":"admin"},"url":"https:\/\/www.zerdab.com\/?author=1"}]}},"_links":{"self":[{"href":"https:\/\/www.zerdab.com\/index.php?rest_route=\/wp\/v2\/posts\/8870","targetHints":{"allow":["GET"]}}],"collection":[{"href":"https:\/\/www.zerdab.com\/index.php?rest_route=\/wp\/v2\/posts"}],"about":[{"href":"https:\/\/www.zerdab.com\/index.php?rest_route=\/wp\/v2\/types\/post"}],"author":[{"embeddable":true,"href":"https:\/\/www.zerdab.com\/index.php?rest_route=\/wp\/v2\/users\/1"}],"replies":[{"embeddable":true,"href":"https:\/\/www.zerdab.com\/index.php?rest_route=%2Fwp%2Fv2%2Fcomments&post=8870"}],"version-history":[{"count":4,"href":"https:\/\/www.zerdab.com\/index.php?rest_route=\/wp\/v2\/posts\/8870\/revisions"}],"predecessor-version":[{"id":8877,"href":"https:\/\/www.zerdab.com\/index.php?rest_route=\/wp\/v2\/posts\/8870\/revisions\/8877"}],"wp:attachment":[{"href":"https:\/\/www.zerdab.com\/index.php?rest_route=%2Fwp%2Fv2%2Fmedia&parent=8870"}],"wp:term":[{"taxonomy":"category","embeddable":true,"href":"https:\/\/www.zerdab.com\/index.php?rest_route=%2Fwp%2Fv2%2Fcategories&post=8870"},{"taxonomy":"post_tag","embeddable":true,"href":"https:\/\/www.zerdab.com\/index.php?rest_route=%2Fwp%2Fv2%2Ftags&post=8870"}],"curies":[{"name":"wp","href":"https:\/\/api.w.org\/{rel}","templated":true}]}}