{"id":8997,"date":"2013-04-16T11:26:56","date_gmt":"2013-04-16T06:26:56","guid":{"rendered":"http:\/\/www.zerdab.com\/?p=8997"},"modified":"2013-04-16T11:26:56","modified_gmt":"2013-04-16T06:26:56","slug":"c%c9%99miyy%c9%99td%c9%99-sosial-%c9%99dal%c9%99t-prinsipl%c9%99ri-tam-s%c9%99kild%c9%99-t%c9%99tbiq-edilm%c9%99lidir","status":"publish","type":"post","link":"https:\/\/www.zerdab.com\/?p=8997","title":{"rendered":"&#8220;C\u0259miyy\u0259td\u0259 sosial \u0259dal\u0259t prinsipl\u0259ri tam \u015f\u0259kild\u0259 t\u0259tbiq edilm\u0259lidir&#8221;"},"content":{"rendered":"<p><span style=\"color: #0000ff;\"><strong><img loading=\"lazy\" decoding=\"async\" class=\"aligncenter size-medium wp-image-8998\" alt=\"001--prezident-nk-2013-birinci-rub-iclas\" src=\"http:\/\/www.zerdab.com\/wp-content\/uploads\/2013\/04\/001-prezident-nk-2013-birinci-rub-iclas-350x217.jpg\" width=\"350\" height=\"217\" \/>Aprelin 14-d\u0259 Az\u0259rbaycan\u00a0Respublikas\u0131n\u0131n Prezidenti \u0130lham \u018fliyevin s\u0259drliyi il\u0259 Nazirl\u0259r Kabinetinin 2013-c\u00fc ilin birinci r\u00fcb\u00fcn\u00fcn sosial-iqtisadi inki\u015faf\u0131n\u0131n yekunlar\u0131na v\u0259 qar\u015f\u0131da duran v\u0259zif\u0259l\u0259r\u0259 h\u0259sr olunmu\u015f iclas\u0131 ke\u00e7irilmi\u015fdir. D\u00f6vl\u0259timizin ba\u015f\u00e7\u0131s\u0131 iclasda nitq s\u00f6yl\u0259mi\u015fdir. Zerdab.com sayt\u0131 Prezidentin \u00e7\u0131x\u0131\u015f\u0131ndan b\u0259zi hiss\u0259l\u0259ri t\u0259qdim edir:<\/strong><\/span><\/p>\n<p>\u201cM\u0259n sosial infrastruktur layih\u0259l\u0259rini qeyd etm\u0259k ist\u0259yir\u0259m, &#8211; x\u0259st\u0259xanalar, m\u0259kt\u0259bl\u0259r, m\u0259d\u0259niyy\u0259t ocaqlar\u0131, idman qur\u011fular\u0131 tikilir. Sosial infrastrukturun yarad\u0131lmas\u0131, yenil\u0259\u015fm\u0259si prosesi bu il v\u0259 g\u0259l\u0259n ill\u0259rd\u0259 d\u0259 davam ed\u0259c\u0259kdir. \u00dcnvanl\u0131 sosial yard\u0131m alan v\u0259t\u0259nda\u015flar da d\u00f6vl\u0259t t\u0259r\u0259find\u0259n qay\u011f\u0131 il\u0259 \u0259hat\u0259 olunur. 123 min ail\u0259 d\u00f6vl\u0259td\u0259n bu yard\u0131m\u0131 al\u0131r v\u0259 h\u0259r bir ail\u0259 orta hesabla d\u00f6vl\u0259td\u0259n 117 manat m\u00fcavin\u0259t al\u0131r. \u018flb\u0259tt\u0259, m\u0259n \u00e7ox ist\u0259rdim ki, \u00fcnvanl\u0131 sosial yard\u0131ma ehtiyac\u0131 olan ail\u0259l\u0259rin say\u0131 k\u0259skin \u015f\u0259kild\u0259 azals\u0131n. \u00d6lk\u0259mizin u\u011furlu inki\u015faf\u0131, yeni i\u015f yerl\u0259rinin yarad\u0131lmas\u0131, sosial proqramlar, \u0259min\u0259m ki, yax\u0131n zamanlarda bu kateqoriyadan olan insanlar\u0131n da ya\u015fay\u0131\u015f s\u0259viyy\u0259sini \u0259h\u0259miyy\u0259tli d\u0259r\u0259c\u0259d\u0259 yax\u015f\u0131la\u015fd\u0131racaqd\u0131r. Ancaq h\u0259l\u0259 ki, d\u00f6vl\u0259t d\u0259st\u0259yin\u0259 ehtiyac\u0131 olan ail\u0259l\u0259r var v\u0259 biz onlar\u0131n qay\u011f\u0131lar\u0131 il\u0259 m\u0259\u015f\u011fuluq. \u00c7al\u0131\u015faca\u011f\u0131q ki, bundan sonra da d\u00f6vl\u0259t t\u0259r\u0259find\u0259n onlara veril\u0259n maddi yard\u0131m\u0131 art\u0131raq.<br \/>\nBu il maa\u015flar v\u0259 pensiyalar art\u0131r\u0131lacaqd\u0131r. Hesab edir\u0259m ki, sosialy\u00f6n\u00fcml\u00fc siyas\u0259timizin n\u0259tic\u0259l\u0259ri \u00e7ox m\u00fcsb\u0259t olacaqd\u0131r.<\/p>\n<p>Bu il sosial proqramlar\u0131n icras\u0131 davam etdiril\u0259c\u0259kdir. Bu bar\u0259d\u0259 m\u0259n giri\u015f s\u00f6z\u00fcmd\u0259 art\u0131q fikirl\u0259rimi bildirdim. Maa\u015flar\u0131n, pensiyalar\u0131n art\u0131r\u0131lmas\u0131, \u00fcnvanl\u0131 sosial proqram\u0131n icra edilm\u0259si, sosial infrastrukturun yarad\u0131lmas\u0131. B\u00fct\u00fcn b\u00f6lg\u0259l\u0259rd\u0259 x\u0259st\u0259xanalar, m\u0259kt\u0259bl\u0259r, dig\u0259r sosial obyektl\u0259r tikilir v\u0259 bu i\u015f davam etdiril\u0259c\u0259kdir.<\/p>\n<p>Bununla b\u0259rab\u0259r, \u00f6z h\u0259llini g\u00f6zl\u0259y\u0259n m\u0259s\u0259l\u0259l\u0259r d\u0259 vard\u0131r. B\u0259zi istiqam\u0259tl\u0259r \u00fczr\u0259 i\u015fl\u0259r daha da t\u0259kmill\u0259\u015fdirilm\u0259lidir. Hesab edir\u0259m ki, b\u0259zi istiqam\u0259tl\u0259r \u00fczr\u0259 \u0259sasl\u0131 islahatlar apar\u0131lmal\u0131d\u0131r. Biz sa\u011flam r\u0259qab\u0259t m\u00fchitinin tam formala\u015fd\u0131r\u0131lmas\u0131na nail olmal\u0131y\u0131q. Bu istiqam\u0259td\u0259 b\u00f6y\u00fck i\u015fl\u0259r g\u00f6r\u00fclm\u00fc\u015fd\u00fcr. Ancaq dey\u0259 bilm\u0259r\u0259m ki, Az\u0259rbaycanda sa\u011flam r\u0259qab\u0259t tam \u015f\u0259kild\u0259 t\u0259min edilibdir. Qeyri-neft sektorumuzda 11,4 faiz s\u0259viyy\u0259sind\u0259 art\u0131m \u0259slind\u0259 biznes m\u00fchitinin yax\u015f\u0131 oldu\u011funu g\u00f6st\u0259rir. Ancaq bununla b\u0259rab\u0259r, \u0259g\u0259r biz sa\u011flam r\u0259qab\u0259ti tam \u015f\u0259kild\u0259 t\u0259min ed\u0259 bils\u0259k, inhisar\u00e7\u0131l\u0131\u011fa qar\u015f\u0131 daha da ciddi add\u0131mlar ata bils\u0259k, \u0259min\u0259m ki, g\u00f6st\u0259ricil\u0259rimiz daha da b\u00f6y\u00fck olacaqd\u0131r. Biz r\u0259qab\u0259t qabiliyy\u0259tli m\u0259hsullar\u0131n istehsal\u0131n\u0131 art\u0131rmal\u0131y\u0131q. H\u0259m ixrac\u0131 art\u0131rmaq, eyni zamanda, daxili bazar\u0131 da r\u0259qab\u0259t qabiliyy\u0259tli m\u0259hsullarla t\u0259min etm\u0259k \u00fc\u00e7\u00fcn.<\/p>\n<p>\u0130lk n\u00f6vb\u0259d\u0259, biz daxili bazar\u0131 r\u0259qab\u0259t qabiliyy\u0259tli m\u0259hsullarla t\u0259min etm\u0259liyik ki, Az\u0259rbaycan v\u0259t\u0259nda\u015flar\u0131 \u00f6lk\u0259d\u0259 istehsal olunan \u0259n y\u00fcks\u0259k keyfiyy\u0259tli m\u0259hsullarla t\u0259min edilsinl\u0259r. Eyni zamanda, bunu m\u0259n sahibkarlarla fevral ay\u0131nda ke\u00e7irdiyim g\u00f6r\u00fc\u015fd\u0259 demi\u015f\u0259m, bu g\u00fcn d\u0259 dem\u0259k ist\u0259yir\u0259m ki, bu q\u0259d\u0259r s\u00fcr\u0259tl\u0259 artan iqtisadiyyat\u0131m\u0131z v\u0259 qeyri-neft sektorumuz \u0259lb\u0259tt\u0259, biz\u0259 xarici bazarlara \u00e7\u0131x\u0131\u015f\u0131 t\u0259min etm\u0259yi dikt\u0259 edir. Y\u0259ni, \u0259g\u0259r biz xarici bazarlarda kifay\u0259t q\u0259d\u0259r b\u00f6y\u00fck m\u00f6vqel\u0259r\u0259 nail olmasaq, bu m\u00f6vqel\u0259ri \u0259ld\u0259 etm\u0259s\u0259k, daxili bazar\u0131 t\u0259min ed\u0259nd\u0259n sonra bizd\u0259 m\u00fc\u0259yy\u0259n probleml\u0259r yarana bil\u0259r. \u00c7\u00fcnki k\u0259nd t\u0259s\u0259rr\u00fcfat\u0131n\u0131n, emal s\u0259nayesinin inki\u015faf\u0131 art\u0131q el\u0259 s\u00fcr\u0259tl\u0259 gedir ki, istehsal edil\u0259n m\u0259hsullar\u0131n h\u0259cmi artacaq v\u0259 \u0259g\u0259r m\u0259hsullar r\u0259qab\u0259t\u0259 d\u00f6z\u0259 bilm\u0259s\u0259, xarici bazarlara \u00e7\u0131xmaq ild\u0259n-il\u0259 daha da \u00e7\u0259tin olacaqd\u0131r. Ona g\u00f6r\u0259, r\u0259qab\u0259t qabiliyy\u0259tli m\u0259hsullar\u0131n istehsal\u0131n\u0131n art\u0131r\u0131lmas\u0131 hesab edir\u0259m ki, \u0259n vacib prioritetl\u0259rd\u0259n biri olmal\u0131d\u0131r. Bu istiqam\u0259td\u0259 i\u015fl\u0259r g\u00f6r\u00fcl\u00fcr v\u0259 sahibkarlara veril\u0259n layih\u0259l\u0259r ekspertizadan ke\u00e7irilir. Hesab edir\u0259m ki, d\u00f6vl\u0259t v\u0259 h\u00f6kum\u0259t t\u0259r\u0259find\u0259n sahibkarlara veril\u0259n t\u00f6vsiy\u0259l\u0259r r\u0259qab\u0259t qabiliyy\u0259tli m\u0259hsullar\u0131n istehsal\u0131na t\u0259kan ver\u0259c\u0259kdir.<\/p>\n<p>Hesab edir\u0259m ki, iqtisadiyyat \u00fc\u00e7\u00fcn vacib olan m\u0259s\u0259l\u0259l\u0259rd\u0259n biri d\u0259 kadr haz\u0131rl\u0131\u011f\u0131d\u0131r. Biz bunu g\u00f6r\u00fcr\u00fck. G\u00f6r\u00fcr\u00fck ki, b\u0259zi hallarda m\u00fcasir texnologiyalar g\u0259tirilir, ancaq kadr potensial\u0131 h\u0259l\u0259 ki, bir q\u0259d\u0259r gerid\u0259 qal\u0131r. Ona g\u00f6r\u0259 biz m\u00fcasir pe\u015f\u0259kar kadrlar\u0131n haz\u0131rlanmas\u0131na daha da ciddi fikir verm\u0259liyik. Bu haz\u0131rl\u0131q \u0259lb\u0259tt\u0259 ki, iqtisadiyyat\u0131n \u00fcmumi inki\u015faf\u0131 il\u0259 uzla\u015fd\u0131r\u0131lmal\u0131d\u0131r. Biz daha \u00e7ox s\u00fcr\u0259tl\u0259 inki\u015faf ed\u0259n iqtisadi sah\u0259l\u0259r \u00fczr\u0259 kadr haz\u0131rl\u0131\u011f\u0131na fikir verm\u0259liyik. Ancaq, eyni zamanda, b\u00fct\u00f6vl\u00fckd\u0259 kadr haz\u0131rl\u0131\u011f\u0131 m\u0259s\u0259l\u0259si hesab edir\u0259m ki, x\u00fcsusi diqq\u0259t t\u0259l\u0259b edir. Bu m\u0259s\u0259l\u0259, eyni zamanda, g\u0259ncl\u0259rin bu i\u015fl\u0259r\u0259 c\u0259lb edilm\u0259si il\u0259 ba\u011fl\u0131d\u0131r. G\u0259nc kadrlar\u0131n qaba\u011fa \u00e7\u0259kilm\u0259si daha da s\u00fcr\u0259tl\u0259 getm\u0259lidir v\u0259 \u00fcmumiyy\u0259tl\u0259, bildiyiniz kimi, Az\u0259rbaycanda g\u0259ncl\u0259r siyas\u0259ti u\u011furla apar\u0131l\u0131r, Az\u0259rbaycan g\u0259ncliyi D\u00f6vl\u0259t Proqram\u0131 icra edilir. G\u0259ncl\u0259ri i\u015fl\u0259 t\u0259min etm\u0259k \u00fc\u00e7\u00fcn onlar\u0131n t\u0259hsilini y\u00fcks\u0259k s\u0259viyy\u0259d\u0259 t\u0259\u015fkil etm\u0259k \u00fczr\u0259 i\u015fl\u0259r gedir.<\/p>\n<p>G\u0259nc ail\u0259l\u0259rin h\u0259yatda rastla\u015fd\u0131\u011f\u0131 \u0259n b\u00f6y\u00fck problem m\u0259nzil problemidir. Hesab edir\u0259m ki, ipoteka kreditl\u0259\u015fm\u0259 mexanizml\u0259ri t\u0259kmill\u0259\u015fdirilm\u0259lidir, yenid\u0259n baxmaq laz\u0131md\u0131r. D\u00fczd\u00fcr, bu istiqam\u0259td\u0259 indi m\u00fc\u0259yy\u0259n islahatlar apar\u0131l\u0131r. Ancaq hesab edir\u0259m ki, h\u0259l\u0259 \u00e7ox i\u015fl\u0259r g\u00f6r\u00fclm\u0259lidir v\u0259 ipotekaya ayr\u0131lan m\u0259bl\u0259\u011f art\u0131r\u0131lmal\u0131d\u0131r. Baxmaq laz\u0131md\u0131r, \u0259g\u0259r b\u00fcdc\u0259d\u0259 imkan olarsa bu il, olmasa g\u0259l\u0259n ild\u0259n ipotekaya ayr\u0131lan kreditl\u0259r art\u0131r\u0131lmal\u0131d\u0131r ki, g\u0259ncl\u0259rin m\u0259nzil problemi daha da s\u00fcr\u0259tl\u0259 t\u0259min edilsin.<\/p>\n<p>D\u00fcnyada indi resurslar u\u011frunda m\u00fcbariz\u0259 gedir: enerji, su resurslar\u0131 u\u011frunda. \u0130ndi \u0259rzaq m\u0259hsullar\u0131n\u0131n, dem\u0259li, istehsal\u0131 il\u0259 ba\u011fl\u0131 qeyri-m\u00fc\u0259yy\u0259n bir m\u0259nz\u0259r\u0259 yaranm\u0131\u015fd\u0131r. Ona g\u00f6r\u0259 hesab edir\u0259m, h\u0259r bir \u00f6lk\u0259 \u00e7al\u0131\u015fmal\u0131d\u0131r ki, \u00f6z\u00fcn\u00fc \u0259sas \u0259rzaq m\u0259hsullar\u0131 il\u0259 tam \u015f\u0259kild\u0259 t\u0259min etsin, x\u00fcsusil\u0259 Az\u0259rbaycan kimi g\u00f6z\u0259l co\u011frafi imkanlara malik olan bir \u00f6lk\u0259. El\u0259 \u00f6lk\u0259l\u0259r var ki, orada \u00fcmumiyy\u0259tl\u0259, heyvandarl\u0131qdan, bitki\u00e7ilikd\u0259n s\u00f6hb\u0259t ged\u0259 bilm\u0259z. S\u0259hra tipli torpaqlard\u0131r. Ancaq xo\u015fb\u0259xtlikd\u0259n bizd\u0259 bel\u0259 deyil v\u0259 Az\u0259rbaycanda m\u00fcxt\u0259lif \u0259rzaq m\u0259hsullar\u0131n\u0131 istehsal etm\u0259k m\u00fcmk\u00fcnd\u00fcr. Doqquz iqlim qur\u015fa\u011f\u0131m\u0131z v\u0259 g\u00fccl\u00fc maliyy\u0259 imkanlar\u0131m\u0131z vard\u0131r. Ona g\u00f6r\u0259 biz \u0259rzaq t\u0259hl\u00fck\u0259sizliyini y\u00fcz faiz t\u0259min etm\u0259liyik. Bu, o dem\u0259k deyil ki, biz inteqrasiya prosesl\u0259rin\u0259, yaxud da ki, indi d\u00fcnya inteqrasiya prosesl\u0259rin\u0259 qo\u015fulmuruq. Biz qo\u015fuluruq. \u018flb\u0259tt\u0259 ki, biz \u00f6z iqtisadiyyat\u0131m\u0131z\u0131 bazar iqtisadiyyat\u0131 prinsipl\u0259ri \u00fcz\u0259rind\u0259 qurmu\u015fuq. Ancaq onu da xat\u0131rlay\u0131r\u0131q ki, tax\u0131lla b\u0259zi ixrac\u00e7\u0131 \u00f6lk\u0259l\u0259rd\u0259 yaranm\u0131\u015f m\u00fc\u0259yy\u0259n \u00e7\u0259tinlikl\u0259r ist\u0259r-ist\u0259m\u0259z biz\u0259 d\u0259 m\u0259nfi t\u0259sir g\u00f6st\u0259rmi\u015fdir. \u018fvv\u0259lki ill\u0259rd\u0259 ba\u011flanm\u0131\u015f kontraktlara xitam verildi, onlar icra edilm\u0259di v\u0259 biz v\u0259ziyy\u0259td\u0259n \u00e7\u0131x\u0131\u015f yolunu axtarma\u011fa m\u0259cbur idik. Ona g\u00f6r\u0259 \u00f6z\u00fcm\u00fcz\u00fc tam \u0259min v\u0259 s\u0131\u011fortal\u0131 hiss etm\u0259k \u00fc\u00e7\u00fcn biz \u0259sas \u0259rzaq m\u0259hsullar\u0131 il\u0259 \u00f6z\u00fcm\u00fcz\u00fc t\u0259min etm\u0259liyik. \u018flb\u0259tt\u0259 ki, meliorasiya, irriqasiya sisteml\u0259rinin qurulmas\u0131 prosesi getm\u0259lidir.<br \/>\nAqrar sah\u0259 il\u0259 ba\u011fl\u0131, hesab edir\u0259m ki, biz aqrary\u00f6n\u00fcml\u00fc orta pe\u015f\u0259 t\u0259hsili m\u00fc\u0259ssis\u0259l\u0259rinin yarad\u0131lmas\u0131na da ba\u015flamal\u0131y\u0131q. Sovet d\u00f6vr\u00fcnd\u0259 bel\u0259 praktika var idi. M\u0259n hesab edir\u0259m ki, biz bunu b\u0259rpa etm\u0259liyik v\u0259 \u00fcmumiyy\u0259tl\u0259, orta pe\u015f\u0259 t\u0259hsili m\u00fc\u0259ssis\u0259l\u0259rinin yarad\u0131lmas\u0131 v\u0259 keyfiyy\u0259tc\u0259 yeni m\u0259rh\u0259l\u0259y\u0259 ke\u00e7m\u0259si m\u0259s\u0259l\u0259l\u0259ri \u00f6n plandad\u0131r.<br \/>\n\u00c7\u00fcnki yen\u0259 d\u0259 qay\u0131d\u0131ram kadr haz\u0131rl\u0131\u011f\u0131 m\u0259s\u0259l\u0259l\u0259rin\u0259 v\u0259 g\u00f6r\u00fcr\u00fck ki, Az\u0259rbaycanda b\u00fct\u00fcn istiqam\u0259tl\u0259r \u00fczr\u0259 i\u015fl\u0259r \u00e7ox s\u00fcr\u0259tl\u0259 gedir, s\u0259naye, k\u0259nd t\u0259s\u0259rr\u00fcfat\u0131 istehsal\u0131, xidm\u0259t sektorumuz art\u0131r. \u0130ndi bu q\u0259d\u0259r xidm\u0259t m\u0259rk\u0259zl\u0259ri yarad\u0131l\u0131r. Turizmin inki\u015faf\u0131 s\u00fcr\u0259tl\u0259 gedir v\u0259 biz kadr \u00e7at\u0131\u015fmazl\u0131\u011f\u0131 il\u0259 \u00fczl\u0259\u015firik v\u0259 g\u0259l\u0259c\u0259kd\u0259 daha da \u00e7ox \u00fczl\u0259\u015f\u0259 bil\u0259rik. Ona g\u00f6r\u0259 b\u00fct\u00fcn bu m\u0259s\u0259l\u0259l\u0259ri aidiyy\u0259ti d\u00f6vl\u0259t qurumlar\u0131, nazirlikl\u0259r g\u0259r\u0259k birg\u0259 m\u00fczakir\u0259 etsinl\u0259r, uzla\u015fd\u0131rs\u0131nlar.<br \/>\nBizim iqtisadi inki\u015fafla ba\u011fl\u0131 \u00e7ox d\u0259qiq, konkret proqram\u0131m\u0131z vard\u0131r. Proqram \u00fczr\u0259 gedirik, bir \u00e7ox hallarda bu proqram\u0131 qabaqlay\u0131r\u0131q. Ancaq konseptual bax\u0131mdan b\u00fct\u00fcn nazirlikl\u0259r, d\u00f6vl\u0259t qurumlar\u0131n\u0131n r\u0259hb\u0259rl\u0259ri bu i\u015fin i\u00e7ind\u0259dirl\u0259r, bilirl\u0259r ki, bizi n\u0259l\u0259r g\u00f6zl\u0259yir. Ona g\u00f6r\u0259 biz nazirlikl\u0259r aras\u0131nda da bu m\u0259s\u0259l\u0259l\u0259ri uzla\u015fd\u0131rmal\u0131y\u0131q.<\/p>\n<p>Az\u0259rbaycan inki\u015faf etmi\u015f \u00f6lk\u0259l\u0259rin s\u0131ras\u0131nda olmal\u0131d\u0131r. Ona g\u00f6r\u0259 biz m\u00fcsb\u0259t t\u0259cr\u00fcb\u0259ni \u00f6yr\u0259nirik, Az\u0259rbaycanda ist\u0259nil\u0259n sah\u0259d\u0259 t\u0259tbiq edirik. Bu, t\u0259bii, normal prosesdir. Hesab edir\u0259m ki, biz na\u011fds\u0131z \u00f6d\u0259m\u0259l\u0259rin s\u0259viyy\u0259sini, h\u0259cmini art\u0131ra, eyni zamanda, vergil\u0259rin y\u0131\u011f\u0131m\u0131nda daha da b\u00f6y\u00fck u\u011furlara nail ola, xo\u015fag\u0259lm\u0259z hallar\u0131n qar\u015f\u0131s\u0131n\u0131 daha da s\u00fcr\u0259tl\u0259 ala bil\u0259rik. Y\u0259ni bu, d\u00fcnyada, inki\u015faf etmi\u015f \u00f6lk\u0259l\u0259rd\u0259 oturu\u015fmu\u015f bir yana\u015fmad\u0131r. Biz d\u0259 bunu daha da s\u00fcr\u0259tl\u0259 t\u0259tbiq etm\u0259liyik.<\/p>\n<p>\u00d6lk\u0259mizd\u0259 korrupsiya v\u0259 r\u00fc\u015fv\u0259txorlu\u011fa qar\u015f\u0131 m\u00fcbariz\u0259 \u00e7ox s\u00fcr\u0259tl\u0259 apar\u0131l\u0131r. Bu m\u00fcbariz\u0259 h\u0259rt\u0259r\u0259fli \u015f\u0259kild\u0259 apar\u0131l\u0131r. Korrupsiya v\u0259 r\u00fc\u015fv\u0259txorluq c\u0259miyy\u0259t \u00fc\u00e7\u00fcn \u0259n b\u00f6y\u00fck probleml\u0259rd\u0259n biridir, \u0259n b\u00f6y\u00fck yaram\u0131zd\u0131r. Biz inki\u015faf etmi\u015f \u00f6lk\u0259l\u0259rin bu sah\u0259d\u0259 d\u0259 t\u0259cr\u00fcb\u0259sini n\u0259inki \u00f6yr\u0259nm\u0259liyik, eyni zamanda, t\u0259tbiq etm\u0259liyik. M\u0259n d\u0259f\u0259l\u0259rl\u0259 bu bar\u0259d\u0259 fikirl\u0259rimi bildirmi\u015f\u0259m, bir daha dem\u0259k ist\u0259yir\u0259m ki, yaln\u0131z c\u0259za t\u0259dbirl\u0259ri, inzibati t\u0259dbirl\u0259r bizim ist\u0259diyimiz\u0259 nail olmaq \u00fc\u00e7\u00fcn kifay\u0259t etm\u0259z. \u018flb\u0259tt\u0259 ki, c\u0259za t\u0259dbirl\u0259ri d\u0259 olmal\u0131d\u0131r, h\u00fcquq m\u00fchafiz\u0259 orqanlar\u0131 da bu istiqam\u0259td\u0259 \u00f6z f\u0259aliyy\u0259tini davam etdirm\u0259lidir. \u0130nzibati t\u0259dbirl\u0259r d\u0259 g\u00f6r\u00fcl\u00fcr v\u0259 g\u00f6r\u00fcl\u0259c\u0259kdir.<br \/>\nAncaq institusional t\u0259dbirl\u0259rin geni\u015fl\u0259nm\u0259si, t\u0259tbiqi, sistem xarakterli islahatlar\u0131n apar\u0131lmas\u0131 v\u0259 davam etdirilm\u0259si, hesab edir\u0259m ki, korrupsiyaya, r\u00fc\u015fv\u0259txorlu\u011fa qar\u015f\u0131 m\u00fcbariz\u0259d\u0259 biz\u0259 daha da yax\u015f\u0131 imkan yaradacaqd\u0131r. Biz korrupsiya, r\u00fc\u015fv\u0259txorluq \u00fc\u00e7\u00fcn m\u00f6vcud olan meydan\u0131 maksimum d\u0259r\u0259c\u0259d\u0259 daraltmal\u0131y\u0131q. \u201cElektron xidm\u0259t\u201d, \u201cElektron h\u00f6kum\u0259t\u201d layih\u0259l\u0259ri bu istiqam\u0259td\u0259 at\u0131lan \u00e7ox \u00f6n\u0259mli add\u0131mlard\u0131r.<br \/>\nM\u0259mur-v\u0259t\u0259nda\u015f \u00fcnsiyy\u0259ti bu istiqam\u0259td\u0259 minimuma endirilm\u0259lidir. Yen\u0259 d\u0259 inki\u015faf etmi\u015f \u00f6lk\u0259l\u0259rin t\u0259cr\u00fcb\u0259sini biz maksimum d\u0259r\u0259c\u0259d\u0259 t\u0259tbiq etm\u0259liyik. Buna g\u00f6r\u0259 d\u0259 Az\u0259rbaycanda \u0130KT sektorunun inki\u015faf\u0131na daha da b\u00f6y\u00fck diqq\u0259t g\u00f6st\u0259rilm\u0259lidir v\u0259 g\u00f6st\u0259ril\u0259c\u0259kdir.<br \/>\nSon aylar \u0259rzind\u0259 bu istiqam\u0259td\u0259 \u00e7ox ciddi add\u0131mlar at\u0131lm\u0131\u015fd\u0131r. Onlar\u0131n i\u00e7ind\u0259 \u201cASAN xidm\u0259t\u201dinin f\u0259aliyy\u0259tini m\u0259n qeyd etm\u0259k ist\u0259yir\u0259m. Bu xidm\u0259t \u00f6z f\u0259aliyy\u0259tini geni\u015fl\u0259ndirir. Art\u0131q minl\u0259rl\u0259 v\u0259t\u0259nda\u015f \u201cASAN xidm\u0259t\u201d\u0259 m\u00fcraci\u0259t etmi\u015fdir. Biz \u201cASAN xidm\u0259t\u201din f\u0259aliyy\u0259tini geni\u015fl\u0259ndiririk. Hesab edir\u0259m ki, bu ilin yay\u0131na q\u0259d\u0259r Bak\u0131n\u0131n b\u00fct\u00fcn rayonlar\u0131 \u0259hat\u0259 edil\u0259c\u0259kdir. Eyni zamanda, b\u00f6y\u00fck \u015f\u0259h\u0259rl\u0259r &#8211; Sumqay\u0131t, G\u0259nc\u0259 \u015f\u0259h\u0259rl\u0259ri \u0259hat\u0259 edil\u0259c\u0259kdir. G\u0259l\u0259n il hesab edir\u0259m ki, b\u00fct\u00fcn ba\u015fqa b\u00f6lg\u0259l\u0259rd\u0259 xidm\u0259t yaranmal\u0131d\u0131r. O vaxta q\u0259d\u0259r mobil avtobuslarla bu xidm\u0259t g\u00f6st\u0259ril\u0259c\u0259kdir. Art\u0131q avtobuslar al\u0131n\u0131bd\u0131r. Yax\u0131n h\u0259ft\u0259l\u0259rd\u0259 Az\u0259rbaycanda olacaqd\u0131r. Bu avtobuslar vasit\u0259sil\u0259 m\u00fcxt\u0259lif b\u00f6lg\u0259l\u0259rd\u0259 bu xidm\u0259t \u00f6z f\u0259aliyy\u0259tin\u0259 ba\u015flayacaqd\u0131r.<br \/>\nBir s\u00f6zl\u0259, institusional islahatlar, elektron h\u00f6kum\u0259t, \u015f\u0259ffafl\u0131q v\u0259 \u0259lb\u0259tt\u0259 ki, g\u00fccl\u00fc siyasi irad\u0259 olmal\u0131d\u0131r. Bu g\u00fccl\u00fc siyasi irad\u0259 vard\u0131r. Biz, \u0259g\u0259r inki\u015faf etmi\u015f \u00f6lk\u0259y\u0259 \u00e7evrilm\u0259k ist\u0259yiriks\u0259, korrupsiyaya, r\u00fc\u015fv\u0259txorlu\u011fa qar\u015f\u0131 daha da ciddi m\u00fcbariz\u0259 aparmal\u0131y\u0131q. \u018fmin\u0259m ki, biz bu m\u00fcbariz\u0259d\u0259 qalib g\u0259l\u0259c\u0259yik.<br \/>\nBununla b\u0259rab\u0259r, d\u00f6vl\u0259t m\u0259murlar\u0131n\u0131n m\u0259suliyy\u0259ti d\u0259 artmal\u0131d\u0131r. D\u00f6vl\u0259t m\u0259murlar\u0131 xalqa xidm\u0259t edir v\u0259 etm\u0259lidirl\u0259r. Bu m\u0259s\u0259l\u0259l\u0259rl\u0259 ba\u011fl\u0131 m\u0259n fikirl\u0259rimi bildirmi\u015f\u0259m. D\u00f6vl\u0259t m\u0259muru c\u0259miyy\u0259td\u0259 h\u0259r bir v\u0259t\u0259nda\u015f \u00fc\u00e7\u00fcn n\u00fcmun\u0259 olmal\u0131d\u0131r. T\u0259vaz\u00f6karl\u0131q, safl\u0131q v\u0259 v\u0259t\u0259n\u0259 xidm\u0259t n\u00fcmun\u0259si. D\u00f6vl\u0259t m\u0259murlar\u0131 se\u00e7ilmi\u015f insanlar olmal\u0131d\u0131r. Onlar\u0131n h\u0259m pe\u015f\u0259karl\u0131\u011f\u0131, h\u0259m d\u0259 m\u0259n\u0259vi keyfiyy\u0259tl\u0259ri y\u00fcks\u0259k s\u0259viyy\u0259d\u0259 olmal\u0131d\u0131r. M\u0259mur-v\u0259t\u0259nda\u015f m\u00fcnasib\u0259tl\u0259ri h\u00f6rm\u0259t \u0259sas\u0131nda qurulmal\u0131d\u0131r. Harada ki, n\u00f6qsanlar, pozuntular vard\u0131r, \u0259lb\u0259tt\u0259 ki, t\u0259dbirl\u0259r g\u00f6r\u00fcl\u00fcr v\u0259 bu proses bundan sonra da davam etdiril\u0259c\u0259kdir.<br \/>\nC\u0259miyy\u0259td\u0259 sosial \u0259dal\u0259t prinsipl\u0259ri tam \u015f\u0259kild\u0259 t\u0259tbiq edilm\u0259lidir. Bunu bizim \u018fsas Qanunumuz \u2013 Konstitusiya t\u0259l\u0259b edir v\u0259 \u00fcmumi normal davran\u0131\u015f el\u0259 olmal\u0131d\u0131r ki, sosial \u0259dal\u0259t prinsipl\u0259ri pozulmas\u0131n. \u00c7\u00fcnki dey\u0259 bil\u0259r\u0259m ki, insanlar\u0131 narahat ed\u0259n \u0259n b\u00f6y\u00fck m\u0259s\u0259l\u0259 \u0259dal\u0259tsizlikdir, h\u0259yatda da, siyas\u0259td\u0259 d\u0259, h\u0259r bir sah\u0259d\u0259 d\u0259. Ona g\u00f6r\u0259 d\u0259 \u0259dal\u0259t, sosial \u0259dal\u0259t olmal\u0131d\u0131r v\u0259 b\u00fct\u00fcn q\u0259rarlar \u0259dal\u0259tli olmal\u0131d\u0131r. \u018fg\u0259r q\u0259rar \u0259dal\u0259tlidirs\u0259, \u0259g\u0259r h\u0259tta kimins\u0259 xo\u015funa g\u0259lmirs\u0259, \u0259dal\u0259tli oldu\u011fu \u00fc\u00e7\u00fcn bu q\u0259rarla bar\u0131\u015f\u0131rlar. \u018fg\u0259r q\u0259rar \u0259dal\u0259tsizdirs\u0259, \u0259g\u0259r bel\u0259 dem\u0259k m\u00fcmk\u00fcnd\u00fcrs\u0259, bundan b\u00f6y\u00fck \u0259dal\u0259tsizlik ola bilm\u0259z.<\/p>\n<p>Regional inki\u015faf proqram\u0131na g\u0259ldikd\u0259, bu istiqam\u0259td\u0259 i\u015fl\u0259r plan \u00fczr\u0259 gedir. Bu ilin sonuna q\u0259d\u0259r ikinci D\u00f6vl\u0259t Proqram\u0131 yekunla\u015fd\u0131r\u0131lacaqd\u0131r. \u018flb\u0259tt\u0259 ki, burada infrastruktur layih\u0259l\u0259ri \u0259sas \u00fcst\u00fcnl\u00fck t\u0259\u015fkil edir. Bu layih\u0259l\u0259rd\u0259 he\u00e7 bir problem yoxdur.<\/p>\n<p>Eyni zamanda, qeyd etm\u0259k ist\u0259yir\u0259m ki, bizim ikinci regional inki\u015faf proqram\u0131m\u0131z bu ilin sonunda ba\u015fa \u00e7at\u0131r. \u00c7ox i\u015f g\u00f6r\u00fcl\u00fcbd\u00fcr. Amma g\u00f6r\u00fcl\u0259c\u0259k i\u015fl\u0259r \u00e7oxdur. Ona g\u00f6r\u0259 hesab edir\u0259m ki, \u00fc\u00e7\u00fcnc\u00fc d\u00f6vl\u0259t proqram\u0131n\u0131n haz\u0131rlanmas\u0131 il\u0259 ba\u011fl\u0131 biz daha da f\u0259al i\u015fl\u0259m\u0259liyik. \u0130lin sonuna q\u0259d\u0259r \u00fc\u00e7\u00fcnc\u00fc d\u00f6vl\u0259t be\u015fillik proqram\u0131 haz\u0131r olmal\u0131d\u0131r ki, 2014-c\u00fc ilin \u0259vv\u0259lind\u0259 biz onu da q\u0259bul ed\u0259k v\u0259 bel\u0259likl\u0259, \u00f6lk\u0259mizin u\u011furlu inki\u015faf\u0131n\u0131 t\u0259min ed\u0259k\u201d.<\/p>\n","protected":false},"excerpt":{"rendered":"<p>Aprelin 14-d\u0259 Az\u0259rbaycan\u00a0Respublikas\u0131n\u0131n Prezidenti \u0130lham \u018fliyevin s\u0259drliyi il\u0259 Nazirl\u0259r Kabinetinin 2013-c\u00fc ilin birinci r\u00fcb\u00fcn\u00fcn sosial-iqtisadi inki\u015faf\u0131n\u0131n yekunlar\u0131na v\u0259 qar\u015f\u0131da duran v\u0259zif\u0259l\u0259r\u0259 h\u0259sr olunmu\u015f iclas\u0131 ke\u00e7irilmi\u015fdir. D\u00f6vl\u0259timizin ba\u015f\u00e7\u0131s\u0131 iclasda nitq s\u00f6yl\u0259mi\u015fdir. Zerdab.com sayt\u0131 Prezidentin \u00e7\u0131x\u0131\u015f\u0131ndan b\u0259zi hiss\u0259l\u0259ri t\u0259qdim edir: \u201cM\u0259n sosial infrastruktur layih\u0259l\u0259rini qeyd etm\u0259k ist\u0259yir\u0259m, &#8211; x\u0259st\u0259xanalar, m\u0259kt\u0259bl\u0259r, m\u0259d\u0259niyy\u0259t ocaqlar\u0131, idman qur\u011fular\u0131 tikilir. Sosial infrastrukturun [&hellip;]<\/p>\n","protected":false},"author":1,"featured_media":0,"comment_status":"open","ping_status":"open","sticky":false,"template":"","format":"standard","meta":{"footnotes":""},"categories":[5],"tags":[],"class_list":{"0":"post-8997","1":"post","2":"type-post","3":"status-publish","4":"format-standard","6":"category-knd"},"yoast_head":"<!-- This site is optimized with the Yoast SEO plugin v27.0 - https:\/\/yoast.com\/product\/yoast-seo-wordpress\/ -->\n<title>&quot;C\u0259miyy\u0259td\u0259 sosial \u0259dal\u0259t prinsipl\u0259ri tam \u015f\u0259kild\u0259 t\u0259tbiq edilm\u0259lidir&quot; - Z\u0259rdab.com<\/title>\n<meta name=\"robots\" content=\"index, follow, max-snippet:-1, max-image-preview:large, max-video-preview:-1\" \/>\n<link rel=\"canonical\" href=\"https:\/\/www.zerdab.com\/?p=8997\" \/>\n<meta property=\"og:locale\" content=\"az_AZ\" \/>\n<meta property=\"og:type\" content=\"article\" \/>\n<meta property=\"og:title\" content=\"&quot;C\u0259miyy\u0259td\u0259 sosial \u0259dal\u0259t prinsipl\u0259ri tam \u015f\u0259kild\u0259 t\u0259tbiq edilm\u0259lidir&quot; - Z\u0259rdab.com\" \/>\n<meta property=\"og:description\" content=\"Aprelin 14-d\u0259 Az\u0259rbaycan\u00a0Respublikas\u0131n\u0131n Prezidenti \u0130lham \u018fliyevin s\u0259drliyi il\u0259 Nazirl\u0259r Kabinetinin 2013-c\u00fc ilin birinci r\u00fcb\u00fcn\u00fcn sosial-iqtisadi inki\u015faf\u0131n\u0131n yekunlar\u0131na v\u0259 qar\u015f\u0131da duran v\u0259zif\u0259l\u0259r\u0259 h\u0259sr olunmu\u015f iclas\u0131 ke\u00e7irilmi\u015fdir. D\u00f6vl\u0259timizin ba\u015f\u00e7\u0131s\u0131 iclasda nitq s\u00f6yl\u0259mi\u015fdir. Zerdab.com sayt\u0131 Prezidentin \u00e7\u0131x\u0131\u015f\u0131ndan b\u0259zi hiss\u0259l\u0259ri t\u0259qdim edir: \u201cM\u0259n sosial infrastruktur layih\u0259l\u0259rini qeyd etm\u0259k ist\u0259yir\u0259m, &#8211; x\u0259st\u0259xanalar, m\u0259kt\u0259bl\u0259r, m\u0259d\u0259niyy\u0259t ocaqlar\u0131, idman qur\u011fular\u0131 tikilir. Sosial infrastrukturun [&hellip;]\" \/>\n<meta property=\"og:url\" content=\"https:\/\/www.zerdab.com\/?p=8997\" \/>\n<meta property=\"og:site_name\" content=\"Z\u0259rdab.com\" \/>\n<meta property=\"article:published_time\" content=\"2013-04-16T06:26:56+00:00\" \/>\n<meta property=\"og:image\" content=\"http:\/\/www.zerdab.com\/wp-content\/uploads\/2013\/04\/001-prezident-nk-2013-birinci-rub-iclas-350x217.jpg\" \/>\n<meta name=\"author\" content=\"admin\" \/>\n<meta name=\"twitter:card\" content=\"summary_large_image\" \/>\n<meta name=\"twitter:label1\" content=\"Written by\" \/>\n\t<meta name=\"twitter:data1\" content=\"admin\" \/>\n\t<meta name=\"twitter:label2\" content=\"Est. reading time\" \/>\n\t<meta name=\"twitter:data2\" content=\"15 minutes\" \/>\n<script type=\"application\/ld+json\" class=\"yoast-schema-graph\">{\"@context\":\"https:\/\/schema.org\",\"@graph\":[{\"@type\":\"Article\",\"@id\":\"https:\/\/www.zerdab.com\/?p=8997#article\",\"isPartOf\":{\"@id\":\"https:\/\/www.zerdab.com\/?p=8997\"},\"author\":{\"name\":\"admin\",\"@id\":\"https:\/\/www.zerdab.com\/#\/schema\/person\/97079b7570c1e89ec0d9e138c3672136\"},\"headline\":\"&#8220;C\u0259miyy\u0259td\u0259 sosial \u0259dal\u0259t prinsipl\u0259ri tam \u015f\u0259kild\u0259 t\u0259tbiq edilm\u0259lidir&#8221;\",\"datePublished\":\"2013-04-16T06:26:56+00:00\",\"mainEntityOfPage\":{\"@id\":\"https:\/\/www.zerdab.com\/?p=8997\"},\"wordCount\":2963,\"commentCount\":0,\"image\":{\"@id\":\"https:\/\/www.zerdab.com\/?p=8997#primaryimage\"},\"thumbnailUrl\":\"http:\/\/www.zerdab.com\/wp-content\/uploads\/2013\/04\/001-prezident-nk-2013-birinci-rub-iclas-350x217.jpg\",\"articleSection\":[\"X\u018fB\u018fRL\u018fR\"],\"inLanguage\":\"az\",\"potentialAction\":[{\"@type\":\"CommentAction\",\"name\":\"Comment\",\"target\":[\"https:\/\/www.zerdab.com\/?p=8997#respond\"]}]},{\"@type\":\"WebPage\",\"@id\":\"https:\/\/www.zerdab.com\/?p=8997\",\"url\":\"https:\/\/www.zerdab.com\/?p=8997\",\"name\":\"\\\"C\u0259miyy\u0259td\u0259 sosial \u0259dal\u0259t prinsipl\u0259ri tam \u015f\u0259kild\u0259 t\u0259tbiq edilm\u0259lidir\\\" - Z\u0259rdab.com\",\"isPartOf\":{\"@id\":\"https:\/\/www.zerdab.com\/#website\"},\"primaryImageOfPage\":{\"@id\":\"https:\/\/www.zerdab.com\/?p=8997#primaryimage\"},\"image\":{\"@id\":\"https:\/\/www.zerdab.com\/?p=8997#primaryimage\"},\"thumbnailUrl\":\"http:\/\/www.zerdab.com\/wp-content\/uploads\/2013\/04\/001-prezident-nk-2013-birinci-rub-iclas-350x217.jpg\",\"datePublished\":\"2013-04-16T06:26:56+00:00\",\"author\":{\"@id\":\"https:\/\/www.zerdab.com\/#\/schema\/person\/97079b7570c1e89ec0d9e138c3672136\"},\"breadcrumb\":{\"@id\":\"https:\/\/www.zerdab.com\/?p=8997#breadcrumb\"},\"inLanguage\":\"az\",\"potentialAction\":[{\"@type\":\"ReadAction\",\"target\":[\"https:\/\/www.zerdab.com\/?p=8997\"]}]},{\"@type\":\"ImageObject\",\"inLanguage\":\"az\",\"@id\":\"https:\/\/www.zerdab.com\/?p=8997#primaryimage\",\"url\":\"\",\"contentUrl\":\"\"},{\"@type\":\"BreadcrumbList\",\"@id\":\"https:\/\/www.zerdab.com\/?p=8997#breadcrumb\",\"itemListElement\":[{\"@type\":\"ListItem\",\"position\":1,\"name\":\"Home\",\"item\":\"https:\/\/www.zerdab.com\/\"},{\"@type\":\"ListItem\",\"position\":2,\"name\":\"&#8220;C\u0259miyy\u0259td\u0259 sosial \u0259dal\u0259t prinsipl\u0259ri tam \u015f\u0259kild\u0259 t\u0259tbiq edilm\u0259lidir&#8221;\"}]},{\"@type\":\"WebSite\",\"@id\":\"https:\/\/www.zerdab.com\/#website\",\"url\":\"https:\/\/www.zerdab.com\/\",\"name\":\"Z\u0259rdab.com\",\"description\":\"\",\"potentialAction\":[{\"@type\":\"SearchAction\",\"target\":{\"@type\":\"EntryPoint\",\"urlTemplate\":\"https:\/\/www.zerdab.com\/?s={search_term_string}\"},\"query-input\":{\"@type\":\"PropertyValueSpecification\",\"valueRequired\":true,\"valueName\":\"search_term_string\"}}],\"inLanguage\":\"az\"},{\"@type\":\"Person\",\"@id\":\"https:\/\/www.zerdab.com\/#\/schema\/person\/97079b7570c1e89ec0d9e138c3672136\",\"name\":\"admin\",\"image\":{\"@type\":\"ImageObject\",\"inLanguage\":\"az\",\"@id\":\"https:\/\/www.zerdab.com\/#\/schema\/person\/image\/\",\"url\":\"https:\/\/secure.gravatar.com\/avatar\/d9c52a9a27c32119cb6679a077fa3e2779e5f822c451cbf01098004361d466ec?s=96&d=mm&r=g\",\"contentUrl\":\"https:\/\/secure.gravatar.com\/avatar\/d9c52a9a27c32119cb6679a077fa3e2779e5f822c451cbf01098004361d466ec?s=96&d=mm&r=g\",\"caption\":\"admin\"},\"url\":\"https:\/\/www.zerdab.com\/?author=1\"}]}<\/script>\n<!-- \/ Yoast SEO plugin. -->","yoast_head_json":{"title":"\"C\u0259miyy\u0259td\u0259 sosial \u0259dal\u0259t prinsipl\u0259ri tam \u015f\u0259kild\u0259 t\u0259tbiq edilm\u0259lidir\" - Z\u0259rdab.com","robots":{"index":"index","follow":"follow","max-snippet":"max-snippet:-1","max-image-preview":"max-image-preview:large","max-video-preview":"max-video-preview:-1"},"canonical":"https:\/\/www.zerdab.com\/?p=8997","og_locale":"az_AZ","og_type":"article","og_title":"\"C\u0259miyy\u0259td\u0259 sosial \u0259dal\u0259t prinsipl\u0259ri tam \u015f\u0259kild\u0259 t\u0259tbiq edilm\u0259lidir\" - Z\u0259rdab.com","og_description":"Aprelin 14-d\u0259 Az\u0259rbaycan\u00a0Respublikas\u0131n\u0131n Prezidenti \u0130lham \u018fliyevin s\u0259drliyi il\u0259 Nazirl\u0259r Kabinetinin 2013-c\u00fc ilin birinci r\u00fcb\u00fcn\u00fcn sosial-iqtisadi inki\u015faf\u0131n\u0131n yekunlar\u0131na v\u0259 qar\u015f\u0131da duran v\u0259zif\u0259l\u0259r\u0259 h\u0259sr olunmu\u015f iclas\u0131 ke\u00e7irilmi\u015fdir. D\u00f6vl\u0259timizin ba\u015f\u00e7\u0131s\u0131 iclasda nitq s\u00f6yl\u0259mi\u015fdir. Zerdab.com sayt\u0131 Prezidentin \u00e7\u0131x\u0131\u015f\u0131ndan b\u0259zi hiss\u0259l\u0259ri t\u0259qdim edir: \u201cM\u0259n sosial infrastruktur layih\u0259l\u0259rini qeyd etm\u0259k ist\u0259yir\u0259m, &#8211; x\u0259st\u0259xanalar, m\u0259kt\u0259bl\u0259r, m\u0259d\u0259niyy\u0259t ocaqlar\u0131, idman qur\u011fular\u0131 tikilir. Sosial infrastrukturun [&hellip;]","og_url":"https:\/\/www.zerdab.com\/?p=8997","og_site_name":"Z\u0259rdab.com","article_published_time":"2013-04-16T06:26:56+00:00","og_image":[{"url":"http:\/\/www.zerdab.com\/wp-content\/uploads\/2013\/04\/001-prezident-nk-2013-birinci-rub-iclas-350x217.jpg","type":"","width":"","height":""}],"author":"admin","twitter_card":"summary_large_image","twitter_misc":{"Written by":"admin","Est. reading time":"15 minutes"},"schema":{"@context":"https:\/\/schema.org","@graph":[{"@type":"Article","@id":"https:\/\/www.zerdab.com\/?p=8997#article","isPartOf":{"@id":"https:\/\/www.zerdab.com\/?p=8997"},"author":{"name":"admin","@id":"https:\/\/www.zerdab.com\/#\/schema\/person\/97079b7570c1e89ec0d9e138c3672136"},"headline":"&#8220;C\u0259miyy\u0259td\u0259 sosial \u0259dal\u0259t prinsipl\u0259ri tam \u015f\u0259kild\u0259 t\u0259tbiq edilm\u0259lidir&#8221;","datePublished":"2013-04-16T06:26:56+00:00","mainEntityOfPage":{"@id":"https:\/\/www.zerdab.com\/?p=8997"},"wordCount":2963,"commentCount":0,"image":{"@id":"https:\/\/www.zerdab.com\/?p=8997#primaryimage"},"thumbnailUrl":"http:\/\/www.zerdab.com\/wp-content\/uploads\/2013\/04\/001-prezident-nk-2013-birinci-rub-iclas-350x217.jpg","articleSection":["X\u018fB\u018fRL\u018fR"],"inLanguage":"az","potentialAction":[{"@type":"CommentAction","name":"Comment","target":["https:\/\/www.zerdab.com\/?p=8997#respond"]}]},{"@type":"WebPage","@id":"https:\/\/www.zerdab.com\/?p=8997","url":"https:\/\/www.zerdab.com\/?p=8997","name":"\"C\u0259miyy\u0259td\u0259 sosial \u0259dal\u0259t prinsipl\u0259ri tam \u015f\u0259kild\u0259 t\u0259tbiq edilm\u0259lidir\" - Z\u0259rdab.com","isPartOf":{"@id":"https:\/\/www.zerdab.com\/#website"},"primaryImageOfPage":{"@id":"https:\/\/www.zerdab.com\/?p=8997#primaryimage"},"image":{"@id":"https:\/\/www.zerdab.com\/?p=8997#primaryimage"},"thumbnailUrl":"http:\/\/www.zerdab.com\/wp-content\/uploads\/2013\/04\/001-prezident-nk-2013-birinci-rub-iclas-350x217.jpg","datePublished":"2013-04-16T06:26:56+00:00","author":{"@id":"https:\/\/www.zerdab.com\/#\/schema\/person\/97079b7570c1e89ec0d9e138c3672136"},"breadcrumb":{"@id":"https:\/\/www.zerdab.com\/?p=8997#breadcrumb"},"inLanguage":"az","potentialAction":[{"@type":"ReadAction","target":["https:\/\/www.zerdab.com\/?p=8997"]}]},{"@type":"ImageObject","inLanguage":"az","@id":"https:\/\/www.zerdab.com\/?p=8997#primaryimage","url":"","contentUrl":""},{"@type":"BreadcrumbList","@id":"https:\/\/www.zerdab.com\/?p=8997#breadcrumb","itemListElement":[{"@type":"ListItem","position":1,"name":"Home","item":"https:\/\/www.zerdab.com\/"},{"@type":"ListItem","position":2,"name":"&#8220;C\u0259miyy\u0259td\u0259 sosial \u0259dal\u0259t prinsipl\u0259ri tam \u015f\u0259kild\u0259 t\u0259tbiq edilm\u0259lidir&#8221;"}]},{"@type":"WebSite","@id":"https:\/\/www.zerdab.com\/#website","url":"https:\/\/www.zerdab.com\/","name":"Z\u0259rdab.com","description":"","potentialAction":[{"@type":"SearchAction","target":{"@type":"EntryPoint","urlTemplate":"https:\/\/www.zerdab.com\/?s={search_term_string}"},"query-input":{"@type":"PropertyValueSpecification","valueRequired":true,"valueName":"search_term_string"}}],"inLanguage":"az"},{"@type":"Person","@id":"https:\/\/www.zerdab.com\/#\/schema\/person\/97079b7570c1e89ec0d9e138c3672136","name":"admin","image":{"@type":"ImageObject","inLanguage":"az","@id":"https:\/\/www.zerdab.com\/#\/schema\/person\/image\/","url":"https:\/\/secure.gravatar.com\/avatar\/d9c52a9a27c32119cb6679a077fa3e2779e5f822c451cbf01098004361d466ec?s=96&d=mm&r=g","contentUrl":"https:\/\/secure.gravatar.com\/avatar\/d9c52a9a27c32119cb6679a077fa3e2779e5f822c451cbf01098004361d466ec?s=96&d=mm&r=g","caption":"admin"},"url":"https:\/\/www.zerdab.com\/?author=1"}]}},"_links":{"self":[{"href":"https:\/\/www.zerdab.com\/index.php?rest_route=\/wp\/v2\/posts\/8997","targetHints":{"allow":["GET"]}}],"collection":[{"href":"https:\/\/www.zerdab.com\/index.php?rest_route=\/wp\/v2\/posts"}],"about":[{"href":"https:\/\/www.zerdab.com\/index.php?rest_route=\/wp\/v2\/types\/post"}],"author":[{"embeddable":true,"href":"https:\/\/www.zerdab.com\/index.php?rest_route=\/wp\/v2\/users\/1"}],"replies":[{"embeddable":true,"href":"https:\/\/www.zerdab.com\/index.php?rest_route=%2Fwp%2Fv2%2Fcomments&post=8997"}],"version-history":[{"count":1,"href":"https:\/\/www.zerdab.com\/index.php?rest_route=\/wp\/v2\/posts\/8997\/revisions"}],"predecessor-version":[{"id":8999,"href":"https:\/\/www.zerdab.com\/index.php?rest_route=\/wp\/v2\/posts\/8997\/revisions\/8999"}],"wp:attachment":[{"href":"https:\/\/www.zerdab.com\/index.php?rest_route=%2Fwp%2Fv2%2Fmedia&parent=8997"}],"wp:term":[{"taxonomy":"category","embeddable":true,"href":"https:\/\/www.zerdab.com\/index.php?rest_route=%2Fwp%2Fv2%2Fcategories&post=8997"},{"taxonomy":"post_tag","embeddable":true,"href":"https:\/\/www.zerdab.com\/index.php?rest_route=%2Fwp%2Fv2%2Ftags&post=8997"}],"curies":[{"name":"wp","href":"https:\/\/api.w.org\/{rel}","templated":true}]}}