{"id":9037,"date":"2013-04-18T13:16:43","date_gmt":"2013-04-18T08:16:43","guid":{"rendered":"http:\/\/www.zerdab.com\/?p=9037"},"modified":"2013-04-18T13:21:19","modified_gmt":"2013-04-18T08:21:19","slug":"z%c9%99rdabda-yap-rayon-qadinlar-surasinin-konfransi-kecirilib","status":"publish","type":"post","link":"https:\/\/www.zerdab.com\/?p=9037","title":{"rendered":"Z\u0259rdabda YAP rayon Qad\u0131nlar \u015euras\u0131n\u0131n konfrans\u0131 ke\u00e7irilib"},"content":{"rendered":"<figure id=\"attachment_9038\" aria-describedby=\"caption-attachment-9038\" style=\"width: 400px\" class=\"wp-caption aligncenter\"><img loading=\"lazy\" decoding=\"async\" class=\"size-medium wp-image-9038\" alt=\"YAP Z\u0259rdab rayon t\u0259\u015fkilat\u0131n\u0131n s\u0259dri P\u0259rvin Mahmudova \" src=\"http:\/\/www.zerdab.com\/wp-content\/uploads\/2013\/04\/YAP-Z\u0259rdab-rayon-t\u0259\u015fkilat\u0131-400x265.jpg\" width=\"400\" height=\"265\" \/><figcaption id=\"caption-attachment-9038\" class=\"wp-caption-text\"><span style=\"color: #333399;\"><strong>YAP Z\u0259rdab rayon t\u0259\u015fkilat\u0131n\u0131n s\u0259dri P\u0259rvin Mahmudova<\/strong><\/span><\/figcaption><\/figure>\n<p style=\"text-align: justify;\"><span style=\"color: #000000;\"><strong>Yeni Az\u0259rbaycan Partiyas\u0131 (YAP) Z\u0259rdab rayon Qad\u0131nlar \u015furas\u0131n\u0131n konfrans\u0131 ke\u00e7irilib. YAP Z\u0259rdab rayon t\u0259\u015fkilat\u0131ndan Zerdab.com sayt\u0131na veril\u0259n m\u0259lumata g\u00f6r\u0259, konfrans i\u015ftirak\u00e7\u0131lar\u0131 \u0259vv\u0259lc\u0259 Ulu \u00f6nd\u0259rin Heyd\u0259r \u018fliyev park\u0131ndak\u0131 m\u00f6ht\u0259\u015f\u0259m abid\u0259si \u00f6n\u00fcn\u0259 g\u00fcl d\u0259st\u0259l\u0259ri qoyublar. T\u0259dbirin r\u0259smi hiss\u0259si Heyd\u0259r \u018fliyev m\u0259rk\u0259zind\u0259 davam etdirilib. Konfransda 64 ilk partiya t\u0259\u015fkilat\u0131ndan 150 n\u0259f\u0259r n\u00fcmay\u0259nd\u0259 i\u015ftirak etmi\u015fdir.<\/strong> <\/span>\u00dcmummilli liderin \u0259ziz xatir\u0259si konfrans i\u015ftirak\u00e7\u0131lar\u0131 t\u0259r\u0259find\u0259n bir d\u0259qiq\u0259lik s\u00fckutla yad edilmi\u015fdir. Konfrans\u0131 giri\u015f s\u00f6z\u00fc il\u0259 a\u00e7an YAP Z\u0259rdab rayon t\u0259\u015fkilat\u0131n\u0131n s\u0259dri P\u0259rvin Mahmudova YAP v\u0259 onun yarad\u0131c\u0131s\u0131 Ulu \u00f6nd\u0259r Heyd\u0259r \u018fliyevin Az\u0259rbaycan \u00fc\u00e7\u00fcn xidm\u0259tl\u0259rind\u0259n dan\u0131\u015faraq, bu partiyan\u0131n c\u0259miyy\u0259td\u0259 b\u00f6y\u00fck bir siyasi q\u00fcvv\u0259 kimi v\u0259t\u0259nda\u015flar\u0131n h\u0259yat\u0131n\u0131n t\u0259nziml\u0259nm\u0259sind\u0259, m\u00fcst\u0259qilliyimizin m\u00f6hk\u0259ml\u0259ndirilm\u0259sind\u0259, xarici \u00f6lk\u0259l\u0259rd\u0259 v\u0259t\u0259nimiz, mill\u0259timiz haqq\u0131nda m\u00fcsb\u0259t fikirl\u0259rin formala\u015fmas\u0131nda b\u00f6y\u00fck rolu bar\u0259d\u0259 m\u0259lumat vermi\u015fdir.<\/p>\n<p style=\"text-align: justify;\">\u00a0\u00a0 Qeyd olunmu\u015fdur ki, YAP-\u0131n t\u0259sis olundu\u011fu g\u00fcnd\u0259n \u00f6t\u0259n 21 il \u0259rzind\u0259 h\u0259m partiyan\u0131n, h\u0259m d\u0259 Az\u0259rbaycan d\u00f6vl\u0259tinin inki\u015faf\u0131nda m\u00fch\u00fcm nailiyy\u0259tl\u0259r \u0259ld\u0259 olunmu\u015f, Az\u0259rbaycan yar\u0131mm\u00fcst\u0259qil bir respublikadan d\u00fcnya birliyinin b\u0259rab\u0259r h\u00fcquqlu \u00fczv\u00fcn\u0259, m\u00fcst\u0259qil, demokratik d\u00f6vl\u0259t\u0259 \u00e7evrilmi\u015fdir. \u00d6lk\u0259daxili prosesl\u0259r nizamlanm\u0131\u015f, daxili \u00e7\u0259ki\u015fm\u0259l\u0259r\u0259, anarxiyaya, etnik v\u0259 milli m\u00fcnaqi\u015f\u0259l\u0259r\u0259, hakimiyy\u0259t u\u011frunda silahl\u0131 m\u00fcbariz\u0259y\u0259 v\u0259 v\u0259t\u0259nda\u015f qar\u015f\u0131durmas\u0131na son qoyulmu\u015f, sa\u011flam \u0259saslar \u00fcz\u0259rind\u0259 ictimai-siyasi sabitlik b\u0259rq\u0259rar olunmu\u015fdur.<\/p>\n<p style=\"text-align: justify;\">\u00a0\u00a0\u00a0 \u00a0\u00a0\u00a0\u00a0YAP Z\u0259rdab rayon t\u0259\u015fkilat\u0131n\u0131n Qad\u0131nlar \u015euras\u0131n\u0131n s\u0259dri Min\u0259g\u00fcl \u018fliyeva hesabat m\u0259ruz\u0259si il\u0259 \u00e7\u0131x\u0131\u015f etmi\u015f, hesabat \u0259traf\u0131nda m\u00fczakir\u0259l\u0259r apar\u0131lm\u0131\u015fd\u0131r.<\/p>\n<p style=\"text-align: justify;\">\u00a0\u00a0\u00a0\u00a0 Konfransda Z\u0259rdab rayon H. B. Z\u0259rdabi ad\u0131na muzeyin direktoru V\u0259fa Bayramova, Rayon \u201c\u018fkin\u00e7i\u201d q\u0259zetinin x\u00fcsusi m\u00fcxbiri T\u0259rlan Abdullayeva, Rayon \u0130cra Hakimiyy\u0259ti Aparat\u0131n\u0131n t\u0259limat\u00e7\u0131s\u0131 R\u0259mziyy\u0259 \u018fhm\u0259dova , Yeni Az\u0259rbaycan Partiyas\u0131 Z\u0259rdab rayon t\u0259\u015fkilat\u0131n\u0131n \u015eura \u00fczv\u00fc, Q\u0131z\u0131l Aypara C\u0259miyy\u0259tinin rayon b\u00f6lm\u0259sinin s\u0259dri, \u201cT\u0259r\u0259qqi\u201d medall\u0131 m\u00fc\u0259llim\u0259 Firuz\u0259 Qocayeva, Yeni Az\u0259rbaycan Partiyas\u0131 Z\u0259rdab\u00a0 rayon G\u0259ncl\u0259r t\u0259\u015fkilat\u0131n\u0131n s\u0259dri Ramin \u018fliyev v\u0259 ba\u015fqalar\u0131 \u00e7\u0131x\u0131\u015f ed\u0259r\u0259k qad\u0131nlar\u0131n \u00f6lk\u0259nin el\u0259c\u0259 d\u0259 rayonun ictimai-siyasi h\u0259yat\u0131ndak\u0131 rolundan, onlara g\u00f6st\u0259ril\u0259n diqq\u0259t v\u0259 qay\u011f\u0131dan s\u00f6z a\u00e7\u0131blar.<\/p>\n<p style=\"text-align: justify;\">\u00a0\u00a0\u00a0\u00a0 M\u00fczakir\u0259l\u0259rd\u0259n sonra YAP Z\u0259rdab rayon Qad\u0131nlar \u015furas\u0131n\u0131n s\u0259dri Min\u0259g\u00fcl \u018fliyevan\u0131n f\u0259aliyy\u0259ti q\u0259na\u0259tb\u0259x\u015f hesab edil\u0259r\u0259k yenid\u0259n yekdillikl\u0259 s\u0259dr v\u0259 YAP Qad\u0131nlar \u015furas\u0131n\u0131n Bak\u0131da ke\u00e7iril\u0259c\u0259k konfrans\u0131na n\u00fcmay\u0259nd\u0259 se\u00e7ilmi\u015fdir.<\/p>\n<p style=\"text-align: justify;\">\u00a0\u00a0\u00a0\u00a0 Konfrans\u0131n gedi\u015find\u0259 YAP Qad\u0131nlar \u015furas\u0131n\u0131n 21 n\u0259f\u0259rd\u0259n ibar\u0259t \u015euras\u0131 v\u0259 9 n\u0259f\u0259rd\u0259n ibar\u0259t \u0130dar\u0259 heyy\u0259ti se\u00e7il\u0259r\u0259k t\u0259sdiq edilmi\u015fdir.<\/p>\n<p style=\"text-align: justify;\" align=\"right\">Sonda konfrans i\u015ftirak\u00e7\u0131lar\u0131 ad\u0131ndan YAP-n\u0131n s\u0259dri c\u0259nab \u0130lham \u018fliyev\u0259 m\u00fcraci\u0259t q\u0259bul edilmi\u015fdir. \u00c7\u0131x\u0131\u015flarda v\u0259 m\u00fcraci\u0259tl\u0259rd\u0259 b\u00fct\u00fcn sa\u011flam d\u00fc\u015f\u00fcnc\u0259li Az\u0259rbaycanl\u0131lar kimi, xalq\u0131n\u0131, d\u00f6vl\u0259tini sev\u0259n, onun xo\u015fb\u0259xt g\u0259l\u0259c\u0259yin\u0259 inanan Z\u0259rdabl\u0131lar\u0131n da m\u00f6ht\u0259r\u0259m Prezidentimizin namiz\u0259dliyini d\u0259st\u0259kl\u0259dikl\u0259ri, Az\u0259rbaycan Respublikas\u0131n\u0131 v\u0259 Az\u0259rbaycan xalq\u0131n\u0131 ir\u0259li apara bil\u0259c\u0259k yegan\u0259 namiz\u0259d\u0259 s\u0259s ver\u0259c\u0259kl\u0259ri \u0259minlikl\u0259 ifad\u0259 olunmu\u015fdur.<\/p>\n<p style=\"text-align: justify;\">\u00a0\u00a0\u00a0 YAP Z\u0259rdab rayon t\u0259\u015fkilat\u0131n\u0131n s\u0259dri P\u0259rvin Mahmudova Konfrans\u0131n i\u015fin\u0259 yekun vurmu\u015fdur.<\/p>\n<p style=\"text-align: justify;\"><b>YAP Z\u0259rdab rayon t\u0259\u015fkilat\u0131<\/b><\/p>\n<p style=\"text-align: justify;\"><img loading=\"lazy\" decoding=\"async\" class=\"aligncenter size-medium wp-image-9039\" alt=\"YAP Z\u0259rdab rayon t\u0259\u015fkilat\u0131ndan 1\" src=\"http:\/\/www.zerdab.com\/wp-content\/uploads\/2013\/04\/YAP-Z\u0259rdab-rayon-t\u0259\u015fkilat\u0131ndan-1-400x265.jpg\" width=\"400\" height=\"265\" \/><\/p>\n","protected":false},"excerpt":{"rendered":"<p>Yeni Az\u0259rbaycan Partiyas\u0131 (YAP) Z\u0259rdab rayon Qad\u0131nlar \u015furas\u0131n\u0131n konfrans\u0131 ke\u00e7irilib. YAP Z\u0259rdab rayon t\u0259\u015fkilat\u0131ndan Zerdab.com sayt\u0131na veril\u0259n m\u0259lumata g\u00f6r\u0259, konfrans i\u015ftirak\u00e7\u0131lar\u0131 \u0259vv\u0259lc\u0259 Ulu \u00f6nd\u0259rin Heyd\u0259r \u018fliyev park\u0131ndak\u0131 m\u00f6ht\u0259\u015f\u0259m abid\u0259si \u00f6n\u00fcn\u0259 g\u00fcl d\u0259st\u0259l\u0259ri qoyublar. T\u0259dbirin r\u0259smi hiss\u0259si Heyd\u0259r \u018fliyev m\u0259rk\u0259zind\u0259 davam etdirilib. Konfransda 64 ilk partiya t\u0259\u015fkilat\u0131ndan 150 n\u0259f\u0259r n\u00fcmay\u0259nd\u0259 i\u015ftirak etmi\u015fdir. \u00dcmummilli liderin \u0259ziz xatir\u0259si [&hellip;]<\/p>\n","protected":false},"author":1,"featured_media":0,"comment_status":"open","ping_status":"open","sticky":false,"template":"","format":"standard","meta":{"footnotes":""},"categories":[21],"tags":[],"class_list":{"0":"post-9037","1":"post","2":"type-post","3":"status-publish","4":"format-standard","6":"category-zrdab"},"yoast_head":"<!-- This site is optimized with the Yoast SEO plugin v27.0 - https:\/\/yoast.com\/product\/yoast-seo-wordpress\/ -->\n<title>Z\u0259rdabda YAP rayon Qad\u0131nlar \u015euras\u0131n\u0131n konfrans\u0131 ke\u00e7irilib - Z\u0259rdab.com<\/title>\n<meta name=\"robots\" content=\"index, follow, max-snippet:-1, max-image-preview:large, max-video-preview:-1\" \/>\n<link rel=\"canonical\" href=\"https:\/\/www.zerdab.com\/?p=9037\" \/>\n<meta property=\"og:locale\" content=\"az_AZ\" \/>\n<meta property=\"og:type\" content=\"article\" \/>\n<meta property=\"og:title\" content=\"Z\u0259rdabda YAP rayon Qad\u0131nlar \u015euras\u0131n\u0131n konfrans\u0131 ke\u00e7irilib - Z\u0259rdab.com\" \/>\n<meta property=\"og:description\" content=\"Yeni Az\u0259rbaycan Partiyas\u0131 (YAP) Z\u0259rdab rayon Qad\u0131nlar \u015furas\u0131n\u0131n konfrans\u0131 ke\u00e7irilib. YAP Z\u0259rdab rayon t\u0259\u015fkilat\u0131ndan Zerdab.com sayt\u0131na veril\u0259n m\u0259lumata g\u00f6r\u0259, konfrans i\u015ftirak\u00e7\u0131lar\u0131 \u0259vv\u0259lc\u0259 Ulu \u00f6nd\u0259rin Heyd\u0259r \u018fliyev park\u0131ndak\u0131 m\u00f6ht\u0259\u015f\u0259m abid\u0259si \u00f6n\u00fcn\u0259 g\u00fcl d\u0259st\u0259l\u0259ri qoyublar. T\u0259dbirin r\u0259smi hiss\u0259si Heyd\u0259r \u018fliyev m\u0259rk\u0259zind\u0259 davam etdirilib. Konfransda 64 ilk partiya t\u0259\u015fkilat\u0131ndan 150 n\u0259f\u0259r n\u00fcmay\u0259nd\u0259 i\u015ftirak etmi\u015fdir. \u00dcmummilli liderin \u0259ziz xatir\u0259si [&hellip;]\" \/>\n<meta property=\"og:url\" content=\"https:\/\/www.zerdab.com\/?p=9037\" \/>\n<meta property=\"og:site_name\" content=\"Z\u0259rdab.com\" \/>\n<meta property=\"article:published_time\" content=\"2013-04-18T08:16:43+00:00\" \/>\n<meta property=\"article:modified_time\" content=\"2013-04-18T08:21:19+00:00\" \/>\n<meta name=\"author\" content=\"admin\" \/>\n<meta name=\"twitter:card\" content=\"summary_large_image\" \/>\n<meta name=\"twitter:label1\" content=\"Written by\" \/>\n\t<meta name=\"twitter:data1\" content=\"admin\" \/>\n\t<meta name=\"twitter:label2\" content=\"Est. reading time\" \/>\n\t<meta name=\"twitter:data2\" content=\"4 minutes\" \/>\n<script type=\"application\/ld+json\" class=\"yoast-schema-graph\">{\"@context\":\"https:\/\/schema.org\",\"@graph\":[{\"@type\":\"Article\",\"@id\":\"https:\/\/www.zerdab.com\/?p=9037#article\",\"isPartOf\":{\"@id\":\"https:\/\/www.zerdab.com\/?p=9037\"},\"author\":{\"name\":\"admin\",\"@id\":\"https:\/\/www.zerdab.com\/#\/schema\/person\/97079b7570c1e89ec0d9e138c3672136\"},\"headline\":\"Z\u0259rdabda YAP rayon Qad\u0131nlar \u015euras\u0131n\u0131n konfrans\u0131 ke\u00e7irilib\",\"datePublished\":\"2013-04-18T08:16:43+00:00\",\"dateModified\":\"2013-04-18T08:21:19+00:00\",\"mainEntityOfPage\":{\"@id\":\"https:\/\/www.zerdab.com\/?p=9037\"},\"wordCount\":751,\"commentCount\":2,\"articleSection\":[\"C\u018fM\u0130YY\u018fT\"],\"inLanguage\":\"az\",\"potentialAction\":[{\"@type\":\"CommentAction\",\"name\":\"Comment\",\"target\":[\"https:\/\/www.zerdab.com\/?p=9037#respond\"]}]},{\"@type\":\"WebPage\",\"@id\":\"https:\/\/www.zerdab.com\/?p=9037\",\"url\":\"https:\/\/www.zerdab.com\/?p=9037\",\"name\":\"Z\u0259rdabda YAP rayon Qad\u0131nlar \u015euras\u0131n\u0131n konfrans\u0131 ke\u00e7irilib - Z\u0259rdab.com\",\"isPartOf\":{\"@id\":\"https:\/\/www.zerdab.com\/#website\"},\"datePublished\":\"2013-04-18T08:16:43+00:00\",\"dateModified\":\"2013-04-18T08:21:19+00:00\",\"author\":{\"@id\":\"https:\/\/www.zerdab.com\/#\/schema\/person\/97079b7570c1e89ec0d9e138c3672136\"},\"breadcrumb\":{\"@id\":\"https:\/\/www.zerdab.com\/?p=9037#breadcrumb\"},\"inLanguage\":\"az\",\"potentialAction\":[{\"@type\":\"ReadAction\",\"target\":[\"https:\/\/www.zerdab.com\/?p=9037\"]}]},{\"@type\":\"BreadcrumbList\",\"@id\":\"https:\/\/www.zerdab.com\/?p=9037#breadcrumb\",\"itemListElement\":[{\"@type\":\"ListItem\",\"position\":1,\"name\":\"Home\",\"item\":\"https:\/\/www.zerdab.com\/\"},{\"@type\":\"ListItem\",\"position\":2,\"name\":\"Z\u0259rdabda YAP rayon Qad\u0131nlar \u015euras\u0131n\u0131n konfrans\u0131 ke\u00e7irilib\"}]},{\"@type\":\"WebSite\",\"@id\":\"https:\/\/www.zerdab.com\/#website\",\"url\":\"https:\/\/www.zerdab.com\/\",\"name\":\"Z\u0259rdab.com\",\"description\":\"\",\"potentialAction\":[{\"@type\":\"SearchAction\",\"target\":{\"@type\":\"EntryPoint\",\"urlTemplate\":\"https:\/\/www.zerdab.com\/?s={search_term_string}\"},\"query-input\":{\"@type\":\"PropertyValueSpecification\",\"valueRequired\":true,\"valueName\":\"search_term_string\"}}],\"inLanguage\":\"az\"},{\"@type\":\"Person\",\"@id\":\"https:\/\/www.zerdab.com\/#\/schema\/person\/97079b7570c1e89ec0d9e138c3672136\",\"name\":\"admin\",\"image\":{\"@type\":\"ImageObject\",\"inLanguage\":\"az\",\"@id\":\"https:\/\/www.zerdab.com\/#\/schema\/person\/image\/\",\"url\":\"https:\/\/secure.gravatar.com\/avatar\/d9c52a9a27c32119cb6679a077fa3e2779e5f822c451cbf01098004361d466ec?s=96&d=mm&r=g\",\"contentUrl\":\"https:\/\/secure.gravatar.com\/avatar\/d9c52a9a27c32119cb6679a077fa3e2779e5f822c451cbf01098004361d466ec?s=96&d=mm&r=g\",\"caption\":\"admin\"},\"url\":\"https:\/\/www.zerdab.com\/?author=1\"}]}<\/script>\n<!-- \/ Yoast SEO plugin. -->","yoast_head_json":{"title":"Z\u0259rdabda YAP rayon Qad\u0131nlar \u015euras\u0131n\u0131n konfrans\u0131 ke\u00e7irilib - Z\u0259rdab.com","robots":{"index":"index","follow":"follow","max-snippet":"max-snippet:-1","max-image-preview":"max-image-preview:large","max-video-preview":"max-video-preview:-1"},"canonical":"https:\/\/www.zerdab.com\/?p=9037","og_locale":"az_AZ","og_type":"article","og_title":"Z\u0259rdabda YAP rayon Qad\u0131nlar \u015euras\u0131n\u0131n konfrans\u0131 ke\u00e7irilib - Z\u0259rdab.com","og_description":"Yeni Az\u0259rbaycan Partiyas\u0131 (YAP) Z\u0259rdab rayon Qad\u0131nlar \u015furas\u0131n\u0131n konfrans\u0131 ke\u00e7irilib. YAP Z\u0259rdab rayon t\u0259\u015fkilat\u0131ndan Zerdab.com sayt\u0131na veril\u0259n m\u0259lumata g\u00f6r\u0259, konfrans i\u015ftirak\u00e7\u0131lar\u0131 \u0259vv\u0259lc\u0259 Ulu \u00f6nd\u0259rin Heyd\u0259r \u018fliyev park\u0131ndak\u0131 m\u00f6ht\u0259\u015f\u0259m abid\u0259si \u00f6n\u00fcn\u0259 g\u00fcl d\u0259st\u0259l\u0259ri qoyublar. T\u0259dbirin r\u0259smi hiss\u0259si Heyd\u0259r \u018fliyev m\u0259rk\u0259zind\u0259 davam etdirilib. Konfransda 64 ilk partiya t\u0259\u015fkilat\u0131ndan 150 n\u0259f\u0259r n\u00fcmay\u0259nd\u0259 i\u015ftirak etmi\u015fdir. \u00dcmummilli liderin \u0259ziz xatir\u0259si [&hellip;]","og_url":"https:\/\/www.zerdab.com\/?p=9037","og_site_name":"Z\u0259rdab.com","article_published_time":"2013-04-18T08:16:43+00:00","article_modified_time":"2013-04-18T08:21:19+00:00","author":"admin","twitter_card":"summary_large_image","twitter_misc":{"Written by":"admin","Est. reading time":"4 minutes"},"schema":{"@context":"https:\/\/schema.org","@graph":[{"@type":"Article","@id":"https:\/\/www.zerdab.com\/?p=9037#article","isPartOf":{"@id":"https:\/\/www.zerdab.com\/?p=9037"},"author":{"name":"admin","@id":"https:\/\/www.zerdab.com\/#\/schema\/person\/97079b7570c1e89ec0d9e138c3672136"},"headline":"Z\u0259rdabda YAP rayon Qad\u0131nlar \u015euras\u0131n\u0131n konfrans\u0131 ke\u00e7irilib","datePublished":"2013-04-18T08:16:43+00:00","dateModified":"2013-04-18T08:21:19+00:00","mainEntityOfPage":{"@id":"https:\/\/www.zerdab.com\/?p=9037"},"wordCount":751,"commentCount":2,"articleSection":["C\u018fM\u0130YY\u018fT"],"inLanguage":"az","potentialAction":[{"@type":"CommentAction","name":"Comment","target":["https:\/\/www.zerdab.com\/?p=9037#respond"]}]},{"@type":"WebPage","@id":"https:\/\/www.zerdab.com\/?p=9037","url":"https:\/\/www.zerdab.com\/?p=9037","name":"Z\u0259rdabda YAP rayon Qad\u0131nlar \u015euras\u0131n\u0131n konfrans\u0131 ke\u00e7irilib - Z\u0259rdab.com","isPartOf":{"@id":"https:\/\/www.zerdab.com\/#website"},"datePublished":"2013-04-18T08:16:43+00:00","dateModified":"2013-04-18T08:21:19+00:00","author":{"@id":"https:\/\/www.zerdab.com\/#\/schema\/person\/97079b7570c1e89ec0d9e138c3672136"},"breadcrumb":{"@id":"https:\/\/www.zerdab.com\/?p=9037#breadcrumb"},"inLanguage":"az","potentialAction":[{"@type":"ReadAction","target":["https:\/\/www.zerdab.com\/?p=9037"]}]},{"@type":"BreadcrumbList","@id":"https:\/\/www.zerdab.com\/?p=9037#breadcrumb","itemListElement":[{"@type":"ListItem","position":1,"name":"Home","item":"https:\/\/www.zerdab.com\/"},{"@type":"ListItem","position":2,"name":"Z\u0259rdabda YAP rayon Qad\u0131nlar \u015euras\u0131n\u0131n konfrans\u0131 ke\u00e7irilib"}]},{"@type":"WebSite","@id":"https:\/\/www.zerdab.com\/#website","url":"https:\/\/www.zerdab.com\/","name":"Z\u0259rdab.com","description":"","potentialAction":[{"@type":"SearchAction","target":{"@type":"EntryPoint","urlTemplate":"https:\/\/www.zerdab.com\/?s={search_term_string}"},"query-input":{"@type":"PropertyValueSpecification","valueRequired":true,"valueName":"search_term_string"}}],"inLanguage":"az"},{"@type":"Person","@id":"https:\/\/www.zerdab.com\/#\/schema\/person\/97079b7570c1e89ec0d9e138c3672136","name":"admin","image":{"@type":"ImageObject","inLanguage":"az","@id":"https:\/\/www.zerdab.com\/#\/schema\/person\/image\/","url":"https:\/\/secure.gravatar.com\/avatar\/d9c52a9a27c32119cb6679a077fa3e2779e5f822c451cbf01098004361d466ec?s=96&d=mm&r=g","contentUrl":"https:\/\/secure.gravatar.com\/avatar\/d9c52a9a27c32119cb6679a077fa3e2779e5f822c451cbf01098004361d466ec?s=96&d=mm&r=g","caption":"admin"},"url":"https:\/\/www.zerdab.com\/?author=1"}]}},"_links":{"self":[{"href":"https:\/\/www.zerdab.com\/index.php?rest_route=\/wp\/v2\/posts\/9037","targetHints":{"allow":["GET"]}}],"collection":[{"href":"https:\/\/www.zerdab.com\/index.php?rest_route=\/wp\/v2\/posts"}],"about":[{"href":"https:\/\/www.zerdab.com\/index.php?rest_route=\/wp\/v2\/types\/post"}],"author":[{"embeddable":true,"href":"https:\/\/www.zerdab.com\/index.php?rest_route=\/wp\/v2\/users\/1"}],"replies":[{"embeddable":true,"href":"https:\/\/www.zerdab.com\/index.php?rest_route=%2Fwp%2Fv2%2Fcomments&post=9037"}],"version-history":[{"count":4,"href":"https:\/\/www.zerdab.com\/index.php?rest_route=\/wp\/v2\/posts\/9037\/revisions"}],"predecessor-version":[{"id":9041,"href":"https:\/\/www.zerdab.com\/index.php?rest_route=\/wp\/v2\/posts\/9037\/revisions\/9041"}],"wp:attachment":[{"href":"https:\/\/www.zerdab.com\/index.php?rest_route=%2Fwp%2Fv2%2Fmedia&parent=9037"}],"wp:term":[{"taxonomy":"category","embeddable":true,"href":"https:\/\/www.zerdab.com\/index.php?rest_route=%2Fwp%2Fv2%2Fcategories&post=9037"},{"taxonomy":"post_tag","embeddable":true,"href":"https:\/\/www.zerdab.com\/index.php?rest_route=%2Fwp%2Fv2%2Ftags&post=9037"}],"curies":[{"name":"wp","href":"https:\/\/api.w.org\/{rel}","templated":true}]}}