{"id":9124,"date":"2013-04-19T18:02:04","date_gmt":"2013-04-19T13:02:04","guid":{"rendered":"http:\/\/www.zerdab.com\/?p=9124"},"modified":"2013-04-19T18:03:50","modified_gmt":"2013-04-19T13:03:50","slug":"t%c9%99hsil-naziri-v%c9%99zif%c9%99sin%c9%99-yeni-t%c9%99yinat-prezident-bu-v%c9%99zif%c9%99y%c9%99-mikayil-cabbarovu-layiq-gordu","status":"publish","type":"post","link":"https:\/\/www.zerdab.com\/?p=9124","title":{"rendered":"T\u0259hsil naziri v\u0259zif\u0259sin\u0259 yeni t\u0259yinat: bu v\u0259zif\u0259y\u0259 Mikay\u0131l Cabbarov layiq g\u00f6r\u00fcld\u00fc"},"content":{"rendered":"<figure id=\"attachment_9125\" aria-describedby=\"caption-attachment-9125\" style=\"width: 300px\" class=\"wp-caption aligncenter\"><img loading=\"lazy\" decoding=\"async\" class=\"size-thumbnail wp-image-9125\" alt=\"Mikay\u0131l \u00c7ingiz o\u011flu Cabbarov \" src=\"http:\/\/www.zerdab.com\/wp-content\/uploads\/2013\/04\/Mikayil-Cabbarov-300x210.jpg\" width=\"300\" height=\"210\" \/><figcaption id=\"caption-attachment-9125\" class=\"wp-caption-text\"><strong>Mikay\u0131l \u00c7ingiz o\u011flu Cabbarov<\/strong><\/figcaption><\/figure>\n<p><span style=\"color: #000000;\"><strong>Az\u0259rbaycan Prezidenti \u0130lham \u018fliyevin s\u0259r\u0259ncam\u0131 il\u0259 Misir M\u0259rdanov t\u0259hsil naziri v\u0259zif\u0259sind\u0259n azad edilib. Prezidentin dig\u0259r s\u0259r\u0259ncam\u0131 il\u0259 Az\u0259rbaycan Respublikas\u0131n\u0131n Nazirl\u0259r Kabineti yan\u0131nda \u201c\u0130\u00e7\u0259ri\u015f\u0259h\u0259r\u201d D\u00f6vl\u0259t Tarix-Memarl\u0131q Qoru\u011fu \u0130dar\u0259sinin r\u0259isi Mikay\u0131l \u00c7ingiz o\u011flu Cabbarov t\u0259hsil naziri t\u0259yin edilib.<\/strong> <\/span>Qeyd ed\u0259k ki, Prezident \u0130lham \u018fliyevin s\u0259r\u0259ncam\u0131 il\u0259 t\u0259hsil naziri t\u0259yin olunan Mikay\u0131l \u00c7ingiz o\u011flu Cabbarov 1976-c\u0131 il sentyabr\u0131n 19-da Bak\u0131 \u015f\u0259h\u0259rind\u0259 anadan olub. M. Cabbarov Bak\u0131 D\u00f6vl\u0259t Universitetinin beyn\u0259lxalq h\u00fcquq fak\u00fclt\u0259sini bitirib. Daha sonra AB\u015e-da Sakramento \u015f\u0259h\u0259rind\u0259 h\u00fcquq m\u0259kt\u0259bind\u0259, daha sonra Az\u0259rbaycan D\u00f6vl\u0259t \u0130qtisadiyyat Universitetind\u0259 iqtisadiyyat \u00fczr\u0259 magistr d\u0259r\u0259c\u0259si al\u0131b. Nyu-York \u015f\u0259h\u0259rinin v\u0259kill\u0259r kollegiyas\u0131n\u0131n \u00fczv\u00fcd\u00fcr. \u0130lk \u0259m\u0259k f\u0259aliyy\u0259tin\u0259 1995-ci ild\u0259 bank sektorunda ba\u015flay\u0131b, 1999-2002-ci ill\u0259rd\u0259 is\u0259 \u00f6z\u0259l sektorda h\u00fcquq\u015f\u00fcnas kimi i\u015fl\u0259yib. 2002-2003-c\u00fc ill\u0259rd\u0259 \u0130qtisadi \u0130nki\u015faf Nazirliyind\u0259 m\u0259sl\u0259h\u0259t\u00e7i, 2003-2004-d\u0259 Az\u0259rbaycanda \u0130xrac\u0131n v\u0259 \u0130nvestisiyalar\u0131n T\u0259\u015fviqi Fondunun prezidenti v\u0259zif\u0259l\u0259rind\u0259 \u00e7al\u0131\u015f\u0131b. 2004-c\u00fc ilin fevral\u0131n 20-d\u0259 Az\u0259rbaycan iqtisadi inki\u015faf nazirinin m\u00fcavini t\u0259yin olunub. 2009-cu ilin mart\u0131n 6-dan is\u0259 \u201c\u0130\u00e7\u0259ri\u015e\u0259h\u0259r\u201d D\u00f6vl\u0259t Qoru\u011fu \u0130dar\u0259sinin r\u0259isi kimi f\u0259aliyy\u0259t g\u00f6st\u0259rib.<\/p>\n<p><strong>Zerdab.com<\/strong><\/p>\n","protected":false},"excerpt":{"rendered":"<p>Az\u0259rbaycan Prezidenti \u0130lham \u018fliyevin s\u0259r\u0259ncam\u0131 il\u0259 Misir M\u0259rdanov t\u0259hsil naziri v\u0259zif\u0259sind\u0259n azad edilib. Prezidentin dig\u0259r s\u0259r\u0259ncam\u0131 il\u0259 Az\u0259rbaycan Respublikas\u0131n\u0131n Nazirl\u0259r Kabineti yan\u0131nda \u201c\u0130\u00e7\u0259ri\u015f\u0259h\u0259r\u201d D\u00f6vl\u0259t Tarix-Memarl\u0131q Qoru\u011fu \u0130dar\u0259sinin r\u0259isi Mikay\u0131l \u00c7ingiz o\u011flu Cabbarov t\u0259hsil naziri t\u0259yin edilib. Qeyd ed\u0259k ki, Prezident \u0130lham \u018fliyevin s\u0259r\u0259ncam\u0131 il\u0259 t\u0259hsil naziri t\u0259yin olunan Mikay\u0131l \u00c7ingiz o\u011flu Cabbarov 1976-c\u0131 il sentyabr\u0131n [&hellip;]<\/p>\n","protected":false},"author":1,"featured_media":0,"comment_status":"closed","ping_status":"open","sticky":false,"template":"","format":"standard","meta":{"footnotes":""},"categories":[21],"tags":[],"class_list":{"0":"post-9124","1":"post","2":"type-post","3":"status-publish","4":"format-standard","6":"category-zrdab"},"yoast_head":"<!-- This site is optimized with the Yoast SEO plugin v27.0 - https:\/\/yoast.com\/product\/yoast-seo-wordpress\/ -->\n<title>T\u0259hsil naziri v\u0259zif\u0259sin\u0259 yeni t\u0259yinat: bu v\u0259zif\u0259y\u0259 Mikay\u0131l Cabbarov layiq g\u00f6r\u00fcld\u00fc - Z\u0259rdab.com<\/title>\n<meta name=\"robots\" content=\"index, follow, max-snippet:-1, max-image-preview:large, max-video-preview:-1\" \/>\n<link rel=\"canonical\" href=\"https:\/\/www.zerdab.com\/?p=9124\" \/>\n<meta property=\"og:locale\" content=\"az_AZ\" \/>\n<meta property=\"og:type\" content=\"article\" \/>\n<meta property=\"og:title\" content=\"T\u0259hsil naziri v\u0259zif\u0259sin\u0259 yeni t\u0259yinat: bu v\u0259zif\u0259y\u0259 Mikay\u0131l Cabbarov layiq g\u00f6r\u00fcld\u00fc - Z\u0259rdab.com\" \/>\n<meta property=\"og:description\" content=\"Az\u0259rbaycan Prezidenti \u0130lham \u018fliyevin s\u0259r\u0259ncam\u0131 il\u0259 Misir M\u0259rdanov t\u0259hsil naziri v\u0259zif\u0259sind\u0259n azad edilib. Prezidentin dig\u0259r s\u0259r\u0259ncam\u0131 il\u0259 Az\u0259rbaycan Respublikas\u0131n\u0131n Nazirl\u0259r Kabineti yan\u0131nda \u201c\u0130\u00e7\u0259ri\u015f\u0259h\u0259r\u201d D\u00f6vl\u0259t Tarix-Memarl\u0131q Qoru\u011fu \u0130dar\u0259sinin r\u0259isi Mikay\u0131l \u00c7ingiz o\u011flu Cabbarov t\u0259hsil naziri t\u0259yin edilib. Qeyd ed\u0259k ki, Prezident \u0130lham \u018fliyevin s\u0259r\u0259ncam\u0131 il\u0259 t\u0259hsil naziri t\u0259yin olunan Mikay\u0131l \u00c7ingiz o\u011flu Cabbarov 1976-c\u0131 il sentyabr\u0131n [&hellip;]\" \/>\n<meta property=\"og:url\" content=\"https:\/\/www.zerdab.com\/?p=9124\" \/>\n<meta property=\"og:site_name\" content=\"Z\u0259rdab.com\" \/>\n<meta property=\"article:published_time\" content=\"2013-04-19T13:02:04+00:00\" \/>\n<meta property=\"article:modified_time\" content=\"2013-04-19T13:03:50+00:00\" \/>\n<meta property=\"og:image\" content=\"http:\/\/www.zerdab.com\/wp-content\/uploads\/2013\/04\/Mikayil-Cabbarov-300x210.jpg\" \/>\n<meta name=\"author\" content=\"admin\" \/>\n<meta name=\"twitter:card\" content=\"summary_large_image\" \/>\n<meta name=\"twitter:label1\" content=\"Written by\" \/>\n\t<meta name=\"twitter:data1\" content=\"admin\" \/>\n\t<meta name=\"twitter:label2\" content=\"Est. reading time\" \/>\n\t<meta name=\"twitter:data2\" content=\"1 minute\" \/>\n<script type=\"application\/ld+json\" class=\"yoast-schema-graph\">{\"@context\":\"https:\/\/schema.org\",\"@graph\":[{\"@type\":\"Article\",\"@id\":\"https:\/\/www.zerdab.com\/?p=9124#article\",\"isPartOf\":{\"@id\":\"https:\/\/www.zerdab.com\/?p=9124\"},\"author\":{\"name\":\"admin\",\"@id\":\"https:\/\/www.zerdab.com\/#\/schema\/person\/97079b7570c1e89ec0d9e138c3672136\"},\"headline\":\"T\u0259hsil naziri v\u0259zif\u0259sin\u0259 yeni t\u0259yinat: bu v\u0259zif\u0259y\u0259 Mikay\u0131l Cabbarov layiq g\u00f6r\u00fcld\u00fc\",\"datePublished\":\"2013-04-19T13:02:04+00:00\",\"dateModified\":\"2013-04-19T13:03:50+00:00\",\"mainEntityOfPage\":{\"@id\":\"https:\/\/www.zerdab.com\/?p=9124\"},\"wordCount\":290,\"image\":{\"@id\":\"https:\/\/www.zerdab.com\/?p=9124#primaryimage\"},\"thumbnailUrl\":\"http:\/\/www.zerdab.com\/wp-content\/uploads\/2013\/04\/Mikayil-Cabbarov-300x210.jpg\",\"articleSection\":[\"C\u018fM\u0130YY\u018fT\"],\"inLanguage\":\"az\"},{\"@type\":\"WebPage\",\"@id\":\"https:\/\/www.zerdab.com\/?p=9124\",\"url\":\"https:\/\/www.zerdab.com\/?p=9124\",\"name\":\"T\u0259hsil naziri v\u0259zif\u0259sin\u0259 yeni t\u0259yinat: bu v\u0259zif\u0259y\u0259 Mikay\u0131l Cabbarov layiq g\u00f6r\u00fcld\u00fc - Z\u0259rdab.com\",\"isPartOf\":{\"@id\":\"https:\/\/www.zerdab.com\/#website\"},\"primaryImageOfPage\":{\"@id\":\"https:\/\/www.zerdab.com\/?p=9124#primaryimage\"},\"image\":{\"@id\":\"https:\/\/www.zerdab.com\/?p=9124#primaryimage\"},\"thumbnailUrl\":\"http:\/\/www.zerdab.com\/wp-content\/uploads\/2013\/04\/Mikayil-Cabbarov-300x210.jpg\",\"datePublished\":\"2013-04-19T13:02:04+00:00\",\"dateModified\":\"2013-04-19T13:03:50+00:00\",\"author\":{\"@id\":\"https:\/\/www.zerdab.com\/#\/schema\/person\/97079b7570c1e89ec0d9e138c3672136\"},\"breadcrumb\":{\"@id\":\"https:\/\/www.zerdab.com\/?p=9124#breadcrumb\"},\"inLanguage\":\"az\",\"potentialAction\":[{\"@type\":\"ReadAction\",\"target\":[\"https:\/\/www.zerdab.com\/?p=9124\"]}]},{\"@type\":\"ImageObject\",\"inLanguage\":\"az\",\"@id\":\"https:\/\/www.zerdab.com\/?p=9124#primaryimage\",\"url\":\"\",\"contentUrl\":\"\"},{\"@type\":\"BreadcrumbList\",\"@id\":\"https:\/\/www.zerdab.com\/?p=9124#breadcrumb\",\"itemListElement\":[{\"@type\":\"ListItem\",\"position\":1,\"name\":\"Home\",\"item\":\"https:\/\/www.zerdab.com\/\"},{\"@type\":\"ListItem\",\"position\":2,\"name\":\"T\u0259hsil naziri v\u0259zif\u0259sin\u0259 yeni t\u0259yinat: bu v\u0259zif\u0259y\u0259 Mikay\u0131l Cabbarov layiq g\u00f6r\u00fcld\u00fc\"}]},{\"@type\":\"WebSite\",\"@id\":\"https:\/\/www.zerdab.com\/#website\",\"url\":\"https:\/\/www.zerdab.com\/\",\"name\":\"Z\u0259rdab.com\",\"description\":\"\",\"potentialAction\":[{\"@type\":\"SearchAction\",\"target\":{\"@type\":\"EntryPoint\",\"urlTemplate\":\"https:\/\/www.zerdab.com\/?s={search_term_string}\"},\"query-input\":{\"@type\":\"PropertyValueSpecification\",\"valueRequired\":true,\"valueName\":\"search_term_string\"}}],\"inLanguage\":\"az\"},{\"@type\":\"Person\",\"@id\":\"https:\/\/www.zerdab.com\/#\/schema\/person\/97079b7570c1e89ec0d9e138c3672136\",\"name\":\"admin\",\"image\":{\"@type\":\"ImageObject\",\"inLanguage\":\"az\",\"@id\":\"https:\/\/www.zerdab.com\/#\/schema\/person\/image\/\",\"url\":\"https:\/\/secure.gravatar.com\/avatar\/d9c52a9a27c32119cb6679a077fa3e2779e5f822c451cbf01098004361d466ec?s=96&d=mm&r=g\",\"contentUrl\":\"https:\/\/secure.gravatar.com\/avatar\/d9c52a9a27c32119cb6679a077fa3e2779e5f822c451cbf01098004361d466ec?s=96&d=mm&r=g\",\"caption\":\"admin\"},\"url\":\"https:\/\/www.zerdab.com\/?author=1\"}]}<\/script>\n<!-- \/ Yoast SEO plugin. -->","yoast_head_json":{"title":"T\u0259hsil naziri v\u0259zif\u0259sin\u0259 yeni t\u0259yinat: bu v\u0259zif\u0259y\u0259 Mikay\u0131l Cabbarov layiq g\u00f6r\u00fcld\u00fc - Z\u0259rdab.com","robots":{"index":"index","follow":"follow","max-snippet":"max-snippet:-1","max-image-preview":"max-image-preview:large","max-video-preview":"max-video-preview:-1"},"canonical":"https:\/\/www.zerdab.com\/?p=9124","og_locale":"az_AZ","og_type":"article","og_title":"T\u0259hsil naziri v\u0259zif\u0259sin\u0259 yeni t\u0259yinat: bu v\u0259zif\u0259y\u0259 Mikay\u0131l Cabbarov layiq g\u00f6r\u00fcld\u00fc - Z\u0259rdab.com","og_description":"Az\u0259rbaycan Prezidenti \u0130lham \u018fliyevin s\u0259r\u0259ncam\u0131 il\u0259 Misir M\u0259rdanov t\u0259hsil naziri v\u0259zif\u0259sind\u0259n azad edilib. Prezidentin dig\u0259r s\u0259r\u0259ncam\u0131 il\u0259 Az\u0259rbaycan Respublikas\u0131n\u0131n Nazirl\u0259r Kabineti yan\u0131nda \u201c\u0130\u00e7\u0259ri\u015f\u0259h\u0259r\u201d D\u00f6vl\u0259t Tarix-Memarl\u0131q Qoru\u011fu \u0130dar\u0259sinin r\u0259isi Mikay\u0131l \u00c7ingiz o\u011flu Cabbarov t\u0259hsil naziri t\u0259yin edilib. Qeyd ed\u0259k ki, Prezident \u0130lham \u018fliyevin s\u0259r\u0259ncam\u0131 il\u0259 t\u0259hsil naziri t\u0259yin olunan Mikay\u0131l \u00c7ingiz o\u011flu Cabbarov 1976-c\u0131 il sentyabr\u0131n [&hellip;]","og_url":"https:\/\/www.zerdab.com\/?p=9124","og_site_name":"Z\u0259rdab.com","article_published_time":"2013-04-19T13:02:04+00:00","article_modified_time":"2013-04-19T13:03:50+00:00","og_image":[{"url":"http:\/\/www.zerdab.com\/wp-content\/uploads\/2013\/04\/Mikayil-Cabbarov-300x210.jpg","type":"","width":"","height":""}],"author":"admin","twitter_card":"summary_large_image","twitter_misc":{"Written by":"admin","Est. reading time":"1 minute"},"schema":{"@context":"https:\/\/schema.org","@graph":[{"@type":"Article","@id":"https:\/\/www.zerdab.com\/?p=9124#article","isPartOf":{"@id":"https:\/\/www.zerdab.com\/?p=9124"},"author":{"name":"admin","@id":"https:\/\/www.zerdab.com\/#\/schema\/person\/97079b7570c1e89ec0d9e138c3672136"},"headline":"T\u0259hsil naziri v\u0259zif\u0259sin\u0259 yeni t\u0259yinat: bu v\u0259zif\u0259y\u0259 Mikay\u0131l Cabbarov layiq g\u00f6r\u00fcld\u00fc","datePublished":"2013-04-19T13:02:04+00:00","dateModified":"2013-04-19T13:03:50+00:00","mainEntityOfPage":{"@id":"https:\/\/www.zerdab.com\/?p=9124"},"wordCount":290,"image":{"@id":"https:\/\/www.zerdab.com\/?p=9124#primaryimage"},"thumbnailUrl":"http:\/\/www.zerdab.com\/wp-content\/uploads\/2013\/04\/Mikayil-Cabbarov-300x210.jpg","articleSection":["C\u018fM\u0130YY\u018fT"],"inLanguage":"az"},{"@type":"WebPage","@id":"https:\/\/www.zerdab.com\/?p=9124","url":"https:\/\/www.zerdab.com\/?p=9124","name":"T\u0259hsil naziri v\u0259zif\u0259sin\u0259 yeni t\u0259yinat: bu v\u0259zif\u0259y\u0259 Mikay\u0131l Cabbarov layiq g\u00f6r\u00fcld\u00fc - Z\u0259rdab.com","isPartOf":{"@id":"https:\/\/www.zerdab.com\/#website"},"primaryImageOfPage":{"@id":"https:\/\/www.zerdab.com\/?p=9124#primaryimage"},"image":{"@id":"https:\/\/www.zerdab.com\/?p=9124#primaryimage"},"thumbnailUrl":"http:\/\/www.zerdab.com\/wp-content\/uploads\/2013\/04\/Mikayil-Cabbarov-300x210.jpg","datePublished":"2013-04-19T13:02:04+00:00","dateModified":"2013-04-19T13:03:50+00:00","author":{"@id":"https:\/\/www.zerdab.com\/#\/schema\/person\/97079b7570c1e89ec0d9e138c3672136"},"breadcrumb":{"@id":"https:\/\/www.zerdab.com\/?p=9124#breadcrumb"},"inLanguage":"az","potentialAction":[{"@type":"ReadAction","target":["https:\/\/www.zerdab.com\/?p=9124"]}]},{"@type":"ImageObject","inLanguage":"az","@id":"https:\/\/www.zerdab.com\/?p=9124#primaryimage","url":"","contentUrl":""},{"@type":"BreadcrumbList","@id":"https:\/\/www.zerdab.com\/?p=9124#breadcrumb","itemListElement":[{"@type":"ListItem","position":1,"name":"Home","item":"https:\/\/www.zerdab.com\/"},{"@type":"ListItem","position":2,"name":"T\u0259hsil naziri v\u0259zif\u0259sin\u0259 yeni t\u0259yinat: bu v\u0259zif\u0259y\u0259 Mikay\u0131l Cabbarov layiq g\u00f6r\u00fcld\u00fc"}]},{"@type":"WebSite","@id":"https:\/\/www.zerdab.com\/#website","url":"https:\/\/www.zerdab.com\/","name":"Z\u0259rdab.com","description":"","potentialAction":[{"@type":"SearchAction","target":{"@type":"EntryPoint","urlTemplate":"https:\/\/www.zerdab.com\/?s={search_term_string}"},"query-input":{"@type":"PropertyValueSpecification","valueRequired":true,"valueName":"search_term_string"}}],"inLanguage":"az"},{"@type":"Person","@id":"https:\/\/www.zerdab.com\/#\/schema\/person\/97079b7570c1e89ec0d9e138c3672136","name":"admin","image":{"@type":"ImageObject","inLanguage":"az","@id":"https:\/\/www.zerdab.com\/#\/schema\/person\/image\/","url":"https:\/\/secure.gravatar.com\/avatar\/d9c52a9a27c32119cb6679a077fa3e2779e5f822c451cbf01098004361d466ec?s=96&d=mm&r=g","contentUrl":"https:\/\/secure.gravatar.com\/avatar\/d9c52a9a27c32119cb6679a077fa3e2779e5f822c451cbf01098004361d466ec?s=96&d=mm&r=g","caption":"admin"},"url":"https:\/\/www.zerdab.com\/?author=1"}]}},"_links":{"self":[{"href":"https:\/\/www.zerdab.com\/index.php?rest_route=\/wp\/v2\/posts\/9124","targetHints":{"allow":["GET"]}}],"collection":[{"href":"https:\/\/www.zerdab.com\/index.php?rest_route=\/wp\/v2\/posts"}],"about":[{"href":"https:\/\/www.zerdab.com\/index.php?rest_route=\/wp\/v2\/types\/post"}],"author":[{"embeddable":true,"href":"https:\/\/www.zerdab.com\/index.php?rest_route=\/wp\/v2\/users\/1"}],"replies":[{"embeddable":true,"href":"https:\/\/www.zerdab.com\/index.php?rest_route=%2Fwp%2Fv2%2Fcomments&post=9124"}],"version-history":[{"count":5,"href":"https:\/\/www.zerdab.com\/index.php?rest_route=\/wp\/v2\/posts\/9124\/revisions"}],"predecessor-version":[{"id":9130,"href":"https:\/\/www.zerdab.com\/index.php?rest_route=\/wp\/v2\/posts\/9124\/revisions\/9130"}],"wp:attachment":[{"href":"https:\/\/www.zerdab.com\/index.php?rest_route=%2Fwp%2Fv2%2Fmedia&parent=9124"}],"wp:term":[{"taxonomy":"category","embeddable":true,"href":"https:\/\/www.zerdab.com\/index.php?rest_route=%2Fwp%2Fv2%2Fcategories&post=9124"},{"taxonomy":"post_tag","embeddable":true,"href":"https:\/\/www.zerdab.com\/index.php?rest_route=%2Fwp%2Fv2%2Ftags&post=9124"}],"curies":[{"name":"wp","href":"https:\/\/api.w.org\/{rel}","templated":true}]}}