{"id":9172,"date":"2013-04-20T15:48:25","date_gmt":"2013-04-20T10:48:25","guid":{"rendered":"http:\/\/www.zerdab.com\/?p=9172"},"modified":"2013-04-20T15:52:18","modified_gmt":"2013-04-20T10:52:18","slug":"z%c9%99rdab-rayon-t%c9%99hsil-sob%c9%99si-heyd%c9%99r-%c9%99liyevi-andi-fotolar","status":"publish","type":"post","link":"https:\/\/www.zerdab.com\/?p=9172","title":{"rendered":"Z\u0259rdab Rayon T\u0259hsil \u015e\u00f6b\u0259si Heyd\u0259r \u018fliyevi and\u0131 &#8211; fotolar"},"content":{"rendered":"<p><span style=\"color: #000080;\"><strong><img loading=\"lazy\" decoding=\"async\" class=\"aligncenter size-medium wp-image-9173\" alt=\"Z\u0259rdab Rayon  T\u0259hsil  \u015e\u00f6b\u0259si\" src=\"http:\/\/www.zerdab.com\/wp-content\/uploads\/2013\/04\/Z\u0259rdab-Rayon-T\u0259hsil-\u015e\u00f6b\u0259si4-400x265.jpg\" width=\"400\" height=\"265\" \/>Z\u0259rdab Rayon T\u0259hsil \u015e\u00f6b\u0259si Heyd\u0259r \u018fliyev M\u0259rk\u0259zind\u0259 \u201cHeyd\u0259r\u00a0 \u018fliyev Z\u0259rdab m\u0259kt\u0259blil\u0259rinin g\u00f6z\u00fc il\u0259\u201d m\u00f6vzusunda konfrans\u00a0 ke\u00e7irib.<\/strong> <\/span>Ulu\u00a0 \u00f6nd\u0259rin\u00a0 heyk\u0259li\u00a0 \u00f6n\u00fcn\u0259 t\u0259r \u00e7i\u00e7\u0259kl\u0259r\u00a0 qoyulduqdan sonra konfrans \u00f6z\u00a0 i\u015fin\u0259 ba\u015flay\u0131b. Y\u0131\u011f\u0131nca\u011f\u0131\u00a0 giri\u015f\u00a0 s\u00f6z\u00fc\u00a0 il\u0259\u00a0 Rayon T\u0259hsil \u015e\u00f6b\u0259sinin m\u00fcdiri, filologiya elml\u0259ri\u00a0 doktoru Baba\u00a0 Babayev\u00a0 a\u00e7araq\u00a0 ulu \u00f6nd\u0259rin h\u0259yat\u00a0 v\u0259\u00a0 f\u0259aliyy\u0259ti haqq\u0131nda m\u0259lumat verib. Baba Babayev h\u0259m\u00e7inin\u00a0 xatir\u0259l\u0259rini\u00a0 t\u0259dbir i\u015ftirak\u00e7\u0131lar\u0131n\u0131n diqq\u0259tin\u0259 \u00e7atd\u0131r\u0131b.<\/p>\n<p>\u015e\u0259h\u0259r\u00a0 3\u00a0 sayl\u0131\u00a0 tam\u00a0 orta\u00a0 m\u0259kt\u0259bin X sinif\u00a0 \u015fagirdi El\u00e7in\u00a0Muradl\u0131 ulu \u00f6nd\u0259rin h\u0259yat\u0131 haqq\u0131nda m\u0259ruz\u0259 edib. Y\u0131\u011f\u0131ncaqda Rayon \u0130cra\u00a0 Hakimiyy\u0259ti\u00a0 ba\u015f\u00e7\u0131s\u0131n\u0131n m\u00fcavini\u00a0 R\u0259hman Feyzullayev \u00fcmummilli liderin t\u0259hsil\u0259\u00a0 qay\u011f\u0131s\u0131ndan s\u00f6hb\u0259t a\u00e7araq xatir\u0259l\u0259rini dan\u0131\u015f\u0131b. Konfrans\u0131n sonunda m\u0259kt\u0259blil\u0259rin haz\u0131rlad\u0131qlar\u0131 kompozisiyalar konfrans\u0131 daha da r\u00f6vn\u0259ql\u0259ndirib.<\/p>\n<p><strong>Seymur Ta\u011f\u0131yev<\/strong><\/p>\n<p><img loading=\"lazy\" decoding=\"async\" class=\"aligncenter size-medium wp-image-9174\" alt=\"Z\u0259rdab Rayon T\u0259hsil \u015e\u00f6b\u0259si\" src=\"http:\/\/www.zerdab.com\/wp-content\/uploads\/2013\/04\/Z\u0259rdab-Rayon-T\u0259hsil-\u015e\u00f6b\u0259si-1-400x265.jpg\" width=\"400\" height=\"265\" \/><img loading=\"lazy\" decoding=\"async\" class=\"aligncenter size-medium wp-image-9175\" alt=\"Z\u0259rdab Rayon -T\u0259hsil  \u015e\u00f6b\u0259si\" src=\"http:\/\/www.zerdab.com\/wp-content\/uploads\/2013\/04\/Z\u0259rdab-Rayon-T\u0259hsil-\u015e\u00f6b\u0259si-400x265.jpg\" width=\"400\" height=\"265\" \/><img loading=\"lazy\" decoding=\"async\" class=\"aligncenter size-medium wp-image-9176\" alt=\"Z\u0259rdab Rayon  T\u0259hsil  \u015e\u00f6b\u0259si\" src=\"http:\/\/www.zerdab.com\/wp-content\/uploads\/2013\/04\/Z\u0259rdab-Rayon-T\u0259hsil-\u015e\u00f6b\u0259si--400x265.jpg\" width=\"400\" height=\"265\" \/><\/p>\n<p><span style=\"color: #ff0000;\"><strong>Zerdab.com<\/strong><\/span><\/p>\n","protected":false},"excerpt":{"rendered":"<p>Z\u0259rdab Rayon T\u0259hsil \u015e\u00f6b\u0259si Heyd\u0259r \u018fliyev M\u0259rk\u0259zind\u0259 \u201cHeyd\u0259r\u00a0 \u018fliyev Z\u0259rdab m\u0259kt\u0259blil\u0259rinin g\u00f6z\u00fc il\u0259\u201d m\u00f6vzusunda konfrans\u00a0 ke\u00e7irib. Ulu\u00a0 \u00f6nd\u0259rin\u00a0 heyk\u0259li\u00a0 \u00f6n\u00fcn\u0259 t\u0259r \u00e7i\u00e7\u0259kl\u0259r\u00a0 qoyulduqdan sonra konfrans \u00f6z\u00a0 i\u015fin\u0259 ba\u015flay\u0131b. Y\u0131\u011f\u0131nca\u011f\u0131\u00a0 giri\u015f\u00a0 s\u00f6z\u00fc\u00a0 il\u0259\u00a0 Rayon T\u0259hsil \u015e\u00f6b\u0259sinin m\u00fcdiri, filologiya elml\u0259ri\u00a0 doktoru Baba\u00a0 Babayev\u00a0 a\u00e7araq\u00a0 ulu \u00f6nd\u0259rin h\u0259yat\u00a0 v\u0259\u00a0 f\u0259aliyy\u0259ti haqq\u0131nda m\u0259lumat verib. Baba Babayev h\u0259m\u00e7inin\u00a0 xatir\u0259l\u0259rini\u00a0 t\u0259dbir [&hellip;]<\/p>\n","protected":false},"author":1,"featured_media":0,"comment_status":"closed","ping_status":"open","sticky":false,"template":"","format":"standard","meta":{"footnotes":""},"categories":[21],"tags":[],"class_list":{"0":"post-9172","1":"post","2":"type-post","3":"status-publish","4":"format-standard","6":"category-zrdab"},"yoast_head":"<!-- This site is optimized with the Yoast SEO plugin v27.0 - https:\/\/yoast.com\/product\/yoast-seo-wordpress\/ -->\n<title>Z\u0259rdab Rayon T\u0259hsil \u015e\u00f6b\u0259si Heyd\u0259r \u018fliyevi and\u0131 - fotolar - Z\u0259rdab.com<\/title>\n<meta name=\"robots\" content=\"index, follow, max-snippet:-1, max-image-preview:large, max-video-preview:-1\" \/>\n<link rel=\"canonical\" href=\"https:\/\/www.zerdab.com\/?p=9172\" \/>\n<meta property=\"og:locale\" content=\"az_AZ\" \/>\n<meta property=\"og:type\" content=\"article\" \/>\n<meta property=\"og:title\" content=\"Z\u0259rdab Rayon T\u0259hsil \u015e\u00f6b\u0259si Heyd\u0259r \u018fliyevi and\u0131 - fotolar - Z\u0259rdab.com\" \/>\n<meta property=\"og:description\" content=\"Z\u0259rdab Rayon T\u0259hsil \u015e\u00f6b\u0259si Heyd\u0259r \u018fliyev M\u0259rk\u0259zind\u0259 \u201cHeyd\u0259r\u00a0 \u018fliyev Z\u0259rdab m\u0259kt\u0259blil\u0259rinin g\u00f6z\u00fc il\u0259\u201d m\u00f6vzusunda konfrans\u00a0 ke\u00e7irib. Ulu\u00a0 \u00f6nd\u0259rin\u00a0 heyk\u0259li\u00a0 \u00f6n\u00fcn\u0259 t\u0259r \u00e7i\u00e7\u0259kl\u0259r\u00a0 qoyulduqdan sonra konfrans \u00f6z\u00a0 i\u015fin\u0259 ba\u015flay\u0131b. Y\u0131\u011f\u0131nca\u011f\u0131\u00a0 giri\u015f\u00a0 s\u00f6z\u00fc\u00a0 il\u0259\u00a0 Rayon T\u0259hsil \u015e\u00f6b\u0259sinin m\u00fcdiri, filologiya elml\u0259ri\u00a0 doktoru Baba\u00a0 Babayev\u00a0 a\u00e7araq\u00a0 ulu \u00f6nd\u0259rin h\u0259yat\u00a0 v\u0259\u00a0 f\u0259aliyy\u0259ti haqq\u0131nda m\u0259lumat verib. Baba Babayev h\u0259m\u00e7inin\u00a0 xatir\u0259l\u0259rini\u00a0 t\u0259dbir [&hellip;]\" \/>\n<meta property=\"og:url\" content=\"https:\/\/www.zerdab.com\/?p=9172\" \/>\n<meta property=\"og:site_name\" content=\"Z\u0259rdab.com\" \/>\n<meta property=\"article:published_time\" content=\"2013-04-20T10:48:25+00:00\" \/>\n<meta property=\"article:modified_time\" content=\"2013-04-20T10:52:18+00:00\" \/>\n<meta name=\"author\" content=\"admin\" \/>\n<meta name=\"twitter:card\" content=\"summary_large_image\" \/>\n<meta name=\"twitter:label1\" content=\"Written by\" \/>\n\t<meta name=\"twitter:data1\" content=\"admin\" \/>\n\t<meta name=\"twitter:label2\" content=\"Est. reading time\" \/>\n\t<meta name=\"twitter:data2\" content=\"1 minute\" \/>\n<script type=\"application\/ld+json\" class=\"yoast-schema-graph\">{\"@context\":\"https:\/\/schema.org\",\"@graph\":[{\"@type\":\"Article\",\"@id\":\"https:\/\/www.zerdab.com\/?p=9172#article\",\"isPartOf\":{\"@id\":\"https:\/\/www.zerdab.com\/?p=9172\"},\"author\":{\"name\":\"admin\",\"@id\":\"https:\/\/www.zerdab.com\/#\/schema\/person\/97079b7570c1e89ec0d9e138c3672136\"},\"headline\":\"Z\u0259rdab Rayon T\u0259hsil \u015e\u00f6b\u0259si Heyd\u0259r \u018fliyevi and\u0131 &#8211; fotolar\",\"datePublished\":\"2013-04-20T10:48:25+00:00\",\"dateModified\":\"2013-04-20T10:52:18+00:00\",\"mainEntityOfPage\":{\"@id\":\"https:\/\/www.zerdab.com\/?p=9172\"},\"wordCount\":198,\"articleSection\":[\"C\u018fM\u0130YY\u018fT\"],\"inLanguage\":\"az\"},{\"@type\":\"WebPage\",\"@id\":\"https:\/\/www.zerdab.com\/?p=9172\",\"url\":\"https:\/\/www.zerdab.com\/?p=9172\",\"name\":\"Z\u0259rdab Rayon T\u0259hsil \u015e\u00f6b\u0259si Heyd\u0259r \u018fliyevi and\u0131 - fotolar - Z\u0259rdab.com\",\"isPartOf\":{\"@id\":\"https:\/\/www.zerdab.com\/#website\"},\"datePublished\":\"2013-04-20T10:48:25+00:00\",\"dateModified\":\"2013-04-20T10:52:18+00:00\",\"author\":{\"@id\":\"https:\/\/www.zerdab.com\/#\/schema\/person\/97079b7570c1e89ec0d9e138c3672136\"},\"breadcrumb\":{\"@id\":\"https:\/\/www.zerdab.com\/?p=9172#breadcrumb\"},\"inLanguage\":\"az\",\"potentialAction\":[{\"@type\":\"ReadAction\",\"target\":[\"https:\/\/www.zerdab.com\/?p=9172\"]}]},{\"@type\":\"BreadcrumbList\",\"@id\":\"https:\/\/www.zerdab.com\/?p=9172#breadcrumb\",\"itemListElement\":[{\"@type\":\"ListItem\",\"position\":1,\"name\":\"Home\",\"item\":\"https:\/\/www.zerdab.com\/\"},{\"@type\":\"ListItem\",\"position\":2,\"name\":\"Z\u0259rdab Rayon T\u0259hsil \u015e\u00f6b\u0259si Heyd\u0259r \u018fliyevi and\u0131 &#8211; fotolar\"}]},{\"@type\":\"WebSite\",\"@id\":\"https:\/\/www.zerdab.com\/#website\",\"url\":\"https:\/\/www.zerdab.com\/\",\"name\":\"Z\u0259rdab.com\",\"description\":\"\",\"potentialAction\":[{\"@type\":\"SearchAction\",\"target\":{\"@type\":\"EntryPoint\",\"urlTemplate\":\"https:\/\/www.zerdab.com\/?s={search_term_string}\"},\"query-input\":{\"@type\":\"PropertyValueSpecification\",\"valueRequired\":true,\"valueName\":\"search_term_string\"}}],\"inLanguage\":\"az\"},{\"@type\":\"Person\",\"@id\":\"https:\/\/www.zerdab.com\/#\/schema\/person\/97079b7570c1e89ec0d9e138c3672136\",\"name\":\"admin\",\"image\":{\"@type\":\"ImageObject\",\"inLanguage\":\"az\",\"@id\":\"https:\/\/www.zerdab.com\/#\/schema\/person\/image\/\",\"url\":\"https:\/\/secure.gravatar.com\/avatar\/d9c52a9a27c32119cb6679a077fa3e2779e5f822c451cbf01098004361d466ec?s=96&d=mm&r=g\",\"contentUrl\":\"https:\/\/secure.gravatar.com\/avatar\/d9c52a9a27c32119cb6679a077fa3e2779e5f822c451cbf01098004361d466ec?s=96&d=mm&r=g\",\"caption\":\"admin\"},\"url\":\"https:\/\/www.zerdab.com\/?author=1\"}]}<\/script>\n<!-- \/ Yoast SEO plugin. -->","yoast_head_json":{"title":"Z\u0259rdab Rayon T\u0259hsil \u015e\u00f6b\u0259si Heyd\u0259r \u018fliyevi and\u0131 - fotolar - Z\u0259rdab.com","robots":{"index":"index","follow":"follow","max-snippet":"max-snippet:-1","max-image-preview":"max-image-preview:large","max-video-preview":"max-video-preview:-1"},"canonical":"https:\/\/www.zerdab.com\/?p=9172","og_locale":"az_AZ","og_type":"article","og_title":"Z\u0259rdab Rayon T\u0259hsil \u015e\u00f6b\u0259si Heyd\u0259r \u018fliyevi and\u0131 - fotolar - Z\u0259rdab.com","og_description":"Z\u0259rdab Rayon T\u0259hsil \u015e\u00f6b\u0259si Heyd\u0259r \u018fliyev M\u0259rk\u0259zind\u0259 \u201cHeyd\u0259r\u00a0 \u018fliyev Z\u0259rdab m\u0259kt\u0259blil\u0259rinin g\u00f6z\u00fc il\u0259\u201d m\u00f6vzusunda konfrans\u00a0 ke\u00e7irib. Ulu\u00a0 \u00f6nd\u0259rin\u00a0 heyk\u0259li\u00a0 \u00f6n\u00fcn\u0259 t\u0259r \u00e7i\u00e7\u0259kl\u0259r\u00a0 qoyulduqdan sonra konfrans \u00f6z\u00a0 i\u015fin\u0259 ba\u015flay\u0131b. Y\u0131\u011f\u0131nca\u011f\u0131\u00a0 giri\u015f\u00a0 s\u00f6z\u00fc\u00a0 il\u0259\u00a0 Rayon T\u0259hsil \u015e\u00f6b\u0259sinin m\u00fcdiri, filologiya elml\u0259ri\u00a0 doktoru Baba\u00a0 Babayev\u00a0 a\u00e7araq\u00a0 ulu \u00f6nd\u0259rin h\u0259yat\u00a0 v\u0259\u00a0 f\u0259aliyy\u0259ti haqq\u0131nda m\u0259lumat verib. Baba Babayev h\u0259m\u00e7inin\u00a0 xatir\u0259l\u0259rini\u00a0 t\u0259dbir [&hellip;]","og_url":"https:\/\/www.zerdab.com\/?p=9172","og_site_name":"Z\u0259rdab.com","article_published_time":"2013-04-20T10:48:25+00:00","article_modified_time":"2013-04-20T10:52:18+00:00","author":"admin","twitter_card":"summary_large_image","twitter_misc":{"Written by":"admin","Est. reading time":"1 minute"},"schema":{"@context":"https:\/\/schema.org","@graph":[{"@type":"Article","@id":"https:\/\/www.zerdab.com\/?p=9172#article","isPartOf":{"@id":"https:\/\/www.zerdab.com\/?p=9172"},"author":{"name":"admin","@id":"https:\/\/www.zerdab.com\/#\/schema\/person\/97079b7570c1e89ec0d9e138c3672136"},"headline":"Z\u0259rdab Rayon T\u0259hsil \u015e\u00f6b\u0259si Heyd\u0259r \u018fliyevi and\u0131 &#8211; fotolar","datePublished":"2013-04-20T10:48:25+00:00","dateModified":"2013-04-20T10:52:18+00:00","mainEntityOfPage":{"@id":"https:\/\/www.zerdab.com\/?p=9172"},"wordCount":198,"articleSection":["C\u018fM\u0130YY\u018fT"],"inLanguage":"az"},{"@type":"WebPage","@id":"https:\/\/www.zerdab.com\/?p=9172","url":"https:\/\/www.zerdab.com\/?p=9172","name":"Z\u0259rdab Rayon T\u0259hsil \u015e\u00f6b\u0259si Heyd\u0259r \u018fliyevi and\u0131 - fotolar - Z\u0259rdab.com","isPartOf":{"@id":"https:\/\/www.zerdab.com\/#website"},"datePublished":"2013-04-20T10:48:25+00:00","dateModified":"2013-04-20T10:52:18+00:00","author":{"@id":"https:\/\/www.zerdab.com\/#\/schema\/person\/97079b7570c1e89ec0d9e138c3672136"},"breadcrumb":{"@id":"https:\/\/www.zerdab.com\/?p=9172#breadcrumb"},"inLanguage":"az","potentialAction":[{"@type":"ReadAction","target":["https:\/\/www.zerdab.com\/?p=9172"]}]},{"@type":"BreadcrumbList","@id":"https:\/\/www.zerdab.com\/?p=9172#breadcrumb","itemListElement":[{"@type":"ListItem","position":1,"name":"Home","item":"https:\/\/www.zerdab.com\/"},{"@type":"ListItem","position":2,"name":"Z\u0259rdab Rayon T\u0259hsil \u015e\u00f6b\u0259si Heyd\u0259r \u018fliyevi and\u0131 &#8211; fotolar"}]},{"@type":"WebSite","@id":"https:\/\/www.zerdab.com\/#website","url":"https:\/\/www.zerdab.com\/","name":"Z\u0259rdab.com","description":"","potentialAction":[{"@type":"SearchAction","target":{"@type":"EntryPoint","urlTemplate":"https:\/\/www.zerdab.com\/?s={search_term_string}"},"query-input":{"@type":"PropertyValueSpecification","valueRequired":true,"valueName":"search_term_string"}}],"inLanguage":"az"},{"@type":"Person","@id":"https:\/\/www.zerdab.com\/#\/schema\/person\/97079b7570c1e89ec0d9e138c3672136","name":"admin","image":{"@type":"ImageObject","inLanguage":"az","@id":"https:\/\/www.zerdab.com\/#\/schema\/person\/image\/","url":"https:\/\/secure.gravatar.com\/avatar\/d9c52a9a27c32119cb6679a077fa3e2779e5f822c451cbf01098004361d466ec?s=96&d=mm&r=g","contentUrl":"https:\/\/secure.gravatar.com\/avatar\/d9c52a9a27c32119cb6679a077fa3e2779e5f822c451cbf01098004361d466ec?s=96&d=mm&r=g","caption":"admin"},"url":"https:\/\/www.zerdab.com\/?author=1"}]}},"_links":{"self":[{"href":"https:\/\/www.zerdab.com\/index.php?rest_route=\/wp\/v2\/posts\/9172","targetHints":{"allow":["GET"]}}],"collection":[{"href":"https:\/\/www.zerdab.com\/index.php?rest_route=\/wp\/v2\/posts"}],"about":[{"href":"https:\/\/www.zerdab.com\/index.php?rest_route=\/wp\/v2\/types\/post"}],"author":[{"embeddable":true,"href":"https:\/\/www.zerdab.com\/index.php?rest_route=\/wp\/v2\/users\/1"}],"replies":[{"embeddable":true,"href":"https:\/\/www.zerdab.com\/index.php?rest_route=%2Fwp%2Fv2%2Fcomments&post=9172"}],"version-history":[{"count":4,"href":"https:\/\/www.zerdab.com\/index.php?rest_route=\/wp\/v2\/posts\/9172\/revisions"}],"predecessor-version":[{"id":9178,"href":"https:\/\/www.zerdab.com\/index.php?rest_route=\/wp\/v2\/posts\/9172\/revisions\/9178"}],"wp:attachment":[{"href":"https:\/\/www.zerdab.com\/index.php?rest_route=%2Fwp%2Fv2%2Fmedia&parent=9172"}],"wp:term":[{"taxonomy":"category","embeddable":true,"href":"https:\/\/www.zerdab.com\/index.php?rest_route=%2Fwp%2Fv2%2Fcategories&post=9172"},{"taxonomy":"post_tag","embeddable":true,"href":"https:\/\/www.zerdab.com\/index.php?rest_route=%2Fwp%2Fv2%2Ftags&post=9172"}],"curies":[{"name":"wp","href":"https:\/\/api.w.org\/{rel}","templated":true}]}}