{"id":9207,"date":"2013-04-22T10:25:57","date_gmt":"2013-04-22T05:25:57","guid":{"rendered":"http:\/\/www.zerdab.com\/?p=9207"},"modified":"2013-04-21T21:32:31","modified_gmt":"2013-04-21T16:32:31","slug":"z%c9%99rdab-ucar-yolu-il%c9%99-bagli-nazirl%c9%99r-kabinetin%c9%99-muraci%c9%99t-olunacaq","status":"publish","type":"post","link":"https:\/\/www.zerdab.com\/?p=9207","title":{"rendered":"Z\u0259rdab-Ucar yolu il\u0259 ba\u011fl\u0131 Nazirl\u0259r Kabinetin\u0259 m\u00fcraci\u0259t olunacaq"},"content":{"rendered":"<figure id=\"attachment_9208\" aria-describedby=\"caption-attachment-9208\" style=\"width: 800px\" class=\"wp-caption aligncenter\"><img loading=\"lazy\" decoding=\"async\" class=\"size-large wp-image-9208\" alt=\"Z\u0259rdab-Ucar yolu\" src=\"http:\/\/www.zerdab.com\/wp-content\/uploads\/2013\/04\/Z\u0259rdab-Ucar-yolu-800x533.jpg\" width=\"800\" height=\"533\" \/><figcaption id=\"caption-attachment-9208\" class=\"wp-caption-text\"><span style=\"color: #ff0000;\"><strong>Z\u0259rdab-Ucar yolu. Foto: Zerdab.com<\/strong><\/span><\/figcaption><\/figure>\n<p>Bir ne\u00e7\u0259 ay \u00f6nc\u0259 t\u0259mir olunan Ucar-Z\u0259rdab \u0259sas magistral yolunun asfalt \u00f6rt\u00fcy\u00fcn\u00fcn tamamil\u0259 da\u011f\u0131lmas\u0131 n\u0259tic\u0259sind\u0259 yenid\u0259n b\u0259rbad v\u0259ziyy\u0259t\u0259 d\u00fc\u015fm\u0259si bar\u0259d\u0259 Zerdab.com sayt\u0131nda m\u0259lumat verilmi\u015fdi. Saytda yay\u0131mlanan fotolar yolun hans\u0131 v\u0259ziyy\u0259td\u0259 oldu\u011funu \u00f6z\u00fcnd\u0259 \u0259ks etdirirdi. Zerdab.com sayt\u0131na veril\u0259n m\u0259lumata g\u00f6r\u0259, bununla ba\u011fl\u0131 Z\u0259rdab rayonunun \u0259laq\u0259dar qurumlar\u0131 t\u0259r\u0259find\u0259n Nazirl\u0259r Kabinetin\u0259 v\u0259 N\u0259qliyyat Nazirliyin\u0259 m\u00fcraci\u0259t edil\u0259c\u0259k. Bel\u0259 ki, Z\u0259rdab-Ucar, Z\u0259rdab-A\u011fcab\u0259di yollar\u0131n\u0131n asfaltla\u015fd\u0131r\u0131lmas\u0131, Z\u0259rdab-Mollak\u0259nd yolunun qalan hiss\u0259sin\u0259 2-ci qat asfalt \u00f6tr\u00fck vurulmas\u0131 m\u0259qs\u0259di il\u0259 Nazirl\u0259r Kabinetin\u0259 v\u0259 N\u0259qliyyat Nazirliyin\u0259 m\u00fcraci\u0259t edil\u0259c\u0259k. \u00dcmid ed\u0259k ki, m\u00fcraci\u0259tl\u0259r\u0259 m\u00fcsb\u0259t cavab veril\u0259c\u0259k v\u0259 s\u00f6z\u00fcged\u0259n yollar m\u00fcasir standartlara uy\u011fun tam t\u0259mir edil\u0259c\u0259k.<\/p>\n<p><strong>Zerdab.com<\/strong><\/p>\n","protected":false},"excerpt":{"rendered":"<p>Bir ne\u00e7\u0259 ay \u00f6nc\u0259 t\u0259mir olunan Ucar-Z\u0259rdab \u0259sas magistral yolunun asfalt \u00f6rt\u00fcy\u00fcn\u00fcn tamamil\u0259 da\u011f\u0131lmas\u0131 n\u0259tic\u0259sind\u0259 yenid\u0259n b\u0259rbad v\u0259ziyy\u0259t\u0259 d\u00fc\u015fm\u0259si bar\u0259d\u0259 Zerdab.com sayt\u0131nda m\u0259lumat verilmi\u015fdi. Saytda yay\u0131mlanan fotolar yolun hans\u0131 v\u0259ziyy\u0259td\u0259 oldu\u011funu \u00f6z\u00fcnd\u0259 \u0259ks etdirirdi. Zerdab.com sayt\u0131na veril\u0259n m\u0259lumata g\u00f6r\u0259, bununla ba\u011fl\u0131 Z\u0259rdab rayonunun \u0259laq\u0259dar qurumlar\u0131 t\u0259r\u0259find\u0259n Nazirl\u0259r Kabinetin\u0259 v\u0259 N\u0259qliyyat Nazirliyin\u0259 m\u00fcraci\u0259t edil\u0259c\u0259k. Bel\u0259 ki, [&hellip;]<\/p>\n","protected":false},"author":1,"featured_media":0,"comment_status":"open","ping_status":"open","sticky":false,"template":"","format":"standard","meta":{"footnotes":""},"categories":[21],"tags":[],"class_list":{"0":"post-9207","1":"post","2":"type-post","3":"status-publish","4":"format-standard","6":"category-zrdab"},"yoast_head":"<!-- This site is optimized with the Yoast SEO plugin v27.0 - https:\/\/yoast.com\/product\/yoast-seo-wordpress\/ -->\n<title>Z\u0259rdab-Ucar yolu il\u0259 ba\u011fl\u0131 Nazirl\u0259r Kabinetin\u0259 m\u00fcraci\u0259t olunacaq - Z\u0259rdab.com<\/title>\n<meta name=\"robots\" content=\"index, follow, max-snippet:-1, max-image-preview:large, max-video-preview:-1\" \/>\n<link rel=\"canonical\" href=\"https:\/\/www.zerdab.com\/?p=9207\" \/>\n<meta property=\"og:locale\" content=\"az_AZ\" \/>\n<meta property=\"og:type\" content=\"article\" \/>\n<meta property=\"og:title\" content=\"Z\u0259rdab-Ucar yolu il\u0259 ba\u011fl\u0131 Nazirl\u0259r Kabinetin\u0259 m\u00fcraci\u0259t olunacaq - Z\u0259rdab.com\" \/>\n<meta property=\"og:description\" content=\"Bir ne\u00e7\u0259 ay \u00f6nc\u0259 t\u0259mir olunan Ucar-Z\u0259rdab \u0259sas magistral yolunun asfalt \u00f6rt\u00fcy\u00fcn\u00fcn tamamil\u0259 da\u011f\u0131lmas\u0131 n\u0259tic\u0259sind\u0259 yenid\u0259n b\u0259rbad v\u0259ziyy\u0259t\u0259 d\u00fc\u015fm\u0259si bar\u0259d\u0259 Zerdab.com sayt\u0131nda m\u0259lumat verilmi\u015fdi. Saytda yay\u0131mlanan fotolar yolun hans\u0131 v\u0259ziyy\u0259td\u0259 oldu\u011funu \u00f6z\u00fcnd\u0259 \u0259ks etdirirdi. Zerdab.com sayt\u0131na veril\u0259n m\u0259lumata g\u00f6r\u0259, bununla ba\u011fl\u0131 Z\u0259rdab rayonunun \u0259laq\u0259dar qurumlar\u0131 t\u0259r\u0259find\u0259n Nazirl\u0259r Kabinetin\u0259 v\u0259 N\u0259qliyyat Nazirliyin\u0259 m\u00fcraci\u0259t edil\u0259c\u0259k. Bel\u0259 ki, [&hellip;]\" \/>\n<meta property=\"og:url\" content=\"https:\/\/www.zerdab.com\/?p=9207\" \/>\n<meta property=\"og:site_name\" content=\"Z\u0259rdab.com\" \/>\n<meta property=\"article:published_time\" content=\"2013-04-22T05:25:57+00:00\" \/>\n<meta name=\"author\" content=\"admin\" \/>\n<meta name=\"twitter:card\" content=\"summary_large_image\" \/>\n<meta name=\"twitter:label1\" content=\"Written by\" \/>\n\t<meta name=\"twitter:data1\" content=\"admin\" \/>\n\t<meta name=\"twitter:label2\" content=\"Est. reading time\" \/>\n\t<meta name=\"twitter:data2\" content=\"1 minute\" \/>\n<script type=\"application\/ld+json\" class=\"yoast-schema-graph\">{\"@context\":\"https:\/\/schema.org\",\"@graph\":[{\"@type\":\"Article\",\"@id\":\"https:\/\/www.zerdab.com\/?p=9207#article\",\"isPartOf\":{\"@id\":\"https:\/\/www.zerdab.com\/?p=9207\"},\"author\":{\"name\":\"admin\",\"@id\":\"https:\/\/www.zerdab.com\/#\/schema\/person\/97079b7570c1e89ec0d9e138c3672136\"},\"headline\":\"Z\u0259rdab-Ucar yolu il\u0259 ba\u011fl\u0131 Nazirl\u0259r Kabinetin\u0259 m\u00fcraci\u0259t olunacaq\",\"datePublished\":\"2013-04-22T05:25:57+00:00\",\"mainEntityOfPage\":{\"@id\":\"https:\/\/www.zerdab.com\/?p=9207\"},\"wordCount\":199,\"commentCount\":2,\"articleSection\":[\"C\u018fM\u0130YY\u018fT\"],\"inLanguage\":\"az\",\"potentialAction\":[{\"@type\":\"CommentAction\",\"name\":\"Comment\",\"target\":[\"https:\/\/www.zerdab.com\/?p=9207#respond\"]}]},{\"@type\":\"WebPage\",\"@id\":\"https:\/\/www.zerdab.com\/?p=9207\",\"url\":\"https:\/\/www.zerdab.com\/?p=9207\",\"name\":\"Z\u0259rdab-Ucar yolu il\u0259 ba\u011fl\u0131 Nazirl\u0259r Kabinetin\u0259 m\u00fcraci\u0259t olunacaq - Z\u0259rdab.com\",\"isPartOf\":{\"@id\":\"https:\/\/www.zerdab.com\/#website\"},\"datePublished\":\"2013-04-22T05:25:57+00:00\",\"author\":{\"@id\":\"https:\/\/www.zerdab.com\/#\/schema\/person\/97079b7570c1e89ec0d9e138c3672136\"},\"breadcrumb\":{\"@id\":\"https:\/\/www.zerdab.com\/?p=9207#breadcrumb\"},\"inLanguage\":\"az\",\"potentialAction\":[{\"@type\":\"ReadAction\",\"target\":[\"https:\/\/www.zerdab.com\/?p=9207\"]}]},{\"@type\":\"BreadcrumbList\",\"@id\":\"https:\/\/www.zerdab.com\/?p=9207#breadcrumb\",\"itemListElement\":[{\"@type\":\"ListItem\",\"position\":1,\"name\":\"Home\",\"item\":\"https:\/\/www.zerdab.com\/\"},{\"@type\":\"ListItem\",\"position\":2,\"name\":\"Z\u0259rdab-Ucar yolu il\u0259 ba\u011fl\u0131 Nazirl\u0259r Kabinetin\u0259 m\u00fcraci\u0259t olunacaq\"}]},{\"@type\":\"WebSite\",\"@id\":\"https:\/\/www.zerdab.com\/#website\",\"url\":\"https:\/\/www.zerdab.com\/\",\"name\":\"Z\u0259rdab.com\",\"description\":\"\",\"potentialAction\":[{\"@type\":\"SearchAction\",\"target\":{\"@type\":\"EntryPoint\",\"urlTemplate\":\"https:\/\/www.zerdab.com\/?s={search_term_string}\"},\"query-input\":{\"@type\":\"PropertyValueSpecification\",\"valueRequired\":true,\"valueName\":\"search_term_string\"}}],\"inLanguage\":\"az\"},{\"@type\":\"Person\",\"@id\":\"https:\/\/www.zerdab.com\/#\/schema\/person\/97079b7570c1e89ec0d9e138c3672136\",\"name\":\"admin\",\"image\":{\"@type\":\"ImageObject\",\"inLanguage\":\"az\",\"@id\":\"https:\/\/www.zerdab.com\/#\/schema\/person\/image\/\",\"url\":\"https:\/\/secure.gravatar.com\/avatar\/d9c52a9a27c32119cb6679a077fa3e2779e5f822c451cbf01098004361d466ec?s=96&d=mm&r=g\",\"contentUrl\":\"https:\/\/secure.gravatar.com\/avatar\/d9c52a9a27c32119cb6679a077fa3e2779e5f822c451cbf01098004361d466ec?s=96&d=mm&r=g\",\"caption\":\"admin\"},\"url\":\"https:\/\/www.zerdab.com\/?author=1\"}]}<\/script>\n<!-- \/ Yoast SEO plugin. -->","yoast_head_json":{"title":"Z\u0259rdab-Ucar yolu il\u0259 ba\u011fl\u0131 Nazirl\u0259r Kabinetin\u0259 m\u00fcraci\u0259t olunacaq - Z\u0259rdab.com","robots":{"index":"index","follow":"follow","max-snippet":"max-snippet:-1","max-image-preview":"max-image-preview:large","max-video-preview":"max-video-preview:-1"},"canonical":"https:\/\/www.zerdab.com\/?p=9207","og_locale":"az_AZ","og_type":"article","og_title":"Z\u0259rdab-Ucar yolu il\u0259 ba\u011fl\u0131 Nazirl\u0259r Kabinetin\u0259 m\u00fcraci\u0259t olunacaq - Z\u0259rdab.com","og_description":"Bir ne\u00e7\u0259 ay \u00f6nc\u0259 t\u0259mir olunan Ucar-Z\u0259rdab \u0259sas magistral yolunun asfalt \u00f6rt\u00fcy\u00fcn\u00fcn tamamil\u0259 da\u011f\u0131lmas\u0131 n\u0259tic\u0259sind\u0259 yenid\u0259n b\u0259rbad v\u0259ziyy\u0259t\u0259 d\u00fc\u015fm\u0259si bar\u0259d\u0259 Zerdab.com sayt\u0131nda m\u0259lumat verilmi\u015fdi. Saytda yay\u0131mlanan fotolar yolun hans\u0131 v\u0259ziyy\u0259td\u0259 oldu\u011funu \u00f6z\u00fcnd\u0259 \u0259ks etdirirdi. Zerdab.com sayt\u0131na veril\u0259n m\u0259lumata g\u00f6r\u0259, bununla ba\u011fl\u0131 Z\u0259rdab rayonunun \u0259laq\u0259dar qurumlar\u0131 t\u0259r\u0259find\u0259n Nazirl\u0259r Kabinetin\u0259 v\u0259 N\u0259qliyyat Nazirliyin\u0259 m\u00fcraci\u0259t edil\u0259c\u0259k. Bel\u0259 ki, [&hellip;]","og_url":"https:\/\/www.zerdab.com\/?p=9207","og_site_name":"Z\u0259rdab.com","article_published_time":"2013-04-22T05:25:57+00:00","author":"admin","twitter_card":"summary_large_image","twitter_misc":{"Written by":"admin","Est. reading time":"1 minute"},"schema":{"@context":"https:\/\/schema.org","@graph":[{"@type":"Article","@id":"https:\/\/www.zerdab.com\/?p=9207#article","isPartOf":{"@id":"https:\/\/www.zerdab.com\/?p=9207"},"author":{"name":"admin","@id":"https:\/\/www.zerdab.com\/#\/schema\/person\/97079b7570c1e89ec0d9e138c3672136"},"headline":"Z\u0259rdab-Ucar yolu il\u0259 ba\u011fl\u0131 Nazirl\u0259r Kabinetin\u0259 m\u00fcraci\u0259t olunacaq","datePublished":"2013-04-22T05:25:57+00:00","mainEntityOfPage":{"@id":"https:\/\/www.zerdab.com\/?p=9207"},"wordCount":199,"commentCount":2,"articleSection":["C\u018fM\u0130YY\u018fT"],"inLanguage":"az","potentialAction":[{"@type":"CommentAction","name":"Comment","target":["https:\/\/www.zerdab.com\/?p=9207#respond"]}]},{"@type":"WebPage","@id":"https:\/\/www.zerdab.com\/?p=9207","url":"https:\/\/www.zerdab.com\/?p=9207","name":"Z\u0259rdab-Ucar yolu il\u0259 ba\u011fl\u0131 Nazirl\u0259r Kabinetin\u0259 m\u00fcraci\u0259t olunacaq - Z\u0259rdab.com","isPartOf":{"@id":"https:\/\/www.zerdab.com\/#website"},"datePublished":"2013-04-22T05:25:57+00:00","author":{"@id":"https:\/\/www.zerdab.com\/#\/schema\/person\/97079b7570c1e89ec0d9e138c3672136"},"breadcrumb":{"@id":"https:\/\/www.zerdab.com\/?p=9207#breadcrumb"},"inLanguage":"az","potentialAction":[{"@type":"ReadAction","target":["https:\/\/www.zerdab.com\/?p=9207"]}]},{"@type":"BreadcrumbList","@id":"https:\/\/www.zerdab.com\/?p=9207#breadcrumb","itemListElement":[{"@type":"ListItem","position":1,"name":"Home","item":"https:\/\/www.zerdab.com\/"},{"@type":"ListItem","position":2,"name":"Z\u0259rdab-Ucar yolu il\u0259 ba\u011fl\u0131 Nazirl\u0259r Kabinetin\u0259 m\u00fcraci\u0259t olunacaq"}]},{"@type":"WebSite","@id":"https:\/\/www.zerdab.com\/#website","url":"https:\/\/www.zerdab.com\/","name":"Z\u0259rdab.com","description":"","potentialAction":[{"@type":"SearchAction","target":{"@type":"EntryPoint","urlTemplate":"https:\/\/www.zerdab.com\/?s={search_term_string}"},"query-input":{"@type":"PropertyValueSpecification","valueRequired":true,"valueName":"search_term_string"}}],"inLanguage":"az"},{"@type":"Person","@id":"https:\/\/www.zerdab.com\/#\/schema\/person\/97079b7570c1e89ec0d9e138c3672136","name":"admin","image":{"@type":"ImageObject","inLanguage":"az","@id":"https:\/\/www.zerdab.com\/#\/schema\/person\/image\/","url":"https:\/\/secure.gravatar.com\/avatar\/d9c52a9a27c32119cb6679a077fa3e2779e5f822c451cbf01098004361d466ec?s=96&d=mm&r=g","contentUrl":"https:\/\/secure.gravatar.com\/avatar\/d9c52a9a27c32119cb6679a077fa3e2779e5f822c451cbf01098004361d466ec?s=96&d=mm&r=g","caption":"admin"},"url":"https:\/\/www.zerdab.com\/?author=1"}]}},"_links":{"self":[{"href":"https:\/\/www.zerdab.com\/index.php?rest_route=\/wp\/v2\/posts\/9207","targetHints":{"allow":["GET"]}}],"collection":[{"href":"https:\/\/www.zerdab.com\/index.php?rest_route=\/wp\/v2\/posts"}],"about":[{"href":"https:\/\/www.zerdab.com\/index.php?rest_route=\/wp\/v2\/types\/post"}],"author":[{"embeddable":true,"href":"https:\/\/www.zerdab.com\/index.php?rest_route=\/wp\/v2\/users\/1"}],"replies":[{"embeddable":true,"href":"https:\/\/www.zerdab.com\/index.php?rest_route=%2Fwp%2Fv2%2Fcomments&post=9207"}],"version-history":[{"count":1,"href":"https:\/\/www.zerdab.com\/index.php?rest_route=\/wp\/v2\/posts\/9207\/revisions"}],"predecessor-version":[{"id":9209,"href":"https:\/\/www.zerdab.com\/index.php?rest_route=\/wp\/v2\/posts\/9207\/revisions\/9209"}],"wp:attachment":[{"href":"https:\/\/www.zerdab.com\/index.php?rest_route=%2Fwp%2Fv2%2Fmedia&parent=9207"}],"wp:term":[{"taxonomy":"category","embeddable":true,"href":"https:\/\/www.zerdab.com\/index.php?rest_route=%2Fwp%2Fv2%2Fcategories&post=9207"},{"taxonomy":"post_tag","embeddable":true,"href":"https:\/\/www.zerdab.com\/index.php?rest_route=%2Fwp%2Fv2%2Ftags&post=9207"}],"curies":[{"name":"wp","href":"https:\/\/api.w.org\/{rel}","templated":true}]}}