{"id":9239,"date":"2013-04-22T23:44:21","date_gmt":"2013-04-22T18:44:21","guid":{"rendered":"http:\/\/www.zerdab.com\/?p=9239"},"modified":"2013-04-22T20:54:54","modified_gmt":"2013-04-22T15:54:54","slug":"z%c9%99rdabda-futbol-uzr%c9%99-rayon-cempionati-kecirilir-fotolar","status":"publish","type":"post","link":"https:\/\/www.zerdab.com\/?p=9239","title":{"rendered":"Z\u0259rdabda futbol \u00fczr\u0259 rayon \u00e7empionat\u0131 ke\u00e7irilir &#8211; fotolar"},"content":{"rendered":"<p><span style=\"color: #000080;\"><strong><img loading=\"lazy\" decoding=\"async\" class=\"aligncenter size-large wp-image-9240\" alt=\"futbol-zerdab\" src=\"http:\/\/www.zerdab.com\/wp-content\/uploads\/2013\/04\/zerdab-futbol8-800x600.jpg\" width=\"800\" height=\"600\" \/>Z\u0259rdabda futbol idman n\u00f6v\u00fc \u00fczr\u0259 rayon \u00e7empionat\u0131na start verilib. Bu bar\u0259d\u0259 Zerdab.com sayt\u0131na Z\u0259rdab rayon G\u0259ncl\u0259r v\u0259 \u0130dman \u0130dar\u0259sind\u0259n m\u0259lumat verilib.<\/strong> <\/span>Bildirilir ki, \u00e7empionata aprelin 10-da Z\u0259rdab rayon M\u0259rk\u0259zi Stadionunda start verilib. \u00c7empionat \u00fcmummilli lider Heyd\u0259r \u018fliyevin anadan olmas\u0131n\u0131n 90-c\u0131 ild\u00f6n\u00fcm\u00fcn\u0259 h\u0259sr olunub. Yar\u0131\u015f\u0131n m\u0259qs\u0259di Z\u0259rdab rayonunda idman\u0131n futbol n\u00f6v\u00fcn\u00fcn k\u00fctl\u0259viliyinin inki\u015faf\u0131, g\u0259ncl\u0259rin idmana c\u0259lb edilm\u0259si, onlar\u0131n asud\u0259 vaxtlar\u0131n\u0131n t\u0259\u015fkili, respubilka turnirind\u0259 i\u015ftirak etm\u0259k \u00fcc\u00fcn rayon komandas\u0131na namiz\u0259dl\u0259rin se\u00e7ilm\u0259si, futbol\u00e7ular\u0131n idman d\u0259r\u0259c\u0259l\u0259rinin art\u0131r\u0131lmas\u0131 v\u0259 t\u0259kmill\u0259\u015fdirilm\u0259sidir. \u00c7empionat\u0131n final m\u0259rh\u0259l\u0259si 10 may 2013-c\u00fc il tarixd\u0259 Z\u0259rdab rayon M\u0259rk\u0259zi Stadionunda ba\u015f tutacaq.<\/p>\n<p><span style=\"color: #000080;\"><strong>Zerdab.com<\/strong><\/span><\/p>\n<p><img loading=\"lazy\" decoding=\"async\" class=\"aligncenter size-medium wp-image-9242\" alt=\"futbol-zerdab\" src=\"http:\/\/www.zerdab.com\/wp-content\/uploads\/2013\/04\/zerdab-futbol-400x300.jpg\" width=\"400\" height=\"300\" \/><\/p>\n<p><img loading=\"lazy\" decoding=\"async\" class=\"aligncenter size-medium wp-image-9244\" alt=\"futbol-zerdab\" src=\"http:\/\/www.zerdab.com\/wp-content\/uploads\/2013\/04\/zerdab-futbol1-400x300.jpg\" width=\"400\" height=\"300\" \/><\/p>\n<p><img loading=\"lazy\" decoding=\"async\" class=\"aligncenter size-medium wp-image-9245\" alt=\"zerdab-futbol\" src=\"http:\/\/www.zerdab.com\/wp-content\/uploads\/2013\/04\/zerdab-futbol4-400x300.jpg\" width=\"400\" height=\"300\" \/><\/p>\n<p><img loading=\"lazy\" decoding=\"async\" class=\"aligncenter size-medium wp-image-9247\" alt=\"zerdab-futbol\" src=\"http:\/\/www.zerdab.com\/wp-content\/uploads\/2013\/04\/zerdab-futbol7-400x300.jpg\" width=\"400\" height=\"300\" \/><\/p>\n<p><img loading=\"lazy\" decoding=\"async\" class=\"aligncenter size-medium wp-image-9248\" alt=\"zerdab-futbol\" src=\"http:\/\/www.zerdab.com\/wp-content\/uploads\/2013\/04\/zerdab-futbol5-400x300.jpg\" width=\"400\" height=\"300\" \/><\/p>\n<p><img loading=\"lazy\" decoding=\"async\" class=\"aligncenter size-medium wp-image-9249\" alt=\"zerdab-futbol\" src=\"http:\/\/www.zerdab.com\/wp-content\/uploads\/2013\/04\/zerdab-futbol3-400x300.jpg\" width=\"400\" height=\"300\" \/><img loading=\"lazy\" decoding=\"async\" class=\"aligncenter size-medium wp-image-9250\" alt=\"zerdab-futbol\" src=\"http:\/\/www.zerdab.com\/wp-content\/uploads\/2013\/04\/zerdab-futbol6-400x300.jpg\" width=\"400\" height=\"300\" \/><\/p>\n","protected":false},"excerpt":{"rendered":"<p>Z\u0259rdabda futbol idman n\u00f6v\u00fc \u00fczr\u0259 rayon \u00e7empionat\u0131na start verilib. Bu bar\u0259d\u0259 Zerdab.com sayt\u0131na Z\u0259rdab rayon G\u0259ncl\u0259r v\u0259 \u0130dman \u0130dar\u0259sind\u0259n m\u0259lumat verilib. Bildirilir ki, \u00e7empionata aprelin 10-da Z\u0259rdab rayon M\u0259rk\u0259zi Stadionunda start verilib. \u00c7empionat \u00fcmummilli lider Heyd\u0259r \u018fliyevin anadan olmas\u0131n\u0131n 90-c\u0131 ild\u00f6n\u00fcm\u00fcn\u0259 h\u0259sr olunub. Yar\u0131\u015f\u0131n m\u0259qs\u0259di Z\u0259rdab rayonunda idman\u0131n futbol n\u00f6v\u00fcn\u00fcn k\u00fctl\u0259viliyinin inki\u015faf\u0131, g\u0259ncl\u0259rin idmana c\u0259lb [&hellip;]<\/p>\n","protected":false},"author":1,"featured_media":0,"comment_status":"open","ping_status":"open","sticky":false,"template":"","format":"standard","meta":{"footnotes":""},"categories":[21],"tags":[],"class_list":{"0":"post-9239","1":"post","2":"type-post","3":"status-publish","4":"format-standard","6":"category-zrdab"},"yoast_head":"<!-- This site is optimized with the Yoast SEO plugin v27.0 - https:\/\/yoast.com\/product\/yoast-seo-wordpress\/ -->\n<title>Z\u0259rdabda futbol \u00fczr\u0259 rayon \u00e7empionat\u0131 ke\u00e7irilir - fotolar - Z\u0259rdab.com<\/title>\n<meta name=\"robots\" content=\"index, follow, max-snippet:-1, max-image-preview:large, max-video-preview:-1\" \/>\n<link rel=\"canonical\" href=\"https:\/\/www.zerdab.com\/?p=9239\" \/>\n<meta property=\"og:locale\" content=\"az_AZ\" \/>\n<meta property=\"og:type\" content=\"article\" \/>\n<meta property=\"og:title\" content=\"Z\u0259rdabda futbol \u00fczr\u0259 rayon \u00e7empionat\u0131 ke\u00e7irilir - fotolar - Z\u0259rdab.com\" \/>\n<meta property=\"og:description\" content=\"Z\u0259rdabda futbol idman n\u00f6v\u00fc \u00fczr\u0259 rayon \u00e7empionat\u0131na start verilib. Bu bar\u0259d\u0259 Zerdab.com sayt\u0131na Z\u0259rdab rayon G\u0259ncl\u0259r v\u0259 \u0130dman \u0130dar\u0259sind\u0259n m\u0259lumat verilib. Bildirilir ki, \u00e7empionata aprelin 10-da Z\u0259rdab rayon M\u0259rk\u0259zi Stadionunda start verilib. \u00c7empionat \u00fcmummilli lider Heyd\u0259r \u018fliyevin anadan olmas\u0131n\u0131n 90-c\u0131 ild\u00f6n\u00fcm\u00fcn\u0259 h\u0259sr olunub. Yar\u0131\u015f\u0131n m\u0259qs\u0259di Z\u0259rdab rayonunda idman\u0131n futbol n\u00f6v\u00fcn\u00fcn k\u00fctl\u0259viliyinin inki\u015faf\u0131, g\u0259ncl\u0259rin idmana c\u0259lb [&hellip;]\" \/>\n<meta property=\"og:url\" content=\"https:\/\/www.zerdab.com\/?p=9239\" \/>\n<meta property=\"og:site_name\" content=\"Z\u0259rdab.com\" \/>\n<meta property=\"article:published_time\" content=\"2013-04-22T18:44:21+00:00\" \/>\n<meta property=\"og:image\" content=\"http:\/\/www.zerdab.com\/wp-content\/uploads\/2013\/04\/zerdab-futbol8-800x600.jpg\" \/>\n<meta name=\"author\" content=\"admin\" \/>\n<meta name=\"twitter:card\" content=\"summary_large_image\" \/>\n<meta name=\"twitter:label1\" content=\"Written by\" \/>\n\t<meta name=\"twitter:data1\" content=\"admin\" \/>\n\t<meta name=\"twitter:label2\" content=\"Est. reading time\" \/>\n\t<meta name=\"twitter:data2\" content=\"1 minute\" \/>\n<script type=\"application\/ld+json\" class=\"yoast-schema-graph\">{\"@context\":\"https:\/\/schema.org\",\"@graph\":[{\"@type\":\"Article\",\"@id\":\"https:\/\/www.zerdab.com\/?p=9239#article\",\"isPartOf\":{\"@id\":\"https:\/\/www.zerdab.com\/?p=9239\"},\"author\":{\"name\":\"admin\",\"@id\":\"https:\/\/www.zerdab.com\/#\/schema\/person\/97079b7570c1e89ec0d9e138c3672136\"},\"headline\":\"Z\u0259rdabda futbol \u00fczr\u0259 rayon \u00e7empionat\u0131 ke\u00e7irilir &#8211; fotolar\",\"datePublished\":\"2013-04-22T18:44:21+00:00\",\"mainEntityOfPage\":{\"@id\":\"https:\/\/www.zerdab.com\/?p=9239\"},\"wordCount\":167,\"commentCount\":1,\"image\":{\"@id\":\"https:\/\/www.zerdab.com\/?p=9239#primaryimage\"},\"thumbnailUrl\":\"http:\/\/www.zerdab.com\/wp-content\/uploads\/2013\/04\/zerdab-futbol8-800x600.jpg\",\"articleSection\":[\"C\u018fM\u0130YY\u018fT\"],\"inLanguage\":\"az\",\"potentialAction\":[{\"@type\":\"CommentAction\",\"name\":\"Comment\",\"target\":[\"https:\/\/www.zerdab.com\/?p=9239#respond\"]}]},{\"@type\":\"WebPage\",\"@id\":\"https:\/\/www.zerdab.com\/?p=9239\",\"url\":\"https:\/\/www.zerdab.com\/?p=9239\",\"name\":\"Z\u0259rdabda futbol \u00fczr\u0259 rayon \u00e7empionat\u0131 ke\u00e7irilir - fotolar - Z\u0259rdab.com\",\"isPartOf\":{\"@id\":\"https:\/\/www.zerdab.com\/#website\"},\"primaryImageOfPage\":{\"@id\":\"https:\/\/www.zerdab.com\/?p=9239#primaryimage\"},\"image\":{\"@id\":\"https:\/\/www.zerdab.com\/?p=9239#primaryimage\"},\"thumbnailUrl\":\"http:\/\/www.zerdab.com\/wp-content\/uploads\/2013\/04\/zerdab-futbol8-800x600.jpg\",\"datePublished\":\"2013-04-22T18:44:21+00:00\",\"author\":{\"@id\":\"https:\/\/www.zerdab.com\/#\/schema\/person\/97079b7570c1e89ec0d9e138c3672136\"},\"breadcrumb\":{\"@id\":\"https:\/\/www.zerdab.com\/?p=9239#breadcrumb\"},\"inLanguage\":\"az\",\"potentialAction\":[{\"@type\":\"ReadAction\",\"target\":[\"https:\/\/www.zerdab.com\/?p=9239\"]}]},{\"@type\":\"ImageObject\",\"inLanguage\":\"az\",\"@id\":\"https:\/\/www.zerdab.com\/?p=9239#primaryimage\",\"url\":\"\",\"contentUrl\":\"\"},{\"@type\":\"BreadcrumbList\",\"@id\":\"https:\/\/www.zerdab.com\/?p=9239#breadcrumb\",\"itemListElement\":[{\"@type\":\"ListItem\",\"position\":1,\"name\":\"Home\",\"item\":\"https:\/\/www.zerdab.com\/\"},{\"@type\":\"ListItem\",\"position\":2,\"name\":\"Z\u0259rdabda futbol \u00fczr\u0259 rayon \u00e7empionat\u0131 ke\u00e7irilir &#8211; fotolar\"}]},{\"@type\":\"WebSite\",\"@id\":\"https:\/\/www.zerdab.com\/#website\",\"url\":\"https:\/\/www.zerdab.com\/\",\"name\":\"Z\u0259rdab.com\",\"description\":\"\",\"potentialAction\":[{\"@type\":\"SearchAction\",\"target\":{\"@type\":\"EntryPoint\",\"urlTemplate\":\"https:\/\/www.zerdab.com\/?s={search_term_string}\"},\"query-input\":{\"@type\":\"PropertyValueSpecification\",\"valueRequired\":true,\"valueName\":\"search_term_string\"}}],\"inLanguage\":\"az\"},{\"@type\":\"Person\",\"@id\":\"https:\/\/www.zerdab.com\/#\/schema\/person\/97079b7570c1e89ec0d9e138c3672136\",\"name\":\"admin\",\"image\":{\"@type\":\"ImageObject\",\"inLanguage\":\"az\",\"@id\":\"https:\/\/www.zerdab.com\/#\/schema\/person\/image\/\",\"url\":\"https:\/\/secure.gravatar.com\/avatar\/d9c52a9a27c32119cb6679a077fa3e2779e5f822c451cbf01098004361d466ec?s=96&d=mm&r=g\",\"contentUrl\":\"https:\/\/secure.gravatar.com\/avatar\/d9c52a9a27c32119cb6679a077fa3e2779e5f822c451cbf01098004361d466ec?s=96&d=mm&r=g\",\"caption\":\"admin\"},\"url\":\"https:\/\/www.zerdab.com\/?author=1\"}]}<\/script>\n<!-- \/ Yoast SEO plugin. -->","yoast_head_json":{"title":"Z\u0259rdabda futbol \u00fczr\u0259 rayon \u00e7empionat\u0131 ke\u00e7irilir - fotolar - Z\u0259rdab.com","robots":{"index":"index","follow":"follow","max-snippet":"max-snippet:-1","max-image-preview":"max-image-preview:large","max-video-preview":"max-video-preview:-1"},"canonical":"https:\/\/www.zerdab.com\/?p=9239","og_locale":"az_AZ","og_type":"article","og_title":"Z\u0259rdabda futbol \u00fczr\u0259 rayon \u00e7empionat\u0131 ke\u00e7irilir - fotolar - Z\u0259rdab.com","og_description":"Z\u0259rdabda futbol idman n\u00f6v\u00fc \u00fczr\u0259 rayon \u00e7empionat\u0131na start verilib. Bu bar\u0259d\u0259 Zerdab.com sayt\u0131na Z\u0259rdab rayon G\u0259ncl\u0259r v\u0259 \u0130dman \u0130dar\u0259sind\u0259n m\u0259lumat verilib. Bildirilir ki, \u00e7empionata aprelin 10-da Z\u0259rdab rayon M\u0259rk\u0259zi Stadionunda start verilib. \u00c7empionat \u00fcmummilli lider Heyd\u0259r \u018fliyevin anadan olmas\u0131n\u0131n 90-c\u0131 ild\u00f6n\u00fcm\u00fcn\u0259 h\u0259sr olunub. Yar\u0131\u015f\u0131n m\u0259qs\u0259di Z\u0259rdab rayonunda idman\u0131n futbol n\u00f6v\u00fcn\u00fcn k\u00fctl\u0259viliyinin inki\u015faf\u0131, g\u0259ncl\u0259rin idmana c\u0259lb [&hellip;]","og_url":"https:\/\/www.zerdab.com\/?p=9239","og_site_name":"Z\u0259rdab.com","article_published_time":"2013-04-22T18:44:21+00:00","og_image":[{"url":"http:\/\/www.zerdab.com\/wp-content\/uploads\/2013\/04\/zerdab-futbol8-800x600.jpg","type":"","width":"","height":""}],"author":"admin","twitter_card":"summary_large_image","twitter_misc":{"Written by":"admin","Est. reading time":"1 minute"},"schema":{"@context":"https:\/\/schema.org","@graph":[{"@type":"Article","@id":"https:\/\/www.zerdab.com\/?p=9239#article","isPartOf":{"@id":"https:\/\/www.zerdab.com\/?p=9239"},"author":{"name":"admin","@id":"https:\/\/www.zerdab.com\/#\/schema\/person\/97079b7570c1e89ec0d9e138c3672136"},"headline":"Z\u0259rdabda futbol \u00fczr\u0259 rayon \u00e7empionat\u0131 ke\u00e7irilir &#8211; fotolar","datePublished":"2013-04-22T18:44:21+00:00","mainEntityOfPage":{"@id":"https:\/\/www.zerdab.com\/?p=9239"},"wordCount":167,"commentCount":1,"image":{"@id":"https:\/\/www.zerdab.com\/?p=9239#primaryimage"},"thumbnailUrl":"http:\/\/www.zerdab.com\/wp-content\/uploads\/2013\/04\/zerdab-futbol8-800x600.jpg","articleSection":["C\u018fM\u0130YY\u018fT"],"inLanguage":"az","potentialAction":[{"@type":"CommentAction","name":"Comment","target":["https:\/\/www.zerdab.com\/?p=9239#respond"]}]},{"@type":"WebPage","@id":"https:\/\/www.zerdab.com\/?p=9239","url":"https:\/\/www.zerdab.com\/?p=9239","name":"Z\u0259rdabda futbol \u00fczr\u0259 rayon \u00e7empionat\u0131 ke\u00e7irilir - fotolar - Z\u0259rdab.com","isPartOf":{"@id":"https:\/\/www.zerdab.com\/#website"},"primaryImageOfPage":{"@id":"https:\/\/www.zerdab.com\/?p=9239#primaryimage"},"image":{"@id":"https:\/\/www.zerdab.com\/?p=9239#primaryimage"},"thumbnailUrl":"http:\/\/www.zerdab.com\/wp-content\/uploads\/2013\/04\/zerdab-futbol8-800x600.jpg","datePublished":"2013-04-22T18:44:21+00:00","author":{"@id":"https:\/\/www.zerdab.com\/#\/schema\/person\/97079b7570c1e89ec0d9e138c3672136"},"breadcrumb":{"@id":"https:\/\/www.zerdab.com\/?p=9239#breadcrumb"},"inLanguage":"az","potentialAction":[{"@type":"ReadAction","target":["https:\/\/www.zerdab.com\/?p=9239"]}]},{"@type":"ImageObject","inLanguage":"az","@id":"https:\/\/www.zerdab.com\/?p=9239#primaryimage","url":"","contentUrl":""},{"@type":"BreadcrumbList","@id":"https:\/\/www.zerdab.com\/?p=9239#breadcrumb","itemListElement":[{"@type":"ListItem","position":1,"name":"Home","item":"https:\/\/www.zerdab.com\/"},{"@type":"ListItem","position":2,"name":"Z\u0259rdabda futbol \u00fczr\u0259 rayon \u00e7empionat\u0131 ke\u00e7irilir &#8211; fotolar"}]},{"@type":"WebSite","@id":"https:\/\/www.zerdab.com\/#website","url":"https:\/\/www.zerdab.com\/","name":"Z\u0259rdab.com","description":"","potentialAction":[{"@type":"SearchAction","target":{"@type":"EntryPoint","urlTemplate":"https:\/\/www.zerdab.com\/?s={search_term_string}"},"query-input":{"@type":"PropertyValueSpecification","valueRequired":true,"valueName":"search_term_string"}}],"inLanguage":"az"},{"@type":"Person","@id":"https:\/\/www.zerdab.com\/#\/schema\/person\/97079b7570c1e89ec0d9e138c3672136","name":"admin","image":{"@type":"ImageObject","inLanguage":"az","@id":"https:\/\/www.zerdab.com\/#\/schema\/person\/image\/","url":"https:\/\/secure.gravatar.com\/avatar\/d9c52a9a27c32119cb6679a077fa3e2779e5f822c451cbf01098004361d466ec?s=96&d=mm&r=g","contentUrl":"https:\/\/secure.gravatar.com\/avatar\/d9c52a9a27c32119cb6679a077fa3e2779e5f822c451cbf01098004361d466ec?s=96&d=mm&r=g","caption":"admin"},"url":"https:\/\/www.zerdab.com\/?author=1"}]}},"_links":{"self":[{"href":"https:\/\/www.zerdab.com\/index.php?rest_route=\/wp\/v2\/posts\/9239","targetHints":{"allow":["GET"]}}],"collection":[{"href":"https:\/\/www.zerdab.com\/index.php?rest_route=\/wp\/v2\/posts"}],"about":[{"href":"https:\/\/www.zerdab.com\/index.php?rest_route=\/wp\/v2\/types\/post"}],"author":[{"embeddable":true,"href":"https:\/\/www.zerdab.com\/index.php?rest_route=\/wp\/v2\/users\/1"}],"replies":[{"embeddable":true,"href":"https:\/\/www.zerdab.com\/index.php?rest_route=%2Fwp%2Fv2%2Fcomments&post=9239"}],"version-history":[{"count":4,"href":"https:\/\/www.zerdab.com\/index.php?rest_route=\/wp\/v2\/posts\/9239\/revisions"}],"predecessor-version":[{"id":9243,"href":"https:\/\/www.zerdab.com\/index.php?rest_route=\/wp\/v2\/posts\/9239\/revisions\/9243"}],"wp:attachment":[{"href":"https:\/\/www.zerdab.com\/index.php?rest_route=%2Fwp%2Fv2%2Fmedia&parent=9239"}],"wp:term":[{"taxonomy":"category","embeddable":true,"href":"https:\/\/www.zerdab.com\/index.php?rest_route=%2Fwp%2Fv2%2Fcategories&post=9239"},{"taxonomy":"post_tag","embeddable":true,"href":"https:\/\/www.zerdab.com\/index.php?rest_route=%2Fwp%2Fv2%2Ftags&post=9239"}],"curies":[{"name":"wp","href":"https:\/\/api.w.org\/{rel}","templated":true}]}}