{"id":9291,"date":"2013-04-23T23:55:43","date_gmt":"2013-04-23T18:55:43","guid":{"rendered":"http:\/\/www.zerdab.com\/?p=9291"},"modified":"2013-04-24T00:01:38","modified_gmt":"2013-04-23T19:01:38","slug":"z%c9%99rdab-rayon-prokurorlugunun-%c9%99m%c9%99kdaslari-v%c9%99t%c9%99ndaslarla-gorus%c9%99c%c9%99kl%c9%99r","status":"publish","type":"post","link":"https:\/\/www.zerdab.com\/?p=9291","title":{"rendered":"Z\u0259rdabda prokurorluq \u0259m\u0259kda\u015flar\u0131 v\u0259t\u0259nda\u015flarla g\u00f6r\u00fc\u015f\u0259c\u0259kl\u0259r"},"content":{"rendered":"<p><strong><img loading=\"lazy\" decoding=\"async\" class=\"aligncenter size-full wp-image-9292\" alt=\"prokurorluq\" src=\"http:\/\/www.zerdab.com\/wp-content\/uploads\/2013\/04\/prokurorluq.jpg\" width=\"220\" height=\"314\" \/>Z\u0259rdab rayon Prokurorlu\u011funun \u0259m\u0259kda\u015flar\u0131 v\u0259t\u0259nda\u015flar\u0131 ya\u015fay\u0131\u015f yerl\u0259ri \u00fczr\u0259 q\u0259bul ed\u0259c\u0259kl\u0259r.<\/strong> Bel\u0259 ki, may ay\u0131n\u0131n 22-d\u0259 Z\u0259rdab rayon prokurorunun k\u00f6m\u0259k\u00e7isi S. A\u011fayev Qarav\u0259lli k\u0259nd icra n\u00fcmay\u0259nd\u0259liyind\u0259 k\u0259nd sakinl\u0259ri il\u0259 g\u00f6r\u00fc\u015f\u00fcb onlar\u0131 narahat ed\u0259n m\u0259s\u0259l\u0259l\u0259rl\u0259 maraqlanacaq, onlar\u0131n m\u00fcxt\u0259lif istiqam\u0259tl\u0259r \u00fczr\u0259 m\u00fcraci\u0259tl\u0259rini ara\u015fd\u0131racaq. G\u00f6r\u00fc\u015f h\u0259min g\u00fcn saat 11:00-da ba\u015flanacaq.<\/p>\n<p>N\u00f6vb\u0259ti g\u00f6r\u00fc\u015f is\u0259 Otmanoba k\u0259nd icra n\u00fcmay\u0259nd\u0259liyind\u0259 olacaq. Bu g\u00f6r\u00fc\u015f iyun ay\u0131n\u0131n 12-d\u0259 saat 11:00-da ba\u015f tutacaq. K\u0259nd sakinl\u0259rini Z\u0259rdab rayon prokuroru S\u00fcleyman S\u00fcleymanov q\u0259bul ed\u0259c\u0259k.<\/p>\n<p><span style=\"color: #000080;\"><strong>S\u00fcleyman S\u00fcleymanov, Z\u0259rdab rayon Prokuroru, \u0259dliyy\u0259 m\u00fc\u015faviri.<\/strong><\/span><\/p>\n","protected":false},"excerpt":{"rendered":"<p>Z\u0259rdab rayon Prokurorlu\u011funun \u0259m\u0259kda\u015flar\u0131 v\u0259t\u0259nda\u015flar\u0131 ya\u015fay\u0131\u015f yerl\u0259ri \u00fczr\u0259 q\u0259bul ed\u0259c\u0259kl\u0259r. Bel\u0259 ki, may ay\u0131n\u0131n 22-d\u0259 Z\u0259rdab rayon prokurorunun k\u00f6m\u0259k\u00e7isi S. A\u011fayev Qarav\u0259lli k\u0259nd icra n\u00fcmay\u0259nd\u0259liyind\u0259 k\u0259nd sakinl\u0259ri il\u0259 g\u00f6r\u00fc\u015f\u00fcb onlar\u0131 narahat ed\u0259n m\u0259s\u0259l\u0259l\u0259rl\u0259 maraqlanacaq, onlar\u0131n m\u00fcxt\u0259lif istiqam\u0259tl\u0259r \u00fczr\u0259 m\u00fcraci\u0259tl\u0259rini ara\u015fd\u0131racaq. G\u00f6r\u00fc\u015f h\u0259min g\u00fcn saat 11:00-da ba\u015flanacaq. N\u00f6vb\u0259ti g\u00f6r\u00fc\u015f is\u0259 Otmanoba k\u0259nd icra n\u00fcmay\u0259nd\u0259liyind\u0259 olacaq. Bu [&hellip;]<\/p>\n","protected":false},"author":1,"featured_media":0,"comment_status":"open","ping_status":"open","sticky":false,"template":"","format":"standard","meta":{"footnotes":""},"categories":[21],"tags":[],"class_list":{"0":"post-9291","1":"post","2":"type-post","3":"status-publish","4":"format-standard","6":"category-zrdab"},"yoast_head":"<!-- This site is optimized with the Yoast SEO plugin v27.0 - https:\/\/yoast.com\/product\/yoast-seo-wordpress\/ -->\n<title>Z\u0259rdabda prokurorluq \u0259m\u0259kda\u015flar\u0131 v\u0259t\u0259nda\u015flarla g\u00f6r\u00fc\u015f\u0259c\u0259kl\u0259r - Z\u0259rdab.com<\/title>\n<meta name=\"robots\" content=\"index, follow, max-snippet:-1, max-image-preview:large, max-video-preview:-1\" \/>\n<link rel=\"canonical\" href=\"https:\/\/www.zerdab.com\/?p=9291\" \/>\n<meta property=\"og:locale\" content=\"az_AZ\" \/>\n<meta property=\"og:type\" content=\"article\" \/>\n<meta property=\"og:title\" content=\"Z\u0259rdabda prokurorluq \u0259m\u0259kda\u015flar\u0131 v\u0259t\u0259nda\u015flarla g\u00f6r\u00fc\u015f\u0259c\u0259kl\u0259r - Z\u0259rdab.com\" \/>\n<meta property=\"og:description\" content=\"Z\u0259rdab rayon Prokurorlu\u011funun \u0259m\u0259kda\u015flar\u0131 v\u0259t\u0259nda\u015flar\u0131 ya\u015fay\u0131\u015f yerl\u0259ri \u00fczr\u0259 q\u0259bul ed\u0259c\u0259kl\u0259r. Bel\u0259 ki, may ay\u0131n\u0131n 22-d\u0259 Z\u0259rdab rayon prokurorunun k\u00f6m\u0259k\u00e7isi S. A\u011fayev Qarav\u0259lli k\u0259nd icra n\u00fcmay\u0259nd\u0259liyind\u0259 k\u0259nd sakinl\u0259ri il\u0259 g\u00f6r\u00fc\u015f\u00fcb onlar\u0131 narahat ed\u0259n m\u0259s\u0259l\u0259l\u0259rl\u0259 maraqlanacaq, onlar\u0131n m\u00fcxt\u0259lif istiqam\u0259tl\u0259r \u00fczr\u0259 m\u00fcraci\u0259tl\u0259rini ara\u015fd\u0131racaq. G\u00f6r\u00fc\u015f h\u0259min g\u00fcn saat 11:00-da ba\u015flanacaq. N\u00f6vb\u0259ti g\u00f6r\u00fc\u015f is\u0259 Otmanoba k\u0259nd icra n\u00fcmay\u0259nd\u0259liyind\u0259 olacaq. Bu [&hellip;]\" \/>\n<meta property=\"og:url\" content=\"https:\/\/www.zerdab.com\/?p=9291\" \/>\n<meta property=\"og:site_name\" content=\"Z\u0259rdab.com\" \/>\n<meta property=\"article:published_time\" content=\"2013-04-23T18:55:43+00:00\" \/>\n<meta property=\"article:modified_time\" content=\"2013-04-23T19:01:38+00:00\" \/>\n<meta property=\"og:image\" content=\"http:\/\/www.zerdab.com\/wp-content\/uploads\/2013\/04\/prokurorluq.jpg\" \/>\n<meta name=\"author\" content=\"admin\" \/>\n<meta name=\"twitter:card\" content=\"summary_large_image\" \/>\n<meta name=\"twitter:label1\" content=\"Written by\" \/>\n\t<meta name=\"twitter:data1\" content=\"admin\" \/>\n\t<meta name=\"twitter:label2\" content=\"Est. reading time\" \/>\n\t<meta name=\"twitter:data2\" content=\"1 minute\" \/>\n<script type=\"application\/ld+json\" class=\"yoast-schema-graph\">{\"@context\":\"https:\/\/schema.org\",\"@graph\":[{\"@type\":\"Article\",\"@id\":\"https:\/\/www.zerdab.com\/?p=9291#article\",\"isPartOf\":{\"@id\":\"https:\/\/www.zerdab.com\/?p=9291\"},\"author\":{\"name\":\"admin\",\"@id\":\"https:\/\/www.zerdab.com\/#\/schema\/person\/97079b7570c1e89ec0d9e138c3672136\"},\"headline\":\"Z\u0259rdabda prokurorluq \u0259m\u0259kda\u015flar\u0131 v\u0259t\u0259nda\u015flarla g\u00f6r\u00fc\u015f\u0259c\u0259kl\u0259r\",\"datePublished\":\"2013-04-23T18:55:43+00:00\",\"dateModified\":\"2013-04-23T19:01:38+00:00\",\"mainEntityOfPage\":{\"@id\":\"https:\/\/www.zerdab.com\/?p=9291\"},\"wordCount\":164,\"commentCount\":0,\"image\":{\"@id\":\"https:\/\/www.zerdab.com\/?p=9291#primaryimage\"},\"thumbnailUrl\":\"http:\/\/www.zerdab.com\/wp-content\/uploads\/2013\/04\/prokurorluq.jpg\",\"articleSection\":[\"C\u018fM\u0130YY\u018fT\"],\"inLanguage\":\"az\",\"potentialAction\":[{\"@type\":\"CommentAction\",\"name\":\"Comment\",\"target\":[\"https:\/\/www.zerdab.com\/?p=9291#respond\"]}]},{\"@type\":\"WebPage\",\"@id\":\"https:\/\/www.zerdab.com\/?p=9291\",\"url\":\"https:\/\/www.zerdab.com\/?p=9291\",\"name\":\"Z\u0259rdabda prokurorluq \u0259m\u0259kda\u015flar\u0131 v\u0259t\u0259nda\u015flarla g\u00f6r\u00fc\u015f\u0259c\u0259kl\u0259r - Z\u0259rdab.com\",\"isPartOf\":{\"@id\":\"https:\/\/www.zerdab.com\/#website\"},\"primaryImageOfPage\":{\"@id\":\"https:\/\/www.zerdab.com\/?p=9291#primaryimage\"},\"image\":{\"@id\":\"https:\/\/www.zerdab.com\/?p=9291#primaryimage\"},\"thumbnailUrl\":\"http:\/\/www.zerdab.com\/wp-content\/uploads\/2013\/04\/prokurorluq.jpg\",\"datePublished\":\"2013-04-23T18:55:43+00:00\",\"dateModified\":\"2013-04-23T19:01:38+00:00\",\"author\":{\"@id\":\"https:\/\/www.zerdab.com\/#\/schema\/person\/97079b7570c1e89ec0d9e138c3672136\"},\"breadcrumb\":{\"@id\":\"https:\/\/www.zerdab.com\/?p=9291#breadcrumb\"},\"inLanguage\":\"az\",\"potentialAction\":[{\"@type\":\"ReadAction\",\"target\":[\"https:\/\/www.zerdab.com\/?p=9291\"]}]},{\"@type\":\"ImageObject\",\"inLanguage\":\"az\",\"@id\":\"https:\/\/www.zerdab.com\/?p=9291#primaryimage\",\"url\":\"\",\"contentUrl\":\"\"},{\"@type\":\"BreadcrumbList\",\"@id\":\"https:\/\/www.zerdab.com\/?p=9291#breadcrumb\",\"itemListElement\":[{\"@type\":\"ListItem\",\"position\":1,\"name\":\"Home\",\"item\":\"https:\/\/www.zerdab.com\/\"},{\"@type\":\"ListItem\",\"position\":2,\"name\":\"Z\u0259rdabda prokurorluq \u0259m\u0259kda\u015flar\u0131 v\u0259t\u0259nda\u015flarla g\u00f6r\u00fc\u015f\u0259c\u0259kl\u0259r\"}]},{\"@type\":\"WebSite\",\"@id\":\"https:\/\/www.zerdab.com\/#website\",\"url\":\"https:\/\/www.zerdab.com\/\",\"name\":\"Z\u0259rdab.com\",\"description\":\"\",\"potentialAction\":[{\"@type\":\"SearchAction\",\"target\":{\"@type\":\"EntryPoint\",\"urlTemplate\":\"https:\/\/www.zerdab.com\/?s={search_term_string}\"},\"query-input\":{\"@type\":\"PropertyValueSpecification\",\"valueRequired\":true,\"valueName\":\"search_term_string\"}}],\"inLanguage\":\"az\"},{\"@type\":\"Person\",\"@id\":\"https:\/\/www.zerdab.com\/#\/schema\/person\/97079b7570c1e89ec0d9e138c3672136\",\"name\":\"admin\",\"image\":{\"@type\":\"ImageObject\",\"inLanguage\":\"az\",\"@id\":\"https:\/\/www.zerdab.com\/#\/schema\/person\/image\/\",\"url\":\"https:\/\/secure.gravatar.com\/avatar\/d9c52a9a27c32119cb6679a077fa3e2779e5f822c451cbf01098004361d466ec?s=96&d=mm&r=g\",\"contentUrl\":\"https:\/\/secure.gravatar.com\/avatar\/d9c52a9a27c32119cb6679a077fa3e2779e5f822c451cbf01098004361d466ec?s=96&d=mm&r=g\",\"caption\":\"admin\"},\"url\":\"https:\/\/www.zerdab.com\/?author=1\"}]}<\/script>\n<!-- \/ Yoast SEO plugin. -->","yoast_head_json":{"title":"Z\u0259rdabda prokurorluq \u0259m\u0259kda\u015flar\u0131 v\u0259t\u0259nda\u015flarla g\u00f6r\u00fc\u015f\u0259c\u0259kl\u0259r - Z\u0259rdab.com","robots":{"index":"index","follow":"follow","max-snippet":"max-snippet:-1","max-image-preview":"max-image-preview:large","max-video-preview":"max-video-preview:-1"},"canonical":"https:\/\/www.zerdab.com\/?p=9291","og_locale":"az_AZ","og_type":"article","og_title":"Z\u0259rdabda prokurorluq \u0259m\u0259kda\u015flar\u0131 v\u0259t\u0259nda\u015flarla g\u00f6r\u00fc\u015f\u0259c\u0259kl\u0259r - Z\u0259rdab.com","og_description":"Z\u0259rdab rayon Prokurorlu\u011funun \u0259m\u0259kda\u015flar\u0131 v\u0259t\u0259nda\u015flar\u0131 ya\u015fay\u0131\u015f yerl\u0259ri \u00fczr\u0259 q\u0259bul ed\u0259c\u0259kl\u0259r. Bel\u0259 ki, may ay\u0131n\u0131n 22-d\u0259 Z\u0259rdab rayon prokurorunun k\u00f6m\u0259k\u00e7isi S. A\u011fayev Qarav\u0259lli k\u0259nd icra n\u00fcmay\u0259nd\u0259liyind\u0259 k\u0259nd sakinl\u0259ri il\u0259 g\u00f6r\u00fc\u015f\u00fcb onlar\u0131 narahat ed\u0259n m\u0259s\u0259l\u0259l\u0259rl\u0259 maraqlanacaq, onlar\u0131n m\u00fcxt\u0259lif istiqam\u0259tl\u0259r \u00fczr\u0259 m\u00fcraci\u0259tl\u0259rini ara\u015fd\u0131racaq. G\u00f6r\u00fc\u015f h\u0259min g\u00fcn saat 11:00-da ba\u015flanacaq. N\u00f6vb\u0259ti g\u00f6r\u00fc\u015f is\u0259 Otmanoba k\u0259nd icra n\u00fcmay\u0259nd\u0259liyind\u0259 olacaq. Bu [&hellip;]","og_url":"https:\/\/www.zerdab.com\/?p=9291","og_site_name":"Z\u0259rdab.com","article_published_time":"2013-04-23T18:55:43+00:00","article_modified_time":"2013-04-23T19:01:38+00:00","og_image":[{"url":"http:\/\/www.zerdab.com\/wp-content\/uploads\/2013\/04\/prokurorluq.jpg","type":"","width":"","height":""}],"author":"admin","twitter_card":"summary_large_image","twitter_misc":{"Written by":"admin","Est. reading time":"1 minute"},"schema":{"@context":"https:\/\/schema.org","@graph":[{"@type":"Article","@id":"https:\/\/www.zerdab.com\/?p=9291#article","isPartOf":{"@id":"https:\/\/www.zerdab.com\/?p=9291"},"author":{"name":"admin","@id":"https:\/\/www.zerdab.com\/#\/schema\/person\/97079b7570c1e89ec0d9e138c3672136"},"headline":"Z\u0259rdabda prokurorluq \u0259m\u0259kda\u015flar\u0131 v\u0259t\u0259nda\u015flarla g\u00f6r\u00fc\u015f\u0259c\u0259kl\u0259r","datePublished":"2013-04-23T18:55:43+00:00","dateModified":"2013-04-23T19:01:38+00:00","mainEntityOfPage":{"@id":"https:\/\/www.zerdab.com\/?p=9291"},"wordCount":164,"commentCount":0,"image":{"@id":"https:\/\/www.zerdab.com\/?p=9291#primaryimage"},"thumbnailUrl":"http:\/\/www.zerdab.com\/wp-content\/uploads\/2013\/04\/prokurorluq.jpg","articleSection":["C\u018fM\u0130YY\u018fT"],"inLanguage":"az","potentialAction":[{"@type":"CommentAction","name":"Comment","target":["https:\/\/www.zerdab.com\/?p=9291#respond"]}]},{"@type":"WebPage","@id":"https:\/\/www.zerdab.com\/?p=9291","url":"https:\/\/www.zerdab.com\/?p=9291","name":"Z\u0259rdabda prokurorluq \u0259m\u0259kda\u015flar\u0131 v\u0259t\u0259nda\u015flarla g\u00f6r\u00fc\u015f\u0259c\u0259kl\u0259r - Z\u0259rdab.com","isPartOf":{"@id":"https:\/\/www.zerdab.com\/#website"},"primaryImageOfPage":{"@id":"https:\/\/www.zerdab.com\/?p=9291#primaryimage"},"image":{"@id":"https:\/\/www.zerdab.com\/?p=9291#primaryimage"},"thumbnailUrl":"http:\/\/www.zerdab.com\/wp-content\/uploads\/2013\/04\/prokurorluq.jpg","datePublished":"2013-04-23T18:55:43+00:00","dateModified":"2013-04-23T19:01:38+00:00","author":{"@id":"https:\/\/www.zerdab.com\/#\/schema\/person\/97079b7570c1e89ec0d9e138c3672136"},"breadcrumb":{"@id":"https:\/\/www.zerdab.com\/?p=9291#breadcrumb"},"inLanguage":"az","potentialAction":[{"@type":"ReadAction","target":["https:\/\/www.zerdab.com\/?p=9291"]}]},{"@type":"ImageObject","inLanguage":"az","@id":"https:\/\/www.zerdab.com\/?p=9291#primaryimage","url":"","contentUrl":""},{"@type":"BreadcrumbList","@id":"https:\/\/www.zerdab.com\/?p=9291#breadcrumb","itemListElement":[{"@type":"ListItem","position":1,"name":"Home","item":"https:\/\/www.zerdab.com\/"},{"@type":"ListItem","position":2,"name":"Z\u0259rdabda prokurorluq \u0259m\u0259kda\u015flar\u0131 v\u0259t\u0259nda\u015flarla g\u00f6r\u00fc\u015f\u0259c\u0259kl\u0259r"}]},{"@type":"WebSite","@id":"https:\/\/www.zerdab.com\/#website","url":"https:\/\/www.zerdab.com\/","name":"Z\u0259rdab.com","description":"","potentialAction":[{"@type":"SearchAction","target":{"@type":"EntryPoint","urlTemplate":"https:\/\/www.zerdab.com\/?s={search_term_string}"},"query-input":{"@type":"PropertyValueSpecification","valueRequired":true,"valueName":"search_term_string"}}],"inLanguage":"az"},{"@type":"Person","@id":"https:\/\/www.zerdab.com\/#\/schema\/person\/97079b7570c1e89ec0d9e138c3672136","name":"admin","image":{"@type":"ImageObject","inLanguage":"az","@id":"https:\/\/www.zerdab.com\/#\/schema\/person\/image\/","url":"https:\/\/secure.gravatar.com\/avatar\/d9c52a9a27c32119cb6679a077fa3e2779e5f822c451cbf01098004361d466ec?s=96&d=mm&r=g","contentUrl":"https:\/\/secure.gravatar.com\/avatar\/d9c52a9a27c32119cb6679a077fa3e2779e5f822c451cbf01098004361d466ec?s=96&d=mm&r=g","caption":"admin"},"url":"https:\/\/www.zerdab.com\/?author=1"}]}},"_links":{"self":[{"href":"https:\/\/www.zerdab.com\/index.php?rest_route=\/wp\/v2\/posts\/9291","targetHints":{"allow":["GET"]}}],"collection":[{"href":"https:\/\/www.zerdab.com\/index.php?rest_route=\/wp\/v2\/posts"}],"about":[{"href":"https:\/\/www.zerdab.com\/index.php?rest_route=\/wp\/v2\/types\/post"}],"author":[{"embeddable":true,"href":"https:\/\/www.zerdab.com\/index.php?rest_route=\/wp\/v2\/users\/1"}],"replies":[{"embeddable":true,"href":"https:\/\/www.zerdab.com\/index.php?rest_route=%2Fwp%2Fv2%2Fcomments&post=9291"}],"version-history":[{"count":3,"href":"https:\/\/www.zerdab.com\/index.php?rest_route=\/wp\/v2\/posts\/9291\/revisions"}],"predecessor-version":[{"id":9294,"href":"https:\/\/www.zerdab.com\/index.php?rest_route=\/wp\/v2\/posts\/9291\/revisions\/9294"}],"wp:attachment":[{"href":"https:\/\/www.zerdab.com\/index.php?rest_route=%2Fwp%2Fv2%2Fmedia&parent=9291"}],"wp:term":[{"taxonomy":"category","embeddable":true,"href":"https:\/\/www.zerdab.com\/index.php?rest_route=%2Fwp%2Fv2%2Fcategories&post=9291"},{"taxonomy":"post_tag","embeddable":true,"href":"https:\/\/www.zerdab.com\/index.php?rest_route=%2Fwp%2Fv2%2Ftags&post=9291"}],"curies":[{"name":"wp","href":"https:\/\/api.w.org\/{rel}","templated":true}]}}