{"id":9341,"date":"2013-04-24T23:00:25","date_gmt":"2013-04-24T18:00:25","guid":{"rendered":"http:\/\/www.zerdab.com\/?p=9341"},"modified":"2013-04-24T21:53:00","modified_gmt":"2013-04-24T16:53:00","slug":"s%c9%99m%c9%99d-safdil-el%c9%99-bil-ilk-d%c9%99f%c9%99-gorur%c9%99m-bu-gun","status":"publish","type":"post","link":"https:\/\/www.zerdab.com\/?p=9341","title":{"rendered":"S\u0259m\u0259d Safdil: &#8220;El\u0259 bil ilk d\u0259f\u0259 g\u00f6r\u00fcr\u0259m bu g\u00fcn&#8221;"},"content":{"rendered":"<p><b><i><img loading=\"lazy\" decoding=\"async\" class=\"aligncenter size-full wp-image-9344\" alt=\"yazar\" src=\"http:\/\/www.zerdab.com\/wp-content\/uploads\/2013\/04\/yazar.jpg\" width=\"300\" height=\"200\" \/>S\u0259m\u0259d Safdil 1926-c\u0131 ild\u0259 Z\u0259rdab rayonunun B\u0131\u00e7aq\u00e7\u0131 k\u0259ndind\u0259 do\u011fulub. Bak\u0131 D\u00f6vl\u0259t Universitetinin filologiya fak\u00fclt\u0259sini bitirib, do\u011fma B\u0131\u00e7aq\u00e7\u0131da m\u00fc\u0259llim i\u015fl\u0259yib. 4 il \u0259vv\u0259l v\u0259fat edib. <\/i><\/b><\/p>\n<p><b><i>S\u0259m\u0259d m\u00fc\u0259llim g\u00f6z\u0259l \u015fair v\u0259 t\u0259dqiqat\u00e7\u0131 idi. O indi siz\u0259 t\u0259qdim olunan \u201cCeyran\u201d \u015feirini S\u0259m\u0259d Vur\u011funa oxuyub v\u0259 dahi \u015fairimiz deyib ki, ay S\u0259m\u0259d, ay ada\u015f, s\u0259nin n\u0259zir\u0259n m\u0259nim \u015feirimd\u0259n t\u0259sirlidir&#8230;<\/i><\/b><\/p>\n<p><span style=\"color: #000080;\"><strong>Haz\u0131rlad\u0131: \u0130sam\u0259ddin \u018fhm\u0259dov.<\/strong><\/span><\/p>\n<p>&nbsp;<\/p>\n<p align=\"center\"><span style=\"color: #000080;\"><strong><i>S\u018fM\u018fD SAFD\u0130L<\/i><\/strong><\/span><\/p>\n<p align=\"center\"><span style=\"color: #ff0000;\"><b>CEYRAN<\/b><\/span><\/p>\n<p><b>El\u0259 bil ilk d\u0259f\u0259 g\u00f6r\u00fcr\u0259m bu g\u00fcn<\/b><\/p>\n<p><b>G\u00f6zl\u0259ri s\u00fcrm\u0259d\u0259n qara ceyran\u0131,<\/b><\/p>\n<p><b>Y\u0131x\u0131l\u0131b talada, \u00f6zund\u0259 deyil,<\/b><\/p>\n<p><b>Yaman haldan sal\u0131b yara ceyran\u0131.<\/b><\/p>\n<p><b>\u00a0***<\/b><\/p>\n<p><b>Q\u0259mli g\u00f6rk\u0259mind\u0259n a\u011fr\u0131d\u0131 \u00fcr\u0259k,<\/b><\/p>\n<p><b>T\u00f6kd\u00fc yarpa\u011f\u0131n\u0131 h\u0259r g\u00fcl, h\u0259r \u00e7i\u00e7\u0259k,<\/b><\/p>\n<p><b>H\u0259l\u0259 \u00f6mr\u00fcm boyu m\u0259n bug\u00fcnk\u00fct\u0259k<\/b><\/p>\n<p><b>Qovub salmam\u0131\u015fd\u0131m dara ceyran\u0131.<\/b><\/p>\n<p><b>\u00a0***<\/b><\/p>\n<p><b>Dedim, yax\u0131na g\u0259l, ay ov\u00e7u qarda\u015f,<\/b><\/p>\n<p><b>S\u0259n qovdun, m\u0259n atd\u0131m, d\u0259ym\u0259y\u0259ydi ka\u015f,<\/b><\/p>\n<p><b>\u018flimizd\u0259 t\u00fcf\u0259ng, g\u00f6z\u00fcm\u00fczd\u0259 ya\u015f,<\/b><\/p>\n<p><b>B\u0259s indi aparaq hara ceyran\u0131?<\/b><\/p>\n<p><b>\u00a0***<\/b><\/p>\n<p><b>K\u0259narda dayan\u0131b balas\u0131 bax\u0131r,<\/b><\/p>\n<p><b>G\u00f6z\u00fcnd\u0259n selabt\u0259k qanl\u0131 ya\u015f ax\u0131r,<\/b><\/p>\n<p><b>Safdil\u0259m, ba\u015f\u0131mdan dumanlar qalx\u0131r,<\/b><\/p>\n<p><b>He\u00e7 vaxt rast g\u0259lm\u0259sin sara ceyran\u0131&#8230;<\/b><\/p>\n<p><img loading=\"lazy\" decoding=\"async\" class=\"aligncenter size-medium wp-image-9342\" alt=\"ceyran\" src=\"http:\/\/www.zerdab.com\/wp-content\/uploads\/2013\/04\/ceyran-400x266.jpg\" width=\"400\" height=\"266\" \/><\/p>\n","protected":false},"excerpt":{"rendered":"<p>S\u0259m\u0259d Safdil 1926-c\u0131 ild\u0259 Z\u0259rdab rayonunun B\u0131\u00e7aq\u00e7\u0131 k\u0259ndind\u0259 do\u011fulub. Bak\u0131 D\u00f6vl\u0259t Universitetinin filologiya fak\u00fclt\u0259sini bitirib, do\u011fma B\u0131\u00e7aq\u00e7\u0131da m\u00fc\u0259llim i\u015fl\u0259yib. 4 il \u0259vv\u0259l v\u0259fat edib. S\u0259m\u0259d m\u00fc\u0259llim g\u00f6z\u0259l \u015fair v\u0259 t\u0259dqiqat\u00e7\u0131 idi. O indi siz\u0259 t\u0259qdim olunan \u201cCeyran\u201d \u015feirini S\u0259m\u0259d Vur\u011funa oxuyub v\u0259 dahi \u015fairimiz deyib ki, ay S\u0259m\u0259d, ay ada\u015f, s\u0259nin n\u0259zir\u0259n m\u0259nim \u015feirimd\u0259n t\u0259sirlidir&#8230; [&hellip;]<\/p>\n","protected":false},"author":1,"featured_media":0,"comment_status":"open","ping_status":"open","sticky":false,"template":"","format":"standard","meta":{"footnotes":""},"categories":[23,7],"tags":[],"class_list":{"0":"post-9341","1":"post","2":"type-post","3":"status-publish","4":"format-standard","6":"category-dbiyyat","7":"category-ziyalilar"},"yoast_head":"<!-- This site is optimized with the Yoast SEO plugin v27.0 - https:\/\/yoast.com\/product\/yoast-seo-wordpress\/ -->\n<title>S\u0259m\u0259d Safdil: &quot;El\u0259 bil ilk d\u0259f\u0259 g\u00f6r\u00fcr\u0259m bu g\u00fcn&quot; - Z\u0259rdab.com<\/title>\n<meta name=\"robots\" content=\"index, follow, max-snippet:-1, max-image-preview:large, max-video-preview:-1\" \/>\n<link rel=\"canonical\" href=\"https:\/\/www.zerdab.com\/?p=9341\" \/>\n<meta property=\"og:locale\" content=\"az_AZ\" \/>\n<meta property=\"og:type\" content=\"article\" \/>\n<meta property=\"og:title\" content=\"S\u0259m\u0259d Safdil: &quot;El\u0259 bil ilk d\u0259f\u0259 g\u00f6r\u00fcr\u0259m bu g\u00fcn&quot; - Z\u0259rdab.com\" \/>\n<meta property=\"og:description\" content=\"S\u0259m\u0259d Safdil 1926-c\u0131 ild\u0259 Z\u0259rdab rayonunun B\u0131\u00e7aq\u00e7\u0131 k\u0259ndind\u0259 do\u011fulub. Bak\u0131 D\u00f6vl\u0259t Universitetinin filologiya fak\u00fclt\u0259sini bitirib, do\u011fma B\u0131\u00e7aq\u00e7\u0131da m\u00fc\u0259llim i\u015fl\u0259yib. 4 il \u0259vv\u0259l v\u0259fat edib. S\u0259m\u0259d m\u00fc\u0259llim g\u00f6z\u0259l \u015fair v\u0259 t\u0259dqiqat\u00e7\u0131 idi. O indi siz\u0259 t\u0259qdim olunan \u201cCeyran\u201d \u015feirini S\u0259m\u0259d Vur\u011funa oxuyub v\u0259 dahi \u015fairimiz deyib ki, ay S\u0259m\u0259d, ay ada\u015f, s\u0259nin n\u0259zir\u0259n m\u0259nim \u015feirimd\u0259n t\u0259sirlidir&#8230; [&hellip;]\" \/>\n<meta property=\"og:url\" content=\"https:\/\/www.zerdab.com\/?p=9341\" \/>\n<meta property=\"og:site_name\" content=\"Z\u0259rdab.com\" \/>\n<meta property=\"article:published_time\" content=\"2013-04-24T18:00:25+00:00\" \/>\n<meta property=\"og:image\" content=\"http:\/\/www.zerdab.com\/wp-content\/uploads\/2013\/04\/yazar.jpg\" \/>\n<meta name=\"author\" content=\"admin\" \/>\n<meta name=\"twitter:card\" content=\"summary_large_image\" \/>\n<meta name=\"twitter:label1\" content=\"Written by\" \/>\n\t<meta name=\"twitter:data1\" content=\"admin\" \/>\n\t<meta name=\"twitter:label2\" content=\"Est. reading time\" \/>\n\t<meta name=\"twitter:data2\" content=\"1 minute\" \/>\n<script type=\"application\/ld+json\" class=\"yoast-schema-graph\">{\"@context\":\"https:\/\/schema.org\",\"@graph\":[{\"@type\":\"Article\",\"@id\":\"https:\/\/www.zerdab.com\/?p=9341#article\",\"isPartOf\":{\"@id\":\"https:\/\/www.zerdab.com\/?p=9341\"},\"author\":{\"name\":\"admin\",\"@id\":\"https:\/\/www.zerdab.com\/#\/schema\/person\/97079b7570c1e89ec0d9e138c3672136\"},\"headline\":\"S\u0259m\u0259d Safdil: &#8220;El\u0259 bil ilk d\u0259f\u0259 g\u00f6r\u00fcr\u0259m bu g\u00fcn&#8221;\",\"datePublished\":\"2013-04-24T18:00:25+00:00\",\"mainEntityOfPage\":{\"@id\":\"https:\/\/www.zerdab.com\/?p=9341\"},\"wordCount\":261,\"commentCount\":3,\"image\":{\"@id\":\"https:\/\/www.zerdab.com\/?p=9341#primaryimage\"},\"thumbnailUrl\":\"http:\/\/www.zerdab.com\/wp-content\/uploads\/2013\/04\/yazar.jpg\",\"articleSection\":[\"\u018fD\u018fB\u0130YYAT\",\"F\u018fXRL\u018fR\u0130M\u0130Z\"],\"inLanguage\":\"az\",\"potentialAction\":[{\"@type\":\"CommentAction\",\"name\":\"Comment\",\"target\":[\"https:\/\/www.zerdab.com\/?p=9341#respond\"]}]},{\"@type\":\"WebPage\",\"@id\":\"https:\/\/www.zerdab.com\/?p=9341\",\"url\":\"https:\/\/www.zerdab.com\/?p=9341\",\"name\":\"S\u0259m\u0259d Safdil: \\\"El\u0259 bil ilk d\u0259f\u0259 g\u00f6r\u00fcr\u0259m bu g\u00fcn\\\" - Z\u0259rdab.com\",\"isPartOf\":{\"@id\":\"https:\/\/www.zerdab.com\/#website\"},\"primaryImageOfPage\":{\"@id\":\"https:\/\/www.zerdab.com\/?p=9341#primaryimage\"},\"image\":{\"@id\":\"https:\/\/www.zerdab.com\/?p=9341#primaryimage\"},\"thumbnailUrl\":\"http:\/\/www.zerdab.com\/wp-content\/uploads\/2013\/04\/yazar.jpg\",\"datePublished\":\"2013-04-24T18:00:25+00:00\",\"author\":{\"@id\":\"https:\/\/www.zerdab.com\/#\/schema\/person\/97079b7570c1e89ec0d9e138c3672136\"},\"breadcrumb\":{\"@id\":\"https:\/\/www.zerdab.com\/?p=9341#breadcrumb\"},\"inLanguage\":\"az\",\"potentialAction\":[{\"@type\":\"ReadAction\",\"target\":[\"https:\/\/www.zerdab.com\/?p=9341\"]}]},{\"@type\":\"ImageObject\",\"inLanguage\":\"az\",\"@id\":\"https:\/\/www.zerdab.com\/?p=9341#primaryimage\",\"url\":\"\",\"contentUrl\":\"\"},{\"@type\":\"BreadcrumbList\",\"@id\":\"https:\/\/www.zerdab.com\/?p=9341#breadcrumb\",\"itemListElement\":[{\"@type\":\"ListItem\",\"position\":1,\"name\":\"Home\",\"item\":\"https:\/\/www.zerdab.com\/\"},{\"@type\":\"ListItem\",\"position\":2,\"name\":\"S\u0259m\u0259d Safdil: &#8220;El\u0259 bil ilk d\u0259f\u0259 g\u00f6r\u00fcr\u0259m bu g\u00fcn&#8221;\"}]},{\"@type\":\"WebSite\",\"@id\":\"https:\/\/www.zerdab.com\/#website\",\"url\":\"https:\/\/www.zerdab.com\/\",\"name\":\"Z\u0259rdab.com\",\"description\":\"\",\"potentialAction\":[{\"@type\":\"SearchAction\",\"target\":{\"@type\":\"EntryPoint\",\"urlTemplate\":\"https:\/\/www.zerdab.com\/?s={search_term_string}\"},\"query-input\":{\"@type\":\"PropertyValueSpecification\",\"valueRequired\":true,\"valueName\":\"search_term_string\"}}],\"inLanguage\":\"az\"},{\"@type\":\"Person\",\"@id\":\"https:\/\/www.zerdab.com\/#\/schema\/person\/97079b7570c1e89ec0d9e138c3672136\",\"name\":\"admin\",\"image\":{\"@type\":\"ImageObject\",\"inLanguage\":\"az\",\"@id\":\"https:\/\/www.zerdab.com\/#\/schema\/person\/image\/\",\"url\":\"https:\/\/secure.gravatar.com\/avatar\/d9c52a9a27c32119cb6679a077fa3e2779e5f822c451cbf01098004361d466ec?s=96&d=mm&r=g\",\"contentUrl\":\"https:\/\/secure.gravatar.com\/avatar\/d9c52a9a27c32119cb6679a077fa3e2779e5f822c451cbf01098004361d466ec?s=96&d=mm&r=g\",\"caption\":\"admin\"},\"url\":\"https:\/\/www.zerdab.com\/?author=1\"}]}<\/script>\n<!-- \/ Yoast SEO plugin. -->","yoast_head_json":{"title":"S\u0259m\u0259d Safdil: \"El\u0259 bil ilk d\u0259f\u0259 g\u00f6r\u00fcr\u0259m bu g\u00fcn\" - Z\u0259rdab.com","robots":{"index":"index","follow":"follow","max-snippet":"max-snippet:-1","max-image-preview":"max-image-preview:large","max-video-preview":"max-video-preview:-1"},"canonical":"https:\/\/www.zerdab.com\/?p=9341","og_locale":"az_AZ","og_type":"article","og_title":"S\u0259m\u0259d Safdil: \"El\u0259 bil ilk d\u0259f\u0259 g\u00f6r\u00fcr\u0259m bu g\u00fcn\" - Z\u0259rdab.com","og_description":"S\u0259m\u0259d Safdil 1926-c\u0131 ild\u0259 Z\u0259rdab rayonunun B\u0131\u00e7aq\u00e7\u0131 k\u0259ndind\u0259 do\u011fulub. Bak\u0131 D\u00f6vl\u0259t Universitetinin filologiya fak\u00fclt\u0259sini bitirib, do\u011fma B\u0131\u00e7aq\u00e7\u0131da m\u00fc\u0259llim i\u015fl\u0259yib. 4 il \u0259vv\u0259l v\u0259fat edib. S\u0259m\u0259d m\u00fc\u0259llim g\u00f6z\u0259l \u015fair v\u0259 t\u0259dqiqat\u00e7\u0131 idi. O indi siz\u0259 t\u0259qdim olunan \u201cCeyran\u201d \u015feirini S\u0259m\u0259d Vur\u011funa oxuyub v\u0259 dahi \u015fairimiz deyib ki, ay S\u0259m\u0259d, ay ada\u015f, s\u0259nin n\u0259zir\u0259n m\u0259nim \u015feirimd\u0259n t\u0259sirlidir&#8230; [&hellip;]","og_url":"https:\/\/www.zerdab.com\/?p=9341","og_site_name":"Z\u0259rdab.com","article_published_time":"2013-04-24T18:00:25+00:00","og_image":[{"url":"http:\/\/www.zerdab.com\/wp-content\/uploads\/2013\/04\/yazar.jpg","type":"","width":"","height":""}],"author":"admin","twitter_card":"summary_large_image","twitter_misc":{"Written by":"admin","Est. reading time":"1 minute"},"schema":{"@context":"https:\/\/schema.org","@graph":[{"@type":"Article","@id":"https:\/\/www.zerdab.com\/?p=9341#article","isPartOf":{"@id":"https:\/\/www.zerdab.com\/?p=9341"},"author":{"name":"admin","@id":"https:\/\/www.zerdab.com\/#\/schema\/person\/97079b7570c1e89ec0d9e138c3672136"},"headline":"S\u0259m\u0259d Safdil: &#8220;El\u0259 bil ilk d\u0259f\u0259 g\u00f6r\u00fcr\u0259m bu g\u00fcn&#8221;","datePublished":"2013-04-24T18:00:25+00:00","mainEntityOfPage":{"@id":"https:\/\/www.zerdab.com\/?p=9341"},"wordCount":261,"commentCount":3,"image":{"@id":"https:\/\/www.zerdab.com\/?p=9341#primaryimage"},"thumbnailUrl":"http:\/\/www.zerdab.com\/wp-content\/uploads\/2013\/04\/yazar.jpg","articleSection":["\u018fD\u018fB\u0130YYAT","F\u018fXRL\u018fR\u0130M\u0130Z"],"inLanguage":"az","potentialAction":[{"@type":"CommentAction","name":"Comment","target":["https:\/\/www.zerdab.com\/?p=9341#respond"]}]},{"@type":"WebPage","@id":"https:\/\/www.zerdab.com\/?p=9341","url":"https:\/\/www.zerdab.com\/?p=9341","name":"S\u0259m\u0259d Safdil: \"El\u0259 bil ilk d\u0259f\u0259 g\u00f6r\u00fcr\u0259m bu g\u00fcn\" - Z\u0259rdab.com","isPartOf":{"@id":"https:\/\/www.zerdab.com\/#website"},"primaryImageOfPage":{"@id":"https:\/\/www.zerdab.com\/?p=9341#primaryimage"},"image":{"@id":"https:\/\/www.zerdab.com\/?p=9341#primaryimage"},"thumbnailUrl":"http:\/\/www.zerdab.com\/wp-content\/uploads\/2013\/04\/yazar.jpg","datePublished":"2013-04-24T18:00:25+00:00","author":{"@id":"https:\/\/www.zerdab.com\/#\/schema\/person\/97079b7570c1e89ec0d9e138c3672136"},"breadcrumb":{"@id":"https:\/\/www.zerdab.com\/?p=9341#breadcrumb"},"inLanguage":"az","potentialAction":[{"@type":"ReadAction","target":["https:\/\/www.zerdab.com\/?p=9341"]}]},{"@type":"ImageObject","inLanguage":"az","@id":"https:\/\/www.zerdab.com\/?p=9341#primaryimage","url":"","contentUrl":""},{"@type":"BreadcrumbList","@id":"https:\/\/www.zerdab.com\/?p=9341#breadcrumb","itemListElement":[{"@type":"ListItem","position":1,"name":"Home","item":"https:\/\/www.zerdab.com\/"},{"@type":"ListItem","position":2,"name":"S\u0259m\u0259d Safdil: &#8220;El\u0259 bil ilk d\u0259f\u0259 g\u00f6r\u00fcr\u0259m bu g\u00fcn&#8221;"}]},{"@type":"WebSite","@id":"https:\/\/www.zerdab.com\/#website","url":"https:\/\/www.zerdab.com\/","name":"Z\u0259rdab.com","description":"","potentialAction":[{"@type":"SearchAction","target":{"@type":"EntryPoint","urlTemplate":"https:\/\/www.zerdab.com\/?s={search_term_string}"},"query-input":{"@type":"PropertyValueSpecification","valueRequired":true,"valueName":"search_term_string"}}],"inLanguage":"az"},{"@type":"Person","@id":"https:\/\/www.zerdab.com\/#\/schema\/person\/97079b7570c1e89ec0d9e138c3672136","name":"admin","image":{"@type":"ImageObject","inLanguage":"az","@id":"https:\/\/www.zerdab.com\/#\/schema\/person\/image\/","url":"https:\/\/secure.gravatar.com\/avatar\/d9c52a9a27c32119cb6679a077fa3e2779e5f822c451cbf01098004361d466ec?s=96&d=mm&r=g","contentUrl":"https:\/\/secure.gravatar.com\/avatar\/d9c52a9a27c32119cb6679a077fa3e2779e5f822c451cbf01098004361d466ec?s=96&d=mm&r=g","caption":"admin"},"url":"https:\/\/www.zerdab.com\/?author=1"}]}},"_links":{"self":[{"href":"https:\/\/www.zerdab.com\/index.php?rest_route=\/wp\/v2\/posts\/9341","targetHints":{"allow":["GET"]}}],"collection":[{"href":"https:\/\/www.zerdab.com\/index.php?rest_route=\/wp\/v2\/posts"}],"about":[{"href":"https:\/\/www.zerdab.com\/index.php?rest_route=\/wp\/v2\/types\/post"}],"author":[{"embeddable":true,"href":"https:\/\/www.zerdab.com\/index.php?rest_route=\/wp\/v2\/users\/1"}],"replies":[{"embeddable":true,"href":"https:\/\/www.zerdab.com\/index.php?rest_route=%2Fwp%2Fv2%2Fcomments&post=9341"}],"version-history":[{"count":2,"href":"https:\/\/www.zerdab.com\/index.php?rest_route=\/wp\/v2\/posts\/9341\/revisions"}],"predecessor-version":[{"id":9345,"href":"https:\/\/www.zerdab.com\/index.php?rest_route=\/wp\/v2\/posts\/9341\/revisions\/9345"}],"wp:attachment":[{"href":"https:\/\/www.zerdab.com\/index.php?rest_route=%2Fwp%2Fv2%2Fmedia&parent=9341"}],"wp:term":[{"taxonomy":"category","embeddable":true,"href":"https:\/\/www.zerdab.com\/index.php?rest_route=%2Fwp%2Fv2%2Fcategories&post=9341"},{"taxonomy":"post_tag","embeddable":true,"href":"https:\/\/www.zerdab.com\/index.php?rest_route=%2Fwp%2Fv2%2Ftags&post=9341"}],"curies":[{"name":"wp","href":"https:\/\/api.w.org\/{rel}","templated":true}]}}