{"id":9350,"date":"2013-04-25T13:36:00","date_gmt":"2013-04-25T08:36:00","guid":{"rendered":"http:\/\/www.zerdab.com\/?p=9350"},"modified":"2013-04-25T13:36:00","modified_gmt":"2013-04-25T08:36:00","slug":"ombudsman-z%c9%99rdaba-g%c9%99ldi-ictimai-dinl%c9%99m%c9%99-kecirildi-fotolar","status":"publish","type":"post","link":"https:\/\/www.zerdab.com\/?p=9350","title":{"rendered":"Ombudsman Z\u0259rdaba g\u0259ldi, ictimai dinl\u0259m\u0259 ke\u00e7irildi &#8211; fotolar"},"content":{"rendered":"<p><img loading=\"lazy\" decoding=\"async\" class=\"aligncenter size-medium wp-image-9351\" alt=\"\u0130nsan H\u00fcquqlar\u0131 \u00fczr\u0259 M\u00fcv\u0259kkili (Ombudsman) Elmira S\u00fcleymanova\" src=\"http:\/\/www.zerdab.com\/wp-content\/uploads\/2013\/04\/\u0130nsan-H\u00fcquqlar\u0131-\u00fczr\u0259-M\u00fcv\u0259kkili-Ombudsman-Elmira-S\u00fcleymanova-400x300.jpg\" width=\"400\" height=\"300\" \/><strong><span style=\"color: #000000;\">Az\u0259rbaycan Respublikas\u0131n\u0131n \u0130nsan H\u00fcquqlar\u0131 \u00fczr\u0259 M\u00fcv\u0259kkili (Ombudsman) Elmira S\u00fcleymanova \u00f6lk\u0259 Prezidentinin 27 dekabr 2011-ci il tarixli s\u0259r\u0259ncam\u0131 il\u0259 t\u0259sdiq edilmi\u015f \u201cAz\u0259rbaycan Respublikas\u0131nda insan h\u00fcquq v\u0259 azadl\u0131qlar\u0131n\u0131n m\u00fcdafi\u0259sinin s\u0259m\u0259r\u0259liliyini art\u0131rmaq sah\u0259sind\u0259 Milli F\u0259aliyy\u0259t Proqram\u0131\u201dn\u0131n icras\u0131, t\u0259bli\u011fi v\u0259 t\u0259tbiqi v\u0259ziyy\u0259tinin \u00f6yr\u0259nilm\u0259si, h\u0259m\u00e7inin se\u00e7ki h\u00fcququ il\u0259 ba\u011fl\u0131 \u0259halinin maarifl\u0259ndirilm\u0259si m\u0259qs\u0259dil\u0259 Z\u0259rdab rayonunda ictimai dinl\u0259m\u0259 ke\u00e7irib. Bu bar\u0259d\u0259 Zerdab.com sayt\u0131na Z\u0259rdab R\u0130HB aparat\u0131n\u0131n informasiya t\u0259minat\u0131 v\u0259 t\u0259hlil sektorundan m\u0259lumat verilib.\u00a0<\/span><\/strong><strong>\u0130<span style=\"color: #000000;\">ctimai dinl\u0259m\u0259d\u0259 rayon icra hakimiyy\u0259ti, yerli icra v\u0259 b\u0259l\u0259diyy\u0259l\u0259rin, m\u0259hk\u0259m\u0259nin, prokurorluq v\u0259 daxili i\u015fl\u0259r orqanlar\u0131n\u0131n, se\u00e7ki komissiyalar\u0131n\u0131n, qeyri-h\u00f6kum\u0259t t\u0259\u015fkilatlar\u0131, k\u00fctl\u0259vi informasiya vasit\u0259l\u0259rinin n\u00fcmay\u0259nd\u0259l\u0259ri i\u015ftirak edibl\u0259r.<\/span><\/strong><\/p>\n<p>&nbsp;<\/p>\n<p>Z\u0259rdab Rayon \u0130cra Hakimiyy\u0259tinin ba\u015f\u00e7\u0131s\u0131 L\u00fctv\u0259li Babayev t\u0259dbiri a\u00e7araq, Ombudsman\u0131 v\u0259 dig\u0259r qonaqlar\u0131 salamlam\u0131\u015f v\u0259 bu ictimai dinl\u0259m\u0259nin \u0259h\u0259miyy\u0259tini qeyd edib. O, d\u00f6vl\u0259timizin ba\u015f\u00e7\u0131s\u0131 c\u0259nab \u0130lham \u018fliyevin d\u0259st\u0259k v\u0259 qay\u011f\u0131s\u0131 n\u0259tic\u0259sind\u0259, Regionlar\u0131n sosial-iqtisadi inki\u015faf\u0131 Proqram\u0131na m\u00fcvafiq olaraq, respublikam\u0131zda, o c\u00fcml\u0259d\u0259n Z\u0259rdabda sosial-iqtisadi inki\u015faf siyas\u0259tinin u\u011furla h\u0259yata ke\u00e7irildiyini, \u0259halinin rifah hal\u0131n\u0131n yax\u015f\u0131la\u015fd\u0131\u011f\u0131n\u0131 v\u0259 bu sah\u0259d\u0259 i\u015fl\u0259rin davam etdirildiyini bildirib.<\/p>\n<p>Qeyd olunub ki, rayonda son ill\u0259r bir s\u0131ra t\u0259dbirl\u0259r h\u0259yata ke\u00e7irilib, tikinti v\u0259 abadl\u0131q i\u015fl\u0259ri yerin\u0259 yetirilib. Bel\u0259 ki, D\u00f6vl\u0259t Proqramlar\u0131, daxili imkanlar v\u0259 dig\u0259r m\u0259nb\u0259l\u0259r hesab\u0131na son 5 ild\u0259 rayonda geni\u015fmiqyasl\u0131 tikinti-quruculuq i\u015fl\u0259ri apar\u0131l\u0131b, insanlar\u0131 narahat ed\u0259n sosial probleml\u0259rin h\u0259lli istiqam\u0259tind\u0259 q\u0259tiyy\u0259tli add\u0131mlar at\u0131l\u0131b. \u0130nsanlar\u0131n onillikl\u0259r boyunca arzusunda oldu\u011fu Z\u0259rdab-Mollak\u0259nd yoluna yeni asfalt \u00f6rt\u00fck vurulub. 10 min n\u0259f\u0259r \u0259halini birl\u0259\u015fdir\u0259n Z\u0259rdab-Yuxar\u0131 Seyidl\u0259r-Sil\u0259yli avtomobil yolunun 11 kilometr\u0259 q\u0259d\u0259ri \u00f6lk\u0259 Prezidentinin m\u00fcvafiq s\u0259r\u0259ncam\u0131 il\u0259 ayr\u0131lm\u0131\u015f 5,4 milyon manat hesab\u0131na ke\u00e7\u0259n il asfaltla\u015fd\u0131r\u0131l\u0131b. Haz\u0131rda yolun qalan hiss\u0259sinin asfaltla\u015fd\u0131r\u0131lmas\u0131 istiqam\u0259tind\u0259 i\u015fl\u0259r s\u00fcr\u0259tl\u0259 davam etdirilir.<\/p>\n<p><img loading=\"lazy\" decoding=\"async\" class=\"aligncenter size-medium wp-image-9352\" alt=\"\u0130nsan H\u00fcquqlar\u0131 \u00fczr\u0259 M\u00fcv\u0259kkili (Ombudsman) Elmira S\u00fcleymanova\" src=\"http:\/\/www.zerdab.com\/wp-content\/uploads\/2013\/04\/\u0130nsan-H\u00fcquqlar\u0131-\u00fczr\u0259-M\u00fcv\u0259kkili-Ombudsman-Elmira-S\u00fcleymanova-3-400x300.jpg\" width=\"400\" height=\"300\" \/>\u015e\u0259h\u0259r m\u0259rk\u0259zind\u0259 in\u015fa olunan Heyd\u0259r \u018fliyev M\u0259rk\u0259zi, YAP rayon t\u0259\u015fkilat\u0131n\u0131n binas\u0131, G\u0259ncl\u0259r M\u0259rk\u0259zi, Veteranlar evi, Yarad\u0131c\u0131l\u0131q evi, U\u015faq v\u0259 Ail\u0259l\u0259r\u0259 D\u0259st\u0259k M\u0259rk\u0259zinin binalar\u0131 Ulu \u00d6nd\u0259rin ad\u0131n\u0131 da\u015f\u0131yan 4,5 hektarl\u0131q \u0259razisi olan parka x\u00fcsusi g\u00f6z\u0259llik g\u0259tirir. \u018fhalinin Sosial M\u00fcdafi\u0259si M\u0259rk\u0259zinin binas\u0131, Prokurorlu\u011fun binas\u0131, Bayraq meydan\u0131, T\u00fcrkiy\u0259 Respublikas\u0131nda istehsal olunmu\u015f m\u00f6ht\u0259\u015f\u0259m giri\u015f qap\u0131s\u0131, yeni elektrik dir\u0259kl\u0259ri, kommunal binalar\u0131n dam \u00f6rt\u00fcy\u00fcn\u00fcn t\u0259z\u0259l\u0259nm\u0259si, k\u00fc\u00e7\u0259l\u0259r\u0259 v\u0259 dalanlara yeni asfalt \u00f6rt\u00fck vurulmas\u0131, n\u00fcmun\u0259vi m\u0259h\u0259ll\u0259l\u0259r v\u0259 dig\u0259r \u00e7oxsayl\u0131 i\u015fl\u0259r insanlar t\u0259r\u0259find\u0259n \u00f6lk\u0259 Prezidentin\u0259 d\u0259rin minn\u0259tdarl\u0131q hissi il\u0259 qar\u015f\u0131lan\u0131r.<\/p>\n<p><img loading=\"lazy\" decoding=\"async\" class=\"aligncenter size-medium wp-image-9353\" alt=\"\u0130nsan H\u00fcquqlar\u0131 \u00fczr\u0259 M\u00fcv\u0259kkili (Ombudsman) Elmira S\u00fcleymanova\" src=\"http:\/\/www.zerdab.com\/wp-content\/uploads\/2013\/04\/\u0130nsan-H\u00fcquqlar\u0131-\u00fczr\u0259-M\u00fcv\u0259kkili-Ombudsman-Elmira-S\u00fcleymanova-4-400x300.jpg\" width=\"400\" height=\"300\" \/>D\u00f6vl\u0259t Ba\u015f\u00e7\u0131s\u0131n\u0131n rayona s\u0259f\u0259rind\u0259n sonra verdiyi tap\u015f\u0131r\u0131\u011fa \u0259sas\u0259n haz\u0131rda \u015f\u0259h\u0259r m\u0259rk\u0259zini v\u0259 16 k\u0259ndi birl\u0259\u015fdir\u0259n, A\u011fsu rayonundan 72 kilometrlik m\u0259saf\u0259d\u0259n \u00e7\u0259kil\u0259n t\u0259miz i\u00e7m\u0259li su x\u0259tti, yeni tikil\u0259n kanalizasiya x\u0259tti, k\u0259ndl\u0259rin qazla\u015fd\u0131r\u0131lmas\u0131 insanlarda ruh y\u00fcks\u0259kliyin\u0259 s\u0259b\u0259b olmaqla, onlar\u0131n qurub-yaratmaq \u0259zmini xeyli art\u0131r\u0131b. Son 30 il\u0259 yax\u0131n m\u00fcdd\u0259td\u0259 c\u0259mi 3 m\u0259kt\u0259bin tikildiyi Z\u0259rdab rayonunda son 5 ild\u0259 13 m\u0259kt\u0259b tikilmi\u015f v\u0259 haz\u0131rda 3 m\u0259kt\u0259b tikilir. M\u0259kt\u0259b tikintil\u0259rin\u0259 g\u00f6r\u0259 z\u0259rdabl\u0131lar \u00f6lk\u0259nin birinci xan\u0131m\u0131, YUNESKO v\u0259 \u0130SESKO-nun xo\u015fm\u0259raml\u0131 s\u0259firi, mill\u0259t v\u0259kili Mehriban xan\u0131m \u018fliyevaya minn\u0259tdard\u0131rlar.<\/p>\n<p>2010-cu ilin t\u0259bii f\u0259lak\u0259tind\u0259n ziyan \u00e7\u0259k\u0259n ail\u0259l\u0259r \u00fc\u00e7\u00fcn yeni q\u0259s\u0259b\u0259 sal\u0131n\u0131b. Q\u0259s\u0259b\u0259d\u0259 m\u0259kt\u0259b binas\u0131 in\u015fa olunub, q\u0259s\u0259b\u0259y\u0259 qaz x\u0259tti \u00e7\u0259kilib. K\u00fcr \u00e7ay\u0131 sahilind\u0259 y\u00fcks\u0259k s\u0259viyy\u0259d\u0259 b\u0259ndb\u0259rkitm\u0259 i\u015fl\u0259ri g\u00f6r\u00fcl\u00fcr.<\/p>\n<p><img loading=\"lazy\" decoding=\"async\" class=\"aligncenter size-medium wp-image-9354\" alt=\"\u0130nsan H\u00fcquqlar\u0131 \u00fczr\u0259 M\u00fcv\u0259kkili (Ombudsman) Elmira S\u00fcleymanova\" src=\"http:\/\/www.zerdab.com\/wp-content\/uploads\/2013\/04\/\u0130nsan-H\u00fcquqlar\u0131-\u00fczr\u0259-M\u00fcv\u0259kkili-Ombudsman-Elmira-S\u00fcleymanova--400x300.jpg\" width=\"400\" height=\"300\" \/>Rayondak\u0131 inki\u015faf k\u0259ndl\u0259rd\u0259n d\u0259 yan ke\u00e7m\u0259yib. Tikil\u0259n m\u0259kt\u0259bl\u0259r ham\u0131s\u0131 k\u0259nd m\u0259kt\u0259bl\u0259ridir. 17 k\u0259ndd\u0259 modul tipli t\u0259miz i\u00e7m\u0259li su qur\u011fular\u0131 qura\u015fd\u0131r\u0131l\u0131b. Haz\u0131rda 20 min n\u0259f\u0259rd\u0259n \u00e7ox k\u0259nd \u0259halisi ekoloji c\u0259h\u0259td\u0259n t\u0259miz i\u00e7m\u0259li sudan istifad\u0259 edir. Yeni po\u00e7t binalar\u0131, sahibkarl\u0131q obyektl\u0259ri, Qaraba\u011f \u0259lill\u0259ri \u00fc\u00e7\u00fcn tikil\u0259n f\u0259rdi ya\u015fay\u0131\u015f evl\u0259ri k\u0259ndl\u0259rin sosial simas\u0131n\u0131 xeyli yax\u015f\u0131la\u015fd\u0131r\u0131b. H\u0259yata ke\u00e7iril\u0259n t\u0259dbirl\u0259ri saymaqla qurtaran deyil. Son 5 ild\u0259 Z\u0259rdabda 300-\u0259 q\u0259d\u0259r yeni obyekt tikilib, yenid\u0259n qurulub v\u0259 ya \u0259sasl\u0131 t\u0259mir olunub.<\/p>\n<p><img loading=\"lazy\" decoding=\"async\" class=\"aligncenter size-medium wp-image-9355\" alt=\"\u0130nsan H\u00fcquqlar\u0131 \u00fczr\u0259 M\u00fcv\u0259kkili (Ombudsman) Elmira S\u00fcleymanova\" src=\"http:\/\/www.zerdab.com\/wp-content\/uploads\/2013\/04\/\u0130nsan-H\u00fcquqlar\u0131-\u00fczr\u0259-M\u00fcv\u0259kkili-Ombudsman-Elmira-S\u00fcleymanova-2-400x300.jpg\" width=\"400\" height=\"300\" \/>Haz\u0131rda s\u00fcd m\u0259hsullar\u0131 istehsal ed\u0259n zavod, \u201cAqrolizinq\u201d A\u00e7\u0131q S\u0259hmdar C\u0259miyy\u0259tinin rayon aqroservis filial\u0131 \u00fc\u00e7\u00fcn inzibati bina, tax\u0131l v\u0259 g\u00fcbr\u0259 anbar\u0131, Baytarl\u0131q \u0130dar\u0259sinin binas\u0131 istifad\u0259y\u0259 haz\u0131rd\u0131r. Rayon Polis \u015e\u00f6b\u0259si \u00fc\u00e7\u00fcn yeni inzibati binada son tamamlama i\u015fl\u0259ri g\u00f6r\u00fcl\u00fcr. Suvarma Sisteml\u0259ri \u0130dar\u0259sind\u0259 regional m\u0259rk\u0259zin, su birlikl\u0259ri \u00fc\u00e7\u00fcn binalar\u0131n tikintisi davam etdirilir. Rayon \u0259razisind\u0259 sal\u0131nacaq h\u0259rbi \u015f\u0259h\u0259rcik is\u0259 rayon \u00fc\u00e7\u00fcn x\u00fcsusi \u0259h\u0259miyy\u0259t\u0259 malik olacaqd\u0131r.<\/p>\n<p>M\u0259ruz\u0259\u00e7i h\u0259m\u00e7inin Z\u0259rdab Rayon \u0130cra Hakimiyy\u0259ti t\u0259r\u0259find\u0259n rayonda insan h\u00fcquqlar\u0131n\u0131n t\u0259mini v\u0259 Milli F\u0259aliyy\u0259t Proqram\u0131n\u0131n icras\u0131 sah\u0259sind\u0259 g\u00f6r\u00fcl\u0259n i\u015fl\u0259rl\u0259 ba\u011fl\u0131 \u0259trafl\u0131 m\u0259lumat verib, bu s\u0259n\u0259dl\u0259 ba\u011fl\u0131 m\u00fcvafiq T\u0259dbirl\u0259r plan\u0131n\u0131n q\u0259bul olundu\u011funu s\u00f6yl\u0259yib, v\u0259t\u0259nda\u015flar\u0131n q\u0259bulu v\u0259 m\u00fcraci\u0259tl\u0259rin\u0259 bax\u0131lmas\u0131, onlar\u0131n h\u0259llin\u0259 y\u00f6n\u0259lmi\u015f t\u0259dbirl\u0259r haqq\u0131nda dan\u0131\u015f\u0131b.<\/p>\n<p><img loading=\"lazy\" decoding=\"async\" class=\"aligncenter size-medium wp-image-9356\" alt=\"\u0130nsan H\u00fcquqlar\u0131 \u00fczr\u0259 M\u00fcv\u0259kkili (Ombudsman) Elmira S\u00fcleymanova\" src=\"http:\/\/www.zerdab.com\/wp-content\/uploads\/2013\/04\/\u0130nsan-H\u00fcquqlar\u0131-\u00fczr\u0259-M\u00fcv\u0259kkili-Ombudsman-Elmira-S\u00fcleymanova-6-400x300.jpg\" width=\"400\" height=\"300\" \/>Bu Proqram\u0131n h\u0259yata ke\u00e7irilm\u0259si \u00fczr\u0259 \u0130\u015f\u00e7i qrupunun r\u0259hb\u0259ri Elmira S\u00fcleymanova Z\u0259rdabda da ictimai dinl\u0259m\u0259nin \u0259h\u0259miyy\u0259tini vur\u011fulam\u0131\u015f, \u00f6lk\u0259mizd\u0259 \u0259halinin b\u00fct\u00fcn qruplar\u0131n\u0131n insan h\u00fcquqlar\u0131n\u0131n m\u00fcdafi\u0259sinin d\u00f6vl\u0259tin diqq\u0259tind\u0259 olan \u0259n m\u00fch\u00fcm m\u0259s\u0259l\u0259l\u0259rd\u0259n oldu\u011funu diqq\u0259t\u0259 \u00e7atd\u0131r\u0131b. O, \u00f6lk\u0259mizd\u0259, o c\u00fcml\u0259d\u0259n Z\u0259rdabda sosial-iqtisadi islahatlar\u0131, Regionlar\u0131n sosial-iqtisadi inki\u015faf Proqram\u0131n\u0131n u\u011furla h\u0259yata ke\u00e7irildiyini m\u00fcsb\u0259t d\u0259y\u0259rl\u0259ndirib.<\/p>\n<p>M\u00fczakir\u0259l\u0259rd\u0259 rayonun polis r\u0259isi, prokuroru, icra v\u0259 b\u0259l\u0259diyy\u0259 orqanlar\u0131n\u0131n m\u0259sul i\u015f\u00e7il\u0259ri, qeyri-h\u00f6kum\u0259t t\u0259\u015fkilatlar\u0131n\u0131n, ictimai birlikl\u0259rin n\u00fcmay\u0259nd\u0259l\u0259ri, a\u011fsaqqallar, qad\u0131nlar, g\u0259ncl\u0259r v\u0259 dig\u0259r i\u015ftirak\u00e7\u0131lar \u00e7\u0131x\u0131\u015f ed\u0259r\u0259k, rayonda Milli F\u0259aliyy\u0259t Proqram\u0131 v\u0259 insan h\u00fcquqlar\u0131 \u00fczr\u0259 f\u0259aliyy\u0259t, son m\u0259hk\u0259m\u0259-h\u00fcquq islahatlar\u0131, m\u0259hk\u0259m\u0259 q\u0259rarlar\u0131n\u0131n icras\u0131n\u0131n t\u0259kmill\u0259\u015fdirilm\u0259si istiqam\u0259tind\u0259, cinay\u0259tkarl\u0131qla m\u00fcbariz\u0259 \u00fczr\u0259 t\u0259dbirl\u0259r, qeyri-h\u00f6kum\u0259t t\u0259\u015fkilatlar\u0131n\u0131n f\u0259aliyy\u0259ti, maarifl\u0259ndirm\u0259 t\u0259dbirl\u0259ri v\u0259 dig\u0259r m\u0259s\u0259l\u0259l\u0259r bar\u0259d\u0259 m\u0259lumat veribl\u0259r.<\/p>\n<p><img loading=\"lazy\" decoding=\"async\" class=\"aligncenter size-medium wp-image-9357\" alt=\"\u0130nsan H\u00fcquqlar\u0131 \u00fczr\u0259 M\u00fcv\u0259kkili (Ombudsman) Elmira S\u00fcleymanova\" src=\"http:\/\/www.zerdab.com\/wp-content\/uploads\/2013\/04\/\u0130nsan-H\u00fcquqlar\u0131-\u00fczr\u0259-M\u00fcv\u0259kkili-Ombudsman-Elmira-S\u00fcleymanova-9-400x300.jpg\" width=\"400\" height=\"300\" \/>Z\u0259rdab rayon r\u0259hb\u0259rliyi v\u0259 dig\u0259r i\u015ftirak\u00e7\u0131lar g\u00f6st\u0259rdiyi diqq\u0259t v\u0259 qay\u011f\u0131ya g\u00f6r\u0259 \u00f6lk\u0259 Prezidentin\u0259 minn\u0259tdarl\u0131qlar\u0131n\u0131 bildirib, Milli F\u0259aliyy\u0259t Proqram\u0131n\u0131n icras\u0131nda maraql\u0131 olduqlar\u0131n\u0131, bu s\u0259n\u0259din h\u0259yata ke\u00e7irilm\u0259sini d\u0259st\u0259kl\u0259dikl\u0259rini, rayon \u00fczr\u0259 t\u0259dbirl\u0259r planlar\u0131na \u0259sas\u0259n, \u0259halinin bu prosesd\u0259 f\u0259al i\u015ftirak etdiyini vur\u011fulam\u0131\u015f, s\u0259m\u0259r\u0259li t\u0259klif v\u0259 t\u00f6vsiy\u0259l\u0259r\u0259 g\u00f6r\u0259 M\u00fcv\u0259kkil\u0259 t\u0259\u015f\u0259kk\u00fcr edibl\u0259r.<\/p>\n<p>T\u0259dbirin sonunda Milli F\u0259aliyy\u0259t Proqram\u0131n\u0131n n\u00fcsx\u0259l\u0259ri, Ombudsman t\u0259sisat\u0131 t\u0259r\u0259find\u0259n haz\u0131rlanm\u0131\u015f dig\u0259r maarifl\u0259ndirici v\u0259saitl\u0259r i\u015ftirak\u00e7\u0131lara t\u0259qdim olunub.<\/p>\n<p><strong>Zerdab.com<\/strong><\/p>\n<p><img loading=\"lazy\" decoding=\"async\" class=\"aligncenter size-medium wp-image-9358\" alt=\"\u0130nsan H\u00fcquqlar\u0131 \u00fczr\u0259 M\u00fcv\u0259kkili (Ombudsman) Elmira S\u00fcleymanova\" src=\"http:\/\/www.zerdab.com\/wp-content\/uploads\/2013\/04\/\u0130nsan-H\u00fcquqlar\u0131-\u00fczr\u0259-M\u00fcv\u0259kkili-Ombudsman-Elmira-S\u00fcleymanova-8-400x300.jpg\" width=\"400\" height=\"300\" \/><\/p>\n<p><img loading=\"lazy\" decoding=\"async\" class=\"aligncenter size-medium wp-image-9359\" alt=\"\u0130nsan H\u00fcquqlar\u0131 \u00fczr\u0259 M\u00fcv\u0259kkili (Ombudsman) Elmira S\u00fcleymanova\" src=\"http:\/\/www.zerdab.com\/wp-content\/uploads\/2013\/04\/\u0130nsan-H\u00fcquqlar\u0131-\u00fczr\u0259-M\u00fcv\u0259kkili-Ombudsman-Elmira-S\u00fcleymanova-5-400x300.jpg\" width=\"400\" height=\"300\" \/><\/p>\n","protected":false},"excerpt":{"rendered":"<p>Az\u0259rbaycan Respublikas\u0131n\u0131n \u0130nsan H\u00fcquqlar\u0131 \u00fczr\u0259 M\u00fcv\u0259kkili (Ombudsman) Elmira S\u00fcleymanova \u00f6lk\u0259 Prezidentinin 27 dekabr 2011-ci il tarixli s\u0259r\u0259ncam\u0131 il\u0259 t\u0259sdiq edilmi\u015f \u201cAz\u0259rbaycan Respublikas\u0131nda insan h\u00fcquq v\u0259 azadl\u0131qlar\u0131n\u0131n m\u00fcdafi\u0259sinin s\u0259m\u0259r\u0259liliyini art\u0131rmaq sah\u0259sind\u0259 Milli F\u0259aliyy\u0259t Proqram\u0131\u201dn\u0131n icras\u0131, t\u0259bli\u011fi v\u0259 t\u0259tbiqi v\u0259ziyy\u0259tinin \u00f6yr\u0259nilm\u0259si, h\u0259m\u00e7inin se\u00e7ki h\u00fcququ il\u0259 ba\u011fl\u0131 \u0259halinin maarifl\u0259ndirilm\u0259si m\u0259qs\u0259dil\u0259 Z\u0259rdab rayonunda ictimai dinl\u0259m\u0259 ke\u00e7irib. Bu bar\u0259d\u0259 Zerdab.com [&hellip;]<\/p>\n","protected":false},"author":1,"featured_media":0,"comment_status":"open","ping_status":"open","sticky":false,"template":"","format":"standard","meta":{"footnotes":""},"categories":[21],"tags":[],"class_list":{"0":"post-9350","1":"post","2":"type-post","3":"status-publish","4":"format-standard","6":"category-zrdab"},"yoast_head":"<!-- This site is optimized with the Yoast SEO plugin v27.0 - https:\/\/yoast.com\/product\/yoast-seo-wordpress\/ -->\n<title>Ombudsman Z\u0259rdaba g\u0259ldi, ictimai dinl\u0259m\u0259 ke\u00e7irildi - fotolar - Z\u0259rdab.com<\/title>\n<meta name=\"robots\" content=\"index, follow, max-snippet:-1, max-image-preview:large, max-video-preview:-1\" \/>\n<link rel=\"canonical\" href=\"https:\/\/www.zerdab.com\/?p=9350\" \/>\n<meta property=\"og:locale\" content=\"az_AZ\" \/>\n<meta property=\"og:type\" content=\"article\" \/>\n<meta property=\"og:title\" content=\"Ombudsman Z\u0259rdaba g\u0259ldi, ictimai dinl\u0259m\u0259 ke\u00e7irildi - fotolar - Z\u0259rdab.com\" \/>\n<meta property=\"og:description\" content=\"Az\u0259rbaycan Respublikas\u0131n\u0131n \u0130nsan H\u00fcquqlar\u0131 \u00fczr\u0259 M\u00fcv\u0259kkili (Ombudsman) Elmira S\u00fcleymanova \u00f6lk\u0259 Prezidentinin 27 dekabr 2011-ci il tarixli s\u0259r\u0259ncam\u0131 il\u0259 t\u0259sdiq edilmi\u015f \u201cAz\u0259rbaycan Respublikas\u0131nda insan h\u00fcquq v\u0259 azadl\u0131qlar\u0131n\u0131n m\u00fcdafi\u0259sinin s\u0259m\u0259r\u0259liliyini art\u0131rmaq sah\u0259sind\u0259 Milli F\u0259aliyy\u0259t Proqram\u0131\u201dn\u0131n icras\u0131, t\u0259bli\u011fi v\u0259 t\u0259tbiqi v\u0259ziyy\u0259tinin \u00f6yr\u0259nilm\u0259si, h\u0259m\u00e7inin se\u00e7ki h\u00fcququ il\u0259 ba\u011fl\u0131 \u0259halinin maarifl\u0259ndirilm\u0259si m\u0259qs\u0259dil\u0259 Z\u0259rdab rayonunda ictimai dinl\u0259m\u0259 ke\u00e7irib. Bu bar\u0259d\u0259 Zerdab.com [&hellip;]\" \/>\n<meta property=\"og:url\" content=\"https:\/\/www.zerdab.com\/?p=9350\" \/>\n<meta property=\"og:site_name\" content=\"Z\u0259rdab.com\" \/>\n<meta property=\"article:published_time\" content=\"2013-04-25T08:36:00+00:00\" \/>\n<meta name=\"author\" content=\"admin\" \/>\n<meta name=\"twitter:card\" content=\"summary_large_image\" \/>\n<meta name=\"twitter:label1\" content=\"Written by\" \/>\n\t<meta name=\"twitter:data1\" content=\"admin\" \/>\n\t<meta name=\"twitter:label2\" content=\"Est. reading time\" \/>\n\t<meta name=\"twitter:data2\" content=\"7 minutes\" \/>\n<script type=\"application\/ld+json\" class=\"yoast-schema-graph\">{\"@context\":\"https:\/\/schema.org\",\"@graph\":[{\"@type\":\"Article\",\"@id\":\"https:\/\/www.zerdab.com\/?p=9350#article\",\"isPartOf\":{\"@id\":\"https:\/\/www.zerdab.com\/?p=9350\"},\"author\":{\"name\":\"admin\",\"@id\":\"https:\/\/www.zerdab.com\/#\/schema\/person\/97079b7570c1e89ec0d9e138c3672136\"},\"headline\":\"Ombudsman Z\u0259rdaba g\u0259ldi, ictimai dinl\u0259m\u0259 ke\u00e7irildi &#8211; fotolar\",\"datePublished\":\"2013-04-25T08:36:00+00:00\",\"mainEntityOfPage\":{\"@id\":\"https:\/\/www.zerdab.com\/?p=9350\"},\"wordCount\":1483,\"commentCount\":1,\"articleSection\":[\"C\u018fM\u0130YY\u018fT\"],\"inLanguage\":\"az\",\"potentialAction\":[{\"@type\":\"CommentAction\",\"name\":\"Comment\",\"target\":[\"https:\/\/www.zerdab.com\/?p=9350#respond\"]}]},{\"@type\":\"WebPage\",\"@id\":\"https:\/\/www.zerdab.com\/?p=9350\",\"url\":\"https:\/\/www.zerdab.com\/?p=9350\",\"name\":\"Ombudsman Z\u0259rdaba g\u0259ldi, ictimai dinl\u0259m\u0259 ke\u00e7irildi - fotolar - Z\u0259rdab.com\",\"isPartOf\":{\"@id\":\"https:\/\/www.zerdab.com\/#website\"},\"datePublished\":\"2013-04-25T08:36:00+00:00\",\"author\":{\"@id\":\"https:\/\/www.zerdab.com\/#\/schema\/person\/97079b7570c1e89ec0d9e138c3672136\"},\"breadcrumb\":{\"@id\":\"https:\/\/www.zerdab.com\/?p=9350#breadcrumb\"},\"inLanguage\":\"az\",\"potentialAction\":[{\"@type\":\"ReadAction\",\"target\":[\"https:\/\/www.zerdab.com\/?p=9350\"]}]},{\"@type\":\"BreadcrumbList\",\"@id\":\"https:\/\/www.zerdab.com\/?p=9350#breadcrumb\",\"itemListElement\":[{\"@type\":\"ListItem\",\"position\":1,\"name\":\"Home\",\"item\":\"https:\/\/www.zerdab.com\/\"},{\"@type\":\"ListItem\",\"position\":2,\"name\":\"Ombudsman Z\u0259rdaba g\u0259ldi, ictimai dinl\u0259m\u0259 ke\u00e7irildi &#8211; fotolar\"}]},{\"@type\":\"WebSite\",\"@id\":\"https:\/\/www.zerdab.com\/#website\",\"url\":\"https:\/\/www.zerdab.com\/\",\"name\":\"Z\u0259rdab.com\",\"description\":\"\",\"potentialAction\":[{\"@type\":\"SearchAction\",\"target\":{\"@type\":\"EntryPoint\",\"urlTemplate\":\"https:\/\/www.zerdab.com\/?s={search_term_string}\"},\"query-input\":{\"@type\":\"PropertyValueSpecification\",\"valueRequired\":true,\"valueName\":\"search_term_string\"}}],\"inLanguage\":\"az\"},{\"@type\":\"Person\",\"@id\":\"https:\/\/www.zerdab.com\/#\/schema\/person\/97079b7570c1e89ec0d9e138c3672136\",\"name\":\"admin\",\"image\":{\"@type\":\"ImageObject\",\"inLanguage\":\"az\",\"@id\":\"https:\/\/www.zerdab.com\/#\/schema\/person\/image\/\",\"url\":\"https:\/\/secure.gravatar.com\/avatar\/d9c52a9a27c32119cb6679a077fa3e2779e5f822c451cbf01098004361d466ec?s=96&d=mm&r=g\",\"contentUrl\":\"https:\/\/secure.gravatar.com\/avatar\/d9c52a9a27c32119cb6679a077fa3e2779e5f822c451cbf01098004361d466ec?s=96&d=mm&r=g\",\"caption\":\"admin\"},\"url\":\"https:\/\/www.zerdab.com\/?author=1\"}]}<\/script>\n<!-- \/ Yoast SEO plugin. -->","yoast_head_json":{"title":"Ombudsman Z\u0259rdaba g\u0259ldi, ictimai dinl\u0259m\u0259 ke\u00e7irildi - fotolar - Z\u0259rdab.com","robots":{"index":"index","follow":"follow","max-snippet":"max-snippet:-1","max-image-preview":"max-image-preview:large","max-video-preview":"max-video-preview:-1"},"canonical":"https:\/\/www.zerdab.com\/?p=9350","og_locale":"az_AZ","og_type":"article","og_title":"Ombudsman Z\u0259rdaba g\u0259ldi, ictimai dinl\u0259m\u0259 ke\u00e7irildi - fotolar - Z\u0259rdab.com","og_description":"Az\u0259rbaycan Respublikas\u0131n\u0131n \u0130nsan H\u00fcquqlar\u0131 \u00fczr\u0259 M\u00fcv\u0259kkili (Ombudsman) Elmira S\u00fcleymanova \u00f6lk\u0259 Prezidentinin 27 dekabr 2011-ci il tarixli s\u0259r\u0259ncam\u0131 il\u0259 t\u0259sdiq edilmi\u015f \u201cAz\u0259rbaycan Respublikas\u0131nda insan h\u00fcquq v\u0259 azadl\u0131qlar\u0131n\u0131n m\u00fcdafi\u0259sinin s\u0259m\u0259r\u0259liliyini art\u0131rmaq sah\u0259sind\u0259 Milli F\u0259aliyy\u0259t Proqram\u0131\u201dn\u0131n icras\u0131, t\u0259bli\u011fi v\u0259 t\u0259tbiqi v\u0259ziyy\u0259tinin \u00f6yr\u0259nilm\u0259si, h\u0259m\u00e7inin se\u00e7ki h\u00fcququ il\u0259 ba\u011fl\u0131 \u0259halinin maarifl\u0259ndirilm\u0259si m\u0259qs\u0259dil\u0259 Z\u0259rdab rayonunda ictimai dinl\u0259m\u0259 ke\u00e7irib. Bu bar\u0259d\u0259 Zerdab.com [&hellip;]","og_url":"https:\/\/www.zerdab.com\/?p=9350","og_site_name":"Z\u0259rdab.com","article_published_time":"2013-04-25T08:36:00+00:00","author":"admin","twitter_card":"summary_large_image","twitter_misc":{"Written by":"admin","Est. reading time":"7 minutes"},"schema":{"@context":"https:\/\/schema.org","@graph":[{"@type":"Article","@id":"https:\/\/www.zerdab.com\/?p=9350#article","isPartOf":{"@id":"https:\/\/www.zerdab.com\/?p=9350"},"author":{"name":"admin","@id":"https:\/\/www.zerdab.com\/#\/schema\/person\/97079b7570c1e89ec0d9e138c3672136"},"headline":"Ombudsman Z\u0259rdaba g\u0259ldi, ictimai dinl\u0259m\u0259 ke\u00e7irildi &#8211; fotolar","datePublished":"2013-04-25T08:36:00+00:00","mainEntityOfPage":{"@id":"https:\/\/www.zerdab.com\/?p=9350"},"wordCount":1483,"commentCount":1,"articleSection":["C\u018fM\u0130YY\u018fT"],"inLanguage":"az","potentialAction":[{"@type":"CommentAction","name":"Comment","target":["https:\/\/www.zerdab.com\/?p=9350#respond"]}]},{"@type":"WebPage","@id":"https:\/\/www.zerdab.com\/?p=9350","url":"https:\/\/www.zerdab.com\/?p=9350","name":"Ombudsman Z\u0259rdaba g\u0259ldi, ictimai dinl\u0259m\u0259 ke\u00e7irildi - fotolar - Z\u0259rdab.com","isPartOf":{"@id":"https:\/\/www.zerdab.com\/#website"},"datePublished":"2013-04-25T08:36:00+00:00","author":{"@id":"https:\/\/www.zerdab.com\/#\/schema\/person\/97079b7570c1e89ec0d9e138c3672136"},"breadcrumb":{"@id":"https:\/\/www.zerdab.com\/?p=9350#breadcrumb"},"inLanguage":"az","potentialAction":[{"@type":"ReadAction","target":["https:\/\/www.zerdab.com\/?p=9350"]}]},{"@type":"BreadcrumbList","@id":"https:\/\/www.zerdab.com\/?p=9350#breadcrumb","itemListElement":[{"@type":"ListItem","position":1,"name":"Home","item":"https:\/\/www.zerdab.com\/"},{"@type":"ListItem","position":2,"name":"Ombudsman Z\u0259rdaba g\u0259ldi, ictimai dinl\u0259m\u0259 ke\u00e7irildi &#8211; fotolar"}]},{"@type":"WebSite","@id":"https:\/\/www.zerdab.com\/#website","url":"https:\/\/www.zerdab.com\/","name":"Z\u0259rdab.com","description":"","potentialAction":[{"@type":"SearchAction","target":{"@type":"EntryPoint","urlTemplate":"https:\/\/www.zerdab.com\/?s={search_term_string}"},"query-input":{"@type":"PropertyValueSpecification","valueRequired":true,"valueName":"search_term_string"}}],"inLanguage":"az"},{"@type":"Person","@id":"https:\/\/www.zerdab.com\/#\/schema\/person\/97079b7570c1e89ec0d9e138c3672136","name":"admin","image":{"@type":"ImageObject","inLanguage":"az","@id":"https:\/\/www.zerdab.com\/#\/schema\/person\/image\/","url":"https:\/\/secure.gravatar.com\/avatar\/d9c52a9a27c32119cb6679a077fa3e2779e5f822c451cbf01098004361d466ec?s=96&d=mm&r=g","contentUrl":"https:\/\/secure.gravatar.com\/avatar\/d9c52a9a27c32119cb6679a077fa3e2779e5f822c451cbf01098004361d466ec?s=96&d=mm&r=g","caption":"admin"},"url":"https:\/\/www.zerdab.com\/?author=1"}]}},"_links":{"self":[{"href":"https:\/\/www.zerdab.com\/index.php?rest_route=\/wp\/v2\/posts\/9350","targetHints":{"allow":["GET"]}}],"collection":[{"href":"https:\/\/www.zerdab.com\/index.php?rest_route=\/wp\/v2\/posts"}],"about":[{"href":"https:\/\/www.zerdab.com\/index.php?rest_route=\/wp\/v2\/types\/post"}],"author":[{"embeddable":true,"href":"https:\/\/www.zerdab.com\/index.php?rest_route=\/wp\/v2\/users\/1"}],"replies":[{"embeddable":true,"href":"https:\/\/www.zerdab.com\/index.php?rest_route=%2Fwp%2Fv2%2Fcomments&post=9350"}],"version-history":[{"count":2,"href":"https:\/\/www.zerdab.com\/index.php?rest_route=\/wp\/v2\/posts\/9350\/revisions"}],"predecessor-version":[{"id":9361,"href":"https:\/\/www.zerdab.com\/index.php?rest_route=\/wp\/v2\/posts\/9350\/revisions\/9361"}],"wp:attachment":[{"href":"https:\/\/www.zerdab.com\/index.php?rest_route=%2Fwp%2Fv2%2Fmedia&parent=9350"}],"wp:term":[{"taxonomy":"category","embeddable":true,"href":"https:\/\/www.zerdab.com\/index.php?rest_route=%2Fwp%2Fv2%2Fcategories&post=9350"},{"taxonomy":"post_tag","embeddable":true,"href":"https:\/\/www.zerdab.com\/index.php?rest_route=%2Fwp%2Fv2%2Ftags&post=9350"}],"curies":[{"name":"wp","href":"https:\/\/api.w.org\/{rel}","templated":true}]}}