{"id":9418,"date":"2013-04-26T16:52:09","date_gmt":"2013-04-26T11:52:09","guid":{"rendered":"http:\/\/www.zerdab.com\/?p=9418"},"modified":"2013-04-26T16:53:43","modified_gmt":"2013-04-26T11:53:43","slug":"iqtisadi-inkisaf-nazirliyi-z%c9%99rdabda-konfrans-kecirdi-fotolar","status":"publish","type":"post","link":"https:\/\/www.zerdab.com\/?p=9418","title":{"rendered":"\u0130qtisadi \u0130nki\u015faf Nazirliyi Z\u0259rdabda konfrans ke\u00e7irdi &#8211; fotolar"},"content":{"rendered":"<p style=\"text-align: justify;\" align=\"center\"><img loading=\"lazy\" decoding=\"async\" class=\"aligncenter size-large wp-image-9419\" alt=\"Zerdab\" src=\"http:\/\/www.zerdab.com\/wp-content\/uploads\/2013\/04\/Zerdab1-800x531.jpg\" width=\"800\" height=\"531\" \/> \u0130qtisadi \u0130nki\u015faf Nazirliyi yan\u0131nda Antiinhisar Siyas\u0259ti v\u0259 \u0130stehlak\u00e7\u0131lar\u0131n H\u00fcquqlar\u0131n\u0131n M\u00fcdafi\u0259si D\u00f6vl\u0259t Xidm\u0259tinin x\u0259tti il\u0259 Z\u0259rdab rayonunda \u201cAz\u0259rbaycanda istehlak\u00e7\u0131 h\u00fcquqlar\u0131 qorunur\u201d m\u00f6vzusunda konfrans ke\u00e7irilib.\u00a0Konfrans\u0131 Rayon \u0130HB-n\u0131n sosial-iqtisadi inki\u015faf\u0131n t\u0259hlili v\u0259 proqnozla\u015fd\u0131r\u0131lmas\u0131 \u00fczr\u0259 m\u00fcavini P\u0259rvin Mahmudova a\u00e7araq qonaqlar\u0131 salamlay\u0131b.\u00a0Daha sonra \u0130qtisadi \u0130nki\u015faf Nazirliyi yan\u0131nda Antiinhisar Siyas\u0259ti v\u0259 \u0130stehlak\u00e7\u0131lar\u0131n H\u00fcquqlar\u0131n\u0131n M\u00fcdafi\u0259si D\u00f6vl\u0259t\u00a0 Xidm\u0259tinin r\u0259is m\u00fcavini Araz \u018fliyev giri\u015f s\u00f6z\u00fc il\u0259 \u00e7\u0131x\u0131\u015f ed\u0259r\u0259k vur\u011fulay\u0131b ki, konfrans\u0131n ke\u00e7irilm\u0259sind\u0259 \u0259sas m\u0259qs\u0259d istehlak\u00e7\u0131lar\u0131n h\u00fcquqlar\u0131n\u0131n qorunmas\u0131 sah\u0259sind\u0259 regionlarda m\u00f6vcud v\u0259ziyy\u0259ti t\u0259hlil etm\u0259k, aidiyy\u0259ti d\u00f6vl\u0259t orqanlar\u0131n\u0131n bu sah\u0259d\u0259 v\u0259zif\u0259l\u0259ri bar\u0259d\u0259 m\u00fczakir\u0259l\u0259r aparmaq, d\u00f6vl\u0259t orqanlar\u0131-istehlak\u00e7\u0131 \u0259laq\u0259l\u0259rind\u0259 sivil m\u00fcnasib\u0259tl\u0259rin formala\u015fd\u0131r\u0131lmas\u0131na nail olmaq, istehlak\u00e7\u0131 h\u00fcquqlar\u0131 il\u0259 ba\u011fl\u0131 regionlarda h\u0259yata ke\u00e7iril\u0259c\u0259k t\u0259bli\u011fat-t\u0259\u015fviqat v\u0259 dig\u0259r maarifl\u0259ndirm\u0259 t\u0259dbirl\u0259rinin istiqam\u0259tl\u0259rini m\u00fc\u0259yy\u0259nl\u0259\u015fdirm\u0259kd\u0259n ibar\u0259tdir.<\/p>\n<p style=\"text-align: justify;\">Daha sonra Rayon \u0130HB-n\u0131n sosial-iqtisadi inki\u015faf\u0131n t\u0259hlili v\u0259 proqnozla\u015fd\u0131r\u0131lmas\u0131 \u00fczr\u0259 m\u00fcavini P\u0259rvin Mahmudova, Antiinhisar Siyas\u0259ti v\u0259 \u0130stehlak\u00e7\u0131lar\u0131n H\u00fcquqlar\u0131n\u0131n M\u00fcdafi\u0259si D\u00f6vl\u0259t\u00a0 Xidm\u0259tinin n\u00fcmay\u0259nd\u0259si Kamran Umudov, Antiinhisar Siyas\u0259ti v\u0259 \u0130stehlak\u00e7\u0131lar\u0131n H\u00fcquqlar\u0131n\u0131n M\u00fcdafi\u0259si D\u00f6vl\u0259t\u00a0 Xidm\u0259tinin<b><i> <\/i><\/b>n\u00fcmay\u0259nd\u0259si M\u0259tin B\u0259d\u0259lov, Azad \u0130stehlak\u00e7\u0131lar Birliyinin n\u00fcmay\u0259nd\u0259si Oqtay H\u00fcseynov, Antiinhisar Siyas\u0259ti v\u0259 \u0130stehlak\u00e7\u0131lar\u0131n H\u00fcquqlar\u0131n\u0131n M\u00fcdafi\u0259si D\u00f6vl\u0259t\u00a0 Xidm\u0259tinin n\u00fcmay\u0259nd\u0259si Zahid \u015e\u0259rifov \u201c\u0130stehlak\u00e7\u0131lar\u0131n h\u00fcquqlar\u0131n\u0131n qorunmas\u0131nda d\u00f6vl\u0259t orqanlar\u0131n\u0131n v\u0259zif\u0259l\u0259ri\u201d, \u00a0\u201c\u0130stehlak\u00e7\u0131 h\u00fcquqlar\u0131n\u0131n m\u00fcdafi\u0259si il\u0259 ba\u011fl\u0131 g\u00f6r\u00fcl\u0259n i\u015fl\u0259r v\u0259 qar\u015f\u0131da duran v\u0259zif\u0259l\u0259r\u201d, \u201c\u018frzaq mallar\u0131 alark\u0259n n\u0259l\u0259r\u0259 diqq\u0259t yetirm\u0259li?\u201d, \u201c\u0130stehlak\u00e7\u0131lar\u0131n h\u00fcquqlar\u0131n\u0131n m\u00fcdafi\u0259si t\u0259dbirl\u0259rini g\u00fccl\u0259ndirm\u0259k laz\u0131md\u0131r\u201d, \u201cH\u0259r bir istehlak\u00e7\u0131 \u00f6z h\u00fcquqlar\u0131n\u0131 bilm\u0259lidir\u201d m\u00f6vzular\u0131nda \u00e7\u0131x\u0131\u015flar edibl\u0259r.<\/p>\n<p style=\"text-align: justify;\">Konfrans\u0131 Antiinhisar Siyas\u0259ti v\u0259 \u0130stehlak\u00e7\u0131lar\u0131n H\u00fcquqlar\u0131n\u0131n M\u00fcdafi\u0259si D\u00f6vl\u0259t\u00a0 Xidm\u0259tinin r\u0259is m\u00fcavini Araz \u018fliyev yekun nitq il\u0259 yekunla\u015fd\u0131r\u0131b.<\/p>\n<p style=\"text-align: justify;\">\u00a0Sonda t\u0259dbir i\u015ftirak\u00e7\u0131lar\u0131na \u0259yani v\u0259saitl\u0259r, bukletl\u0259r, kitab\u00e7alar paylan\u0131b, istehlak\u00e7\u0131lar\u0131 maraqland\u0131ran suallara cavablar verilib.<\/p>\n<p style=\"text-align: justify;\">\u00a0<b>Z\u0259rdab R\u0130HB Aparat\u0131n\u0131n informasiya t\u0259minat\u0131 v\u0259 t\u0259hlil sektoru<\/b><\/p>\n<p style=\"text-align: justify;\"><img loading=\"lazy\" decoding=\"async\" class=\"aligncenter size-large wp-image-9420\" alt=\"Zerdab rayonu\" src=\"http:\/\/www.zerdab.com\/wp-content\/uploads\/2013\/04\/Zerdab-rayonu-800x531.jpg\" width=\"800\" height=\"531\" \/><\/p>\n<p style=\"text-align: justify;\"><img loading=\"lazy\" decoding=\"async\" class=\"aligncenter size-large wp-image-9423\" alt=\"Z\u0259rdab-t\u0259dbir\" src=\"http:\/\/www.zerdab.com\/wp-content\/uploads\/2013\/04\/Z\u0259rdab-t\u0259dbir-800x531.jpg\" width=\"800\" height=\"531\" \/><\/p>\n","protected":false},"excerpt":{"rendered":"<p>\u0130qtisadi \u0130nki\u015faf Nazirliyi yan\u0131nda Antiinhisar Siyas\u0259ti v\u0259 \u0130stehlak\u00e7\u0131lar\u0131n H\u00fcquqlar\u0131n\u0131n M\u00fcdafi\u0259si D\u00f6vl\u0259t Xidm\u0259tinin x\u0259tti il\u0259 Z\u0259rdab rayonunda \u201cAz\u0259rbaycanda istehlak\u00e7\u0131 h\u00fcquqlar\u0131 qorunur\u201d m\u00f6vzusunda konfrans ke\u00e7irilib.\u00a0Konfrans\u0131 Rayon \u0130HB-n\u0131n sosial-iqtisadi inki\u015faf\u0131n t\u0259hlili v\u0259 proqnozla\u015fd\u0131r\u0131lmas\u0131 \u00fczr\u0259 m\u00fcavini P\u0259rvin Mahmudova a\u00e7araq qonaqlar\u0131 salamlay\u0131b.\u00a0Daha sonra \u0130qtisadi \u0130nki\u015faf Nazirliyi yan\u0131nda Antiinhisar Siyas\u0259ti v\u0259 \u0130stehlak\u00e7\u0131lar\u0131n H\u00fcquqlar\u0131n\u0131n M\u00fcdafi\u0259si D\u00f6vl\u0259t\u00a0 Xidm\u0259tinin r\u0259is m\u00fcavini Araz \u018fliyev giri\u015f [&hellip;]<\/p>\n","protected":false},"author":1,"featured_media":0,"comment_status":"open","ping_status":"open","sticky":false,"template":"","format":"standard","meta":{"footnotes":""},"categories":[21],"tags":[],"class_list":{"0":"post-9418","1":"post","2":"type-post","3":"status-publish","4":"format-standard","6":"category-zrdab"},"yoast_head":"<!-- This site is optimized with the Yoast SEO plugin v27.0 - https:\/\/yoast.com\/product\/yoast-seo-wordpress\/ -->\n<title>\u0130qtisadi \u0130nki\u015faf Nazirliyi Z\u0259rdabda konfrans ke\u00e7irdi - fotolar - Z\u0259rdab.com<\/title>\n<meta name=\"robots\" content=\"index, follow, max-snippet:-1, max-image-preview:large, max-video-preview:-1\" \/>\n<link rel=\"canonical\" href=\"https:\/\/www.zerdab.com\/?p=9418\" \/>\n<meta property=\"og:locale\" content=\"az_AZ\" \/>\n<meta property=\"og:type\" content=\"article\" \/>\n<meta property=\"og:title\" content=\"\u0130qtisadi \u0130nki\u015faf Nazirliyi Z\u0259rdabda konfrans ke\u00e7irdi - fotolar - Z\u0259rdab.com\" \/>\n<meta property=\"og:description\" content=\"\u0130qtisadi \u0130nki\u015faf Nazirliyi yan\u0131nda Antiinhisar Siyas\u0259ti v\u0259 \u0130stehlak\u00e7\u0131lar\u0131n H\u00fcquqlar\u0131n\u0131n M\u00fcdafi\u0259si D\u00f6vl\u0259t Xidm\u0259tinin x\u0259tti il\u0259 Z\u0259rdab rayonunda \u201cAz\u0259rbaycanda istehlak\u00e7\u0131 h\u00fcquqlar\u0131 qorunur\u201d m\u00f6vzusunda konfrans ke\u00e7irilib.\u00a0Konfrans\u0131 Rayon \u0130HB-n\u0131n sosial-iqtisadi inki\u015faf\u0131n t\u0259hlili v\u0259 proqnozla\u015fd\u0131r\u0131lmas\u0131 \u00fczr\u0259 m\u00fcavini P\u0259rvin Mahmudova a\u00e7araq qonaqlar\u0131 salamlay\u0131b.\u00a0Daha sonra \u0130qtisadi \u0130nki\u015faf Nazirliyi yan\u0131nda Antiinhisar Siyas\u0259ti v\u0259 \u0130stehlak\u00e7\u0131lar\u0131n H\u00fcquqlar\u0131n\u0131n M\u00fcdafi\u0259si D\u00f6vl\u0259t\u00a0 Xidm\u0259tinin r\u0259is m\u00fcavini Araz \u018fliyev giri\u015f [&hellip;]\" \/>\n<meta property=\"og:url\" content=\"https:\/\/www.zerdab.com\/?p=9418\" \/>\n<meta property=\"og:site_name\" content=\"Z\u0259rdab.com\" \/>\n<meta property=\"article:published_time\" content=\"2013-04-26T11:52:09+00:00\" \/>\n<meta property=\"article:modified_time\" content=\"2013-04-26T11:53:43+00:00\" \/>\n<meta property=\"og:image\" content=\"http:\/\/www.zerdab.com\/wp-content\/uploads\/2013\/04\/Zerdab1-800x531.jpg\" \/>\n<meta name=\"author\" content=\"admin\" \/>\n<meta name=\"twitter:card\" content=\"summary_large_image\" \/>\n<meta name=\"twitter:label1\" content=\"Written by\" \/>\n\t<meta name=\"twitter:data1\" content=\"admin\" \/>\n\t<meta name=\"twitter:label2\" content=\"Est. reading time\" \/>\n\t<meta name=\"twitter:data2\" content=\"2 minutes\" \/>\n<script type=\"application\/ld+json\" class=\"yoast-schema-graph\">{\"@context\":\"https:\/\/schema.org\",\"@graph\":[{\"@type\":\"Article\",\"@id\":\"https:\/\/www.zerdab.com\/?p=9418#article\",\"isPartOf\":{\"@id\":\"https:\/\/www.zerdab.com\/?p=9418\"},\"author\":{\"name\":\"admin\",\"@id\":\"https:\/\/www.zerdab.com\/#\/schema\/person\/97079b7570c1e89ec0d9e138c3672136\"},\"headline\":\"\u0130qtisadi \u0130nki\u015faf Nazirliyi Z\u0259rdabda konfrans ke\u00e7irdi &#8211; fotolar\",\"datePublished\":\"2013-04-26T11:52:09+00:00\",\"dateModified\":\"2013-04-26T11:53:43+00:00\",\"mainEntityOfPage\":{\"@id\":\"https:\/\/www.zerdab.com\/?p=9418\"},\"wordCount\":506,\"commentCount\":0,\"image\":{\"@id\":\"https:\/\/www.zerdab.com\/?p=9418#primaryimage\"},\"thumbnailUrl\":\"http:\/\/www.zerdab.com\/wp-content\/uploads\/2013\/04\/Zerdab1-800x531.jpg\",\"articleSection\":[\"C\u018fM\u0130YY\u018fT\"],\"inLanguage\":\"az\",\"potentialAction\":[{\"@type\":\"CommentAction\",\"name\":\"Comment\",\"target\":[\"https:\/\/www.zerdab.com\/?p=9418#respond\"]}]},{\"@type\":\"WebPage\",\"@id\":\"https:\/\/www.zerdab.com\/?p=9418\",\"url\":\"https:\/\/www.zerdab.com\/?p=9418\",\"name\":\"\u0130qtisadi \u0130nki\u015faf Nazirliyi Z\u0259rdabda konfrans ke\u00e7irdi - fotolar - Z\u0259rdab.com\",\"isPartOf\":{\"@id\":\"https:\/\/www.zerdab.com\/#website\"},\"primaryImageOfPage\":{\"@id\":\"https:\/\/www.zerdab.com\/?p=9418#primaryimage\"},\"image\":{\"@id\":\"https:\/\/www.zerdab.com\/?p=9418#primaryimage\"},\"thumbnailUrl\":\"http:\/\/www.zerdab.com\/wp-content\/uploads\/2013\/04\/Zerdab1-800x531.jpg\",\"datePublished\":\"2013-04-26T11:52:09+00:00\",\"dateModified\":\"2013-04-26T11:53:43+00:00\",\"author\":{\"@id\":\"https:\/\/www.zerdab.com\/#\/schema\/person\/97079b7570c1e89ec0d9e138c3672136\"},\"breadcrumb\":{\"@id\":\"https:\/\/www.zerdab.com\/?p=9418#breadcrumb\"},\"inLanguage\":\"az\",\"potentialAction\":[{\"@type\":\"ReadAction\",\"target\":[\"https:\/\/www.zerdab.com\/?p=9418\"]}]},{\"@type\":\"ImageObject\",\"inLanguage\":\"az\",\"@id\":\"https:\/\/www.zerdab.com\/?p=9418#primaryimage\",\"url\":\"\",\"contentUrl\":\"\"},{\"@type\":\"BreadcrumbList\",\"@id\":\"https:\/\/www.zerdab.com\/?p=9418#breadcrumb\",\"itemListElement\":[{\"@type\":\"ListItem\",\"position\":1,\"name\":\"Home\",\"item\":\"https:\/\/www.zerdab.com\/\"},{\"@type\":\"ListItem\",\"position\":2,\"name\":\"\u0130qtisadi \u0130nki\u015faf Nazirliyi Z\u0259rdabda konfrans ke\u00e7irdi &#8211; fotolar\"}]},{\"@type\":\"WebSite\",\"@id\":\"https:\/\/www.zerdab.com\/#website\",\"url\":\"https:\/\/www.zerdab.com\/\",\"name\":\"Z\u0259rdab.com\",\"description\":\"\",\"potentialAction\":[{\"@type\":\"SearchAction\",\"target\":{\"@type\":\"EntryPoint\",\"urlTemplate\":\"https:\/\/www.zerdab.com\/?s={search_term_string}\"},\"query-input\":{\"@type\":\"PropertyValueSpecification\",\"valueRequired\":true,\"valueName\":\"search_term_string\"}}],\"inLanguage\":\"az\"},{\"@type\":\"Person\",\"@id\":\"https:\/\/www.zerdab.com\/#\/schema\/person\/97079b7570c1e89ec0d9e138c3672136\",\"name\":\"admin\",\"image\":{\"@type\":\"ImageObject\",\"inLanguage\":\"az\",\"@id\":\"https:\/\/www.zerdab.com\/#\/schema\/person\/image\/\",\"url\":\"https:\/\/secure.gravatar.com\/avatar\/d9c52a9a27c32119cb6679a077fa3e2779e5f822c451cbf01098004361d466ec?s=96&d=mm&r=g\",\"contentUrl\":\"https:\/\/secure.gravatar.com\/avatar\/d9c52a9a27c32119cb6679a077fa3e2779e5f822c451cbf01098004361d466ec?s=96&d=mm&r=g\",\"caption\":\"admin\"},\"url\":\"https:\/\/www.zerdab.com\/?author=1\"}]}<\/script>\n<!-- \/ Yoast SEO plugin. -->","yoast_head_json":{"title":"\u0130qtisadi \u0130nki\u015faf Nazirliyi Z\u0259rdabda konfrans ke\u00e7irdi - fotolar - Z\u0259rdab.com","robots":{"index":"index","follow":"follow","max-snippet":"max-snippet:-1","max-image-preview":"max-image-preview:large","max-video-preview":"max-video-preview:-1"},"canonical":"https:\/\/www.zerdab.com\/?p=9418","og_locale":"az_AZ","og_type":"article","og_title":"\u0130qtisadi \u0130nki\u015faf Nazirliyi Z\u0259rdabda konfrans ke\u00e7irdi - fotolar - Z\u0259rdab.com","og_description":"\u0130qtisadi \u0130nki\u015faf Nazirliyi yan\u0131nda Antiinhisar Siyas\u0259ti v\u0259 \u0130stehlak\u00e7\u0131lar\u0131n H\u00fcquqlar\u0131n\u0131n M\u00fcdafi\u0259si D\u00f6vl\u0259t Xidm\u0259tinin x\u0259tti il\u0259 Z\u0259rdab rayonunda \u201cAz\u0259rbaycanda istehlak\u00e7\u0131 h\u00fcquqlar\u0131 qorunur\u201d m\u00f6vzusunda konfrans ke\u00e7irilib.\u00a0Konfrans\u0131 Rayon \u0130HB-n\u0131n sosial-iqtisadi inki\u015faf\u0131n t\u0259hlili v\u0259 proqnozla\u015fd\u0131r\u0131lmas\u0131 \u00fczr\u0259 m\u00fcavini P\u0259rvin Mahmudova a\u00e7araq qonaqlar\u0131 salamlay\u0131b.\u00a0Daha sonra \u0130qtisadi \u0130nki\u015faf Nazirliyi yan\u0131nda Antiinhisar Siyas\u0259ti v\u0259 \u0130stehlak\u00e7\u0131lar\u0131n H\u00fcquqlar\u0131n\u0131n M\u00fcdafi\u0259si D\u00f6vl\u0259t\u00a0 Xidm\u0259tinin r\u0259is m\u00fcavini Araz \u018fliyev giri\u015f [&hellip;]","og_url":"https:\/\/www.zerdab.com\/?p=9418","og_site_name":"Z\u0259rdab.com","article_published_time":"2013-04-26T11:52:09+00:00","article_modified_time":"2013-04-26T11:53:43+00:00","og_image":[{"url":"http:\/\/www.zerdab.com\/wp-content\/uploads\/2013\/04\/Zerdab1-800x531.jpg","type":"","width":"","height":""}],"author":"admin","twitter_card":"summary_large_image","twitter_misc":{"Written by":"admin","Est. reading time":"2 minutes"},"schema":{"@context":"https:\/\/schema.org","@graph":[{"@type":"Article","@id":"https:\/\/www.zerdab.com\/?p=9418#article","isPartOf":{"@id":"https:\/\/www.zerdab.com\/?p=9418"},"author":{"name":"admin","@id":"https:\/\/www.zerdab.com\/#\/schema\/person\/97079b7570c1e89ec0d9e138c3672136"},"headline":"\u0130qtisadi \u0130nki\u015faf Nazirliyi Z\u0259rdabda konfrans ke\u00e7irdi &#8211; fotolar","datePublished":"2013-04-26T11:52:09+00:00","dateModified":"2013-04-26T11:53:43+00:00","mainEntityOfPage":{"@id":"https:\/\/www.zerdab.com\/?p=9418"},"wordCount":506,"commentCount":0,"image":{"@id":"https:\/\/www.zerdab.com\/?p=9418#primaryimage"},"thumbnailUrl":"http:\/\/www.zerdab.com\/wp-content\/uploads\/2013\/04\/Zerdab1-800x531.jpg","articleSection":["C\u018fM\u0130YY\u018fT"],"inLanguage":"az","potentialAction":[{"@type":"CommentAction","name":"Comment","target":["https:\/\/www.zerdab.com\/?p=9418#respond"]}]},{"@type":"WebPage","@id":"https:\/\/www.zerdab.com\/?p=9418","url":"https:\/\/www.zerdab.com\/?p=9418","name":"\u0130qtisadi \u0130nki\u015faf Nazirliyi Z\u0259rdabda konfrans ke\u00e7irdi - fotolar - Z\u0259rdab.com","isPartOf":{"@id":"https:\/\/www.zerdab.com\/#website"},"primaryImageOfPage":{"@id":"https:\/\/www.zerdab.com\/?p=9418#primaryimage"},"image":{"@id":"https:\/\/www.zerdab.com\/?p=9418#primaryimage"},"thumbnailUrl":"http:\/\/www.zerdab.com\/wp-content\/uploads\/2013\/04\/Zerdab1-800x531.jpg","datePublished":"2013-04-26T11:52:09+00:00","dateModified":"2013-04-26T11:53:43+00:00","author":{"@id":"https:\/\/www.zerdab.com\/#\/schema\/person\/97079b7570c1e89ec0d9e138c3672136"},"breadcrumb":{"@id":"https:\/\/www.zerdab.com\/?p=9418#breadcrumb"},"inLanguage":"az","potentialAction":[{"@type":"ReadAction","target":["https:\/\/www.zerdab.com\/?p=9418"]}]},{"@type":"ImageObject","inLanguage":"az","@id":"https:\/\/www.zerdab.com\/?p=9418#primaryimage","url":"","contentUrl":""},{"@type":"BreadcrumbList","@id":"https:\/\/www.zerdab.com\/?p=9418#breadcrumb","itemListElement":[{"@type":"ListItem","position":1,"name":"Home","item":"https:\/\/www.zerdab.com\/"},{"@type":"ListItem","position":2,"name":"\u0130qtisadi \u0130nki\u015faf Nazirliyi Z\u0259rdabda konfrans ke\u00e7irdi &#8211; fotolar"}]},{"@type":"WebSite","@id":"https:\/\/www.zerdab.com\/#website","url":"https:\/\/www.zerdab.com\/","name":"Z\u0259rdab.com","description":"","potentialAction":[{"@type":"SearchAction","target":{"@type":"EntryPoint","urlTemplate":"https:\/\/www.zerdab.com\/?s={search_term_string}"},"query-input":{"@type":"PropertyValueSpecification","valueRequired":true,"valueName":"search_term_string"}}],"inLanguage":"az"},{"@type":"Person","@id":"https:\/\/www.zerdab.com\/#\/schema\/person\/97079b7570c1e89ec0d9e138c3672136","name":"admin","image":{"@type":"ImageObject","inLanguage":"az","@id":"https:\/\/www.zerdab.com\/#\/schema\/person\/image\/","url":"https:\/\/secure.gravatar.com\/avatar\/d9c52a9a27c32119cb6679a077fa3e2779e5f822c451cbf01098004361d466ec?s=96&d=mm&r=g","contentUrl":"https:\/\/secure.gravatar.com\/avatar\/d9c52a9a27c32119cb6679a077fa3e2779e5f822c451cbf01098004361d466ec?s=96&d=mm&r=g","caption":"admin"},"url":"https:\/\/www.zerdab.com\/?author=1"}]}},"_links":{"self":[{"href":"https:\/\/www.zerdab.com\/index.php?rest_route=\/wp\/v2\/posts\/9418","targetHints":{"allow":["GET"]}}],"collection":[{"href":"https:\/\/www.zerdab.com\/index.php?rest_route=\/wp\/v2\/posts"}],"about":[{"href":"https:\/\/www.zerdab.com\/index.php?rest_route=\/wp\/v2\/types\/post"}],"author":[{"embeddable":true,"href":"https:\/\/www.zerdab.com\/index.php?rest_route=\/wp\/v2\/users\/1"}],"replies":[{"embeddable":true,"href":"https:\/\/www.zerdab.com\/index.php?rest_route=%2Fwp%2Fv2%2Fcomments&post=9418"}],"version-history":[{"count":3,"href":"https:\/\/www.zerdab.com\/index.php?rest_route=\/wp\/v2\/posts\/9418\/revisions"}],"predecessor-version":[{"id":9422,"href":"https:\/\/www.zerdab.com\/index.php?rest_route=\/wp\/v2\/posts\/9418\/revisions\/9422"}],"wp:attachment":[{"href":"https:\/\/www.zerdab.com\/index.php?rest_route=%2Fwp%2Fv2%2Fmedia&parent=9418"}],"wp:term":[{"taxonomy":"category","embeddable":true,"href":"https:\/\/www.zerdab.com\/index.php?rest_route=%2Fwp%2Fv2%2Fcategories&post=9418"},{"taxonomy":"post_tag","embeddable":true,"href":"https:\/\/www.zerdab.com\/index.php?rest_route=%2Fwp%2Fv2%2Ftags&post=9418"}],"curies":[{"name":"wp","href":"https:\/\/api.w.org\/{rel}","templated":true}]}}