{"id":9430,"date":"2013-04-27T09:30:57","date_gmt":"2013-04-27T04:30:57","guid":{"rendered":"http:\/\/www.zerdab.com\/?p=9430"},"modified":"2013-04-26T23:45:38","modified_gmt":"2013-04-26T18:45:38","slug":"z%c9%99rdab-rayonundan-3-dovl%c9%99t-qurumuna-muraci%c9%99t-olunacaq","status":"publish","type":"post","link":"https:\/\/www.zerdab.com\/?p=9430","title":{"rendered":"Z\u0259rdab rayonundan 3 d\u00f6vl\u0259t qurumuna m\u00fcraci\u0259t olunacaq"},"content":{"rendered":"<p><strong><img loading=\"lazy\" decoding=\"async\" class=\"aligncenter size-medium wp-image-9431\" alt=\"Nazirler-kabineti\" src=\"http:\/\/www.zerdab.com\/wp-content\/uploads\/2013\/04\/Nazirler-kabineti-400x158.jpg\" width=\"400\" height=\"158\" \/>Z\u0259rdab rayonundan Nazirl\u0259r Kabinetin\u0259, Maliyy\u0259 v\u0259 T\u0259hsil Nazirlikl\u0259rin\u0259 m\u00fcraci\u0259t olacaq.<\/strong> Zerdab.com sayt\u0131na veril\u0259n m\u0259lumata g\u00f6r\u0259, m\u00fcraci\u0259tl\u0259r q\u0259zal\u0131 v\u0259ziyy\u0259td\u0259 olan Z\u0259rdab \u015f\u0259h\u0259r \u00fcmumi, D\u0259li Qu\u015f\u00e7u, \u018flib\u0259yli v\u0259 Sar\u0131qaya k\u0259nd tam orta m\u0259kt\u0259bl\u0259ri \u00fc\u00e7\u00fcn yeni binalar\u0131n tikilm\u0259si il\u0259 ba\u011fl\u0131d\u0131r. Bundan ba\u015fqa, 1970-1980-ci ill\u0259rd\u0259 tikilmi\u015f v\u0259 \u0259sasl\u0131 t\u0259mir olunmam\u0131\u015f \u015f\u0259h\u0259r 1 n\u00f6mr\u0259li m\u0259kt\u0259b-liseyin v\u0259 2 n\u00f6mr\u0259li tam orta m\u0259kt\u0259bin binas\u0131n\u0131n t\u0259mir olunmas\u0131 \u00fc\u00e7\u00fcn d\u0259 s\u00f6z\u00fcged\u0259n qurumlara m\u00fcraci\u0259t edil\u0259c\u0259k.<\/p>\n<p>&nbsp;<\/p>\n<p>Zerdab.com<\/p>\n","protected":false},"excerpt":{"rendered":"<p>Z\u0259rdab rayonundan Nazirl\u0259r Kabinetin\u0259, Maliyy\u0259 v\u0259 T\u0259hsil Nazirlikl\u0259rin\u0259 m\u00fcraci\u0259t olacaq. Zerdab.com sayt\u0131na veril\u0259n m\u0259lumata g\u00f6r\u0259, m\u00fcraci\u0259tl\u0259r q\u0259zal\u0131 v\u0259ziyy\u0259td\u0259 olan Z\u0259rdab \u015f\u0259h\u0259r \u00fcmumi, D\u0259li Qu\u015f\u00e7u, \u018flib\u0259yli v\u0259 Sar\u0131qaya k\u0259nd tam orta m\u0259kt\u0259bl\u0259ri \u00fc\u00e7\u00fcn yeni binalar\u0131n tikilm\u0259si il\u0259 ba\u011fl\u0131d\u0131r. Bundan ba\u015fqa, 1970-1980-ci ill\u0259rd\u0259 tikilmi\u015f v\u0259 \u0259sasl\u0131 t\u0259mir olunmam\u0131\u015f \u015f\u0259h\u0259r 1 n\u00f6mr\u0259li m\u0259kt\u0259b-liseyin v\u0259 2 n\u00f6mr\u0259li tam orta [&hellip;]<\/p>\n","protected":false},"author":1,"featured_media":0,"comment_status":"open","ping_status":"open","sticky":false,"template":"","format":"standard","meta":{"footnotes":""},"categories":[21],"tags":[],"class_list":{"0":"post-9430","1":"post","2":"type-post","3":"status-publish","4":"format-standard","6":"category-zrdab"},"yoast_head":"<!-- This site is optimized with the Yoast SEO plugin v27.0 - https:\/\/yoast.com\/product\/yoast-seo-wordpress\/ -->\n<title>Z\u0259rdab rayonundan 3 d\u00f6vl\u0259t qurumuna m\u00fcraci\u0259t olunacaq - Z\u0259rdab.com<\/title>\n<meta name=\"robots\" content=\"index, follow, max-snippet:-1, max-image-preview:large, max-video-preview:-1\" \/>\n<link rel=\"canonical\" href=\"https:\/\/www.zerdab.com\/?p=9430\" \/>\n<meta property=\"og:locale\" content=\"az_AZ\" \/>\n<meta property=\"og:type\" content=\"article\" \/>\n<meta property=\"og:title\" content=\"Z\u0259rdab rayonundan 3 d\u00f6vl\u0259t qurumuna m\u00fcraci\u0259t olunacaq - Z\u0259rdab.com\" \/>\n<meta property=\"og:description\" content=\"Z\u0259rdab rayonundan Nazirl\u0259r Kabinetin\u0259, Maliyy\u0259 v\u0259 T\u0259hsil Nazirlikl\u0259rin\u0259 m\u00fcraci\u0259t olacaq. Zerdab.com sayt\u0131na veril\u0259n m\u0259lumata g\u00f6r\u0259, m\u00fcraci\u0259tl\u0259r q\u0259zal\u0131 v\u0259ziyy\u0259td\u0259 olan Z\u0259rdab \u015f\u0259h\u0259r \u00fcmumi, D\u0259li Qu\u015f\u00e7u, \u018flib\u0259yli v\u0259 Sar\u0131qaya k\u0259nd tam orta m\u0259kt\u0259bl\u0259ri \u00fc\u00e7\u00fcn yeni binalar\u0131n tikilm\u0259si il\u0259 ba\u011fl\u0131d\u0131r. Bundan ba\u015fqa, 1970-1980-ci ill\u0259rd\u0259 tikilmi\u015f v\u0259 \u0259sasl\u0131 t\u0259mir olunmam\u0131\u015f \u015f\u0259h\u0259r 1 n\u00f6mr\u0259li m\u0259kt\u0259b-liseyin v\u0259 2 n\u00f6mr\u0259li tam orta [&hellip;]\" \/>\n<meta property=\"og:url\" content=\"https:\/\/www.zerdab.com\/?p=9430\" \/>\n<meta property=\"og:site_name\" content=\"Z\u0259rdab.com\" \/>\n<meta property=\"article:published_time\" content=\"2013-04-27T04:30:57+00:00\" \/>\n<meta property=\"og:image\" content=\"http:\/\/www.zerdab.com\/wp-content\/uploads\/2013\/04\/Nazirler-kabineti-400x158.jpg\" \/>\n<meta name=\"author\" content=\"admin\" \/>\n<meta name=\"twitter:card\" content=\"summary_large_image\" \/>\n<meta name=\"twitter:label1\" content=\"Written by\" \/>\n\t<meta name=\"twitter:data1\" content=\"admin\" \/>\n\t<meta name=\"twitter:label2\" content=\"Est. reading time\" \/>\n\t<meta name=\"twitter:data2\" content=\"1 minute\" \/>\n<script type=\"application\/ld+json\" class=\"yoast-schema-graph\">{\"@context\":\"https:\/\/schema.org\",\"@graph\":[{\"@type\":\"Article\",\"@id\":\"https:\/\/www.zerdab.com\/?p=9430#article\",\"isPartOf\":{\"@id\":\"https:\/\/www.zerdab.com\/?p=9430\"},\"author\":{\"name\":\"admin\",\"@id\":\"https:\/\/www.zerdab.com\/#\/schema\/person\/97079b7570c1e89ec0d9e138c3672136\"},\"headline\":\"Z\u0259rdab rayonundan 3 d\u00f6vl\u0259t qurumuna m\u00fcraci\u0259t olunacaq\",\"datePublished\":\"2013-04-27T04:30:57+00:00\",\"mainEntityOfPage\":{\"@id\":\"https:\/\/www.zerdab.com\/?p=9430\"},\"wordCount\":132,\"commentCount\":1,\"image\":{\"@id\":\"https:\/\/www.zerdab.com\/?p=9430#primaryimage\"},\"thumbnailUrl\":\"http:\/\/www.zerdab.com\/wp-content\/uploads\/2013\/04\/Nazirler-kabineti-400x158.jpg\",\"articleSection\":[\"C\u018fM\u0130YY\u018fT\"],\"inLanguage\":\"az\",\"potentialAction\":[{\"@type\":\"CommentAction\",\"name\":\"Comment\",\"target\":[\"https:\/\/www.zerdab.com\/?p=9430#respond\"]}]},{\"@type\":\"WebPage\",\"@id\":\"https:\/\/www.zerdab.com\/?p=9430\",\"url\":\"https:\/\/www.zerdab.com\/?p=9430\",\"name\":\"Z\u0259rdab rayonundan 3 d\u00f6vl\u0259t qurumuna m\u00fcraci\u0259t olunacaq - Z\u0259rdab.com\",\"isPartOf\":{\"@id\":\"https:\/\/www.zerdab.com\/#website\"},\"primaryImageOfPage\":{\"@id\":\"https:\/\/www.zerdab.com\/?p=9430#primaryimage\"},\"image\":{\"@id\":\"https:\/\/www.zerdab.com\/?p=9430#primaryimage\"},\"thumbnailUrl\":\"http:\/\/www.zerdab.com\/wp-content\/uploads\/2013\/04\/Nazirler-kabineti-400x158.jpg\",\"datePublished\":\"2013-04-27T04:30:57+00:00\",\"author\":{\"@id\":\"https:\/\/www.zerdab.com\/#\/schema\/person\/97079b7570c1e89ec0d9e138c3672136\"},\"breadcrumb\":{\"@id\":\"https:\/\/www.zerdab.com\/?p=9430#breadcrumb\"},\"inLanguage\":\"az\",\"potentialAction\":[{\"@type\":\"ReadAction\",\"target\":[\"https:\/\/www.zerdab.com\/?p=9430\"]}]},{\"@type\":\"ImageObject\",\"inLanguage\":\"az\",\"@id\":\"https:\/\/www.zerdab.com\/?p=9430#primaryimage\",\"url\":\"\",\"contentUrl\":\"\"},{\"@type\":\"BreadcrumbList\",\"@id\":\"https:\/\/www.zerdab.com\/?p=9430#breadcrumb\",\"itemListElement\":[{\"@type\":\"ListItem\",\"position\":1,\"name\":\"Home\",\"item\":\"https:\/\/www.zerdab.com\/\"},{\"@type\":\"ListItem\",\"position\":2,\"name\":\"Z\u0259rdab rayonundan 3 d\u00f6vl\u0259t qurumuna m\u00fcraci\u0259t olunacaq\"}]},{\"@type\":\"WebSite\",\"@id\":\"https:\/\/www.zerdab.com\/#website\",\"url\":\"https:\/\/www.zerdab.com\/\",\"name\":\"Z\u0259rdab.com\",\"description\":\"\",\"potentialAction\":[{\"@type\":\"SearchAction\",\"target\":{\"@type\":\"EntryPoint\",\"urlTemplate\":\"https:\/\/www.zerdab.com\/?s={search_term_string}\"},\"query-input\":{\"@type\":\"PropertyValueSpecification\",\"valueRequired\":true,\"valueName\":\"search_term_string\"}}],\"inLanguage\":\"az\"},{\"@type\":\"Person\",\"@id\":\"https:\/\/www.zerdab.com\/#\/schema\/person\/97079b7570c1e89ec0d9e138c3672136\",\"name\":\"admin\",\"image\":{\"@type\":\"ImageObject\",\"inLanguage\":\"az\",\"@id\":\"https:\/\/www.zerdab.com\/#\/schema\/person\/image\/\",\"url\":\"https:\/\/secure.gravatar.com\/avatar\/d9c52a9a27c32119cb6679a077fa3e2779e5f822c451cbf01098004361d466ec?s=96&d=mm&r=g\",\"contentUrl\":\"https:\/\/secure.gravatar.com\/avatar\/d9c52a9a27c32119cb6679a077fa3e2779e5f822c451cbf01098004361d466ec?s=96&d=mm&r=g\",\"caption\":\"admin\"},\"url\":\"https:\/\/www.zerdab.com\/?author=1\"}]}<\/script>\n<!-- \/ Yoast SEO plugin. -->","yoast_head_json":{"title":"Z\u0259rdab rayonundan 3 d\u00f6vl\u0259t qurumuna m\u00fcraci\u0259t olunacaq - Z\u0259rdab.com","robots":{"index":"index","follow":"follow","max-snippet":"max-snippet:-1","max-image-preview":"max-image-preview:large","max-video-preview":"max-video-preview:-1"},"canonical":"https:\/\/www.zerdab.com\/?p=9430","og_locale":"az_AZ","og_type":"article","og_title":"Z\u0259rdab rayonundan 3 d\u00f6vl\u0259t qurumuna m\u00fcraci\u0259t olunacaq - Z\u0259rdab.com","og_description":"Z\u0259rdab rayonundan Nazirl\u0259r Kabinetin\u0259, Maliyy\u0259 v\u0259 T\u0259hsil Nazirlikl\u0259rin\u0259 m\u00fcraci\u0259t olacaq. Zerdab.com sayt\u0131na veril\u0259n m\u0259lumata g\u00f6r\u0259, m\u00fcraci\u0259tl\u0259r q\u0259zal\u0131 v\u0259ziyy\u0259td\u0259 olan Z\u0259rdab \u015f\u0259h\u0259r \u00fcmumi, D\u0259li Qu\u015f\u00e7u, \u018flib\u0259yli v\u0259 Sar\u0131qaya k\u0259nd tam orta m\u0259kt\u0259bl\u0259ri \u00fc\u00e7\u00fcn yeni binalar\u0131n tikilm\u0259si il\u0259 ba\u011fl\u0131d\u0131r. Bundan ba\u015fqa, 1970-1980-ci ill\u0259rd\u0259 tikilmi\u015f v\u0259 \u0259sasl\u0131 t\u0259mir olunmam\u0131\u015f \u015f\u0259h\u0259r 1 n\u00f6mr\u0259li m\u0259kt\u0259b-liseyin v\u0259 2 n\u00f6mr\u0259li tam orta [&hellip;]","og_url":"https:\/\/www.zerdab.com\/?p=9430","og_site_name":"Z\u0259rdab.com","article_published_time":"2013-04-27T04:30:57+00:00","og_image":[{"url":"http:\/\/www.zerdab.com\/wp-content\/uploads\/2013\/04\/Nazirler-kabineti-400x158.jpg","type":"","width":"","height":""}],"author":"admin","twitter_card":"summary_large_image","twitter_misc":{"Written by":"admin","Est. reading time":"1 minute"},"schema":{"@context":"https:\/\/schema.org","@graph":[{"@type":"Article","@id":"https:\/\/www.zerdab.com\/?p=9430#article","isPartOf":{"@id":"https:\/\/www.zerdab.com\/?p=9430"},"author":{"name":"admin","@id":"https:\/\/www.zerdab.com\/#\/schema\/person\/97079b7570c1e89ec0d9e138c3672136"},"headline":"Z\u0259rdab rayonundan 3 d\u00f6vl\u0259t qurumuna m\u00fcraci\u0259t olunacaq","datePublished":"2013-04-27T04:30:57+00:00","mainEntityOfPage":{"@id":"https:\/\/www.zerdab.com\/?p=9430"},"wordCount":132,"commentCount":1,"image":{"@id":"https:\/\/www.zerdab.com\/?p=9430#primaryimage"},"thumbnailUrl":"http:\/\/www.zerdab.com\/wp-content\/uploads\/2013\/04\/Nazirler-kabineti-400x158.jpg","articleSection":["C\u018fM\u0130YY\u018fT"],"inLanguage":"az","potentialAction":[{"@type":"CommentAction","name":"Comment","target":["https:\/\/www.zerdab.com\/?p=9430#respond"]}]},{"@type":"WebPage","@id":"https:\/\/www.zerdab.com\/?p=9430","url":"https:\/\/www.zerdab.com\/?p=9430","name":"Z\u0259rdab rayonundan 3 d\u00f6vl\u0259t qurumuna m\u00fcraci\u0259t olunacaq - Z\u0259rdab.com","isPartOf":{"@id":"https:\/\/www.zerdab.com\/#website"},"primaryImageOfPage":{"@id":"https:\/\/www.zerdab.com\/?p=9430#primaryimage"},"image":{"@id":"https:\/\/www.zerdab.com\/?p=9430#primaryimage"},"thumbnailUrl":"http:\/\/www.zerdab.com\/wp-content\/uploads\/2013\/04\/Nazirler-kabineti-400x158.jpg","datePublished":"2013-04-27T04:30:57+00:00","author":{"@id":"https:\/\/www.zerdab.com\/#\/schema\/person\/97079b7570c1e89ec0d9e138c3672136"},"breadcrumb":{"@id":"https:\/\/www.zerdab.com\/?p=9430#breadcrumb"},"inLanguage":"az","potentialAction":[{"@type":"ReadAction","target":["https:\/\/www.zerdab.com\/?p=9430"]}]},{"@type":"ImageObject","inLanguage":"az","@id":"https:\/\/www.zerdab.com\/?p=9430#primaryimage","url":"","contentUrl":""},{"@type":"BreadcrumbList","@id":"https:\/\/www.zerdab.com\/?p=9430#breadcrumb","itemListElement":[{"@type":"ListItem","position":1,"name":"Home","item":"https:\/\/www.zerdab.com\/"},{"@type":"ListItem","position":2,"name":"Z\u0259rdab rayonundan 3 d\u00f6vl\u0259t qurumuna m\u00fcraci\u0259t olunacaq"}]},{"@type":"WebSite","@id":"https:\/\/www.zerdab.com\/#website","url":"https:\/\/www.zerdab.com\/","name":"Z\u0259rdab.com","description":"","potentialAction":[{"@type":"SearchAction","target":{"@type":"EntryPoint","urlTemplate":"https:\/\/www.zerdab.com\/?s={search_term_string}"},"query-input":{"@type":"PropertyValueSpecification","valueRequired":true,"valueName":"search_term_string"}}],"inLanguage":"az"},{"@type":"Person","@id":"https:\/\/www.zerdab.com\/#\/schema\/person\/97079b7570c1e89ec0d9e138c3672136","name":"admin","image":{"@type":"ImageObject","inLanguage":"az","@id":"https:\/\/www.zerdab.com\/#\/schema\/person\/image\/","url":"https:\/\/secure.gravatar.com\/avatar\/d9c52a9a27c32119cb6679a077fa3e2779e5f822c451cbf01098004361d466ec?s=96&d=mm&r=g","contentUrl":"https:\/\/secure.gravatar.com\/avatar\/d9c52a9a27c32119cb6679a077fa3e2779e5f822c451cbf01098004361d466ec?s=96&d=mm&r=g","caption":"admin"},"url":"https:\/\/www.zerdab.com\/?author=1"}]}},"_links":{"self":[{"href":"https:\/\/www.zerdab.com\/index.php?rest_route=\/wp\/v2\/posts\/9430","targetHints":{"allow":["GET"]}}],"collection":[{"href":"https:\/\/www.zerdab.com\/index.php?rest_route=\/wp\/v2\/posts"}],"about":[{"href":"https:\/\/www.zerdab.com\/index.php?rest_route=\/wp\/v2\/types\/post"}],"author":[{"embeddable":true,"href":"https:\/\/www.zerdab.com\/index.php?rest_route=\/wp\/v2\/users\/1"}],"replies":[{"embeddable":true,"href":"https:\/\/www.zerdab.com\/index.php?rest_route=%2Fwp%2Fv2%2Fcomments&post=9430"}],"version-history":[{"count":2,"href":"https:\/\/www.zerdab.com\/index.php?rest_route=\/wp\/v2\/posts\/9430\/revisions"}],"predecessor-version":[{"id":9433,"href":"https:\/\/www.zerdab.com\/index.php?rest_route=\/wp\/v2\/posts\/9430\/revisions\/9433"}],"wp:attachment":[{"href":"https:\/\/www.zerdab.com\/index.php?rest_route=%2Fwp%2Fv2%2Fmedia&parent=9430"}],"wp:term":[{"taxonomy":"category","embeddable":true,"href":"https:\/\/www.zerdab.com\/index.php?rest_route=%2Fwp%2Fv2%2Fcategories&post=9430"},{"taxonomy":"post_tag","embeddable":true,"href":"https:\/\/www.zerdab.com\/index.php?rest_route=%2Fwp%2Fv2%2Ftags&post=9430"}],"curies":[{"name":"wp","href":"https:\/\/api.w.org\/{rel}","templated":true}]}}