{"id":9495,"date":"2013-04-30T14:44:02","date_gmt":"2013-04-30T09:44:02","guid":{"rendered":"http:\/\/www.zerdab.com\/?p=9495"},"modified":"2013-04-30T14:44:02","modified_gmt":"2013-04-30T09:44:02","slug":"z%c9%99rdabda-hesabat-son-3-ayda-rayonda-hansi-isl%c9%99r-gorulub","status":"publish","type":"post","link":"https:\/\/www.zerdab.com\/?p=9495","title":{"rendered":"Z\u0259rdabda hesabat: son 3 ayda rayonda hans\u0131 i\u015fl\u0259r g\u00f6r\u00fcl\u00fcb?"},"content":{"rendered":"<p style=\"text-align: justify;\" align=\"center\"><span style=\"color: #000080;\"><strong><img loading=\"lazy\" decoding=\"async\" class=\"aligncenter size-medium wp-image-9496\" alt=\"Zerdab rayonu\" src=\"http:\/\/www.zerdab.com\/wp-content\/uploads\/2013\/04\/Zerdab-rayonu1-400x265.jpg\" width=\"400\" height=\"265\" \/>Z\u0259rdab rayonunda 2013-c\u00fc ilin birinci\u00a0<em>r\u00fcb\u00fcn\u00fcn yekunlar\u0131<\/em>\u00a0m\u00fczakir\u0259 olunub. Z\u0259rdab R\u0130HBA-n\u0131n informasiya t\u0259minat\u0131 v\u0259 t\u0259hlil sektorundan Zerdab.com sayt\u0131na veril\u0259n m\u0259lumata g\u00f6r\u0259, iclas\u0131 giri\u015f s\u00f6z\u00fc il\u0259 Z\u0259rdab rayon \u0130cra Hakimiyy\u0259tinin\u00a0ba\u015f\u00e7\u0131s\u0131 L\u00fctv\u0259li Babayev a\u00e7\u0131b. \u00a0<\/strong><\/span>Bildirilib ki, cari ilin birinci r\u00fcb\u00fc \u0259rzind\u0259 Z\u0259rdab rayonunda quruculuq abadl\u0131q i\u015fl\u0259ri davam etdirilib, sosial layih\u0259l\u0259r h\u0259yata ke\u00e7irilib. Rayon iqtisadiyyat\u0131n\u0131n \u0259sas sah\u0259l\u0259rind\u0259 12 milyon 468 min manatl\u0131q m\u0259hsul istehsal edilib. 126 daimi i\u015f yeri yarad\u0131l\u0131b. Rayon iqtisadiyyat\u0131n\u0131n \u0259sas\u0131n\u0131 t\u0259\u015fkil ed\u0259n k\u0259nd t\u0259s\u0259rr\u00fcfat\u0131nda da inki\u015faf v\u0259 ir\u0259lil\u0259yi\u015f n\u0259z\u0259r\u0259 \u00e7arp\u0131b. Bel\u0259 ki, 2013-c\u00fc ilin m\u0259hsulu \u00fc\u00e7\u00fcn 17431 hektar sah\u0259d\u0259 \u0259kil\u0259n pay\u0131zl\u0131q tax\u0131la z\u0259ruri aqrotexniki qulluq g\u00f6st\u0259rilib.\u00a0L\u00fctv\u0259li Babayev bildirib ki, d\u00f6vl\u0259t proqram\u0131na uy\u011fun olaraq \u00c7all\u0131, \u0130saqba\u011f\u0131, A\u015fa\u011f\u0131 Seyidl\u0259r k\u0259ndl\u0259rind\u0259 yeni m\u0259kt\u0259b binalar\u0131n\u0131n tikintisi davam etdirilib. 3 sayl\u0131 k\u00f6rp\u0259l\u0259r evi u\u015faq ba\u011f\u00e7as\u0131n\u0131n binas\u0131n\u0131n \u0259sasl\u0131 t\u0259miri ba\u015fa \u00e7atd\u0131r\u0131l\u0131b. H\u0259s\u0259n B\u0259y Z\u0259rdabi muzeyind\u0259 yenid\u0259nqurma i\u015fl\u0259ri davam etdirilib. Hesabat d\u00f6vr\u00fcnd\u0259 rayonun G\u0259lm\u0259, Salahl\u0131, Xanm\u0259mm\u0259dli v\u0259 H\u00fcseynxanl\u0131 k\u0259ndl\u0259rin\u0259 qaz x\u0259ttinin \u00e7\u0259kili\u015fi yekunla\u015f\u0131b, eyni zamanda P\u0259rvanl\u0131 v\u0259 D\u0259li Qu\u015f\u00e7u k\u0259ndl\u0259rin\u0259, \u201c32 hektar\u201d adlanan \u0259raziy\u0259 mavi yanaca\u011f\u0131n verilm\u0259si istiqam\u0259tind\u0259 m\u00fch\u00fcm add\u0131mlar at\u0131l\u0131b. Z\u0259rdab-Yuxar\u0131 Seyidl\u0259r-Sil\u0259yli avtomobil yolunun 2-ci hiss\u0259sinin \u0259sasl\u0131 tikintisi s\u00fcr\u0259tl\u0259 apar\u0131l\u0131b. Z\u0259rdab \u015f\u0259h\u0259rinin su v\u0259 kanalizasiya sisteminin yenid\u0259n qurulmas\u0131 layih\u0259sinin icras\u0131 u\u011furla davam etdirilib. 2 min\u0259 yax\u0131n ail\u0259y\u0259 bulaq suyu verilib. S\u00fcd m\u0259hsullar\u0131 istehsal ed\u0259n zavod, \u201cAqrolizinq\u201d A\u00e7\u0131q S\u0259hmdar C\u0259miyy\u0259tinin rayon aqroservis filial\u0131n\u0131n inzibati binas\u0131, tax\u0131l v\u0259 g\u00fcbr\u0259 anbar\u0131, Baytarl\u0131q \u0130dar\u0259sinin yeni binas\u0131 istifad\u0259y\u0259 tam haz\u0131r v\u0259ziyy\u0259t\u0259 g\u0259tirilib. Hesabat d\u00f6vr\u00fcnd\u0259 rayonun 4 k\u0259ndind\u0259 f\u0259aliyy\u0259t g\u00f6st\u0259r\u0259n elektron avtomat telefon stansiyalar\u0131 y\u00fcks\u0259k s\u00fcr\u0259tli internetl\u0259 t\u0259min olunub. Bununla bel\u0259 \u00dcmummilli liderimiz Heyd\u0259r \u018fliyevin anadan olmas\u0131n\u0131n 90 illik yubileyi m\u00fcnasib\u0259til\u0259 magistral avtomobil yollar\u0131n\u0131n k\u0259narlar\u0131nda, rayon m\u0259rk\u0259zind\u0259, k\u0259nd v\u0259 q\u0259s\u0259b\u0259l\u0259rd\u0259 93 min \u0259d\u0259dd\u0259n \u00e7ox a\u011fac \u0259kilib.<\/p>\n<p style=\"text-align: justify;\">Hesabat y\u0131\u011f\u0131nca\u011f\u0131nda ayr\u0131-ayr\u0131 sah\u0259l\u0259r daha \u0259trafl\u0131 t\u0259hlil olunub, qar\u015f\u0131da duran v\u0259zif\u0259l\u0259r m\u00fc\u0259yy\u0259nl\u0259\u015fdirilib.<\/p>\n<p style=\"text-align: justify;\">\n<p style=\"text-align: justify;\"><strong>Zerdab.com<\/strong><\/p>\n","protected":false},"excerpt":{"rendered":"<p>Z\u0259rdab rayonunda 2013-c\u00fc ilin birinci\u00a0r\u00fcb\u00fcn\u00fcn yekunlar\u0131\u00a0m\u00fczakir\u0259 olunub. Z\u0259rdab R\u0130HBA-n\u0131n informasiya t\u0259minat\u0131 v\u0259 t\u0259hlil sektorundan Zerdab.com sayt\u0131na veril\u0259n m\u0259lumata g\u00f6r\u0259, iclas\u0131 giri\u015f s\u00f6z\u00fc il\u0259 Z\u0259rdab rayon \u0130cra Hakimiyy\u0259tinin\u00a0ba\u015f\u00e7\u0131s\u0131 L\u00fctv\u0259li Babayev a\u00e7\u0131b. \u00a0Bildirilib ki, cari ilin birinci r\u00fcb\u00fc \u0259rzind\u0259 Z\u0259rdab rayonunda quruculuq abadl\u0131q i\u015fl\u0259ri davam etdirilib, sosial layih\u0259l\u0259r h\u0259yata ke\u00e7irilib. Rayon iqtisadiyyat\u0131n\u0131n \u0259sas sah\u0259l\u0259rind\u0259 12 milyon 468 [&hellip;]<\/p>\n","protected":false},"author":1,"featured_media":0,"comment_status":"open","ping_status":"open","sticky":false,"template":"","format":"standard","meta":{"footnotes":""},"categories":[21],"tags":[],"class_list":{"0":"post-9495","1":"post","2":"type-post","3":"status-publish","4":"format-standard","6":"category-zrdab"},"yoast_head":"<!-- This site is optimized with the Yoast SEO plugin v27.0 - https:\/\/yoast.com\/product\/yoast-seo-wordpress\/ -->\n<title>Z\u0259rdabda hesabat: son 3 ayda rayonda hans\u0131 i\u015fl\u0259r g\u00f6r\u00fcl\u00fcb? - Z\u0259rdab.com<\/title>\n<meta name=\"robots\" content=\"index, follow, max-snippet:-1, max-image-preview:large, max-video-preview:-1\" \/>\n<link rel=\"canonical\" href=\"https:\/\/www.zerdab.com\/?p=9495\" \/>\n<meta property=\"og:locale\" content=\"az_AZ\" \/>\n<meta property=\"og:type\" content=\"article\" \/>\n<meta property=\"og:title\" content=\"Z\u0259rdabda hesabat: son 3 ayda rayonda hans\u0131 i\u015fl\u0259r g\u00f6r\u00fcl\u00fcb? - Z\u0259rdab.com\" \/>\n<meta property=\"og:description\" content=\"Z\u0259rdab rayonunda 2013-c\u00fc ilin birinci\u00a0r\u00fcb\u00fcn\u00fcn yekunlar\u0131\u00a0m\u00fczakir\u0259 olunub. Z\u0259rdab R\u0130HBA-n\u0131n informasiya t\u0259minat\u0131 v\u0259 t\u0259hlil sektorundan Zerdab.com sayt\u0131na veril\u0259n m\u0259lumata g\u00f6r\u0259, iclas\u0131 giri\u015f s\u00f6z\u00fc il\u0259 Z\u0259rdab rayon \u0130cra Hakimiyy\u0259tinin\u00a0ba\u015f\u00e7\u0131s\u0131 L\u00fctv\u0259li Babayev a\u00e7\u0131b. \u00a0Bildirilib ki, cari ilin birinci r\u00fcb\u00fc \u0259rzind\u0259 Z\u0259rdab rayonunda quruculuq abadl\u0131q i\u015fl\u0259ri davam etdirilib, sosial layih\u0259l\u0259r h\u0259yata ke\u00e7irilib. Rayon iqtisadiyyat\u0131n\u0131n \u0259sas sah\u0259l\u0259rind\u0259 12 milyon 468 [&hellip;]\" \/>\n<meta property=\"og:url\" content=\"https:\/\/www.zerdab.com\/?p=9495\" \/>\n<meta property=\"og:site_name\" content=\"Z\u0259rdab.com\" \/>\n<meta property=\"article:published_time\" content=\"2013-04-30T09:44:02+00:00\" \/>\n<meta property=\"og:image\" content=\"http:\/\/www.zerdab.com\/wp-content\/uploads\/2013\/04\/Zerdab-rayonu1-400x265.jpg\" \/>\n<meta name=\"author\" content=\"admin\" \/>\n<meta name=\"twitter:card\" content=\"summary_large_image\" \/>\n<meta name=\"twitter:label1\" content=\"Written by\" \/>\n\t<meta name=\"twitter:data1\" content=\"admin\" \/>\n\t<meta name=\"twitter:label2\" content=\"Est. reading time\" \/>\n\t<meta name=\"twitter:data2\" content=\"2 minutes\" \/>\n<script type=\"application\/ld+json\" class=\"yoast-schema-graph\">{\"@context\":\"https:\/\/schema.org\",\"@graph\":[{\"@type\":\"Article\",\"@id\":\"https:\/\/www.zerdab.com\/?p=9495#article\",\"isPartOf\":{\"@id\":\"https:\/\/www.zerdab.com\/?p=9495\"},\"author\":{\"name\":\"admin\",\"@id\":\"https:\/\/www.zerdab.com\/#\/schema\/person\/97079b7570c1e89ec0d9e138c3672136\"},\"headline\":\"Z\u0259rdabda hesabat: son 3 ayda rayonda hans\u0131 i\u015fl\u0259r g\u00f6r\u00fcl\u00fcb?\",\"datePublished\":\"2013-04-30T09:44:02+00:00\",\"mainEntityOfPage\":{\"@id\":\"https:\/\/www.zerdab.com\/?p=9495\"},\"wordCount\":485,\"commentCount\":0,\"image\":{\"@id\":\"https:\/\/www.zerdab.com\/?p=9495#primaryimage\"},\"thumbnailUrl\":\"http:\/\/www.zerdab.com\/wp-content\/uploads\/2013\/04\/Zerdab-rayonu1-400x265.jpg\",\"articleSection\":[\"C\u018fM\u0130YY\u018fT\"],\"inLanguage\":\"az\",\"potentialAction\":[{\"@type\":\"CommentAction\",\"name\":\"Comment\",\"target\":[\"https:\/\/www.zerdab.com\/?p=9495#respond\"]}]},{\"@type\":\"WebPage\",\"@id\":\"https:\/\/www.zerdab.com\/?p=9495\",\"url\":\"https:\/\/www.zerdab.com\/?p=9495\",\"name\":\"Z\u0259rdabda hesabat: son 3 ayda rayonda hans\u0131 i\u015fl\u0259r g\u00f6r\u00fcl\u00fcb? - Z\u0259rdab.com\",\"isPartOf\":{\"@id\":\"https:\/\/www.zerdab.com\/#website\"},\"primaryImageOfPage\":{\"@id\":\"https:\/\/www.zerdab.com\/?p=9495#primaryimage\"},\"image\":{\"@id\":\"https:\/\/www.zerdab.com\/?p=9495#primaryimage\"},\"thumbnailUrl\":\"http:\/\/www.zerdab.com\/wp-content\/uploads\/2013\/04\/Zerdab-rayonu1-400x265.jpg\",\"datePublished\":\"2013-04-30T09:44:02+00:00\",\"author\":{\"@id\":\"https:\/\/www.zerdab.com\/#\/schema\/person\/97079b7570c1e89ec0d9e138c3672136\"},\"breadcrumb\":{\"@id\":\"https:\/\/www.zerdab.com\/?p=9495#breadcrumb\"},\"inLanguage\":\"az\",\"potentialAction\":[{\"@type\":\"ReadAction\",\"target\":[\"https:\/\/www.zerdab.com\/?p=9495\"]}]},{\"@type\":\"ImageObject\",\"inLanguage\":\"az\",\"@id\":\"https:\/\/www.zerdab.com\/?p=9495#primaryimage\",\"url\":\"\",\"contentUrl\":\"\"},{\"@type\":\"BreadcrumbList\",\"@id\":\"https:\/\/www.zerdab.com\/?p=9495#breadcrumb\",\"itemListElement\":[{\"@type\":\"ListItem\",\"position\":1,\"name\":\"Home\",\"item\":\"https:\/\/www.zerdab.com\/\"},{\"@type\":\"ListItem\",\"position\":2,\"name\":\"Z\u0259rdabda hesabat: son 3 ayda rayonda hans\u0131 i\u015fl\u0259r g\u00f6r\u00fcl\u00fcb?\"}]},{\"@type\":\"WebSite\",\"@id\":\"https:\/\/www.zerdab.com\/#website\",\"url\":\"https:\/\/www.zerdab.com\/\",\"name\":\"Z\u0259rdab.com\",\"description\":\"\",\"potentialAction\":[{\"@type\":\"SearchAction\",\"target\":{\"@type\":\"EntryPoint\",\"urlTemplate\":\"https:\/\/www.zerdab.com\/?s={search_term_string}\"},\"query-input\":{\"@type\":\"PropertyValueSpecification\",\"valueRequired\":true,\"valueName\":\"search_term_string\"}}],\"inLanguage\":\"az\"},{\"@type\":\"Person\",\"@id\":\"https:\/\/www.zerdab.com\/#\/schema\/person\/97079b7570c1e89ec0d9e138c3672136\",\"name\":\"admin\",\"image\":{\"@type\":\"ImageObject\",\"inLanguage\":\"az\",\"@id\":\"https:\/\/www.zerdab.com\/#\/schema\/person\/image\/\",\"url\":\"https:\/\/secure.gravatar.com\/avatar\/d9c52a9a27c32119cb6679a077fa3e2779e5f822c451cbf01098004361d466ec?s=96&d=mm&r=g\",\"contentUrl\":\"https:\/\/secure.gravatar.com\/avatar\/d9c52a9a27c32119cb6679a077fa3e2779e5f822c451cbf01098004361d466ec?s=96&d=mm&r=g\",\"caption\":\"admin\"},\"url\":\"https:\/\/www.zerdab.com\/?author=1\"}]}<\/script>\n<!-- \/ Yoast SEO plugin. -->","yoast_head_json":{"title":"Z\u0259rdabda hesabat: son 3 ayda rayonda hans\u0131 i\u015fl\u0259r g\u00f6r\u00fcl\u00fcb? - Z\u0259rdab.com","robots":{"index":"index","follow":"follow","max-snippet":"max-snippet:-1","max-image-preview":"max-image-preview:large","max-video-preview":"max-video-preview:-1"},"canonical":"https:\/\/www.zerdab.com\/?p=9495","og_locale":"az_AZ","og_type":"article","og_title":"Z\u0259rdabda hesabat: son 3 ayda rayonda hans\u0131 i\u015fl\u0259r g\u00f6r\u00fcl\u00fcb? - Z\u0259rdab.com","og_description":"Z\u0259rdab rayonunda 2013-c\u00fc ilin birinci\u00a0r\u00fcb\u00fcn\u00fcn yekunlar\u0131\u00a0m\u00fczakir\u0259 olunub. Z\u0259rdab R\u0130HBA-n\u0131n informasiya t\u0259minat\u0131 v\u0259 t\u0259hlil sektorundan Zerdab.com sayt\u0131na veril\u0259n m\u0259lumata g\u00f6r\u0259, iclas\u0131 giri\u015f s\u00f6z\u00fc il\u0259 Z\u0259rdab rayon \u0130cra Hakimiyy\u0259tinin\u00a0ba\u015f\u00e7\u0131s\u0131 L\u00fctv\u0259li Babayev a\u00e7\u0131b. \u00a0Bildirilib ki, cari ilin birinci r\u00fcb\u00fc \u0259rzind\u0259 Z\u0259rdab rayonunda quruculuq abadl\u0131q i\u015fl\u0259ri davam etdirilib, sosial layih\u0259l\u0259r h\u0259yata ke\u00e7irilib. Rayon iqtisadiyyat\u0131n\u0131n \u0259sas sah\u0259l\u0259rind\u0259 12 milyon 468 [&hellip;]","og_url":"https:\/\/www.zerdab.com\/?p=9495","og_site_name":"Z\u0259rdab.com","article_published_time":"2013-04-30T09:44:02+00:00","og_image":[{"url":"http:\/\/www.zerdab.com\/wp-content\/uploads\/2013\/04\/Zerdab-rayonu1-400x265.jpg","type":"","width":"","height":""}],"author":"admin","twitter_card":"summary_large_image","twitter_misc":{"Written by":"admin","Est. reading time":"2 minutes"},"schema":{"@context":"https:\/\/schema.org","@graph":[{"@type":"Article","@id":"https:\/\/www.zerdab.com\/?p=9495#article","isPartOf":{"@id":"https:\/\/www.zerdab.com\/?p=9495"},"author":{"name":"admin","@id":"https:\/\/www.zerdab.com\/#\/schema\/person\/97079b7570c1e89ec0d9e138c3672136"},"headline":"Z\u0259rdabda hesabat: son 3 ayda rayonda hans\u0131 i\u015fl\u0259r g\u00f6r\u00fcl\u00fcb?","datePublished":"2013-04-30T09:44:02+00:00","mainEntityOfPage":{"@id":"https:\/\/www.zerdab.com\/?p=9495"},"wordCount":485,"commentCount":0,"image":{"@id":"https:\/\/www.zerdab.com\/?p=9495#primaryimage"},"thumbnailUrl":"http:\/\/www.zerdab.com\/wp-content\/uploads\/2013\/04\/Zerdab-rayonu1-400x265.jpg","articleSection":["C\u018fM\u0130YY\u018fT"],"inLanguage":"az","potentialAction":[{"@type":"CommentAction","name":"Comment","target":["https:\/\/www.zerdab.com\/?p=9495#respond"]}]},{"@type":"WebPage","@id":"https:\/\/www.zerdab.com\/?p=9495","url":"https:\/\/www.zerdab.com\/?p=9495","name":"Z\u0259rdabda hesabat: son 3 ayda rayonda hans\u0131 i\u015fl\u0259r g\u00f6r\u00fcl\u00fcb? - Z\u0259rdab.com","isPartOf":{"@id":"https:\/\/www.zerdab.com\/#website"},"primaryImageOfPage":{"@id":"https:\/\/www.zerdab.com\/?p=9495#primaryimage"},"image":{"@id":"https:\/\/www.zerdab.com\/?p=9495#primaryimage"},"thumbnailUrl":"http:\/\/www.zerdab.com\/wp-content\/uploads\/2013\/04\/Zerdab-rayonu1-400x265.jpg","datePublished":"2013-04-30T09:44:02+00:00","author":{"@id":"https:\/\/www.zerdab.com\/#\/schema\/person\/97079b7570c1e89ec0d9e138c3672136"},"breadcrumb":{"@id":"https:\/\/www.zerdab.com\/?p=9495#breadcrumb"},"inLanguage":"az","potentialAction":[{"@type":"ReadAction","target":["https:\/\/www.zerdab.com\/?p=9495"]}]},{"@type":"ImageObject","inLanguage":"az","@id":"https:\/\/www.zerdab.com\/?p=9495#primaryimage","url":"","contentUrl":""},{"@type":"BreadcrumbList","@id":"https:\/\/www.zerdab.com\/?p=9495#breadcrumb","itemListElement":[{"@type":"ListItem","position":1,"name":"Home","item":"https:\/\/www.zerdab.com\/"},{"@type":"ListItem","position":2,"name":"Z\u0259rdabda hesabat: son 3 ayda rayonda hans\u0131 i\u015fl\u0259r g\u00f6r\u00fcl\u00fcb?"}]},{"@type":"WebSite","@id":"https:\/\/www.zerdab.com\/#website","url":"https:\/\/www.zerdab.com\/","name":"Z\u0259rdab.com","description":"","potentialAction":[{"@type":"SearchAction","target":{"@type":"EntryPoint","urlTemplate":"https:\/\/www.zerdab.com\/?s={search_term_string}"},"query-input":{"@type":"PropertyValueSpecification","valueRequired":true,"valueName":"search_term_string"}}],"inLanguage":"az"},{"@type":"Person","@id":"https:\/\/www.zerdab.com\/#\/schema\/person\/97079b7570c1e89ec0d9e138c3672136","name":"admin","image":{"@type":"ImageObject","inLanguage":"az","@id":"https:\/\/www.zerdab.com\/#\/schema\/person\/image\/","url":"https:\/\/secure.gravatar.com\/avatar\/d9c52a9a27c32119cb6679a077fa3e2779e5f822c451cbf01098004361d466ec?s=96&d=mm&r=g","contentUrl":"https:\/\/secure.gravatar.com\/avatar\/d9c52a9a27c32119cb6679a077fa3e2779e5f822c451cbf01098004361d466ec?s=96&d=mm&r=g","caption":"admin"},"url":"https:\/\/www.zerdab.com\/?author=1"}]}},"_links":{"self":[{"href":"https:\/\/www.zerdab.com\/index.php?rest_route=\/wp\/v2\/posts\/9495","targetHints":{"allow":["GET"]}}],"collection":[{"href":"https:\/\/www.zerdab.com\/index.php?rest_route=\/wp\/v2\/posts"}],"about":[{"href":"https:\/\/www.zerdab.com\/index.php?rest_route=\/wp\/v2\/types\/post"}],"author":[{"embeddable":true,"href":"https:\/\/www.zerdab.com\/index.php?rest_route=\/wp\/v2\/users\/1"}],"replies":[{"embeddable":true,"href":"https:\/\/www.zerdab.com\/index.php?rest_route=%2Fwp%2Fv2%2Fcomments&post=9495"}],"version-history":[{"count":2,"href":"https:\/\/www.zerdab.com\/index.php?rest_route=\/wp\/v2\/posts\/9495\/revisions"}],"predecessor-version":[{"id":9498,"href":"https:\/\/www.zerdab.com\/index.php?rest_route=\/wp\/v2\/posts\/9495\/revisions\/9498"}],"wp:attachment":[{"href":"https:\/\/www.zerdab.com\/index.php?rest_route=%2Fwp%2Fv2%2Fmedia&parent=9495"}],"wp:term":[{"taxonomy":"category","embeddable":true,"href":"https:\/\/www.zerdab.com\/index.php?rest_route=%2Fwp%2Fv2%2Fcategories&post=9495"},{"taxonomy":"post_tag","embeddable":true,"href":"https:\/\/www.zerdab.com\/index.php?rest_route=%2Fwp%2Fv2%2Ftags&post=9495"}],"curies":[{"name":"wp","href":"https:\/\/api.w.org\/{rel}","templated":true}]}}