{"id":9609,"date":"2013-05-01T18:52:37","date_gmt":"2013-05-01T13:52:37","guid":{"rendered":"http:\/\/www.zerdab.com\/?p=9609"},"modified":"2013-05-01T19:00:07","modified_gmt":"2013-05-01T14:00:07","slug":"yap-z%c9%99rdab-rayon-t%c9%99skilatinda-ulu-ond%c9%99r-heyd%c9%99r-%c9%99liyev-anildi-fotolar","status":"publish","type":"post","link":"https:\/\/www.zerdab.com\/?p=9609","title":{"rendered":"YAP Z\u0259rdab rayon t\u0259\u015fkilat\u0131nda ulu \u00f6nd\u0259r Heyd\u0259r \u018fliyev an\u0131ld\u0131"},"content":{"rendered":"<div>\n<p><span style=\"color: #333399;\"><strong><span style=\"color: #000000;\"><img loading=\"lazy\" decoding=\"async\" class=\"aligncenter size-large wp-image-9610\" alt=\"YAP Z\u0259rdab rayon t\u0259\u015fkilat\u0131\" src=\"http:\/\/www.zerdab.com\/wp-content\/uploads\/2013\/05\/YAP-Z\u0259rdab-rayon-t\u0259\u015fkilat\u0131-500x332.jpg\" width=\"500\" height=\"332\" \/>YAP Z\u0259rdab rayon t\u0259\u015fkilat\u0131n\u0131n q\u0259r\u0259rgah\u0131nda \u00fcmummilli lider, ulu \u00f6nd\u0259r Heyd\u0259r \u018fliyevin 90 illik yubileyin\u0259 h\u0259sr olunmu\u015f d\u0259yirmi masa ke\u00e7irilib. T\u0259\u015fkilatdan Zerdab.com sayt\u0131na veril\u0259n m\u0259lumata g\u00f6r\u0259, t\u0259dbir i\u015ftirak\u00e7\u0131lar\u0131 \u0259vv\u0259lc\u0259 ulu \u00f6nd\u0259rin Heyd\u0259r \u018fliyev park\u0131ndak\u0131 m\u00f6ht\u0259\u015f\u0259m abid\u0259si \u00f6n\u00fcn\u0259 g\u00fcl d\u0259st\u0259l\u0259ri qoyublar.\u00a0\u00a0T\u0259dbirin r\u0259smi hiss\u0259si YAP Z\u0259rdab rayon t\u0259\u015fkilat\u0131n\u0131n q\u0259r\u0259rgah\u0131nda davam edib.\u00a0\u00a0\u00dcmummilli liderin \u0259ziz xatir\u0259si d\u0259yirmi masa i\u015ftirak\u00e7\u0131lar\u0131 t\u0259r\u0259find\u0259n bir d\u0259qiq\u0259lik s\u00fckutla yad edildikd\u0259n sonra t\u0259dbiri giri\u015f s\u00f6z\u00fc il\u0259 a\u00e7an YAP Z\u0259rdab rayon t\u0259\u015fkilat\u0131n\u0131n s\u0259dri P\u0259rvin Mahmudova \u201cAz\u0259rbaycan namin\u0259 \u00e7ali\u015fan b\u00f6y\u00fck \u015f\u0259xsiyy\u0259t\u201d m\u00f6vzusunda m\u0259ruz\u0259 il\u0259 \u00e7\u0131x\u0131\u015f etdi<\/span>.<\/strong><\/span><\/p>\n<p>O, qeyd etdi ki, Az\u0259rbaycan\u0131n b\u00f6y\u00fck \u015f\u0259xsiyy\u0259tl\u0259ri \u00e7ox olsa da, tariximizd\u0259 Heyd\u0259r \u018fliyev q\u0259d\u0259r d\u0259rin iz buraxan, xalq\u0131m\u0131z\u0131n taleyind\u0259 h\u0259ll\u0259dici rol oynayan ikinci \u015f\u0259xsiyy\u0259t olmam\u0131\u015fd\u0131r.<\/p>\n<\/div>\n<p>M\u0259hz bu nadir tarixi \u015f\u0259xsiyy\u0259t 20-ci \u0259srin sonunda xalq\u0131m\u0131z\u0131 \u0259srl\u0259r boyu can atd\u0131\u011f\u0131 h\u0259qiqi m\u00fcst\u0259qillik amal\u0131na qovu\u015fdurmu\u015f, m\u00fct\u0259r\u0259qqi tarixi \u0259n\u0259n\u0259 \u0259sas\u0131nda yeni d\u00f6vl\u0259t\u00e7ilik konsepsiyas\u0131n\u0131 ir\u0259li s\u00fcrm\u00fc\u015f, onun dayan\u0131ql\u0131 inki\u015faf\u0131 \u00fc\u00e7\u00fcn etibarl\u0131 z\u0259min yaratm\u0131\u015fd\u0131r. Sa\u011fl\u0131\u011f\u0131nda \u00fcmummilli liderlik ucal\u0131\u011f\u0131na qovu\u015fmu\u015f bu m\u00fcdrik \u015f\u0259xsiyy\u0259t b\u00f6y\u00fck f\u0259dakarl\u0131qlar hesab\u0131na qurub-yaratd\u0131\u011f\u0131 d\u00f6vl\u0259tin sars\u0131lmazl\u0131\u011f\u0131n\u0131, demokratik y\u00fcks\u0259li\u015fini, Az\u0259rbaycan\u0131n m\u00fcst\u0259qilliyinin \u0259b\u0259diliyini, daimiliyini, d\u00f6nm\u0259zliyini t\u0259min etmi\u015fdir.<\/p>\n<p>Ulu \u00f6nd\u0259r Heyd\u0259r \u018fliyev z\u0259ngin idar\u0259etm\u0259 t\u0259cr\u00fcb\u0259sin\u0259, y\u00fcks\u0259k siyasi intellekt\u0259 sahib oldu\u011fu \u00fc\u00e7\u00fcn, m\u0259d\u0259niyy\u0259timiz\u0259 v\u0259 m\u0259n\u0259viyyat\u0131m\u0131za d\u0259rind\u0259n b\u0259l\u0259d oldu\u011fu \u00fc\u00e7\u00fcn milli inki\u015faf konsepsiyas\u0131n\u0131 i\u015fl\u0259yib haz\u0131rlam\u0131\u015f v\u0259 onu d\u00f6nm\u0259d\u0259n h\u0259yata ke\u00e7irmi\u015fdir. M\u0259hz onun respublikaya r\u0259hb\u0259r se\u00e7ilm\u0259si il\u0259 \u00f6t\u0259n \u0259srin 70-ci ill\u0259rinin \u0259vv\u0259ll\u0259rind\u0259n Az\u0259rbaycan\u0131n iqtisadi, ictimai-siyasi, m\u0259d\u0259ni tarixind\u0259 yeni d\u00f6vr ba\u015flam\u0131\u015fd\u0131r. H\u0259min ill\u0259rd\u0259 Az\u0259rbaycan tarixinin \u00f6yr\u0259nilm\u0259sin\u0259, milli t\u0259f\u0259kk\u00fcr\u00fcn oyad\u0131lmas\u0131na x\u00fcsusi \u0259h\u0259miyy\u0259t verilmi\u015fdir.<\/p>\n<p>M\u0259ruz\u0259d\u0259n sonra \u00e7\u0131x\u0131\u015flar dinl\u0259nilmi\u015fdir.<\/p>\n<p>D\u0259yirmi masada Rayon M\u0259rk\u0259zl\u0259\u015fdirilmi\u015f Kitabxana \u015f\u00f6b\u0259sinin \u015f\u00f6b\u0259 m\u00fcd\u00fcri, ilk partiya t\u0259\u015fkilat katibi G\u00fclnaz M\u0259mm\u0259dova, Rayon M\u00fcharib\u0259, \u018fm\u0259k, Silahl\u0131 Q\u00fcvv\u0259l\u0259r v\u0259 H\u00fcquq M\u00fchafiz\u0259 orqanlari \u015furas\u0131n\u0131n s\u0259dri H\u00fcseyn H\u0259s\u0259nov, \u0130saqba\u011f\u0131 k\u0259nd k\u00f6rp\u0259l\u0259r evi, u\u015faq ba\u011f\u00e7as\u0131n\u0131n m\u00fcd\u00fcri R\u00f6ya \u0130smay\u0131lova, \u015e\u0131xba\u011f\u0131 k\u0259nd orta m\u0259kt\u0259binin m\u00fc\u0259llimi Tural Na\u011f\u0131yev, Rayon Heyd\u0259r \u018fliyev m\u0259rk\u0259zinin \u0259m\u0259kda\u015f\u0131 K\u00f6n\u00fcl R\u0259himova, Rayon \u201c\u018fkin\u00e7i\u201d q\u0259zetinin m\u00fcxbiri \u018fl\u0259kb\u0259r K\u0259rimov, YAP f\u0259al\u0131, sahibkar Zabit Davudov \u00e7\u0131x\u0131\u015f etdil\u0259r. Natiql\u0259r \u00dcmummilli lider Heyd\u0259r \u018fliyevin v\u0259t\u0259n, xalq qar\u015f\u0131s\u0131ndak\u0131 misilsiz xidm\u0259tl\u0259rind\u0259n, uzaqg\u00f6r\u0259n siyas\u0259tind\u0259n dani\u015faraq Ulu \u00f6nd\u0259rin \u00f6z\u00fcnd\u0259n sonra Az\u0259rbaycana, el\u0259c\u0259 d\u0259 art\u0131q b\u00f6y\u00fck q\u00fcvv\u0259y\u0259 \u00e7evril\u0259n v\u0259 \u00f6z \u0259traf\u0131nda 600 mind\u0259n art\u0131q h\u0259mfikiri birl\u0259\u015fdir\u0259n Yeni Az\u0259rbaycan Partiyas\u0131na c\u0259nab \u0130lham \u018fliyev kimi lider, siyasi varis b\u0259x\u015f etdiyind\u0259n iftixar duyduqlar\u0131n\u0131 s\u00f6yl\u0259dil\u0259r.\u00a0 <b>\u00a0<\/b><\/p>\n<p><b><\/b>\u00a0Daha sonra \u00e7\u0131x\u0131\u015f ed\u0259n Z\u0259rdab rayon \u0130cra Hakimiyy\u0259tinin ba\u015f\u00e7\u0131s\u0131 L\u00fctv\u0259li Babayev \u00dcmummilli lider Heyd\u0259r \u018fliyevin Az\u0259rbaycan xalq\u0131 v\u0259 d\u00f6vl\u0259ti qar\u015f\u0131s\u0131ndak\u0131 xidm\u0259tl\u0259rind\u0259n, \u00f6lk\u0259mizin iqtisadi-siyasi m\u0259n\u0259vi inki\u015faf\u0131na verdiyi t\u00f6hf\u0259l\u0259rd\u0259n dan\u0131\u015fd\u0131. \u00a0 L. Babayev Ulu \u00f6nd\u0259rin siyasi kursunun layiqli davam\u00e7\u0131s\u0131, m\u00f6ht\u0259r\u0259m prezidentimiz c\u0259nab \u0130lham \u018fliyevin r\u0259hb\u0259rliyi alt\u0131nda m\u00fcdrik xalq\u0131m\u0131z\u0131n daha parlaq g\u0259l\u0259c\u0259y\u0259 do\u011fru inamla ir\u0259lil\u0259diyini s\u00f6yl\u0259di. Rayonda h\u0259yata ke\u00e7iril\u0259n geni\u015f miqyasl\u0131 quruculuq,tikinti-abadl\u0131q i\u015fl\u0259ri bar\u0259d\u0259 m\u0259lumat verdi.<\/p>\n<p>Qeyd olundu ki, Az\u0259rbaycan xalq\u0131n\u0131n rifah\u0131n\u0131n g\u00fcnb\u0259g\u00fcn yax\u015f\u0131la\u015fmas\u0131, Az\u0259rbaycan\u0131n m\u00fcasirl\u0259\u015fm\u0259si, h\u0259r bir b\u00f6lg\u0259nin simas\u0131n\u0131n d\u0259yi\u015fm\u0259si, ya\u015fad\u0131\u011f\u0131m\u0131z m\u00fchitin yenil\u0259\u015fm\u0259si v\u0259 insanlar\u0131n rahatl\u0131\u011f\u0131, t\u0259hl\u00fck\u0259sizliyinin t\u0259min olunmas\u0131 bu g\u00fcn Prezident \u0130lham \u018fliyevin n\u00f6vb\u0259ti prezident se\u00e7kil\u0259rind\u0259 namiz\u0259dliyinin ir\u0259li s\u00fcr\u00fclm\u0259si v\u0259 yekdillikl\u0259 Prezident se\u00e7ilm\u0259si il\u0259 ba\u011fl\u0131 \u00fcmumxalq r\u0259yinin formala\u015fmas\u0131n\u0131n \u0259sas\u0131n\u0131 t\u0259\u015fkil edir.<\/p>\n<p>T\u0259dbirin sonunda Yeni Az\u0259rbaycan Partiyas\u0131na q\u0259bul olunan bir qrup g\u0259nc\u0259 Yeni Az\u0259rbaycan Partiyas\u0131n\u0131n v\u0259siq\u0259l\u0259ri t\u0259qdim olundu.<\/p>\n<p><img loading=\"lazy\" decoding=\"async\" class=\"aligncenter size-large wp-image-9611\" alt=\"YAP Z\u0259rdab rayon t\u0259\u015fkilat\u0131\" src=\"http:\/\/www.zerdab.com\/wp-content\/uploads\/2013\/05\/YAP-Z\u0259rdab-rayon-t\u0259\u015fkilat\u0131--500x332.jpg\" width=\"500\" height=\"332\" \/><\/p>\n<p><img loading=\"lazy\" decoding=\"async\" class=\"aligncenter size-large wp-image-9614\" alt=\"YAP Z\u0259rdab rayon- t\u0259\u015fkilat\u0131\" src=\"http:\/\/www.zerdab.com\/wp-content\/uploads\/2013\/05\/YAP-Z\u0259rdab-rayon-t\u0259\u015fkilat\u0131-1-500x332.jpg\" width=\"500\" height=\"332\" \/><\/p>\n<p><span style=\"color: #ff0000;\"><strong>Zerdab.com<\/strong><\/span><\/p>\n","protected":false},"excerpt":{"rendered":"<p>YAP Z\u0259rdab rayon t\u0259\u015fkilat\u0131n\u0131n q\u0259r\u0259rgah\u0131nda \u00fcmummilli lider, ulu \u00f6nd\u0259r Heyd\u0259r \u018fliyevin 90 illik yubileyin\u0259 h\u0259sr olunmu\u015f d\u0259yirmi masa ke\u00e7irilib. T\u0259\u015fkilatdan Zerdab.com sayt\u0131na veril\u0259n m\u0259lumata g\u00f6r\u0259, t\u0259dbir i\u015ftirak\u00e7\u0131lar\u0131 \u0259vv\u0259lc\u0259 ulu \u00f6nd\u0259rin Heyd\u0259r \u018fliyev park\u0131ndak\u0131 m\u00f6ht\u0259\u015f\u0259m abid\u0259si \u00f6n\u00fcn\u0259 g\u00fcl d\u0259st\u0259l\u0259ri qoyublar.\u00a0\u00a0T\u0259dbirin r\u0259smi hiss\u0259si YAP Z\u0259rdab rayon t\u0259\u015fkilat\u0131n\u0131n q\u0259r\u0259rgah\u0131nda davam edib.\u00a0\u00a0\u00dcmummilli liderin \u0259ziz xatir\u0259si d\u0259yirmi masa i\u015ftirak\u00e7\u0131lar\u0131 t\u0259r\u0259find\u0259n [&hellip;]<\/p>\n","protected":false},"author":1,"featured_media":0,"comment_status":"open","ping_status":"open","sticky":false,"template":"","format":"standard","meta":{"footnotes":""},"categories":[21],"tags":[],"class_list":{"0":"post-9609","1":"post","2":"type-post","3":"status-publish","4":"format-standard","6":"category-zrdab"},"yoast_head":"<!-- This site is optimized with the Yoast SEO plugin v27.0 - https:\/\/yoast.com\/product\/yoast-seo-wordpress\/ -->\n<title>YAP Z\u0259rdab rayon t\u0259\u015fkilat\u0131nda ulu \u00f6nd\u0259r Heyd\u0259r \u018fliyev an\u0131ld\u0131  - Z\u0259rdab.com<\/title>\n<meta name=\"robots\" content=\"index, follow, max-snippet:-1, max-image-preview:large, max-video-preview:-1\" \/>\n<link rel=\"canonical\" href=\"https:\/\/www.zerdab.com\/?p=9609\" \/>\n<meta property=\"og:locale\" content=\"az_AZ\" \/>\n<meta property=\"og:type\" content=\"article\" \/>\n<meta property=\"og:title\" content=\"YAP Z\u0259rdab rayon t\u0259\u015fkilat\u0131nda ulu \u00f6nd\u0259r Heyd\u0259r \u018fliyev an\u0131ld\u0131  - Z\u0259rdab.com\" \/>\n<meta property=\"og:description\" content=\"YAP Z\u0259rdab rayon t\u0259\u015fkilat\u0131n\u0131n q\u0259r\u0259rgah\u0131nda \u00fcmummilli lider, ulu \u00f6nd\u0259r Heyd\u0259r \u018fliyevin 90 illik yubileyin\u0259 h\u0259sr olunmu\u015f d\u0259yirmi masa ke\u00e7irilib. T\u0259\u015fkilatdan Zerdab.com sayt\u0131na veril\u0259n m\u0259lumata g\u00f6r\u0259, t\u0259dbir i\u015ftirak\u00e7\u0131lar\u0131 \u0259vv\u0259lc\u0259 ulu \u00f6nd\u0259rin Heyd\u0259r \u018fliyev park\u0131ndak\u0131 m\u00f6ht\u0259\u015f\u0259m abid\u0259si \u00f6n\u00fcn\u0259 g\u00fcl d\u0259st\u0259l\u0259ri qoyublar.\u00a0\u00a0T\u0259dbirin r\u0259smi hiss\u0259si YAP Z\u0259rdab rayon t\u0259\u015fkilat\u0131n\u0131n q\u0259r\u0259rgah\u0131nda davam edib.\u00a0\u00a0\u00dcmummilli liderin \u0259ziz xatir\u0259si d\u0259yirmi masa i\u015ftirak\u00e7\u0131lar\u0131 t\u0259r\u0259find\u0259n [&hellip;]\" \/>\n<meta property=\"og:url\" content=\"https:\/\/www.zerdab.com\/?p=9609\" \/>\n<meta property=\"og:site_name\" content=\"Z\u0259rdab.com\" \/>\n<meta property=\"article:published_time\" content=\"2013-05-01T13:52:37+00:00\" \/>\n<meta property=\"article:modified_time\" content=\"2013-05-01T14:00:07+00:00\" \/>\n<meta name=\"author\" content=\"admin\" \/>\n<meta name=\"twitter:card\" content=\"summary_large_image\" \/>\n<meta name=\"twitter:label1\" content=\"Written by\" \/>\n\t<meta name=\"twitter:data1\" content=\"admin\" \/>\n\t<meta name=\"twitter:label2\" content=\"Est. reading time\" \/>\n\t<meta name=\"twitter:data2\" content=\"4 minutes\" \/>\n<script type=\"application\/ld+json\" class=\"yoast-schema-graph\">{\"@context\":\"https:\/\/schema.org\",\"@graph\":[{\"@type\":\"Article\",\"@id\":\"https:\/\/www.zerdab.com\/?p=9609#article\",\"isPartOf\":{\"@id\":\"https:\/\/www.zerdab.com\/?p=9609\"},\"author\":{\"name\":\"admin\",\"@id\":\"https:\/\/www.zerdab.com\/#\/schema\/person\/97079b7570c1e89ec0d9e138c3672136\"},\"headline\":\"YAP Z\u0259rdab rayon t\u0259\u015fkilat\u0131nda ulu \u00f6nd\u0259r Heyd\u0259r \u018fliyev an\u0131ld\u0131\",\"datePublished\":\"2013-05-01T13:52:37+00:00\",\"dateModified\":\"2013-05-01T14:00:07+00:00\",\"mainEntityOfPage\":{\"@id\":\"https:\/\/www.zerdab.com\/?p=9609\"},\"wordCount\":909,\"commentCount\":5,\"articleSection\":[\"C\u018fM\u0130YY\u018fT\"],\"inLanguage\":\"az\",\"potentialAction\":[{\"@type\":\"CommentAction\",\"name\":\"Comment\",\"target\":[\"https:\/\/www.zerdab.com\/?p=9609#respond\"]}]},{\"@type\":\"WebPage\",\"@id\":\"https:\/\/www.zerdab.com\/?p=9609\",\"url\":\"https:\/\/www.zerdab.com\/?p=9609\",\"name\":\"YAP Z\u0259rdab rayon t\u0259\u015fkilat\u0131nda ulu \u00f6nd\u0259r Heyd\u0259r \u018fliyev an\u0131ld\u0131 - Z\u0259rdab.com\",\"isPartOf\":{\"@id\":\"https:\/\/www.zerdab.com\/#website\"},\"datePublished\":\"2013-05-01T13:52:37+00:00\",\"dateModified\":\"2013-05-01T14:00:07+00:00\",\"author\":{\"@id\":\"https:\/\/www.zerdab.com\/#\/schema\/person\/97079b7570c1e89ec0d9e138c3672136\"},\"breadcrumb\":{\"@id\":\"https:\/\/www.zerdab.com\/?p=9609#breadcrumb\"},\"inLanguage\":\"az\",\"potentialAction\":[{\"@type\":\"ReadAction\",\"target\":[\"https:\/\/www.zerdab.com\/?p=9609\"]}]},{\"@type\":\"BreadcrumbList\",\"@id\":\"https:\/\/www.zerdab.com\/?p=9609#breadcrumb\",\"itemListElement\":[{\"@type\":\"ListItem\",\"position\":1,\"name\":\"Home\",\"item\":\"https:\/\/www.zerdab.com\/\"},{\"@type\":\"ListItem\",\"position\":2,\"name\":\"YAP Z\u0259rdab rayon t\u0259\u015fkilat\u0131nda ulu \u00f6nd\u0259r Heyd\u0259r \u018fliyev an\u0131ld\u0131\"}]},{\"@type\":\"WebSite\",\"@id\":\"https:\/\/www.zerdab.com\/#website\",\"url\":\"https:\/\/www.zerdab.com\/\",\"name\":\"Z\u0259rdab.com\",\"description\":\"\",\"potentialAction\":[{\"@type\":\"SearchAction\",\"target\":{\"@type\":\"EntryPoint\",\"urlTemplate\":\"https:\/\/www.zerdab.com\/?s={search_term_string}\"},\"query-input\":{\"@type\":\"PropertyValueSpecification\",\"valueRequired\":true,\"valueName\":\"search_term_string\"}}],\"inLanguage\":\"az\"},{\"@type\":\"Person\",\"@id\":\"https:\/\/www.zerdab.com\/#\/schema\/person\/97079b7570c1e89ec0d9e138c3672136\",\"name\":\"admin\",\"image\":{\"@type\":\"ImageObject\",\"inLanguage\":\"az\",\"@id\":\"https:\/\/www.zerdab.com\/#\/schema\/person\/image\/\",\"url\":\"https:\/\/secure.gravatar.com\/avatar\/d9c52a9a27c32119cb6679a077fa3e2779e5f822c451cbf01098004361d466ec?s=96&d=mm&r=g\",\"contentUrl\":\"https:\/\/secure.gravatar.com\/avatar\/d9c52a9a27c32119cb6679a077fa3e2779e5f822c451cbf01098004361d466ec?s=96&d=mm&r=g\",\"caption\":\"admin\"},\"url\":\"https:\/\/www.zerdab.com\/?author=1\"}]}<\/script>\n<!-- \/ Yoast SEO plugin. -->","yoast_head_json":{"title":"YAP Z\u0259rdab rayon t\u0259\u015fkilat\u0131nda ulu \u00f6nd\u0259r Heyd\u0259r \u018fliyev an\u0131ld\u0131  - Z\u0259rdab.com","robots":{"index":"index","follow":"follow","max-snippet":"max-snippet:-1","max-image-preview":"max-image-preview:large","max-video-preview":"max-video-preview:-1"},"canonical":"https:\/\/www.zerdab.com\/?p=9609","og_locale":"az_AZ","og_type":"article","og_title":"YAP Z\u0259rdab rayon t\u0259\u015fkilat\u0131nda ulu \u00f6nd\u0259r Heyd\u0259r \u018fliyev an\u0131ld\u0131  - Z\u0259rdab.com","og_description":"YAP Z\u0259rdab rayon t\u0259\u015fkilat\u0131n\u0131n q\u0259r\u0259rgah\u0131nda \u00fcmummilli lider, ulu \u00f6nd\u0259r Heyd\u0259r \u018fliyevin 90 illik yubileyin\u0259 h\u0259sr olunmu\u015f d\u0259yirmi masa ke\u00e7irilib. T\u0259\u015fkilatdan Zerdab.com sayt\u0131na veril\u0259n m\u0259lumata g\u00f6r\u0259, t\u0259dbir i\u015ftirak\u00e7\u0131lar\u0131 \u0259vv\u0259lc\u0259 ulu \u00f6nd\u0259rin Heyd\u0259r \u018fliyev park\u0131ndak\u0131 m\u00f6ht\u0259\u015f\u0259m abid\u0259si \u00f6n\u00fcn\u0259 g\u00fcl d\u0259st\u0259l\u0259ri qoyublar.\u00a0\u00a0T\u0259dbirin r\u0259smi hiss\u0259si YAP Z\u0259rdab rayon t\u0259\u015fkilat\u0131n\u0131n q\u0259r\u0259rgah\u0131nda davam edib.\u00a0\u00a0\u00dcmummilli liderin \u0259ziz xatir\u0259si d\u0259yirmi masa i\u015ftirak\u00e7\u0131lar\u0131 t\u0259r\u0259find\u0259n [&hellip;]","og_url":"https:\/\/www.zerdab.com\/?p=9609","og_site_name":"Z\u0259rdab.com","article_published_time":"2013-05-01T13:52:37+00:00","article_modified_time":"2013-05-01T14:00:07+00:00","author":"admin","twitter_card":"summary_large_image","twitter_misc":{"Written by":"admin","Est. reading time":"4 minutes"},"schema":{"@context":"https:\/\/schema.org","@graph":[{"@type":"Article","@id":"https:\/\/www.zerdab.com\/?p=9609#article","isPartOf":{"@id":"https:\/\/www.zerdab.com\/?p=9609"},"author":{"name":"admin","@id":"https:\/\/www.zerdab.com\/#\/schema\/person\/97079b7570c1e89ec0d9e138c3672136"},"headline":"YAP Z\u0259rdab rayon t\u0259\u015fkilat\u0131nda ulu \u00f6nd\u0259r Heyd\u0259r \u018fliyev an\u0131ld\u0131","datePublished":"2013-05-01T13:52:37+00:00","dateModified":"2013-05-01T14:00:07+00:00","mainEntityOfPage":{"@id":"https:\/\/www.zerdab.com\/?p=9609"},"wordCount":909,"commentCount":5,"articleSection":["C\u018fM\u0130YY\u018fT"],"inLanguage":"az","potentialAction":[{"@type":"CommentAction","name":"Comment","target":["https:\/\/www.zerdab.com\/?p=9609#respond"]}]},{"@type":"WebPage","@id":"https:\/\/www.zerdab.com\/?p=9609","url":"https:\/\/www.zerdab.com\/?p=9609","name":"YAP Z\u0259rdab rayon t\u0259\u015fkilat\u0131nda ulu \u00f6nd\u0259r Heyd\u0259r \u018fliyev an\u0131ld\u0131 - Z\u0259rdab.com","isPartOf":{"@id":"https:\/\/www.zerdab.com\/#website"},"datePublished":"2013-05-01T13:52:37+00:00","dateModified":"2013-05-01T14:00:07+00:00","author":{"@id":"https:\/\/www.zerdab.com\/#\/schema\/person\/97079b7570c1e89ec0d9e138c3672136"},"breadcrumb":{"@id":"https:\/\/www.zerdab.com\/?p=9609#breadcrumb"},"inLanguage":"az","potentialAction":[{"@type":"ReadAction","target":["https:\/\/www.zerdab.com\/?p=9609"]}]},{"@type":"BreadcrumbList","@id":"https:\/\/www.zerdab.com\/?p=9609#breadcrumb","itemListElement":[{"@type":"ListItem","position":1,"name":"Home","item":"https:\/\/www.zerdab.com\/"},{"@type":"ListItem","position":2,"name":"YAP Z\u0259rdab rayon t\u0259\u015fkilat\u0131nda ulu \u00f6nd\u0259r Heyd\u0259r \u018fliyev an\u0131ld\u0131"}]},{"@type":"WebSite","@id":"https:\/\/www.zerdab.com\/#website","url":"https:\/\/www.zerdab.com\/","name":"Z\u0259rdab.com","description":"","potentialAction":[{"@type":"SearchAction","target":{"@type":"EntryPoint","urlTemplate":"https:\/\/www.zerdab.com\/?s={search_term_string}"},"query-input":{"@type":"PropertyValueSpecification","valueRequired":true,"valueName":"search_term_string"}}],"inLanguage":"az"},{"@type":"Person","@id":"https:\/\/www.zerdab.com\/#\/schema\/person\/97079b7570c1e89ec0d9e138c3672136","name":"admin","image":{"@type":"ImageObject","inLanguage":"az","@id":"https:\/\/www.zerdab.com\/#\/schema\/person\/image\/","url":"https:\/\/secure.gravatar.com\/avatar\/d9c52a9a27c32119cb6679a077fa3e2779e5f822c451cbf01098004361d466ec?s=96&d=mm&r=g","contentUrl":"https:\/\/secure.gravatar.com\/avatar\/d9c52a9a27c32119cb6679a077fa3e2779e5f822c451cbf01098004361d466ec?s=96&d=mm&r=g","caption":"admin"},"url":"https:\/\/www.zerdab.com\/?author=1"}]}},"_links":{"self":[{"href":"https:\/\/www.zerdab.com\/index.php?rest_route=\/wp\/v2\/posts\/9609","targetHints":{"allow":["GET"]}}],"collection":[{"href":"https:\/\/www.zerdab.com\/index.php?rest_route=\/wp\/v2\/posts"}],"about":[{"href":"https:\/\/www.zerdab.com\/index.php?rest_route=\/wp\/v2\/types\/post"}],"author":[{"embeddable":true,"href":"https:\/\/www.zerdab.com\/index.php?rest_route=\/wp\/v2\/users\/1"}],"replies":[{"embeddable":true,"href":"https:\/\/www.zerdab.com\/index.php?rest_route=%2Fwp%2Fv2%2Fcomments&post=9609"}],"version-history":[{"count":5,"href":"https:\/\/www.zerdab.com\/index.php?rest_route=\/wp\/v2\/posts\/9609\/revisions"}],"predecessor-version":[{"id":9618,"href":"https:\/\/www.zerdab.com\/index.php?rest_route=\/wp\/v2\/posts\/9609\/revisions\/9618"}],"wp:attachment":[{"href":"https:\/\/www.zerdab.com\/index.php?rest_route=%2Fwp%2Fv2%2Fmedia&parent=9609"}],"wp:term":[{"taxonomy":"category","embeddable":true,"href":"https:\/\/www.zerdab.com\/index.php?rest_route=%2Fwp%2Fv2%2Fcategories&post=9609"},{"taxonomy":"post_tag","embeddable":true,"href":"https:\/\/www.zerdab.com\/index.php?rest_route=%2Fwp%2Fv2%2Ftags&post=9609"}],"curies":[{"name":"wp","href":"https:\/\/api.w.org\/{rel}","templated":true}]}}