{"id":9639,"date":"2013-05-02T13:24:36","date_gmt":"2013-05-02T08:24:36","guid":{"rendered":"http:\/\/www.zerdab.com\/?p=9639"},"modified":"2013-05-02T13:24:36","modified_gmt":"2013-05-02T08:24:36","slug":"prezident-5-il%c9%99-az%c9%99rbaycanda-butun-probleml%c9%99r-h%c9%99ll-olunacaq","status":"publish","type":"post","link":"https:\/\/www.zerdab.com\/?p=9639","title":{"rendered":"Prezident: &#8220;5 il\u0259 Az\u0259rbaycanda b\u00fct\u00fcn probleml\u0259r h\u0259ll olunacaq&#8221;"},"content":{"rendered":"<p><strong><img loading=\"lazy\" decoding=\"async\" class=\"aligncenter size-medium wp-image-9640\" alt=\"Prezident\" src=\"http:\/\/www.zerdab.com\/wp-content\/uploads\/2013\/05\/Prezident-400x225.jpg\" width=\"400\" height=\"225\" \/>\u00ab2018-ci il\u0259 q\u0259d\u0259r bir d\u0259n\u0259 d\u0259 olsun n\u0259 iqtisadi, n\u0259 sosial, n\u0259 infrastruktur problemi qalmayacaq\u00bb.\u00a0Bu s\u00f6zl\u0259ri may\u0131n 1-d\u0259 Qobustan \u0130dman Kompleksinin a\u00e7\u0131l\u0131\u015f\u0131nda \u00e7\u0131x\u0131\u015f ed\u0259n prezident\u00a0<span style=\"text-decoration: underline;\">\u0130lham \u018fliyev<\/span>\u00a0deyib:\u00a0\u00abAz\u0259rbaycan s\u00fcr\u0259tl\u0259 inki\u015faf edir. Bizd\u0259 olan inki\u015faf templ\u0259ri d\u00fcnya miqyas\u0131nda \u0259n y\u00fcks\u0259kdir. Son 10 ilin tarixi bunu g\u00f6st\u0259rir v\u0259 biz bundan sonra da y\u00fcks\u0259k templ\u0259rl\u0259 inki\u015faf ed\u0259c\u0259yik. Baxmayaraq ki, indi d\u00fcnyada, Avropada b\u00f6hran d\u0259rinl\u0259\u015fir, insanlar \u00f6z i\u015fl\u0259rini itirirl\u0259r, i\u015f yerl\u0259ri ixtisar olunur, maa\u015flar k\u0259silir v\u0259 g\u00f6r\u00fcr\u00fck ki, bu, n\u0259 q\u0259d\u0259r b\u00f6y\u00fck probleml\u0259r\u0259 g\u0259tirib \u00e7\u0131xar\u0131r. Ancaq Az\u0259rbaycanda biz bunun tam \u0259ksini g\u00f6r\u00fcr\u00fck. B\u00f6hran biz\u0259 he\u00e7 bir t\u0259sir etm\u0259mi\u015fdir. \u00c7\u00fcnki bizim \u00e7ox d\u00fc\u015f\u00fcn\u00fclm\u00fc\u015f siyas\u0259timiz var. H\u0259m iqtisadi sah\u0259d\u0259, h\u0259m sosial m\u0259s\u0259l\u0259l\u0259rin h\u0259llind\u0259 m\u00fcst\u0259qil siyas\u0259timiz var. Bax, bu m\u00fcst\u0259qil siyas\u0259timiz bizi h\u0259min probleml\u0259rd\u0259n qorudu\u00bb.<\/strong><br \/>\nBu ilin sonunda regionlar\u0131n inki\u015faf\u0131na dair ikinci D\u00f6vl\u0259t Proqram\u0131n\u0131n ba\u015fa \u00e7ataca\u011f\u0131n\u0131 dey\u0259n d\u00f6vl\u0259t ba\u015f\u00e7\u0131s\u0131, haz\u0131rda h\u00f6kum\u0259tin \u00fc\u00e7\u00fcnc\u00fc proqram \u00fcz\u0259rind\u0259 i\u015fl\u0259diyini bildirib:<\/p>\n<div>\n\u00ab\u00dc\u00e7\u00fcnc\u00fc be\u015fillik proqram b\u00fct\u00fcn rayonlarda g\u00f6r\u00fcl\u0259c\u0259k i\u015fl\u0259ri \u0259hat\u0259 ed\u0259c\u0259k v\u0259 2018-ci il\u0259 q\u0259d\u0259r bir d\u0259n\u0259 d\u0259 olsun n\u0259 iqtisadi, n\u0259 sosial, n\u0259 infrastruktur problemi qalmayacaq\u00bb.<\/div>\n<p>Prezident yax\u0131n 2-3 il \u0259rzind\u0259 Az\u0259rbaycanda b\u00fct\u00fcn k\u0259nd yollar\u0131n\u0131n y\u00fcks\u0259k keyfiyy\u0259tl\u0259 yenid\u0259n qurulub, istifad\u0259y\u0259 veril\u0259c\u0259yini d\u0259 vur\u011fulay\u0131b.<\/p>\n","protected":false},"excerpt":{"rendered":"<p>\u00ab2018-ci il\u0259 q\u0259d\u0259r bir d\u0259n\u0259 d\u0259 olsun n\u0259 iqtisadi, n\u0259 sosial, n\u0259 infrastruktur problemi qalmayacaq\u00bb.\u00a0Bu s\u00f6zl\u0259ri may\u0131n 1-d\u0259 Qobustan \u0130dman Kompleksinin a\u00e7\u0131l\u0131\u015f\u0131nda \u00e7\u0131x\u0131\u015f ed\u0259n prezident\u00a0\u0130lham \u018fliyev\u00a0deyib:\u00a0\u00abAz\u0259rbaycan s\u00fcr\u0259tl\u0259 inki\u015faf edir. Bizd\u0259 olan inki\u015faf templ\u0259ri d\u00fcnya miqyas\u0131nda \u0259n y\u00fcks\u0259kdir. Son 10 ilin tarixi bunu g\u00f6st\u0259rir v\u0259 biz bundan sonra da y\u00fcks\u0259k templ\u0259rl\u0259 inki\u015faf ed\u0259c\u0259yik. Baxmayaraq ki, indi [&hellip;]<\/p>\n","protected":false},"author":1,"featured_media":0,"comment_status":"open","ping_status":"open","sticky":false,"template":"","format":"standard","meta":{"footnotes":""},"categories":[21],"tags":[],"class_list":{"0":"post-9639","1":"post","2":"type-post","3":"status-publish","4":"format-standard","6":"category-zrdab"},"yoast_head":"<!-- This site is optimized with the Yoast SEO plugin v27.0 - https:\/\/yoast.com\/product\/yoast-seo-wordpress\/ -->\n<title>Prezident: &quot;5 il\u0259 Az\u0259rbaycanda b\u00fct\u00fcn probleml\u0259r h\u0259ll olunacaq&quot; - Z\u0259rdab.com<\/title>\n<meta name=\"robots\" content=\"index, follow, max-snippet:-1, max-image-preview:large, max-video-preview:-1\" \/>\n<link rel=\"canonical\" href=\"https:\/\/www.zerdab.com\/?p=9639\" \/>\n<meta property=\"og:locale\" content=\"az_AZ\" \/>\n<meta property=\"og:type\" content=\"article\" \/>\n<meta property=\"og:title\" content=\"Prezident: &quot;5 il\u0259 Az\u0259rbaycanda b\u00fct\u00fcn probleml\u0259r h\u0259ll olunacaq&quot; - Z\u0259rdab.com\" \/>\n<meta property=\"og:description\" content=\"\u00ab2018-ci il\u0259 q\u0259d\u0259r bir d\u0259n\u0259 d\u0259 olsun n\u0259 iqtisadi, n\u0259 sosial, n\u0259 infrastruktur problemi qalmayacaq\u00bb.\u00a0Bu s\u00f6zl\u0259ri may\u0131n 1-d\u0259 Qobustan \u0130dman Kompleksinin a\u00e7\u0131l\u0131\u015f\u0131nda \u00e7\u0131x\u0131\u015f ed\u0259n prezident\u00a0\u0130lham \u018fliyev\u00a0deyib:\u00a0\u00abAz\u0259rbaycan s\u00fcr\u0259tl\u0259 inki\u015faf edir. Bizd\u0259 olan inki\u015faf templ\u0259ri d\u00fcnya miqyas\u0131nda \u0259n y\u00fcks\u0259kdir. Son 10 ilin tarixi bunu g\u00f6st\u0259rir v\u0259 biz bundan sonra da y\u00fcks\u0259k templ\u0259rl\u0259 inki\u015faf ed\u0259c\u0259yik. Baxmayaraq ki, indi [&hellip;]\" \/>\n<meta property=\"og:url\" content=\"https:\/\/www.zerdab.com\/?p=9639\" \/>\n<meta property=\"og:site_name\" content=\"Z\u0259rdab.com\" \/>\n<meta property=\"article:published_time\" content=\"2013-05-02T08:24:36+00:00\" \/>\n<meta property=\"og:image\" content=\"http:\/\/www.zerdab.com\/wp-content\/uploads\/2013\/05\/Prezident-400x225.jpg\" \/>\n<meta name=\"author\" content=\"admin\" \/>\n<meta name=\"twitter:card\" content=\"summary_large_image\" \/>\n<meta name=\"twitter:label1\" content=\"Written by\" \/>\n\t<meta name=\"twitter:data1\" content=\"admin\" \/>\n\t<meta name=\"twitter:label2\" content=\"Est. reading time\" \/>\n\t<meta name=\"twitter:data2\" content=\"2 minutes\" \/>\n<script type=\"application\/ld+json\" class=\"yoast-schema-graph\">{\"@context\":\"https:\/\/schema.org\",\"@graph\":[{\"@type\":\"Article\",\"@id\":\"https:\/\/www.zerdab.com\/?p=9639#article\",\"isPartOf\":{\"@id\":\"https:\/\/www.zerdab.com\/?p=9639\"},\"author\":{\"name\":\"admin\",\"@id\":\"https:\/\/www.zerdab.com\/#\/schema\/person\/97079b7570c1e89ec0d9e138c3672136\"},\"headline\":\"Prezident: &#8220;5 il\u0259 Az\u0259rbaycanda b\u00fct\u00fcn probleml\u0259r h\u0259ll olunacaq&#8221;\",\"datePublished\":\"2013-05-02T08:24:36+00:00\",\"mainEntityOfPage\":{\"@id\":\"https:\/\/www.zerdab.com\/?p=9639\"},\"wordCount\":318,\"commentCount\":0,\"image\":{\"@id\":\"https:\/\/www.zerdab.com\/?p=9639#primaryimage\"},\"thumbnailUrl\":\"http:\/\/www.zerdab.com\/wp-content\/uploads\/2013\/05\/Prezident-400x225.jpg\",\"articleSection\":[\"C\u018fM\u0130YY\u018fT\"],\"inLanguage\":\"az\",\"potentialAction\":[{\"@type\":\"CommentAction\",\"name\":\"Comment\",\"target\":[\"https:\/\/www.zerdab.com\/?p=9639#respond\"]}]},{\"@type\":\"WebPage\",\"@id\":\"https:\/\/www.zerdab.com\/?p=9639\",\"url\":\"https:\/\/www.zerdab.com\/?p=9639\",\"name\":\"Prezident: \\\"5 il\u0259 Az\u0259rbaycanda b\u00fct\u00fcn probleml\u0259r h\u0259ll olunacaq\\\" - Z\u0259rdab.com\",\"isPartOf\":{\"@id\":\"https:\/\/www.zerdab.com\/#website\"},\"primaryImageOfPage\":{\"@id\":\"https:\/\/www.zerdab.com\/?p=9639#primaryimage\"},\"image\":{\"@id\":\"https:\/\/www.zerdab.com\/?p=9639#primaryimage\"},\"thumbnailUrl\":\"http:\/\/www.zerdab.com\/wp-content\/uploads\/2013\/05\/Prezident-400x225.jpg\",\"datePublished\":\"2013-05-02T08:24:36+00:00\",\"author\":{\"@id\":\"https:\/\/www.zerdab.com\/#\/schema\/person\/97079b7570c1e89ec0d9e138c3672136\"},\"breadcrumb\":{\"@id\":\"https:\/\/www.zerdab.com\/?p=9639#breadcrumb\"},\"inLanguage\":\"az\",\"potentialAction\":[{\"@type\":\"ReadAction\",\"target\":[\"https:\/\/www.zerdab.com\/?p=9639\"]}]},{\"@type\":\"ImageObject\",\"inLanguage\":\"az\",\"@id\":\"https:\/\/www.zerdab.com\/?p=9639#primaryimage\",\"url\":\"\",\"contentUrl\":\"\"},{\"@type\":\"BreadcrumbList\",\"@id\":\"https:\/\/www.zerdab.com\/?p=9639#breadcrumb\",\"itemListElement\":[{\"@type\":\"ListItem\",\"position\":1,\"name\":\"Home\",\"item\":\"https:\/\/www.zerdab.com\/\"},{\"@type\":\"ListItem\",\"position\":2,\"name\":\"Prezident: &#8220;5 il\u0259 Az\u0259rbaycanda b\u00fct\u00fcn probleml\u0259r h\u0259ll olunacaq&#8221;\"}]},{\"@type\":\"WebSite\",\"@id\":\"https:\/\/www.zerdab.com\/#website\",\"url\":\"https:\/\/www.zerdab.com\/\",\"name\":\"Z\u0259rdab.com\",\"description\":\"\",\"potentialAction\":[{\"@type\":\"SearchAction\",\"target\":{\"@type\":\"EntryPoint\",\"urlTemplate\":\"https:\/\/www.zerdab.com\/?s={search_term_string}\"},\"query-input\":{\"@type\":\"PropertyValueSpecification\",\"valueRequired\":true,\"valueName\":\"search_term_string\"}}],\"inLanguage\":\"az\"},{\"@type\":\"Person\",\"@id\":\"https:\/\/www.zerdab.com\/#\/schema\/person\/97079b7570c1e89ec0d9e138c3672136\",\"name\":\"admin\",\"image\":{\"@type\":\"ImageObject\",\"inLanguage\":\"az\",\"@id\":\"https:\/\/www.zerdab.com\/#\/schema\/person\/image\/\",\"url\":\"https:\/\/secure.gravatar.com\/avatar\/d9c52a9a27c32119cb6679a077fa3e2779e5f822c451cbf01098004361d466ec?s=96&d=mm&r=g\",\"contentUrl\":\"https:\/\/secure.gravatar.com\/avatar\/d9c52a9a27c32119cb6679a077fa3e2779e5f822c451cbf01098004361d466ec?s=96&d=mm&r=g\",\"caption\":\"admin\"},\"url\":\"https:\/\/www.zerdab.com\/?author=1\"}]}<\/script>\n<!-- \/ Yoast SEO plugin. -->","yoast_head_json":{"title":"Prezident: \"5 il\u0259 Az\u0259rbaycanda b\u00fct\u00fcn probleml\u0259r h\u0259ll olunacaq\" - Z\u0259rdab.com","robots":{"index":"index","follow":"follow","max-snippet":"max-snippet:-1","max-image-preview":"max-image-preview:large","max-video-preview":"max-video-preview:-1"},"canonical":"https:\/\/www.zerdab.com\/?p=9639","og_locale":"az_AZ","og_type":"article","og_title":"Prezident: \"5 il\u0259 Az\u0259rbaycanda b\u00fct\u00fcn probleml\u0259r h\u0259ll olunacaq\" - Z\u0259rdab.com","og_description":"\u00ab2018-ci il\u0259 q\u0259d\u0259r bir d\u0259n\u0259 d\u0259 olsun n\u0259 iqtisadi, n\u0259 sosial, n\u0259 infrastruktur problemi qalmayacaq\u00bb.\u00a0Bu s\u00f6zl\u0259ri may\u0131n 1-d\u0259 Qobustan \u0130dman Kompleksinin a\u00e7\u0131l\u0131\u015f\u0131nda \u00e7\u0131x\u0131\u015f ed\u0259n prezident\u00a0\u0130lham \u018fliyev\u00a0deyib:\u00a0\u00abAz\u0259rbaycan s\u00fcr\u0259tl\u0259 inki\u015faf edir. Bizd\u0259 olan inki\u015faf templ\u0259ri d\u00fcnya miqyas\u0131nda \u0259n y\u00fcks\u0259kdir. Son 10 ilin tarixi bunu g\u00f6st\u0259rir v\u0259 biz bundan sonra da y\u00fcks\u0259k templ\u0259rl\u0259 inki\u015faf ed\u0259c\u0259yik. Baxmayaraq ki, indi [&hellip;]","og_url":"https:\/\/www.zerdab.com\/?p=9639","og_site_name":"Z\u0259rdab.com","article_published_time":"2013-05-02T08:24:36+00:00","og_image":[{"url":"http:\/\/www.zerdab.com\/wp-content\/uploads\/2013\/05\/Prezident-400x225.jpg","type":"","width":"","height":""}],"author":"admin","twitter_card":"summary_large_image","twitter_misc":{"Written by":"admin","Est. reading time":"2 minutes"},"schema":{"@context":"https:\/\/schema.org","@graph":[{"@type":"Article","@id":"https:\/\/www.zerdab.com\/?p=9639#article","isPartOf":{"@id":"https:\/\/www.zerdab.com\/?p=9639"},"author":{"name":"admin","@id":"https:\/\/www.zerdab.com\/#\/schema\/person\/97079b7570c1e89ec0d9e138c3672136"},"headline":"Prezident: &#8220;5 il\u0259 Az\u0259rbaycanda b\u00fct\u00fcn probleml\u0259r h\u0259ll olunacaq&#8221;","datePublished":"2013-05-02T08:24:36+00:00","mainEntityOfPage":{"@id":"https:\/\/www.zerdab.com\/?p=9639"},"wordCount":318,"commentCount":0,"image":{"@id":"https:\/\/www.zerdab.com\/?p=9639#primaryimage"},"thumbnailUrl":"http:\/\/www.zerdab.com\/wp-content\/uploads\/2013\/05\/Prezident-400x225.jpg","articleSection":["C\u018fM\u0130YY\u018fT"],"inLanguage":"az","potentialAction":[{"@type":"CommentAction","name":"Comment","target":["https:\/\/www.zerdab.com\/?p=9639#respond"]}]},{"@type":"WebPage","@id":"https:\/\/www.zerdab.com\/?p=9639","url":"https:\/\/www.zerdab.com\/?p=9639","name":"Prezident: \"5 il\u0259 Az\u0259rbaycanda b\u00fct\u00fcn probleml\u0259r h\u0259ll olunacaq\" - Z\u0259rdab.com","isPartOf":{"@id":"https:\/\/www.zerdab.com\/#website"},"primaryImageOfPage":{"@id":"https:\/\/www.zerdab.com\/?p=9639#primaryimage"},"image":{"@id":"https:\/\/www.zerdab.com\/?p=9639#primaryimage"},"thumbnailUrl":"http:\/\/www.zerdab.com\/wp-content\/uploads\/2013\/05\/Prezident-400x225.jpg","datePublished":"2013-05-02T08:24:36+00:00","author":{"@id":"https:\/\/www.zerdab.com\/#\/schema\/person\/97079b7570c1e89ec0d9e138c3672136"},"breadcrumb":{"@id":"https:\/\/www.zerdab.com\/?p=9639#breadcrumb"},"inLanguage":"az","potentialAction":[{"@type":"ReadAction","target":["https:\/\/www.zerdab.com\/?p=9639"]}]},{"@type":"ImageObject","inLanguage":"az","@id":"https:\/\/www.zerdab.com\/?p=9639#primaryimage","url":"","contentUrl":""},{"@type":"BreadcrumbList","@id":"https:\/\/www.zerdab.com\/?p=9639#breadcrumb","itemListElement":[{"@type":"ListItem","position":1,"name":"Home","item":"https:\/\/www.zerdab.com\/"},{"@type":"ListItem","position":2,"name":"Prezident: &#8220;5 il\u0259 Az\u0259rbaycanda b\u00fct\u00fcn probleml\u0259r h\u0259ll olunacaq&#8221;"}]},{"@type":"WebSite","@id":"https:\/\/www.zerdab.com\/#website","url":"https:\/\/www.zerdab.com\/","name":"Z\u0259rdab.com","description":"","potentialAction":[{"@type":"SearchAction","target":{"@type":"EntryPoint","urlTemplate":"https:\/\/www.zerdab.com\/?s={search_term_string}"},"query-input":{"@type":"PropertyValueSpecification","valueRequired":true,"valueName":"search_term_string"}}],"inLanguage":"az"},{"@type":"Person","@id":"https:\/\/www.zerdab.com\/#\/schema\/person\/97079b7570c1e89ec0d9e138c3672136","name":"admin","image":{"@type":"ImageObject","inLanguage":"az","@id":"https:\/\/www.zerdab.com\/#\/schema\/person\/image\/","url":"https:\/\/secure.gravatar.com\/avatar\/d9c52a9a27c32119cb6679a077fa3e2779e5f822c451cbf01098004361d466ec?s=96&d=mm&r=g","contentUrl":"https:\/\/secure.gravatar.com\/avatar\/d9c52a9a27c32119cb6679a077fa3e2779e5f822c451cbf01098004361d466ec?s=96&d=mm&r=g","caption":"admin"},"url":"https:\/\/www.zerdab.com\/?author=1"}]}},"_links":{"self":[{"href":"https:\/\/www.zerdab.com\/index.php?rest_route=\/wp\/v2\/posts\/9639","targetHints":{"allow":["GET"]}}],"collection":[{"href":"https:\/\/www.zerdab.com\/index.php?rest_route=\/wp\/v2\/posts"}],"about":[{"href":"https:\/\/www.zerdab.com\/index.php?rest_route=\/wp\/v2\/types\/post"}],"author":[{"embeddable":true,"href":"https:\/\/www.zerdab.com\/index.php?rest_route=\/wp\/v2\/users\/1"}],"replies":[{"embeddable":true,"href":"https:\/\/www.zerdab.com\/index.php?rest_route=%2Fwp%2Fv2%2Fcomments&post=9639"}],"version-history":[{"count":1,"href":"https:\/\/www.zerdab.com\/index.php?rest_route=\/wp\/v2\/posts\/9639\/revisions"}],"predecessor-version":[{"id":9641,"href":"https:\/\/www.zerdab.com\/index.php?rest_route=\/wp\/v2\/posts\/9639\/revisions\/9641"}],"wp:attachment":[{"href":"https:\/\/www.zerdab.com\/index.php?rest_route=%2Fwp%2Fv2%2Fmedia&parent=9639"}],"wp:term":[{"taxonomy":"category","embeddable":true,"href":"https:\/\/www.zerdab.com\/index.php?rest_route=%2Fwp%2Fv2%2Fcategories&post=9639"},{"taxonomy":"post_tag","embeddable":true,"href":"https:\/\/www.zerdab.com\/index.php?rest_route=%2Fwp%2Fv2%2Ftags&post=9639"}],"curies":[{"name":"wp","href":"https:\/\/api.w.org\/{rel}","templated":true}]}}