{"id":9689,"date":"2013-05-03T15:45:31","date_gmt":"2013-05-03T10:45:31","guid":{"rendered":"http:\/\/www.zerdab.com\/?p=9689"},"modified":"2013-05-03T15:59:00","modified_gmt":"2013-05-03T10:59:00","slug":"z%c9%99rdab-rayon-polis-sob%c9%99sind%c9%99-umummilli-lider-anildi","status":"publish","type":"post","link":"https:\/\/www.zerdab.com\/?p=9689","title":{"rendered":"Z\u0259rdab Rayon Polis \u015f\u00f6b\u0259sind\u0259 \u00fcmummilli lider an\u0131ld\u0131 &#8211; fotolar"},"content":{"rendered":"<p><span style=\"color: #000000;\"><strong><img loading=\"lazy\" decoding=\"async\" class=\"aligncenter size-medium wp-image-9690\" alt=\"Z\u0259rdab Rayon Polis \u015f\u00f6b\u0259si\" src=\"http:\/\/www.zerdab.com\/wp-content\/uploads\/2013\/05\/Z\u0259rdab-Rayon-Polis-\u015f\u00f6b\u0259si-400x265.jpg\" width=\"400\" height=\"265\" \/>Z\u0259rdab Rayon Polis \u015f\u00f6b\u0259sind\u0259 \u00fcmummilli lider Heyd\u0259r \u018fliyevin 90 illik yubileyi m\u00fcnasib\u0259til\u0259 t\u0259dbir ke\u00e7irilib. \u015e\u00f6b\u0259d\u0259n Zerdab.com sayt\u0131na veril\u0259n m\u0259lumata g\u00f6r\u0259, \u015f\u00f6b\u0259nin \u015f\u0259xsi hey\u0259ti t\u0259r\u0259find\u0259n ulu \u00f6nd\u0259rin heyk\u0259li \u00f6n\u00fcn\u0259 t\u0259r \u00e7i\u00e7\u0259kl\u0259r qoyulduqdan v\u0259 Heyd\u0259r \u018fliyev M\u0259rk\u0259zi il\u0259 tan\u0131\u015fl\u0131qdan sonra y\u0131\u011f\u0131ncaq \u00f6z\u00a0 i\u015fin\u0259 ba\u015flay\u0131b.<\/strong> <\/span>Y\u0131\u011f\u0131nca\u011f\u0131 giri\u015f\u00a0 s\u00f6z\u00fc il\u0259 Rayon Polis \u015e\u00f6b\u0259sinin r\u0259isi, polis polkovnik-leytenant\u0131 Elnur H\u0259s\u0259nov a\u00e7araq ulu \u00f6nd\u0259rin h\u0259yat v\u0259 f\u0259aliyy\u0259ti haqq\u0131nda m\u0259lumat verib. O, 1993-c\u00fc ilin iyununda m\u00fcst\u0259qilliyinin itirilm\u0259si t\u0259hl\u00fck\u0259si, v\u0259t\u0259nda\u015f qar\u015f\u0131durmas\u0131, xaos v\u0259 anarxiya il\u0259 \u00fczl\u0259\u015f\u0259n xalq\u0131m\u0131z\u0131n \u00e7\u0131x\u0131\u015f yolunu m\u0259hz ulu \u00f6nd\u0259r Heyd\u0259r \u018fliyevin ali hakimiyy\u0259t\u0259 qay\u0131d\u0131\u015f\u0131nda g\u00f6rd\u00fcy\u00fcn\u00fc, \u00fcmummilli liderimizin r\u0259hb\u0259rliyi il\u0259 h\u00fcquq-m\u00fchafiz\u0259, o c\u00fcml\u0259d\u0259n daxili i\u015fl\u0259r orqanlar\u0131n\u0131n q\u0131sa m\u00fcdd\u0259td\u0259 h\u0259yata ke\u00e7irdikl\u0259ri q\u0259tiyy\u0259tli t\u0259dbirl\u0259r n\u0259tic\u0259sind\u0259 v\u0259t\u0259nda\u015f m\u00fcharib\u0259si t\u0259hl\u00fck\u0259sinin aradan qald\u0131rl\u0131ld\u0131\u011f\u0131n\u0131, kriminogen durumun n\u0259zar\u0259t\u0259 g\u00f6t\u00fcr\u00fcld\u00fcy\u00fcn\u00fc, \u00f6lk\u0259mizd\u0259 sabitliyin b\u0259rpa olundu\u011funu vur\u011fulay\u0131b.<\/p>\n<p>Elnur H\u0259s\u0259nov b\u00fct\u00fcn varl\u0131\u011f\u0131 il\u0259 V\u0259t\u0259nin\u0259 ba\u011fl\u0131 olan m\u00fcdrik d\u00f6vl\u0259t xadimi Heyd\u0259r \u018fliyevin xalq\u0131m\u0131za z\u0259ngin bir irs qoyub getdiyini xat\u0131rlatm\u0131\u015f, bu t\u0259dbirl\u0259rin Az\u0259rbaycan d\u00f6vl\u0259t\u00e7iliyin\u0259, m\u00f6ht\u0259r\u0259m Prezidentimiz c\u0259nab \u0130lham \u018fliyev t\u0259r\u0259find\u0259n u\u011furla h\u0259yata ke\u00e7iril\u0259n Heyd\u0259r \u018fliyev siyas\u0259tin\u0259 olan sonsuz h\u00f6rm\u0259t v\u0259 ehtiram\u0131n ifad\u0259si oldu\u011funu qeyd etdi.<\/p>\n<p>Y\u0131\u011f\u0131ncaqda dig\u0259r \u00e7\u0131x\u0131\u015f ed\u0259nl\u0259r d\u0259 ulu \u00f6nd\u0259r Heyd\u0259r \u018fliyevin Az\u0259rbaycan xalq\u0131 qar\u015f\u0131s\u0131ndak\u0131 xidm\u0259tl\u0259rind\u0259n s\u00f6z a\u00e7d\u0131lar.<\/p>\n<p><strong>\u00a0<\/strong><\/p>\n<p><img loading=\"lazy\" decoding=\"async\" class=\"aligncenter size-large wp-image-9693\" alt=\"Z\u0259rdab Rayon Polis \u015f\u00f6b\u0259si-2\" src=\"http:\/\/www.zerdab.com\/wp-content\/uploads\/2013\/05\/Z\u0259rdab-Rayon-Polis-\u015f\u00f6b\u0259si-2-500x332.jpg\" width=\"500\" height=\"332\" \/><\/p>\n<p><img loading=\"lazy\" decoding=\"async\" class=\"aligncenter size-large wp-image-9694\" alt=\"Z\u0259rdab Rayon Polis \u015f\u00f6b\u0259si\" src=\"http:\/\/www.zerdab.com\/wp-content\/uploads\/2013\/05\/Z\u0259rdab-Rayon-Polis-\u015f\u00f6b\u0259si-3-500x332.jpg\" width=\"500\" height=\"332\" \/><\/p>\n<p><img loading=\"lazy\" decoding=\"async\" class=\"aligncenter size-large wp-image-9695\" alt=\"Z\u0259rdab Rayon Polis \u015f\u00f6b\u0259si\" src=\"http:\/\/www.zerdab.com\/wp-content\/uploads\/2013\/05\/Z\u0259rdab-Rayon-Polis-\u015f\u00f6b\u0259si-1-500x332.jpg\" width=\"500\" height=\"332\" \/><\/p>\n<p><img loading=\"lazy\" decoding=\"async\" class=\"aligncenter size-large wp-image-9697\" alt=\"Z\u0259rdab Rayon Polis \u015f\u00f6b\u0259si\" src=\"http:\/\/www.zerdab.com\/wp-content\/uploads\/2013\/05\/Z\u0259rdab-Rayon-Polis-\u015f\u00f6b\u0259si-5-500x332.jpg\" width=\"500\" height=\"332\" \/><\/p>\n<p><img loading=\"lazy\" decoding=\"async\" class=\"aligncenter size-large wp-image-9705\" alt=\"Z\u0259rdab Rayon Polis \u015f\u00f6b\u0259si\" src=\"http:\/\/www.zerdab.com\/wp-content\/uploads\/2013\/05\/Z\u0259rdab-Rayon-Polis-\u015f\u00f6b\u0259si-41-500x332.jpg\" width=\"500\" height=\"332\" \/><\/p>\n","protected":false},"excerpt":{"rendered":"<p>Z\u0259rdab Rayon Polis \u015f\u00f6b\u0259sind\u0259 \u00fcmummilli lider Heyd\u0259r \u018fliyevin 90 illik yubileyi m\u00fcnasib\u0259til\u0259 t\u0259dbir ke\u00e7irilib. \u015e\u00f6b\u0259d\u0259n Zerdab.com sayt\u0131na veril\u0259n m\u0259lumata g\u00f6r\u0259, \u015f\u00f6b\u0259nin \u015f\u0259xsi hey\u0259ti t\u0259r\u0259find\u0259n ulu \u00f6nd\u0259rin heyk\u0259li \u00f6n\u00fcn\u0259 t\u0259r \u00e7i\u00e7\u0259kl\u0259r qoyulduqdan v\u0259 Heyd\u0259r \u018fliyev M\u0259rk\u0259zi il\u0259 tan\u0131\u015fl\u0131qdan sonra y\u0131\u011f\u0131ncaq \u00f6z\u00a0 i\u015fin\u0259 ba\u015flay\u0131b. Y\u0131\u011f\u0131nca\u011f\u0131 giri\u015f\u00a0 s\u00f6z\u00fc il\u0259 Rayon Polis \u015e\u00f6b\u0259sinin r\u0259isi, polis polkovnik-leytenant\u0131 Elnur H\u0259s\u0259nov a\u00e7araq [&hellip;]<\/p>\n","protected":false},"author":1,"featured_media":0,"comment_status":"open","ping_status":"open","sticky":false,"template":"","format":"standard","meta":{"footnotes":""},"categories":[21],"tags":[],"class_list":{"0":"post-9689","1":"post","2":"type-post","3":"status-publish","4":"format-standard","6":"category-zrdab"},"yoast_head":"<!-- This site is optimized with the Yoast SEO plugin v27.0 - https:\/\/yoast.com\/product\/yoast-seo-wordpress\/ -->\n<title>Z\u0259rdab Rayon Polis \u015f\u00f6b\u0259sind\u0259 \u00fcmummilli lider an\u0131ld\u0131 - fotolar - Z\u0259rdab.com<\/title>\n<meta name=\"robots\" content=\"index, follow, max-snippet:-1, max-image-preview:large, max-video-preview:-1\" \/>\n<link rel=\"canonical\" href=\"https:\/\/www.zerdab.com\/?p=9689\" \/>\n<meta property=\"og:locale\" content=\"az_AZ\" \/>\n<meta property=\"og:type\" content=\"article\" \/>\n<meta property=\"og:title\" content=\"Z\u0259rdab Rayon Polis \u015f\u00f6b\u0259sind\u0259 \u00fcmummilli lider an\u0131ld\u0131 - fotolar - Z\u0259rdab.com\" \/>\n<meta property=\"og:description\" content=\"Z\u0259rdab Rayon Polis \u015f\u00f6b\u0259sind\u0259 \u00fcmummilli lider Heyd\u0259r \u018fliyevin 90 illik yubileyi m\u00fcnasib\u0259til\u0259 t\u0259dbir ke\u00e7irilib. \u015e\u00f6b\u0259d\u0259n Zerdab.com sayt\u0131na veril\u0259n m\u0259lumata g\u00f6r\u0259, \u015f\u00f6b\u0259nin \u015f\u0259xsi hey\u0259ti t\u0259r\u0259find\u0259n ulu \u00f6nd\u0259rin heyk\u0259li \u00f6n\u00fcn\u0259 t\u0259r \u00e7i\u00e7\u0259kl\u0259r qoyulduqdan v\u0259 Heyd\u0259r \u018fliyev M\u0259rk\u0259zi il\u0259 tan\u0131\u015fl\u0131qdan sonra y\u0131\u011f\u0131ncaq \u00f6z\u00a0 i\u015fin\u0259 ba\u015flay\u0131b. Y\u0131\u011f\u0131nca\u011f\u0131 giri\u015f\u00a0 s\u00f6z\u00fc il\u0259 Rayon Polis \u015e\u00f6b\u0259sinin r\u0259isi, polis polkovnik-leytenant\u0131 Elnur H\u0259s\u0259nov a\u00e7araq [&hellip;]\" \/>\n<meta property=\"og:url\" content=\"https:\/\/www.zerdab.com\/?p=9689\" \/>\n<meta property=\"og:site_name\" content=\"Z\u0259rdab.com\" \/>\n<meta property=\"article:published_time\" content=\"2013-05-03T10:45:31+00:00\" \/>\n<meta property=\"article:modified_time\" content=\"2013-05-03T10:59:00+00:00\" \/>\n<meta name=\"author\" content=\"admin\" \/>\n<meta name=\"twitter:card\" content=\"summary_large_image\" \/>\n<meta name=\"twitter:label1\" content=\"Written by\" \/>\n\t<meta name=\"twitter:data1\" content=\"admin\" \/>\n\t<meta name=\"twitter:label2\" content=\"Est. reading time\" \/>\n\t<meta name=\"twitter:data2\" content=\"2 minutes\" \/>\n<script type=\"application\/ld+json\" class=\"yoast-schema-graph\">{\"@context\":\"https:\/\/schema.org\",\"@graph\":[{\"@type\":\"Article\",\"@id\":\"https:\/\/www.zerdab.com\/?p=9689#article\",\"isPartOf\":{\"@id\":\"https:\/\/www.zerdab.com\/?p=9689\"},\"author\":{\"name\":\"admin\",\"@id\":\"https:\/\/www.zerdab.com\/#\/schema\/person\/97079b7570c1e89ec0d9e138c3672136\"},\"headline\":\"Z\u0259rdab Rayon Polis \u015f\u00f6b\u0259sind\u0259 \u00fcmummilli lider an\u0131ld\u0131 &#8211; fotolar\",\"datePublished\":\"2013-05-03T10:45:31+00:00\",\"dateModified\":\"2013-05-03T10:59:00+00:00\",\"mainEntityOfPage\":{\"@id\":\"https:\/\/www.zerdab.com\/?p=9689\"},\"wordCount\":359,\"commentCount\":1,\"articleSection\":[\"C\u018fM\u0130YY\u018fT\"],\"inLanguage\":\"az\",\"potentialAction\":[{\"@type\":\"CommentAction\",\"name\":\"Comment\",\"target\":[\"https:\/\/www.zerdab.com\/?p=9689#respond\"]}]},{\"@type\":\"WebPage\",\"@id\":\"https:\/\/www.zerdab.com\/?p=9689\",\"url\":\"https:\/\/www.zerdab.com\/?p=9689\",\"name\":\"Z\u0259rdab Rayon Polis \u015f\u00f6b\u0259sind\u0259 \u00fcmummilli lider an\u0131ld\u0131 - fotolar - Z\u0259rdab.com\",\"isPartOf\":{\"@id\":\"https:\/\/www.zerdab.com\/#website\"},\"datePublished\":\"2013-05-03T10:45:31+00:00\",\"dateModified\":\"2013-05-03T10:59:00+00:00\",\"author\":{\"@id\":\"https:\/\/www.zerdab.com\/#\/schema\/person\/97079b7570c1e89ec0d9e138c3672136\"},\"breadcrumb\":{\"@id\":\"https:\/\/www.zerdab.com\/?p=9689#breadcrumb\"},\"inLanguage\":\"az\",\"potentialAction\":[{\"@type\":\"ReadAction\",\"target\":[\"https:\/\/www.zerdab.com\/?p=9689\"]}]},{\"@type\":\"BreadcrumbList\",\"@id\":\"https:\/\/www.zerdab.com\/?p=9689#breadcrumb\",\"itemListElement\":[{\"@type\":\"ListItem\",\"position\":1,\"name\":\"Home\",\"item\":\"https:\/\/www.zerdab.com\/\"},{\"@type\":\"ListItem\",\"position\":2,\"name\":\"Z\u0259rdab Rayon Polis \u015f\u00f6b\u0259sind\u0259 \u00fcmummilli lider an\u0131ld\u0131 &#8211; fotolar\"}]},{\"@type\":\"WebSite\",\"@id\":\"https:\/\/www.zerdab.com\/#website\",\"url\":\"https:\/\/www.zerdab.com\/\",\"name\":\"Z\u0259rdab.com\",\"description\":\"\",\"potentialAction\":[{\"@type\":\"SearchAction\",\"target\":{\"@type\":\"EntryPoint\",\"urlTemplate\":\"https:\/\/www.zerdab.com\/?s={search_term_string}\"},\"query-input\":{\"@type\":\"PropertyValueSpecification\",\"valueRequired\":true,\"valueName\":\"search_term_string\"}}],\"inLanguage\":\"az\"},{\"@type\":\"Person\",\"@id\":\"https:\/\/www.zerdab.com\/#\/schema\/person\/97079b7570c1e89ec0d9e138c3672136\",\"name\":\"admin\",\"image\":{\"@type\":\"ImageObject\",\"inLanguage\":\"az\",\"@id\":\"https:\/\/www.zerdab.com\/#\/schema\/person\/image\/\",\"url\":\"https:\/\/secure.gravatar.com\/avatar\/d9c52a9a27c32119cb6679a077fa3e2779e5f822c451cbf01098004361d466ec?s=96&d=mm&r=g\",\"contentUrl\":\"https:\/\/secure.gravatar.com\/avatar\/d9c52a9a27c32119cb6679a077fa3e2779e5f822c451cbf01098004361d466ec?s=96&d=mm&r=g\",\"caption\":\"admin\"},\"url\":\"https:\/\/www.zerdab.com\/?author=1\"}]}<\/script>\n<!-- \/ Yoast SEO plugin. -->","yoast_head_json":{"title":"Z\u0259rdab Rayon Polis \u015f\u00f6b\u0259sind\u0259 \u00fcmummilli lider an\u0131ld\u0131 - fotolar - Z\u0259rdab.com","robots":{"index":"index","follow":"follow","max-snippet":"max-snippet:-1","max-image-preview":"max-image-preview:large","max-video-preview":"max-video-preview:-1"},"canonical":"https:\/\/www.zerdab.com\/?p=9689","og_locale":"az_AZ","og_type":"article","og_title":"Z\u0259rdab Rayon Polis \u015f\u00f6b\u0259sind\u0259 \u00fcmummilli lider an\u0131ld\u0131 - fotolar - Z\u0259rdab.com","og_description":"Z\u0259rdab Rayon Polis \u015f\u00f6b\u0259sind\u0259 \u00fcmummilli lider Heyd\u0259r \u018fliyevin 90 illik yubileyi m\u00fcnasib\u0259til\u0259 t\u0259dbir ke\u00e7irilib. \u015e\u00f6b\u0259d\u0259n Zerdab.com sayt\u0131na veril\u0259n m\u0259lumata g\u00f6r\u0259, \u015f\u00f6b\u0259nin \u015f\u0259xsi hey\u0259ti t\u0259r\u0259find\u0259n ulu \u00f6nd\u0259rin heyk\u0259li \u00f6n\u00fcn\u0259 t\u0259r \u00e7i\u00e7\u0259kl\u0259r qoyulduqdan v\u0259 Heyd\u0259r \u018fliyev M\u0259rk\u0259zi il\u0259 tan\u0131\u015fl\u0131qdan sonra y\u0131\u011f\u0131ncaq \u00f6z\u00a0 i\u015fin\u0259 ba\u015flay\u0131b. Y\u0131\u011f\u0131nca\u011f\u0131 giri\u015f\u00a0 s\u00f6z\u00fc il\u0259 Rayon Polis \u015e\u00f6b\u0259sinin r\u0259isi, polis polkovnik-leytenant\u0131 Elnur H\u0259s\u0259nov a\u00e7araq [&hellip;]","og_url":"https:\/\/www.zerdab.com\/?p=9689","og_site_name":"Z\u0259rdab.com","article_published_time":"2013-05-03T10:45:31+00:00","article_modified_time":"2013-05-03T10:59:00+00:00","author":"admin","twitter_card":"summary_large_image","twitter_misc":{"Written by":"admin","Est. reading time":"2 minutes"},"schema":{"@context":"https:\/\/schema.org","@graph":[{"@type":"Article","@id":"https:\/\/www.zerdab.com\/?p=9689#article","isPartOf":{"@id":"https:\/\/www.zerdab.com\/?p=9689"},"author":{"name":"admin","@id":"https:\/\/www.zerdab.com\/#\/schema\/person\/97079b7570c1e89ec0d9e138c3672136"},"headline":"Z\u0259rdab Rayon Polis \u015f\u00f6b\u0259sind\u0259 \u00fcmummilli lider an\u0131ld\u0131 &#8211; fotolar","datePublished":"2013-05-03T10:45:31+00:00","dateModified":"2013-05-03T10:59:00+00:00","mainEntityOfPage":{"@id":"https:\/\/www.zerdab.com\/?p=9689"},"wordCount":359,"commentCount":1,"articleSection":["C\u018fM\u0130YY\u018fT"],"inLanguage":"az","potentialAction":[{"@type":"CommentAction","name":"Comment","target":["https:\/\/www.zerdab.com\/?p=9689#respond"]}]},{"@type":"WebPage","@id":"https:\/\/www.zerdab.com\/?p=9689","url":"https:\/\/www.zerdab.com\/?p=9689","name":"Z\u0259rdab Rayon Polis \u015f\u00f6b\u0259sind\u0259 \u00fcmummilli lider an\u0131ld\u0131 - fotolar - Z\u0259rdab.com","isPartOf":{"@id":"https:\/\/www.zerdab.com\/#website"},"datePublished":"2013-05-03T10:45:31+00:00","dateModified":"2013-05-03T10:59:00+00:00","author":{"@id":"https:\/\/www.zerdab.com\/#\/schema\/person\/97079b7570c1e89ec0d9e138c3672136"},"breadcrumb":{"@id":"https:\/\/www.zerdab.com\/?p=9689#breadcrumb"},"inLanguage":"az","potentialAction":[{"@type":"ReadAction","target":["https:\/\/www.zerdab.com\/?p=9689"]}]},{"@type":"BreadcrumbList","@id":"https:\/\/www.zerdab.com\/?p=9689#breadcrumb","itemListElement":[{"@type":"ListItem","position":1,"name":"Home","item":"https:\/\/www.zerdab.com\/"},{"@type":"ListItem","position":2,"name":"Z\u0259rdab Rayon Polis \u015f\u00f6b\u0259sind\u0259 \u00fcmummilli lider an\u0131ld\u0131 &#8211; fotolar"}]},{"@type":"WebSite","@id":"https:\/\/www.zerdab.com\/#website","url":"https:\/\/www.zerdab.com\/","name":"Z\u0259rdab.com","description":"","potentialAction":[{"@type":"SearchAction","target":{"@type":"EntryPoint","urlTemplate":"https:\/\/www.zerdab.com\/?s={search_term_string}"},"query-input":{"@type":"PropertyValueSpecification","valueRequired":true,"valueName":"search_term_string"}}],"inLanguage":"az"},{"@type":"Person","@id":"https:\/\/www.zerdab.com\/#\/schema\/person\/97079b7570c1e89ec0d9e138c3672136","name":"admin","image":{"@type":"ImageObject","inLanguage":"az","@id":"https:\/\/www.zerdab.com\/#\/schema\/person\/image\/","url":"https:\/\/secure.gravatar.com\/avatar\/d9c52a9a27c32119cb6679a077fa3e2779e5f822c451cbf01098004361d466ec?s=96&d=mm&r=g","contentUrl":"https:\/\/secure.gravatar.com\/avatar\/d9c52a9a27c32119cb6679a077fa3e2779e5f822c451cbf01098004361d466ec?s=96&d=mm&r=g","caption":"admin"},"url":"https:\/\/www.zerdab.com\/?author=1"}]}},"_links":{"self":[{"href":"https:\/\/www.zerdab.com\/index.php?rest_route=\/wp\/v2\/posts\/9689","targetHints":{"allow":["GET"]}}],"collection":[{"href":"https:\/\/www.zerdab.com\/index.php?rest_route=\/wp\/v2\/posts"}],"about":[{"href":"https:\/\/www.zerdab.com\/index.php?rest_route=\/wp\/v2\/types\/post"}],"author":[{"embeddable":true,"href":"https:\/\/www.zerdab.com\/index.php?rest_route=\/wp\/v2\/users\/1"}],"replies":[{"embeddable":true,"href":"https:\/\/www.zerdab.com\/index.php?rest_route=%2Fwp%2Fv2%2Fcomments&post=9689"}],"version-history":[{"count":8,"href":"https:\/\/www.zerdab.com\/index.php?rest_route=\/wp\/v2\/posts\/9689\/revisions"}],"predecessor-version":[{"id":9692,"href":"https:\/\/www.zerdab.com\/index.php?rest_route=\/wp\/v2\/posts\/9689\/revisions\/9692"}],"wp:attachment":[{"href":"https:\/\/www.zerdab.com\/index.php?rest_route=%2Fwp%2Fv2%2Fmedia&parent=9689"}],"wp:term":[{"taxonomy":"category","embeddable":true,"href":"https:\/\/www.zerdab.com\/index.php?rest_route=%2Fwp%2Fv2%2Fcategories&post=9689"},{"taxonomy":"post_tag","embeddable":true,"href":"https:\/\/www.zerdab.com\/index.php?rest_route=%2Fwp%2Fv2%2Ftags&post=9689"}],"curies":[{"name":"wp","href":"https:\/\/api.w.org\/{rel}","templated":true}]}}