{"id":9726,"date":"2013-05-04T23:27:34","date_gmt":"2013-05-04T18:27:34","guid":{"rendered":"http:\/\/www.zerdab.com\/?p=9726"},"modified":"2013-05-04T23:29:56","modified_gmt":"2013-05-04T18:29:56","slug":"lutv%c9%99li-babayev-olk%c9%99mizd%c9%99ki-inkisaf-z%c9%99rdab-rayonunda-da-ozunu-biruz%c9%99-verir","status":"publish","type":"post","link":"https:\/\/www.zerdab.com\/?p=9726","title":{"rendered":"L\u00fctv\u0259li Babayev: \u201c\u0130nki\u015faf Z\u0259rdabda da \u00f6z\u00fcn\u00fc biruz\u0259 verir\u201d"},"content":{"rendered":"<p><b><img loading=\"lazy\" decoding=\"async\" class=\"aligncenter size-large wp-image-9727\" alt=\"Zerdab rayonu\" src=\"http:\/\/www.zerdab.com\/wp-content\/uploads\/2013\/05\/Zerdab-rayonu-500x332.jpg\" width=\"500\" height=\"332\" \/>\u00a0<\/b><span style=\"color: #0000ff;\"><strong>\u201c\u00d6lk\u0259mizd\u0259ki dinamik inki\u015faf son d\u00f6vrd\u0259 Z\u0259rdab rayonundan da yan ke\u00e7m\u0259yib. Son ill\u0259rd\u0259 Z\u0259rdabda yeni tikil\u0259n, yenid\u0259n qurulan v\u0259 ya \u0259sasl\u0131 t\u0259mir olunan obyektl\u0259rin say\u0131 300-\u0259 q\u0259d\u0259rdir\u201d.<\/strong><\/span><\/p>\n<p><span style=\"color: #0000ff;\"><strong>\u00a0<\/strong><\/span>Z\u0259rdab rayonunda \u201cHeyd\u0259r \u018fliyev m\u00fcst\u0259qil Az\u0259rbaycan d\u00f6vl\u0259tinin memar\u0131d\u0131r\u201d m\u00f6vzusunda elmi-praktik konfrans ke\u00e7irilib. Konfransda respublikam\u0131z\u0131n g\u00f6rk\u0259mli aliml\u0259ri, d\u00fcnya miqyas\u0131nda tan\u0131nm\u0131\u015f ziyal\u0131lar, Az\u0259rbaycan Milli Elml\u0259r Akademiyas\u0131n\u0131n akademikl\u0259ri Vasim M\u0259mm\u0259d\u0259liyev v\u0259 Teymur B\u00fcnyadov, \u0259sl\u0259n z\u0259rdabl\u0131 olan, tibb elml\u0259ri doktoru, professor \u00c7ingiz C\u0259rullazad\u0259 v\u0259 dig\u0259r qonaqlar i\u015ftirak etdil\u0259r.<\/p>\n<p>Z\u0259rdab Rayon \u0130cra Hakimiyy\u0259tinin ba\u015f\u00e7\u0131s\u0131, iqtisadiyyat \u00fczr\u0259 f\u0259ls\u0259f\u0259 doktoru L\u00fctv\u0259li Babayev qeyd etdi ki, Az\u0259rbaycan tarixind\u0259 dahi \u015f\u0259xsiyy\u0259tl\u0259r \u00e7ox olub. Onlar f\u0259aliyy\u0259tl\u0259ri il\u0259 xalq\u0131n yadda\u015f\u0131nda bu g\u00fcn d\u0259 ya\u015fay\u0131rlar. Bunlar\u0131n s\u0131ras\u0131nda b\u00f6y\u00fck z\u0259ka sahibi, nadir \u015f\u0259xsiyy\u0259t, n\u00fcfuzlu d\u00f6vl\u0259t xadimi, mill\u0259tin f\u0259dakar o\u011flu, \u00fcmummilli lider Heyd\u0259r \u018fliyev \u0259n y\u00fcks\u0259k zirv\u0259d\u0259dir.<\/p>\n<p>&nbsp;<\/p>\n<p>L\u00fctv\u0259li Babayev bildirdi ki, \u00e7ox g\u0259rgin i\u015f rejimin\u0259 baxmayaraq ulu \u00f6nd\u0259r Heyd\u0259r \u018fliyev tez-tez respublikan\u0131n b\u00f6lg\u0259l\u0259rind\u0259 olma\u011fa v\u0259 \u0259hali il\u0259 yerl\u0259rd\u0259 g\u00f6r\u00fc\u015fl\u0259r\u0259 d\u0259 vaxt tap\u0131rd\u0131: \u201c29 may 1978-ci ild\u0259 Ulu \u00d6nd\u0259r Heyd\u0259r \u018fliyevin K\u00fcr \u00e7ay\u0131n\u0131n h\u0259ddind\u0259n \u00e7ox qalxmas\u0131 il\u0259 ba\u011fl\u0131 Z\u0259rdaba s\u0259f\u0259rini v\u0259 onun xilaskarl\u0131q missiyas\u0131n\u0131 z\u0259rdabl\u0131lar bu g\u00fcn d\u0259 d\u0259rin minn\u0259tdarl\u0131q hissi il\u0259 xat\u0131rlay\u0131rlar\u201d.<\/p>\n<p>L. Babayev dedi ki, \u00f6lk\u0259mizd\u0259ki bu dinamik inki\u015faf son d\u00f6vrd\u0259 Z\u0259rdab rayonundan da yan ke\u00e7m\u0259yib.<\/p>\n<p>Son ill\u0259rd\u0259 Z\u0259rdabda yeni tikil\u0259n, yenid\u0259n qurulan v\u0259 ya \u0259sasl\u0131 t\u0259mir olunan obyektl\u0259rin say\u0131 300-\u0259 q\u0259d\u0259rdir.<\/p>\n<p>Z\u0259rdabda yeni obyektl\u0259rin, o c\u00fcml\u0259d\u0259n m\u0259kt\u0259bl\u0259rin tikintisi, yollar\u0131n sal\u0131nmas\u0131, qaz, su v\u0259 kanalizasiya x\u0259tl\u0259rinin \u00e7\u0259kili\u015fi, modul tipli su qur\u011fular\u0131n\u0131n qura\u015fd\u0131r\u0131lmas\u0131, i\u015f\u0131qland\u0131rma sisteminin yenid\u0259n qurulmas\u0131, kommunal binalar\u0131n dam \u00f6rt\u00fcy\u00fcn\u00fcn d\u0259yi\u015fdirilm\u0259si \u00fcmumilikd\u0259 rayonun sosial probleml\u0259rinin h\u0259lli istiqam\u0259tind\u0259 g\u00f6r\u00fcl\u0259n i\u015fl\u0259r bu g\u00fcn rayonumuzun sakinl\u0259ri t\u0259r\u0259find\u0259n \u00f6lk\u0259 Prezidentin\u0259 d\u0259rin minn\u0259tdarl\u0131q hissi il\u0259 qar\u015f\u0131lan\u0131r: \u201cD\u00f6vl\u0259timizin ba\u015f\u00e7\u0131s\u0131n\u0131n Z\u0259rdaba 6 may 2011-ci il v\u0259 7 oktyabr 2012-ci il tarixd\u0259 ard\u0131c\u0131l 2 d\u0259f\u0259 s\u0259f\u0259r etm\u0259si, g\u00f6r\u00fcl\u0259n i\u015fl\u0259r\u0259 verdiyi y\u00fcks\u0259k qiym\u0259t z\u0259rdabl\u0131lar\u0131 daha da ruhland\u0131rm\u0131\u015fd\u0131r\u201d.<\/p>\n<p>Natiq Heyd\u0259r \u018fliyevin \u0259ziz xatir\u0259sinin b\u00fct\u00fcn Az\u0259rbaycan xalq\u0131 kimi z\u0259rdabl\u0131lar\u0131n da q\u0259lbind\u0259 \u0259b\u0259di ya\u015fayaca\u011f\u0131n\u0131 vur\u011fulad\u0131.<\/p>\n<p>Daha sonra s\u00f6z konfransda i\u015ftirak ed\u0259n qonaqlara verildi. Milli Elml\u0259r Akademiyas\u0131n\u0131n akademikl\u0259ri Vasim M\u0259mm\u0259d\u0259liyev \u201cHeyd\u0259r \u018fliyev Az\u0259rbaycan\u00e7\u0131l\u0131q ideologiyas\u0131n\u0131n banisidir\u201d, Teymur B\u00fcnyadov \u201cUlu \u00d6nd\u0259r Heyd\u0259r \u018fliyev haqq\u0131nda xatir\u0259l\u0259r\u201d, tibb elml\u0259ri doktoru, professor \u00c7ingiz C\u0259rullazad\u0259 is\u0259 \u201cOftalmologiya elminin inki\u015faf\u0131nda akademik Z\u0259rif\u0259 xan\u0131m \u018fliyevan\u0131n rolu\u201d m\u00f6vzusunda m\u0259ruz\u0259l\u0259rl\u0259 \u00e7\u0131x\u0131\u015f etdil\u0259r.<\/p>\n<p>Daha sonra konfrans i\u015ftirak\u00e7\u0131lar\u0131 Heyd\u0259r \u018fliyev park\u0131nda ke\u00e7iril\u0259n \u201cKitab bayram\u0131\u201dnda i\u015ftirak etdil\u0259r. Burada yarad\u0131lm\u0131\u015f gu\u015f\u0259l\u0259rl\u0259 bax\u0131\u015f ke\u00e7irdil\u0259r.<\/p>\n<p>T\u0259dbirl\u0259r konsert proqram\u0131 il\u0259 davam etdirildi.<\/p>\n<p><img loading=\"lazy\" decoding=\"async\" class=\"aligncenter size-large wp-image-9728\" alt=\"Zerdab rayonu\" src=\"http:\/\/www.zerdab.com\/wp-content\/uploads\/2013\/05\/Zerdab-rayonu-3-500x332.jpg\" width=\"500\" height=\"332\" \/><\/p>\n<p><img loading=\"lazy\" decoding=\"async\" class=\"aligncenter size-large wp-image-9729\" alt=\"Vasif Memmedeliyev\" src=\"http:\/\/www.zerdab.com\/wp-content\/uploads\/2013\/05\/Vasif-Memmedeliyev-500x332.jpg\" width=\"500\" height=\"332\" \/><\/p>\n<p><img loading=\"lazy\" decoding=\"async\" class=\"aligncenter size-large wp-image-9730\" alt=\"Zerdab rayonu\" src=\"http:\/\/www.zerdab.com\/wp-content\/uploads\/2013\/05\/Zerdab-rayonu-2-500x332.jpg\" width=\"500\" height=\"332\" \/><\/p>\n","protected":false},"excerpt":{"rendered":"<p>\u00a0\u201c\u00d6lk\u0259mizd\u0259ki dinamik inki\u015faf son d\u00f6vrd\u0259 Z\u0259rdab rayonundan da yan ke\u00e7m\u0259yib. Son ill\u0259rd\u0259 Z\u0259rdabda yeni tikil\u0259n, yenid\u0259n qurulan v\u0259 ya \u0259sasl\u0131 t\u0259mir olunan obyektl\u0259rin say\u0131 300-\u0259 q\u0259d\u0259rdir\u201d. \u00a0Z\u0259rdab rayonunda \u201cHeyd\u0259r \u018fliyev m\u00fcst\u0259qil Az\u0259rbaycan d\u00f6vl\u0259tinin memar\u0131d\u0131r\u201d m\u00f6vzusunda elmi-praktik konfrans ke\u00e7irilib. Konfransda respublikam\u0131z\u0131n g\u00f6rk\u0259mli aliml\u0259ri, d\u00fcnya miqyas\u0131nda tan\u0131nm\u0131\u015f ziyal\u0131lar, Az\u0259rbaycan Milli Elml\u0259r Akademiyas\u0131n\u0131n akademikl\u0259ri Vasim M\u0259mm\u0259d\u0259liyev v\u0259 Teymur [&hellip;]<\/p>\n","protected":false},"author":1,"featured_media":0,"comment_status":"open","ping_status":"open","sticky":false,"template":"","format":"standard","meta":{"footnotes":""},"categories":[21],"tags":[],"class_list":{"0":"post-9726","1":"post","2":"type-post","3":"status-publish","4":"format-standard","6":"category-zrdab"},"yoast_head":"<!-- This site is optimized with the Yoast SEO plugin v27.0 - https:\/\/yoast.com\/product\/yoast-seo-wordpress\/ -->\n<title>L\u00fctv\u0259li Babayev: \u201c\u0130nki\u015faf Z\u0259rdabda da \u00f6z\u00fcn\u00fc biruz\u0259 verir\u201d - Z\u0259rdab.com<\/title>\n<meta name=\"robots\" content=\"index, follow, max-snippet:-1, max-image-preview:large, max-video-preview:-1\" \/>\n<link rel=\"canonical\" href=\"https:\/\/www.zerdab.com\/?p=9726\" \/>\n<meta property=\"og:locale\" content=\"az_AZ\" \/>\n<meta property=\"og:type\" content=\"article\" \/>\n<meta property=\"og:title\" content=\"L\u00fctv\u0259li Babayev: \u201c\u0130nki\u015faf Z\u0259rdabda da \u00f6z\u00fcn\u00fc biruz\u0259 verir\u201d - Z\u0259rdab.com\" \/>\n<meta property=\"og:description\" content=\"\u00a0\u201c\u00d6lk\u0259mizd\u0259ki dinamik inki\u015faf son d\u00f6vrd\u0259 Z\u0259rdab rayonundan da yan ke\u00e7m\u0259yib. Son ill\u0259rd\u0259 Z\u0259rdabda yeni tikil\u0259n, yenid\u0259n qurulan v\u0259 ya \u0259sasl\u0131 t\u0259mir olunan obyektl\u0259rin say\u0131 300-\u0259 q\u0259d\u0259rdir\u201d. \u00a0Z\u0259rdab rayonunda \u201cHeyd\u0259r \u018fliyev m\u00fcst\u0259qil Az\u0259rbaycan d\u00f6vl\u0259tinin memar\u0131d\u0131r\u201d m\u00f6vzusunda elmi-praktik konfrans ke\u00e7irilib. Konfransda respublikam\u0131z\u0131n g\u00f6rk\u0259mli aliml\u0259ri, d\u00fcnya miqyas\u0131nda tan\u0131nm\u0131\u015f ziyal\u0131lar, Az\u0259rbaycan Milli Elml\u0259r Akademiyas\u0131n\u0131n akademikl\u0259ri Vasim M\u0259mm\u0259d\u0259liyev v\u0259 Teymur [&hellip;]\" \/>\n<meta property=\"og:url\" content=\"https:\/\/www.zerdab.com\/?p=9726\" \/>\n<meta property=\"og:site_name\" content=\"Z\u0259rdab.com\" \/>\n<meta property=\"article:published_time\" content=\"2013-05-04T18:27:34+00:00\" \/>\n<meta property=\"article:modified_time\" content=\"2013-05-04T18:29:56+00:00\" \/>\n<meta property=\"og:image\" content=\"http:\/\/www.zerdab.com\/wp-content\/uploads\/2013\/05\/Zerdab-rayonu-500x332.jpg\" \/>\n<meta name=\"author\" content=\"admin\" \/>\n<meta name=\"twitter:card\" content=\"summary_large_image\" \/>\n<meta name=\"twitter:label1\" content=\"Written by\" \/>\n\t<meta name=\"twitter:data1\" content=\"admin\" \/>\n\t<meta name=\"twitter:label2\" content=\"Est. reading time\" \/>\n\t<meta name=\"twitter:data2\" content=\"3 minutes\" \/>\n<script type=\"application\/ld+json\" class=\"yoast-schema-graph\">{\"@context\":\"https:\/\/schema.org\",\"@graph\":[{\"@type\":\"Article\",\"@id\":\"https:\/\/www.zerdab.com\/?p=9726#article\",\"isPartOf\":{\"@id\":\"https:\/\/www.zerdab.com\/?p=9726\"},\"author\":{\"name\":\"admin\",\"@id\":\"https:\/\/www.zerdab.com\/#\/schema\/person\/97079b7570c1e89ec0d9e138c3672136\"},\"headline\":\"L\u00fctv\u0259li Babayev: \u201c\u0130nki\u015faf Z\u0259rdabda da \u00f6z\u00fcn\u00fc biruz\u0259 verir\u201d\",\"datePublished\":\"2013-05-04T18:27:34+00:00\",\"dateModified\":\"2013-05-04T18:29:56+00:00\",\"mainEntityOfPage\":{\"@id\":\"https:\/\/www.zerdab.com\/?p=9726\"},\"wordCount\":648,\"commentCount\":0,\"image\":{\"@id\":\"https:\/\/www.zerdab.com\/?p=9726#primaryimage\"},\"thumbnailUrl\":\"http:\/\/www.zerdab.com\/wp-content\/uploads\/2013\/05\/Zerdab-rayonu-500x332.jpg\",\"articleSection\":[\"C\u018fM\u0130YY\u018fT\"],\"inLanguage\":\"az\",\"potentialAction\":[{\"@type\":\"CommentAction\",\"name\":\"Comment\",\"target\":[\"https:\/\/www.zerdab.com\/?p=9726#respond\"]}]},{\"@type\":\"WebPage\",\"@id\":\"https:\/\/www.zerdab.com\/?p=9726\",\"url\":\"https:\/\/www.zerdab.com\/?p=9726\",\"name\":\"L\u00fctv\u0259li Babayev: \u201c\u0130nki\u015faf Z\u0259rdabda da \u00f6z\u00fcn\u00fc biruz\u0259 verir\u201d - Z\u0259rdab.com\",\"isPartOf\":{\"@id\":\"https:\/\/www.zerdab.com\/#website\"},\"primaryImageOfPage\":{\"@id\":\"https:\/\/www.zerdab.com\/?p=9726#primaryimage\"},\"image\":{\"@id\":\"https:\/\/www.zerdab.com\/?p=9726#primaryimage\"},\"thumbnailUrl\":\"http:\/\/www.zerdab.com\/wp-content\/uploads\/2013\/05\/Zerdab-rayonu-500x332.jpg\",\"datePublished\":\"2013-05-04T18:27:34+00:00\",\"dateModified\":\"2013-05-04T18:29:56+00:00\",\"author\":{\"@id\":\"https:\/\/www.zerdab.com\/#\/schema\/person\/97079b7570c1e89ec0d9e138c3672136\"},\"breadcrumb\":{\"@id\":\"https:\/\/www.zerdab.com\/?p=9726#breadcrumb\"},\"inLanguage\":\"az\",\"potentialAction\":[{\"@type\":\"ReadAction\",\"target\":[\"https:\/\/www.zerdab.com\/?p=9726\"]}]},{\"@type\":\"ImageObject\",\"inLanguage\":\"az\",\"@id\":\"https:\/\/www.zerdab.com\/?p=9726#primaryimage\",\"url\":\"\",\"contentUrl\":\"\"},{\"@type\":\"BreadcrumbList\",\"@id\":\"https:\/\/www.zerdab.com\/?p=9726#breadcrumb\",\"itemListElement\":[{\"@type\":\"ListItem\",\"position\":1,\"name\":\"Home\",\"item\":\"https:\/\/www.zerdab.com\/\"},{\"@type\":\"ListItem\",\"position\":2,\"name\":\"L\u00fctv\u0259li Babayev: \u201c\u0130nki\u015faf Z\u0259rdabda da \u00f6z\u00fcn\u00fc biruz\u0259 verir\u201d\"}]},{\"@type\":\"WebSite\",\"@id\":\"https:\/\/www.zerdab.com\/#website\",\"url\":\"https:\/\/www.zerdab.com\/\",\"name\":\"Z\u0259rdab.com\",\"description\":\"\",\"potentialAction\":[{\"@type\":\"SearchAction\",\"target\":{\"@type\":\"EntryPoint\",\"urlTemplate\":\"https:\/\/www.zerdab.com\/?s={search_term_string}\"},\"query-input\":{\"@type\":\"PropertyValueSpecification\",\"valueRequired\":true,\"valueName\":\"search_term_string\"}}],\"inLanguage\":\"az\"},{\"@type\":\"Person\",\"@id\":\"https:\/\/www.zerdab.com\/#\/schema\/person\/97079b7570c1e89ec0d9e138c3672136\",\"name\":\"admin\",\"image\":{\"@type\":\"ImageObject\",\"inLanguage\":\"az\",\"@id\":\"https:\/\/www.zerdab.com\/#\/schema\/person\/image\/\",\"url\":\"https:\/\/secure.gravatar.com\/avatar\/d9c52a9a27c32119cb6679a077fa3e2779e5f822c451cbf01098004361d466ec?s=96&d=mm&r=g\",\"contentUrl\":\"https:\/\/secure.gravatar.com\/avatar\/d9c52a9a27c32119cb6679a077fa3e2779e5f822c451cbf01098004361d466ec?s=96&d=mm&r=g\",\"caption\":\"admin\"},\"url\":\"https:\/\/www.zerdab.com\/?author=1\"}]}<\/script>\n<!-- \/ Yoast SEO plugin. -->","yoast_head_json":{"title":"L\u00fctv\u0259li Babayev: \u201c\u0130nki\u015faf Z\u0259rdabda da \u00f6z\u00fcn\u00fc biruz\u0259 verir\u201d - Z\u0259rdab.com","robots":{"index":"index","follow":"follow","max-snippet":"max-snippet:-1","max-image-preview":"max-image-preview:large","max-video-preview":"max-video-preview:-1"},"canonical":"https:\/\/www.zerdab.com\/?p=9726","og_locale":"az_AZ","og_type":"article","og_title":"L\u00fctv\u0259li Babayev: \u201c\u0130nki\u015faf Z\u0259rdabda da \u00f6z\u00fcn\u00fc biruz\u0259 verir\u201d - Z\u0259rdab.com","og_description":"\u00a0\u201c\u00d6lk\u0259mizd\u0259ki dinamik inki\u015faf son d\u00f6vrd\u0259 Z\u0259rdab rayonundan da yan ke\u00e7m\u0259yib. Son ill\u0259rd\u0259 Z\u0259rdabda yeni tikil\u0259n, yenid\u0259n qurulan v\u0259 ya \u0259sasl\u0131 t\u0259mir olunan obyektl\u0259rin say\u0131 300-\u0259 q\u0259d\u0259rdir\u201d. \u00a0Z\u0259rdab rayonunda \u201cHeyd\u0259r \u018fliyev m\u00fcst\u0259qil Az\u0259rbaycan d\u00f6vl\u0259tinin memar\u0131d\u0131r\u201d m\u00f6vzusunda elmi-praktik konfrans ke\u00e7irilib. Konfransda respublikam\u0131z\u0131n g\u00f6rk\u0259mli aliml\u0259ri, d\u00fcnya miqyas\u0131nda tan\u0131nm\u0131\u015f ziyal\u0131lar, Az\u0259rbaycan Milli Elml\u0259r Akademiyas\u0131n\u0131n akademikl\u0259ri Vasim M\u0259mm\u0259d\u0259liyev v\u0259 Teymur [&hellip;]","og_url":"https:\/\/www.zerdab.com\/?p=9726","og_site_name":"Z\u0259rdab.com","article_published_time":"2013-05-04T18:27:34+00:00","article_modified_time":"2013-05-04T18:29:56+00:00","og_image":[{"url":"http:\/\/www.zerdab.com\/wp-content\/uploads\/2013\/05\/Zerdab-rayonu-500x332.jpg","type":"","width":"","height":""}],"author":"admin","twitter_card":"summary_large_image","twitter_misc":{"Written by":"admin","Est. reading time":"3 minutes"},"schema":{"@context":"https:\/\/schema.org","@graph":[{"@type":"Article","@id":"https:\/\/www.zerdab.com\/?p=9726#article","isPartOf":{"@id":"https:\/\/www.zerdab.com\/?p=9726"},"author":{"name":"admin","@id":"https:\/\/www.zerdab.com\/#\/schema\/person\/97079b7570c1e89ec0d9e138c3672136"},"headline":"L\u00fctv\u0259li Babayev: \u201c\u0130nki\u015faf Z\u0259rdabda da \u00f6z\u00fcn\u00fc biruz\u0259 verir\u201d","datePublished":"2013-05-04T18:27:34+00:00","dateModified":"2013-05-04T18:29:56+00:00","mainEntityOfPage":{"@id":"https:\/\/www.zerdab.com\/?p=9726"},"wordCount":648,"commentCount":0,"image":{"@id":"https:\/\/www.zerdab.com\/?p=9726#primaryimage"},"thumbnailUrl":"http:\/\/www.zerdab.com\/wp-content\/uploads\/2013\/05\/Zerdab-rayonu-500x332.jpg","articleSection":["C\u018fM\u0130YY\u018fT"],"inLanguage":"az","potentialAction":[{"@type":"CommentAction","name":"Comment","target":["https:\/\/www.zerdab.com\/?p=9726#respond"]}]},{"@type":"WebPage","@id":"https:\/\/www.zerdab.com\/?p=9726","url":"https:\/\/www.zerdab.com\/?p=9726","name":"L\u00fctv\u0259li Babayev: \u201c\u0130nki\u015faf Z\u0259rdabda da \u00f6z\u00fcn\u00fc biruz\u0259 verir\u201d - Z\u0259rdab.com","isPartOf":{"@id":"https:\/\/www.zerdab.com\/#website"},"primaryImageOfPage":{"@id":"https:\/\/www.zerdab.com\/?p=9726#primaryimage"},"image":{"@id":"https:\/\/www.zerdab.com\/?p=9726#primaryimage"},"thumbnailUrl":"http:\/\/www.zerdab.com\/wp-content\/uploads\/2013\/05\/Zerdab-rayonu-500x332.jpg","datePublished":"2013-05-04T18:27:34+00:00","dateModified":"2013-05-04T18:29:56+00:00","author":{"@id":"https:\/\/www.zerdab.com\/#\/schema\/person\/97079b7570c1e89ec0d9e138c3672136"},"breadcrumb":{"@id":"https:\/\/www.zerdab.com\/?p=9726#breadcrumb"},"inLanguage":"az","potentialAction":[{"@type":"ReadAction","target":["https:\/\/www.zerdab.com\/?p=9726"]}]},{"@type":"ImageObject","inLanguage":"az","@id":"https:\/\/www.zerdab.com\/?p=9726#primaryimage","url":"","contentUrl":""},{"@type":"BreadcrumbList","@id":"https:\/\/www.zerdab.com\/?p=9726#breadcrumb","itemListElement":[{"@type":"ListItem","position":1,"name":"Home","item":"https:\/\/www.zerdab.com\/"},{"@type":"ListItem","position":2,"name":"L\u00fctv\u0259li Babayev: \u201c\u0130nki\u015faf Z\u0259rdabda da \u00f6z\u00fcn\u00fc biruz\u0259 verir\u201d"}]},{"@type":"WebSite","@id":"https:\/\/www.zerdab.com\/#website","url":"https:\/\/www.zerdab.com\/","name":"Z\u0259rdab.com","description":"","potentialAction":[{"@type":"SearchAction","target":{"@type":"EntryPoint","urlTemplate":"https:\/\/www.zerdab.com\/?s={search_term_string}"},"query-input":{"@type":"PropertyValueSpecification","valueRequired":true,"valueName":"search_term_string"}}],"inLanguage":"az"},{"@type":"Person","@id":"https:\/\/www.zerdab.com\/#\/schema\/person\/97079b7570c1e89ec0d9e138c3672136","name":"admin","image":{"@type":"ImageObject","inLanguage":"az","@id":"https:\/\/www.zerdab.com\/#\/schema\/person\/image\/","url":"https:\/\/secure.gravatar.com\/avatar\/d9c52a9a27c32119cb6679a077fa3e2779e5f822c451cbf01098004361d466ec?s=96&d=mm&r=g","contentUrl":"https:\/\/secure.gravatar.com\/avatar\/d9c52a9a27c32119cb6679a077fa3e2779e5f822c451cbf01098004361d466ec?s=96&d=mm&r=g","caption":"admin"},"url":"https:\/\/www.zerdab.com\/?author=1"}]}},"_links":{"self":[{"href":"https:\/\/www.zerdab.com\/index.php?rest_route=\/wp\/v2\/posts\/9726","targetHints":{"allow":["GET"]}}],"collection":[{"href":"https:\/\/www.zerdab.com\/index.php?rest_route=\/wp\/v2\/posts"}],"about":[{"href":"https:\/\/www.zerdab.com\/index.php?rest_route=\/wp\/v2\/types\/post"}],"author":[{"embeddable":true,"href":"https:\/\/www.zerdab.com\/index.php?rest_route=\/wp\/v2\/users\/1"}],"replies":[{"embeddable":true,"href":"https:\/\/www.zerdab.com\/index.php?rest_route=%2Fwp%2Fv2%2Fcomments&post=9726"}],"version-history":[{"count":4,"href":"https:\/\/www.zerdab.com\/index.php?rest_route=\/wp\/v2\/posts\/9726\/revisions"}],"predecessor-version":[{"id":9732,"href":"https:\/\/www.zerdab.com\/index.php?rest_route=\/wp\/v2\/posts\/9726\/revisions\/9732"}],"wp:attachment":[{"href":"https:\/\/www.zerdab.com\/index.php?rest_route=%2Fwp%2Fv2%2Fmedia&parent=9726"}],"wp:term":[{"taxonomy":"category","embeddable":true,"href":"https:\/\/www.zerdab.com\/index.php?rest_route=%2Fwp%2Fv2%2Fcategories&post=9726"},{"taxonomy":"post_tag","embeddable":true,"href":"https:\/\/www.zerdab.com\/index.php?rest_route=%2Fwp%2Fv2%2Ftags&post=9726"}],"curies":[{"name":"wp","href":"https:\/\/api.w.org\/{rel}","templated":true}]}}