{"id":9770,"date":"2013-05-06T15:47:02","date_gmt":"2013-05-06T10:47:02","guid":{"rendered":"http:\/\/www.zerdab.com\/?p=9770"},"modified":"2013-05-06T15:47:41","modified_gmt":"2013-05-06T10:47:41","slug":"zeynal-nagd%c9%99liyev-probleml%c9%99rin-coxu-yerind%c9%99-h%c9%99ll-olunur","status":"publish","type":"post","link":"https:\/\/www.zerdab.com\/?p=9770","title":{"rendered":"Zeynal Na\u011fd\u0259liyev: &#8220;Probleml\u0259rin \u00e7oxu yerind\u0259 h\u0259ll olunur&#8221;"},"content":{"rendered":"<figure id=\"attachment_9771\" aria-describedby=\"caption-attachment-9771\" style=\"width: 250px\" class=\"wp-caption aligncenter\"><img loading=\"lazy\" decoding=\"async\" class=\"size-full wp-image-9771\" alt=\"Zeynal Na\u011fd\u0259liyev\" src=\"http:\/\/www.zerdab.com\/wp-content\/uploads\/2013\/05\/Zeynal-Na\u011fd\u0259liyev.jpg\" width=\"250\" height=\"200\" \/><figcaption id=\"caption-attachment-9771\" class=\"wp-caption-text\"><span style=\"color: #0000ff;\"><strong>Prezident Administrasiyas\u0131n\u0131n \u0259razi idar\u0259etm\u0259 orqanlar\u0131 il\u0259 i\u015f \u015f\u00f6b\u0259sinin m\u00fcdiri Zeynal Na\u011fd\u0259liyev<\/strong><\/span><\/figcaption><\/figure>\n<p><span style=\"color: #0000ff;\"><strong>\u201cPrezidentin b\u0259zi rayon icra hakimiyy\u0259ti ba\u015f\u00e7\u0131lar\u0131n\u0131n f\u0259aliyy\u0259tin\u0259 dair iradlar\u0131ndan sonra probleml\u0259rin aradan qald\u0131r\u0131lmas\u0131 istiqam\u0259tind\u0259 b\u00fct\u00fcn laz\u0131m\u0131 i\u015fl\u0259r g\u00f6r\u00fcl\u00fcr\u201d.\u00a0<\/strong><\/span>Bu a\u00e7\u0131qlaman\u0131 Prezident Administrasiyas\u0131n\u0131n \u0259razi idar\u0259etm\u0259 orqanlar\u0131 il\u0259 i\u015f \u015f\u00f6b\u0259sinin m\u00fcdiri Zeynal Na\u011fd\u0259liyev verib.<\/p>\n<p>O, art\u0131q bu m\u0259s\u0259l\u0259 il\u0259 ba\u011fl\u0131 narahatl\u0131qlar\u0131n azalmaqda oldu\u011funu deyib: \u201cHam\u0131 bu iradlardan \u00f6z d\u0259rsini g\u00f6t\u00fcr\u00fcb. \u0130st\u0259r m\u0259tbuatda, ist\u0259rs\u0259 d\u0259 yerl\u0259rd\u0259n h\u0259r hans\u0131 narahat\u00e7\u0131l\u0131q do\u011furan m\u0259qam ortaya \u00e7\u0131xarsa, biz d\u0259rhal onun h\u0259llin\u0259 \u00e7al\u0131\u015f\u0131r\u0131q. Nazirl\u0259rin v\u0259 h\u00f6kum\u0259tin dig\u0259r y\u00fcks\u0259k v\u0259zif\u0259li \u015f\u0259xsl\u0259rinin b\u00f6lg\u0259l\u0259rd\u0259 v\u0259t\u0259nda\u015flar\u0131 q\u0259bul etm\u0259si, onlar\u0131n probleml\u0259rinin yerind\u0259 h\u0259lli m\u00fcsb\u0259t n\u0259tic\u0259l\u0259rini verir. Art\u0131q h\u0259r k\u0259s d\u0259 g\u00f6r\u00fcr ki, probleml\u0259rin \u00e7oxu yerind\u0259 h\u0259ll olunur\u201d.<\/p>\n<p><strong>Zerdab.com<\/strong><\/p>\n","protected":false},"excerpt":{"rendered":"<p>\u201cPrezidentin b\u0259zi rayon icra hakimiyy\u0259ti ba\u015f\u00e7\u0131lar\u0131n\u0131n f\u0259aliyy\u0259tin\u0259 dair iradlar\u0131ndan sonra probleml\u0259rin aradan qald\u0131r\u0131lmas\u0131 istiqam\u0259tind\u0259 b\u00fct\u00fcn laz\u0131m\u0131 i\u015fl\u0259r g\u00f6r\u00fcl\u00fcr\u201d.\u00a0Bu a\u00e7\u0131qlaman\u0131 Prezident Administrasiyas\u0131n\u0131n \u0259razi idar\u0259etm\u0259 orqanlar\u0131 il\u0259 i\u015f \u015f\u00f6b\u0259sinin m\u00fcdiri Zeynal Na\u011fd\u0259liyev verib. O, art\u0131q bu m\u0259s\u0259l\u0259 il\u0259 ba\u011fl\u0131 narahatl\u0131qlar\u0131n azalmaqda oldu\u011funu deyib: \u201cHam\u0131 bu iradlardan \u00f6z d\u0259rsini g\u00f6t\u00fcr\u00fcb. \u0130st\u0259r m\u0259tbuatda, ist\u0259rs\u0259 d\u0259 yerl\u0259rd\u0259n h\u0259r hans\u0131 narahat\u00e7\u0131l\u0131q [&hellip;]<\/p>\n","protected":false},"author":1,"featured_media":0,"comment_status":"open","ping_status":"open","sticky":false,"template":"","format":"standard","meta":{"footnotes":""},"categories":[5],"tags":[],"class_list":{"0":"post-9770","1":"post","2":"type-post","3":"status-publish","4":"format-standard","6":"category-knd"},"yoast_head":"<!-- This site is optimized with the Yoast SEO plugin v27.0 - https:\/\/yoast.com\/product\/yoast-seo-wordpress\/ -->\n<title>Zeynal Na\u011fd\u0259liyev: &quot;Probleml\u0259rin \u00e7oxu yerind\u0259 h\u0259ll olunur&quot; - Z\u0259rdab.com<\/title>\n<meta name=\"robots\" content=\"index, follow, max-snippet:-1, max-image-preview:large, max-video-preview:-1\" \/>\n<link rel=\"canonical\" href=\"https:\/\/www.zerdab.com\/?p=9770\" \/>\n<meta property=\"og:locale\" content=\"az_AZ\" \/>\n<meta property=\"og:type\" content=\"article\" \/>\n<meta property=\"og:title\" content=\"Zeynal Na\u011fd\u0259liyev: &quot;Probleml\u0259rin \u00e7oxu yerind\u0259 h\u0259ll olunur&quot; - Z\u0259rdab.com\" \/>\n<meta property=\"og:description\" content=\"\u201cPrezidentin b\u0259zi rayon icra hakimiyy\u0259ti ba\u015f\u00e7\u0131lar\u0131n\u0131n f\u0259aliyy\u0259tin\u0259 dair iradlar\u0131ndan sonra probleml\u0259rin aradan qald\u0131r\u0131lmas\u0131 istiqam\u0259tind\u0259 b\u00fct\u00fcn laz\u0131m\u0131 i\u015fl\u0259r g\u00f6r\u00fcl\u00fcr\u201d.\u00a0Bu a\u00e7\u0131qlaman\u0131 Prezident Administrasiyas\u0131n\u0131n \u0259razi idar\u0259etm\u0259 orqanlar\u0131 il\u0259 i\u015f \u015f\u00f6b\u0259sinin m\u00fcdiri Zeynal Na\u011fd\u0259liyev verib. O, art\u0131q bu m\u0259s\u0259l\u0259 il\u0259 ba\u011fl\u0131 narahatl\u0131qlar\u0131n azalmaqda oldu\u011funu deyib: \u201cHam\u0131 bu iradlardan \u00f6z d\u0259rsini g\u00f6t\u00fcr\u00fcb. \u0130st\u0259r m\u0259tbuatda, ist\u0259rs\u0259 d\u0259 yerl\u0259rd\u0259n h\u0259r hans\u0131 narahat\u00e7\u0131l\u0131q [&hellip;]\" \/>\n<meta property=\"og:url\" content=\"https:\/\/www.zerdab.com\/?p=9770\" \/>\n<meta property=\"og:site_name\" content=\"Z\u0259rdab.com\" \/>\n<meta property=\"article:published_time\" content=\"2013-05-06T10:47:02+00:00\" \/>\n<meta property=\"article:modified_time\" content=\"2013-05-06T10:47:41+00:00\" \/>\n<meta name=\"author\" content=\"admin\" \/>\n<meta name=\"twitter:card\" content=\"summary_large_image\" \/>\n<meta name=\"twitter:label1\" content=\"Written by\" \/>\n\t<meta name=\"twitter:data1\" content=\"admin\" \/>\n\t<meta name=\"twitter:label2\" content=\"Est. reading time\" \/>\n\t<meta name=\"twitter:data2\" content=\"1 minute\" \/>\n<script type=\"application\/ld+json\" class=\"yoast-schema-graph\">{\"@context\":\"https:\/\/schema.org\",\"@graph\":[{\"@type\":\"Article\",\"@id\":\"https:\/\/www.zerdab.com\/?p=9770#article\",\"isPartOf\":{\"@id\":\"https:\/\/www.zerdab.com\/?p=9770\"},\"author\":{\"name\":\"admin\",\"@id\":\"https:\/\/www.zerdab.com\/#\/schema\/person\/97079b7570c1e89ec0d9e138c3672136\"},\"headline\":\"Zeynal Na\u011fd\u0259liyev: &#8220;Probleml\u0259rin \u00e7oxu yerind\u0259 h\u0259ll olunur&#8221;\",\"datePublished\":\"2013-05-06T10:47:02+00:00\",\"dateModified\":\"2013-05-06T10:47:41+00:00\",\"mainEntityOfPage\":{\"@id\":\"https:\/\/www.zerdab.com\/?p=9770\"},\"wordCount\":217,\"commentCount\":0,\"articleSection\":[\"X\u018fB\u018fRL\u018fR\"],\"inLanguage\":\"az\",\"potentialAction\":[{\"@type\":\"CommentAction\",\"name\":\"Comment\",\"target\":[\"https:\/\/www.zerdab.com\/?p=9770#respond\"]}]},{\"@type\":\"WebPage\",\"@id\":\"https:\/\/www.zerdab.com\/?p=9770\",\"url\":\"https:\/\/www.zerdab.com\/?p=9770\",\"name\":\"Zeynal Na\u011fd\u0259liyev: \\\"Probleml\u0259rin \u00e7oxu yerind\u0259 h\u0259ll olunur\\\" - Z\u0259rdab.com\",\"isPartOf\":{\"@id\":\"https:\/\/www.zerdab.com\/#website\"},\"datePublished\":\"2013-05-06T10:47:02+00:00\",\"dateModified\":\"2013-05-06T10:47:41+00:00\",\"author\":{\"@id\":\"https:\/\/www.zerdab.com\/#\/schema\/person\/97079b7570c1e89ec0d9e138c3672136\"},\"breadcrumb\":{\"@id\":\"https:\/\/www.zerdab.com\/?p=9770#breadcrumb\"},\"inLanguage\":\"az\",\"potentialAction\":[{\"@type\":\"ReadAction\",\"target\":[\"https:\/\/www.zerdab.com\/?p=9770\"]}]},{\"@type\":\"BreadcrumbList\",\"@id\":\"https:\/\/www.zerdab.com\/?p=9770#breadcrumb\",\"itemListElement\":[{\"@type\":\"ListItem\",\"position\":1,\"name\":\"Home\",\"item\":\"https:\/\/www.zerdab.com\/\"},{\"@type\":\"ListItem\",\"position\":2,\"name\":\"Zeynal Na\u011fd\u0259liyev: &#8220;Probleml\u0259rin \u00e7oxu yerind\u0259 h\u0259ll olunur&#8221;\"}]},{\"@type\":\"WebSite\",\"@id\":\"https:\/\/www.zerdab.com\/#website\",\"url\":\"https:\/\/www.zerdab.com\/\",\"name\":\"Z\u0259rdab.com\",\"description\":\"\",\"potentialAction\":[{\"@type\":\"SearchAction\",\"target\":{\"@type\":\"EntryPoint\",\"urlTemplate\":\"https:\/\/www.zerdab.com\/?s={search_term_string}\"},\"query-input\":{\"@type\":\"PropertyValueSpecification\",\"valueRequired\":true,\"valueName\":\"search_term_string\"}}],\"inLanguage\":\"az\"},{\"@type\":\"Person\",\"@id\":\"https:\/\/www.zerdab.com\/#\/schema\/person\/97079b7570c1e89ec0d9e138c3672136\",\"name\":\"admin\",\"image\":{\"@type\":\"ImageObject\",\"inLanguage\":\"az\",\"@id\":\"https:\/\/www.zerdab.com\/#\/schema\/person\/image\/\",\"url\":\"https:\/\/secure.gravatar.com\/avatar\/d9c52a9a27c32119cb6679a077fa3e2779e5f822c451cbf01098004361d466ec?s=96&d=mm&r=g\",\"contentUrl\":\"https:\/\/secure.gravatar.com\/avatar\/d9c52a9a27c32119cb6679a077fa3e2779e5f822c451cbf01098004361d466ec?s=96&d=mm&r=g\",\"caption\":\"admin\"},\"url\":\"https:\/\/www.zerdab.com\/?author=1\"}]}<\/script>\n<!-- \/ Yoast SEO plugin. -->","yoast_head_json":{"title":"Zeynal Na\u011fd\u0259liyev: \"Probleml\u0259rin \u00e7oxu yerind\u0259 h\u0259ll olunur\" - Z\u0259rdab.com","robots":{"index":"index","follow":"follow","max-snippet":"max-snippet:-1","max-image-preview":"max-image-preview:large","max-video-preview":"max-video-preview:-1"},"canonical":"https:\/\/www.zerdab.com\/?p=9770","og_locale":"az_AZ","og_type":"article","og_title":"Zeynal Na\u011fd\u0259liyev: \"Probleml\u0259rin \u00e7oxu yerind\u0259 h\u0259ll olunur\" - Z\u0259rdab.com","og_description":"\u201cPrezidentin b\u0259zi rayon icra hakimiyy\u0259ti ba\u015f\u00e7\u0131lar\u0131n\u0131n f\u0259aliyy\u0259tin\u0259 dair iradlar\u0131ndan sonra probleml\u0259rin aradan qald\u0131r\u0131lmas\u0131 istiqam\u0259tind\u0259 b\u00fct\u00fcn laz\u0131m\u0131 i\u015fl\u0259r g\u00f6r\u00fcl\u00fcr\u201d.\u00a0Bu a\u00e7\u0131qlaman\u0131 Prezident Administrasiyas\u0131n\u0131n \u0259razi idar\u0259etm\u0259 orqanlar\u0131 il\u0259 i\u015f \u015f\u00f6b\u0259sinin m\u00fcdiri Zeynal Na\u011fd\u0259liyev verib. O, art\u0131q bu m\u0259s\u0259l\u0259 il\u0259 ba\u011fl\u0131 narahatl\u0131qlar\u0131n azalmaqda oldu\u011funu deyib: \u201cHam\u0131 bu iradlardan \u00f6z d\u0259rsini g\u00f6t\u00fcr\u00fcb. \u0130st\u0259r m\u0259tbuatda, ist\u0259rs\u0259 d\u0259 yerl\u0259rd\u0259n h\u0259r hans\u0131 narahat\u00e7\u0131l\u0131q [&hellip;]","og_url":"https:\/\/www.zerdab.com\/?p=9770","og_site_name":"Z\u0259rdab.com","article_published_time":"2013-05-06T10:47:02+00:00","article_modified_time":"2013-05-06T10:47:41+00:00","author":"admin","twitter_card":"summary_large_image","twitter_misc":{"Written by":"admin","Est. reading time":"1 minute"},"schema":{"@context":"https:\/\/schema.org","@graph":[{"@type":"Article","@id":"https:\/\/www.zerdab.com\/?p=9770#article","isPartOf":{"@id":"https:\/\/www.zerdab.com\/?p=9770"},"author":{"name":"admin","@id":"https:\/\/www.zerdab.com\/#\/schema\/person\/97079b7570c1e89ec0d9e138c3672136"},"headline":"Zeynal Na\u011fd\u0259liyev: &#8220;Probleml\u0259rin \u00e7oxu yerind\u0259 h\u0259ll olunur&#8221;","datePublished":"2013-05-06T10:47:02+00:00","dateModified":"2013-05-06T10:47:41+00:00","mainEntityOfPage":{"@id":"https:\/\/www.zerdab.com\/?p=9770"},"wordCount":217,"commentCount":0,"articleSection":["X\u018fB\u018fRL\u018fR"],"inLanguage":"az","potentialAction":[{"@type":"CommentAction","name":"Comment","target":["https:\/\/www.zerdab.com\/?p=9770#respond"]}]},{"@type":"WebPage","@id":"https:\/\/www.zerdab.com\/?p=9770","url":"https:\/\/www.zerdab.com\/?p=9770","name":"Zeynal Na\u011fd\u0259liyev: \"Probleml\u0259rin \u00e7oxu yerind\u0259 h\u0259ll olunur\" - Z\u0259rdab.com","isPartOf":{"@id":"https:\/\/www.zerdab.com\/#website"},"datePublished":"2013-05-06T10:47:02+00:00","dateModified":"2013-05-06T10:47:41+00:00","author":{"@id":"https:\/\/www.zerdab.com\/#\/schema\/person\/97079b7570c1e89ec0d9e138c3672136"},"breadcrumb":{"@id":"https:\/\/www.zerdab.com\/?p=9770#breadcrumb"},"inLanguage":"az","potentialAction":[{"@type":"ReadAction","target":["https:\/\/www.zerdab.com\/?p=9770"]}]},{"@type":"BreadcrumbList","@id":"https:\/\/www.zerdab.com\/?p=9770#breadcrumb","itemListElement":[{"@type":"ListItem","position":1,"name":"Home","item":"https:\/\/www.zerdab.com\/"},{"@type":"ListItem","position":2,"name":"Zeynal Na\u011fd\u0259liyev: &#8220;Probleml\u0259rin \u00e7oxu yerind\u0259 h\u0259ll olunur&#8221;"}]},{"@type":"WebSite","@id":"https:\/\/www.zerdab.com\/#website","url":"https:\/\/www.zerdab.com\/","name":"Z\u0259rdab.com","description":"","potentialAction":[{"@type":"SearchAction","target":{"@type":"EntryPoint","urlTemplate":"https:\/\/www.zerdab.com\/?s={search_term_string}"},"query-input":{"@type":"PropertyValueSpecification","valueRequired":true,"valueName":"search_term_string"}}],"inLanguage":"az"},{"@type":"Person","@id":"https:\/\/www.zerdab.com\/#\/schema\/person\/97079b7570c1e89ec0d9e138c3672136","name":"admin","image":{"@type":"ImageObject","inLanguage":"az","@id":"https:\/\/www.zerdab.com\/#\/schema\/person\/image\/","url":"https:\/\/secure.gravatar.com\/avatar\/d9c52a9a27c32119cb6679a077fa3e2779e5f822c451cbf01098004361d466ec?s=96&d=mm&r=g","contentUrl":"https:\/\/secure.gravatar.com\/avatar\/d9c52a9a27c32119cb6679a077fa3e2779e5f822c451cbf01098004361d466ec?s=96&d=mm&r=g","caption":"admin"},"url":"https:\/\/www.zerdab.com\/?author=1"}]}},"_links":{"self":[{"href":"https:\/\/www.zerdab.com\/index.php?rest_route=\/wp\/v2\/posts\/9770","targetHints":{"allow":["GET"]}}],"collection":[{"href":"https:\/\/www.zerdab.com\/index.php?rest_route=\/wp\/v2\/posts"}],"about":[{"href":"https:\/\/www.zerdab.com\/index.php?rest_route=\/wp\/v2\/types\/post"}],"author":[{"embeddable":true,"href":"https:\/\/www.zerdab.com\/index.php?rest_route=\/wp\/v2\/users\/1"}],"replies":[{"embeddable":true,"href":"https:\/\/www.zerdab.com\/index.php?rest_route=%2Fwp%2Fv2%2Fcomments&post=9770"}],"version-history":[{"count":2,"href":"https:\/\/www.zerdab.com\/index.php?rest_route=\/wp\/v2\/posts\/9770\/revisions"}],"predecessor-version":[{"id":9773,"href":"https:\/\/www.zerdab.com\/index.php?rest_route=\/wp\/v2\/posts\/9770\/revisions\/9773"}],"wp:attachment":[{"href":"https:\/\/www.zerdab.com\/index.php?rest_route=%2Fwp%2Fv2%2Fmedia&parent=9770"}],"wp:term":[{"taxonomy":"category","embeddable":true,"href":"https:\/\/www.zerdab.com\/index.php?rest_route=%2Fwp%2Fv2%2Fcategories&post=9770"},{"taxonomy":"post_tag","embeddable":true,"href":"https:\/\/www.zerdab.com\/index.php?rest_route=%2Fwp%2Fv2%2Ftags&post=9770"}],"curies":[{"name":"wp","href":"https:\/\/api.w.org\/{rel}","templated":true}]}}